{"id":9529,"date":"2026-03-12T11:56:48","date_gmt":"2026-03-12T15:56:48","guid":{"rendered":"https:\/\/innoticiasbo.com\/?p=9529"},"modified":"2026-03-12T11:56:50","modified_gmt":"2026-03-12T15:56:50","slug":"evo-considera-que-retirar-su-busto-de-la-asamblea-es-reverencia-al-rey-de-espana","status":"publish","type":"post","link":"https:\/\/innoticiasbo.com\/index.php\/2026\/03\/12\/evo-considera-que-retirar-su-busto-de-la-asamblea-es-reverencia-al-rey-de-espana\/","title":{"rendered":"EVO CONSIDERA QUE RETIRAR SU BUSTO DE LA ASAMBLEA ES \u00abREVERENCIA AL REY DE ESPA\u00d1A\u00bb"},"content":{"rendered":"\n<figure class=\"wp-block-image size-full\"><img data-recalc-dims=\"1\" loading=\"lazy\" decoding=\"async\" width=\"640\" height=\"360\" src=\"https:\/\/i0.wp.com\/innoticiasbo.com\/wp-content\/uploads\/2026\/03\/image-162.png?resize=640%2C360&#038;ssl=1\" alt=\"\" class=\"wp-image-9530\" srcset=\"https:\/\/i0.wp.com\/innoticiasbo.com\/wp-content\/uploads\/2026\/03\/image-162.png?w=992&amp;ssl=1 992w, https:\/\/i0.wp.com\/innoticiasbo.com\/wp-content\/uploads\/2026\/03\/image-162.png?resize=300%2C169&amp;ssl=1 300w, https:\/\/i0.wp.com\/innoticiasbo.com\/wp-content\/uploads\/2026\/03\/image-162.png?resize=768%2C432&amp;ssl=1 768w\" sizes=\"auto, (max-width: 640px) 100vw, 640px\" \/><\/figure>\n\n\n\n<p><strong>Pa\u00eds, 12 de Marzo de 2026.- <\/strong>La decisi\u00f3n del Senado coincidi\u00f3 con la jornada en que lleg\u00f3 a Bolivia el Rey Felipe VI de Espa\u00f1a, en una visita oficial.<\/p>\n\n\n\n<p>Luego de que el Senado dispuso quitar su busto de la Asamblea Legislativa, el expresidente Evo Morales asever\u00f3 que el monumento era un reconocimiento a los ind\u00edgenas y que, ahora, retirarlo es una \u00abreverencia al Rey de Espa\u00f1a\u00bb.<\/p>\n\n\n\n<p>El mi\u00e9rcoles, el Senado por dos tercios decidi\u00f3 el retiro del busto, al considerar que no hab\u00eda cumplido los requisitos de la Ley de Monumentos.<\/p>\n\n\n\n<p>La decisi\u00f3n del Senado coincidi\u00f3 con la jornada en que lleg\u00f3 a Bolivia el Rey Felipe VI de Espa\u00f1a, en una visita oficial.<\/p>\n\n\n\n<p>\u00abComo reverencia al Rey de Espa\u00f1a -m\u00e1ximo exponente del colonialismo- que visita Bolivia, un grupo de senadores decidi\u00f3 retirar de la Asamblea Legislativa un busto con mi imagen que fue colocado, en el pasado, como reconocimiento a los pueblos ind\u00edgenas\u00bb, public\u00f3 Evo en redes sociales.&nbsp;<\/p>\n\n\n\n<p>Denunci\u00f3 tambi\u00e9n la \u00abmentalidad colonial\u00bb como una \u00abdoctrina de odio a los pueblos originarios; es exclusi\u00f3n, racismo y discriminaci\u00f3n; es persecuci\u00f3n y humillaci\u00f3n; es difamaci\u00f3n y linchamiento medi\u00e1tico\u00bb.<\/p>\n\n\n\n<p>\u00abPodr\u00e1n destruir bustos y monumentos pero no borrar\u00e1n la memoria de los pueblos ind\u00edgenas y de los trabajadores que lucharon contra los invasores colonialistas, opresores, explotadores, terratenientes, neoliberales y vendepatria\u00bb, agreg\u00f3.<\/p>\n\n\n\n<p>Fuente: Opini\u00f3n<\/p>\n","protected":false},"excerpt":{"rendered":"<p>Pa\u00eds, 12 de Marzo de 2026.- La decisi\u00f3n del Senado coincidi\u00f3 con la jornada en que lleg\u00f3 a Bolivia el Rey Felipe VI de Espa\u00f1a, en una visita oficial. Luego de que el Senado dispuso quitar su busto de la Asamblea Legislativa, el expresidente Evo Morales asever\u00f3 que el monumento era un reconocimiento a los&#8230;<\/p>\n","protected":false},"author":11,"featured_media":9530,"comment_status":"open","ping_status":"open","sticky":false,"template":"","format":"standard","meta":{"_jetpack_memberships_contains_paid_content":false,"footnotes":"","jetpack_publicize_message":"","jetpack_publicize_feature_enabled":true,"jetpack_social_post_already_shared":true,"jetpack_social_options":{"image_generator_settings":{"template":"highway","enabled":false},"version":2}},"categories":[1,3],"tags":[59,7,1458,69,1381,10,1382],"class_list":["post-9529","post","type-post","status-publish","format-standard","has-post-thumbnail","hentry","category-bolivia","category-politica","tag-asamblea-legislativa","tag-bolivia","tag-busto","tag-evo-morales","tag-felipe-vi","tag-politica","tag-rey-felipe-vi"],"jetpack_publicize_connections":[],"yoast_head":"<!-- This site is optimized with the Yoast SEO plugin v23.4 - https:\/\/yoast.com\/wordpress\/plugins\/seo\/ -->\n<title>EVO CONSIDERA QUE RETIRAR SU BUSTO DE LA ASAMBLEA ES &quot;REVERENCIA AL REY DE ESPA\u00d1A&quot; - innoticiasbo.com<\/title>\n<meta name=\"robots\" content=\"index, follow, max-snippet:-1, max-image-preview:large, max-video-preview:-1\" \/>\n<link rel=\"canonical\" href=\"https:\/\/innoticiasbo.com\/index.php\/2026\/03\/12\/evo-considera-que-retirar-su-busto-de-la-asamblea-es-reverencia-al-rey-de-espana\/\" \/>\n<meta property=\"og:locale\" content=\"es_ES\" \/>\n<meta property=\"og:type\" content=\"article\" \/>\n<meta property=\"og:title\" content=\"EVO CONSIDERA QUE RETIRAR SU BUSTO DE LA ASAMBLEA ES &quot;REVERENCIA AL REY DE ESPA\u00d1A&quot; - innoticiasbo.com\" \/>\n<meta property=\"og:description\" content=\"Pa\u00eds, 12 de Marzo de 2026.- La decisi\u00f3n del Senado coincidi\u00f3 con la jornada en que lleg\u00f3 a Bolivia el Rey Felipe VI de Espa\u00f1a, en una visita oficial. Luego de que el Senado dispuso quitar su busto de la Asamblea Legislativa, el expresidente Evo Morales asever\u00f3 que el monumento era un reconocimiento a los...\" \/>\n<meta property=\"og:url\" content=\"https:\/\/innoticiasbo.com\/index.php\/2026\/03\/12\/evo-considera-que-retirar-su-busto-de-la-asamblea-es-reverencia-al-rey-de-espana\/\" \/>\n<meta property=\"og:site_name\" content=\"innoticiasbo.com\" \/>\n<meta property=\"article:publisher\" content=\"https:\/\/www.facebook.com\/innoticiasbolivia\" \/>\n<meta property=\"article:published_time\" content=\"2026-03-12T15:56:48+00:00\" \/>\n<meta property=\"article:modified_time\" content=\"2026-03-12T15:56:50+00:00\" \/>\n<meta property=\"og:image\" content=\"https:\/\/innoticiasbo.com\/wp-content\/uploads\/2026\/03\/image-162.png\" \/>\n\t<meta property=\"og:image:width\" content=\"992\" \/>\n\t<meta property=\"og:image:height\" content=\"558\" \/>\n\t<meta property=\"og:image:type\" content=\"image\/png\" \/>\n<meta name=\"author\" content=\"Prensa 11\" \/>\n<meta name=\"twitter:card\" content=\"summary_large_image\" \/>\n<meta name=\"twitter:creator\" content=\"@innoticiasbo\" \/>\n<meta name=\"twitter:site\" content=\"@innoticiasbo\" \/>\n<meta name=\"twitter:label1\" content=\"Escrito por\" \/>\n\t<meta name=\"twitter:data1\" content=\"Prensa 11\" \/>\n\t<meta name=\"twitter:label2\" content=\"Tiempo de lectura\" \/>\n\t<meta name=\"twitter:data2\" content=\"2 minutos\" \/>\n<script type=\"application\/ld+json\" class=\"yoast-schema-graph\">{\"@context\":\"https:\/\/schema.org\",\"@graph\":[{\"@type\":\"Article\",\"@id\":\"https:\/\/innoticiasbo.com\/index.php\/2026\/03\/12\/evo-considera-que-retirar-su-busto-de-la-asamblea-es-reverencia-al-rey-de-espana\/#article\",\"isPartOf\":{\"@id\":\"https:\/\/innoticiasbo.com\/index.php\/2026\/03\/12\/evo-considera-que-retirar-su-busto-de-la-asamblea-es-reverencia-al-rey-de-espana\/\"},\"author\":{\"name\":\"Prensa 11\",\"@id\":\"https:\/\/innoticiasbo.com\/#\/schema\/person\/0b28481e8d0316f83a13bc702311def5\"},\"headline\":\"EVO CONSIDERA QUE RETIRAR SU BUSTO DE LA ASAMBLEA ES \u00abREVERENCIA AL REY DE ESPA\u00d1A\u00bb\",\"datePublished\":\"2026-03-12T15:56:48+00:00\",\"dateModified\":\"2026-03-12T15:56:50+00:00\",\"mainEntityOfPage\":{\"@id\":\"https:\/\/innoticiasbo.com\/index.php\/2026\/03\/12\/evo-considera-que-retirar-su-busto-de-la-asamblea-es-reverencia-al-rey-de-espana\/\"},\"wordCount\":260,\"commentCount\":0,\"publisher\":{\"@id\":\"https:\/\/innoticiasbo.com\/#organization\"},\"image\":{\"@id\":\"https:\/\/innoticiasbo.com\/index.php\/2026\/03\/12\/evo-considera-que-retirar-su-busto-de-la-asamblea-es-reverencia-al-rey-de-espana\/#primaryimage\"},\"thumbnailUrl\":\"https:\/\/i0.wp.com\/innoticiasbo.com\/wp-content\/uploads\/2026\/03\/image-162.png?fit=992%2C558&ssl=1\",\"keywords\":[\"Asamblea Legislativa\",\"Bolivia\",\"Busto\",\"Evo Morales\",\"Felipe VI\",\"Pol\u00edtica\",\"Rey Felipe VI\"],\"articleSection\":[\"Bolivia\",\"Pol\u00edtica\"],\"inLanguage\":\"es\",\"potentialAction\":[{\"@type\":\"CommentAction\",\"name\":\"Comment\",\"target\":[\"https:\/\/innoticiasbo.com\/index.php\/2026\/03\/12\/evo-considera-que-retirar-su-busto-de-la-asamblea-es-reverencia-al-rey-de-espana\/#respond\"]}]},{\"@type\":\"WebPage\",\"@id\":\"https:\/\/innoticiasbo.com\/index.php\/2026\/03\/12\/evo-considera-que-retirar-su-busto-de-la-asamblea-es-reverencia-al-rey-de-espana\/\",\"url\":\"https:\/\/innoticiasbo.com\/index.php\/2026\/03\/12\/evo-considera-que-retirar-su-busto-de-la-asamblea-es-reverencia-al-rey-de-espana\/\",\"name\":\"EVO CONSIDERA QUE RETIRAR SU BUSTO DE LA ASAMBLEA ES \\\"REVERENCIA AL REY DE ESPA\u00d1A\\\" - innoticiasbo.com\",\"isPartOf\":{\"@id\":\"https:\/\/innoticiasbo.com\/#website\"},\"primaryImageOfPage\":{\"@id\":\"https:\/\/innoticiasbo.com\/index.php\/2026\/03\/12\/evo-considera-que-retirar-su-busto-de-la-asamblea-es-reverencia-al-rey-de-espana\/#primaryimage\"},\"image\":{\"@id\":\"https:\/\/innoticiasbo.com\/index.php\/2026\/03\/12\/evo-considera-que-retirar-su-busto-de-la-asamblea-es-reverencia-al-rey-de-espana\/#primaryimage\"},\"thumbnailUrl\":\"https:\/\/i0.wp.com\/innoticiasbo.com\/wp-content\/uploads\/2026\/03\/image-162.png?fit=992%2C558&ssl=1\",\"datePublished\":\"2026-03-12T15:56:48+00:00\",\"dateModified\":\"2026-03-12T15:56:50+00:00\",\"breadcrumb\":{\"@id\":\"https:\/\/innoticiasbo.com\/index.php\/2026\/03\/12\/evo-considera-que-retirar-su-busto-de-la-asamblea-es-reverencia-al-rey-de-espana\/#breadcrumb\"},\"inLanguage\":\"es\",\"potentialAction\":[{\"@type\":\"ReadAction\",\"target\":[\"https:\/\/innoticiasbo.com\/index.php\/2026\/03\/12\/evo-considera-que-retirar-su-busto-de-la-asamblea-es-reverencia-al-rey-de-espana\/\"]}]},{\"@type\":\"ImageObject\",\"inLanguage\":\"es\",\"@id\":\"https:\/\/innoticiasbo.com\/index.php\/2026\/03\/12\/evo-considera-que-retirar-su-busto-de-la-asamblea-es-reverencia-al-rey-de-espana\/#primaryimage\",\"url\":\"https:\/\/i0.wp.com\/innoticiasbo.com\/wp-content\/uploads\/2026\/03\/image-162.png?fit=992%2C558&ssl=1\",\"contentUrl\":\"https:\/\/i0.wp.com\/innoticiasbo.com\/wp-content\/uploads\/2026\/03\/image-162.png?fit=992%2C558&ssl=1\",\"width\":992,\"height\":558},{\"@type\":\"BreadcrumbList\",\"@id\":\"https:\/\/innoticiasbo.com\/index.php\/2026\/03\/12\/evo-considera-que-retirar-su-busto-de-la-asamblea-es-reverencia-al-rey-de-espana\/#breadcrumb\",\"itemListElement\":[{\"@type\":\"ListItem\",\"position\":1,\"name\":\"Portada\",\"item\":\"https:\/\/innoticiasbo.com\/\"},{\"@type\":\"ListItem\",\"position\":2,\"name\":\"EVO CONSIDERA QUE RETIRAR SU BUSTO DE LA ASAMBLEA ES \u00abREVERENCIA AL REY DE ESPA\u00d1A\u00bb\"}]},{\"@type\":\"WebSite\",\"@id\":\"https:\/\/innoticiasbo.com\/#website\",\"url\":\"https:\/\/innoticiasbo.com\/\",\"name\":\"innoticiasbo.com\",\"description\":\"\",\"publisher\":{\"@id\":\"https:\/\/innoticiasbo.com\/#organization\"},\"potentialAction\":[{\"@type\":\"SearchAction\",\"target\":{\"@type\":\"EntryPoint\",\"urlTemplate\":\"https:\/\/innoticiasbo.com\/?s={search_term_string}\"},\"query-input\":{\"@type\":\"PropertyValueSpecification\",\"valueRequired\":true,\"valueName\":\"search_term_string\"}}],\"inLanguage\":\"es\"},{\"@type\":\"Organization\",\"@id\":\"https:\/\/innoticiasbo.com\/#organization\",\"name\":\"innoticiasbo.com\",\"url\":\"https:\/\/innoticiasbo.com\/\",\"logo\":{\"@type\":\"ImageObject\",\"inLanguage\":\"es\",\"@id\":\"https:\/\/innoticiasbo.com\/#\/schema\/logo\/image\/\",\"url\":\"https:\/\/i0.wp.com\/innoticiasbo.com\/wp-content\/uploads\/2026\/04\/cropped-IN-LOGO.png?fit=1476%2C1476&ssl=1\",\"contentUrl\":\"https:\/\/i0.wp.com\/innoticiasbo.com\/wp-content\/uploads\/2026\/04\/cropped-IN-LOGO.png?fit=1476%2C1476&ssl=1\",\"width\":1476,\"height\":1476,\"caption\":\"innoticiasbo.com\"},\"image\":{\"@id\":\"https:\/\/innoticiasbo.com\/#\/schema\/logo\/image\/\"},\"sameAs\":[\"https:\/\/www.facebook.com\/innoticiasbolivia\",\"https:\/\/x.com\/innoticiasbo\",\"https:\/\/www.instagram.com\/innoticiasbo\",\"https:\/\/www.youtube.com\/innoticiasbo\"]},{\"@type\":\"Person\",\"@id\":\"https:\/\/innoticiasbo.com\/#\/schema\/person\/0b28481e8d0316f83a13bc702311def5\",\"name\":\"Prensa 11\",\"image\":{\"@type\":\"ImageObject\",\"inLanguage\":\"es\",\"@id\":\"https:\/\/innoticiasbo.com\/#\/schema\/person\/image\/\",\"url\":\"https:\/\/secure.gravatar.com\/avatar\/696560c17349f1807a610bf83832bad0?s=96&d=mm&r=g\",\"contentUrl\":\"https:\/\/secure.gravatar.com\/avatar\/696560c17349f1807a610bf83832bad0?s=96&d=mm&r=g\",\"caption\":\"Prensa 11\"},\"sameAs\":[\"http:\/\/www.innoticiasbo.com\"],\"url\":\"https:\/\/innoticiasbo.com\/index.php\/author\/prensa-11\/\"}]}<\/script>\n<!-- \/ Yoast SEO plugin. -->","yoast_head_json":{"title":"EVO CONSIDERA QUE RETIRAR SU BUSTO DE LA ASAMBLEA ES \"REVERENCIA AL REY DE ESPA\u00d1A\" - innoticiasbo.com","robots":{"index":"index","follow":"follow","max-snippet":"max-snippet:-1","max-image-preview":"max-image-preview:large","max-video-preview":"max-video-preview:-1"},"canonical":"https:\/\/innoticiasbo.com\/index.php\/2026\/03\/12\/evo-considera-que-retirar-su-busto-de-la-asamblea-es-reverencia-al-rey-de-espana\/","og_locale":"es_ES","og_type":"article","og_title":"EVO CONSIDERA QUE RETIRAR SU BUSTO DE LA ASAMBLEA ES \"REVERENCIA AL REY DE ESPA\u00d1A\" - innoticiasbo.com","og_description":"Pa\u00eds, 12 de Marzo de 2026.- La decisi\u00f3n del Senado coincidi\u00f3 con la jornada en que lleg\u00f3 a Bolivia el Rey Felipe VI de Espa\u00f1a, en una visita oficial. Luego de que el Senado dispuso quitar su busto de la Asamblea Legislativa, el expresidente Evo Morales asever\u00f3 que el monumento era un reconocimiento a los...","og_url":"https:\/\/innoticiasbo.com\/index.php\/2026\/03\/12\/evo-considera-que-retirar-su-busto-de-la-asamblea-es-reverencia-al-rey-de-espana\/","og_site_name":"innoticiasbo.com","article_publisher":"https:\/\/www.facebook.com\/innoticiasbolivia","article_published_time":"2026-03-12T15:56:48+00:00","article_modified_time":"2026-03-12T15:56:50+00:00","og_image":[{"width":992,"height":558,"url":"https:\/\/innoticiasbo.com\/wp-content\/uploads\/2026\/03\/image-162.png","type":"image\/png"}],"author":"Prensa 11","twitter_card":"summary_large_image","twitter_creator":"@innoticiasbo","twitter_site":"@innoticiasbo","twitter_misc":{"Escrito por":"Prensa 11","Tiempo de lectura":"2 minutos"},"schema":{"@context":"https:\/\/schema.org","@graph":[{"@type":"Article","@id":"https:\/\/innoticiasbo.com\/index.php\/2026\/03\/12\/evo-considera-que-retirar-su-busto-de-la-asamblea-es-reverencia-al-rey-de-espana\/#article","isPartOf":{"@id":"https:\/\/innoticiasbo.com\/index.php\/2026\/03\/12\/evo-considera-que-retirar-su-busto-de-la-asamblea-es-reverencia-al-rey-de-espana\/"},"author":{"name":"Prensa 11","@id":"https:\/\/innoticiasbo.com\/#\/schema\/person\/0b28481e8d0316f83a13bc702311def5"},"headline":"EVO CONSIDERA QUE RETIRAR SU BUSTO DE LA ASAMBLEA ES \u00abREVERENCIA AL REY DE ESPA\u00d1A\u00bb","datePublished":"2026-03-12T15:56:48+00:00","dateModified":"2026-03-12T15:56:50+00:00","mainEntityOfPage":{"@id":"https:\/\/innoticiasbo.com\/index.php\/2026\/03\/12\/evo-considera-que-retirar-su-busto-de-la-asamblea-es-reverencia-al-rey-de-espana\/"},"wordCount":260,"commentCount":0,"publisher":{"@id":"https:\/\/innoticiasbo.com\/#organization"},"image":{"@id":"https:\/\/innoticiasbo.com\/index.php\/2026\/03\/12\/evo-considera-que-retirar-su-busto-de-la-asamblea-es-reverencia-al-rey-de-espana\/#primaryimage"},"thumbnailUrl":"https:\/\/i0.wp.com\/innoticiasbo.com\/wp-content\/uploads\/2026\/03\/image-162.png?fit=992%2C558&ssl=1","keywords":["Asamblea Legislativa","Bolivia","Busto","Evo Morales","Felipe VI","Pol\u00edtica","Rey Felipe VI"],"articleSection":["Bolivia","Pol\u00edtica"],"inLanguage":"es","potentialAction":[{"@type":"CommentAction","name":"Comment","target":["https:\/\/innoticiasbo.com\/index.php\/2026\/03\/12\/evo-considera-que-retirar-su-busto-de-la-asamblea-es-reverencia-al-rey-de-espana\/#respond"]}]},{"@type":"WebPage","@id":"https:\/\/innoticiasbo.com\/index.php\/2026\/03\/12\/evo-considera-que-retirar-su-busto-de-la-asamblea-es-reverencia-al-rey-de-espana\/","url":"https:\/\/innoticiasbo.com\/index.php\/2026\/03\/12\/evo-considera-que-retirar-su-busto-de-la-asamblea-es-reverencia-al-rey-de-espana\/","name":"EVO CONSIDERA QUE RETIRAR SU BUSTO DE LA ASAMBLEA ES \"REVERENCIA AL REY DE ESPA\u00d1A\" - innoticiasbo.com","isPartOf":{"@id":"https:\/\/innoticiasbo.com\/#website"},"primaryImageOfPage":{"@id":"https:\/\/innoticiasbo.com\/index.php\/2026\/03\/12\/evo-considera-que-retirar-su-busto-de-la-asamblea-es-reverencia-al-rey-de-espana\/#primaryimage"},"image":{"@id":"https:\/\/innoticiasbo.com\/index.php\/2026\/03\/12\/evo-considera-que-retirar-su-busto-de-la-asamblea-es-reverencia-al-rey-de-espana\/#primaryimage"},"thumbnailUrl":"https:\/\/i0.wp.com\/innoticiasbo.com\/wp-content\/uploads\/2026\/03\/image-162.png?fit=992%2C558&ssl=1","datePublished":"2026-03-12T15:56:48+00:00","dateModified":"2026-03-12T15:56:50+00:00","breadcrumb":{"@id":"https:\/\/innoticiasbo.com\/index.php\/2026\/03\/12\/evo-considera-que-retirar-su-busto-de-la-asamblea-es-reverencia-al-rey-de-espana\/#breadcrumb"},"inLanguage":"es","potentialAction":[{"@type":"ReadAction","target":["https:\/\/innoticiasbo.com\/index.php\/2026\/03\/12\/evo-considera-que-retirar-su-busto-de-la-asamblea-es-reverencia-al-rey-de-espana\/"]}]},{"@type":"ImageObject","inLanguage":"es","@id":"https:\/\/innoticiasbo.com\/index.php\/2026\/03\/12\/evo-considera-que-retirar-su-busto-de-la-asamblea-es-reverencia-al-rey-de-espana\/#primaryimage","url":"https:\/\/i0.wp.com\/innoticiasbo.com\/wp-content\/uploads\/2026\/03\/image-162.png?fit=992%2C558&ssl=1","contentUrl":"https:\/\/i0.wp.com\/innoticiasbo.com\/wp-content\/uploads\/2026\/03\/image-162.png?fit=992%2C558&ssl=1","width":992,"height":558},{"@type":"BreadcrumbList","@id":"https:\/\/innoticiasbo.com\/index.php\/2026\/03\/12\/evo-considera-que-retirar-su-busto-de-la-asamblea-es-reverencia-al-rey-de-espana\/#breadcrumb","itemListElement":[{"@type":"ListItem","position":1,"name":"Portada","item":"https:\/\/innoticiasbo.com\/"},{"@type":"ListItem","position":2,"name":"EVO CONSIDERA QUE RETIRAR SU BUSTO DE LA ASAMBLEA ES \u00abREVERENCIA AL REY DE ESPA\u00d1A\u00bb"}]},{"@type":"WebSite","@id":"https:\/\/innoticiasbo.com\/#website","url":"https:\/\/innoticiasbo.com\/","name":"innoticiasbo.com","description":"","publisher":{"@id":"https:\/\/innoticiasbo.com\/#organization"},"potentialAction":[{"@type":"SearchAction","target":{"@type":"EntryPoint","urlTemplate":"https:\/\/innoticiasbo.com\/?s={search_term_string}"},"query-input":{"@type":"PropertyValueSpecification","valueRequired":true,"valueName":"search_term_string"}}],"inLanguage":"es"},{"@type":"Organization","@id":"https:\/\/innoticiasbo.com\/#organization","name":"innoticiasbo.com","url":"https:\/\/innoticiasbo.com\/","logo":{"@type":"ImageObject","inLanguage":"es","@id":"https:\/\/innoticiasbo.com\/#\/schema\/logo\/image\/","url":"https:\/\/i0.wp.com\/innoticiasbo.com\/wp-content\/uploads\/2026\/04\/cropped-IN-LOGO.png?fit=1476%2C1476&ssl=1","contentUrl":"https:\/\/i0.wp.com\/innoticiasbo.com\/wp-content\/uploads\/2026\/04\/cropped-IN-LOGO.png?fit=1476%2C1476&ssl=1","width":1476,"height":1476,"caption":"innoticiasbo.com"},"image":{"@id":"https:\/\/innoticiasbo.com\/#\/schema\/logo\/image\/"},"sameAs":["https:\/\/www.facebook.com\/innoticiasbolivia","https:\/\/x.com\/innoticiasbo","https:\/\/www.instagram.com\/innoticiasbo","https:\/\/www.youtube.com\/innoticiasbo"]},{"@type":"Person","@id":"https:\/\/innoticiasbo.com\/#\/schema\/person\/0b28481e8d0316f83a13bc702311def5","name":"Prensa 11","image":{"@type":"ImageObject","inLanguage":"es","@id":"https:\/\/innoticiasbo.com\/#\/schema\/person\/image\/","url":"https:\/\/secure.gravatar.com\/avatar\/696560c17349f1807a610bf83832bad0?s=96&d=mm&r=g","contentUrl":"https:\/\/secure.gravatar.com\/avatar\/696560c17349f1807a610bf83832bad0?s=96&d=mm&r=g","caption":"Prensa 11"},"sameAs":["http:\/\/www.innoticiasbo.com"],"url":"https:\/\/innoticiasbo.com\/index.php\/author\/prensa-11\/"}]}},"jetpack_featured_media_url":"https:\/\/i0.wp.com\/innoticiasbo.com\/wp-content\/uploads\/2026\/03\/image-162.png?fit=992%2C558&ssl=1","jetpack_likes_enabled":true,"jetpack_sharing_enabled":true,"jetpack_shortlink":"https:\/\/wp.me\/pg298x-2tH","_links":{"self":[{"href":"https:\/\/innoticiasbo.com\/index.php\/wp-json\/wp\/v2\/posts\/9529","targetHints":{"allow":["GET"]}}],"collection":[{"href":"https:\/\/innoticiasbo.com\/index.php\/wp-json\/wp\/v2\/posts"}],"about":[{"href":"https:\/\/innoticiasbo.com\/index.php\/wp-json\/wp\/v2\/types\/post"}],"author":[{"embeddable":true,"href":"https:\/\/innoticiasbo.com\/index.php\/wp-json\/wp\/v2\/users\/11"}],"replies":[{"embeddable":true,"href":"https:\/\/innoticiasbo.com\/index.php\/wp-json\/wp\/v2\/comments?post=9529"}],"version-history":[{"count":1,"href":"https:\/\/innoticiasbo.com\/index.php\/wp-json\/wp\/v2\/posts\/9529\/revisions"}],"predecessor-version":[{"id":9531,"href":"https:\/\/innoticiasbo.com\/index.php\/wp-json\/wp\/v2\/posts\/9529\/revisions\/9531"}],"wp:featuredmedia":[{"embeddable":true,"href":"https:\/\/innoticiasbo.com\/index.php\/wp-json\/wp\/v2\/media\/9530"}],"wp:attachment":[{"href":"https:\/\/innoticiasbo.com\/index.php\/wp-json\/wp\/v2\/media?parent=9529"}],"wp:term":[{"taxonomy":"category","embeddable":true,"href":"https:\/\/innoticiasbo.com\/index.php\/wp-json\/wp\/v2\/categories?post=9529"},{"taxonomy":"post_tag","embeddable":true,"href":"https:\/\/innoticiasbo.com\/index.php\/wp-json\/wp\/v2\/tags?post=9529"}],"curies":[{"name":"wp","href":"https:\/\/api.w.org\/{rel}","templated":true}]}}