{"id":9526,"date":"2026-03-12T11:50:16","date_gmt":"2026-03-12T15:50:16","guid":{"rendered":"https:\/\/innoticiasbo.com\/?p=9526"},"modified":"2026-03-12T11:50:17","modified_gmt":"2026-03-12T15:50:17","slug":"profesor-enfrenta-proceso-por-presunto-abuso-sexual-contra-estudiantes-de-primaria","status":"publish","type":"post","link":"https:\/\/innoticiasbo.com\/index.php\/2026\/03\/12\/profesor-enfrenta-proceso-por-presunto-abuso-sexual-contra-estudiantes-de-primaria\/","title":{"rendered":"PROFESOR ENFRENTA PROCESO POR PRESUNTO ABUSO SEXUAL CONTRA ESTUDIANTES DE PRIMARIA"},"content":{"rendered":"\n<figure class=\"wp-block-image size-full\"><img data-recalc-dims=\"1\" loading=\"lazy\" decoding=\"async\" width=\"640\" height=\"360\" src=\"https:\/\/i0.wp.com\/innoticiasbo.com\/wp-content\/uploads\/2026\/03\/image-161.png?resize=640%2C360&#038;ssl=1\" alt=\"\" class=\"wp-image-9527\" srcset=\"https:\/\/i0.wp.com\/innoticiasbo.com\/wp-content\/uploads\/2026\/03\/image-161.png?w=992&amp;ssl=1 992w, https:\/\/i0.wp.com\/innoticiasbo.com\/wp-content\/uploads\/2026\/03\/image-161.png?resize=300%2C169&amp;ssl=1 300w, https:\/\/i0.wp.com\/innoticiasbo.com\/wp-content\/uploads\/2026\/03\/image-161.png?resize=768%2C432&amp;ssl=1 768w\" sizes=\"auto, (max-width: 640px) 100vw, 640px\" \/><\/figure>\n\n\n\n<p><strong>Cochabamba, 12 de Marzo de 2026.- <\/strong>Un profesor, de 41 a\u00f1os, es investigado por presunto abuso sexual contra estudiantes de primaria de un colegio de Quillacollo.<\/p>\n\n\n\n<p>Seg\u00fan la denuncia, llamaba a las ni\u00f1as con el pretexto de revisar sus tareas, las sentaba en sus piernas y realizaba toques imp\u00fadicos. El director de la Fuerza Especial de Lucha Contra el Crimen (FELCC) de Cochabamba, Rolando Vera, inform\u00f3 que identificaron entre seis y ocho v\u00edctimas, de entre 7 y 9 a\u00f1os.<\/p>\n\n\n\n<p>Manifest\u00f3 que el profesor fue aprehendido el martes 10 de marzo. Los hechos habr\u00edan ocurrido en 2025. Los padres de familia alertaron primero al director de la unidad educativa, quien present\u00f3 la denuncia ante la Defensor\u00eda de la Ni\u00f1ez y Adolescencia (DNA).<\/p>\n\n\n\n<p>Las primeras denuncias se registraron el 12 de febrero y, con el avance de las indagaciones, se sumaron otros casos. Las v\u00edctimas fueron parte de un abordaje psicol\u00f3gico y sus testimonios evidencian un presunto \u201cmodus operandi\u201d.<\/p>\n\n\n\n<p>Ante este hecho, la delegada defensorial de Cochabamba, Marioly \u00c1lvarez, se reuni\u00f3 ayer con personal de la DNA de Quillacollo y de la Direcci\u00f3n Distrital de Educaci\u00f3n.&nbsp;<\/p>\n\n\n\n<p>Se\u00f1al\u00f3 que la Defensor\u00eda act\u00faa como veedora del caso, coordina reuniones con el director del colegio donde ocurrieron los hechos y pidi\u00f3 priorizar la atenci\u00f3n psicol\u00f3gica de las v\u00edctimas.<\/p>\n\n\n\n<p><strong>OTRO CASO<\/strong><\/p>\n\n\n\n<p>En Quillacollo tambi\u00e9n se report\u00f3 un caso en el que una profesora habr\u00eda amarrado con cinta adhesiva a un ni\u00f1o a una silla, seg\u00fan la denuncia.&nbsp;<\/p>\n\n\n\n<p>La Defensor\u00eda de la Ni\u00f1ez y Adolescencia (DNA) tom\u00f3 conocimiento del hecho el lunes 9 de marzo.<\/p>\n\n\n\n<p>La maestra afronta un proceso de investigaci\u00f3n en la v\u00eda disciplinaria y las autoridades aguardan un informe que determine la sanci\u00f3n correspondiente.<\/p>\n\n\n\n<p>Fuente: Opini\u00f3n<\/p>\n","protected":false},"excerpt":{"rendered":"<p>Cochabamba, 12 de Marzo de 2026.- Un profesor, de 41 a\u00f1os, es investigado por presunto abuso sexual contra estudiantes de primaria de un colegio de Quillacollo. Seg\u00fan la denuncia, llamaba a las ni\u00f1as con el pretexto de revisar sus tareas, las sentaba en sus piernas y realizaba toques imp\u00fadicos. El director de la Fuerza Especial&#8230;<\/p>\n","protected":false},"author":11,"featured_media":9527,"comment_status":"open","ping_status":"open","sticky":false,"template":"","format":"standard","meta":{"_jetpack_memberships_contains_paid_content":false,"footnotes":"","jetpack_publicize_message":"","jetpack_publicize_feature_enabled":true,"jetpack_social_post_already_shared":true,"jetpack_social_options":{"image_generator_settings":{"template":"highway","enabled":false},"version":2}},"categories":[2],"tags":[6,1290,1457,367,1456,19],"class_list":["post-9526","post","type-post","status-publish","format-standard","has-post-thumbnail","hentry","category-cochabamba","tag-cochabamba","tag-felcc","tag-presunto-abuso-sexual","tag-proceso","tag-profesor","tag-quillacollo"],"jetpack_publicize_connections":[],"yoast_head":"<!-- This site is optimized with the Yoast SEO plugin v23.4 - https:\/\/yoast.com\/wordpress\/plugins\/seo\/ -->\n<title>PROFESOR ENFRENTA PROCESO POR PRESUNTO ABUSO SEXUAL CONTRA ESTUDIANTES DE PRIMARIA - innoticiasbo.com<\/title>\n<meta name=\"robots\" content=\"index, follow, max-snippet:-1, max-image-preview:large, max-video-preview:-1\" \/>\n<link rel=\"canonical\" href=\"https:\/\/innoticiasbo.com\/index.php\/2026\/03\/12\/profesor-enfrenta-proceso-por-presunto-abuso-sexual-contra-estudiantes-de-primaria\/\" \/>\n<meta property=\"og:locale\" content=\"es_ES\" \/>\n<meta property=\"og:type\" content=\"article\" \/>\n<meta property=\"og:title\" content=\"PROFESOR ENFRENTA PROCESO POR PRESUNTO ABUSO SEXUAL CONTRA ESTUDIANTES DE PRIMARIA - innoticiasbo.com\" \/>\n<meta property=\"og:description\" content=\"Cochabamba, 12 de Marzo de 2026.- Un profesor, de 41 a\u00f1os, es investigado por presunto abuso sexual contra estudiantes de primaria de un colegio de Quillacollo. Seg\u00fan la denuncia, llamaba a las ni\u00f1as con el pretexto de revisar sus tareas, las sentaba en sus piernas y realizaba toques imp\u00fadicos. El director de la Fuerza Especial...\" \/>\n<meta property=\"og:url\" content=\"https:\/\/innoticiasbo.com\/index.php\/2026\/03\/12\/profesor-enfrenta-proceso-por-presunto-abuso-sexual-contra-estudiantes-de-primaria\/\" \/>\n<meta property=\"og:site_name\" content=\"innoticiasbo.com\" \/>\n<meta property=\"article:publisher\" content=\"https:\/\/www.facebook.com\/innoticiasbolivia\" \/>\n<meta property=\"article:published_time\" content=\"2026-03-12T15:50:16+00:00\" \/>\n<meta property=\"article:modified_time\" content=\"2026-03-12T15:50:17+00:00\" \/>\n<meta property=\"og:image\" content=\"https:\/\/innoticiasbo.com\/wp-content\/uploads\/2026\/03\/image-161.png\" \/>\n\t<meta property=\"og:image:width\" content=\"992\" \/>\n\t<meta property=\"og:image:height\" content=\"558\" \/>\n\t<meta property=\"og:image:type\" content=\"image\/png\" \/>\n<meta name=\"author\" content=\"Prensa 11\" \/>\n<meta name=\"twitter:card\" content=\"summary_large_image\" \/>\n<meta name=\"twitter:creator\" content=\"@innoticiasbo\" \/>\n<meta name=\"twitter:site\" content=\"@innoticiasbo\" \/>\n<meta name=\"twitter:label1\" content=\"Escrito por\" \/>\n\t<meta name=\"twitter:data1\" content=\"Prensa 11\" \/>\n\t<meta name=\"twitter:label2\" content=\"Tiempo de lectura\" \/>\n\t<meta name=\"twitter:data2\" content=\"2 minutos\" \/>\n<script type=\"application\/ld+json\" class=\"yoast-schema-graph\">{\"@context\":\"https:\/\/schema.org\",\"@graph\":[{\"@type\":\"Article\",\"@id\":\"https:\/\/innoticiasbo.com\/index.php\/2026\/03\/12\/profesor-enfrenta-proceso-por-presunto-abuso-sexual-contra-estudiantes-de-primaria\/#article\",\"isPartOf\":{\"@id\":\"https:\/\/innoticiasbo.com\/index.php\/2026\/03\/12\/profesor-enfrenta-proceso-por-presunto-abuso-sexual-contra-estudiantes-de-primaria\/\"},\"author\":{\"name\":\"Prensa 11\",\"@id\":\"https:\/\/innoticiasbo.com\/#\/schema\/person\/0b28481e8d0316f83a13bc702311def5\"},\"headline\":\"PROFESOR ENFRENTA PROCESO POR PRESUNTO ABUSO SEXUAL CONTRA ESTUDIANTES DE PRIMARIA\",\"datePublished\":\"2026-03-12T15:50:16+00:00\",\"dateModified\":\"2026-03-12T15:50:17+00:00\",\"mainEntityOfPage\":{\"@id\":\"https:\/\/innoticiasbo.com\/index.php\/2026\/03\/12\/profesor-enfrenta-proceso-por-presunto-abuso-sexual-contra-estudiantes-de-primaria\/\"},\"wordCount\":316,\"commentCount\":0,\"publisher\":{\"@id\":\"https:\/\/innoticiasbo.com\/#organization\"},\"image\":{\"@id\":\"https:\/\/innoticiasbo.com\/index.php\/2026\/03\/12\/profesor-enfrenta-proceso-por-presunto-abuso-sexual-contra-estudiantes-de-primaria\/#primaryimage\"},\"thumbnailUrl\":\"https:\/\/i0.wp.com\/innoticiasbo.com\/wp-content\/uploads\/2026\/03\/image-161.png?fit=992%2C558&ssl=1\",\"keywords\":[\"Cochabamba\",\"FELCC\",\"Presunto Abuso Sexual\",\"proceso\",\"Profesor\",\"Quillacollo\"],\"articleSection\":[\"Cochabamba\"],\"inLanguage\":\"es\",\"potentialAction\":[{\"@type\":\"CommentAction\",\"name\":\"Comment\",\"target\":[\"https:\/\/innoticiasbo.com\/index.php\/2026\/03\/12\/profesor-enfrenta-proceso-por-presunto-abuso-sexual-contra-estudiantes-de-primaria\/#respond\"]}]},{\"@type\":\"WebPage\",\"@id\":\"https:\/\/innoticiasbo.com\/index.php\/2026\/03\/12\/profesor-enfrenta-proceso-por-presunto-abuso-sexual-contra-estudiantes-de-primaria\/\",\"url\":\"https:\/\/innoticiasbo.com\/index.php\/2026\/03\/12\/profesor-enfrenta-proceso-por-presunto-abuso-sexual-contra-estudiantes-de-primaria\/\",\"name\":\"PROFESOR ENFRENTA PROCESO POR PRESUNTO ABUSO SEXUAL CONTRA ESTUDIANTES DE PRIMARIA - innoticiasbo.com\",\"isPartOf\":{\"@id\":\"https:\/\/innoticiasbo.com\/#website\"},\"primaryImageOfPage\":{\"@id\":\"https:\/\/innoticiasbo.com\/index.php\/2026\/03\/12\/profesor-enfrenta-proceso-por-presunto-abuso-sexual-contra-estudiantes-de-primaria\/#primaryimage\"},\"image\":{\"@id\":\"https:\/\/innoticiasbo.com\/index.php\/2026\/03\/12\/profesor-enfrenta-proceso-por-presunto-abuso-sexual-contra-estudiantes-de-primaria\/#primaryimage\"},\"thumbnailUrl\":\"https:\/\/i0.wp.com\/innoticiasbo.com\/wp-content\/uploads\/2026\/03\/image-161.png?fit=992%2C558&ssl=1\",\"datePublished\":\"2026-03-12T15:50:16+00:00\",\"dateModified\":\"2026-03-12T15:50:17+00:00\",\"breadcrumb\":{\"@id\":\"https:\/\/innoticiasbo.com\/index.php\/2026\/03\/12\/profesor-enfrenta-proceso-por-presunto-abuso-sexual-contra-estudiantes-de-primaria\/#breadcrumb\"},\"inLanguage\":\"es\",\"potentialAction\":[{\"@type\":\"ReadAction\",\"target\":[\"https:\/\/innoticiasbo.com\/index.php\/2026\/03\/12\/profesor-enfrenta-proceso-por-presunto-abuso-sexual-contra-estudiantes-de-primaria\/\"]}]},{\"@type\":\"ImageObject\",\"inLanguage\":\"es\",\"@id\":\"https:\/\/innoticiasbo.com\/index.php\/2026\/03\/12\/profesor-enfrenta-proceso-por-presunto-abuso-sexual-contra-estudiantes-de-primaria\/#primaryimage\",\"url\":\"https:\/\/i0.wp.com\/innoticiasbo.com\/wp-content\/uploads\/2026\/03\/image-161.png?fit=992%2C558&ssl=1\",\"contentUrl\":\"https:\/\/i0.wp.com\/innoticiasbo.com\/wp-content\/uploads\/2026\/03\/image-161.png?fit=992%2C558&ssl=1\",\"width\":992,\"height\":558},{\"@type\":\"BreadcrumbList\",\"@id\":\"https:\/\/innoticiasbo.com\/index.php\/2026\/03\/12\/profesor-enfrenta-proceso-por-presunto-abuso-sexual-contra-estudiantes-de-primaria\/#breadcrumb\",\"itemListElement\":[{\"@type\":\"ListItem\",\"position\":1,\"name\":\"Portada\",\"item\":\"https:\/\/innoticiasbo.com\/\"},{\"@type\":\"ListItem\",\"position\":2,\"name\":\"PROFESOR ENFRENTA PROCESO POR PRESUNTO ABUSO SEXUAL CONTRA ESTUDIANTES DE PRIMARIA\"}]},{\"@type\":\"WebSite\",\"@id\":\"https:\/\/innoticiasbo.com\/#website\",\"url\":\"https:\/\/innoticiasbo.com\/\",\"name\":\"innoticiasbo.com\",\"description\":\"\",\"publisher\":{\"@id\":\"https:\/\/innoticiasbo.com\/#organization\"},\"potentialAction\":[{\"@type\":\"SearchAction\",\"target\":{\"@type\":\"EntryPoint\",\"urlTemplate\":\"https:\/\/innoticiasbo.com\/?s={search_term_string}\"},\"query-input\":{\"@type\":\"PropertyValueSpecification\",\"valueRequired\":true,\"valueName\":\"search_term_string\"}}],\"inLanguage\":\"es\"},{\"@type\":\"Organization\",\"@id\":\"https:\/\/innoticiasbo.com\/#organization\",\"name\":\"innoticiasbo.com\",\"url\":\"https:\/\/innoticiasbo.com\/\",\"logo\":{\"@type\":\"ImageObject\",\"inLanguage\":\"es\",\"@id\":\"https:\/\/innoticiasbo.com\/#\/schema\/logo\/image\/\",\"url\":\"https:\/\/i0.wp.com\/innoticiasbo.com\/wp-content\/uploads\/2026\/04\/cropped-IN-LOGO.png?fit=1476%2C1476&ssl=1\",\"contentUrl\":\"https:\/\/i0.wp.com\/innoticiasbo.com\/wp-content\/uploads\/2026\/04\/cropped-IN-LOGO.png?fit=1476%2C1476&ssl=1\",\"width\":1476,\"height\":1476,\"caption\":\"innoticiasbo.com\"},\"image\":{\"@id\":\"https:\/\/innoticiasbo.com\/#\/schema\/logo\/image\/\"},\"sameAs\":[\"https:\/\/www.facebook.com\/innoticiasbolivia\",\"https:\/\/x.com\/innoticiasbo\",\"https:\/\/www.instagram.com\/innoticiasbo\",\"https:\/\/www.youtube.com\/innoticiasbo\"]},{\"@type\":\"Person\",\"@id\":\"https:\/\/innoticiasbo.com\/#\/schema\/person\/0b28481e8d0316f83a13bc702311def5\",\"name\":\"Prensa 11\",\"image\":{\"@type\":\"ImageObject\",\"inLanguage\":\"es\",\"@id\":\"https:\/\/innoticiasbo.com\/#\/schema\/person\/image\/\",\"url\":\"https:\/\/secure.gravatar.com\/avatar\/696560c17349f1807a610bf83832bad0?s=96&d=mm&r=g\",\"contentUrl\":\"https:\/\/secure.gravatar.com\/avatar\/696560c17349f1807a610bf83832bad0?s=96&d=mm&r=g\",\"caption\":\"Prensa 11\"},\"sameAs\":[\"http:\/\/www.innoticiasbo.com\"],\"url\":\"https:\/\/innoticiasbo.com\/index.php\/author\/prensa-11\/\"}]}<\/script>\n<!-- \/ Yoast SEO plugin. -->","yoast_head_json":{"title":"PROFESOR ENFRENTA PROCESO POR PRESUNTO ABUSO SEXUAL CONTRA ESTUDIANTES DE PRIMARIA - innoticiasbo.com","robots":{"index":"index","follow":"follow","max-snippet":"max-snippet:-1","max-image-preview":"max-image-preview:large","max-video-preview":"max-video-preview:-1"},"canonical":"https:\/\/innoticiasbo.com\/index.php\/2026\/03\/12\/profesor-enfrenta-proceso-por-presunto-abuso-sexual-contra-estudiantes-de-primaria\/","og_locale":"es_ES","og_type":"article","og_title":"PROFESOR ENFRENTA PROCESO POR PRESUNTO ABUSO SEXUAL CONTRA ESTUDIANTES DE PRIMARIA - innoticiasbo.com","og_description":"Cochabamba, 12 de Marzo de 2026.- Un profesor, de 41 a\u00f1os, es investigado por presunto abuso sexual contra estudiantes de primaria de un colegio de Quillacollo. Seg\u00fan la denuncia, llamaba a las ni\u00f1as con el pretexto de revisar sus tareas, las sentaba en sus piernas y realizaba toques imp\u00fadicos. El director de la Fuerza Especial...","og_url":"https:\/\/innoticiasbo.com\/index.php\/2026\/03\/12\/profesor-enfrenta-proceso-por-presunto-abuso-sexual-contra-estudiantes-de-primaria\/","og_site_name":"innoticiasbo.com","article_publisher":"https:\/\/www.facebook.com\/innoticiasbolivia","article_published_time":"2026-03-12T15:50:16+00:00","article_modified_time":"2026-03-12T15:50:17+00:00","og_image":[{"width":992,"height":558,"url":"https:\/\/innoticiasbo.com\/wp-content\/uploads\/2026\/03\/image-161.png","type":"image\/png"}],"author":"Prensa 11","twitter_card":"summary_large_image","twitter_creator":"@innoticiasbo","twitter_site":"@innoticiasbo","twitter_misc":{"Escrito por":"Prensa 11","Tiempo de lectura":"2 minutos"},"schema":{"@context":"https:\/\/schema.org","@graph":[{"@type":"Article","@id":"https:\/\/innoticiasbo.com\/index.php\/2026\/03\/12\/profesor-enfrenta-proceso-por-presunto-abuso-sexual-contra-estudiantes-de-primaria\/#article","isPartOf":{"@id":"https:\/\/innoticiasbo.com\/index.php\/2026\/03\/12\/profesor-enfrenta-proceso-por-presunto-abuso-sexual-contra-estudiantes-de-primaria\/"},"author":{"name":"Prensa 11","@id":"https:\/\/innoticiasbo.com\/#\/schema\/person\/0b28481e8d0316f83a13bc702311def5"},"headline":"PROFESOR ENFRENTA PROCESO POR PRESUNTO ABUSO SEXUAL CONTRA ESTUDIANTES DE PRIMARIA","datePublished":"2026-03-12T15:50:16+00:00","dateModified":"2026-03-12T15:50:17+00:00","mainEntityOfPage":{"@id":"https:\/\/innoticiasbo.com\/index.php\/2026\/03\/12\/profesor-enfrenta-proceso-por-presunto-abuso-sexual-contra-estudiantes-de-primaria\/"},"wordCount":316,"commentCount":0,"publisher":{"@id":"https:\/\/innoticiasbo.com\/#organization"},"image":{"@id":"https:\/\/innoticiasbo.com\/index.php\/2026\/03\/12\/profesor-enfrenta-proceso-por-presunto-abuso-sexual-contra-estudiantes-de-primaria\/#primaryimage"},"thumbnailUrl":"https:\/\/i0.wp.com\/innoticiasbo.com\/wp-content\/uploads\/2026\/03\/image-161.png?fit=992%2C558&ssl=1","keywords":["Cochabamba","FELCC","Presunto Abuso Sexual","proceso","Profesor","Quillacollo"],"articleSection":["Cochabamba"],"inLanguage":"es","potentialAction":[{"@type":"CommentAction","name":"Comment","target":["https:\/\/innoticiasbo.com\/index.php\/2026\/03\/12\/profesor-enfrenta-proceso-por-presunto-abuso-sexual-contra-estudiantes-de-primaria\/#respond"]}]},{"@type":"WebPage","@id":"https:\/\/innoticiasbo.com\/index.php\/2026\/03\/12\/profesor-enfrenta-proceso-por-presunto-abuso-sexual-contra-estudiantes-de-primaria\/","url":"https:\/\/innoticiasbo.com\/index.php\/2026\/03\/12\/profesor-enfrenta-proceso-por-presunto-abuso-sexual-contra-estudiantes-de-primaria\/","name":"PROFESOR ENFRENTA PROCESO POR PRESUNTO ABUSO SEXUAL CONTRA ESTUDIANTES DE PRIMARIA - innoticiasbo.com","isPartOf":{"@id":"https:\/\/innoticiasbo.com\/#website"},"primaryImageOfPage":{"@id":"https:\/\/innoticiasbo.com\/index.php\/2026\/03\/12\/profesor-enfrenta-proceso-por-presunto-abuso-sexual-contra-estudiantes-de-primaria\/#primaryimage"},"image":{"@id":"https:\/\/innoticiasbo.com\/index.php\/2026\/03\/12\/profesor-enfrenta-proceso-por-presunto-abuso-sexual-contra-estudiantes-de-primaria\/#primaryimage"},"thumbnailUrl":"https:\/\/i0.wp.com\/innoticiasbo.com\/wp-content\/uploads\/2026\/03\/image-161.png?fit=992%2C558&ssl=1","datePublished":"2026-03-12T15:50:16+00:00","dateModified":"2026-03-12T15:50:17+00:00","breadcrumb":{"@id":"https:\/\/innoticiasbo.com\/index.php\/2026\/03\/12\/profesor-enfrenta-proceso-por-presunto-abuso-sexual-contra-estudiantes-de-primaria\/#breadcrumb"},"inLanguage":"es","potentialAction":[{"@type":"ReadAction","target":["https:\/\/innoticiasbo.com\/index.php\/2026\/03\/12\/profesor-enfrenta-proceso-por-presunto-abuso-sexual-contra-estudiantes-de-primaria\/"]}]},{"@type":"ImageObject","inLanguage":"es","@id":"https:\/\/innoticiasbo.com\/index.php\/2026\/03\/12\/profesor-enfrenta-proceso-por-presunto-abuso-sexual-contra-estudiantes-de-primaria\/#primaryimage","url":"https:\/\/i0.wp.com\/innoticiasbo.com\/wp-content\/uploads\/2026\/03\/image-161.png?fit=992%2C558&ssl=1","contentUrl":"https:\/\/i0.wp.com\/innoticiasbo.com\/wp-content\/uploads\/2026\/03\/image-161.png?fit=992%2C558&ssl=1","width":992,"height":558},{"@type":"BreadcrumbList","@id":"https:\/\/innoticiasbo.com\/index.php\/2026\/03\/12\/profesor-enfrenta-proceso-por-presunto-abuso-sexual-contra-estudiantes-de-primaria\/#breadcrumb","itemListElement":[{"@type":"ListItem","position":1,"name":"Portada","item":"https:\/\/innoticiasbo.com\/"},{"@type":"ListItem","position":2,"name":"PROFESOR ENFRENTA PROCESO POR PRESUNTO ABUSO SEXUAL CONTRA ESTUDIANTES DE PRIMARIA"}]},{"@type":"WebSite","@id":"https:\/\/innoticiasbo.com\/#website","url":"https:\/\/innoticiasbo.com\/","name":"innoticiasbo.com","description":"","publisher":{"@id":"https:\/\/innoticiasbo.com\/#organization"},"potentialAction":[{"@type":"SearchAction","target":{"@type":"EntryPoint","urlTemplate":"https:\/\/innoticiasbo.com\/?s={search_term_string}"},"query-input":{"@type":"PropertyValueSpecification","valueRequired":true,"valueName":"search_term_string"}}],"inLanguage":"es"},{"@type":"Organization","@id":"https:\/\/innoticiasbo.com\/#organization","name":"innoticiasbo.com","url":"https:\/\/innoticiasbo.com\/","logo":{"@type":"ImageObject","inLanguage":"es","@id":"https:\/\/innoticiasbo.com\/#\/schema\/logo\/image\/","url":"https:\/\/i0.wp.com\/innoticiasbo.com\/wp-content\/uploads\/2026\/04\/cropped-IN-LOGO.png?fit=1476%2C1476&ssl=1","contentUrl":"https:\/\/i0.wp.com\/innoticiasbo.com\/wp-content\/uploads\/2026\/04\/cropped-IN-LOGO.png?fit=1476%2C1476&ssl=1","width":1476,"height":1476,"caption":"innoticiasbo.com"},"image":{"@id":"https:\/\/innoticiasbo.com\/#\/schema\/logo\/image\/"},"sameAs":["https:\/\/www.facebook.com\/innoticiasbolivia","https:\/\/x.com\/innoticiasbo","https:\/\/www.instagram.com\/innoticiasbo","https:\/\/www.youtube.com\/innoticiasbo"]},{"@type":"Person","@id":"https:\/\/innoticiasbo.com\/#\/schema\/person\/0b28481e8d0316f83a13bc702311def5","name":"Prensa 11","image":{"@type":"ImageObject","inLanguage":"es","@id":"https:\/\/innoticiasbo.com\/#\/schema\/person\/image\/","url":"https:\/\/secure.gravatar.com\/avatar\/696560c17349f1807a610bf83832bad0?s=96&d=mm&r=g","contentUrl":"https:\/\/secure.gravatar.com\/avatar\/696560c17349f1807a610bf83832bad0?s=96&d=mm&r=g","caption":"Prensa 11"},"sameAs":["http:\/\/www.innoticiasbo.com"],"url":"https:\/\/innoticiasbo.com\/index.php\/author\/prensa-11\/"}]}},"jetpack_featured_media_url":"https:\/\/i0.wp.com\/innoticiasbo.com\/wp-content\/uploads\/2026\/03\/image-161.png?fit=992%2C558&ssl=1","jetpack_likes_enabled":true,"jetpack_sharing_enabled":true,"jetpack_shortlink":"https:\/\/wp.me\/pg298x-2tE","_links":{"self":[{"href":"https:\/\/innoticiasbo.com\/index.php\/wp-json\/wp\/v2\/posts\/9526","targetHints":{"allow":["GET"]}}],"collection":[{"href":"https:\/\/innoticiasbo.com\/index.php\/wp-json\/wp\/v2\/posts"}],"about":[{"href":"https:\/\/innoticiasbo.com\/index.php\/wp-json\/wp\/v2\/types\/post"}],"author":[{"embeddable":true,"href":"https:\/\/innoticiasbo.com\/index.php\/wp-json\/wp\/v2\/users\/11"}],"replies":[{"embeddable":true,"href":"https:\/\/innoticiasbo.com\/index.php\/wp-json\/wp\/v2\/comments?post=9526"}],"version-history":[{"count":1,"href":"https:\/\/innoticiasbo.com\/index.php\/wp-json\/wp\/v2\/posts\/9526\/revisions"}],"predecessor-version":[{"id":9528,"href":"https:\/\/innoticiasbo.com\/index.php\/wp-json\/wp\/v2\/posts\/9526\/revisions\/9528"}],"wp:featuredmedia":[{"embeddable":true,"href":"https:\/\/innoticiasbo.com\/index.php\/wp-json\/wp\/v2\/media\/9527"}],"wp:attachment":[{"href":"https:\/\/innoticiasbo.com\/index.php\/wp-json\/wp\/v2\/media?parent=9526"}],"wp:term":[{"taxonomy":"category","embeddable":true,"href":"https:\/\/innoticiasbo.com\/index.php\/wp-json\/wp\/v2\/categories?post=9526"},{"taxonomy":"post_tag","embeddable":true,"href":"https:\/\/innoticiasbo.com\/index.php\/wp-json\/wp\/v2\/tags?post=9526"}],"curies":[{"name":"wp","href":"https:\/\/api.w.org\/{rel}","templated":true}]}}