{"id":9520,"date":"2026-03-12T11:29:44","date_gmt":"2026-03-12T15:29:44","guid":{"rendered":"https:\/\/innoticiasbo.com\/?p=9520"},"modified":"2026-03-12T11:29:46","modified_gmt":"2026-03-12T15:29:46","slug":"mas-de-dos-meses-sin-rastro-del-joyero-su-familia-vive-en-angustia","status":"publish","type":"post","link":"https:\/\/innoticiasbo.com\/index.php\/2026\/03\/12\/mas-de-dos-meses-sin-rastro-del-joyero-su-familia-vive-en-angustia\/","title":{"rendered":"M\u00c1S DE DOS MESES SIN RASTRO DEL JOYERO; SU FAMILIA VIVE EN ANGUSTIA"},"content":{"rendered":"\n<figure class=\"wp-block-image size-full\"><img data-recalc-dims=\"1\" loading=\"lazy\" decoding=\"async\" width=\"640\" height=\"359\" src=\"https:\/\/i0.wp.com\/innoticiasbo.com\/wp-content\/uploads\/2026\/03\/image-159.png?resize=640%2C359&#038;ssl=1\" alt=\"\" class=\"wp-image-9521\" srcset=\"https:\/\/i0.wp.com\/innoticiasbo.com\/wp-content\/uploads\/2026\/03\/image-159.png?w=960&amp;ssl=1 960w, https:\/\/i0.wp.com\/innoticiasbo.com\/wp-content\/uploads\/2026\/03\/image-159.png?resize=300%2C168&amp;ssl=1 300w, https:\/\/i0.wp.com\/innoticiasbo.com\/wp-content\/uploads\/2026\/03\/image-159.png?resize=768%2C431&amp;ssl=1 768w\" sizes=\"auto, (max-width: 640px) 100vw, 640px\" \/><\/figure>\n\n\n\n<p><strong>Cochabamba, 12 de Marzo de 2026.- <\/strong>\u00d3scar Porco fue a la tienda de un colega para cerrar un negocio y desde entonces se desconoce su paradero. Aguardan una audiencia de reproducci\u00f3n de videos. Hay un sospechoso.<\/p>\n\n\n\n<p>\u201cVivimos en angustia. Mi vida se detuvo\u201d, afirma Felipa, esposa del joyero \u00d3scar Porco Calle, desaparecido desde hace m\u00e1s de dos meses. El 30 de diciembre de 2025 sali\u00f3 de su tienda para dirigirse al negocio de un colega, en la calle San Mart\u00edn, con quien deb\u00eda concretar una transacci\u00f3n y para la cual llevaba una importante suma de dinero.<\/p>\n\n\n\n<p>Sobre los avances de la investigaci\u00f3n, el abogado de la familia, Ever Veizaga, inform\u00f3 que los investigadores recolectaron im\u00e1genes de c\u00e1maras de vigilancia de distintas zonas. Seg\u00fan el jurista, ese material ser\u00e1 presentado en una audiencia de reproducci\u00f3n de videos, que \u2013 estima \u2013 podr\u00eda realizarse en aproximadamente dos semanas.<\/p>\n\n\n\n<p>La \u00faltima persona que vio a \u00d3scar fue Ramiro S., quien tambi\u00e9n se dedica al rubro de la joyer\u00eda. La familia conoce que el joyero iba a concretar con \u00e9l un negocio relacionado con oro y que para ello llev\u00f3 m\u00e1s de medio mill\u00f3n de bolivianos, de acuerdo con su abogado.<\/p>\n\n\n\n<p>El d\u00eda de la desaparici\u00f3n, \u00d3scar se dirigi\u00f3 a la tienda de Ramiro, a quien \u2013 seg\u00fan personas cercanas \u2013 consideraba un amigo de confianza. Lleg\u00f3 junto a su hermano, a quien le hab\u00eda pedido acompa\u00f1arlo un d\u00eda antes. Al llegar, \u00d3scar le pidi\u00f3 que lo esperara afuera, mientras ingresaba al local con un bols\u00f3n que conten\u00eda el dinero.<\/p>\n\n\n\n<p>Minutos despu\u00e9s, sali\u00f3 sin la bolsa y le dijo que ya hab\u00eda concretado el acuerdo y que pod\u00edan retirarse. Luego se despidieron y su hermano continu\u00f3 con sus actividades. Sin embargo, c\u00e1maras de seguridad registraron que \u00d3scar regres\u00f3 al negocio de Ramiro. Desde ese momento se le perdi\u00f3 el rastro.&nbsp;<\/p>\n\n\n\n<p>Para la familia, Ramiro es el principal sospechoso, ya que la \u00faltima comunicaci\u00f3n conocida de \u00d3scar fue con \u00e9l. Veizaga manifest\u00f3 que esta persona fue aprehendida hace unos d\u00edas en posesi\u00f3n de dos armas de fuego. Por ese hecho afront\u00f3 una audiencia de medidas cautelares por tenencia de armas, en la que la justicia le otorg\u00f3 medidas sustitutivas, por lo que se defiende en libertad. El abogado de Ramiro, \u00c1lvaro S\u00e1nchez, sostuvo que el caso por tenencia de armas no guarda relaci\u00f3n con la investigaci\u00f3n por la desaparici\u00f3n del joyero. Afirm\u00f3 que se trata de procesos distintos y asegur\u00f3 que su cliente no est\u00e1 involucrado en la desaparici\u00f3n de \u00d3scar Porco.<\/p>\n\n\n\n<p>Entretanto, los familiares consideran que la investigaci\u00f3n registra algunos avances, pero exigen que las diligencias contin\u00faen hasta esclarecer el caso: saber qu\u00e9 ocurri\u00f3, d\u00f3nde est\u00e1 \u00d3scar y qui\u00e9n est\u00e1 detr\u00e1s de lo sucedido. Veizaga advirti\u00f3 que el caso podr\u00eda tratarse de un asesinato con m\u00f3vil econ\u00f3mico.<\/p>\n\n\n\n<p>Felipa, sus tres hijos y el resto de la familia viven un calvario. \u201cDuele que llegue la noche\u201d, dice, al recordar que ese era el momento en que toda la familia se reun\u00eda en casa. Desde hace m\u00e1s de dos meses, esa rutina se quebr\u00f3. La esposa del joyero pide a las autoridades departamentales y nacionales celeridad en la investigaci\u00f3n para conocer qu\u00e9 ocurri\u00f3 con su esposo.<\/p>\n\n\n\n<p>Fuente: Opini\u00f3n<\/p>\n","protected":false},"excerpt":{"rendered":"<p>Cochabamba, 12 de Marzo de 2026.- \u00d3scar Porco fue a la tienda de un colega para cerrar un negocio y desde entonces se desconoce su paradero. Aguardan una audiencia de reproducci\u00f3n de videos. Hay un sospechoso. \u201cVivimos en angustia. Mi vida se detuvo\u201d, afirma Felipa, esposa del joyero \u00d3scar Porco Calle, desaparecido desde hace m\u00e1s&#8230;<\/p>\n","protected":false},"author":11,"featured_media":9521,"comment_status":"open","ping_status":"open","sticky":false,"template":"","format":"standard","meta":{"_jetpack_memberships_contains_paid_content":false,"footnotes":"","jetpack_publicize_message":"","jetpack_publicize_feature_enabled":true,"jetpack_social_post_already_shared":true,"jetpack_social_options":{"image_generator_settings":{"template":"highway","enabled":false},"version":2}},"categories":[2,15],"tags":[1452,6,1451,1453,1450,1449,235],"class_list":["post-9520","post","type-post","status-publish","format-standard","has-post-thumbnail","hentry","category-cochabamba","category-seguridad","tag-angustia","tag-cochabamba","tag-desaparecido","tag-familia","tag-joyero","tag-oscar-porco-calle","tag-seguridad"],"jetpack_publicize_connections":[],"yoast_head":"<!-- This site is optimized with the Yoast SEO plugin v23.4 - https:\/\/yoast.com\/wordpress\/plugins\/seo\/ -->\n<title>M\u00c1S DE DOS MESES SIN RASTRO DEL JOYERO; SU FAMILIA VIVE EN ANGUSTIA - innoticiasbo.com<\/title>\n<meta name=\"robots\" content=\"index, follow, max-snippet:-1, max-image-preview:large, max-video-preview:-1\" \/>\n<link rel=\"canonical\" href=\"https:\/\/innoticiasbo.com\/index.php\/2026\/03\/12\/mas-de-dos-meses-sin-rastro-del-joyero-su-familia-vive-en-angustia\/\" \/>\n<meta property=\"og:locale\" content=\"es_ES\" \/>\n<meta property=\"og:type\" content=\"article\" \/>\n<meta property=\"og:title\" content=\"M\u00c1S DE DOS MESES SIN RASTRO DEL JOYERO; SU FAMILIA VIVE EN ANGUSTIA - innoticiasbo.com\" \/>\n<meta property=\"og:description\" content=\"Cochabamba, 12 de Marzo de 2026.- \u00d3scar Porco fue a la tienda de un colega para cerrar un negocio y desde entonces se desconoce su paradero. Aguardan una audiencia de reproducci\u00f3n de videos. Hay un sospechoso. \u201cVivimos en angustia. Mi vida se detuvo\u201d, afirma Felipa, esposa del joyero \u00d3scar Porco Calle, desaparecido desde hace m\u00e1s...\" \/>\n<meta property=\"og:url\" content=\"https:\/\/innoticiasbo.com\/index.php\/2026\/03\/12\/mas-de-dos-meses-sin-rastro-del-joyero-su-familia-vive-en-angustia\/\" \/>\n<meta property=\"og:site_name\" content=\"innoticiasbo.com\" \/>\n<meta property=\"article:publisher\" content=\"https:\/\/www.facebook.com\/innoticiasbolivia\" \/>\n<meta property=\"article:published_time\" content=\"2026-03-12T15:29:44+00:00\" \/>\n<meta property=\"article:modified_time\" content=\"2026-03-12T15:29:46+00:00\" \/>\n<meta property=\"og:image\" content=\"https:\/\/innoticiasbo.com\/wp-content\/uploads\/2026\/03\/image-159.png\" \/>\n\t<meta property=\"og:image:width\" content=\"960\" \/>\n\t<meta property=\"og:image:height\" content=\"539\" \/>\n\t<meta property=\"og:image:type\" content=\"image\/png\" \/>\n<meta name=\"author\" content=\"Prensa 11\" \/>\n<meta name=\"twitter:card\" content=\"summary_large_image\" \/>\n<meta name=\"twitter:creator\" content=\"@innoticiasbo\" \/>\n<meta name=\"twitter:site\" content=\"@innoticiasbo\" \/>\n<meta name=\"twitter:label1\" content=\"Escrito por\" \/>\n\t<meta name=\"twitter:data1\" content=\"Prensa 11\" \/>\n\t<meta name=\"twitter:label2\" content=\"Tiempo de lectura\" \/>\n\t<meta name=\"twitter:data2\" content=\"3 minutos\" \/>\n<script type=\"application\/ld+json\" class=\"yoast-schema-graph\">{\"@context\":\"https:\/\/schema.org\",\"@graph\":[{\"@type\":\"Article\",\"@id\":\"https:\/\/innoticiasbo.com\/index.php\/2026\/03\/12\/mas-de-dos-meses-sin-rastro-del-joyero-su-familia-vive-en-angustia\/#article\",\"isPartOf\":{\"@id\":\"https:\/\/innoticiasbo.com\/index.php\/2026\/03\/12\/mas-de-dos-meses-sin-rastro-del-joyero-su-familia-vive-en-angustia\/\"},\"author\":{\"name\":\"Prensa 11\",\"@id\":\"https:\/\/innoticiasbo.com\/#\/schema\/person\/0b28481e8d0316f83a13bc702311def5\"},\"headline\":\"M\u00c1S DE DOS MESES SIN RASTRO DEL JOYERO; SU FAMILIA VIVE EN ANGUSTIA\",\"datePublished\":\"2026-03-12T15:29:44+00:00\",\"dateModified\":\"2026-03-12T15:29:46+00:00\",\"mainEntityOfPage\":{\"@id\":\"https:\/\/innoticiasbo.com\/index.php\/2026\/03\/12\/mas-de-dos-meses-sin-rastro-del-joyero-su-familia-vive-en-angustia\/\"},\"wordCount\":587,\"commentCount\":0,\"publisher\":{\"@id\":\"https:\/\/innoticiasbo.com\/#organization\"},\"image\":{\"@id\":\"https:\/\/innoticiasbo.com\/index.php\/2026\/03\/12\/mas-de-dos-meses-sin-rastro-del-joyero-su-familia-vive-en-angustia\/#primaryimage\"},\"thumbnailUrl\":\"https:\/\/i0.wp.com\/innoticiasbo.com\/wp-content\/uploads\/2026\/03\/image-159.png?fit=960%2C539&ssl=1\",\"keywords\":[\"angustia\",\"Cochabamba\",\"desaparecido\",\"familia\",\"joyero\",\"\u00d3scar Porco Calle\",\"seguridad\"],\"articleSection\":[\"Cochabamba\",\"Seguridad\"],\"inLanguage\":\"es\",\"potentialAction\":[{\"@type\":\"CommentAction\",\"name\":\"Comment\",\"target\":[\"https:\/\/innoticiasbo.com\/index.php\/2026\/03\/12\/mas-de-dos-meses-sin-rastro-del-joyero-su-familia-vive-en-angustia\/#respond\"]}]},{\"@type\":\"WebPage\",\"@id\":\"https:\/\/innoticiasbo.com\/index.php\/2026\/03\/12\/mas-de-dos-meses-sin-rastro-del-joyero-su-familia-vive-en-angustia\/\",\"url\":\"https:\/\/innoticiasbo.com\/index.php\/2026\/03\/12\/mas-de-dos-meses-sin-rastro-del-joyero-su-familia-vive-en-angustia\/\",\"name\":\"M\u00c1S DE DOS MESES SIN RASTRO DEL JOYERO; SU FAMILIA VIVE EN ANGUSTIA - innoticiasbo.com\",\"isPartOf\":{\"@id\":\"https:\/\/innoticiasbo.com\/#website\"},\"primaryImageOfPage\":{\"@id\":\"https:\/\/innoticiasbo.com\/index.php\/2026\/03\/12\/mas-de-dos-meses-sin-rastro-del-joyero-su-familia-vive-en-angustia\/#primaryimage\"},\"image\":{\"@id\":\"https:\/\/innoticiasbo.com\/index.php\/2026\/03\/12\/mas-de-dos-meses-sin-rastro-del-joyero-su-familia-vive-en-angustia\/#primaryimage\"},\"thumbnailUrl\":\"https:\/\/i0.wp.com\/innoticiasbo.com\/wp-content\/uploads\/2026\/03\/image-159.png?fit=960%2C539&ssl=1\",\"datePublished\":\"2026-03-12T15:29:44+00:00\",\"dateModified\":\"2026-03-12T15:29:46+00:00\",\"breadcrumb\":{\"@id\":\"https:\/\/innoticiasbo.com\/index.php\/2026\/03\/12\/mas-de-dos-meses-sin-rastro-del-joyero-su-familia-vive-en-angustia\/#breadcrumb\"},\"inLanguage\":\"es\",\"potentialAction\":[{\"@type\":\"ReadAction\",\"target\":[\"https:\/\/innoticiasbo.com\/index.php\/2026\/03\/12\/mas-de-dos-meses-sin-rastro-del-joyero-su-familia-vive-en-angustia\/\"]}]},{\"@type\":\"ImageObject\",\"inLanguage\":\"es\",\"@id\":\"https:\/\/innoticiasbo.com\/index.php\/2026\/03\/12\/mas-de-dos-meses-sin-rastro-del-joyero-su-familia-vive-en-angustia\/#primaryimage\",\"url\":\"https:\/\/i0.wp.com\/innoticiasbo.com\/wp-content\/uploads\/2026\/03\/image-159.png?fit=960%2C539&ssl=1\",\"contentUrl\":\"https:\/\/i0.wp.com\/innoticiasbo.com\/wp-content\/uploads\/2026\/03\/image-159.png?fit=960%2C539&ssl=1\",\"width\":960,\"height\":539},{\"@type\":\"BreadcrumbList\",\"@id\":\"https:\/\/innoticiasbo.com\/index.php\/2026\/03\/12\/mas-de-dos-meses-sin-rastro-del-joyero-su-familia-vive-en-angustia\/#breadcrumb\",\"itemListElement\":[{\"@type\":\"ListItem\",\"position\":1,\"name\":\"Portada\",\"item\":\"https:\/\/innoticiasbo.com\/\"},{\"@type\":\"ListItem\",\"position\":2,\"name\":\"M\u00c1S DE DOS MESES SIN RASTRO DEL JOYERO; SU FAMILIA VIVE EN ANGUSTIA\"}]},{\"@type\":\"WebSite\",\"@id\":\"https:\/\/innoticiasbo.com\/#website\",\"url\":\"https:\/\/innoticiasbo.com\/\",\"name\":\"innoticiasbo.com\",\"description\":\"\",\"publisher\":{\"@id\":\"https:\/\/innoticiasbo.com\/#organization\"},\"potentialAction\":[{\"@type\":\"SearchAction\",\"target\":{\"@type\":\"EntryPoint\",\"urlTemplate\":\"https:\/\/innoticiasbo.com\/?s={search_term_string}\"},\"query-input\":{\"@type\":\"PropertyValueSpecification\",\"valueRequired\":true,\"valueName\":\"search_term_string\"}}],\"inLanguage\":\"es\"},{\"@type\":\"Organization\",\"@id\":\"https:\/\/innoticiasbo.com\/#organization\",\"name\":\"innoticiasbo.com\",\"url\":\"https:\/\/innoticiasbo.com\/\",\"logo\":{\"@type\":\"ImageObject\",\"inLanguage\":\"es\",\"@id\":\"https:\/\/innoticiasbo.com\/#\/schema\/logo\/image\/\",\"url\":\"https:\/\/i0.wp.com\/innoticiasbo.com\/wp-content\/uploads\/2026\/04\/cropped-IN-LOGO.png?fit=1476%2C1476&ssl=1\",\"contentUrl\":\"https:\/\/i0.wp.com\/innoticiasbo.com\/wp-content\/uploads\/2026\/04\/cropped-IN-LOGO.png?fit=1476%2C1476&ssl=1\",\"width\":1476,\"height\":1476,\"caption\":\"innoticiasbo.com\"},\"image\":{\"@id\":\"https:\/\/innoticiasbo.com\/#\/schema\/logo\/image\/\"},\"sameAs\":[\"https:\/\/www.facebook.com\/innoticiasbolivia\",\"https:\/\/x.com\/innoticiasbo\",\"https:\/\/www.instagram.com\/innoticiasbo\",\"https:\/\/www.youtube.com\/innoticiasbo\"]},{\"@type\":\"Person\",\"@id\":\"https:\/\/innoticiasbo.com\/#\/schema\/person\/0b28481e8d0316f83a13bc702311def5\",\"name\":\"Prensa 11\",\"image\":{\"@type\":\"ImageObject\",\"inLanguage\":\"es\",\"@id\":\"https:\/\/innoticiasbo.com\/#\/schema\/person\/image\/\",\"url\":\"https:\/\/secure.gravatar.com\/avatar\/696560c17349f1807a610bf83832bad0?s=96&d=mm&r=g\",\"contentUrl\":\"https:\/\/secure.gravatar.com\/avatar\/696560c17349f1807a610bf83832bad0?s=96&d=mm&r=g\",\"caption\":\"Prensa 11\"},\"sameAs\":[\"http:\/\/www.innoticiasbo.com\"],\"url\":\"https:\/\/innoticiasbo.com\/index.php\/author\/prensa-11\/\"}]}<\/script>\n<!-- \/ Yoast SEO plugin. -->","yoast_head_json":{"title":"M\u00c1S DE DOS MESES SIN RASTRO DEL JOYERO; SU FAMILIA VIVE EN ANGUSTIA - innoticiasbo.com","robots":{"index":"index","follow":"follow","max-snippet":"max-snippet:-1","max-image-preview":"max-image-preview:large","max-video-preview":"max-video-preview:-1"},"canonical":"https:\/\/innoticiasbo.com\/index.php\/2026\/03\/12\/mas-de-dos-meses-sin-rastro-del-joyero-su-familia-vive-en-angustia\/","og_locale":"es_ES","og_type":"article","og_title":"M\u00c1S DE DOS MESES SIN RASTRO DEL JOYERO; SU FAMILIA VIVE EN ANGUSTIA - innoticiasbo.com","og_description":"Cochabamba, 12 de Marzo de 2026.- \u00d3scar Porco fue a la tienda de un colega para cerrar un negocio y desde entonces se desconoce su paradero. Aguardan una audiencia de reproducci\u00f3n de videos. Hay un sospechoso. \u201cVivimos en angustia. Mi vida se detuvo\u201d, afirma Felipa, esposa del joyero \u00d3scar Porco Calle, desaparecido desde hace m\u00e1s...","og_url":"https:\/\/innoticiasbo.com\/index.php\/2026\/03\/12\/mas-de-dos-meses-sin-rastro-del-joyero-su-familia-vive-en-angustia\/","og_site_name":"innoticiasbo.com","article_publisher":"https:\/\/www.facebook.com\/innoticiasbolivia","article_published_time":"2026-03-12T15:29:44+00:00","article_modified_time":"2026-03-12T15:29:46+00:00","og_image":[{"width":960,"height":539,"url":"https:\/\/innoticiasbo.com\/wp-content\/uploads\/2026\/03\/image-159.png","type":"image\/png"}],"author":"Prensa 11","twitter_card":"summary_large_image","twitter_creator":"@innoticiasbo","twitter_site":"@innoticiasbo","twitter_misc":{"Escrito por":"Prensa 11","Tiempo de lectura":"3 minutos"},"schema":{"@context":"https:\/\/schema.org","@graph":[{"@type":"Article","@id":"https:\/\/innoticiasbo.com\/index.php\/2026\/03\/12\/mas-de-dos-meses-sin-rastro-del-joyero-su-familia-vive-en-angustia\/#article","isPartOf":{"@id":"https:\/\/innoticiasbo.com\/index.php\/2026\/03\/12\/mas-de-dos-meses-sin-rastro-del-joyero-su-familia-vive-en-angustia\/"},"author":{"name":"Prensa 11","@id":"https:\/\/innoticiasbo.com\/#\/schema\/person\/0b28481e8d0316f83a13bc702311def5"},"headline":"M\u00c1S DE DOS MESES SIN RASTRO DEL JOYERO; SU FAMILIA VIVE EN ANGUSTIA","datePublished":"2026-03-12T15:29:44+00:00","dateModified":"2026-03-12T15:29:46+00:00","mainEntityOfPage":{"@id":"https:\/\/innoticiasbo.com\/index.php\/2026\/03\/12\/mas-de-dos-meses-sin-rastro-del-joyero-su-familia-vive-en-angustia\/"},"wordCount":587,"commentCount":0,"publisher":{"@id":"https:\/\/innoticiasbo.com\/#organization"},"image":{"@id":"https:\/\/innoticiasbo.com\/index.php\/2026\/03\/12\/mas-de-dos-meses-sin-rastro-del-joyero-su-familia-vive-en-angustia\/#primaryimage"},"thumbnailUrl":"https:\/\/i0.wp.com\/innoticiasbo.com\/wp-content\/uploads\/2026\/03\/image-159.png?fit=960%2C539&ssl=1","keywords":["angustia","Cochabamba","desaparecido","familia","joyero","\u00d3scar Porco Calle","seguridad"],"articleSection":["Cochabamba","Seguridad"],"inLanguage":"es","potentialAction":[{"@type":"CommentAction","name":"Comment","target":["https:\/\/innoticiasbo.com\/index.php\/2026\/03\/12\/mas-de-dos-meses-sin-rastro-del-joyero-su-familia-vive-en-angustia\/#respond"]}]},{"@type":"WebPage","@id":"https:\/\/innoticiasbo.com\/index.php\/2026\/03\/12\/mas-de-dos-meses-sin-rastro-del-joyero-su-familia-vive-en-angustia\/","url":"https:\/\/innoticiasbo.com\/index.php\/2026\/03\/12\/mas-de-dos-meses-sin-rastro-del-joyero-su-familia-vive-en-angustia\/","name":"M\u00c1S DE DOS MESES SIN RASTRO DEL JOYERO; SU FAMILIA VIVE EN ANGUSTIA - innoticiasbo.com","isPartOf":{"@id":"https:\/\/innoticiasbo.com\/#website"},"primaryImageOfPage":{"@id":"https:\/\/innoticiasbo.com\/index.php\/2026\/03\/12\/mas-de-dos-meses-sin-rastro-del-joyero-su-familia-vive-en-angustia\/#primaryimage"},"image":{"@id":"https:\/\/innoticiasbo.com\/index.php\/2026\/03\/12\/mas-de-dos-meses-sin-rastro-del-joyero-su-familia-vive-en-angustia\/#primaryimage"},"thumbnailUrl":"https:\/\/i0.wp.com\/innoticiasbo.com\/wp-content\/uploads\/2026\/03\/image-159.png?fit=960%2C539&ssl=1","datePublished":"2026-03-12T15:29:44+00:00","dateModified":"2026-03-12T15:29:46+00:00","breadcrumb":{"@id":"https:\/\/innoticiasbo.com\/index.php\/2026\/03\/12\/mas-de-dos-meses-sin-rastro-del-joyero-su-familia-vive-en-angustia\/#breadcrumb"},"inLanguage":"es","potentialAction":[{"@type":"ReadAction","target":["https:\/\/innoticiasbo.com\/index.php\/2026\/03\/12\/mas-de-dos-meses-sin-rastro-del-joyero-su-familia-vive-en-angustia\/"]}]},{"@type":"ImageObject","inLanguage":"es","@id":"https:\/\/innoticiasbo.com\/index.php\/2026\/03\/12\/mas-de-dos-meses-sin-rastro-del-joyero-su-familia-vive-en-angustia\/#primaryimage","url":"https:\/\/i0.wp.com\/innoticiasbo.com\/wp-content\/uploads\/2026\/03\/image-159.png?fit=960%2C539&ssl=1","contentUrl":"https:\/\/i0.wp.com\/innoticiasbo.com\/wp-content\/uploads\/2026\/03\/image-159.png?fit=960%2C539&ssl=1","width":960,"height":539},{"@type":"BreadcrumbList","@id":"https:\/\/innoticiasbo.com\/index.php\/2026\/03\/12\/mas-de-dos-meses-sin-rastro-del-joyero-su-familia-vive-en-angustia\/#breadcrumb","itemListElement":[{"@type":"ListItem","position":1,"name":"Portada","item":"https:\/\/innoticiasbo.com\/"},{"@type":"ListItem","position":2,"name":"M\u00c1S DE DOS MESES SIN RASTRO DEL JOYERO; SU FAMILIA VIVE EN ANGUSTIA"}]},{"@type":"WebSite","@id":"https:\/\/innoticiasbo.com\/#website","url":"https:\/\/innoticiasbo.com\/","name":"innoticiasbo.com","description":"","publisher":{"@id":"https:\/\/innoticiasbo.com\/#organization"},"potentialAction":[{"@type":"SearchAction","target":{"@type":"EntryPoint","urlTemplate":"https:\/\/innoticiasbo.com\/?s={search_term_string}"},"query-input":{"@type":"PropertyValueSpecification","valueRequired":true,"valueName":"search_term_string"}}],"inLanguage":"es"},{"@type":"Organization","@id":"https:\/\/innoticiasbo.com\/#organization","name":"innoticiasbo.com","url":"https:\/\/innoticiasbo.com\/","logo":{"@type":"ImageObject","inLanguage":"es","@id":"https:\/\/innoticiasbo.com\/#\/schema\/logo\/image\/","url":"https:\/\/i0.wp.com\/innoticiasbo.com\/wp-content\/uploads\/2026\/04\/cropped-IN-LOGO.png?fit=1476%2C1476&ssl=1","contentUrl":"https:\/\/i0.wp.com\/innoticiasbo.com\/wp-content\/uploads\/2026\/04\/cropped-IN-LOGO.png?fit=1476%2C1476&ssl=1","width":1476,"height":1476,"caption":"innoticiasbo.com"},"image":{"@id":"https:\/\/innoticiasbo.com\/#\/schema\/logo\/image\/"},"sameAs":["https:\/\/www.facebook.com\/innoticiasbolivia","https:\/\/x.com\/innoticiasbo","https:\/\/www.instagram.com\/innoticiasbo","https:\/\/www.youtube.com\/innoticiasbo"]},{"@type":"Person","@id":"https:\/\/innoticiasbo.com\/#\/schema\/person\/0b28481e8d0316f83a13bc702311def5","name":"Prensa 11","image":{"@type":"ImageObject","inLanguage":"es","@id":"https:\/\/innoticiasbo.com\/#\/schema\/person\/image\/","url":"https:\/\/secure.gravatar.com\/avatar\/696560c17349f1807a610bf83832bad0?s=96&d=mm&r=g","contentUrl":"https:\/\/secure.gravatar.com\/avatar\/696560c17349f1807a610bf83832bad0?s=96&d=mm&r=g","caption":"Prensa 11"},"sameAs":["http:\/\/www.innoticiasbo.com"],"url":"https:\/\/innoticiasbo.com\/index.php\/author\/prensa-11\/"}]}},"jetpack_featured_media_url":"https:\/\/i0.wp.com\/innoticiasbo.com\/wp-content\/uploads\/2026\/03\/image-159.png?fit=960%2C539&ssl=1","jetpack_likes_enabled":true,"jetpack_sharing_enabled":true,"jetpack_shortlink":"https:\/\/wp.me\/pg298x-2ty","_links":{"self":[{"href":"https:\/\/innoticiasbo.com\/index.php\/wp-json\/wp\/v2\/posts\/9520","targetHints":{"allow":["GET"]}}],"collection":[{"href":"https:\/\/innoticiasbo.com\/index.php\/wp-json\/wp\/v2\/posts"}],"about":[{"href":"https:\/\/innoticiasbo.com\/index.php\/wp-json\/wp\/v2\/types\/post"}],"author":[{"embeddable":true,"href":"https:\/\/innoticiasbo.com\/index.php\/wp-json\/wp\/v2\/users\/11"}],"replies":[{"embeddable":true,"href":"https:\/\/innoticiasbo.com\/index.php\/wp-json\/wp\/v2\/comments?post=9520"}],"version-history":[{"count":1,"href":"https:\/\/innoticiasbo.com\/index.php\/wp-json\/wp\/v2\/posts\/9520\/revisions"}],"predecessor-version":[{"id":9522,"href":"https:\/\/innoticiasbo.com\/index.php\/wp-json\/wp\/v2\/posts\/9520\/revisions\/9522"}],"wp:featuredmedia":[{"embeddable":true,"href":"https:\/\/innoticiasbo.com\/index.php\/wp-json\/wp\/v2\/media\/9521"}],"wp:attachment":[{"href":"https:\/\/innoticiasbo.com\/index.php\/wp-json\/wp\/v2\/media?parent=9520"}],"wp:term":[{"taxonomy":"category","embeddable":true,"href":"https:\/\/innoticiasbo.com\/index.php\/wp-json\/wp\/v2\/categories?post=9520"},{"taxonomy":"post_tag","embeddable":true,"href":"https:\/\/innoticiasbo.com\/index.php\/wp-json\/wp\/v2\/tags?post=9520"}],"curies":[{"name":"wp","href":"https:\/\/api.w.org\/{rel}","templated":true}]}}