{"id":9517,"date":"2026-03-12T11:19:25","date_gmt":"2026-03-12T15:19:25","guid":{"rendered":"https:\/\/innoticiasbo.com\/?p=9517"},"modified":"2026-03-12T11:19:27","modified_gmt":"2026-03-12T15:19:27","slug":"boa-recupera-un-boeing-y-amplia-su-flota-a-13-aviones","status":"publish","type":"post","link":"https:\/\/innoticiasbo.com\/index.php\/2026\/03\/12\/boa-recupera-un-boeing-y-amplia-su-flota-a-13-aviones\/","title":{"rendered":"BOA RECUPERA UN BOEING Y AMPL\u00cdA SU FLOTA A 13 AVIONES"},"content":{"rendered":"\n<figure class=\"wp-block-image size-full\"><img data-recalc-dims=\"1\" loading=\"lazy\" decoding=\"async\" width=\"640\" height=\"357\" src=\"https:\/\/i0.wp.com\/innoticiasbo.com\/wp-content\/uploads\/2026\/03\/image-158.png?resize=640%2C357&#038;ssl=1\" alt=\"\" class=\"wp-image-9518\" srcset=\"https:\/\/i0.wp.com\/innoticiasbo.com\/wp-content\/uploads\/2026\/03\/image-158.png?w=770&amp;ssl=1 770w, https:\/\/i0.wp.com\/innoticiasbo.com\/wp-content\/uploads\/2026\/03\/image-158.png?resize=300%2C168&amp;ssl=1 300w, https:\/\/i0.wp.com\/innoticiasbo.com\/wp-content\/uploads\/2026\/03\/image-158.png?resize=768%2C429&amp;ssl=1 768w\" sizes=\"auto, (max-width: 640px) 100vw, 640px\" \/><\/figure>\n\n\n\n<p><strong>Pa\u00eds, 12 de Marzo de 2026.- <\/strong>La aerol\u00ednea Boliviana de Aviaci\u00f3n (BoA) recuper\u00f3 una aeronave con lo que su flota creci\u00f3 a 13 aviones, inform\u00f3 este mi\u00e9rcoles el ministro de Obras P\u00fablicas, Mauricio Zamora.<\/p>\n\n\n\n<p>\u201cYa tenemos 13 aviones a disposici\u00f3n de nuestra poblaci\u00f3n (\u2026). Anoche lleg\u00f3 otro avi\u00f3n que no es alquilado, es un avi\u00f3n recuperado\u201d, revel\u00f3 el ministro.<\/p>\n\n\n\n<p>Zamora indic\u00f3 que, al iniciar su gesti\u00f3n, BoA dispon\u00eda de ocho aviones, lo que le imped\u00eda prestar un buen servicio a los usuarios. Ante ello, se activ\u00f3 un plan de reactivaci\u00f3n que dio resultados.<\/p>\n\n\n\n<p>\u201cLleg\u00f3 un avi\u00f3n Boeing 737- 800 que hemos recuperado (\u2026), ya est\u00e1 en Bolivia y por el momento ya tenemos 13 aviones a disposici\u00f3n de nuestra poblaci\u00f3n\u201d, afirm\u00f3 Zamora.<\/p>\n\n\n\n<p>Explic\u00f3 que es una de las aeronaves que la anterior gesti\u00f3n de gobierno del Movimiento Al Socialismo (MAS) \u201cdej\u00f3 en tierra y generaba gastos\u201d.<\/p>\n\n\n\n<p>En el marco del plan de reactivaci\u00f3n, se prioriza el mantenimiento de esas aeronaves para fortalecer a la aerol\u00ednea estatal y se potencian el hangar del aeropuerto Jorge Wilstermann de Cochabamba.<\/p>\n\n\n\n<p>\u201c(Se) ahorrar\u00e1 m\u00e1s de cinco millones de d\u00f3lares al a\u00f1o por hacer nuestro propio mantenimiento y eso significa que tenemos capital humano que tiene toda la capacidad\u201d, resalt\u00f3 Zamora.<\/p>\n\n\n\n<p>Fuente: Los Tiempos<\/p>\n","protected":false},"excerpt":{"rendered":"<p>Pa\u00eds, 12 de Marzo de 2026.- La aerol\u00ednea Boliviana de Aviaci\u00f3n (BoA) recuper\u00f3 una aeronave con lo que su flota creci\u00f3 a 13 aviones, inform\u00f3 este mi\u00e9rcoles el ministro de Obras P\u00fablicas, Mauricio Zamora. \u201cYa tenemos 13 aviones a disposici\u00f3n de nuestra poblaci\u00f3n (\u2026). Anoche lleg\u00f3 otro avi\u00f3n que no es alquilado, es un avi\u00f3n&#8230;<\/p>\n","protected":false},"author":11,"featured_media":9518,"comment_status":"open","ping_status":"open","sticky":false,"template":"","format":"standard","meta":{"_jetpack_memberships_contains_paid_content":false,"footnotes":"","jetpack_publicize_message":"","jetpack_publicize_feature_enabled":true,"jetpack_social_post_already_shared":true,"jetpack_social_options":{"image_generator_settings":{"template":"highway","enabled":false},"version":2}},"categories":[1,16],"tags":[1435,744,1448,106,7,1447,18],"class_list":["post-9517","post","type-post","status-publish","format-standard","has-post-thumbnail","hentry","category-bolivia","category-economia","tag-aviacion","tag-avion","tag-aviones","tag-boa","tag-bolivia","tag-boliviana-de-aviacion","tag-economia"],"jetpack_publicize_connections":[],"yoast_head":"<!-- This site is optimized with the Yoast SEO plugin v23.4 - https:\/\/yoast.com\/wordpress\/plugins\/seo\/ -->\n<title>BOA RECUPERA UN BOEING Y AMPL\u00cdA SU FLOTA A 13 AVIONES - innoticiasbo.com<\/title>\n<meta name=\"robots\" content=\"index, follow, max-snippet:-1, max-image-preview:large, max-video-preview:-1\" \/>\n<link rel=\"canonical\" href=\"https:\/\/innoticiasbo.com\/index.php\/2026\/03\/12\/boa-recupera-un-boeing-y-amplia-su-flota-a-13-aviones\/\" \/>\n<meta property=\"og:locale\" content=\"es_ES\" \/>\n<meta property=\"og:type\" content=\"article\" \/>\n<meta property=\"og:title\" content=\"BOA RECUPERA UN BOEING Y AMPL\u00cdA SU FLOTA A 13 AVIONES - innoticiasbo.com\" \/>\n<meta property=\"og:description\" content=\"Pa\u00eds, 12 de Marzo de 2026.- La aerol\u00ednea Boliviana de Aviaci\u00f3n (BoA) recuper\u00f3 una aeronave con lo que su flota creci\u00f3 a 13 aviones, inform\u00f3 este mi\u00e9rcoles el ministro de Obras P\u00fablicas, Mauricio Zamora. \u201cYa tenemos 13 aviones a disposici\u00f3n de nuestra poblaci\u00f3n (\u2026). Anoche lleg\u00f3 otro avi\u00f3n que no es alquilado, es un avi\u00f3n...\" \/>\n<meta property=\"og:url\" content=\"https:\/\/innoticiasbo.com\/index.php\/2026\/03\/12\/boa-recupera-un-boeing-y-amplia-su-flota-a-13-aviones\/\" \/>\n<meta property=\"og:site_name\" content=\"innoticiasbo.com\" \/>\n<meta property=\"article:publisher\" content=\"https:\/\/www.facebook.com\/innoticiasbolivia\" \/>\n<meta property=\"article:published_time\" content=\"2026-03-12T15:19:25+00:00\" \/>\n<meta property=\"article:modified_time\" content=\"2026-03-12T15:19:27+00:00\" \/>\n<meta property=\"og:image\" content=\"https:\/\/innoticiasbo.com\/wp-content\/uploads\/2026\/03\/image-158.png\" \/>\n\t<meta property=\"og:image:width\" content=\"770\" \/>\n\t<meta property=\"og:image:height\" content=\"430\" \/>\n\t<meta property=\"og:image:type\" content=\"image\/png\" \/>\n<meta name=\"author\" content=\"Prensa 11\" \/>\n<meta name=\"twitter:card\" content=\"summary_large_image\" \/>\n<meta name=\"twitter:creator\" content=\"@innoticiasbo\" \/>\n<meta name=\"twitter:site\" content=\"@innoticiasbo\" \/>\n<meta name=\"twitter:label1\" content=\"Escrito por\" \/>\n\t<meta name=\"twitter:data1\" content=\"Prensa 11\" \/>\n\t<meta name=\"twitter:label2\" content=\"Tiempo de lectura\" \/>\n\t<meta name=\"twitter:data2\" content=\"2 minutos\" \/>\n<script type=\"application\/ld+json\" class=\"yoast-schema-graph\">{\"@context\":\"https:\/\/schema.org\",\"@graph\":[{\"@type\":\"Article\",\"@id\":\"https:\/\/innoticiasbo.com\/index.php\/2026\/03\/12\/boa-recupera-un-boeing-y-amplia-su-flota-a-13-aviones\/#article\",\"isPartOf\":{\"@id\":\"https:\/\/innoticiasbo.com\/index.php\/2026\/03\/12\/boa-recupera-un-boeing-y-amplia-su-flota-a-13-aviones\/\"},\"author\":{\"name\":\"Prensa 11\",\"@id\":\"https:\/\/innoticiasbo.com\/#\/schema\/person\/0b28481e8d0316f83a13bc702311def5\"},\"headline\":\"BOA RECUPERA UN BOEING Y AMPL\u00cdA SU FLOTA A 13 AVIONES\",\"datePublished\":\"2026-03-12T15:19:25+00:00\",\"dateModified\":\"2026-03-12T15:19:27+00:00\",\"mainEntityOfPage\":{\"@id\":\"https:\/\/innoticiasbo.com\/index.php\/2026\/03\/12\/boa-recupera-un-boeing-y-amplia-su-flota-a-13-aviones\/\"},\"wordCount\":235,\"commentCount\":0,\"publisher\":{\"@id\":\"https:\/\/innoticiasbo.com\/#organization\"},\"image\":{\"@id\":\"https:\/\/innoticiasbo.com\/index.php\/2026\/03\/12\/boa-recupera-un-boeing-y-amplia-su-flota-a-13-aviones\/#primaryimage\"},\"thumbnailUrl\":\"https:\/\/i0.wp.com\/innoticiasbo.com\/wp-content\/uploads\/2026\/03\/image-158.png?fit=770%2C430&ssl=1\",\"keywords\":[\"aviaci\u00f3n\",\"avi\u00f3n\",\"aviones\",\"Boa\",\"Bolivia\",\"Boliviana de Aviaci\u00f3n\",\"econom\u00eda\"],\"articleSection\":[\"Bolivia\",\"Econom\u00eda\"],\"inLanguage\":\"es\",\"potentialAction\":[{\"@type\":\"CommentAction\",\"name\":\"Comment\",\"target\":[\"https:\/\/innoticiasbo.com\/index.php\/2026\/03\/12\/boa-recupera-un-boeing-y-amplia-su-flota-a-13-aviones\/#respond\"]}]},{\"@type\":\"WebPage\",\"@id\":\"https:\/\/innoticiasbo.com\/index.php\/2026\/03\/12\/boa-recupera-un-boeing-y-amplia-su-flota-a-13-aviones\/\",\"url\":\"https:\/\/innoticiasbo.com\/index.php\/2026\/03\/12\/boa-recupera-un-boeing-y-amplia-su-flota-a-13-aviones\/\",\"name\":\"BOA RECUPERA UN BOEING Y AMPL\u00cdA SU FLOTA A 13 AVIONES - innoticiasbo.com\",\"isPartOf\":{\"@id\":\"https:\/\/innoticiasbo.com\/#website\"},\"primaryImageOfPage\":{\"@id\":\"https:\/\/innoticiasbo.com\/index.php\/2026\/03\/12\/boa-recupera-un-boeing-y-amplia-su-flota-a-13-aviones\/#primaryimage\"},\"image\":{\"@id\":\"https:\/\/innoticiasbo.com\/index.php\/2026\/03\/12\/boa-recupera-un-boeing-y-amplia-su-flota-a-13-aviones\/#primaryimage\"},\"thumbnailUrl\":\"https:\/\/i0.wp.com\/innoticiasbo.com\/wp-content\/uploads\/2026\/03\/image-158.png?fit=770%2C430&ssl=1\",\"datePublished\":\"2026-03-12T15:19:25+00:00\",\"dateModified\":\"2026-03-12T15:19:27+00:00\",\"breadcrumb\":{\"@id\":\"https:\/\/innoticiasbo.com\/index.php\/2026\/03\/12\/boa-recupera-un-boeing-y-amplia-su-flota-a-13-aviones\/#breadcrumb\"},\"inLanguage\":\"es\",\"potentialAction\":[{\"@type\":\"ReadAction\",\"target\":[\"https:\/\/innoticiasbo.com\/index.php\/2026\/03\/12\/boa-recupera-un-boeing-y-amplia-su-flota-a-13-aviones\/\"]}]},{\"@type\":\"ImageObject\",\"inLanguage\":\"es\",\"@id\":\"https:\/\/innoticiasbo.com\/index.php\/2026\/03\/12\/boa-recupera-un-boeing-y-amplia-su-flota-a-13-aviones\/#primaryimage\",\"url\":\"https:\/\/i0.wp.com\/innoticiasbo.com\/wp-content\/uploads\/2026\/03\/image-158.png?fit=770%2C430&ssl=1\",\"contentUrl\":\"https:\/\/i0.wp.com\/innoticiasbo.com\/wp-content\/uploads\/2026\/03\/image-158.png?fit=770%2C430&ssl=1\",\"width\":770,\"height\":430},{\"@type\":\"BreadcrumbList\",\"@id\":\"https:\/\/innoticiasbo.com\/index.php\/2026\/03\/12\/boa-recupera-un-boeing-y-amplia-su-flota-a-13-aviones\/#breadcrumb\",\"itemListElement\":[{\"@type\":\"ListItem\",\"position\":1,\"name\":\"Portada\",\"item\":\"https:\/\/innoticiasbo.com\/\"},{\"@type\":\"ListItem\",\"position\":2,\"name\":\"BOA RECUPERA UN BOEING Y AMPL\u00cdA SU FLOTA A 13 AVIONES\"}]},{\"@type\":\"WebSite\",\"@id\":\"https:\/\/innoticiasbo.com\/#website\",\"url\":\"https:\/\/innoticiasbo.com\/\",\"name\":\"innoticiasbo.com\",\"description\":\"\",\"publisher\":{\"@id\":\"https:\/\/innoticiasbo.com\/#organization\"},\"potentialAction\":[{\"@type\":\"SearchAction\",\"target\":{\"@type\":\"EntryPoint\",\"urlTemplate\":\"https:\/\/innoticiasbo.com\/?s={search_term_string}\"},\"query-input\":{\"@type\":\"PropertyValueSpecification\",\"valueRequired\":true,\"valueName\":\"search_term_string\"}}],\"inLanguage\":\"es\"},{\"@type\":\"Organization\",\"@id\":\"https:\/\/innoticiasbo.com\/#organization\",\"name\":\"innoticiasbo.com\",\"url\":\"https:\/\/innoticiasbo.com\/\",\"logo\":{\"@type\":\"ImageObject\",\"inLanguage\":\"es\",\"@id\":\"https:\/\/innoticiasbo.com\/#\/schema\/logo\/image\/\",\"url\":\"https:\/\/i0.wp.com\/innoticiasbo.com\/wp-content\/uploads\/2026\/04\/cropped-IN-LOGO.png?fit=1476%2C1476&ssl=1\",\"contentUrl\":\"https:\/\/i0.wp.com\/innoticiasbo.com\/wp-content\/uploads\/2026\/04\/cropped-IN-LOGO.png?fit=1476%2C1476&ssl=1\",\"width\":1476,\"height\":1476,\"caption\":\"innoticiasbo.com\"},\"image\":{\"@id\":\"https:\/\/innoticiasbo.com\/#\/schema\/logo\/image\/\"},\"sameAs\":[\"https:\/\/www.facebook.com\/innoticiasbolivia\",\"https:\/\/x.com\/innoticiasbo\",\"https:\/\/www.instagram.com\/innoticiasbo\",\"https:\/\/www.youtube.com\/innoticiasbo\"]},{\"@type\":\"Person\",\"@id\":\"https:\/\/innoticiasbo.com\/#\/schema\/person\/0b28481e8d0316f83a13bc702311def5\",\"name\":\"Prensa 11\",\"image\":{\"@type\":\"ImageObject\",\"inLanguage\":\"es\",\"@id\":\"https:\/\/innoticiasbo.com\/#\/schema\/person\/image\/\",\"url\":\"https:\/\/secure.gravatar.com\/avatar\/696560c17349f1807a610bf83832bad0?s=96&d=mm&r=g\",\"contentUrl\":\"https:\/\/secure.gravatar.com\/avatar\/696560c17349f1807a610bf83832bad0?s=96&d=mm&r=g\",\"caption\":\"Prensa 11\"},\"sameAs\":[\"http:\/\/www.innoticiasbo.com\"],\"url\":\"https:\/\/innoticiasbo.com\/index.php\/author\/prensa-11\/\"}]}<\/script>\n<!-- \/ Yoast SEO plugin. -->","yoast_head_json":{"title":"BOA RECUPERA UN BOEING Y AMPL\u00cdA SU FLOTA A 13 AVIONES - innoticiasbo.com","robots":{"index":"index","follow":"follow","max-snippet":"max-snippet:-1","max-image-preview":"max-image-preview:large","max-video-preview":"max-video-preview:-1"},"canonical":"https:\/\/innoticiasbo.com\/index.php\/2026\/03\/12\/boa-recupera-un-boeing-y-amplia-su-flota-a-13-aviones\/","og_locale":"es_ES","og_type":"article","og_title":"BOA RECUPERA UN BOEING Y AMPL\u00cdA SU FLOTA A 13 AVIONES - innoticiasbo.com","og_description":"Pa\u00eds, 12 de Marzo de 2026.- La aerol\u00ednea Boliviana de Aviaci\u00f3n (BoA) recuper\u00f3 una aeronave con lo que su flota creci\u00f3 a 13 aviones, inform\u00f3 este mi\u00e9rcoles el ministro de Obras P\u00fablicas, Mauricio Zamora. \u201cYa tenemos 13 aviones a disposici\u00f3n de nuestra poblaci\u00f3n (\u2026). Anoche lleg\u00f3 otro avi\u00f3n que no es alquilado, es un avi\u00f3n...","og_url":"https:\/\/innoticiasbo.com\/index.php\/2026\/03\/12\/boa-recupera-un-boeing-y-amplia-su-flota-a-13-aviones\/","og_site_name":"innoticiasbo.com","article_publisher":"https:\/\/www.facebook.com\/innoticiasbolivia","article_published_time":"2026-03-12T15:19:25+00:00","article_modified_time":"2026-03-12T15:19:27+00:00","og_image":[{"width":770,"height":430,"url":"https:\/\/innoticiasbo.com\/wp-content\/uploads\/2026\/03\/image-158.png","type":"image\/png"}],"author":"Prensa 11","twitter_card":"summary_large_image","twitter_creator":"@innoticiasbo","twitter_site":"@innoticiasbo","twitter_misc":{"Escrito por":"Prensa 11","Tiempo de lectura":"2 minutos"},"schema":{"@context":"https:\/\/schema.org","@graph":[{"@type":"Article","@id":"https:\/\/innoticiasbo.com\/index.php\/2026\/03\/12\/boa-recupera-un-boeing-y-amplia-su-flota-a-13-aviones\/#article","isPartOf":{"@id":"https:\/\/innoticiasbo.com\/index.php\/2026\/03\/12\/boa-recupera-un-boeing-y-amplia-su-flota-a-13-aviones\/"},"author":{"name":"Prensa 11","@id":"https:\/\/innoticiasbo.com\/#\/schema\/person\/0b28481e8d0316f83a13bc702311def5"},"headline":"BOA RECUPERA UN BOEING Y AMPL\u00cdA SU FLOTA A 13 AVIONES","datePublished":"2026-03-12T15:19:25+00:00","dateModified":"2026-03-12T15:19:27+00:00","mainEntityOfPage":{"@id":"https:\/\/innoticiasbo.com\/index.php\/2026\/03\/12\/boa-recupera-un-boeing-y-amplia-su-flota-a-13-aviones\/"},"wordCount":235,"commentCount":0,"publisher":{"@id":"https:\/\/innoticiasbo.com\/#organization"},"image":{"@id":"https:\/\/innoticiasbo.com\/index.php\/2026\/03\/12\/boa-recupera-un-boeing-y-amplia-su-flota-a-13-aviones\/#primaryimage"},"thumbnailUrl":"https:\/\/i0.wp.com\/innoticiasbo.com\/wp-content\/uploads\/2026\/03\/image-158.png?fit=770%2C430&ssl=1","keywords":["aviaci\u00f3n","avi\u00f3n","aviones","Boa","Bolivia","Boliviana de Aviaci\u00f3n","econom\u00eda"],"articleSection":["Bolivia","Econom\u00eda"],"inLanguage":"es","potentialAction":[{"@type":"CommentAction","name":"Comment","target":["https:\/\/innoticiasbo.com\/index.php\/2026\/03\/12\/boa-recupera-un-boeing-y-amplia-su-flota-a-13-aviones\/#respond"]}]},{"@type":"WebPage","@id":"https:\/\/innoticiasbo.com\/index.php\/2026\/03\/12\/boa-recupera-un-boeing-y-amplia-su-flota-a-13-aviones\/","url":"https:\/\/innoticiasbo.com\/index.php\/2026\/03\/12\/boa-recupera-un-boeing-y-amplia-su-flota-a-13-aviones\/","name":"BOA RECUPERA UN BOEING Y AMPL\u00cdA SU FLOTA A 13 AVIONES - innoticiasbo.com","isPartOf":{"@id":"https:\/\/innoticiasbo.com\/#website"},"primaryImageOfPage":{"@id":"https:\/\/innoticiasbo.com\/index.php\/2026\/03\/12\/boa-recupera-un-boeing-y-amplia-su-flota-a-13-aviones\/#primaryimage"},"image":{"@id":"https:\/\/innoticiasbo.com\/index.php\/2026\/03\/12\/boa-recupera-un-boeing-y-amplia-su-flota-a-13-aviones\/#primaryimage"},"thumbnailUrl":"https:\/\/i0.wp.com\/innoticiasbo.com\/wp-content\/uploads\/2026\/03\/image-158.png?fit=770%2C430&ssl=1","datePublished":"2026-03-12T15:19:25+00:00","dateModified":"2026-03-12T15:19:27+00:00","breadcrumb":{"@id":"https:\/\/innoticiasbo.com\/index.php\/2026\/03\/12\/boa-recupera-un-boeing-y-amplia-su-flota-a-13-aviones\/#breadcrumb"},"inLanguage":"es","potentialAction":[{"@type":"ReadAction","target":["https:\/\/innoticiasbo.com\/index.php\/2026\/03\/12\/boa-recupera-un-boeing-y-amplia-su-flota-a-13-aviones\/"]}]},{"@type":"ImageObject","inLanguage":"es","@id":"https:\/\/innoticiasbo.com\/index.php\/2026\/03\/12\/boa-recupera-un-boeing-y-amplia-su-flota-a-13-aviones\/#primaryimage","url":"https:\/\/i0.wp.com\/innoticiasbo.com\/wp-content\/uploads\/2026\/03\/image-158.png?fit=770%2C430&ssl=1","contentUrl":"https:\/\/i0.wp.com\/innoticiasbo.com\/wp-content\/uploads\/2026\/03\/image-158.png?fit=770%2C430&ssl=1","width":770,"height":430},{"@type":"BreadcrumbList","@id":"https:\/\/innoticiasbo.com\/index.php\/2026\/03\/12\/boa-recupera-un-boeing-y-amplia-su-flota-a-13-aviones\/#breadcrumb","itemListElement":[{"@type":"ListItem","position":1,"name":"Portada","item":"https:\/\/innoticiasbo.com\/"},{"@type":"ListItem","position":2,"name":"BOA RECUPERA UN BOEING Y AMPL\u00cdA SU FLOTA A 13 AVIONES"}]},{"@type":"WebSite","@id":"https:\/\/innoticiasbo.com\/#website","url":"https:\/\/innoticiasbo.com\/","name":"innoticiasbo.com","description":"","publisher":{"@id":"https:\/\/innoticiasbo.com\/#organization"},"potentialAction":[{"@type":"SearchAction","target":{"@type":"EntryPoint","urlTemplate":"https:\/\/innoticiasbo.com\/?s={search_term_string}"},"query-input":{"@type":"PropertyValueSpecification","valueRequired":true,"valueName":"search_term_string"}}],"inLanguage":"es"},{"@type":"Organization","@id":"https:\/\/innoticiasbo.com\/#organization","name":"innoticiasbo.com","url":"https:\/\/innoticiasbo.com\/","logo":{"@type":"ImageObject","inLanguage":"es","@id":"https:\/\/innoticiasbo.com\/#\/schema\/logo\/image\/","url":"https:\/\/i0.wp.com\/innoticiasbo.com\/wp-content\/uploads\/2026\/04\/cropped-IN-LOGO.png?fit=1476%2C1476&ssl=1","contentUrl":"https:\/\/i0.wp.com\/innoticiasbo.com\/wp-content\/uploads\/2026\/04\/cropped-IN-LOGO.png?fit=1476%2C1476&ssl=1","width":1476,"height":1476,"caption":"innoticiasbo.com"},"image":{"@id":"https:\/\/innoticiasbo.com\/#\/schema\/logo\/image\/"},"sameAs":["https:\/\/www.facebook.com\/innoticiasbolivia","https:\/\/x.com\/innoticiasbo","https:\/\/www.instagram.com\/innoticiasbo","https:\/\/www.youtube.com\/innoticiasbo"]},{"@type":"Person","@id":"https:\/\/innoticiasbo.com\/#\/schema\/person\/0b28481e8d0316f83a13bc702311def5","name":"Prensa 11","image":{"@type":"ImageObject","inLanguage":"es","@id":"https:\/\/innoticiasbo.com\/#\/schema\/person\/image\/","url":"https:\/\/secure.gravatar.com\/avatar\/696560c17349f1807a610bf83832bad0?s=96&d=mm&r=g","contentUrl":"https:\/\/secure.gravatar.com\/avatar\/696560c17349f1807a610bf83832bad0?s=96&d=mm&r=g","caption":"Prensa 11"},"sameAs":["http:\/\/www.innoticiasbo.com"],"url":"https:\/\/innoticiasbo.com\/index.php\/author\/prensa-11\/"}]}},"jetpack_featured_media_url":"https:\/\/i0.wp.com\/innoticiasbo.com\/wp-content\/uploads\/2026\/03\/image-158.png?fit=770%2C430&ssl=1","jetpack_likes_enabled":true,"jetpack_sharing_enabled":true,"jetpack_shortlink":"https:\/\/wp.me\/pg298x-2tv","_links":{"self":[{"href":"https:\/\/innoticiasbo.com\/index.php\/wp-json\/wp\/v2\/posts\/9517","targetHints":{"allow":["GET"]}}],"collection":[{"href":"https:\/\/innoticiasbo.com\/index.php\/wp-json\/wp\/v2\/posts"}],"about":[{"href":"https:\/\/innoticiasbo.com\/index.php\/wp-json\/wp\/v2\/types\/post"}],"author":[{"embeddable":true,"href":"https:\/\/innoticiasbo.com\/index.php\/wp-json\/wp\/v2\/users\/11"}],"replies":[{"embeddable":true,"href":"https:\/\/innoticiasbo.com\/index.php\/wp-json\/wp\/v2\/comments?post=9517"}],"version-history":[{"count":1,"href":"https:\/\/innoticiasbo.com\/index.php\/wp-json\/wp\/v2\/posts\/9517\/revisions"}],"predecessor-version":[{"id":9519,"href":"https:\/\/innoticiasbo.com\/index.php\/wp-json\/wp\/v2\/posts\/9517\/revisions\/9519"}],"wp:featuredmedia":[{"embeddable":true,"href":"https:\/\/innoticiasbo.com\/index.php\/wp-json\/wp\/v2\/media\/9518"}],"wp:attachment":[{"href":"https:\/\/innoticiasbo.com\/index.php\/wp-json\/wp\/v2\/media?parent=9517"}],"wp:term":[{"taxonomy":"category","embeddable":true,"href":"https:\/\/innoticiasbo.com\/index.php\/wp-json\/wp\/v2\/categories?post=9517"},{"taxonomy":"post_tag","embeddable":true,"href":"https:\/\/innoticiasbo.com\/index.php\/wp-json\/wp\/v2\/tags?post=9517"}],"curies":[{"name":"wp","href":"https:\/\/api.w.org\/{rel}","templated":true}]}}