{"id":9510,"date":"2026-03-12T10:57:53","date_gmt":"2026-03-12T14:57:53","guid":{"rendered":"https:\/\/innoticiasbo.com\/?p=9510"},"modified":"2026-03-12T10:57:55","modified_gmt":"2026-03-12T14:57:55","slug":"viedma-lanza-la-campana-marcapaso-solidario-con-apoyo-internacional","status":"publish","type":"post","link":"https:\/\/innoticiasbo.com\/index.php\/2026\/03\/12\/viedma-lanza-la-campana-marcapaso-solidario-con-apoyo-internacional\/","title":{"rendered":"VIEDMA LANZA LA CAMPA\u00d1A \u201cMARCAPASO SOLIDARIO\u201d CON APOYO INTERNACIONAL"},"content":{"rendered":"\n<figure class=\"wp-block-image size-full\"><img data-recalc-dims=\"1\" loading=\"lazy\" decoding=\"async\" width=\"640\" height=\"357\" src=\"https:\/\/i0.wp.com\/innoticiasbo.com\/wp-content\/uploads\/2026\/03\/image-156.png?resize=640%2C357&#038;ssl=1\" alt=\"\" class=\"wp-image-9512\" srcset=\"https:\/\/i0.wp.com\/innoticiasbo.com\/wp-content\/uploads\/2026\/03\/image-156.png?w=770&amp;ssl=1 770w, https:\/\/i0.wp.com\/innoticiasbo.com\/wp-content\/uploads\/2026\/03\/image-156.png?resize=300%2C168&amp;ssl=1 300w, https:\/\/i0.wp.com\/innoticiasbo.com\/wp-content\/uploads\/2026\/03\/image-156.png?resize=768%2C429&amp;ssl=1 768w\" sizes=\"auto, (max-width: 640px) 100vw, 640px\" \/><\/figure>\n\n\n\n<p><strong>Cochabamba, 12 de Marzo de 2026.-<\/strong> El Hospital Cl\u00ednico Viedma lanz\u00f3 la quinta versi\u00f3n de la campa\u00f1a \u201cMarcapaso solidario para prolongar la vida\u201d, una iniciativa destinada a beneficiar a pacientes de escasos recursos que requieren este dispositivo para tratar enfermedades card\u00edacas, con el apoyo de la Pase.chat Foundation (EEUU) y especialistas en cuidados cardiol\u00f3gicos.<\/p>\n\n\n\n<p>La directora del Viedma, Adela Amaya, destac\u00f3 que la campa\u00f1a est\u00e1 dirigida principalmente a pacientes del Sistema \u00danico de Salud (SUS) y a personas sin seguro que se encuentren en situaci\u00f3n econ\u00f3mica vulnerable. \u201cEste procedimiento realmente prolonga la vida y representa una esperanza para muchos pacientes de nuestra poblaci\u00f3n cochabambina\u201d, afirm\u00f3.<\/p>\n\n\n\n<p>El jefe del Servicio de Cardiolog\u00eda, Carlos C\u00e9spedes, explic\u00f3 que la campa\u00f1a se desarrollar\u00e1 del 20 al 29 de mayo. En este tiempo los cardi\u00f3logos de la fundaci\u00f3n estadounidense trabajar\u00e1n junto al equipo local para implantar los dispositivos. \u201cUn marcapasos puede significar la diferencia entre la vida y la muerte. Este dispositivo permite a los pacientes vivir mejor\u201d, indic\u00f3.<\/p>\n\n\n\n<p><strong>Alcance<\/strong><\/p>\n\n\n\n<p>Se prev\u00e9 la donaci\u00f3n de 60 marcapasos, aunque en a\u00f1os anteriores la fundaci\u00f3n ha aportado unidades adicionales seg\u00fan la demanda y la solidaridad de los donantes. En Bolivia, el costo de un marcapaso oscila de Bs 25.000 a 30.000.<\/p>\n\n\n\n<p>Los pacientes interesados deben registrarse en la Ventanilla 7 del Viedma, donde recibir\u00e1n orientaci\u00f3n para los estudios m\u00e9dicos y la evaluaci\u00f3n social que determinar\u00e1 su elegibilidad.&nbsp;<\/p>\n\n\n\n<p>Cada solicitante pasar\u00e1 primero por el Servicio de Cardiolog\u00eda y el Servicio de Trabajo Social, que coordina con autoridades municipales para garantizar que los beneficiarios sean personas con verdadera necesidad.<\/p>\n\n\n\n<p>La convocatoria estar\u00e1 abierta hasta el 30 de abril y se recomienda a los postulantes acudir cuanto antes para completar todos los procedimientos.&nbsp;<\/p>\n\n\n\n<p>Fuente: Los Tiempos<\/p>\n","protected":false},"excerpt":{"rendered":"<p>Cochabamba, 12 de Marzo de 2026.- El Hospital Cl\u00ednico Viedma lanz\u00f3 la quinta versi\u00f3n de la campa\u00f1a \u201cMarcapaso solidario para prolongar la vida\u201d, una iniciativa destinada a beneficiar a pacientes de escasos recursos que requieren este dispositivo para tratar enfermedades card\u00edacas, con el apoyo de la Pase.chat Foundation (EEUU) y especialistas en cuidados cardiol\u00f3gicos. La&#8230;<\/p>\n","protected":false},"author":11,"featured_media":9512,"comment_status":"open","ping_status":"open","sticky":false,"template":"","format":"standard","meta":{"_jetpack_memberships_contains_paid_content":false,"footnotes":"","jetpack_publicize_message":"","jetpack_publicize_feature_enabled":true,"jetpack_social_post_already_shared":true,"jetpack_social_options":{"image_generator_settings":{"template":"highway","enabled":false},"version":2}},"categories":[2,187],"tags":[284,6,1445,94,1444],"class_list":["post-9510","post","type-post","status-publish","format-standard","has-post-thumbnail","hentry","category-cochabamba","category-salud","tag-campana","tag-cochabamba","tag-hospital-viedma","tag-salud","tag-viedma"],"jetpack_publicize_connections":[],"yoast_head":"<!-- This site is optimized with the Yoast SEO plugin v23.4 - https:\/\/yoast.com\/wordpress\/plugins\/seo\/ -->\n<title>VIEDMA LANZA LA CAMPA\u00d1A \u201cMARCAPASO SOLIDARIO\u201d CON APOYO INTERNACIONAL - innoticiasbo.com<\/title>\n<meta name=\"robots\" content=\"index, follow, max-snippet:-1, max-image-preview:large, max-video-preview:-1\" \/>\n<link rel=\"canonical\" href=\"https:\/\/innoticiasbo.com\/index.php\/2026\/03\/12\/viedma-lanza-la-campana-marcapaso-solidario-con-apoyo-internacional\/\" \/>\n<meta property=\"og:locale\" content=\"es_ES\" \/>\n<meta property=\"og:type\" content=\"article\" \/>\n<meta property=\"og:title\" content=\"VIEDMA LANZA LA CAMPA\u00d1A \u201cMARCAPASO SOLIDARIO\u201d CON APOYO INTERNACIONAL - innoticiasbo.com\" \/>\n<meta property=\"og:description\" content=\"Cochabamba, 12 de Marzo de 2026.- El Hospital Cl\u00ednico Viedma lanz\u00f3 la quinta versi\u00f3n de la campa\u00f1a \u201cMarcapaso solidario para prolongar la vida\u201d, una iniciativa destinada a beneficiar a pacientes de escasos recursos que requieren este dispositivo para tratar enfermedades card\u00edacas, con el apoyo de la Pase.chat Foundation (EEUU) y especialistas en cuidados cardiol\u00f3gicos. La...\" \/>\n<meta property=\"og:url\" content=\"https:\/\/innoticiasbo.com\/index.php\/2026\/03\/12\/viedma-lanza-la-campana-marcapaso-solidario-con-apoyo-internacional\/\" \/>\n<meta property=\"og:site_name\" content=\"innoticiasbo.com\" \/>\n<meta property=\"article:publisher\" content=\"https:\/\/www.facebook.com\/innoticiasbolivia\" \/>\n<meta property=\"article:published_time\" content=\"2026-03-12T14:57:53+00:00\" \/>\n<meta property=\"article:modified_time\" content=\"2026-03-12T14:57:55+00:00\" \/>\n<meta property=\"og:image\" content=\"https:\/\/innoticiasbo.com\/wp-content\/uploads\/2026\/03\/image-156.png\" \/>\n\t<meta property=\"og:image:width\" content=\"770\" \/>\n\t<meta property=\"og:image:height\" content=\"430\" \/>\n\t<meta property=\"og:image:type\" content=\"image\/png\" \/>\n<meta name=\"author\" content=\"Prensa 11\" \/>\n<meta name=\"twitter:card\" content=\"summary_large_image\" \/>\n<meta name=\"twitter:creator\" content=\"@innoticiasbo\" \/>\n<meta name=\"twitter:site\" content=\"@innoticiasbo\" \/>\n<meta name=\"twitter:label1\" content=\"Escrito por\" \/>\n\t<meta name=\"twitter:data1\" content=\"Prensa 11\" \/>\n\t<meta name=\"twitter:label2\" content=\"Tiempo de lectura\" \/>\n\t<meta name=\"twitter:data2\" content=\"2 minutos\" \/>\n<script type=\"application\/ld+json\" class=\"yoast-schema-graph\">{\"@context\":\"https:\/\/schema.org\",\"@graph\":[{\"@type\":\"Article\",\"@id\":\"https:\/\/innoticiasbo.com\/index.php\/2026\/03\/12\/viedma-lanza-la-campana-marcapaso-solidario-con-apoyo-internacional\/#article\",\"isPartOf\":{\"@id\":\"https:\/\/innoticiasbo.com\/index.php\/2026\/03\/12\/viedma-lanza-la-campana-marcapaso-solidario-con-apoyo-internacional\/\"},\"author\":{\"name\":\"Prensa 11\",\"@id\":\"https:\/\/innoticiasbo.com\/#\/schema\/person\/0b28481e8d0316f83a13bc702311def5\"},\"headline\":\"VIEDMA LANZA LA CAMPA\u00d1A \u201cMARCAPASO SOLIDARIO\u201d CON APOYO INTERNACIONAL\",\"datePublished\":\"2026-03-12T14:57:53+00:00\",\"dateModified\":\"2026-03-12T14:57:55+00:00\",\"mainEntityOfPage\":{\"@id\":\"https:\/\/innoticiasbo.com\/index.php\/2026\/03\/12\/viedma-lanza-la-campana-marcapaso-solidario-con-apoyo-internacional\/\"},\"wordCount\":315,\"commentCount\":0,\"publisher\":{\"@id\":\"https:\/\/innoticiasbo.com\/#organization\"},\"image\":{\"@id\":\"https:\/\/innoticiasbo.com\/index.php\/2026\/03\/12\/viedma-lanza-la-campana-marcapaso-solidario-con-apoyo-internacional\/#primaryimage\"},\"thumbnailUrl\":\"https:\/\/i0.wp.com\/innoticiasbo.com\/wp-content\/uploads\/2026\/03\/image-156.png?fit=770%2C430&ssl=1\",\"keywords\":[\"campa\u00f1a\",\"Cochabamba\",\"Hospital Viedma\",\"Salud\",\"Viedma\"],\"articleSection\":[\"Cochabamba\",\"Salud\"],\"inLanguage\":\"es\",\"potentialAction\":[{\"@type\":\"CommentAction\",\"name\":\"Comment\",\"target\":[\"https:\/\/innoticiasbo.com\/index.php\/2026\/03\/12\/viedma-lanza-la-campana-marcapaso-solidario-con-apoyo-internacional\/#respond\"]}]},{\"@type\":\"WebPage\",\"@id\":\"https:\/\/innoticiasbo.com\/index.php\/2026\/03\/12\/viedma-lanza-la-campana-marcapaso-solidario-con-apoyo-internacional\/\",\"url\":\"https:\/\/innoticiasbo.com\/index.php\/2026\/03\/12\/viedma-lanza-la-campana-marcapaso-solidario-con-apoyo-internacional\/\",\"name\":\"VIEDMA LANZA LA CAMPA\u00d1A \u201cMARCAPASO SOLIDARIO\u201d CON APOYO INTERNACIONAL - innoticiasbo.com\",\"isPartOf\":{\"@id\":\"https:\/\/innoticiasbo.com\/#website\"},\"primaryImageOfPage\":{\"@id\":\"https:\/\/innoticiasbo.com\/index.php\/2026\/03\/12\/viedma-lanza-la-campana-marcapaso-solidario-con-apoyo-internacional\/#primaryimage\"},\"image\":{\"@id\":\"https:\/\/innoticiasbo.com\/index.php\/2026\/03\/12\/viedma-lanza-la-campana-marcapaso-solidario-con-apoyo-internacional\/#primaryimage\"},\"thumbnailUrl\":\"https:\/\/i0.wp.com\/innoticiasbo.com\/wp-content\/uploads\/2026\/03\/image-156.png?fit=770%2C430&ssl=1\",\"datePublished\":\"2026-03-12T14:57:53+00:00\",\"dateModified\":\"2026-03-12T14:57:55+00:00\",\"breadcrumb\":{\"@id\":\"https:\/\/innoticiasbo.com\/index.php\/2026\/03\/12\/viedma-lanza-la-campana-marcapaso-solidario-con-apoyo-internacional\/#breadcrumb\"},\"inLanguage\":\"es\",\"potentialAction\":[{\"@type\":\"ReadAction\",\"target\":[\"https:\/\/innoticiasbo.com\/index.php\/2026\/03\/12\/viedma-lanza-la-campana-marcapaso-solidario-con-apoyo-internacional\/\"]}]},{\"@type\":\"ImageObject\",\"inLanguage\":\"es\",\"@id\":\"https:\/\/innoticiasbo.com\/index.php\/2026\/03\/12\/viedma-lanza-la-campana-marcapaso-solidario-con-apoyo-internacional\/#primaryimage\",\"url\":\"https:\/\/i0.wp.com\/innoticiasbo.com\/wp-content\/uploads\/2026\/03\/image-156.png?fit=770%2C430&ssl=1\",\"contentUrl\":\"https:\/\/i0.wp.com\/innoticiasbo.com\/wp-content\/uploads\/2026\/03\/image-156.png?fit=770%2C430&ssl=1\",\"width\":770,\"height\":430},{\"@type\":\"BreadcrumbList\",\"@id\":\"https:\/\/innoticiasbo.com\/index.php\/2026\/03\/12\/viedma-lanza-la-campana-marcapaso-solidario-con-apoyo-internacional\/#breadcrumb\",\"itemListElement\":[{\"@type\":\"ListItem\",\"position\":1,\"name\":\"Portada\",\"item\":\"https:\/\/innoticiasbo.com\/\"},{\"@type\":\"ListItem\",\"position\":2,\"name\":\"VIEDMA LANZA LA CAMPA\u00d1A \u201cMARCAPASO SOLIDARIO\u201d CON APOYO INTERNACIONAL\"}]},{\"@type\":\"WebSite\",\"@id\":\"https:\/\/innoticiasbo.com\/#website\",\"url\":\"https:\/\/innoticiasbo.com\/\",\"name\":\"innoticiasbo.com\",\"description\":\"\",\"publisher\":{\"@id\":\"https:\/\/innoticiasbo.com\/#organization\"},\"potentialAction\":[{\"@type\":\"SearchAction\",\"target\":{\"@type\":\"EntryPoint\",\"urlTemplate\":\"https:\/\/innoticiasbo.com\/?s={search_term_string}\"},\"query-input\":{\"@type\":\"PropertyValueSpecification\",\"valueRequired\":true,\"valueName\":\"search_term_string\"}}],\"inLanguage\":\"es\"},{\"@type\":\"Organization\",\"@id\":\"https:\/\/innoticiasbo.com\/#organization\",\"name\":\"innoticiasbo.com\",\"url\":\"https:\/\/innoticiasbo.com\/\",\"logo\":{\"@type\":\"ImageObject\",\"inLanguage\":\"es\",\"@id\":\"https:\/\/innoticiasbo.com\/#\/schema\/logo\/image\/\",\"url\":\"https:\/\/i0.wp.com\/innoticiasbo.com\/wp-content\/uploads\/2026\/04\/cropped-IN-LOGO.png?fit=1476%2C1476&ssl=1\",\"contentUrl\":\"https:\/\/i0.wp.com\/innoticiasbo.com\/wp-content\/uploads\/2026\/04\/cropped-IN-LOGO.png?fit=1476%2C1476&ssl=1\",\"width\":1476,\"height\":1476,\"caption\":\"innoticiasbo.com\"},\"image\":{\"@id\":\"https:\/\/innoticiasbo.com\/#\/schema\/logo\/image\/\"},\"sameAs\":[\"https:\/\/www.facebook.com\/innoticiasbolivia\",\"https:\/\/x.com\/innoticiasbo\",\"https:\/\/www.instagram.com\/innoticiasbo\",\"https:\/\/www.youtube.com\/innoticiasbo\"]},{\"@type\":\"Person\",\"@id\":\"https:\/\/innoticiasbo.com\/#\/schema\/person\/0b28481e8d0316f83a13bc702311def5\",\"name\":\"Prensa 11\",\"image\":{\"@type\":\"ImageObject\",\"inLanguage\":\"es\",\"@id\":\"https:\/\/innoticiasbo.com\/#\/schema\/person\/image\/\",\"url\":\"https:\/\/secure.gravatar.com\/avatar\/696560c17349f1807a610bf83832bad0?s=96&d=mm&r=g\",\"contentUrl\":\"https:\/\/secure.gravatar.com\/avatar\/696560c17349f1807a610bf83832bad0?s=96&d=mm&r=g\",\"caption\":\"Prensa 11\"},\"sameAs\":[\"http:\/\/www.innoticiasbo.com\"],\"url\":\"https:\/\/innoticiasbo.com\/index.php\/author\/prensa-11\/\"}]}<\/script>\n<!-- \/ Yoast SEO plugin. -->","yoast_head_json":{"title":"VIEDMA LANZA LA CAMPA\u00d1A \u201cMARCAPASO SOLIDARIO\u201d CON APOYO INTERNACIONAL - innoticiasbo.com","robots":{"index":"index","follow":"follow","max-snippet":"max-snippet:-1","max-image-preview":"max-image-preview:large","max-video-preview":"max-video-preview:-1"},"canonical":"https:\/\/innoticiasbo.com\/index.php\/2026\/03\/12\/viedma-lanza-la-campana-marcapaso-solidario-con-apoyo-internacional\/","og_locale":"es_ES","og_type":"article","og_title":"VIEDMA LANZA LA CAMPA\u00d1A \u201cMARCAPASO SOLIDARIO\u201d CON APOYO INTERNACIONAL - innoticiasbo.com","og_description":"Cochabamba, 12 de Marzo de 2026.- El Hospital Cl\u00ednico Viedma lanz\u00f3 la quinta versi\u00f3n de la campa\u00f1a \u201cMarcapaso solidario para prolongar la vida\u201d, una iniciativa destinada a beneficiar a pacientes de escasos recursos que requieren este dispositivo para tratar enfermedades card\u00edacas, con el apoyo de la Pase.chat Foundation (EEUU) y especialistas en cuidados cardiol\u00f3gicos. La...","og_url":"https:\/\/innoticiasbo.com\/index.php\/2026\/03\/12\/viedma-lanza-la-campana-marcapaso-solidario-con-apoyo-internacional\/","og_site_name":"innoticiasbo.com","article_publisher":"https:\/\/www.facebook.com\/innoticiasbolivia","article_published_time":"2026-03-12T14:57:53+00:00","article_modified_time":"2026-03-12T14:57:55+00:00","og_image":[{"width":770,"height":430,"url":"https:\/\/innoticiasbo.com\/wp-content\/uploads\/2026\/03\/image-156.png","type":"image\/png"}],"author":"Prensa 11","twitter_card":"summary_large_image","twitter_creator":"@innoticiasbo","twitter_site":"@innoticiasbo","twitter_misc":{"Escrito por":"Prensa 11","Tiempo de lectura":"2 minutos"},"schema":{"@context":"https:\/\/schema.org","@graph":[{"@type":"Article","@id":"https:\/\/innoticiasbo.com\/index.php\/2026\/03\/12\/viedma-lanza-la-campana-marcapaso-solidario-con-apoyo-internacional\/#article","isPartOf":{"@id":"https:\/\/innoticiasbo.com\/index.php\/2026\/03\/12\/viedma-lanza-la-campana-marcapaso-solidario-con-apoyo-internacional\/"},"author":{"name":"Prensa 11","@id":"https:\/\/innoticiasbo.com\/#\/schema\/person\/0b28481e8d0316f83a13bc702311def5"},"headline":"VIEDMA LANZA LA CAMPA\u00d1A \u201cMARCAPASO SOLIDARIO\u201d CON APOYO INTERNACIONAL","datePublished":"2026-03-12T14:57:53+00:00","dateModified":"2026-03-12T14:57:55+00:00","mainEntityOfPage":{"@id":"https:\/\/innoticiasbo.com\/index.php\/2026\/03\/12\/viedma-lanza-la-campana-marcapaso-solidario-con-apoyo-internacional\/"},"wordCount":315,"commentCount":0,"publisher":{"@id":"https:\/\/innoticiasbo.com\/#organization"},"image":{"@id":"https:\/\/innoticiasbo.com\/index.php\/2026\/03\/12\/viedma-lanza-la-campana-marcapaso-solidario-con-apoyo-internacional\/#primaryimage"},"thumbnailUrl":"https:\/\/i0.wp.com\/innoticiasbo.com\/wp-content\/uploads\/2026\/03\/image-156.png?fit=770%2C430&ssl=1","keywords":["campa\u00f1a","Cochabamba","Hospital Viedma","Salud","Viedma"],"articleSection":["Cochabamba","Salud"],"inLanguage":"es","potentialAction":[{"@type":"CommentAction","name":"Comment","target":["https:\/\/innoticiasbo.com\/index.php\/2026\/03\/12\/viedma-lanza-la-campana-marcapaso-solidario-con-apoyo-internacional\/#respond"]}]},{"@type":"WebPage","@id":"https:\/\/innoticiasbo.com\/index.php\/2026\/03\/12\/viedma-lanza-la-campana-marcapaso-solidario-con-apoyo-internacional\/","url":"https:\/\/innoticiasbo.com\/index.php\/2026\/03\/12\/viedma-lanza-la-campana-marcapaso-solidario-con-apoyo-internacional\/","name":"VIEDMA LANZA LA CAMPA\u00d1A \u201cMARCAPASO SOLIDARIO\u201d CON APOYO INTERNACIONAL - innoticiasbo.com","isPartOf":{"@id":"https:\/\/innoticiasbo.com\/#website"},"primaryImageOfPage":{"@id":"https:\/\/innoticiasbo.com\/index.php\/2026\/03\/12\/viedma-lanza-la-campana-marcapaso-solidario-con-apoyo-internacional\/#primaryimage"},"image":{"@id":"https:\/\/innoticiasbo.com\/index.php\/2026\/03\/12\/viedma-lanza-la-campana-marcapaso-solidario-con-apoyo-internacional\/#primaryimage"},"thumbnailUrl":"https:\/\/i0.wp.com\/innoticiasbo.com\/wp-content\/uploads\/2026\/03\/image-156.png?fit=770%2C430&ssl=1","datePublished":"2026-03-12T14:57:53+00:00","dateModified":"2026-03-12T14:57:55+00:00","breadcrumb":{"@id":"https:\/\/innoticiasbo.com\/index.php\/2026\/03\/12\/viedma-lanza-la-campana-marcapaso-solidario-con-apoyo-internacional\/#breadcrumb"},"inLanguage":"es","potentialAction":[{"@type":"ReadAction","target":["https:\/\/innoticiasbo.com\/index.php\/2026\/03\/12\/viedma-lanza-la-campana-marcapaso-solidario-con-apoyo-internacional\/"]}]},{"@type":"ImageObject","inLanguage":"es","@id":"https:\/\/innoticiasbo.com\/index.php\/2026\/03\/12\/viedma-lanza-la-campana-marcapaso-solidario-con-apoyo-internacional\/#primaryimage","url":"https:\/\/i0.wp.com\/innoticiasbo.com\/wp-content\/uploads\/2026\/03\/image-156.png?fit=770%2C430&ssl=1","contentUrl":"https:\/\/i0.wp.com\/innoticiasbo.com\/wp-content\/uploads\/2026\/03\/image-156.png?fit=770%2C430&ssl=1","width":770,"height":430},{"@type":"BreadcrumbList","@id":"https:\/\/innoticiasbo.com\/index.php\/2026\/03\/12\/viedma-lanza-la-campana-marcapaso-solidario-con-apoyo-internacional\/#breadcrumb","itemListElement":[{"@type":"ListItem","position":1,"name":"Portada","item":"https:\/\/innoticiasbo.com\/"},{"@type":"ListItem","position":2,"name":"VIEDMA LANZA LA CAMPA\u00d1A \u201cMARCAPASO SOLIDARIO\u201d CON APOYO INTERNACIONAL"}]},{"@type":"WebSite","@id":"https:\/\/innoticiasbo.com\/#website","url":"https:\/\/innoticiasbo.com\/","name":"innoticiasbo.com","description":"","publisher":{"@id":"https:\/\/innoticiasbo.com\/#organization"},"potentialAction":[{"@type":"SearchAction","target":{"@type":"EntryPoint","urlTemplate":"https:\/\/innoticiasbo.com\/?s={search_term_string}"},"query-input":{"@type":"PropertyValueSpecification","valueRequired":true,"valueName":"search_term_string"}}],"inLanguage":"es"},{"@type":"Organization","@id":"https:\/\/innoticiasbo.com\/#organization","name":"innoticiasbo.com","url":"https:\/\/innoticiasbo.com\/","logo":{"@type":"ImageObject","inLanguage":"es","@id":"https:\/\/innoticiasbo.com\/#\/schema\/logo\/image\/","url":"https:\/\/i0.wp.com\/innoticiasbo.com\/wp-content\/uploads\/2026\/04\/cropped-IN-LOGO.png?fit=1476%2C1476&ssl=1","contentUrl":"https:\/\/i0.wp.com\/innoticiasbo.com\/wp-content\/uploads\/2026\/04\/cropped-IN-LOGO.png?fit=1476%2C1476&ssl=1","width":1476,"height":1476,"caption":"innoticiasbo.com"},"image":{"@id":"https:\/\/innoticiasbo.com\/#\/schema\/logo\/image\/"},"sameAs":["https:\/\/www.facebook.com\/innoticiasbolivia","https:\/\/x.com\/innoticiasbo","https:\/\/www.instagram.com\/innoticiasbo","https:\/\/www.youtube.com\/innoticiasbo"]},{"@type":"Person","@id":"https:\/\/innoticiasbo.com\/#\/schema\/person\/0b28481e8d0316f83a13bc702311def5","name":"Prensa 11","image":{"@type":"ImageObject","inLanguage":"es","@id":"https:\/\/innoticiasbo.com\/#\/schema\/person\/image\/","url":"https:\/\/secure.gravatar.com\/avatar\/696560c17349f1807a610bf83832bad0?s=96&d=mm&r=g","contentUrl":"https:\/\/secure.gravatar.com\/avatar\/696560c17349f1807a610bf83832bad0?s=96&d=mm&r=g","caption":"Prensa 11"},"sameAs":["http:\/\/www.innoticiasbo.com"],"url":"https:\/\/innoticiasbo.com\/index.php\/author\/prensa-11\/"}]}},"jetpack_featured_media_url":"https:\/\/i0.wp.com\/innoticiasbo.com\/wp-content\/uploads\/2026\/03\/image-156.png?fit=770%2C430&ssl=1","jetpack_likes_enabled":true,"jetpack_sharing_enabled":true,"jetpack_shortlink":"https:\/\/wp.me\/pg298x-2to","_links":{"self":[{"href":"https:\/\/innoticiasbo.com\/index.php\/wp-json\/wp\/v2\/posts\/9510","targetHints":{"allow":["GET"]}}],"collection":[{"href":"https:\/\/innoticiasbo.com\/index.php\/wp-json\/wp\/v2\/posts"}],"about":[{"href":"https:\/\/innoticiasbo.com\/index.php\/wp-json\/wp\/v2\/types\/post"}],"author":[{"embeddable":true,"href":"https:\/\/innoticiasbo.com\/index.php\/wp-json\/wp\/v2\/users\/11"}],"replies":[{"embeddable":true,"href":"https:\/\/innoticiasbo.com\/index.php\/wp-json\/wp\/v2\/comments?post=9510"}],"version-history":[{"count":1,"href":"https:\/\/innoticiasbo.com\/index.php\/wp-json\/wp\/v2\/posts\/9510\/revisions"}],"predecessor-version":[{"id":9513,"href":"https:\/\/innoticiasbo.com\/index.php\/wp-json\/wp\/v2\/posts\/9510\/revisions\/9513"}],"wp:featuredmedia":[{"embeddable":true,"href":"https:\/\/innoticiasbo.com\/index.php\/wp-json\/wp\/v2\/media\/9512"}],"wp:attachment":[{"href":"https:\/\/innoticiasbo.com\/index.php\/wp-json\/wp\/v2\/media?parent=9510"}],"wp:term":[{"taxonomy":"category","embeddable":true,"href":"https:\/\/innoticiasbo.com\/index.php\/wp-json\/wp\/v2\/categories?post=9510"},{"taxonomy":"post_tag","embeddable":true,"href":"https:\/\/innoticiasbo.com\/index.php\/wp-json\/wp\/v2\/tags?post=9510"}],"curies":[{"name":"wp","href":"https:\/\/api.w.org\/{rel}","templated":true}]}}