{"id":9507,"date":"2026-03-11T23:02:25","date_gmt":"2026-03-12T03:02:25","guid":{"rendered":"https:\/\/innoticiasbo.com\/?p=9507"},"modified":"2026-03-11T23:02:27","modified_gmt":"2026-03-12T03:02:27","slug":"por-mayoria-de-votos-senado-de-bolivia-ordena-retirar-el-busto-de-evo-morales-de-la-asamblea","status":"publish","type":"post","link":"https:\/\/innoticiasbo.com\/index.php\/2026\/03\/11\/por-mayoria-de-votos-senado-de-bolivia-ordena-retirar-el-busto-de-evo-morales-de-la-asamblea\/","title":{"rendered":"POR MAYOR\u00cdA DE VOTOS, SENADO DE BOLIVIA ORDENA RETIRAR EL BUSTO DE EVO MORALES DE LA ASAMBLEA"},"content":{"rendered":"\n<figure class=\"wp-block-image size-full\"><img data-recalc-dims=\"1\" loading=\"lazy\" decoding=\"async\" width=\"640\" height=\"430\" src=\"https:\/\/i0.wp.com\/innoticiasbo.com\/wp-content\/uploads\/2026\/03\/image-154.png?resize=640%2C430&#038;ssl=1\" alt=\"\" class=\"wp-image-9508\" srcset=\"https:\/\/i0.wp.com\/innoticiasbo.com\/wp-content\/uploads\/2026\/03\/image-154.png?w=810&amp;ssl=1 810w, https:\/\/i0.wp.com\/innoticiasbo.com\/wp-content\/uploads\/2026\/03\/image-154.png?resize=300%2C200&amp;ssl=1 300w, https:\/\/i0.wp.com\/innoticiasbo.com\/wp-content\/uploads\/2026\/03\/image-154.png?resize=768%2C516&amp;ssl=1 768w\" sizes=\"auto, (max-width: 640px) 100vw, 640px\" \/><\/figure>\n\n\n\n<p><strong>La Paz, 11 de Marzo de 2026.- <\/strong>Este mi\u00e9rcoles, la C\u00e1mara de Senadores aprob\u00f3 por m\u00e1s de dos tercios una Resoluci\u00f3n Camaral que dispone el retiro definitivo del busto del expresidente Evo Morales de las instalaciones del Palacio Legislativo, instruyendo al Oficial Mayor, Javier Z\u00e1rate, coordinar las acciones administrativas necesarias ante la Asamblea Legislativa Plurinacional (ALP).<\/p>\n\n\n\n<p>La decisi\u00f3n fue adoptada durante la 70.\u00aa Sesi\u00f3n Ordinaria instalada la tarde de este mi\u00e9rcoles, tras la presentaci\u00f3n del Informe de la Comisi\u00f3n de Pol\u00edtica Social, Educaci\u00f3n y Salud sobre el Proyecto de Resoluci\u00f3n Camaral N.\u00ba 003\/2025-2026, que establece un plazo de 72 horas para ejecutar el retiro de la escultura.<\/p>\n\n\n\n<p>De acuerdo con la resoluci\u00f3n le\u00edda en sala por el segundo secretario, Julio Roma\u00f1a, \u201cel Oficial Mayor deber\u00e1 coordinar y ejecutar las acciones administrativas, log\u00edsticas y materiales necesarias para retirar el busto, adem\u00e1s de evitar su posterior colocaci\u00f3n o reingreso a cualquier espacio de la Asamblea Legislativa\u201d.<\/p>\n\n\n\n<p>La escultura del exmandatario fue instalada en los ambientes del Palacio Legislativo durante el periodo 2011-2012, y su retiro deber\u00e1 concretarse una vez activadas las gestiones administrativas correspondientes.<\/p>\n\n\n\n<p>Fuente: Urgente.bo<\/p>\n","protected":false},"excerpt":{"rendered":"<p>La Paz, 11 de Marzo de 2026.- Este mi\u00e9rcoles, la C\u00e1mara de Senadores aprob\u00f3 por m\u00e1s de dos tercios una Resoluci\u00f3n Camaral que dispone el retiro definitivo del busto del expresidente Evo Morales de las instalaciones del Palacio Legislativo, instruyendo al Oficial Mayor, Javier Z\u00e1rate, coordinar las acciones administrativas necesarias ante la Asamblea Legislativa Plurinacional&#8230;<\/p>\n","protected":false},"author":11,"featured_media":9508,"comment_status":"open","ping_status":"open","sticky":false,"template":"","format":"standard","meta":{"_jetpack_memberships_contains_paid_content":false,"footnotes":"","jetpack_publicize_message":"","jetpack_publicize_feature_enabled":true,"jetpack_social_post_already_shared":true,"jetpack_social_options":{"image_generator_settings":{"template":"highway","enabled":false},"version":2}},"categories":[1,3],"tags":[59,7,510,69,1443,615,10],"class_list":["post-9507","post","type-post","status-publish","format-standard","has-post-thumbnail","hentry","category-bolivia","category-politica","tag-asamblea-legislativa","tag-bolivia","tag-camara-de-senadores","tag-evo-morales","tag-javier-zarate","tag-la-paz","tag-politica"],"jetpack_publicize_connections":[],"yoast_head":"<!-- This site is optimized with the Yoast SEO plugin v23.4 - https:\/\/yoast.com\/wordpress\/plugins\/seo\/ -->\n<title>POR MAYOR\u00cdA DE VOTOS, SENADO DE BOLIVIA ORDENA RETIRAR EL BUSTO DE EVO MORALES DE LA ASAMBLEA - innoticiasbo.com<\/title>\n<meta name=\"robots\" content=\"index, follow, max-snippet:-1, max-image-preview:large, max-video-preview:-1\" \/>\n<link rel=\"canonical\" href=\"https:\/\/innoticiasbo.com\/index.php\/2026\/03\/11\/por-mayoria-de-votos-senado-de-bolivia-ordena-retirar-el-busto-de-evo-morales-de-la-asamblea\/\" \/>\n<meta property=\"og:locale\" content=\"es_ES\" \/>\n<meta property=\"og:type\" content=\"article\" \/>\n<meta property=\"og:title\" content=\"POR MAYOR\u00cdA DE VOTOS, SENADO DE BOLIVIA ORDENA RETIRAR EL BUSTO DE EVO MORALES DE LA ASAMBLEA - innoticiasbo.com\" \/>\n<meta property=\"og:description\" content=\"La Paz, 11 de Marzo de 2026.- Este mi\u00e9rcoles, la C\u00e1mara de Senadores aprob\u00f3 por m\u00e1s de dos tercios una Resoluci\u00f3n Camaral que dispone el retiro definitivo del busto del expresidente Evo Morales de las instalaciones del Palacio Legislativo, instruyendo al Oficial Mayor, Javier Z\u00e1rate, coordinar las acciones administrativas necesarias ante la Asamblea Legislativa Plurinacional...\" \/>\n<meta property=\"og:url\" content=\"https:\/\/innoticiasbo.com\/index.php\/2026\/03\/11\/por-mayoria-de-votos-senado-de-bolivia-ordena-retirar-el-busto-de-evo-morales-de-la-asamblea\/\" \/>\n<meta property=\"og:site_name\" content=\"innoticiasbo.com\" \/>\n<meta property=\"article:publisher\" content=\"https:\/\/www.facebook.com\/innoticiasbolivia\" \/>\n<meta property=\"article:published_time\" content=\"2026-03-12T03:02:25+00:00\" \/>\n<meta property=\"article:modified_time\" content=\"2026-03-12T03:02:27+00:00\" \/>\n<meta property=\"og:image\" content=\"https:\/\/innoticiasbo.com\/wp-content\/uploads\/2026\/03\/image-154.png\" \/>\n\t<meta property=\"og:image:width\" content=\"810\" \/>\n\t<meta property=\"og:image:height\" content=\"544\" \/>\n\t<meta property=\"og:image:type\" content=\"image\/png\" \/>\n<meta name=\"author\" content=\"Prensa 11\" \/>\n<meta name=\"twitter:card\" content=\"summary_large_image\" \/>\n<meta name=\"twitter:creator\" content=\"@innoticiasbo\" \/>\n<meta name=\"twitter:site\" content=\"@innoticiasbo\" \/>\n<meta name=\"twitter:label1\" content=\"Escrito por\" \/>\n\t<meta name=\"twitter:data1\" content=\"Prensa 11\" \/>\n\t<meta name=\"twitter:label2\" content=\"Tiempo de lectura\" \/>\n\t<meta name=\"twitter:data2\" content=\"2 minutos\" \/>\n<script type=\"application\/ld+json\" class=\"yoast-schema-graph\">{\"@context\":\"https:\/\/schema.org\",\"@graph\":[{\"@type\":\"Article\",\"@id\":\"https:\/\/innoticiasbo.com\/index.php\/2026\/03\/11\/por-mayoria-de-votos-senado-de-bolivia-ordena-retirar-el-busto-de-evo-morales-de-la-asamblea\/#article\",\"isPartOf\":{\"@id\":\"https:\/\/innoticiasbo.com\/index.php\/2026\/03\/11\/por-mayoria-de-votos-senado-de-bolivia-ordena-retirar-el-busto-de-evo-morales-de-la-asamblea\/\"},\"author\":{\"name\":\"Prensa 11\",\"@id\":\"https:\/\/innoticiasbo.com\/#\/schema\/person\/0b28481e8d0316f83a13bc702311def5\"},\"headline\":\"POR MAYOR\u00cdA DE VOTOS, SENADO DE BOLIVIA ORDENA RETIRAR EL BUSTO DE EVO MORALES DE LA ASAMBLEA\",\"datePublished\":\"2026-03-12T03:02:25+00:00\",\"dateModified\":\"2026-03-12T03:02:27+00:00\",\"mainEntityOfPage\":{\"@id\":\"https:\/\/innoticiasbo.com\/index.php\/2026\/03\/11\/por-mayoria-de-votos-senado-de-bolivia-ordena-retirar-el-busto-de-evo-morales-de-la-asamblea\/\"},\"wordCount\":219,\"commentCount\":0,\"publisher\":{\"@id\":\"https:\/\/innoticiasbo.com\/#organization\"},\"image\":{\"@id\":\"https:\/\/innoticiasbo.com\/index.php\/2026\/03\/11\/por-mayoria-de-votos-senado-de-bolivia-ordena-retirar-el-busto-de-evo-morales-de-la-asamblea\/#primaryimage\"},\"thumbnailUrl\":\"https:\/\/i0.wp.com\/innoticiasbo.com\/wp-content\/uploads\/2026\/03\/image-154.png?fit=810%2C544&ssl=1\",\"keywords\":[\"Asamblea Legislativa\",\"Bolivia\",\"C\u00e1mara de Senadores\",\"Evo Morales\",\"Javier Z\u00e1rate\",\"La Paz\",\"Pol\u00edtica\"],\"articleSection\":[\"Bolivia\",\"Pol\u00edtica\"],\"inLanguage\":\"es\",\"potentialAction\":[{\"@type\":\"CommentAction\",\"name\":\"Comment\",\"target\":[\"https:\/\/innoticiasbo.com\/index.php\/2026\/03\/11\/por-mayoria-de-votos-senado-de-bolivia-ordena-retirar-el-busto-de-evo-morales-de-la-asamblea\/#respond\"]}]},{\"@type\":\"WebPage\",\"@id\":\"https:\/\/innoticiasbo.com\/index.php\/2026\/03\/11\/por-mayoria-de-votos-senado-de-bolivia-ordena-retirar-el-busto-de-evo-morales-de-la-asamblea\/\",\"url\":\"https:\/\/innoticiasbo.com\/index.php\/2026\/03\/11\/por-mayoria-de-votos-senado-de-bolivia-ordena-retirar-el-busto-de-evo-morales-de-la-asamblea\/\",\"name\":\"POR MAYOR\u00cdA DE VOTOS, SENADO DE BOLIVIA ORDENA RETIRAR EL BUSTO DE EVO MORALES DE LA ASAMBLEA - innoticiasbo.com\",\"isPartOf\":{\"@id\":\"https:\/\/innoticiasbo.com\/#website\"},\"primaryImageOfPage\":{\"@id\":\"https:\/\/innoticiasbo.com\/index.php\/2026\/03\/11\/por-mayoria-de-votos-senado-de-bolivia-ordena-retirar-el-busto-de-evo-morales-de-la-asamblea\/#primaryimage\"},\"image\":{\"@id\":\"https:\/\/innoticiasbo.com\/index.php\/2026\/03\/11\/por-mayoria-de-votos-senado-de-bolivia-ordena-retirar-el-busto-de-evo-morales-de-la-asamblea\/#primaryimage\"},\"thumbnailUrl\":\"https:\/\/i0.wp.com\/innoticiasbo.com\/wp-content\/uploads\/2026\/03\/image-154.png?fit=810%2C544&ssl=1\",\"datePublished\":\"2026-03-12T03:02:25+00:00\",\"dateModified\":\"2026-03-12T03:02:27+00:00\",\"breadcrumb\":{\"@id\":\"https:\/\/innoticiasbo.com\/index.php\/2026\/03\/11\/por-mayoria-de-votos-senado-de-bolivia-ordena-retirar-el-busto-de-evo-morales-de-la-asamblea\/#breadcrumb\"},\"inLanguage\":\"es\",\"potentialAction\":[{\"@type\":\"ReadAction\",\"target\":[\"https:\/\/innoticiasbo.com\/index.php\/2026\/03\/11\/por-mayoria-de-votos-senado-de-bolivia-ordena-retirar-el-busto-de-evo-morales-de-la-asamblea\/\"]}]},{\"@type\":\"ImageObject\",\"inLanguage\":\"es\",\"@id\":\"https:\/\/innoticiasbo.com\/index.php\/2026\/03\/11\/por-mayoria-de-votos-senado-de-bolivia-ordena-retirar-el-busto-de-evo-morales-de-la-asamblea\/#primaryimage\",\"url\":\"https:\/\/i0.wp.com\/innoticiasbo.com\/wp-content\/uploads\/2026\/03\/image-154.png?fit=810%2C544&ssl=1\",\"contentUrl\":\"https:\/\/i0.wp.com\/innoticiasbo.com\/wp-content\/uploads\/2026\/03\/image-154.png?fit=810%2C544&ssl=1\",\"width\":810,\"height\":544},{\"@type\":\"BreadcrumbList\",\"@id\":\"https:\/\/innoticiasbo.com\/index.php\/2026\/03\/11\/por-mayoria-de-votos-senado-de-bolivia-ordena-retirar-el-busto-de-evo-morales-de-la-asamblea\/#breadcrumb\",\"itemListElement\":[{\"@type\":\"ListItem\",\"position\":1,\"name\":\"Portada\",\"item\":\"https:\/\/innoticiasbo.com\/\"},{\"@type\":\"ListItem\",\"position\":2,\"name\":\"POR MAYOR\u00cdA DE VOTOS, SENADO DE BOLIVIA ORDENA RETIRAR EL BUSTO DE EVO MORALES DE LA ASAMBLEA\"}]},{\"@type\":\"WebSite\",\"@id\":\"https:\/\/innoticiasbo.com\/#website\",\"url\":\"https:\/\/innoticiasbo.com\/\",\"name\":\"innoticiasbo.com\",\"description\":\"\",\"publisher\":{\"@id\":\"https:\/\/innoticiasbo.com\/#organization\"},\"potentialAction\":[{\"@type\":\"SearchAction\",\"target\":{\"@type\":\"EntryPoint\",\"urlTemplate\":\"https:\/\/innoticiasbo.com\/?s={search_term_string}\"},\"query-input\":{\"@type\":\"PropertyValueSpecification\",\"valueRequired\":true,\"valueName\":\"search_term_string\"}}],\"inLanguage\":\"es\"},{\"@type\":\"Organization\",\"@id\":\"https:\/\/innoticiasbo.com\/#organization\",\"name\":\"innoticiasbo.com\",\"url\":\"https:\/\/innoticiasbo.com\/\",\"logo\":{\"@type\":\"ImageObject\",\"inLanguage\":\"es\",\"@id\":\"https:\/\/innoticiasbo.com\/#\/schema\/logo\/image\/\",\"url\":\"https:\/\/i0.wp.com\/innoticiasbo.com\/wp-content\/uploads\/2026\/04\/cropped-IN-LOGO.png?fit=1476%2C1476&ssl=1\",\"contentUrl\":\"https:\/\/i0.wp.com\/innoticiasbo.com\/wp-content\/uploads\/2026\/04\/cropped-IN-LOGO.png?fit=1476%2C1476&ssl=1\",\"width\":1476,\"height\":1476,\"caption\":\"innoticiasbo.com\"},\"image\":{\"@id\":\"https:\/\/innoticiasbo.com\/#\/schema\/logo\/image\/\"},\"sameAs\":[\"https:\/\/www.facebook.com\/innoticiasbolivia\",\"https:\/\/x.com\/innoticiasbo\",\"https:\/\/www.instagram.com\/innoticiasbo\",\"https:\/\/www.youtube.com\/innoticiasbo\"]},{\"@type\":\"Person\",\"@id\":\"https:\/\/innoticiasbo.com\/#\/schema\/person\/0b28481e8d0316f83a13bc702311def5\",\"name\":\"Prensa 11\",\"image\":{\"@type\":\"ImageObject\",\"inLanguage\":\"es\",\"@id\":\"https:\/\/innoticiasbo.com\/#\/schema\/person\/image\/\",\"url\":\"https:\/\/secure.gravatar.com\/avatar\/696560c17349f1807a610bf83832bad0?s=96&d=mm&r=g\",\"contentUrl\":\"https:\/\/secure.gravatar.com\/avatar\/696560c17349f1807a610bf83832bad0?s=96&d=mm&r=g\",\"caption\":\"Prensa 11\"},\"sameAs\":[\"http:\/\/www.innoticiasbo.com\"],\"url\":\"https:\/\/innoticiasbo.com\/index.php\/author\/prensa-11\/\"}]}<\/script>\n<!-- \/ Yoast SEO plugin. -->","yoast_head_json":{"title":"POR MAYOR\u00cdA DE VOTOS, SENADO DE BOLIVIA ORDENA RETIRAR EL BUSTO DE EVO MORALES DE LA ASAMBLEA - innoticiasbo.com","robots":{"index":"index","follow":"follow","max-snippet":"max-snippet:-1","max-image-preview":"max-image-preview:large","max-video-preview":"max-video-preview:-1"},"canonical":"https:\/\/innoticiasbo.com\/index.php\/2026\/03\/11\/por-mayoria-de-votos-senado-de-bolivia-ordena-retirar-el-busto-de-evo-morales-de-la-asamblea\/","og_locale":"es_ES","og_type":"article","og_title":"POR MAYOR\u00cdA DE VOTOS, SENADO DE BOLIVIA ORDENA RETIRAR EL BUSTO DE EVO MORALES DE LA ASAMBLEA - innoticiasbo.com","og_description":"La Paz, 11 de Marzo de 2026.- Este mi\u00e9rcoles, la C\u00e1mara de Senadores aprob\u00f3 por m\u00e1s de dos tercios una Resoluci\u00f3n Camaral que dispone el retiro definitivo del busto del expresidente Evo Morales de las instalaciones del Palacio Legislativo, instruyendo al Oficial Mayor, Javier Z\u00e1rate, coordinar las acciones administrativas necesarias ante la Asamblea Legislativa Plurinacional...","og_url":"https:\/\/innoticiasbo.com\/index.php\/2026\/03\/11\/por-mayoria-de-votos-senado-de-bolivia-ordena-retirar-el-busto-de-evo-morales-de-la-asamblea\/","og_site_name":"innoticiasbo.com","article_publisher":"https:\/\/www.facebook.com\/innoticiasbolivia","article_published_time":"2026-03-12T03:02:25+00:00","article_modified_time":"2026-03-12T03:02:27+00:00","og_image":[{"width":810,"height":544,"url":"https:\/\/innoticiasbo.com\/wp-content\/uploads\/2026\/03\/image-154.png","type":"image\/png"}],"author":"Prensa 11","twitter_card":"summary_large_image","twitter_creator":"@innoticiasbo","twitter_site":"@innoticiasbo","twitter_misc":{"Escrito por":"Prensa 11","Tiempo de lectura":"2 minutos"},"schema":{"@context":"https:\/\/schema.org","@graph":[{"@type":"Article","@id":"https:\/\/innoticiasbo.com\/index.php\/2026\/03\/11\/por-mayoria-de-votos-senado-de-bolivia-ordena-retirar-el-busto-de-evo-morales-de-la-asamblea\/#article","isPartOf":{"@id":"https:\/\/innoticiasbo.com\/index.php\/2026\/03\/11\/por-mayoria-de-votos-senado-de-bolivia-ordena-retirar-el-busto-de-evo-morales-de-la-asamblea\/"},"author":{"name":"Prensa 11","@id":"https:\/\/innoticiasbo.com\/#\/schema\/person\/0b28481e8d0316f83a13bc702311def5"},"headline":"POR MAYOR\u00cdA DE VOTOS, SENADO DE BOLIVIA ORDENA RETIRAR EL BUSTO DE EVO MORALES DE LA ASAMBLEA","datePublished":"2026-03-12T03:02:25+00:00","dateModified":"2026-03-12T03:02:27+00:00","mainEntityOfPage":{"@id":"https:\/\/innoticiasbo.com\/index.php\/2026\/03\/11\/por-mayoria-de-votos-senado-de-bolivia-ordena-retirar-el-busto-de-evo-morales-de-la-asamblea\/"},"wordCount":219,"commentCount":0,"publisher":{"@id":"https:\/\/innoticiasbo.com\/#organization"},"image":{"@id":"https:\/\/innoticiasbo.com\/index.php\/2026\/03\/11\/por-mayoria-de-votos-senado-de-bolivia-ordena-retirar-el-busto-de-evo-morales-de-la-asamblea\/#primaryimage"},"thumbnailUrl":"https:\/\/i0.wp.com\/innoticiasbo.com\/wp-content\/uploads\/2026\/03\/image-154.png?fit=810%2C544&ssl=1","keywords":["Asamblea Legislativa","Bolivia","C\u00e1mara de Senadores","Evo Morales","Javier Z\u00e1rate","La Paz","Pol\u00edtica"],"articleSection":["Bolivia","Pol\u00edtica"],"inLanguage":"es","potentialAction":[{"@type":"CommentAction","name":"Comment","target":["https:\/\/innoticiasbo.com\/index.php\/2026\/03\/11\/por-mayoria-de-votos-senado-de-bolivia-ordena-retirar-el-busto-de-evo-morales-de-la-asamblea\/#respond"]}]},{"@type":"WebPage","@id":"https:\/\/innoticiasbo.com\/index.php\/2026\/03\/11\/por-mayoria-de-votos-senado-de-bolivia-ordena-retirar-el-busto-de-evo-morales-de-la-asamblea\/","url":"https:\/\/innoticiasbo.com\/index.php\/2026\/03\/11\/por-mayoria-de-votos-senado-de-bolivia-ordena-retirar-el-busto-de-evo-morales-de-la-asamblea\/","name":"POR MAYOR\u00cdA DE VOTOS, SENADO DE BOLIVIA ORDENA RETIRAR EL BUSTO DE EVO MORALES DE LA ASAMBLEA - innoticiasbo.com","isPartOf":{"@id":"https:\/\/innoticiasbo.com\/#website"},"primaryImageOfPage":{"@id":"https:\/\/innoticiasbo.com\/index.php\/2026\/03\/11\/por-mayoria-de-votos-senado-de-bolivia-ordena-retirar-el-busto-de-evo-morales-de-la-asamblea\/#primaryimage"},"image":{"@id":"https:\/\/innoticiasbo.com\/index.php\/2026\/03\/11\/por-mayoria-de-votos-senado-de-bolivia-ordena-retirar-el-busto-de-evo-morales-de-la-asamblea\/#primaryimage"},"thumbnailUrl":"https:\/\/i0.wp.com\/innoticiasbo.com\/wp-content\/uploads\/2026\/03\/image-154.png?fit=810%2C544&ssl=1","datePublished":"2026-03-12T03:02:25+00:00","dateModified":"2026-03-12T03:02:27+00:00","breadcrumb":{"@id":"https:\/\/innoticiasbo.com\/index.php\/2026\/03\/11\/por-mayoria-de-votos-senado-de-bolivia-ordena-retirar-el-busto-de-evo-morales-de-la-asamblea\/#breadcrumb"},"inLanguage":"es","potentialAction":[{"@type":"ReadAction","target":["https:\/\/innoticiasbo.com\/index.php\/2026\/03\/11\/por-mayoria-de-votos-senado-de-bolivia-ordena-retirar-el-busto-de-evo-morales-de-la-asamblea\/"]}]},{"@type":"ImageObject","inLanguage":"es","@id":"https:\/\/innoticiasbo.com\/index.php\/2026\/03\/11\/por-mayoria-de-votos-senado-de-bolivia-ordena-retirar-el-busto-de-evo-morales-de-la-asamblea\/#primaryimage","url":"https:\/\/i0.wp.com\/innoticiasbo.com\/wp-content\/uploads\/2026\/03\/image-154.png?fit=810%2C544&ssl=1","contentUrl":"https:\/\/i0.wp.com\/innoticiasbo.com\/wp-content\/uploads\/2026\/03\/image-154.png?fit=810%2C544&ssl=1","width":810,"height":544},{"@type":"BreadcrumbList","@id":"https:\/\/innoticiasbo.com\/index.php\/2026\/03\/11\/por-mayoria-de-votos-senado-de-bolivia-ordena-retirar-el-busto-de-evo-morales-de-la-asamblea\/#breadcrumb","itemListElement":[{"@type":"ListItem","position":1,"name":"Portada","item":"https:\/\/innoticiasbo.com\/"},{"@type":"ListItem","position":2,"name":"POR MAYOR\u00cdA DE VOTOS, SENADO DE BOLIVIA ORDENA RETIRAR EL BUSTO DE EVO MORALES DE LA ASAMBLEA"}]},{"@type":"WebSite","@id":"https:\/\/innoticiasbo.com\/#website","url":"https:\/\/innoticiasbo.com\/","name":"innoticiasbo.com","description":"","publisher":{"@id":"https:\/\/innoticiasbo.com\/#organization"},"potentialAction":[{"@type":"SearchAction","target":{"@type":"EntryPoint","urlTemplate":"https:\/\/innoticiasbo.com\/?s={search_term_string}"},"query-input":{"@type":"PropertyValueSpecification","valueRequired":true,"valueName":"search_term_string"}}],"inLanguage":"es"},{"@type":"Organization","@id":"https:\/\/innoticiasbo.com\/#organization","name":"innoticiasbo.com","url":"https:\/\/innoticiasbo.com\/","logo":{"@type":"ImageObject","inLanguage":"es","@id":"https:\/\/innoticiasbo.com\/#\/schema\/logo\/image\/","url":"https:\/\/i0.wp.com\/innoticiasbo.com\/wp-content\/uploads\/2026\/04\/cropped-IN-LOGO.png?fit=1476%2C1476&ssl=1","contentUrl":"https:\/\/i0.wp.com\/innoticiasbo.com\/wp-content\/uploads\/2026\/04\/cropped-IN-LOGO.png?fit=1476%2C1476&ssl=1","width":1476,"height":1476,"caption":"innoticiasbo.com"},"image":{"@id":"https:\/\/innoticiasbo.com\/#\/schema\/logo\/image\/"},"sameAs":["https:\/\/www.facebook.com\/innoticiasbolivia","https:\/\/x.com\/innoticiasbo","https:\/\/www.instagram.com\/innoticiasbo","https:\/\/www.youtube.com\/innoticiasbo"]},{"@type":"Person","@id":"https:\/\/innoticiasbo.com\/#\/schema\/person\/0b28481e8d0316f83a13bc702311def5","name":"Prensa 11","image":{"@type":"ImageObject","inLanguage":"es","@id":"https:\/\/innoticiasbo.com\/#\/schema\/person\/image\/","url":"https:\/\/secure.gravatar.com\/avatar\/696560c17349f1807a610bf83832bad0?s=96&d=mm&r=g","contentUrl":"https:\/\/secure.gravatar.com\/avatar\/696560c17349f1807a610bf83832bad0?s=96&d=mm&r=g","caption":"Prensa 11"},"sameAs":["http:\/\/www.innoticiasbo.com"],"url":"https:\/\/innoticiasbo.com\/index.php\/author\/prensa-11\/"}]}},"jetpack_featured_media_url":"https:\/\/i0.wp.com\/innoticiasbo.com\/wp-content\/uploads\/2026\/03\/image-154.png?fit=810%2C544&ssl=1","jetpack_likes_enabled":true,"jetpack_sharing_enabled":true,"jetpack_shortlink":"https:\/\/wp.me\/pg298x-2tl","_links":{"self":[{"href":"https:\/\/innoticiasbo.com\/index.php\/wp-json\/wp\/v2\/posts\/9507","targetHints":{"allow":["GET"]}}],"collection":[{"href":"https:\/\/innoticiasbo.com\/index.php\/wp-json\/wp\/v2\/posts"}],"about":[{"href":"https:\/\/innoticiasbo.com\/index.php\/wp-json\/wp\/v2\/types\/post"}],"author":[{"embeddable":true,"href":"https:\/\/innoticiasbo.com\/index.php\/wp-json\/wp\/v2\/users\/11"}],"replies":[{"embeddable":true,"href":"https:\/\/innoticiasbo.com\/index.php\/wp-json\/wp\/v2\/comments?post=9507"}],"version-history":[{"count":1,"href":"https:\/\/innoticiasbo.com\/index.php\/wp-json\/wp\/v2\/posts\/9507\/revisions"}],"predecessor-version":[{"id":9509,"href":"https:\/\/innoticiasbo.com\/index.php\/wp-json\/wp\/v2\/posts\/9507\/revisions\/9509"}],"wp:featuredmedia":[{"embeddable":true,"href":"https:\/\/innoticiasbo.com\/index.php\/wp-json\/wp\/v2\/media\/9508"}],"wp:attachment":[{"href":"https:\/\/innoticiasbo.com\/index.php\/wp-json\/wp\/v2\/media?parent=9507"}],"wp:term":[{"taxonomy":"category","embeddable":true,"href":"https:\/\/innoticiasbo.com\/index.php\/wp-json\/wp\/v2\/categories?post=9507"},{"taxonomy":"post_tag","embeddable":true,"href":"https:\/\/innoticiasbo.com\/index.php\/wp-json\/wp\/v2\/tags?post=9507"}],"curies":[{"name":"wp","href":"https:\/\/api.w.org\/{rel}","templated":true}]}}