{"id":9504,"date":"2026-03-11T22:58:07","date_gmt":"2026-03-12T02:58:07","guid":{"rendered":"https:\/\/innoticiasbo.com\/?p=9504"},"modified":"2026-03-11T22:58:08","modified_gmt":"2026-03-12T02:58:08","slug":"mineros-se-suman-a-las-denuncias-por-los-danos-a-los-vehiculos-a-causa-del-combustible","status":"publish","type":"post","link":"https:\/\/innoticiasbo.com\/index.php\/2026\/03\/11\/mineros-se-suman-a-las-denuncias-por-los-danos-a-los-vehiculos-a-causa-del-combustible\/","title":{"rendered":"MINEROS SE SUMAN A LAS DENUNCIAS POR LOS DA\u00d1OS A LOS VEH\u00cdCULOS A CAUSA DEL COMBUSTIBLE"},"content":{"rendered":"\n<figure class=\"wp-block-image size-full is-resized\"><img data-recalc-dims=\"1\" loading=\"lazy\" decoding=\"async\" width=\"350\" height=\"197\" src=\"https:\/\/i0.wp.com\/innoticiasbo.com\/wp-content\/uploads\/2026\/03\/image-153.png?resize=350%2C197&#038;ssl=1\" alt=\"\" class=\"wp-image-9505\" style=\"width:840px;height:auto\" srcset=\"https:\/\/i0.wp.com\/innoticiasbo.com\/wp-content\/uploads\/2026\/03\/image-153.png?w=350&amp;ssl=1 350w, https:\/\/i0.wp.com\/innoticiasbo.com\/wp-content\/uploads\/2026\/03\/image-153.png?resize=300%2C169&amp;ssl=1 300w\" sizes=\"auto, (max-width: 350px) 100vw, 350px\" \/><\/figure>\n\n\n\n<p><strong>Pa\u00eds, 11 de Marzo de 2026.-<\/strong> Choferes urbanos, transportistas y particulares, estuvieron realizando denuncias p\u00fablicas sobre los problemas por la contaminaci\u00f3n de la gasolina, que la estatal de Yacimientos Petrol\u00edferos Fiscales Bolivianos (YPFB) Atribuy\u00f3 a residuos de goma y manganeso en los tanques de almacenamiento.<\/p>\n\n\n\n<p>Este mi\u00e9rcoles el presidente de Fecmabol, Norberto S\u00e1nchez, denunci\u00f3 que m\u00e1s de 200 veh\u00edculos de mineros de su federaci\u00f3n presentan da\u00f1os por gasolina de mala calidad, y advierte al gobierno que solucionen el tema de los veh\u00edculos averiados, porque no quieren tomar acciones de llamar a movilizaciones.<\/p>\n\n\n\n<p>Por su parte el ejecutivo de la Federaci\u00f3n Sindical de Trabajadores Mineros de Bolivia, Andr\u00e9s Paye, se pronunci\u00f3 sobre el problema de la denominada \u201cgasolina basura\u201d y afirm\u00f3 que este combustible tambi\u00e9n estar\u00eda generando da\u00f1os en los equipos mecanizados utilizados en los centros mineros del pa\u00eds.<\/p>\n\n\n\n<p>Asimismo, la alcaldesa de El Alto se manifest\u00f3 ante el tema: \u201caproximadamente 80 movilidades de la instituci\u00f3n ya no est\u00e1n rindiendo. Si bien se hac\u00edan arreglar, duraba una semana y volv\u00eda a tener el mismo desperfecto\u201d, manifest\u00f3 Eva Copa.<\/p>\n\n\n\n<p>Tambi\u00e9n se refiri\u00f3 al alza de precios en los combustibles y lamento que, tras el levantamiento de la subvenci\u00f3n, viene una gasolina que est\u00e1 en mala calidad, por lo que varias unidades han tenido que ser replegadas y paralizadas debido a que los talleres mec\u00e1nicos est\u00e1n saturados.<\/p>\n\n\n\n<p>De igual manera, tras los primeros d\u00edas de distribuci\u00f3n del combustible, surgieron manchas en la pintura de los veh\u00edculos alrededor del tanque que fueron denunciados a la prensa como en redes sociales. En videos difundidos, se observa como los veh\u00edculos tienen una coloraci\u00f3n diferente alrededor de la boca del tanque. Algunos usuarios se\u00f1alan que se debe a la gasolina que gote\u00f3 sobre los autos.<\/p>\n\n\n\n<p>Al respecto, la petrolera niega que la incorporaci\u00f3n de aditivos para mejorar la calidad de la gasolina est\u00e9 da\u00f1ando los veh\u00edculos, y calific\u00f3 como \u201cinfundadas las denuncias en medios de comunicaci\u00f3n y redes sociales<\/p>\n\n\n\n<p>Fuente: Urgente.bo<\/p>\n","protected":false},"excerpt":{"rendered":"<p>Pa\u00eds, 11 de Marzo de 2026.- Choferes urbanos, transportistas y particulares, estuvieron realizando denuncias p\u00fablicas sobre los problemas por la contaminaci\u00f3n de la gasolina, que la estatal de Yacimientos Petrol\u00edferos Fiscales Bolivianos (YPFB) Atribuy\u00f3 a residuos de goma y manganeso en los tanques de almacenamiento. Este mi\u00e9rcoles el presidente de Fecmabol, Norberto S\u00e1nchez, denunci\u00f3 que&#8230;<\/p>\n","protected":false},"author":11,"featured_media":9505,"comment_status":"open","ping_status":"open","sticky":false,"template":"","format":"standard","meta":{"_jetpack_memberships_contains_paid_content":false,"footnotes":"","jetpack_publicize_message":"","jetpack_publicize_feature_enabled":true,"jetpack_social_post_already_shared":true,"jetpack_social_options":{"image_generator_settings":{"template":"highway","enabled":false},"version":2}},"categories":[1,16],"tags":[1271,7,40,18,702],"class_list":["post-9504","post","type-post","status-publish","format-standard","has-post-thumbnail","hentry","category-bolivia","category-economia","tag-aditivos-en-gasolina","tag-bolivia","tag-combustible","tag-economia","tag-gasolina"],"jetpack_publicize_connections":[],"yoast_head":"<!-- This site is optimized with the Yoast SEO plugin v23.4 - https:\/\/yoast.com\/wordpress\/plugins\/seo\/ -->\n<title>MINEROS SE SUMAN A LAS DENUNCIAS POR LOS DA\u00d1OS A LOS VEH\u00cdCULOS A CAUSA DEL COMBUSTIBLE - innoticiasbo.com<\/title>\n<meta name=\"robots\" content=\"index, follow, max-snippet:-1, max-image-preview:large, max-video-preview:-1\" \/>\n<link rel=\"canonical\" href=\"https:\/\/innoticiasbo.com\/index.php\/2026\/03\/11\/mineros-se-suman-a-las-denuncias-por-los-danos-a-los-vehiculos-a-causa-del-combustible\/\" \/>\n<meta property=\"og:locale\" content=\"es_ES\" \/>\n<meta property=\"og:type\" content=\"article\" \/>\n<meta property=\"og:title\" content=\"MINEROS SE SUMAN A LAS DENUNCIAS POR LOS DA\u00d1OS A LOS VEH\u00cdCULOS A CAUSA DEL COMBUSTIBLE - innoticiasbo.com\" \/>\n<meta property=\"og:description\" content=\"Pa\u00eds, 11 de Marzo de 2026.- Choferes urbanos, transportistas y particulares, estuvieron realizando denuncias p\u00fablicas sobre los problemas por la contaminaci\u00f3n de la gasolina, que la estatal de Yacimientos Petrol\u00edferos Fiscales Bolivianos (YPFB) Atribuy\u00f3 a residuos de goma y manganeso en los tanques de almacenamiento. Este mi\u00e9rcoles el presidente de Fecmabol, Norberto S\u00e1nchez, denunci\u00f3 que...\" \/>\n<meta property=\"og:url\" content=\"https:\/\/innoticiasbo.com\/index.php\/2026\/03\/11\/mineros-se-suman-a-las-denuncias-por-los-danos-a-los-vehiculos-a-causa-del-combustible\/\" \/>\n<meta property=\"og:site_name\" content=\"innoticiasbo.com\" \/>\n<meta property=\"article:publisher\" content=\"https:\/\/www.facebook.com\/innoticiasbolivia\" \/>\n<meta property=\"article:published_time\" content=\"2026-03-12T02:58:07+00:00\" \/>\n<meta property=\"article:modified_time\" content=\"2026-03-12T02:58:08+00:00\" \/>\n<meta property=\"og:image\" content=\"https:\/\/innoticiasbo.com\/wp-content\/uploads\/2026\/03\/image-153.png\" \/>\n\t<meta property=\"og:image:width\" content=\"350\" \/>\n\t<meta property=\"og:image:height\" content=\"197\" \/>\n\t<meta property=\"og:image:type\" content=\"image\/png\" \/>\n<meta name=\"author\" content=\"Prensa 11\" \/>\n<meta name=\"twitter:card\" content=\"summary_large_image\" \/>\n<meta name=\"twitter:creator\" content=\"@innoticiasbo\" \/>\n<meta name=\"twitter:site\" content=\"@innoticiasbo\" \/>\n<meta name=\"twitter:label1\" content=\"Escrito por\" \/>\n\t<meta name=\"twitter:data1\" content=\"Prensa 11\" \/>\n\t<meta name=\"twitter:label2\" content=\"Tiempo de lectura\" \/>\n\t<meta name=\"twitter:data2\" content=\"2 minutos\" \/>\n<script type=\"application\/ld+json\" class=\"yoast-schema-graph\">{\"@context\":\"https:\/\/schema.org\",\"@graph\":[{\"@type\":\"Article\",\"@id\":\"https:\/\/innoticiasbo.com\/index.php\/2026\/03\/11\/mineros-se-suman-a-las-denuncias-por-los-danos-a-los-vehiculos-a-causa-del-combustible\/#article\",\"isPartOf\":{\"@id\":\"https:\/\/innoticiasbo.com\/index.php\/2026\/03\/11\/mineros-se-suman-a-las-denuncias-por-los-danos-a-los-vehiculos-a-causa-del-combustible\/\"},\"author\":{\"name\":\"Prensa 11\",\"@id\":\"https:\/\/innoticiasbo.com\/#\/schema\/person\/0b28481e8d0316f83a13bc702311def5\"},\"headline\":\"MINEROS SE SUMAN A LAS DENUNCIAS POR LOS DA\u00d1OS A LOS VEH\u00cdCULOS A CAUSA DEL COMBUSTIBLE\",\"datePublished\":\"2026-03-12T02:58:07+00:00\",\"dateModified\":\"2026-03-12T02:58:08+00:00\",\"mainEntityOfPage\":{\"@id\":\"https:\/\/innoticiasbo.com\/index.php\/2026\/03\/11\/mineros-se-suman-a-las-denuncias-por-los-danos-a-los-vehiculos-a-causa-del-combustible\/\"},\"wordCount\":375,\"commentCount\":0,\"publisher\":{\"@id\":\"https:\/\/innoticiasbo.com\/#organization\"},\"image\":{\"@id\":\"https:\/\/innoticiasbo.com\/index.php\/2026\/03\/11\/mineros-se-suman-a-las-denuncias-por-los-danos-a-los-vehiculos-a-causa-del-combustible\/#primaryimage\"},\"thumbnailUrl\":\"https:\/\/i0.wp.com\/innoticiasbo.com\/wp-content\/uploads\/2026\/03\/image-153.png?fit=350%2C197&ssl=1\",\"keywords\":[\"Aditivos en gasolina\",\"Bolivia\",\"combustible\",\"econom\u00eda\",\"gasolina\"],\"articleSection\":[\"Bolivia\",\"Econom\u00eda\"],\"inLanguage\":\"es\",\"potentialAction\":[{\"@type\":\"CommentAction\",\"name\":\"Comment\",\"target\":[\"https:\/\/innoticiasbo.com\/index.php\/2026\/03\/11\/mineros-se-suman-a-las-denuncias-por-los-danos-a-los-vehiculos-a-causa-del-combustible\/#respond\"]}]},{\"@type\":\"WebPage\",\"@id\":\"https:\/\/innoticiasbo.com\/index.php\/2026\/03\/11\/mineros-se-suman-a-las-denuncias-por-los-danos-a-los-vehiculos-a-causa-del-combustible\/\",\"url\":\"https:\/\/innoticiasbo.com\/index.php\/2026\/03\/11\/mineros-se-suman-a-las-denuncias-por-los-danos-a-los-vehiculos-a-causa-del-combustible\/\",\"name\":\"MINEROS SE SUMAN A LAS DENUNCIAS POR LOS DA\u00d1OS A LOS VEH\u00cdCULOS A CAUSA DEL COMBUSTIBLE - innoticiasbo.com\",\"isPartOf\":{\"@id\":\"https:\/\/innoticiasbo.com\/#website\"},\"primaryImageOfPage\":{\"@id\":\"https:\/\/innoticiasbo.com\/index.php\/2026\/03\/11\/mineros-se-suman-a-las-denuncias-por-los-danos-a-los-vehiculos-a-causa-del-combustible\/#primaryimage\"},\"image\":{\"@id\":\"https:\/\/innoticiasbo.com\/index.php\/2026\/03\/11\/mineros-se-suman-a-las-denuncias-por-los-danos-a-los-vehiculos-a-causa-del-combustible\/#primaryimage\"},\"thumbnailUrl\":\"https:\/\/i0.wp.com\/innoticiasbo.com\/wp-content\/uploads\/2026\/03\/image-153.png?fit=350%2C197&ssl=1\",\"datePublished\":\"2026-03-12T02:58:07+00:00\",\"dateModified\":\"2026-03-12T02:58:08+00:00\",\"breadcrumb\":{\"@id\":\"https:\/\/innoticiasbo.com\/index.php\/2026\/03\/11\/mineros-se-suman-a-las-denuncias-por-los-danos-a-los-vehiculos-a-causa-del-combustible\/#breadcrumb\"},\"inLanguage\":\"es\",\"potentialAction\":[{\"@type\":\"ReadAction\",\"target\":[\"https:\/\/innoticiasbo.com\/index.php\/2026\/03\/11\/mineros-se-suman-a-las-denuncias-por-los-danos-a-los-vehiculos-a-causa-del-combustible\/\"]}]},{\"@type\":\"ImageObject\",\"inLanguage\":\"es\",\"@id\":\"https:\/\/innoticiasbo.com\/index.php\/2026\/03\/11\/mineros-se-suman-a-las-denuncias-por-los-danos-a-los-vehiculos-a-causa-del-combustible\/#primaryimage\",\"url\":\"https:\/\/i0.wp.com\/innoticiasbo.com\/wp-content\/uploads\/2026\/03\/image-153.png?fit=350%2C197&ssl=1\",\"contentUrl\":\"https:\/\/i0.wp.com\/innoticiasbo.com\/wp-content\/uploads\/2026\/03\/image-153.png?fit=350%2C197&ssl=1\",\"width\":350,\"height\":197},{\"@type\":\"BreadcrumbList\",\"@id\":\"https:\/\/innoticiasbo.com\/index.php\/2026\/03\/11\/mineros-se-suman-a-las-denuncias-por-los-danos-a-los-vehiculos-a-causa-del-combustible\/#breadcrumb\",\"itemListElement\":[{\"@type\":\"ListItem\",\"position\":1,\"name\":\"Portada\",\"item\":\"https:\/\/innoticiasbo.com\/\"},{\"@type\":\"ListItem\",\"position\":2,\"name\":\"MINEROS SE SUMAN A LAS DENUNCIAS POR LOS DA\u00d1OS A LOS VEH\u00cdCULOS A CAUSA DEL COMBUSTIBLE\"}]},{\"@type\":\"WebSite\",\"@id\":\"https:\/\/innoticiasbo.com\/#website\",\"url\":\"https:\/\/innoticiasbo.com\/\",\"name\":\"innoticiasbo.com\",\"description\":\"\",\"publisher\":{\"@id\":\"https:\/\/innoticiasbo.com\/#organization\"},\"potentialAction\":[{\"@type\":\"SearchAction\",\"target\":{\"@type\":\"EntryPoint\",\"urlTemplate\":\"https:\/\/innoticiasbo.com\/?s={search_term_string}\"},\"query-input\":{\"@type\":\"PropertyValueSpecification\",\"valueRequired\":true,\"valueName\":\"search_term_string\"}}],\"inLanguage\":\"es\"},{\"@type\":\"Organization\",\"@id\":\"https:\/\/innoticiasbo.com\/#organization\",\"name\":\"innoticiasbo.com\",\"url\":\"https:\/\/innoticiasbo.com\/\",\"logo\":{\"@type\":\"ImageObject\",\"inLanguage\":\"es\",\"@id\":\"https:\/\/innoticiasbo.com\/#\/schema\/logo\/image\/\",\"url\":\"https:\/\/i0.wp.com\/innoticiasbo.com\/wp-content\/uploads\/2026\/04\/cropped-IN-LOGO.png?fit=1476%2C1476&ssl=1\",\"contentUrl\":\"https:\/\/i0.wp.com\/innoticiasbo.com\/wp-content\/uploads\/2026\/04\/cropped-IN-LOGO.png?fit=1476%2C1476&ssl=1\",\"width\":1476,\"height\":1476,\"caption\":\"innoticiasbo.com\"},\"image\":{\"@id\":\"https:\/\/innoticiasbo.com\/#\/schema\/logo\/image\/\"},\"sameAs\":[\"https:\/\/www.facebook.com\/innoticiasbolivia\",\"https:\/\/x.com\/innoticiasbo\",\"https:\/\/www.instagram.com\/innoticiasbo\",\"https:\/\/www.youtube.com\/innoticiasbo\"]},{\"@type\":\"Person\",\"@id\":\"https:\/\/innoticiasbo.com\/#\/schema\/person\/0b28481e8d0316f83a13bc702311def5\",\"name\":\"Prensa 11\",\"image\":{\"@type\":\"ImageObject\",\"inLanguage\":\"es\",\"@id\":\"https:\/\/innoticiasbo.com\/#\/schema\/person\/image\/\",\"url\":\"https:\/\/secure.gravatar.com\/avatar\/696560c17349f1807a610bf83832bad0?s=96&d=mm&r=g\",\"contentUrl\":\"https:\/\/secure.gravatar.com\/avatar\/696560c17349f1807a610bf83832bad0?s=96&d=mm&r=g\",\"caption\":\"Prensa 11\"},\"sameAs\":[\"http:\/\/www.innoticiasbo.com\"],\"url\":\"https:\/\/innoticiasbo.com\/index.php\/author\/prensa-11\/\"}]}<\/script>\n<!-- \/ Yoast SEO plugin. -->","yoast_head_json":{"title":"MINEROS SE SUMAN A LAS DENUNCIAS POR LOS DA\u00d1OS A LOS VEH\u00cdCULOS A CAUSA DEL COMBUSTIBLE - innoticiasbo.com","robots":{"index":"index","follow":"follow","max-snippet":"max-snippet:-1","max-image-preview":"max-image-preview:large","max-video-preview":"max-video-preview:-1"},"canonical":"https:\/\/innoticiasbo.com\/index.php\/2026\/03\/11\/mineros-se-suman-a-las-denuncias-por-los-danos-a-los-vehiculos-a-causa-del-combustible\/","og_locale":"es_ES","og_type":"article","og_title":"MINEROS SE SUMAN A LAS DENUNCIAS POR LOS DA\u00d1OS A LOS VEH\u00cdCULOS A CAUSA DEL COMBUSTIBLE - innoticiasbo.com","og_description":"Pa\u00eds, 11 de Marzo de 2026.- Choferes urbanos, transportistas y particulares, estuvieron realizando denuncias p\u00fablicas sobre los problemas por la contaminaci\u00f3n de la gasolina, que la estatal de Yacimientos Petrol\u00edferos Fiscales Bolivianos (YPFB) Atribuy\u00f3 a residuos de goma y manganeso en los tanques de almacenamiento. Este mi\u00e9rcoles el presidente de Fecmabol, Norberto S\u00e1nchez, denunci\u00f3 que...","og_url":"https:\/\/innoticiasbo.com\/index.php\/2026\/03\/11\/mineros-se-suman-a-las-denuncias-por-los-danos-a-los-vehiculos-a-causa-del-combustible\/","og_site_name":"innoticiasbo.com","article_publisher":"https:\/\/www.facebook.com\/innoticiasbolivia","article_published_time":"2026-03-12T02:58:07+00:00","article_modified_time":"2026-03-12T02:58:08+00:00","og_image":[{"width":350,"height":197,"url":"https:\/\/innoticiasbo.com\/wp-content\/uploads\/2026\/03\/image-153.png","type":"image\/png"}],"author":"Prensa 11","twitter_card":"summary_large_image","twitter_creator":"@innoticiasbo","twitter_site":"@innoticiasbo","twitter_misc":{"Escrito por":"Prensa 11","Tiempo de lectura":"2 minutos"},"schema":{"@context":"https:\/\/schema.org","@graph":[{"@type":"Article","@id":"https:\/\/innoticiasbo.com\/index.php\/2026\/03\/11\/mineros-se-suman-a-las-denuncias-por-los-danos-a-los-vehiculos-a-causa-del-combustible\/#article","isPartOf":{"@id":"https:\/\/innoticiasbo.com\/index.php\/2026\/03\/11\/mineros-se-suman-a-las-denuncias-por-los-danos-a-los-vehiculos-a-causa-del-combustible\/"},"author":{"name":"Prensa 11","@id":"https:\/\/innoticiasbo.com\/#\/schema\/person\/0b28481e8d0316f83a13bc702311def5"},"headline":"MINEROS SE SUMAN A LAS DENUNCIAS POR LOS DA\u00d1OS A LOS VEH\u00cdCULOS A CAUSA DEL COMBUSTIBLE","datePublished":"2026-03-12T02:58:07+00:00","dateModified":"2026-03-12T02:58:08+00:00","mainEntityOfPage":{"@id":"https:\/\/innoticiasbo.com\/index.php\/2026\/03\/11\/mineros-se-suman-a-las-denuncias-por-los-danos-a-los-vehiculos-a-causa-del-combustible\/"},"wordCount":375,"commentCount":0,"publisher":{"@id":"https:\/\/innoticiasbo.com\/#organization"},"image":{"@id":"https:\/\/innoticiasbo.com\/index.php\/2026\/03\/11\/mineros-se-suman-a-las-denuncias-por-los-danos-a-los-vehiculos-a-causa-del-combustible\/#primaryimage"},"thumbnailUrl":"https:\/\/i0.wp.com\/innoticiasbo.com\/wp-content\/uploads\/2026\/03\/image-153.png?fit=350%2C197&ssl=1","keywords":["Aditivos en gasolina","Bolivia","combustible","econom\u00eda","gasolina"],"articleSection":["Bolivia","Econom\u00eda"],"inLanguage":"es","potentialAction":[{"@type":"CommentAction","name":"Comment","target":["https:\/\/innoticiasbo.com\/index.php\/2026\/03\/11\/mineros-se-suman-a-las-denuncias-por-los-danos-a-los-vehiculos-a-causa-del-combustible\/#respond"]}]},{"@type":"WebPage","@id":"https:\/\/innoticiasbo.com\/index.php\/2026\/03\/11\/mineros-se-suman-a-las-denuncias-por-los-danos-a-los-vehiculos-a-causa-del-combustible\/","url":"https:\/\/innoticiasbo.com\/index.php\/2026\/03\/11\/mineros-se-suman-a-las-denuncias-por-los-danos-a-los-vehiculos-a-causa-del-combustible\/","name":"MINEROS SE SUMAN A LAS DENUNCIAS POR LOS DA\u00d1OS A LOS VEH\u00cdCULOS A CAUSA DEL COMBUSTIBLE - innoticiasbo.com","isPartOf":{"@id":"https:\/\/innoticiasbo.com\/#website"},"primaryImageOfPage":{"@id":"https:\/\/innoticiasbo.com\/index.php\/2026\/03\/11\/mineros-se-suman-a-las-denuncias-por-los-danos-a-los-vehiculos-a-causa-del-combustible\/#primaryimage"},"image":{"@id":"https:\/\/innoticiasbo.com\/index.php\/2026\/03\/11\/mineros-se-suman-a-las-denuncias-por-los-danos-a-los-vehiculos-a-causa-del-combustible\/#primaryimage"},"thumbnailUrl":"https:\/\/i0.wp.com\/innoticiasbo.com\/wp-content\/uploads\/2026\/03\/image-153.png?fit=350%2C197&ssl=1","datePublished":"2026-03-12T02:58:07+00:00","dateModified":"2026-03-12T02:58:08+00:00","breadcrumb":{"@id":"https:\/\/innoticiasbo.com\/index.php\/2026\/03\/11\/mineros-se-suman-a-las-denuncias-por-los-danos-a-los-vehiculos-a-causa-del-combustible\/#breadcrumb"},"inLanguage":"es","potentialAction":[{"@type":"ReadAction","target":["https:\/\/innoticiasbo.com\/index.php\/2026\/03\/11\/mineros-se-suman-a-las-denuncias-por-los-danos-a-los-vehiculos-a-causa-del-combustible\/"]}]},{"@type":"ImageObject","inLanguage":"es","@id":"https:\/\/innoticiasbo.com\/index.php\/2026\/03\/11\/mineros-se-suman-a-las-denuncias-por-los-danos-a-los-vehiculos-a-causa-del-combustible\/#primaryimage","url":"https:\/\/i0.wp.com\/innoticiasbo.com\/wp-content\/uploads\/2026\/03\/image-153.png?fit=350%2C197&ssl=1","contentUrl":"https:\/\/i0.wp.com\/innoticiasbo.com\/wp-content\/uploads\/2026\/03\/image-153.png?fit=350%2C197&ssl=1","width":350,"height":197},{"@type":"BreadcrumbList","@id":"https:\/\/innoticiasbo.com\/index.php\/2026\/03\/11\/mineros-se-suman-a-las-denuncias-por-los-danos-a-los-vehiculos-a-causa-del-combustible\/#breadcrumb","itemListElement":[{"@type":"ListItem","position":1,"name":"Portada","item":"https:\/\/innoticiasbo.com\/"},{"@type":"ListItem","position":2,"name":"MINEROS SE SUMAN A LAS DENUNCIAS POR LOS DA\u00d1OS A LOS VEH\u00cdCULOS A CAUSA DEL COMBUSTIBLE"}]},{"@type":"WebSite","@id":"https:\/\/innoticiasbo.com\/#website","url":"https:\/\/innoticiasbo.com\/","name":"innoticiasbo.com","description":"","publisher":{"@id":"https:\/\/innoticiasbo.com\/#organization"},"potentialAction":[{"@type":"SearchAction","target":{"@type":"EntryPoint","urlTemplate":"https:\/\/innoticiasbo.com\/?s={search_term_string}"},"query-input":{"@type":"PropertyValueSpecification","valueRequired":true,"valueName":"search_term_string"}}],"inLanguage":"es"},{"@type":"Organization","@id":"https:\/\/innoticiasbo.com\/#organization","name":"innoticiasbo.com","url":"https:\/\/innoticiasbo.com\/","logo":{"@type":"ImageObject","inLanguage":"es","@id":"https:\/\/innoticiasbo.com\/#\/schema\/logo\/image\/","url":"https:\/\/i0.wp.com\/innoticiasbo.com\/wp-content\/uploads\/2026\/04\/cropped-IN-LOGO.png?fit=1476%2C1476&ssl=1","contentUrl":"https:\/\/i0.wp.com\/innoticiasbo.com\/wp-content\/uploads\/2026\/04\/cropped-IN-LOGO.png?fit=1476%2C1476&ssl=1","width":1476,"height":1476,"caption":"innoticiasbo.com"},"image":{"@id":"https:\/\/innoticiasbo.com\/#\/schema\/logo\/image\/"},"sameAs":["https:\/\/www.facebook.com\/innoticiasbolivia","https:\/\/x.com\/innoticiasbo","https:\/\/www.instagram.com\/innoticiasbo","https:\/\/www.youtube.com\/innoticiasbo"]},{"@type":"Person","@id":"https:\/\/innoticiasbo.com\/#\/schema\/person\/0b28481e8d0316f83a13bc702311def5","name":"Prensa 11","image":{"@type":"ImageObject","inLanguage":"es","@id":"https:\/\/innoticiasbo.com\/#\/schema\/person\/image\/","url":"https:\/\/secure.gravatar.com\/avatar\/696560c17349f1807a610bf83832bad0?s=96&d=mm&r=g","contentUrl":"https:\/\/secure.gravatar.com\/avatar\/696560c17349f1807a610bf83832bad0?s=96&d=mm&r=g","caption":"Prensa 11"},"sameAs":["http:\/\/www.innoticiasbo.com"],"url":"https:\/\/innoticiasbo.com\/index.php\/author\/prensa-11\/"}]}},"jetpack_featured_media_url":"https:\/\/i0.wp.com\/innoticiasbo.com\/wp-content\/uploads\/2026\/03\/image-153.png?fit=350%2C197&ssl=1","jetpack_likes_enabled":true,"jetpack_sharing_enabled":true,"jetpack_shortlink":"https:\/\/wp.me\/pg298x-2ti","_links":{"self":[{"href":"https:\/\/innoticiasbo.com\/index.php\/wp-json\/wp\/v2\/posts\/9504","targetHints":{"allow":["GET"]}}],"collection":[{"href":"https:\/\/innoticiasbo.com\/index.php\/wp-json\/wp\/v2\/posts"}],"about":[{"href":"https:\/\/innoticiasbo.com\/index.php\/wp-json\/wp\/v2\/types\/post"}],"author":[{"embeddable":true,"href":"https:\/\/innoticiasbo.com\/index.php\/wp-json\/wp\/v2\/users\/11"}],"replies":[{"embeddable":true,"href":"https:\/\/innoticiasbo.com\/index.php\/wp-json\/wp\/v2\/comments?post=9504"}],"version-history":[{"count":1,"href":"https:\/\/innoticiasbo.com\/index.php\/wp-json\/wp\/v2\/posts\/9504\/revisions"}],"predecessor-version":[{"id":9506,"href":"https:\/\/innoticiasbo.com\/index.php\/wp-json\/wp\/v2\/posts\/9504\/revisions\/9506"}],"wp:featuredmedia":[{"embeddable":true,"href":"https:\/\/innoticiasbo.com\/index.php\/wp-json\/wp\/v2\/media\/9505"}],"wp:attachment":[{"href":"https:\/\/innoticiasbo.com\/index.php\/wp-json\/wp\/v2\/media?parent=9504"}],"wp:term":[{"taxonomy":"category","embeddable":true,"href":"https:\/\/innoticiasbo.com\/index.php\/wp-json\/wp\/v2\/categories?post=9504"},{"taxonomy":"post_tag","embeddable":true,"href":"https:\/\/innoticiasbo.com\/index.php\/wp-json\/wp\/v2\/tags?post=9504"}],"curies":[{"name":"wp","href":"https:\/\/api.w.org\/{rel}","templated":true}]}}