{"id":9501,"date":"2026-03-11T22:51:55","date_gmt":"2026-03-12T02:51:55","guid":{"rendered":"https:\/\/innoticiasbo.com\/?p=9501"},"modified":"2026-03-11T22:51:57","modified_gmt":"2026-03-12T02:51:57","slug":"candidatos-refuerzan-campanas-en-tiktok-a-menos-de-dos-semanas-para-las-subnacionales","status":"publish","type":"post","link":"https:\/\/innoticiasbo.com\/index.php\/2026\/03\/11\/candidatos-refuerzan-campanas-en-tiktok-a-menos-de-dos-semanas-para-las-subnacionales\/","title":{"rendered":"CANDIDATOS REFUERZAN CAMPA\u00d1AS EN TIKTOK A MENOS DE DOS SEMANAS PARA LAS SUBNACIONALES"},"content":{"rendered":"\n<figure class=\"wp-block-image size-large\"><img data-recalc-dims=\"1\" loading=\"lazy\" decoding=\"async\" width=\"640\" height=\"359\" src=\"https:\/\/i0.wp.com\/innoticiasbo.com\/wp-content\/uploads\/2026\/03\/image-152.png?resize=640%2C359&#038;ssl=1\" alt=\"\" class=\"wp-image-9502\" srcset=\"https:\/\/i0.wp.com\/innoticiasbo.com\/wp-content\/uploads\/2026\/03\/image-152.png?resize=1024%2C575&amp;ssl=1 1024w, https:\/\/i0.wp.com\/innoticiasbo.com\/wp-content\/uploads\/2026\/03\/image-152.png?resize=300%2C169&amp;ssl=1 300w, https:\/\/i0.wp.com\/innoticiasbo.com\/wp-content\/uploads\/2026\/03\/image-152.png?resize=768%2C432&amp;ssl=1 768w, https:\/\/i0.wp.com\/innoticiasbo.com\/wp-content\/uploads\/2026\/03\/image-152.png?resize=1536%2C863&amp;ssl=1 1536w, https:\/\/i0.wp.com\/innoticiasbo.com\/wp-content\/uploads\/2026\/03\/image-152.png?w=1600&amp;ssl=1 1600w, https:\/\/i0.wp.com\/innoticiasbo.com\/wp-content\/uploads\/2026\/03\/image-152.png?w=1280&amp;ssl=1 1280w\" sizes=\"auto, (max-width: 640px) 100vw, 640px\" \/><\/figure>\n\n\n\n<p><strong>Pa\u00eds, 11 de Marzo de 2026.- <\/strong>A d\u00edas de las elecciones subnacionales, los candidatos refuerzan sus campa\u00f1as y utilizan las redes sociales como refugio para conquistar al electorado de cara al 22 de marzo.<\/p>\n\n\n\n<p>La verificadora ChequeaBolivia afirm\u00f3 que m\u00e1s de 87 candidatos tienen fuerte presencia en redes sociales, pero en especial en la plataforma de TikTok, donde se refugian para lograr votantes. \u201cNosotros hemos podido observar que la plataforma de TikTok evidentemente es un espacio para visibilizaci\u00f3n de las candidaturas. Es una plataforma que supera en usuarios en el pa\u00eds por mucho a la plataforma de Facebook\u201d, dijo Enid L\u00f3pez, fact-checker en jefe de ChequeaBolivia, a Urgente.bo.<\/p>\n\n\n\n<p>L\u00f3pez resalt\u00f3 que m\u00e1s de 87 candidatos utilizan esta plataforma como una v\u00eda favorable para instalar agenda en el ecosistema digital. \u201cNosotros hemos observado que evidentemente las candidaturas est\u00e1n utilizando estas plataformas. Hemos logrado identificar m\u00e1s de 87 candidaturas con presencia en la plataforma de TikTok que est\u00e1n tratando de instalar alg\u00fan tipo de agenda vinculada con el proceso electoral\u201d, puntualiz\u00f3.<\/p>\n\n\n\n<p>ChequeaBolivia mencion\u00f3 que en un estudio realizado identific\u00f3 que la mayor\u00eda de los candidatos utiliza esta plataforma para hacer difusi\u00f3n de sus campa\u00f1as, mostrar caminatas, caravanas y aperturas de casas de campa\u00f1a.&nbsp;En estos \u00faltimos d\u00edas, se puede ver mayor presencia de candaditos en esta plataforma. Sin embargo, poco se utiliza para poner en agenda sus propuestas o planes de gobierno, as\u00ed resalta ChequeaBolivia.<\/p>\n\n\n\n<p>\u201cNos ha llamado la atenci\u00f3n porque la mayor parte de los candidatos lo est\u00e1n utilizando principalmente para hacer la difusi\u00f3n de su campa\u00f1a, mostrarse en caminatas, en caravanas, abriendo casas de campa\u00f1a, pero no tanto as\u00ed para proponer o para poder poner en agenda propuestas de su plan de gobierno que est\u00e9n vinculadas con preocupaciones ciudadanas como transporte, salud, energ\u00eda, etc.\u201d, lament\u00f3.<\/p>\n\n\n\n<p>Un claro ejemplo, afirm\u00f3 ChequeaBolivia, es que entre los candidatos de La Paz, tanto a la Gobernaci\u00f3n, de los 17 candidatos que utilizan esta plataforma, de tres videos solo uno es referido a propuestas.<\/p>\n\n\n\n<p>El pr\u00f3ximo 22 de marzo se realizan las elecciones subnacionales en todo el pa\u00eds. Este mi\u00e9rcoles se realizar\u00e1 el debate de candidatos a gobernaci\u00f3n en los nueve departamentos y el domingo el debate de candidatos a municipios en ciudades capitales, incluido El Alto.<\/p>\n\n\n\n<p>Fuente: Urgente.bo<\/p>\n","protected":false},"excerpt":{"rendered":"<p>Pa\u00eds, 11 de Marzo de 2026.- A d\u00edas de las elecciones subnacionales, los candidatos refuerzan sus campa\u00f1as y utilizan las redes sociales como refugio para conquistar al electorado de cara al 22 de marzo. La verificadora ChequeaBolivia afirm\u00f3 que m\u00e1s de 87 candidatos tienen fuerte presencia en redes sociales, pero en especial en la plataforma&#8230;<\/p>\n","protected":false},"author":11,"featured_media":9502,"comment_status":"open","ping_status":"open","sticky":false,"template":"","format":"standard","meta":{"_jetpack_memberships_contains_paid_content":false,"footnotes":"","jetpack_publicize_message":"","jetpack_publicize_feature_enabled":true,"jetpack_social_post_already_shared":true,"jetpack_social_options":{"image_generator_settings":{"template":"highway","enabled":false},"version":2}},"categories":[1,3],"tags":[7,1106,10,1002,1011,1256,1442],"class_list":["post-9501","post","type-post","status-publish","format-standard","has-post-thumbnail","hentry","category-bolivia","category-politica","tag-bolivia","tag-elecciones-subnacionales","tag-politica","tag-redes-sociales","tag-subnacionales","tag-subnacionales-2026","tag-tiktok"],"jetpack_publicize_connections":[],"yoast_head":"<!-- This site is optimized with the Yoast SEO plugin v23.4 - https:\/\/yoast.com\/wordpress\/plugins\/seo\/ -->\n<title>CANDIDATOS REFUERZAN CAMPA\u00d1AS EN TIKTOK A MENOS DE DOS SEMANAS PARA LAS SUBNACIONALES - innoticiasbo.com<\/title>\n<meta name=\"robots\" content=\"index, follow, max-snippet:-1, max-image-preview:large, max-video-preview:-1\" \/>\n<link rel=\"canonical\" href=\"https:\/\/innoticiasbo.com\/index.php\/2026\/03\/11\/candidatos-refuerzan-campanas-en-tiktok-a-menos-de-dos-semanas-para-las-subnacionales\/\" \/>\n<meta property=\"og:locale\" content=\"es_ES\" \/>\n<meta property=\"og:type\" content=\"article\" \/>\n<meta property=\"og:title\" content=\"CANDIDATOS REFUERZAN CAMPA\u00d1AS EN TIKTOK A MENOS DE DOS SEMANAS PARA LAS SUBNACIONALES - innoticiasbo.com\" \/>\n<meta property=\"og:description\" content=\"Pa\u00eds, 11 de Marzo de 2026.- A d\u00edas de las elecciones subnacionales, los candidatos refuerzan sus campa\u00f1as y utilizan las redes sociales como refugio para conquistar al electorado de cara al 22 de marzo. La verificadora ChequeaBolivia afirm\u00f3 que m\u00e1s de 87 candidatos tienen fuerte presencia en redes sociales, pero en especial en la plataforma...\" \/>\n<meta property=\"og:url\" content=\"https:\/\/innoticiasbo.com\/index.php\/2026\/03\/11\/candidatos-refuerzan-campanas-en-tiktok-a-menos-de-dos-semanas-para-las-subnacionales\/\" \/>\n<meta property=\"og:site_name\" content=\"innoticiasbo.com\" \/>\n<meta property=\"article:publisher\" content=\"https:\/\/www.facebook.com\/innoticiasbolivia\" \/>\n<meta property=\"article:published_time\" content=\"2026-03-12T02:51:55+00:00\" \/>\n<meta property=\"article:modified_time\" content=\"2026-03-12T02:51:57+00:00\" \/>\n<meta property=\"og:image\" content=\"https:\/\/innoticiasbo.com\/wp-content\/uploads\/2026\/03\/image-152.png\" \/>\n\t<meta property=\"og:image:width\" content=\"1600\" \/>\n\t<meta property=\"og:image:height\" content=\"899\" \/>\n\t<meta property=\"og:image:type\" content=\"image\/png\" \/>\n<meta name=\"author\" content=\"Prensa 11\" \/>\n<meta name=\"twitter:card\" content=\"summary_large_image\" \/>\n<meta name=\"twitter:creator\" content=\"@innoticiasbo\" \/>\n<meta name=\"twitter:site\" content=\"@innoticiasbo\" \/>\n<meta name=\"twitter:label1\" content=\"Escrito por\" \/>\n\t<meta name=\"twitter:data1\" content=\"Prensa 11\" \/>\n\t<meta name=\"twitter:label2\" content=\"Tiempo de lectura\" \/>\n\t<meta name=\"twitter:data2\" content=\"3 minutos\" \/>\n<script type=\"application\/ld+json\" class=\"yoast-schema-graph\">{\"@context\":\"https:\/\/schema.org\",\"@graph\":[{\"@type\":\"Article\",\"@id\":\"https:\/\/innoticiasbo.com\/index.php\/2026\/03\/11\/candidatos-refuerzan-campanas-en-tiktok-a-menos-de-dos-semanas-para-las-subnacionales\/#article\",\"isPartOf\":{\"@id\":\"https:\/\/innoticiasbo.com\/index.php\/2026\/03\/11\/candidatos-refuerzan-campanas-en-tiktok-a-menos-de-dos-semanas-para-las-subnacionales\/\"},\"author\":{\"name\":\"Prensa 11\",\"@id\":\"https:\/\/innoticiasbo.com\/#\/schema\/person\/0b28481e8d0316f83a13bc702311def5\"},\"headline\":\"CANDIDATOS REFUERZAN CAMPA\u00d1AS EN TIKTOK A MENOS DE DOS SEMANAS PARA LAS SUBNACIONALES\",\"datePublished\":\"2026-03-12T02:51:55+00:00\",\"dateModified\":\"2026-03-12T02:51:57+00:00\",\"mainEntityOfPage\":{\"@id\":\"https:\/\/innoticiasbo.com\/index.php\/2026\/03\/11\/candidatos-refuerzan-campanas-en-tiktok-a-menos-de-dos-semanas-para-las-subnacionales\/\"},\"wordCount\":415,\"commentCount\":0,\"publisher\":{\"@id\":\"https:\/\/innoticiasbo.com\/#organization\"},\"image\":{\"@id\":\"https:\/\/innoticiasbo.com\/index.php\/2026\/03\/11\/candidatos-refuerzan-campanas-en-tiktok-a-menos-de-dos-semanas-para-las-subnacionales\/#primaryimage\"},\"thumbnailUrl\":\"https:\/\/i0.wp.com\/innoticiasbo.com\/wp-content\/uploads\/2026\/03\/image-152.png?fit=1600%2C899&ssl=1\",\"keywords\":[\"Bolivia\",\"elecciones subnacionales\",\"Pol\u00edtica\",\"redes sociales\",\"subnacionales\",\"Subnacionales 2026\",\"TikTok\"],\"articleSection\":[\"Bolivia\",\"Pol\u00edtica\"],\"inLanguage\":\"es\",\"potentialAction\":[{\"@type\":\"CommentAction\",\"name\":\"Comment\",\"target\":[\"https:\/\/innoticiasbo.com\/index.php\/2026\/03\/11\/candidatos-refuerzan-campanas-en-tiktok-a-menos-de-dos-semanas-para-las-subnacionales\/#respond\"]}]},{\"@type\":\"WebPage\",\"@id\":\"https:\/\/innoticiasbo.com\/index.php\/2026\/03\/11\/candidatos-refuerzan-campanas-en-tiktok-a-menos-de-dos-semanas-para-las-subnacionales\/\",\"url\":\"https:\/\/innoticiasbo.com\/index.php\/2026\/03\/11\/candidatos-refuerzan-campanas-en-tiktok-a-menos-de-dos-semanas-para-las-subnacionales\/\",\"name\":\"CANDIDATOS REFUERZAN CAMPA\u00d1AS EN TIKTOK A MENOS DE DOS SEMANAS PARA LAS SUBNACIONALES - innoticiasbo.com\",\"isPartOf\":{\"@id\":\"https:\/\/innoticiasbo.com\/#website\"},\"primaryImageOfPage\":{\"@id\":\"https:\/\/innoticiasbo.com\/index.php\/2026\/03\/11\/candidatos-refuerzan-campanas-en-tiktok-a-menos-de-dos-semanas-para-las-subnacionales\/#primaryimage\"},\"image\":{\"@id\":\"https:\/\/innoticiasbo.com\/index.php\/2026\/03\/11\/candidatos-refuerzan-campanas-en-tiktok-a-menos-de-dos-semanas-para-las-subnacionales\/#primaryimage\"},\"thumbnailUrl\":\"https:\/\/i0.wp.com\/innoticiasbo.com\/wp-content\/uploads\/2026\/03\/image-152.png?fit=1600%2C899&ssl=1\",\"datePublished\":\"2026-03-12T02:51:55+00:00\",\"dateModified\":\"2026-03-12T02:51:57+00:00\",\"breadcrumb\":{\"@id\":\"https:\/\/innoticiasbo.com\/index.php\/2026\/03\/11\/candidatos-refuerzan-campanas-en-tiktok-a-menos-de-dos-semanas-para-las-subnacionales\/#breadcrumb\"},\"inLanguage\":\"es\",\"potentialAction\":[{\"@type\":\"ReadAction\",\"target\":[\"https:\/\/innoticiasbo.com\/index.php\/2026\/03\/11\/candidatos-refuerzan-campanas-en-tiktok-a-menos-de-dos-semanas-para-las-subnacionales\/\"]}]},{\"@type\":\"ImageObject\",\"inLanguage\":\"es\",\"@id\":\"https:\/\/innoticiasbo.com\/index.php\/2026\/03\/11\/candidatos-refuerzan-campanas-en-tiktok-a-menos-de-dos-semanas-para-las-subnacionales\/#primaryimage\",\"url\":\"https:\/\/i0.wp.com\/innoticiasbo.com\/wp-content\/uploads\/2026\/03\/image-152.png?fit=1600%2C899&ssl=1\",\"contentUrl\":\"https:\/\/i0.wp.com\/innoticiasbo.com\/wp-content\/uploads\/2026\/03\/image-152.png?fit=1600%2C899&ssl=1\",\"width\":1600,\"height\":899},{\"@type\":\"BreadcrumbList\",\"@id\":\"https:\/\/innoticiasbo.com\/index.php\/2026\/03\/11\/candidatos-refuerzan-campanas-en-tiktok-a-menos-de-dos-semanas-para-las-subnacionales\/#breadcrumb\",\"itemListElement\":[{\"@type\":\"ListItem\",\"position\":1,\"name\":\"Portada\",\"item\":\"https:\/\/innoticiasbo.com\/\"},{\"@type\":\"ListItem\",\"position\":2,\"name\":\"CANDIDATOS REFUERZAN CAMPA\u00d1AS EN TIKTOK A MENOS DE DOS SEMANAS PARA LAS SUBNACIONALES\"}]},{\"@type\":\"WebSite\",\"@id\":\"https:\/\/innoticiasbo.com\/#website\",\"url\":\"https:\/\/innoticiasbo.com\/\",\"name\":\"innoticiasbo.com\",\"description\":\"\",\"publisher\":{\"@id\":\"https:\/\/innoticiasbo.com\/#organization\"},\"potentialAction\":[{\"@type\":\"SearchAction\",\"target\":{\"@type\":\"EntryPoint\",\"urlTemplate\":\"https:\/\/innoticiasbo.com\/?s={search_term_string}\"},\"query-input\":{\"@type\":\"PropertyValueSpecification\",\"valueRequired\":true,\"valueName\":\"search_term_string\"}}],\"inLanguage\":\"es\"},{\"@type\":\"Organization\",\"@id\":\"https:\/\/innoticiasbo.com\/#organization\",\"name\":\"innoticiasbo.com\",\"url\":\"https:\/\/innoticiasbo.com\/\",\"logo\":{\"@type\":\"ImageObject\",\"inLanguage\":\"es\",\"@id\":\"https:\/\/innoticiasbo.com\/#\/schema\/logo\/image\/\",\"url\":\"https:\/\/i0.wp.com\/innoticiasbo.com\/wp-content\/uploads\/2026\/04\/cropped-IN-LOGO.png?fit=1476%2C1476&ssl=1\",\"contentUrl\":\"https:\/\/i0.wp.com\/innoticiasbo.com\/wp-content\/uploads\/2026\/04\/cropped-IN-LOGO.png?fit=1476%2C1476&ssl=1\",\"width\":1476,\"height\":1476,\"caption\":\"innoticiasbo.com\"},\"image\":{\"@id\":\"https:\/\/innoticiasbo.com\/#\/schema\/logo\/image\/\"},\"sameAs\":[\"https:\/\/www.facebook.com\/innoticiasbolivia\",\"https:\/\/x.com\/innoticiasbo\",\"https:\/\/www.instagram.com\/innoticiasbo\",\"https:\/\/www.youtube.com\/innoticiasbo\"]},{\"@type\":\"Person\",\"@id\":\"https:\/\/innoticiasbo.com\/#\/schema\/person\/0b28481e8d0316f83a13bc702311def5\",\"name\":\"Prensa 11\",\"image\":{\"@type\":\"ImageObject\",\"inLanguage\":\"es\",\"@id\":\"https:\/\/innoticiasbo.com\/#\/schema\/person\/image\/\",\"url\":\"https:\/\/secure.gravatar.com\/avatar\/696560c17349f1807a610bf83832bad0?s=96&d=mm&r=g\",\"contentUrl\":\"https:\/\/secure.gravatar.com\/avatar\/696560c17349f1807a610bf83832bad0?s=96&d=mm&r=g\",\"caption\":\"Prensa 11\"},\"sameAs\":[\"http:\/\/www.innoticiasbo.com\"],\"url\":\"https:\/\/innoticiasbo.com\/index.php\/author\/prensa-11\/\"}]}<\/script>\n<!-- \/ Yoast SEO plugin. -->","yoast_head_json":{"title":"CANDIDATOS REFUERZAN CAMPA\u00d1AS EN TIKTOK A MENOS DE DOS SEMANAS PARA LAS SUBNACIONALES - innoticiasbo.com","robots":{"index":"index","follow":"follow","max-snippet":"max-snippet:-1","max-image-preview":"max-image-preview:large","max-video-preview":"max-video-preview:-1"},"canonical":"https:\/\/innoticiasbo.com\/index.php\/2026\/03\/11\/candidatos-refuerzan-campanas-en-tiktok-a-menos-de-dos-semanas-para-las-subnacionales\/","og_locale":"es_ES","og_type":"article","og_title":"CANDIDATOS REFUERZAN CAMPA\u00d1AS EN TIKTOK A MENOS DE DOS SEMANAS PARA LAS SUBNACIONALES - innoticiasbo.com","og_description":"Pa\u00eds, 11 de Marzo de 2026.- A d\u00edas de las elecciones subnacionales, los candidatos refuerzan sus campa\u00f1as y utilizan las redes sociales como refugio para conquistar al electorado de cara al 22 de marzo. La verificadora ChequeaBolivia afirm\u00f3 que m\u00e1s de 87 candidatos tienen fuerte presencia en redes sociales, pero en especial en la plataforma...","og_url":"https:\/\/innoticiasbo.com\/index.php\/2026\/03\/11\/candidatos-refuerzan-campanas-en-tiktok-a-menos-de-dos-semanas-para-las-subnacionales\/","og_site_name":"innoticiasbo.com","article_publisher":"https:\/\/www.facebook.com\/innoticiasbolivia","article_published_time":"2026-03-12T02:51:55+00:00","article_modified_time":"2026-03-12T02:51:57+00:00","og_image":[{"width":1600,"height":899,"url":"https:\/\/innoticiasbo.com\/wp-content\/uploads\/2026\/03\/image-152.png","type":"image\/png"}],"author":"Prensa 11","twitter_card":"summary_large_image","twitter_creator":"@innoticiasbo","twitter_site":"@innoticiasbo","twitter_misc":{"Escrito por":"Prensa 11","Tiempo de lectura":"3 minutos"},"schema":{"@context":"https:\/\/schema.org","@graph":[{"@type":"Article","@id":"https:\/\/innoticiasbo.com\/index.php\/2026\/03\/11\/candidatos-refuerzan-campanas-en-tiktok-a-menos-de-dos-semanas-para-las-subnacionales\/#article","isPartOf":{"@id":"https:\/\/innoticiasbo.com\/index.php\/2026\/03\/11\/candidatos-refuerzan-campanas-en-tiktok-a-menos-de-dos-semanas-para-las-subnacionales\/"},"author":{"name":"Prensa 11","@id":"https:\/\/innoticiasbo.com\/#\/schema\/person\/0b28481e8d0316f83a13bc702311def5"},"headline":"CANDIDATOS REFUERZAN CAMPA\u00d1AS EN TIKTOK A MENOS DE DOS SEMANAS PARA LAS SUBNACIONALES","datePublished":"2026-03-12T02:51:55+00:00","dateModified":"2026-03-12T02:51:57+00:00","mainEntityOfPage":{"@id":"https:\/\/innoticiasbo.com\/index.php\/2026\/03\/11\/candidatos-refuerzan-campanas-en-tiktok-a-menos-de-dos-semanas-para-las-subnacionales\/"},"wordCount":415,"commentCount":0,"publisher":{"@id":"https:\/\/innoticiasbo.com\/#organization"},"image":{"@id":"https:\/\/innoticiasbo.com\/index.php\/2026\/03\/11\/candidatos-refuerzan-campanas-en-tiktok-a-menos-de-dos-semanas-para-las-subnacionales\/#primaryimage"},"thumbnailUrl":"https:\/\/i0.wp.com\/innoticiasbo.com\/wp-content\/uploads\/2026\/03\/image-152.png?fit=1600%2C899&ssl=1","keywords":["Bolivia","elecciones subnacionales","Pol\u00edtica","redes sociales","subnacionales","Subnacionales 2026","TikTok"],"articleSection":["Bolivia","Pol\u00edtica"],"inLanguage":"es","potentialAction":[{"@type":"CommentAction","name":"Comment","target":["https:\/\/innoticiasbo.com\/index.php\/2026\/03\/11\/candidatos-refuerzan-campanas-en-tiktok-a-menos-de-dos-semanas-para-las-subnacionales\/#respond"]}]},{"@type":"WebPage","@id":"https:\/\/innoticiasbo.com\/index.php\/2026\/03\/11\/candidatos-refuerzan-campanas-en-tiktok-a-menos-de-dos-semanas-para-las-subnacionales\/","url":"https:\/\/innoticiasbo.com\/index.php\/2026\/03\/11\/candidatos-refuerzan-campanas-en-tiktok-a-menos-de-dos-semanas-para-las-subnacionales\/","name":"CANDIDATOS REFUERZAN CAMPA\u00d1AS EN TIKTOK A MENOS DE DOS SEMANAS PARA LAS SUBNACIONALES - innoticiasbo.com","isPartOf":{"@id":"https:\/\/innoticiasbo.com\/#website"},"primaryImageOfPage":{"@id":"https:\/\/innoticiasbo.com\/index.php\/2026\/03\/11\/candidatos-refuerzan-campanas-en-tiktok-a-menos-de-dos-semanas-para-las-subnacionales\/#primaryimage"},"image":{"@id":"https:\/\/innoticiasbo.com\/index.php\/2026\/03\/11\/candidatos-refuerzan-campanas-en-tiktok-a-menos-de-dos-semanas-para-las-subnacionales\/#primaryimage"},"thumbnailUrl":"https:\/\/i0.wp.com\/innoticiasbo.com\/wp-content\/uploads\/2026\/03\/image-152.png?fit=1600%2C899&ssl=1","datePublished":"2026-03-12T02:51:55+00:00","dateModified":"2026-03-12T02:51:57+00:00","breadcrumb":{"@id":"https:\/\/innoticiasbo.com\/index.php\/2026\/03\/11\/candidatos-refuerzan-campanas-en-tiktok-a-menos-de-dos-semanas-para-las-subnacionales\/#breadcrumb"},"inLanguage":"es","potentialAction":[{"@type":"ReadAction","target":["https:\/\/innoticiasbo.com\/index.php\/2026\/03\/11\/candidatos-refuerzan-campanas-en-tiktok-a-menos-de-dos-semanas-para-las-subnacionales\/"]}]},{"@type":"ImageObject","inLanguage":"es","@id":"https:\/\/innoticiasbo.com\/index.php\/2026\/03\/11\/candidatos-refuerzan-campanas-en-tiktok-a-menos-de-dos-semanas-para-las-subnacionales\/#primaryimage","url":"https:\/\/i0.wp.com\/innoticiasbo.com\/wp-content\/uploads\/2026\/03\/image-152.png?fit=1600%2C899&ssl=1","contentUrl":"https:\/\/i0.wp.com\/innoticiasbo.com\/wp-content\/uploads\/2026\/03\/image-152.png?fit=1600%2C899&ssl=1","width":1600,"height":899},{"@type":"BreadcrumbList","@id":"https:\/\/innoticiasbo.com\/index.php\/2026\/03\/11\/candidatos-refuerzan-campanas-en-tiktok-a-menos-de-dos-semanas-para-las-subnacionales\/#breadcrumb","itemListElement":[{"@type":"ListItem","position":1,"name":"Portada","item":"https:\/\/innoticiasbo.com\/"},{"@type":"ListItem","position":2,"name":"CANDIDATOS REFUERZAN CAMPA\u00d1AS EN TIKTOK A MENOS DE DOS SEMANAS PARA LAS SUBNACIONALES"}]},{"@type":"WebSite","@id":"https:\/\/innoticiasbo.com\/#website","url":"https:\/\/innoticiasbo.com\/","name":"innoticiasbo.com","description":"","publisher":{"@id":"https:\/\/innoticiasbo.com\/#organization"},"potentialAction":[{"@type":"SearchAction","target":{"@type":"EntryPoint","urlTemplate":"https:\/\/innoticiasbo.com\/?s={search_term_string}"},"query-input":{"@type":"PropertyValueSpecification","valueRequired":true,"valueName":"search_term_string"}}],"inLanguage":"es"},{"@type":"Organization","@id":"https:\/\/innoticiasbo.com\/#organization","name":"innoticiasbo.com","url":"https:\/\/innoticiasbo.com\/","logo":{"@type":"ImageObject","inLanguage":"es","@id":"https:\/\/innoticiasbo.com\/#\/schema\/logo\/image\/","url":"https:\/\/i0.wp.com\/innoticiasbo.com\/wp-content\/uploads\/2026\/04\/cropped-IN-LOGO.png?fit=1476%2C1476&ssl=1","contentUrl":"https:\/\/i0.wp.com\/innoticiasbo.com\/wp-content\/uploads\/2026\/04\/cropped-IN-LOGO.png?fit=1476%2C1476&ssl=1","width":1476,"height":1476,"caption":"innoticiasbo.com"},"image":{"@id":"https:\/\/innoticiasbo.com\/#\/schema\/logo\/image\/"},"sameAs":["https:\/\/www.facebook.com\/innoticiasbolivia","https:\/\/x.com\/innoticiasbo","https:\/\/www.instagram.com\/innoticiasbo","https:\/\/www.youtube.com\/innoticiasbo"]},{"@type":"Person","@id":"https:\/\/innoticiasbo.com\/#\/schema\/person\/0b28481e8d0316f83a13bc702311def5","name":"Prensa 11","image":{"@type":"ImageObject","inLanguage":"es","@id":"https:\/\/innoticiasbo.com\/#\/schema\/person\/image\/","url":"https:\/\/secure.gravatar.com\/avatar\/696560c17349f1807a610bf83832bad0?s=96&d=mm&r=g","contentUrl":"https:\/\/secure.gravatar.com\/avatar\/696560c17349f1807a610bf83832bad0?s=96&d=mm&r=g","caption":"Prensa 11"},"sameAs":["http:\/\/www.innoticiasbo.com"],"url":"https:\/\/innoticiasbo.com\/index.php\/author\/prensa-11\/"}]}},"jetpack_featured_media_url":"https:\/\/i0.wp.com\/innoticiasbo.com\/wp-content\/uploads\/2026\/03\/image-152.png?fit=1600%2C899&ssl=1","jetpack_likes_enabled":true,"jetpack_sharing_enabled":true,"jetpack_shortlink":"https:\/\/wp.me\/pg298x-2tf","_links":{"self":[{"href":"https:\/\/innoticiasbo.com\/index.php\/wp-json\/wp\/v2\/posts\/9501","targetHints":{"allow":["GET"]}}],"collection":[{"href":"https:\/\/innoticiasbo.com\/index.php\/wp-json\/wp\/v2\/posts"}],"about":[{"href":"https:\/\/innoticiasbo.com\/index.php\/wp-json\/wp\/v2\/types\/post"}],"author":[{"embeddable":true,"href":"https:\/\/innoticiasbo.com\/index.php\/wp-json\/wp\/v2\/users\/11"}],"replies":[{"embeddable":true,"href":"https:\/\/innoticiasbo.com\/index.php\/wp-json\/wp\/v2\/comments?post=9501"}],"version-history":[{"count":1,"href":"https:\/\/innoticiasbo.com\/index.php\/wp-json\/wp\/v2\/posts\/9501\/revisions"}],"predecessor-version":[{"id":9503,"href":"https:\/\/innoticiasbo.com\/index.php\/wp-json\/wp\/v2\/posts\/9501\/revisions\/9503"}],"wp:featuredmedia":[{"embeddable":true,"href":"https:\/\/innoticiasbo.com\/index.php\/wp-json\/wp\/v2\/media\/9502"}],"wp:attachment":[{"href":"https:\/\/innoticiasbo.com\/index.php\/wp-json\/wp\/v2\/media?parent=9501"}],"wp:term":[{"taxonomy":"category","embeddable":true,"href":"https:\/\/innoticiasbo.com\/index.php\/wp-json\/wp\/v2\/categories?post=9501"},{"taxonomy":"post_tag","embeddable":true,"href":"https:\/\/innoticiasbo.com\/index.php\/wp-json\/wp\/v2\/tags?post=9501"}],"curies":[{"name":"wp","href":"https:\/\/api.w.org\/{rel}","templated":true}]}}