{"id":9498,"date":"2026-03-11T22:38:42","date_gmt":"2026-03-12T02:38:42","guid":{"rendered":"https:\/\/innoticiasbo.com\/?p=9498"},"modified":"2026-03-11T22:38:43","modified_gmt":"2026-03-12T02:38:43","slug":"paz-plantea-conformar-un-nuevo-bloque-de-desarrollo-entre-bolivia-y-otros-5-paises","status":"publish","type":"post","link":"https:\/\/innoticiasbo.com\/index.php\/2026\/03\/11\/paz-plantea-conformar-un-nuevo-bloque-de-desarrollo-entre-bolivia-y-otros-5-paises\/","title":{"rendered":"PAZ PLANTEA CONFORMAR UN NUEVO BLOQUE DE DESARROLLO ENTRE BOLIVIA Y OTROS 5 PA\u00cdSES"},"content":{"rendered":"\n<figure class=\"wp-block-image size-large\"><img data-recalc-dims=\"1\" loading=\"lazy\" decoding=\"async\" width=\"640\" height=\"361\" src=\"https:\/\/i0.wp.com\/innoticiasbo.com\/wp-content\/uploads\/2026\/03\/image-151.png?resize=640%2C361&#038;ssl=1\" alt=\"\" class=\"wp-image-9499\" srcset=\"https:\/\/i0.wp.com\/innoticiasbo.com\/wp-content\/uploads\/2026\/03\/image-151.png?resize=1024%2C577&amp;ssl=1 1024w, https:\/\/i0.wp.com\/innoticiasbo.com\/wp-content\/uploads\/2026\/03\/image-151.png?resize=300%2C169&amp;ssl=1 300w, https:\/\/i0.wp.com\/innoticiasbo.com\/wp-content\/uploads\/2026\/03\/image-151.png?resize=768%2C432&amp;ssl=1 768w, https:\/\/i0.wp.com\/innoticiasbo.com\/wp-content\/uploads\/2026\/03\/image-151.png?resize=1536%2C865&amp;ssl=1 1536w, https:\/\/i0.wp.com\/innoticiasbo.com\/wp-content\/uploads\/2026\/03\/image-151.png?w=2048&amp;ssl=1 2048w, https:\/\/i0.wp.com\/innoticiasbo.com\/wp-content\/uploads\/2026\/03\/image-151.png?w=1280&amp;ssl=1 1280w, https:\/\/i0.wp.com\/innoticiasbo.com\/wp-content\/uploads\/2026\/03\/image-151.png?w=1920&amp;ssl=1 1920w\" sizes=\"auto, (max-width: 640px) 100vw, 640px\" \/><\/figure>\n\n\n\n<p><strong>Pa\u00eds, 11 de Marzo de 2026.- <\/strong>El presidente de Boliva, Rodrigo Paz, plante\u00f3 durante su visita a Chile para la posesi\u00f3n del presidente Jos\u00e9 Kast la necesidad de avanzar hacia la conformaci\u00f3n de un nuevo bloque de desarrollo que integre a Bolivia, Chile, Brasil, Paraguay, Argentina y Per\u00fa.<\/p>\n\n\n\n<p>\u201cNosotros no vivimos en el pasado estamos viviendo en el futuro. Me refiero a que ya estamos en el futuro, en el sentido de acercar a Chile, a Bolivia, a Brasil, a Paraguay, Argentina y Per\u00fa para hacer un nuevo bloque de desarrollo\u201c, dijo el mandatario.<\/p>\n\n\n\n<p>Asimismo, la autoridad destac\u00f3 el aporte de los bolivianos que trabajan en Chile y c\u00f3mo esa relaci\u00f3n demuestra que ambos pa\u00edses pueden avanzar hacia una agenda de futuro m\u00e1s all\u00e1 de su contexto hist\u00f3rico. \u201cHay cerca de 3000 bolivianos en Chile que trabajan, es m\u00e1s, parte de la producci\u00f3n agropecuaria que los chilenos comen es trabajo de bolivianos que est\u00e1n trabajando en Chile\u201d, afirm\u00f3.<\/p>\n\n\n\n<p>En ese marco, sostuvo que esta realidad refleja el compromiso de los ciudadanos de ambos pa\u00edses con el desarrollo conjunto. \u201cCreo que ah\u00ed hay una experiencia de los bolivianos comprometidos con el desarrollo de nuestra patria y de la patria chilena en el caso de los chilenos\u201d, se\u00f1al\u00f3.<\/p>\n\n\n\n<p>Paz remarc\u00f3 que la relaci\u00f3n bilateral entre Bolivia y Chile debe enfocarse en el futuro y no quedarse anclada en conflictos del pasado. \u201cM\u00e1s all\u00e1 de tem\u00e1ticas hist\u00f3ricas, tenemos que pensar en el futuro de nuestras naciones. Tenemos derecho a pensar un mejor futuro para nuestras naciones y es lo que estamos haciendo\u201d, indic\u00f3.<\/p>\n\n\n\n<p>Por \u00faltimo, Paz asegur\u00f3 que la aspiraci\u00f3n de mejorar las condiciones de vida de la poblaci\u00f3n est\u00e1 por encima de cualquier otra agenda pol\u00edtica. \u201cCreo que la gente, m\u00e1s all\u00e1 de las reivindicaciones que est\u00e1n en nuestra Constituci\u00f3n, tiene derecho a tener mejores d\u00edas y ese es el mandato que me dio mi pueblo\u201d, concluy\u00f3.<\/p>\n\n\n\n<p>Fuente: Urgente.bo<\/p>\n","protected":false},"excerpt":{"rendered":"<p>Pa\u00eds, 11 de Marzo de 2026.- El presidente de Boliva, Rodrigo Paz, plante\u00f3 durante su visita a Chile para la posesi\u00f3n del presidente Jos\u00e9 Kast la necesidad de avanzar hacia la conformaci\u00f3n de un nuevo bloque de desarrollo que integre a Bolivia, Chile, Brasil, Paraguay, Argentina y Per\u00fa. \u201cNosotros no vivimos en el pasado estamos&#8230;<\/p>\n","protected":false},"author":11,"featured_media":9499,"comment_status":"open","ping_status":"open","sticky":false,"template":"","format":"standard","meta":{"_jetpack_memberships_contains_paid_content":false,"footnotes":"","jetpack_publicize_message":"","jetpack_publicize_feature_enabled":true,"jetpack_social_post_already_shared":true,"jetpack_social_options":{"image_generator_settings":{"template":"highway","enabled":false},"version":2}},"categories":[1,16],"tags":[7,157,10,1395,963,345],"class_list":["post-9498","post","type-post","status-publish","format-standard","has-post-thumbnail","hentry","category-bolivia","category-economia","tag-bolivia","tag-chile","tag-politica","tag-relaciones-bolivia-chile","tag-relaciones-internacionales","tag-rodrigo-paz"],"jetpack_publicize_connections":[],"yoast_head":"<!-- This site is optimized with the Yoast SEO plugin v23.4 - https:\/\/yoast.com\/wordpress\/plugins\/seo\/ -->\n<title>PAZ PLANTEA CONFORMAR UN NUEVO BLOQUE DE DESARROLLO ENTRE BOLIVIA Y OTROS 5 PA\u00cdSES - innoticiasbo.com<\/title>\n<meta name=\"robots\" content=\"index, follow, max-snippet:-1, max-image-preview:large, max-video-preview:-1\" \/>\n<link rel=\"canonical\" href=\"https:\/\/innoticiasbo.com\/index.php\/2026\/03\/11\/paz-plantea-conformar-un-nuevo-bloque-de-desarrollo-entre-bolivia-y-otros-5-paises\/\" \/>\n<meta property=\"og:locale\" content=\"es_ES\" \/>\n<meta property=\"og:type\" content=\"article\" \/>\n<meta property=\"og:title\" content=\"PAZ PLANTEA CONFORMAR UN NUEVO BLOQUE DE DESARROLLO ENTRE BOLIVIA Y OTROS 5 PA\u00cdSES - innoticiasbo.com\" \/>\n<meta property=\"og:description\" content=\"Pa\u00eds, 11 de Marzo de 2026.- El presidente de Boliva, Rodrigo Paz, plante\u00f3 durante su visita a Chile para la posesi\u00f3n del presidente Jos\u00e9 Kast la necesidad de avanzar hacia la conformaci\u00f3n de un nuevo bloque de desarrollo que integre a Bolivia, Chile, Brasil, Paraguay, Argentina y Per\u00fa. \u201cNosotros no vivimos en el pasado estamos...\" \/>\n<meta property=\"og:url\" content=\"https:\/\/innoticiasbo.com\/index.php\/2026\/03\/11\/paz-plantea-conformar-un-nuevo-bloque-de-desarrollo-entre-bolivia-y-otros-5-paises\/\" \/>\n<meta property=\"og:site_name\" content=\"innoticiasbo.com\" \/>\n<meta property=\"article:publisher\" content=\"https:\/\/www.facebook.com\/innoticiasbolivia\" \/>\n<meta property=\"article:published_time\" content=\"2026-03-12T02:38:42+00:00\" \/>\n<meta property=\"article:modified_time\" content=\"2026-03-12T02:38:43+00:00\" \/>\n<meta property=\"og:image\" content=\"https:\/\/innoticiasbo.com\/wp-content\/uploads\/2026\/03\/image-151.png\" \/>\n\t<meta property=\"og:image:width\" content=\"2048\" \/>\n\t<meta property=\"og:image:height\" content=\"1153\" \/>\n\t<meta property=\"og:image:type\" content=\"image\/png\" \/>\n<meta name=\"author\" content=\"Prensa 11\" \/>\n<meta name=\"twitter:card\" content=\"summary_large_image\" \/>\n<meta name=\"twitter:creator\" content=\"@innoticiasbo\" \/>\n<meta name=\"twitter:site\" content=\"@innoticiasbo\" \/>\n<meta name=\"twitter:label1\" content=\"Escrito por\" \/>\n\t<meta name=\"twitter:data1\" content=\"Prensa 11\" \/>\n\t<meta name=\"twitter:label2\" content=\"Tiempo de lectura\" \/>\n\t<meta name=\"twitter:data2\" content=\"2 minutos\" \/>\n<script type=\"application\/ld+json\" class=\"yoast-schema-graph\">{\"@context\":\"https:\/\/schema.org\",\"@graph\":[{\"@type\":\"Article\",\"@id\":\"https:\/\/innoticiasbo.com\/index.php\/2026\/03\/11\/paz-plantea-conformar-un-nuevo-bloque-de-desarrollo-entre-bolivia-y-otros-5-paises\/#article\",\"isPartOf\":{\"@id\":\"https:\/\/innoticiasbo.com\/index.php\/2026\/03\/11\/paz-plantea-conformar-un-nuevo-bloque-de-desarrollo-entre-bolivia-y-otros-5-paises\/\"},\"author\":{\"name\":\"Prensa 11\",\"@id\":\"https:\/\/innoticiasbo.com\/#\/schema\/person\/0b28481e8d0316f83a13bc702311def5\"},\"headline\":\"PAZ PLANTEA CONFORMAR UN NUEVO BLOQUE DE DESARROLLO ENTRE BOLIVIA Y OTROS 5 PA\u00cdSES\",\"datePublished\":\"2026-03-12T02:38:42+00:00\",\"dateModified\":\"2026-03-12T02:38:43+00:00\",\"mainEntityOfPage\":{\"@id\":\"https:\/\/innoticiasbo.com\/index.php\/2026\/03\/11\/paz-plantea-conformar-un-nuevo-bloque-de-desarrollo-entre-bolivia-y-otros-5-paises\/\"},\"wordCount\":354,\"commentCount\":0,\"publisher\":{\"@id\":\"https:\/\/innoticiasbo.com\/#organization\"},\"image\":{\"@id\":\"https:\/\/innoticiasbo.com\/index.php\/2026\/03\/11\/paz-plantea-conformar-un-nuevo-bloque-de-desarrollo-entre-bolivia-y-otros-5-paises\/#primaryimage\"},\"thumbnailUrl\":\"https:\/\/i0.wp.com\/innoticiasbo.com\/wp-content\/uploads\/2026\/03\/image-151.png?fit=2048%2C1153&ssl=1\",\"keywords\":[\"Bolivia\",\"Chile\",\"Pol\u00edtica\",\"Relaciones Bolivia-Chile\",\"relaciones internacionales\",\"Rodrigo Paz\"],\"articleSection\":[\"Bolivia\",\"Econom\u00eda\"],\"inLanguage\":\"es\",\"potentialAction\":[{\"@type\":\"CommentAction\",\"name\":\"Comment\",\"target\":[\"https:\/\/innoticiasbo.com\/index.php\/2026\/03\/11\/paz-plantea-conformar-un-nuevo-bloque-de-desarrollo-entre-bolivia-y-otros-5-paises\/#respond\"]}]},{\"@type\":\"WebPage\",\"@id\":\"https:\/\/innoticiasbo.com\/index.php\/2026\/03\/11\/paz-plantea-conformar-un-nuevo-bloque-de-desarrollo-entre-bolivia-y-otros-5-paises\/\",\"url\":\"https:\/\/innoticiasbo.com\/index.php\/2026\/03\/11\/paz-plantea-conformar-un-nuevo-bloque-de-desarrollo-entre-bolivia-y-otros-5-paises\/\",\"name\":\"PAZ PLANTEA CONFORMAR UN NUEVO BLOQUE DE DESARROLLO ENTRE BOLIVIA Y OTROS 5 PA\u00cdSES - innoticiasbo.com\",\"isPartOf\":{\"@id\":\"https:\/\/innoticiasbo.com\/#website\"},\"primaryImageOfPage\":{\"@id\":\"https:\/\/innoticiasbo.com\/index.php\/2026\/03\/11\/paz-plantea-conformar-un-nuevo-bloque-de-desarrollo-entre-bolivia-y-otros-5-paises\/#primaryimage\"},\"image\":{\"@id\":\"https:\/\/innoticiasbo.com\/index.php\/2026\/03\/11\/paz-plantea-conformar-un-nuevo-bloque-de-desarrollo-entre-bolivia-y-otros-5-paises\/#primaryimage\"},\"thumbnailUrl\":\"https:\/\/i0.wp.com\/innoticiasbo.com\/wp-content\/uploads\/2026\/03\/image-151.png?fit=2048%2C1153&ssl=1\",\"datePublished\":\"2026-03-12T02:38:42+00:00\",\"dateModified\":\"2026-03-12T02:38:43+00:00\",\"breadcrumb\":{\"@id\":\"https:\/\/innoticiasbo.com\/index.php\/2026\/03\/11\/paz-plantea-conformar-un-nuevo-bloque-de-desarrollo-entre-bolivia-y-otros-5-paises\/#breadcrumb\"},\"inLanguage\":\"es\",\"potentialAction\":[{\"@type\":\"ReadAction\",\"target\":[\"https:\/\/innoticiasbo.com\/index.php\/2026\/03\/11\/paz-plantea-conformar-un-nuevo-bloque-de-desarrollo-entre-bolivia-y-otros-5-paises\/\"]}]},{\"@type\":\"ImageObject\",\"inLanguage\":\"es\",\"@id\":\"https:\/\/innoticiasbo.com\/index.php\/2026\/03\/11\/paz-plantea-conformar-un-nuevo-bloque-de-desarrollo-entre-bolivia-y-otros-5-paises\/#primaryimage\",\"url\":\"https:\/\/i0.wp.com\/innoticiasbo.com\/wp-content\/uploads\/2026\/03\/image-151.png?fit=2048%2C1153&ssl=1\",\"contentUrl\":\"https:\/\/i0.wp.com\/innoticiasbo.com\/wp-content\/uploads\/2026\/03\/image-151.png?fit=2048%2C1153&ssl=1\",\"width\":2048,\"height\":1153},{\"@type\":\"BreadcrumbList\",\"@id\":\"https:\/\/innoticiasbo.com\/index.php\/2026\/03\/11\/paz-plantea-conformar-un-nuevo-bloque-de-desarrollo-entre-bolivia-y-otros-5-paises\/#breadcrumb\",\"itemListElement\":[{\"@type\":\"ListItem\",\"position\":1,\"name\":\"Portada\",\"item\":\"https:\/\/innoticiasbo.com\/\"},{\"@type\":\"ListItem\",\"position\":2,\"name\":\"PAZ PLANTEA CONFORMAR UN NUEVO BLOQUE DE DESARROLLO ENTRE BOLIVIA Y OTROS 5 PA\u00cdSES\"}]},{\"@type\":\"WebSite\",\"@id\":\"https:\/\/innoticiasbo.com\/#website\",\"url\":\"https:\/\/innoticiasbo.com\/\",\"name\":\"innoticiasbo.com\",\"description\":\"\",\"publisher\":{\"@id\":\"https:\/\/innoticiasbo.com\/#organization\"},\"potentialAction\":[{\"@type\":\"SearchAction\",\"target\":{\"@type\":\"EntryPoint\",\"urlTemplate\":\"https:\/\/innoticiasbo.com\/?s={search_term_string}\"},\"query-input\":{\"@type\":\"PropertyValueSpecification\",\"valueRequired\":true,\"valueName\":\"search_term_string\"}}],\"inLanguage\":\"es\"},{\"@type\":\"Organization\",\"@id\":\"https:\/\/innoticiasbo.com\/#organization\",\"name\":\"innoticiasbo.com\",\"url\":\"https:\/\/innoticiasbo.com\/\",\"logo\":{\"@type\":\"ImageObject\",\"inLanguage\":\"es\",\"@id\":\"https:\/\/innoticiasbo.com\/#\/schema\/logo\/image\/\",\"url\":\"https:\/\/i0.wp.com\/innoticiasbo.com\/wp-content\/uploads\/2026\/04\/cropped-IN-LOGO.png?fit=1476%2C1476&ssl=1\",\"contentUrl\":\"https:\/\/i0.wp.com\/innoticiasbo.com\/wp-content\/uploads\/2026\/04\/cropped-IN-LOGO.png?fit=1476%2C1476&ssl=1\",\"width\":1476,\"height\":1476,\"caption\":\"innoticiasbo.com\"},\"image\":{\"@id\":\"https:\/\/innoticiasbo.com\/#\/schema\/logo\/image\/\"},\"sameAs\":[\"https:\/\/www.facebook.com\/innoticiasbolivia\",\"https:\/\/x.com\/innoticiasbo\",\"https:\/\/www.instagram.com\/innoticiasbo\",\"https:\/\/www.youtube.com\/innoticiasbo\"]},{\"@type\":\"Person\",\"@id\":\"https:\/\/innoticiasbo.com\/#\/schema\/person\/0b28481e8d0316f83a13bc702311def5\",\"name\":\"Prensa 11\",\"image\":{\"@type\":\"ImageObject\",\"inLanguage\":\"es\",\"@id\":\"https:\/\/innoticiasbo.com\/#\/schema\/person\/image\/\",\"url\":\"https:\/\/secure.gravatar.com\/avatar\/696560c17349f1807a610bf83832bad0?s=96&d=mm&r=g\",\"contentUrl\":\"https:\/\/secure.gravatar.com\/avatar\/696560c17349f1807a610bf83832bad0?s=96&d=mm&r=g\",\"caption\":\"Prensa 11\"},\"sameAs\":[\"http:\/\/www.innoticiasbo.com\"],\"url\":\"https:\/\/innoticiasbo.com\/index.php\/author\/prensa-11\/\"}]}<\/script>\n<!-- \/ Yoast SEO plugin. -->","yoast_head_json":{"title":"PAZ PLANTEA CONFORMAR UN NUEVO BLOQUE DE DESARROLLO ENTRE BOLIVIA Y OTROS 5 PA\u00cdSES - innoticiasbo.com","robots":{"index":"index","follow":"follow","max-snippet":"max-snippet:-1","max-image-preview":"max-image-preview:large","max-video-preview":"max-video-preview:-1"},"canonical":"https:\/\/innoticiasbo.com\/index.php\/2026\/03\/11\/paz-plantea-conformar-un-nuevo-bloque-de-desarrollo-entre-bolivia-y-otros-5-paises\/","og_locale":"es_ES","og_type":"article","og_title":"PAZ PLANTEA CONFORMAR UN NUEVO BLOQUE DE DESARROLLO ENTRE BOLIVIA Y OTROS 5 PA\u00cdSES - innoticiasbo.com","og_description":"Pa\u00eds, 11 de Marzo de 2026.- El presidente de Boliva, Rodrigo Paz, plante\u00f3 durante su visita a Chile para la posesi\u00f3n del presidente Jos\u00e9 Kast la necesidad de avanzar hacia la conformaci\u00f3n de un nuevo bloque de desarrollo que integre a Bolivia, Chile, Brasil, Paraguay, Argentina y Per\u00fa. \u201cNosotros no vivimos en el pasado estamos...","og_url":"https:\/\/innoticiasbo.com\/index.php\/2026\/03\/11\/paz-plantea-conformar-un-nuevo-bloque-de-desarrollo-entre-bolivia-y-otros-5-paises\/","og_site_name":"innoticiasbo.com","article_publisher":"https:\/\/www.facebook.com\/innoticiasbolivia","article_published_time":"2026-03-12T02:38:42+00:00","article_modified_time":"2026-03-12T02:38:43+00:00","og_image":[{"width":2048,"height":1153,"url":"https:\/\/innoticiasbo.com\/wp-content\/uploads\/2026\/03\/image-151.png","type":"image\/png"}],"author":"Prensa 11","twitter_card":"summary_large_image","twitter_creator":"@innoticiasbo","twitter_site":"@innoticiasbo","twitter_misc":{"Escrito por":"Prensa 11","Tiempo de lectura":"2 minutos"},"schema":{"@context":"https:\/\/schema.org","@graph":[{"@type":"Article","@id":"https:\/\/innoticiasbo.com\/index.php\/2026\/03\/11\/paz-plantea-conformar-un-nuevo-bloque-de-desarrollo-entre-bolivia-y-otros-5-paises\/#article","isPartOf":{"@id":"https:\/\/innoticiasbo.com\/index.php\/2026\/03\/11\/paz-plantea-conformar-un-nuevo-bloque-de-desarrollo-entre-bolivia-y-otros-5-paises\/"},"author":{"name":"Prensa 11","@id":"https:\/\/innoticiasbo.com\/#\/schema\/person\/0b28481e8d0316f83a13bc702311def5"},"headline":"PAZ PLANTEA CONFORMAR UN NUEVO BLOQUE DE DESARROLLO ENTRE BOLIVIA Y OTROS 5 PA\u00cdSES","datePublished":"2026-03-12T02:38:42+00:00","dateModified":"2026-03-12T02:38:43+00:00","mainEntityOfPage":{"@id":"https:\/\/innoticiasbo.com\/index.php\/2026\/03\/11\/paz-plantea-conformar-un-nuevo-bloque-de-desarrollo-entre-bolivia-y-otros-5-paises\/"},"wordCount":354,"commentCount":0,"publisher":{"@id":"https:\/\/innoticiasbo.com\/#organization"},"image":{"@id":"https:\/\/innoticiasbo.com\/index.php\/2026\/03\/11\/paz-plantea-conformar-un-nuevo-bloque-de-desarrollo-entre-bolivia-y-otros-5-paises\/#primaryimage"},"thumbnailUrl":"https:\/\/i0.wp.com\/innoticiasbo.com\/wp-content\/uploads\/2026\/03\/image-151.png?fit=2048%2C1153&ssl=1","keywords":["Bolivia","Chile","Pol\u00edtica","Relaciones Bolivia-Chile","relaciones internacionales","Rodrigo Paz"],"articleSection":["Bolivia","Econom\u00eda"],"inLanguage":"es","potentialAction":[{"@type":"CommentAction","name":"Comment","target":["https:\/\/innoticiasbo.com\/index.php\/2026\/03\/11\/paz-plantea-conformar-un-nuevo-bloque-de-desarrollo-entre-bolivia-y-otros-5-paises\/#respond"]}]},{"@type":"WebPage","@id":"https:\/\/innoticiasbo.com\/index.php\/2026\/03\/11\/paz-plantea-conformar-un-nuevo-bloque-de-desarrollo-entre-bolivia-y-otros-5-paises\/","url":"https:\/\/innoticiasbo.com\/index.php\/2026\/03\/11\/paz-plantea-conformar-un-nuevo-bloque-de-desarrollo-entre-bolivia-y-otros-5-paises\/","name":"PAZ PLANTEA CONFORMAR UN NUEVO BLOQUE DE DESARROLLO ENTRE BOLIVIA Y OTROS 5 PA\u00cdSES - innoticiasbo.com","isPartOf":{"@id":"https:\/\/innoticiasbo.com\/#website"},"primaryImageOfPage":{"@id":"https:\/\/innoticiasbo.com\/index.php\/2026\/03\/11\/paz-plantea-conformar-un-nuevo-bloque-de-desarrollo-entre-bolivia-y-otros-5-paises\/#primaryimage"},"image":{"@id":"https:\/\/innoticiasbo.com\/index.php\/2026\/03\/11\/paz-plantea-conformar-un-nuevo-bloque-de-desarrollo-entre-bolivia-y-otros-5-paises\/#primaryimage"},"thumbnailUrl":"https:\/\/i0.wp.com\/innoticiasbo.com\/wp-content\/uploads\/2026\/03\/image-151.png?fit=2048%2C1153&ssl=1","datePublished":"2026-03-12T02:38:42+00:00","dateModified":"2026-03-12T02:38:43+00:00","breadcrumb":{"@id":"https:\/\/innoticiasbo.com\/index.php\/2026\/03\/11\/paz-plantea-conformar-un-nuevo-bloque-de-desarrollo-entre-bolivia-y-otros-5-paises\/#breadcrumb"},"inLanguage":"es","potentialAction":[{"@type":"ReadAction","target":["https:\/\/innoticiasbo.com\/index.php\/2026\/03\/11\/paz-plantea-conformar-un-nuevo-bloque-de-desarrollo-entre-bolivia-y-otros-5-paises\/"]}]},{"@type":"ImageObject","inLanguage":"es","@id":"https:\/\/innoticiasbo.com\/index.php\/2026\/03\/11\/paz-plantea-conformar-un-nuevo-bloque-de-desarrollo-entre-bolivia-y-otros-5-paises\/#primaryimage","url":"https:\/\/i0.wp.com\/innoticiasbo.com\/wp-content\/uploads\/2026\/03\/image-151.png?fit=2048%2C1153&ssl=1","contentUrl":"https:\/\/i0.wp.com\/innoticiasbo.com\/wp-content\/uploads\/2026\/03\/image-151.png?fit=2048%2C1153&ssl=1","width":2048,"height":1153},{"@type":"BreadcrumbList","@id":"https:\/\/innoticiasbo.com\/index.php\/2026\/03\/11\/paz-plantea-conformar-un-nuevo-bloque-de-desarrollo-entre-bolivia-y-otros-5-paises\/#breadcrumb","itemListElement":[{"@type":"ListItem","position":1,"name":"Portada","item":"https:\/\/innoticiasbo.com\/"},{"@type":"ListItem","position":2,"name":"PAZ PLANTEA CONFORMAR UN NUEVO BLOQUE DE DESARROLLO ENTRE BOLIVIA Y OTROS 5 PA\u00cdSES"}]},{"@type":"WebSite","@id":"https:\/\/innoticiasbo.com\/#website","url":"https:\/\/innoticiasbo.com\/","name":"innoticiasbo.com","description":"","publisher":{"@id":"https:\/\/innoticiasbo.com\/#organization"},"potentialAction":[{"@type":"SearchAction","target":{"@type":"EntryPoint","urlTemplate":"https:\/\/innoticiasbo.com\/?s={search_term_string}"},"query-input":{"@type":"PropertyValueSpecification","valueRequired":true,"valueName":"search_term_string"}}],"inLanguage":"es"},{"@type":"Organization","@id":"https:\/\/innoticiasbo.com\/#organization","name":"innoticiasbo.com","url":"https:\/\/innoticiasbo.com\/","logo":{"@type":"ImageObject","inLanguage":"es","@id":"https:\/\/innoticiasbo.com\/#\/schema\/logo\/image\/","url":"https:\/\/i0.wp.com\/innoticiasbo.com\/wp-content\/uploads\/2026\/04\/cropped-IN-LOGO.png?fit=1476%2C1476&ssl=1","contentUrl":"https:\/\/i0.wp.com\/innoticiasbo.com\/wp-content\/uploads\/2026\/04\/cropped-IN-LOGO.png?fit=1476%2C1476&ssl=1","width":1476,"height":1476,"caption":"innoticiasbo.com"},"image":{"@id":"https:\/\/innoticiasbo.com\/#\/schema\/logo\/image\/"},"sameAs":["https:\/\/www.facebook.com\/innoticiasbolivia","https:\/\/x.com\/innoticiasbo","https:\/\/www.instagram.com\/innoticiasbo","https:\/\/www.youtube.com\/innoticiasbo"]},{"@type":"Person","@id":"https:\/\/innoticiasbo.com\/#\/schema\/person\/0b28481e8d0316f83a13bc702311def5","name":"Prensa 11","image":{"@type":"ImageObject","inLanguage":"es","@id":"https:\/\/innoticiasbo.com\/#\/schema\/person\/image\/","url":"https:\/\/secure.gravatar.com\/avatar\/696560c17349f1807a610bf83832bad0?s=96&d=mm&r=g","contentUrl":"https:\/\/secure.gravatar.com\/avatar\/696560c17349f1807a610bf83832bad0?s=96&d=mm&r=g","caption":"Prensa 11"},"sameAs":["http:\/\/www.innoticiasbo.com"],"url":"https:\/\/innoticiasbo.com\/index.php\/author\/prensa-11\/"}]}},"jetpack_featured_media_url":"https:\/\/i0.wp.com\/innoticiasbo.com\/wp-content\/uploads\/2026\/03\/image-151.png?fit=2048%2C1153&ssl=1","jetpack_likes_enabled":true,"jetpack_sharing_enabled":true,"jetpack_shortlink":"https:\/\/wp.me\/pg298x-2tc","_links":{"self":[{"href":"https:\/\/innoticiasbo.com\/index.php\/wp-json\/wp\/v2\/posts\/9498","targetHints":{"allow":["GET"]}}],"collection":[{"href":"https:\/\/innoticiasbo.com\/index.php\/wp-json\/wp\/v2\/posts"}],"about":[{"href":"https:\/\/innoticiasbo.com\/index.php\/wp-json\/wp\/v2\/types\/post"}],"author":[{"embeddable":true,"href":"https:\/\/innoticiasbo.com\/index.php\/wp-json\/wp\/v2\/users\/11"}],"replies":[{"embeddable":true,"href":"https:\/\/innoticiasbo.com\/index.php\/wp-json\/wp\/v2\/comments?post=9498"}],"version-history":[{"count":1,"href":"https:\/\/innoticiasbo.com\/index.php\/wp-json\/wp\/v2\/posts\/9498\/revisions"}],"predecessor-version":[{"id":9500,"href":"https:\/\/innoticiasbo.com\/index.php\/wp-json\/wp\/v2\/posts\/9498\/revisions\/9500"}],"wp:featuredmedia":[{"embeddable":true,"href":"https:\/\/innoticiasbo.com\/index.php\/wp-json\/wp\/v2\/media\/9499"}],"wp:attachment":[{"href":"https:\/\/innoticiasbo.com\/index.php\/wp-json\/wp\/v2\/media?parent=9498"}],"wp:term":[{"taxonomy":"category","embeddable":true,"href":"https:\/\/innoticiasbo.com\/index.php\/wp-json\/wp\/v2\/categories?post=9498"},{"taxonomy":"post_tag","embeddable":true,"href":"https:\/\/innoticiasbo.com\/index.php\/wp-json\/wp\/v2\/tags?post=9498"}],"curies":[{"name":"wp","href":"https:\/\/api.w.org\/{rel}","templated":true}]}}