{"id":9495,"date":"2026-03-11T22:30:28","date_gmt":"2026-03-12T02:30:28","guid":{"rendered":"https:\/\/innoticiasbo.com\/?p=9495"},"modified":"2026-03-11T22:30:30","modified_gmt":"2026-03-12T02:30:30","slug":"bolivia-mira-a-chile-como-proximo-mercado-para-carne-y-leche-estamos-en-puertas","status":"publish","type":"post","link":"https:\/\/innoticiasbo.com\/index.php\/2026\/03\/11\/bolivia-mira-a-chile-como-proximo-mercado-para-carne-y-leche-estamos-en-puertas\/","title":{"rendered":"BOLIVIA MIRA A CHILE COMO PR\u00d3XIMO MERCADO PARA CARNE Y LECHE: \u201cESTAMOS EN PUERTAS\u201d"},"content":{"rendered":"\n<figure class=\"wp-block-image size-full\"><img data-recalc-dims=\"1\" loading=\"lazy\" decoding=\"async\" width=\"640\" height=\"360\" src=\"https:\/\/i0.wp.com\/innoticiasbo.com\/wp-content\/uploads\/2026\/03\/image-150.png?resize=640%2C360&#038;ssl=1\" alt=\"\" class=\"wp-image-9496\" srcset=\"https:\/\/i0.wp.com\/innoticiasbo.com\/wp-content\/uploads\/2026\/03\/image-150.png?w=992&amp;ssl=1 992w, https:\/\/i0.wp.com\/innoticiasbo.com\/wp-content\/uploads\/2026\/03\/image-150.png?resize=300%2C169&amp;ssl=1 300w, https:\/\/i0.wp.com\/innoticiasbo.com\/wp-content\/uploads\/2026\/03\/image-150.png?resize=768%2C432&amp;ssl=1 768w\" sizes=\"auto, (max-width: 640px) 100vw, 640px\" \/><\/figure>\n\n\n\n<p><strong>Pa\u00eds, 11 de Marzo de 2026.-<\/strong> Justiniano aclar\u00f3 que esto no significa vender un mayor volumen de producci\u00f3n boliviana, sino implica la posibilidad de tener m\u00e1s mercados y elegir donde vender en funci\u00f3n de mejores precios.<\/p>\n\n\n\n<p>Luego de abrirse el mercado paraguayo para la producci\u00f3n de carne de Bolivia, el ministro de Desarrollo Productivo, \u00d3scar Mario Justiniano, anunci\u00f3 que se est\u00e1n por concluir negociaci\u00f3n para que la carne y leche boliviana ingrese a Chile.<\/p>\n\n\n\n<p>\u201cChile, por ejemplo, es el pr\u00f3ximo mercado para aperturar. Estamos en puertas ya de que Chile acepte comprar carne de bobina, carne de res, como tambi\u00e9n leche\u201d, dijo Justiniano en entrevista con el programa La Ma\u00f1ana en Directo de ERBOL.<\/p>\n\n\n\n<p>Explic\u00f3 que Bolivia ten\u00eda hasta el momento cuatro mercados para este producto, pero se aumentan Paraguay y \u201cposteriormente vendr\u00e1 Chile\u201d.<\/p>\n\n\n\n<p>Justiniano aclar\u00f3 que esto no significa vender un mayor volumen de producci\u00f3n boliviana, sino implica la posibilidad de tener m\u00e1s mercados y elegir donde vender en funci\u00f3n de mejores precios.<\/p>\n\n\n\n<p>Explic\u00f3 que la apertura de mercados se logra gracias a la confianza que est\u00e1 forjando el presidente Rodrigo Paz con otros pa\u00edses.<\/p>\n\n\n\n<p>Fuente: Opini\u00f3n<\/p>\n","protected":false},"excerpt":{"rendered":"<p>Pa\u00eds, 11 de Marzo de 2026.- Justiniano aclar\u00f3 que esto no significa vender un mayor volumen de producci\u00f3n boliviana, sino implica la posibilidad de tener m\u00e1s mercados y elegir donde vender en funci\u00f3n de mejores precios. Luego de abrirse el mercado paraguayo para la producci\u00f3n de carne de Bolivia, el ministro de Desarrollo Productivo, \u00d3scar&#8230;<\/p>\n","protected":false},"author":11,"featured_media":9496,"comment_status":"open","ping_status":"open","sticky":false,"template":"","format":"standard","meta":{"_jetpack_memberships_contains_paid_content":false,"footnotes":"","jetpack_publicize_message":"","jetpack_publicize_feature_enabled":true,"jetpack_social_post_already_shared":true,"jetpack_social_options":{"image_generator_settings":{"template":"highway","enabled":false},"version":2}},"categories":[1,16],"tags":[7,157,18,1441,1395],"class_list":["post-9495","post","type-post","status-publish","format-standard","has-post-thumbnail","hentry","category-bolivia","category-economia","tag-bolivia","tag-chile","tag-economia","tag-mercados","tag-relaciones-bolivia-chile"],"jetpack_publicize_connections":[],"yoast_head":"<!-- This site is optimized with the Yoast SEO plugin v23.4 - https:\/\/yoast.com\/wordpress\/plugins\/seo\/ -->\n<title>BOLIVIA MIRA A CHILE COMO PR\u00d3XIMO MERCADO PARA CARNE Y LECHE: \u201cESTAMOS EN PUERTAS\u201d - innoticiasbo.com<\/title>\n<meta name=\"robots\" content=\"index, follow, max-snippet:-1, max-image-preview:large, max-video-preview:-1\" \/>\n<link rel=\"canonical\" href=\"https:\/\/innoticiasbo.com\/index.php\/2026\/03\/11\/bolivia-mira-a-chile-como-proximo-mercado-para-carne-y-leche-estamos-en-puertas\/\" \/>\n<meta property=\"og:locale\" content=\"es_ES\" \/>\n<meta property=\"og:type\" content=\"article\" \/>\n<meta property=\"og:title\" content=\"BOLIVIA MIRA A CHILE COMO PR\u00d3XIMO MERCADO PARA CARNE Y LECHE: \u201cESTAMOS EN PUERTAS\u201d - innoticiasbo.com\" \/>\n<meta property=\"og:description\" content=\"Pa\u00eds, 11 de Marzo de 2026.- Justiniano aclar\u00f3 que esto no significa vender un mayor volumen de producci\u00f3n boliviana, sino implica la posibilidad de tener m\u00e1s mercados y elegir donde vender en funci\u00f3n de mejores precios. Luego de abrirse el mercado paraguayo para la producci\u00f3n de carne de Bolivia, el ministro de Desarrollo Productivo, \u00d3scar...\" \/>\n<meta property=\"og:url\" content=\"https:\/\/innoticiasbo.com\/index.php\/2026\/03\/11\/bolivia-mira-a-chile-como-proximo-mercado-para-carne-y-leche-estamos-en-puertas\/\" \/>\n<meta property=\"og:site_name\" content=\"innoticiasbo.com\" \/>\n<meta property=\"article:publisher\" content=\"https:\/\/www.facebook.com\/innoticiasbolivia\" \/>\n<meta property=\"article:published_time\" content=\"2026-03-12T02:30:28+00:00\" \/>\n<meta property=\"article:modified_time\" content=\"2026-03-12T02:30:30+00:00\" \/>\n<meta property=\"og:image\" content=\"https:\/\/innoticiasbo.com\/wp-content\/uploads\/2026\/03\/image-150.png\" \/>\n\t<meta property=\"og:image:width\" content=\"992\" \/>\n\t<meta property=\"og:image:height\" content=\"558\" \/>\n\t<meta property=\"og:image:type\" content=\"image\/png\" \/>\n<meta name=\"author\" content=\"Prensa 11\" \/>\n<meta name=\"twitter:card\" content=\"summary_large_image\" \/>\n<meta name=\"twitter:creator\" content=\"@innoticiasbo\" \/>\n<meta name=\"twitter:site\" content=\"@innoticiasbo\" \/>\n<meta name=\"twitter:label1\" content=\"Escrito por\" \/>\n\t<meta name=\"twitter:data1\" content=\"Prensa 11\" \/>\n\t<meta name=\"twitter:label2\" content=\"Tiempo de lectura\" \/>\n\t<meta name=\"twitter:data2\" content=\"2 minutos\" \/>\n<script type=\"application\/ld+json\" class=\"yoast-schema-graph\">{\"@context\":\"https:\/\/schema.org\",\"@graph\":[{\"@type\":\"Article\",\"@id\":\"https:\/\/innoticiasbo.com\/index.php\/2026\/03\/11\/bolivia-mira-a-chile-como-proximo-mercado-para-carne-y-leche-estamos-en-puertas\/#article\",\"isPartOf\":{\"@id\":\"https:\/\/innoticiasbo.com\/index.php\/2026\/03\/11\/bolivia-mira-a-chile-como-proximo-mercado-para-carne-y-leche-estamos-en-puertas\/\"},\"author\":{\"name\":\"Prensa 11\",\"@id\":\"https:\/\/innoticiasbo.com\/#\/schema\/person\/0b28481e8d0316f83a13bc702311def5\"},\"headline\":\"BOLIVIA MIRA A CHILE COMO PR\u00d3XIMO MERCADO PARA CARNE Y LECHE: \u201cESTAMOS EN PUERTAS\u201d\",\"datePublished\":\"2026-03-12T02:30:28+00:00\",\"dateModified\":\"2026-03-12T02:30:30+00:00\",\"mainEntityOfPage\":{\"@id\":\"https:\/\/innoticiasbo.com\/index.php\/2026\/03\/11\/bolivia-mira-a-chile-como-proximo-mercado-para-carne-y-leche-estamos-en-puertas\/\"},\"wordCount\":218,\"commentCount\":0,\"publisher\":{\"@id\":\"https:\/\/innoticiasbo.com\/#organization\"},\"image\":{\"@id\":\"https:\/\/innoticiasbo.com\/index.php\/2026\/03\/11\/bolivia-mira-a-chile-como-proximo-mercado-para-carne-y-leche-estamos-en-puertas\/#primaryimage\"},\"thumbnailUrl\":\"https:\/\/i0.wp.com\/innoticiasbo.com\/wp-content\/uploads\/2026\/03\/image-150.png?fit=992%2C558&ssl=1\",\"keywords\":[\"Bolivia\",\"Chile\",\"econom\u00eda\",\"mercados\",\"Relaciones Bolivia-Chile\"],\"articleSection\":[\"Bolivia\",\"Econom\u00eda\"],\"inLanguage\":\"es\",\"potentialAction\":[{\"@type\":\"CommentAction\",\"name\":\"Comment\",\"target\":[\"https:\/\/innoticiasbo.com\/index.php\/2026\/03\/11\/bolivia-mira-a-chile-como-proximo-mercado-para-carne-y-leche-estamos-en-puertas\/#respond\"]}]},{\"@type\":\"WebPage\",\"@id\":\"https:\/\/innoticiasbo.com\/index.php\/2026\/03\/11\/bolivia-mira-a-chile-como-proximo-mercado-para-carne-y-leche-estamos-en-puertas\/\",\"url\":\"https:\/\/innoticiasbo.com\/index.php\/2026\/03\/11\/bolivia-mira-a-chile-como-proximo-mercado-para-carne-y-leche-estamos-en-puertas\/\",\"name\":\"BOLIVIA MIRA A CHILE COMO PR\u00d3XIMO MERCADO PARA CARNE Y LECHE: \u201cESTAMOS EN PUERTAS\u201d - innoticiasbo.com\",\"isPartOf\":{\"@id\":\"https:\/\/innoticiasbo.com\/#website\"},\"primaryImageOfPage\":{\"@id\":\"https:\/\/innoticiasbo.com\/index.php\/2026\/03\/11\/bolivia-mira-a-chile-como-proximo-mercado-para-carne-y-leche-estamos-en-puertas\/#primaryimage\"},\"image\":{\"@id\":\"https:\/\/innoticiasbo.com\/index.php\/2026\/03\/11\/bolivia-mira-a-chile-como-proximo-mercado-para-carne-y-leche-estamos-en-puertas\/#primaryimage\"},\"thumbnailUrl\":\"https:\/\/i0.wp.com\/innoticiasbo.com\/wp-content\/uploads\/2026\/03\/image-150.png?fit=992%2C558&ssl=1\",\"datePublished\":\"2026-03-12T02:30:28+00:00\",\"dateModified\":\"2026-03-12T02:30:30+00:00\",\"breadcrumb\":{\"@id\":\"https:\/\/innoticiasbo.com\/index.php\/2026\/03\/11\/bolivia-mira-a-chile-como-proximo-mercado-para-carne-y-leche-estamos-en-puertas\/#breadcrumb\"},\"inLanguage\":\"es\",\"potentialAction\":[{\"@type\":\"ReadAction\",\"target\":[\"https:\/\/innoticiasbo.com\/index.php\/2026\/03\/11\/bolivia-mira-a-chile-como-proximo-mercado-para-carne-y-leche-estamos-en-puertas\/\"]}]},{\"@type\":\"ImageObject\",\"inLanguage\":\"es\",\"@id\":\"https:\/\/innoticiasbo.com\/index.php\/2026\/03\/11\/bolivia-mira-a-chile-como-proximo-mercado-para-carne-y-leche-estamos-en-puertas\/#primaryimage\",\"url\":\"https:\/\/i0.wp.com\/innoticiasbo.com\/wp-content\/uploads\/2026\/03\/image-150.png?fit=992%2C558&ssl=1\",\"contentUrl\":\"https:\/\/i0.wp.com\/innoticiasbo.com\/wp-content\/uploads\/2026\/03\/image-150.png?fit=992%2C558&ssl=1\",\"width\":992,\"height\":558},{\"@type\":\"BreadcrumbList\",\"@id\":\"https:\/\/innoticiasbo.com\/index.php\/2026\/03\/11\/bolivia-mira-a-chile-como-proximo-mercado-para-carne-y-leche-estamos-en-puertas\/#breadcrumb\",\"itemListElement\":[{\"@type\":\"ListItem\",\"position\":1,\"name\":\"Portada\",\"item\":\"https:\/\/innoticiasbo.com\/\"},{\"@type\":\"ListItem\",\"position\":2,\"name\":\"BOLIVIA MIRA A CHILE COMO PR\u00d3XIMO MERCADO PARA CARNE Y LECHE: \u201cESTAMOS EN PUERTAS\u201d\"}]},{\"@type\":\"WebSite\",\"@id\":\"https:\/\/innoticiasbo.com\/#website\",\"url\":\"https:\/\/innoticiasbo.com\/\",\"name\":\"innoticiasbo.com\",\"description\":\"\",\"publisher\":{\"@id\":\"https:\/\/innoticiasbo.com\/#organization\"},\"potentialAction\":[{\"@type\":\"SearchAction\",\"target\":{\"@type\":\"EntryPoint\",\"urlTemplate\":\"https:\/\/innoticiasbo.com\/?s={search_term_string}\"},\"query-input\":{\"@type\":\"PropertyValueSpecification\",\"valueRequired\":true,\"valueName\":\"search_term_string\"}}],\"inLanguage\":\"es\"},{\"@type\":\"Organization\",\"@id\":\"https:\/\/innoticiasbo.com\/#organization\",\"name\":\"innoticiasbo.com\",\"url\":\"https:\/\/innoticiasbo.com\/\",\"logo\":{\"@type\":\"ImageObject\",\"inLanguage\":\"es\",\"@id\":\"https:\/\/innoticiasbo.com\/#\/schema\/logo\/image\/\",\"url\":\"https:\/\/i0.wp.com\/innoticiasbo.com\/wp-content\/uploads\/2026\/04\/cropped-IN-LOGO.png?fit=1476%2C1476&ssl=1\",\"contentUrl\":\"https:\/\/i0.wp.com\/innoticiasbo.com\/wp-content\/uploads\/2026\/04\/cropped-IN-LOGO.png?fit=1476%2C1476&ssl=1\",\"width\":1476,\"height\":1476,\"caption\":\"innoticiasbo.com\"},\"image\":{\"@id\":\"https:\/\/innoticiasbo.com\/#\/schema\/logo\/image\/\"},\"sameAs\":[\"https:\/\/www.facebook.com\/innoticiasbolivia\",\"https:\/\/x.com\/innoticiasbo\",\"https:\/\/www.instagram.com\/innoticiasbo\",\"https:\/\/www.youtube.com\/innoticiasbo\"]},{\"@type\":\"Person\",\"@id\":\"https:\/\/innoticiasbo.com\/#\/schema\/person\/0b28481e8d0316f83a13bc702311def5\",\"name\":\"Prensa 11\",\"image\":{\"@type\":\"ImageObject\",\"inLanguage\":\"es\",\"@id\":\"https:\/\/innoticiasbo.com\/#\/schema\/person\/image\/\",\"url\":\"https:\/\/secure.gravatar.com\/avatar\/696560c17349f1807a610bf83832bad0?s=96&d=mm&r=g\",\"contentUrl\":\"https:\/\/secure.gravatar.com\/avatar\/696560c17349f1807a610bf83832bad0?s=96&d=mm&r=g\",\"caption\":\"Prensa 11\"},\"sameAs\":[\"http:\/\/www.innoticiasbo.com\"],\"url\":\"https:\/\/innoticiasbo.com\/index.php\/author\/prensa-11\/\"}]}<\/script>\n<!-- \/ Yoast SEO plugin. -->","yoast_head_json":{"title":"BOLIVIA MIRA A CHILE COMO PR\u00d3XIMO MERCADO PARA CARNE Y LECHE: \u201cESTAMOS EN PUERTAS\u201d - innoticiasbo.com","robots":{"index":"index","follow":"follow","max-snippet":"max-snippet:-1","max-image-preview":"max-image-preview:large","max-video-preview":"max-video-preview:-1"},"canonical":"https:\/\/innoticiasbo.com\/index.php\/2026\/03\/11\/bolivia-mira-a-chile-como-proximo-mercado-para-carne-y-leche-estamos-en-puertas\/","og_locale":"es_ES","og_type":"article","og_title":"BOLIVIA MIRA A CHILE COMO PR\u00d3XIMO MERCADO PARA CARNE Y LECHE: \u201cESTAMOS EN PUERTAS\u201d - innoticiasbo.com","og_description":"Pa\u00eds, 11 de Marzo de 2026.- Justiniano aclar\u00f3 que esto no significa vender un mayor volumen de producci\u00f3n boliviana, sino implica la posibilidad de tener m\u00e1s mercados y elegir donde vender en funci\u00f3n de mejores precios. Luego de abrirse el mercado paraguayo para la producci\u00f3n de carne de Bolivia, el ministro de Desarrollo Productivo, \u00d3scar...","og_url":"https:\/\/innoticiasbo.com\/index.php\/2026\/03\/11\/bolivia-mira-a-chile-como-proximo-mercado-para-carne-y-leche-estamos-en-puertas\/","og_site_name":"innoticiasbo.com","article_publisher":"https:\/\/www.facebook.com\/innoticiasbolivia","article_published_time":"2026-03-12T02:30:28+00:00","article_modified_time":"2026-03-12T02:30:30+00:00","og_image":[{"width":992,"height":558,"url":"https:\/\/innoticiasbo.com\/wp-content\/uploads\/2026\/03\/image-150.png","type":"image\/png"}],"author":"Prensa 11","twitter_card":"summary_large_image","twitter_creator":"@innoticiasbo","twitter_site":"@innoticiasbo","twitter_misc":{"Escrito por":"Prensa 11","Tiempo de lectura":"2 minutos"},"schema":{"@context":"https:\/\/schema.org","@graph":[{"@type":"Article","@id":"https:\/\/innoticiasbo.com\/index.php\/2026\/03\/11\/bolivia-mira-a-chile-como-proximo-mercado-para-carne-y-leche-estamos-en-puertas\/#article","isPartOf":{"@id":"https:\/\/innoticiasbo.com\/index.php\/2026\/03\/11\/bolivia-mira-a-chile-como-proximo-mercado-para-carne-y-leche-estamos-en-puertas\/"},"author":{"name":"Prensa 11","@id":"https:\/\/innoticiasbo.com\/#\/schema\/person\/0b28481e8d0316f83a13bc702311def5"},"headline":"BOLIVIA MIRA A CHILE COMO PR\u00d3XIMO MERCADO PARA CARNE Y LECHE: \u201cESTAMOS EN PUERTAS\u201d","datePublished":"2026-03-12T02:30:28+00:00","dateModified":"2026-03-12T02:30:30+00:00","mainEntityOfPage":{"@id":"https:\/\/innoticiasbo.com\/index.php\/2026\/03\/11\/bolivia-mira-a-chile-como-proximo-mercado-para-carne-y-leche-estamos-en-puertas\/"},"wordCount":218,"commentCount":0,"publisher":{"@id":"https:\/\/innoticiasbo.com\/#organization"},"image":{"@id":"https:\/\/innoticiasbo.com\/index.php\/2026\/03\/11\/bolivia-mira-a-chile-como-proximo-mercado-para-carne-y-leche-estamos-en-puertas\/#primaryimage"},"thumbnailUrl":"https:\/\/i0.wp.com\/innoticiasbo.com\/wp-content\/uploads\/2026\/03\/image-150.png?fit=992%2C558&ssl=1","keywords":["Bolivia","Chile","econom\u00eda","mercados","Relaciones Bolivia-Chile"],"articleSection":["Bolivia","Econom\u00eda"],"inLanguage":"es","potentialAction":[{"@type":"CommentAction","name":"Comment","target":["https:\/\/innoticiasbo.com\/index.php\/2026\/03\/11\/bolivia-mira-a-chile-como-proximo-mercado-para-carne-y-leche-estamos-en-puertas\/#respond"]}]},{"@type":"WebPage","@id":"https:\/\/innoticiasbo.com\/index.php\/2026\/03\/11\/bolivia-mira-a-chile-como-proximo-mercado-para-carne-y-leche-estamos-en-puertas\/","url":"https:\/\/innoticiasbo.com\/index.php\/2026\/03\/11\/bolivia-mira-a-chile-como-proximo-mercado-para-carne-y-leche-estamos-en-puertas\/","name":"BOLIVIA MIRA A CHILE COMO PR\u00d3XIMO MERCADO PARA CARNE Y LECHE: \u201cESTAMOS EN PUERTAS\u201d - innoticiasbo.com","isPartOf":{"@id":"https:\/\/innoticiasbo.com\/#website"},"primaryImageOfPage":{"@id":"https:\/\/innoticiasbo.com\/index.php\/2026\/03\/11\/bolivia-mira-a-chile-como-proximo-mercado-para-carne-y-leche-estamos-en-puertas\/#primaryimage"},"image":{"@id":"https:\/\/innoticiasbo.com\/index.php\/2026\/03\/11\/bolivia-mira-a-chile-como-proximo-mercado-para-carne-y-leche-estamos-en-puertas\/#primaryimage"},"thumbnailUrl":"https:\/\/i0.wp.com\/innoticiasbo.com\/wp-content\/uploads\/2026\/03\/image-150.png?fit=992%2C558&ssl=1","datePublished":"2026-03-12T02:30:28+00:00","dateModified":"2026-03-12T02:30:30+00:00","breadcrumb":{"@id":"https:\/\/innoticiasbo.com\/index.php\/2026\/03\/11\/bolivia-mira-a-chile-como-proximo-mercado-para-carne-y-leche-estamos-en-puertas\/#breadcrumb"},"inLanguage":"es","potentialAction":[{"@type":"ReadAction","target":["https:\/\/innoticiasbo.com\/index.php\/2026\/03\/11\/bolivia-mira-a-chile-como-proximo-mercado-para-carne-y-leche-estamos-en-puertas\/"]}]},{"@type":"ImageObject","inLanguage":"es","@id":"https:\/\/innoticiasbo.com\/index.php\/2026\/03\/11\/bolivia-mira-a-chile-como-proximo-mercado-para-carne-y-leche-estamos-en-puertas\/#primaryimage","url":"https:\/\/i0.wp.com\/innoticiasbo.com\/wp-content\/uploads\/2026\/03\/image-150.png?fit=992%2C558&ssl=1","contentUrl":"https:\/\/i0.wp.com\/innoticiasbo.com\/wp-content\/uploads\/2026\/03\/image-150.png?fit=992%2C558&ssl=1","width":992,"height":558},{"@type":"BreadcrumbList","@id":"https:\/\/innoticiasbo.com\/index.php\/2026\/03\/11\/bolivia-mira-a-chile-como-proximo-mercado-para-carne-y-leche-estamos-en-puertas\/#breadcrumb","itemListElement":[{"@type":"ListItem","position":1,"name":"Portada","item":"https:\/\/innoticiasbo.com\/"},{"@type":"ListItem","position":2,"name":"BOLIVIA MIRA A CHILE COMO PR\u00d3XIMO MERCADO PARA CARNE Y LECHE: \u201cESTAMOS EN PUERTAS\u201d"}]},{"@type":"WebSite","@id":"https:\/\/innoticiasbo.com\/#website","url":"https:\/\/innoticiasbo.com\/","name":"innoticiasbo.com","description":"","publisher":{"@id":"https:\/\/innoticiasbo.com\/#organization"},"potentialAction":[{"@type":"SearchAction","target":{"@type":"EntryPoint","urlTemplate":"https:\/\/innoticiasbo.com\/?s={search_term_string}"},"query-input":{"@type":"PropertyValueSpecification","valueRequired":true,"valueName":"search_term_string"}}],"inLanguage":"es"},{"@type":"Organization","@id":"https:\/\/innoticiasbo.com\/#organization","name":"innoticiasbo.com","url":"https:\/\/innoticiasbo.com\/","logo":{"@type":"ImageObject","inLanguage":"es","@id":"https:\/\/innoticiasbo.com\/#\/schema\/logo\/image\/","url":"https:\/\/i0.wp.com\/innoticiasbo.com\/wp-content\/uploads\/2026\/04\/cropped-IN-LOGO.png?fit=1476%2C1476&ssl=1","contentUrl":"https:\/\/i0.wp.com\/innoticiasbo.com\/wp-content\/uploads\/2026\/04\/cropped-IN-LOGO.png?fit=1476%2C1476&ssl=1","width":1476,"height":1476,"caption":"innoticiasbo.com"},"image":{"@id":"https:\/\/innoticiasbo.com\/#\/schema\/logo\/image\/"},"sameAs":["https:\/\/www.facebook.com\/innoticiasbolivia","https:\/\/x.com\/innoticiasbo","https:\/\/www.instagram.com\/innoticiasbo","https:\/\/www.youtube.com\/innoticiasbo"]},{"@type":"Person","@id":"https:\/\/innoticiasbo.com\/#\/schema\/person\/0b28481e8d0316f83a13bc702311def5","name":"Prensa 11","image":{"@type":"ImageObject","inLanguage":"es","@id":"https:\/\/innoticiasbo.com\/#\/schema\/person\/image\/","url":"https:\/\/secure.gravatar.com\/avatar\/696560c17349f1807a610bf83832bad0?s=96&d=mm&r=g","contentUrl":"https:\/\/secure.gravatar.com\/avatar\/696560c17349f1807a610bf83832bad0?s=96&d=mm&r=g","caption":"Prensa 11"},"sameAs":["http:\/\/www.innoticiasbo.com"],"url":"https:\/\/innoticiasbo.com\/index.php\/author\/prensa-11\/"}]}},"jetpack_featured_media_url":"https:\/\/i0.wp.com\/innoticiasbo.com\/wp-content\/uploads\/2026\/03\/image-150.png?fit=992%2C558&ssl=1","jetpack_likes_enabled":true,"jetpack_sharing_enabled":true,"jetpack_shortlink":"https:\/\/wp.me\/pg298x-2t9","_links":{"self":[{"href":"https:\/\/innoticiasbo.com\/index.php\/wp-json\/wp\/v2\/posts\/9495","targetHints":{"allow":["GET"]}}],"collection":[{"href":"https:\/\/innoticiasbo.com\/index.php\/wp-json\/wp\/v2\/posts"}],"about":[{"href":"https:\/\/innoticiasbo.com\/index.php\/wp-json\/wp\/v2\/types\/post"}],"author":[{"embeddable":true,"href":"https:\/\/innoticiasbo.com\/index.php\/wp-json\/wp\/v2\/users\/11"}],"replies":[{"embeddable":true,"href":"https:\/\/innoticiasbo.com\/index.php\/wp-json\/wp\/v2\/comments?post=9495"}],"version-history":[{"count":1,"href":"https:\/\/innoticiasbo.com\/index.php\/wp-json\/wp\/v2\/posts\/9495\/revisions"}],"predecessor-version":[{"id":9497,"href":"https:\/\/innoticiasbo.com\/index.php\/wp-json\/wp\/v2\/posts\/9495\/revisions\/9497"}],"wp:featuredmedia":[{"embeddable":true,"href":"https:\/\/innoticiasbo.com\/index.php\/wp-json\/wp\/v2\/media\/9496"}],"wp:attachment":[{"href":"https:\/\/innoticiasbo.com\/index.php\/wp-json\/wp\/v2\/media?parent=9495"}],"wp:term":[{"taxonomy":"category","embeddable":true,"href":"https:\/\/innoticiasbo.com\/index.php\/wp-json\/wp\/v2\/categories?post=9495"},{"taxonomy":"post_tag","embeddable":true,"href":"https:\/\/innoticiasbo.com\/index.php\/wp-json\/wp\/v2\/tags?post=9495"}],"curies":[{"name":"wp","href":"https:\/\/api.w.org\/{rel}","templated":true}]}}