{"id":9492,"date":"2026-03-11T22:18:28","date_gmt":"2026-03-12T02:18:28","guid":{"rendered":"https:\/\/innoticiasbo.com\/?p=9492"},"modified":"2026-03-11T22:18:30","modified_gmt":"2026-03-12T02:18:30","slug":"sergio-soliz-gomez-es-el-nuevo-presidente-ejecutivo-de-ylb","status":"publish","type":"post","link":"https:\/\/innoticiasbo.com\/index.php\/2026\/03\/11\/sergio-soliz-gomez-es-el-nuevo-presidente-ejecutivo-de-ylb\/","title":{"rendered":"SERGIO SOLIZ G\u00d3MEZ ES EL NUEVO PRESIDENTE EJECUTIVO DE YLB"},"content":{"rendered":"\n<figure class=\"wp-block-image size-full\"><img data-recalc-dims=\"1\" loading=\"lazy\" decoding=\"async\" width=\"640\" height=\"360\" src=\"https:\/\/i0.wp.com\/innoticiasbo.com\/wp-content\/uploads\/2026\/03\/image-149.png?resize=640%2C360&#038;ssl=1\" alt=\"\" class=\"wp-image-9493\" srcset=\"https:\/\/i0.wp.com\/innoticiasbo.com\/wp-content\/uploads\/2026\/03\/image-149.png?w=992&amp;ssl=1 992w, https:\/\/i0.wp.com\/innoticiasbo.com\/wp-content\/uploads\/2026\/03\/image-149.png?resize=300%2C169&amp;ssl=1 300w, https:\/\/i0.wp.com\/innoticiasbo.com\/wp-content\/uploads\/2026\/03\/image-149.png?resize=768%2C432&amp;ssl=1 768w\" sizes=\"auto, (max-width: 640px) 100vw, 640px\" \/><\/figure>\n\n\n\n<p><strong>Pa\u00eds, 11 de Marzo de 2026.- <\/strong>Sergio Soliz G\u00f3mez fue posesionado el martes como nuevo presidente ejecutivo de la empresa estatal Yacimientos de Litio Bolivianos (YLB).<\/p>\n\n\n\n<p>\u201cYLB informa que Sergio Soliz G\u00f3mez asume funciones como Presidente Ejecutivo, aportando una trayectoria profesional de m\u00e1s de 25 a\u00f1os en los sectores de hidrocarburos, miner\u00eda e industria\u201d, se lee en un comunicado de la empresa.<\/p>\n\n\n\n<p>Seg\u00fan los datos de la estatal, la flamante autoridad de YLB es abogado titulado de la Universidad Cat\u00f3lica Boliviana \u201cSan Pablo\u201d en La Paz. Cuenta con una maestr\u00eda en Administraci\u00f3n de Empresas cursada en Reino Unido.<\/p>\n\n\n\n<p>Adem\u00e1s, posee m\u00e1s de 25 a\u00f1os de experiencia profesional en los sectores de hidrocarburos, miner\u00eda e industria. Su trayectoria integra gesti\u00f3n jur\u00eddica y administraci\u00f3n estrat\u00e9gica, vinculada al desarrollo de sectores productivos y recursos naturales.<\/p>\n\n\n\n<p>YLB es una empresa dependiente del Ministerio de Hidrocarburos y Energ\u00edas, que tiene como misi\u00f3n operar y desarrollar la cadena productiva de los recursos evapor\u00edticos de Bolivia, que consiste en la investigaci\u00f3n, prospecci\u00f3n, exploraci\u00f3n, explotaci\u00f3n, beneficio o concentraci\u00f3n, instalaci\u00f3n, implementaci\u00f3n, puesta en marcha, operaci\u00f3n y administraci\u00f3n, con calidad, seguridad, responsabilidad social y ambiental.<\/p>\n\n\n\n<p>Fuente: Opini\u00f3n<\/p>\n","protected":false},"excerpt":{"rendered":"<p>Pa\u00eds, 11 de Marzo de 2026.- Sergio Soliz G\u00f3mez fue posesionado el martes como nuevo presidente ejecutivo de la empresa estatal Yacimientos de Litio Bolivianos (YLB). \u201cYLB informa que Sergio Soliz G\u00f3mez asume funciones como Presidente Ejecutivo, aportando una trayectoria profesional de m\u00e1s de 25 a\u00f1os en los sectores de hidrocarburos, miner\u00eda e industria\u201d, se&#8230;<\/p>\n","protected":false},"author":11,"featured_media":9493,"comment_status":"open","ping_status":"open","sticky":false,"template":"","format":"standard","meta":{"_jetpack_memberships_contains_paid_content":false,"footnotes":"","jetpack_publicize_message":"","jetpack_publicize_feature_enabled":true,"jetpack_social_post_already_shared":true,"jetpack_social_options":{"image_generator_settings":{"template":"highway","enabled":false},"version":2}},"categories":[1],"tags":[7,1439,1438,1437,1440,577],"class_list":["post-9492","post","type-post","status-publish","format-standard","has-post-thumbnail","hentry","category-bolivia","tag-bolivia","tag-nuevo-presidente-ejecutivo","tag-posesionamiento","tag-sergio-soliz-gomez","tag-yacimientos-de-litio-bolivianos","tag-ylb"],"jetpack_publicize_connections":[],"yoast_head":"<!-- This site is optimized with the Yoast SEO plugin v23.4 - https:\/\/yoast.com\/wordpress\/plugins\/seo\/ -->\n<title>SERGIO SOLIZ G\u00d3MEZ ES EL NUEVO PRESIDENTE EJECUTIVO DE YLB - innoticiasbo.com<\/title>\n<meta name=\"robots\" content=\"index, follow, max-snippet:-1, max-image-preview:large, max-video-preview:-1\" \/>\n<link rel=\"canonical\" href=\"https:\/\/innoticiasbo.com\/index.php\/2026\/03\/11\/sergio-soliz-gomez-es-el-nuevo-presidente-ejecutivo-de-ylb\/\" \/>\n<meta property=\"og:locale\" content=\"es_ES\" \/>\n<meta property=\"og:type\" content=\"article\" \/>\n<meta property=\"og:title\" content=\"SERGIO SOLIZ G\u00d3MEZ ES EL NUEVO PRESIDENTE EJECUTIVO DE YLB - innoticiasbo.com\" \/>\n<meta property=\"og:description\" content=\"Pa\u00eds, 11 de Marzo de 2026.- Sergio Soliz G\u00f3mez fue posesionado el martes como nuevo presidente ejecutivo de la empresa estatal Yacimientos de Litio Bolivianos (YLB). \u201cYLB informa que Sergio Soliz G\u00f3mez asume funciones como Presidente Ejecutivo, aportando una trayectoria profesional de m\u00e1s de 25 a\u00f1os en los sectores de hidrocarburos, miner\u00eda e industria\u201d, se...\" \/>\n<meta property=\"og:url\" content=\"https:\/\/innoticiasbo.com\/index.php\/2026\/03\/11\/sergio-soliz-gomez-es-el-nuevo-presidente-ejecutivo-de-ylb\/\" \/>\n<meta property=\"og:site_name\" content=\"innoticiasbo.com\" \/>\n<meta property=\"article:publisher\" content=\"https:\/\/www.facebook.com\/innoticiasbolivia\" \/>\n<meta property=\"article:published_time\" content=\"2026-03-12T02:18:28+00:00\" \/>\n<meta property=\"article:modified_time\" content=\"2026-03-12T02:18:30+00:00\" \/>\n<meta property=\"og:image\" content=\"https:\/\/innoticiasbo.com\/wp-content\/uploads\/2026\/03\/image-149.png\" \/>\n\t<meta property=\"og:image:width\" content=\"992\" \/>\n\t<meta property=\"og:image:height\" content=\"558\" \/>\n\t<meta property=\"og:image:type\" content=\"image\/png\" \/>\n<meta name=\"author\" content=\"Prensa 11\" \/>\n<meta name=\"twitter:card\" content=\"summary_large_image\" \/>\n<meta name=\"twitter:creator\" content=\"@innoticiasbo\" \/>\n<meta name=\"twitter:site\" content=\"@innoticiasbo\" \/>\n<meta name=\"twitter:label1\" content=\"Escrito por\" \/>\n\t<meta name=\"twitter:data1\" content=\"Prensa 11\" \/>\n\t<meta name=\"twitter:label2\" content=\"Tiempo de lectura\" \/>\n\t<meta name=\"twitter:data2\" content=\"2 minutos\" \/>\n<script type=\"application\/ld+json\" class=\"yoast-schema-graph\">{\"@context\":\"https:\/\/schema.org\",\"@graph\":[{\"@type\":\"Article\",\"@id\":\"https:\/\/innoticiasbo.com\/index.php\/2026\/03\/11\/sergio-soliz-gomez-es-el-nuevo-presidente-ejecutivo-de-ylb\/#article\",\"isPartOf\":{\"@id\":\"https:\/\/innoticiasbo.com\/index.php\/2026\/03\/11\/sergio-soliz-gomez-es-el-nuevo-presidente-ejecutivo-de-ylb\/\"},\"author\":{\"name\":\"Prensa 11\",\"@id\":\"https:\/\/innoticiasbo.com\/#\/schema\/person\/0b28481e8d0316f83a13bc702311def5\"},\"headline\":\"SERGIO SOLIZ G\u00d3MEZ ES EL NUEVO PRESIDENTE EJECUTIVO DE YLB\",\"datePublished\":\"2026-03-12T02:18:28+00:00\",\"dateModified\":\"2026-03-12T02:18:30+00:00\",\"mainEntityOfPage\":{\"@id\":\"https:\/\/innoticiasbo.com\/index.php\/2026\/03\/11\/sergio-soliz-gomez-es-el-nuevo-presidente-ejecutivo-de-ylb\/\"},\"wordCount\":226,\"commentCount\":0,\"publisher\":{\"@id\":\"https:\/\/innoticiasbo.com\/#organization\"},\"image\":{\"@id\":\"https:\/\/innoticiasbo.com\/index.php\/2026\/03\/11\/sergio-soliz-gomez-es-el-nuevo-presidente-ejecutivo-de-ylb\/#primaryimage\"},\"thumbnailUrl\":\"https:\/\/i0.wp.com\/innoticiasbo.com\/wp-content\/uploads\/2026\/03\/image-149.png?fit=992%2C558&ssl=1\",\"keywords\":[\"Bolivia\",\"nuevo presidente ejecutivo\",\"posesionamiento\",\"Sergio Soliz G\u00f3mez\",\"Yacimientos de Litio Bolivianos\",\"YLB\"],\"articleSection\":[\"Bolivia\"],\"inLanguage\":\"es\",\"potentialAction\":[{\"@type\":\"CommentAction\",\"name\":\"Comment\",\"target\":[\"https:\/\/innoticiasbo.com\/index.php\/2026\/03\/11\/sergio-soliz-gomez-es-el-nuevo-presidente-ejecutivo-de-ylb\/#respond\"]}]},{\"@type\":\"WebPage\",\"@id\":\"https:\/\/innoticiasbo.com\/index.php\/2026\/03\/11\/sergio-soliz-gomez-es-el-nuevo-presidente-ejecutivo-de-ylb\/\",\"url\":\"https:\/\/innoticiasbo.com\/index.php\/2026\/03\/11\/sergio-soliz-gomez-es-el-nuevo-presidente-ejecutivo-de-ylb\/\",\"name\":\"SERGIO SOLIZ G\u00d3MEZ ES EL NUEVO PRESIDENTE EJECUTIVO DE YLB - innoticiasbo.com\",\"isPartOf\":{\"@id\":\"https:\/\/innoticiasbo.com\/#website\"},\"primaryImageOfPage\":{\"@id\":\"https:\/\/innoticiasbo.com\/index.php\/2026\/03\/11\/sergio-soliz-gomez-es-el-nuevo-presidente-ejecutivo-de-ylb\/#primaryimage\"},\"image\":{\"@id\":\"https:\/\/innoticiasbo.com\/index.php\/2026\/03\/11\/sergio-soliz-gomez-es-el-nuevo-presidente-ejecutivo-de-ylb\/#primaryimage\"},\"thumbnailUrl\":\"https:\/\/i0.wp.com\/innoticiasbo.com\/wp-content\/uploads\/2026\/03\/image-149.png?fit=992%2C558&ssl=1\",\"datePublished\":\"2026-03-12T02:18:28+00:00\",\"dateModified\":\"2026-03-12T02:18:30+00:00\",\"breadcrumb\":{\"@id\":\"https:\/\/innoticiasbo.com\/index.php\/2026\/03\/11\/sergio-soliz-gomez-es-el-nuevo-presidente-ejecutivo-de-ylb\/#breadcrumb\"},\"inLanguage\":\"es\",\"potentialAction\":[{\"@type\":\"ReadAction\",\"target\":[\"https:\/\/innoticiasbo.com\/index.php\/2026\/03\/11\/sergio-soliz-gomez-es-el-nuevo-presidente-ejecutivo-de-ylb\/\"]}]},{\"@type\":\"ImageObject\",\"inLanguage\":\"es\",\"@id\":\"https:\/\/innoticiasbo.com\/index.php\/2026\/03\/11\/sergio-soliz-gomez-es-el-nuevo-presidente-ejecutivo-de-ylb\/#primaryimage\",\"url\":\"https:\/\/i0.wp.com\/innoticiasbo.com\/wp-content\/uploads\/2026\/03\/image-149.png?fit=992%2C558&ssl=1\",\"contentUrl\":\"https:\/\/i0.wp.com\/innoticiasbo.com\/wp-content\/uploads\/2026\/03\/image-149.png?fit=992%2C558&ssl=1\",\"width\":992,\"height\":558},{\"@type\":\"BreadcrumbList\",\"@id\":\"https:\/\/innoticiasbo.com\/index.php\/2026\/03\/11\/sergio-soliz-gomez-es-el-nuevo-presidente-ejecutivo-de-ylb\/#breadcrumb\",\"itemListElement\":[{\"@type\":\"ListItem\",\"position\":1,\"name\":\"Portada\",\"item\":\"https:\/\/innoticiasbo.com\/\"},{\"@type\":\"ListItem\",\"position\":2,\"name\":\"SERGIO SOLIZ G\u00d3MEZ ES EL NUEVO PRESIDENTE EJECUTIVO DE YLB\"}]},{\"@type\":\"WebSite\",\"@id\":\"https:\/\/innoticiasbo.com\/#website\",\"url\":\"https:\/\/innoticiasbo.com\/\",\"name\":\"innoticiasbo.com\",\"description\":\"\",\"publisher\":{\"@id\":\"https:\/\/innoticiasbo.com\/#organization\"},\"potentialAction\":[{\"@type\":\"SearchAction\",\"target\":{\"@type\":\"EntryPoint\",\"urlTemplate\":\"https:\/\/innoticiasbo.com\/?s={search_term_string}\"},\"query-input\":{\"@type\":\"PropertyValueSpecification\",\"valueRequired\":true,\"valueName\":\"search_term_string\"}}],\"inLanguage\":\"es\"},{\"@type\":\"Organization\",\"@id\":\"https:\/\/innoticiasbo.com\/#organization\",\"name\":\"innoticiasbo.com\",\"url\":\"https:\/\/innoticiasbo.com\/\",\"logo\":{\"@type\":\"ImageObject\",\"inLanguage\":\"es\",\"@id\":\"https:\/\/innoticiasbo.com\/#\/schema\/logo\/image\/\",\"url\":\"https:\/\/i0.wp.com\/innoticiasbo.com\/wp-content\/uploads\/2026\/04\/cropped-IN-LOGO.png?fit=1476%2C1476&ssl=1\",\"contentUrl\":\"https:\/\/i0.wp.com\/innoticiasbo.com\/wp-content\/uploads\/2026\/04\/cropped-IN-LOGO.png?fit=1476%2C1476&ssl=1\",\"width\":1476,\"height\":1476,\"caption\":\"innoticiasbo.com\"},\"image\":{\"@id\":\"https:\/\/innoticiasbo.com\/#\/schema\/logo\/image\/\"},\"sameAs\":[\"https:\/\/www.facebook.com\/innoticiasbolivia\",\"https:\/\/x.com\/innoticiasbo\",\"https:\/\/www.instagram.com\/innoticiasbo\",\"https:\/\/www.youtube.com\/innoticiasbo\"]},{\"@type\":\"Person\",\"@id\":\"https:\/\/innoticiasbo.com\/#\/schema\/person\/0b28481e8d0316f83a13bc702311def5\",\"name\":\"Prensa 11\",\"image\":{\"@type\":\"ImageObject\",\"inLanguage\":\"es\",\"@id\":\"https:\/\/innoticiasbo.com\/#\/schema\/person\/image\/\",\"url\":\"https:\/\/secure.gravatar.com\/avatar\/696560c17349f1807a610bf83832bad0?s=96&d=mm&r=g\",\"contentUrl\":\"https:\/\/secure.gravatar.com\/avatar\/696560c17349f1807a610bf83832bad0?s=96&d=mm&r=g\",\"caption\":\"Prensa 11\"},\"sameAs\":[\"http:\/\/www.innoticiasbo.com\"],\"url\":\"https:\/\/innoticiasbo.com\/index.php\/author\/prensa-11\/\"}]}<\/script>\n<!-- \/ Yoast SEO plugin. -->","yoast_head_json":{"title":"SERGIO SOLIZ G\u00d3MEZ ES EL NUEVO PRESIDENTE EJECUTIVO DE YLB - innoticiasbo.com","robots":{"index":"index","follow":"follow","max-snippet":"max-snippet:-1","max-image-preview":"max-image-preview:large","max-video-preview":"max-video-preview:-1"},"canonical":"https:\/\/innoticiasbo.com\/index.php\/2026\/03\/11\/sergio-soliz-gomez-es-el-nuevo-presidente-ejecutivo-de-ylb\/","og_locale":"es_ES","og_type":"article","og_title":"SERGIO SOLIZ G\u00d3MEZ ES EL NUEVO PRESIDENTE EJECUTIVO DE YLB - innoticiasbo.com","og_description":"Pa\u00eds, 11 de Marzo de 2026.- Sergio Soliz G\u00f3mez fue posesionado el martes como nuevo presidente ejecutivo de la empresa estatal Yacimientos de Litio Bolivianos (YLB). \u201cYLB informa que Sergio Soliz G\u00f3mez asume funciones como Presidente Ejecutivo, aportando una trayectoria profesional de m\u00e1s de 25 a\u00f1os en los sectores de hidrocarburos, miner\u00eda e industria\u201d, se...","og_url":"https:\/\/innoticiasbo.com\/index.php\/2026\/03\/11\/sergio-soliz-gomez-es-el-nuevo-presidente-ejecutivo-de-ylb\/","og_site_name":"innoticiasbo.com","article_publisher":"https:\/\/www.facebook.com\/innoticiasbolivia","article_published_time":"2026-03-12T02:18:28+00:00","article_modified_time":"2026-03-12T02:18:30+00:00","og_image":[{"width":992,"height":558,"url":"https:\/\/innoticiasbo.com\/wp-content\/uploads\/2026\/03\/image-149.png","type":"image\/png"}],"author":"Prensa 11","twitter_card":"summary_large_image","twitter_creator":"@innoticiasbo","twitter_site":"@innoticiasbo","twitter_misc":{"Escrito por":"Prensa 11","Tiempo de lectura":"2 minutos"},"schema":{"@context":"https:\/\/schema.org","@graph":[{"@type":"Article","@id":"https:\/\/innoticiasbo.com\/index.php\/2026\/03\/11\/sergio-soliz-gomez-es-el-nuevo-presidente-ejecutivo-de-ylb\/#article","isPartOf":{"@id":"https:\/\/innoticiasbo.com\/index.php\/2026\/03\/11\/sergio-soliz-gomez-es-el-nuevo-presidente-ejecutivo-de-ylb\/"},"author":{"name":"Prensa 11","@id":"https:\/\/innoticiasbo.com\/#\/schema\/person\/0b28481e8d0316f83a13bc702311def5"},"headline":"SERGIO SOLIZ G\u00d3MEZ ES EL NUEVO PRESIDENTE EJECUTIVO DE YLB","datePublished":"2026-03-12T02:18:28+00:00","dateModified":"2026-03-12T02:18:30+00:00","mainEntityOfPage":{"@id":"https:\/\/innoticiasbo.com\/index.php\/2026\/03\/11\/sergio-soliz-gomez-es-el-nuevo-presidente-ejecutivo-de-ylb\/"},"wordCount":226,"commentCount":0,"publisher":{"@id":"https:\/\/innoticiasbo.com\/#organization"},"image":{"@id":"https:\/\/innoticiasbo.com\/index.php\/2026\/03\/11\/sergio-soliz-gomez-es-el-nuevo-presidente-ejecutivo-de-ylb\/#primaryimage"},"thumbnailUrl":"https:\/\/i0.wp.com\/innoticiasbo.com\/wp-content\/uploads\/2026\/03\/image-149.png?fit=992%2C558&ssl=1","keywords":["Bolivia","nuevo presidente ejecutivo","posesionamiento","Sergio Soliz G\u00f3mez","Yacimientos de Litio Bolivianos","YLB"],"articleSection":["Bolivia"],"inLanguage":"es","potentialAction":[{"@type":"CommentAction","name":"Comment","target":["https:\/\/innoticiasbo.com\/index.php\/2026\/03\/11\/sergio-soliz-gomez-es-el-nuevo-presidente-ejecutivo-de-ylb\/#respond"]}]},{"@type":"WebPage","@id":"https:\/\/innoticiasbo.com\/index.php\/2026\/03\/11\/sergio-soliz-gomez-es-el-nuevo-presidente-ejecutivo-de-ylb\/","url":"https:\/\/innoticiasbo.com\/index.php\/2026\/03\/11\/sergio-soliz-gomez-es-el-nuevo-presidente-ejecutivo-de-ylb\/","name":"SERGIO SOLIZ G\u00d3MEZ ES EL NUEVO PRESIDENTE EJECUTIVO DE YLB - innoticiasbo.com","isPartOf":{"@id":"https:\/\/innoticiasbo.com\/#website"},"primaryImageOfPage":{"@id":"https:\/\/innoticiasbo.com\/index.php\/2026\/03\/11\/sergio-soliz-gomez-es-el-nuevo-presidente-ejecutivo-de-ylb\/#primaryimage"},"image":{"@id":"https:\/\/innoticiasbo.com\/index.php\/2026\/03\/11\/sergio-soliz-gomez-es-el-nuevo-presidente-ejecutivo-de-ylb\/#primaryimage"},"thumbnailUrl":"https:\/\/i0.wp.com\/innoticiasbo.com\/wp-content\/uploads\/2026\/03\/image-149.png?fit=992%2C558&ssl=1","datePublished":"2026-03-12T02:18:28+00:00","dateModified":"2026-03-12T02:18:30+00:00","breadcrumb":{"@id":"https:\/\/innoticiasbo.com\/index.php\/2026\/03\/11\/sergio-soliz-gomez-es-el-nuevo-presidente-ejecutivo-de-ylb\/#breadcrumb"},"inLanguage":"es","potentialAction":[{"@type":"ReadAction","target":["https:\/\/innoticiasbo.com\/index.php\/2026\/03\/11\/sergio-soliz-gomez-es-el-nuevo-presidente-ejecutivo-de-ylb\/"]}]},{"@type":"ImageObject","inLanguage":"es","@id":"https:\/\/innoticiasbo.com\/index.php\/2026\/03\/11\/sergio-soliz-gomez-es-el-nuevo-presidente-ejecutivo-de-ylb\/#primaryimage","url":"https:\/\/i0.wp.com\/innoticiasbo.com\/wp-content\/uploads\/2026\/03\/image-149.png?fit=992%2C558&ssl=1","contentUrl":"https:\/\/i0.wp.com\/innoticiasbo.com\/wp-content\/uploads\/2026\/03\/image-149.png?fit=992%2C558&ssl=1","width":992,"height":558},{"@type":"BreadcrumbList","@id":"https:\/\/innoticiasbo.com\/index.php\/2026\/03\/11\/sergio-soliz-gomez-es-el-nuevo-presidente-ejecutivo-de-ylb\/#breadcrumb","itemListElement":[{"@type":"ListItem","position":1,"name":"Portada","item":"https:\/\/innoticiasbo.com\/"},{"@type":"ListItem","position":2,"name":"SERGIO SOLIZ G\u00d3MEZ ES EL NUEVO PRESIDENTE EJECUTIVO DE YLB"}]},{"@type":"WebSite","@id":"https:\/\/innoticiasbo.com\/#website","url":"https:\/\/innoticiasbo.com\/","name":"innoticiasbo.com","description":"","publisher":{"@id":"https:\/\/innoticiasbo.com\/#organization"},"potentialAction":[{"@type":"SearchAction","target":{"@type":"EntryPoint","urlTemplate":"https:\/\/innoticiasbo.com\/?s={search_term_string}"},"query-input":{"@type":"PropertyValueSpecification","valueRequired":true,"valueName":"search_term_string"}}],"inLanguage":"es"},{"@type":"Organization","@id":"https:\/\/innoticiasbo.com\/#organization","name":"innoticiasbo.com","url":"https:\/\/innoticiasbo.com\/","logo":{"@type":"ImageObject","inLanguage":"es","@id":"https:\/\/innoticiasbo.com\/#\/schema\/logo\/image\/","url":"https:\/\/i0.wp.com\/innoticiasbo.com\/wp-content\/uploads\/2026\/04\/cropped-IN-LOGO.png?fit=1476%2C1476&ssl=1","contentUrl":"https:\/\/i0.wp.com\/innoticiasbo.com\/wp-content\/uploads\/2026\/04\/cropped-IN-LOGO.png?fit=1476%2C1476&ssl=1","width":1476,"height":1476,"caption":"innoticiasbo.com"},"image":{"@id":"https:\/\/innoticiasbo.com\/#\/schema\/logo\/image\/"},"sameAs":["https:\/\/www.facebook.com\/innoticiasbolivia","https:\/\/x.com\/innoticiasbo","https:\/\/www.instagram.com\/innoticiasbo","https:\/\/www.youtube.com\/innoticiasbo"]},{"@type":"Person","@id":"https:\/\/innoticiasbo.com\/#\/schema\/person\/0b28481e8d0316f83a13bc702311def5","name":"Prensa 11","image":{"@type":"ImageObject","inLanguage":"es","@id":"https:\/\/innoticiasbo.com\/#\/schema\/person\/image\/","url":"https:\/\/secure.gravatar.com\/avatar\/696560c17349f1807a610bf83832bad0?s=96&d=mm&r=g","contentUrl":"https:\/\/secure.gravatar.com\/avatar\/696560c17349f1807a610bf83832bad0?s=96&d=mm&r=g","caption":"Prensa 11"},"sameAs":["http:\/\/www.innoticiasbo.com"],"url":"https:\/\/innoticiasbo.com\/index.php\/author\/prensa-11\/"}]}},"jetpack_featured_media_url":"https:\/\/i0.wp.com\/innoticiasbo.com\/wp-content\/uploads\/2026\/03\/image-149.png?fit=992%2C558&ssl=1","jetpack_likes_enabled":true,"jetpack_sharing_enabled":true,"jetpack_shortlink":"https:\/\/wp.me\/pg298x-2t6","_links":{"self":[{"href":"https:\/\/innoticiasbo.com\/index.php\/wp-json\/wp\/v2\/posts\/9492","targetHints":{"allow":["GET"]}}],"collection":[{"href":"https:\/\/innoticiasbo.com\/index.php\/wp-json\/wp\/v2\/posts"}],"about":[{"href":"https:\/\/innoticiasbo.com\/index.php\/wp-json\/wp\/v2\/types\/post"}],"author":[{"embeddable":true,"href":"https:\/\/innoticiasbo.com\/index.php\/wp-json\/wp\/v2\/users\/11"}],"replies":[{"embeddable":true,"href":"https:\/\/innoticiasbo.com\/index.php\/wp-json\/wp\/v2\/comments?post=9492"}],"version-history":[{"count":1,"href":"https:\/\/innoticiasbo.com\/index.php\/wp-json\/wp\/v2\/posts\/9492\/revisions"}],"predecessor-version":[{"id":9494,"href":"https:\/\/innoticiasbo.com\/index.php\/wp-json\/wp\/v2\/posts\/9492\/revisions\/9494"}],"wp:featuredmedia":[{"embeddable":true,"href":"https:\/\/innoticiasbo.com\/index.php\/wp-json\/wp\/v2\/media\/9493"}],"wp:attachment":[{"href":"https:\/\/innoticiasbo.com\/index.php\/wp-json\/wp\/v2\/media?parent=9492"}],"wp:term":[{"taxonomy":"category","embeddable":true,"href":"https:\/\/innoticiasbo.com\/index.php\/wp-json\/wp\/v2\/categories?post=9492"},{"taxonomy":"post_tag","embeddable":true,"href":"https:\/\/innoticiasbo.com\/index.php\/wp-json\/wp\/v2\/tags?post=9492"}],"curies":[{"name":"wp","href":"https:\/\/api.w.org\/{rel}","templated":true}]}}