{"id":9483,"date":"2026-03-11T21:18:12","date_gmt":"2026-03-12T01:18:12","guid":{"rendered":"https:\/\/innoticiasbo.com\/?p=9483"},"modified":"2026-03-11T21:18:13","modified_gmt":"2026-03-12T01:18:13","slug":"gobierno-anuncia-la-quinta-libertad-para-que-aerolineas-de-otros-paises-recojan-pasajeros-de-bolivia","status":"publish","type":"post","link":"https:\/\/innoticiasbo.com\/index.php\/2026\/03\/11\/gobierno-anuncia-la-quinta-libertad-para-que-aerolineas-de-otros-paises-recojan-pasajeros-de-bolivia\/","title":{"rendered":"GOBIERNO ANUNCIA LA \u00abQUINTA LIBERTAD\u00bb PARA QUE AEROL\u00cdNEAS DE OTROS PA\u00cdSES RECOJAN PASAJEROS DE BOLIVIA"},"content":{"rendered":"\n<figure class=\"wp-block-image size-full\"><img data-recalc-dims=\"1\" loading=\"lazy\" decoding=\"async\" width=\"640\" height=\"360\" src=\"https:\/\/i0.wp.com\/innoticiasbo.com\/wp-content\/uploads\/2026\/03\/image-146.png?resize=640%2C360&#038;ssl=1\" alt=\"\" class=\"wp-image-9484\" srcset=\"https:\/\/i0.wp.com\/innoticiasbo.com\/wp-content\/uploads\/2026\/03\/image-146.png?w=992&amp;ssl=1 992w, https:\/\/i0.wp.com\/innoticiasbo.com\/wp-content\/uploads\/2026\/03\/image-146.png?resize=300%2C169&amp;ssl=1 300w, https:\/\/i0.wp.com\/innoticiasbo.com\/wp-content\/uploads\/2026\/03\/image-146.png?resize=768%2C432&amp;ssl=1 768w\" sizes=\"auto, (max-width: 640px) 100vw, 640px\" \/><\/figure>\n\n\n\n<p><strong>Pa\u00eds, 11 de Marzo de 2026.- <\/strong>Afirm\u00f3 que siguiendo la l\u00ednea de \u201cCielos Abiertos\u201d ya generaron resultados, ya que la aerol\u00ednea Avianca, habilit\u00f3 vuelos todos los d\u00edas desde Cusco a la ciudad de La Paz, esta nueva conexi\u00f3n fortalecer\u00e1 el turismo y el intercambio regional.<\/p>\n\n\n\n<p>El ministro de Obras P\u00fablicas, Mauricio Zamora, brind\u00f3 una conferencia de prensa explicando algunas iniciativas para mejorar el servicio a\u00e9reo en el pa\u00eds, como la recuperaci\u00f3n de una aeronave, habilitar el servicio a\u00e9reo no regular, ampliar la oferta de vuelos, y m\u00e1s.<\/p>\n\n\n\n<h2 class=\"wp-block-heading\"><strong>QUINTA LIBERTAD<\/strong><\/h2>\n\n\n\n<p>El ministro explic\u00f3 que se ha habilitado la \u00abQuinta libertad\u00bb en el servicio a\u00e9reo en el pa\u00eds, lo cual implica que aerol\u00edneas de otro pa\u00eds pueden pasar por Bolivia y recoger pasajeros para llevarlos en viajes al exterior.<\/p>\n\n\n\n<p>Explic\u00f3 que, paralelamente, que el Gobierno trabaja en la modificaci\u00f3n de dos leyes y en la elaboraci\u00f3n de un decreto supremo que permitir\u00e1 avanzar hacia una pol\u00edtica de cielos abiertos en Bolivia, con el objetivo de ampliar la oferta de vuelos y mejorar el servicio para los usuarios.<\/p>\n\n\n\n<p>Indic\u00f3 que antes no se permit\u00eda esta modalidad por una pol\u00edtica de proteccionismo a favor de la aerol\u00ednea boliviana. Indic\u00f3 que ahora se apuesta por fortalecer la empresa boliviana, para que est\u00e9 a la altura de la competencia.<\/p>\n\n\n\n<h2 class=\"wp-block-heading\"><strong>TAXI A\u00c9REO<\/strong><\/h2>\n\n\n\n<p>El ministro, explic\u00f3 que se ha tomado una nueva determinaci\u00f3n, despu\u00e9s de considerar que s\u00f3lo existe un vuelo diario hacia Cobija y uno a la semana a Guayaramer\u00edn. \u201cEs una barbaridad\u201d, admiti\u00f3.<\/p>\n\n\n\n<p>Anunci\u00f3 la acci\u00f3n inmediata de la promoci\u00f3n del \u201ctaxi a\u00e9reo\u201d coordinando con empresarios bolivianos que tengan sus propias aeronaves para solucionar el alejamiento de estas ciudades, present\u00e1ndose ante la Direcci\u00f3n general de Aeron\u00e1utica (DGAC). Invita a los empresarios privados que cuentan con aeronaves para tener una soluci\u00f3n inmediata.<\/p>\n\n\n\n<h2 class=\"wp-block-heading\"><strong>RECUPERACI\u00d3N DE AERONAVE<\/strong><\/h2>\n\n\n\n<p>Zamora destac\u00f3 el crecimiento de la flota de Boliviana de Aviaci\u00f3n (Boa) tras la recuperaci\u00f3n de una flota por la que se pagaba alquiler todos los meses. El avi\u00f3n ya est\u00e1 en Bolivia y por el momento ya tenemos 13 aviones a disposici\u00f3n de nuestra poblaci\u00f3n\u201d, explic\u00f3 Zamora.<\/p>\n\n\n\n<h2 class=\"wp-block-heading\"><strong>AEROL\u00cdNEAS INTERESADAS<\/strong><\/h2>\n\n\n\n<p>Zamora tambi\u00e9n indic\u00f3 que existe el inter\u00e9s de varias aerol\u00edneas que desean ingresar a Bolivia, que permitir\u00e1 que los bolivianos tengan un mejor servicio con \u201clos cielos abiertos\u201d.<\/p>\n\n\n\n<p>Entre las empresas interesadas se encuentran Flybondi de Argentina, Arajet, de Rep\u00fablica Dominicana, Tampa Cargo, de Colombia, Wingo, de Panam\u00e1, y ABSA, de Brasil.<\/p>\n\n\n\n<p>A estas se suman tres empresas bolivianas que buscan involucrarse en vuelos dom\u00e9sticos, estas son: Andina, Go Airlines e Ibenor, las cuales est\u00e1n siendo evaluadas para ingresar al mercado aeron\u00e1utico nacional. &nbsp;<\/p>\n\n\n\n<h2 class=\"wp-block-heading\"><strong>AVIANCA<\/strong><\/h2>\n\n\n\n<p>Afirm\u00f3 que siguiendo la l\u00ednea de \u201cCielos Abiertos\u201d ya generaron resultados, ya que la aerol\u00ednea Avianca, habilit\u00f3 vuelos todos los d\u00edas desde Cusco a la ciudad de La Paz, esta nueva conexi\u00f3n fortalecer\u00e1 el turismo y el intercambio regional. \u201cEs una gran noticia porque tendremos 4.600 pasajeros m\u00e1s que llegar\u00e1n a la ciudad de La Paz y de ah\u00ed se ir\u00e1n a Uyuni o Sucre, pero el turismo generar\u00e1 econom\u00eda\u201d, expres\u00f3 el ministro.<\/p>\n\n\n\n<p>Fuente: Opini\u00f3n<\/p>\n","protected":false},"excerpt":{"rendered":"<p>Pa\u00eds, 11 de Marzo de 2026.- Afirm\u00f3 que siguiendo la l\u00ednea de \u201cCielos Abiertos\u201d ya generaron resultados, ya que la aerol\u00ednea Avianca, habilit\u00f3 vuelos todos los d\u00edas desde Cusco a la ciudad de La Paz, esta nueva conexi\u00f3n fortalecer\u00e1 el turismo y el intercambio regional. El ministro de Obras P\u00fablicas, Mauricio Zamora, brind\u00f3 una conferencia&#8230;<\/p>\n","protected":false},"author":11,"featured_media":9484,"comment_status":"open","ping_status":"open","sticky":false,"template":"","format":"standard","meta":{"_jetpack_memberships_contains_paid_content":false,"footnotes":"","jetpack_publicize_message":"","jetpack_publicize_feature_enabled":true,"jetpack_social_post_already_shared":true,"jetpack_social_options":{"image_generator_settings":{"template":"highway","enabled":false},"version":2}},"categories":[1],"tags":[1435,7,18,1436],"class_list":["post-9483","post","type-post","status-publish","format-standard","has-post-thumbnail","hentry","category-bolivia","tag-aviacion","tag-bolivia","tag-economia","tag-quinta-libertad"],"jetpack_publicize_connections":[],"yoast_head":"<!-- This site is optimized with the Yoast SEO plugin v23.4 - https:\/\/yoast.com\/wordpress\/plugins\/seo\/ -->\n<title>GOBIERNO ANUNCIA LA &quot;QUINTA LIBERTAD&quot; PARA QUE AEROL\u00cdNEAS DE OTROS PA\u00cdSES RECOJAN PASAJEROS DE BOLIVIA - innoticiasbo.com<\/title>\n<meta name=\"robots\" content=\"index, follow, max-snippet:-1, max-image-preview:large, max-video-preview:-1\" \/>\n<link rel=\"canonical\" href=\"https:\/\/innoticiasbo.com\/index.php\/2026\/03\/11\/gobierno-anuncia-la-quinta-libertad-para-que-aerolineas-de-otros-paises-recojan-pasajeros-de-bolivia\/\" \/>\n<meta property=\"og:locale\" content=\"es_ES\" \/>\n<meta property=\"og:type\" content=\"article\" \/>\n<meta property=\"og:title\" content=\"GOBIERNO ANUNCIA LA &quot;QUINTA LIBERTAD&quot; PARA QUE AEROL\u00cdNEAS DE OTROS PA\u00cdSES RECOJAN PASAJEROS DE BOLIVIA - innoticiasbo.com\" \/>\n<meta property=\"og:description\" content=\"Pa\u00eds, 11 de Marzo de 2026.- Afirm\u00f3 que siguiendo la l\u00ednea de \u201cCielos Abiertos\u201d ya generaron resultados, ya que la aerol\u00ednea Avianca, habilit\u00f3 vuelos todos los d\u00edas desde Cusco a la ciudad de La Paz, esta nueva conexi\u00f3n fortalecer\u00e1 el turismo y el intercambio regional. El ministro de Obras P\u00fablicas, Mauricio Zamora, brind\u00f3 una conferencia...\" \/>\n<meta property=\"og:url\" content=\"https:\/\/innoticiasbo.com\/index.php\/2026\/03\/11\/gobierno-anuncia-la-quinta-libertad-para-que-aerolineas-de-otros-paises-recojan-pasajeros-de-bolivia\/\" \/>\n<meta property=\"og:site_name\" content=\"innoticiasbo.com\" \/>\n<meta property=\"article:publisher\" content=\"https:\/\/www.facebook.com\/innoticiasbolivia\" \/>\n<meta property=\"article:published_time\" content=\"2026-03-12T01:18:12+00:00\" \/>\n<meta property=\"article:modified_time\" content=\"2026-03-12T01:18:13+00:00\" \/>\n<meta property=\"og:image\" content=\"https:\/\/innoticiasbo.com\/wp-content\/uploads\/2026\/03\/image-146.png\" \/>\n\t<meta property=\"og:image:width\" content=\"992\" \/>\n\t<meta property=\"og:image:height\" content=\"558\" \/>\n\t<meta property=\"og:image:type\" content=\"image\/png\" \/>\n<meta name=\"author\" content=\"Prensa 11\" \/>\n<meta name=\"twitter:card\" content=\"summary_large_image\" \/>\n<meta name=\"twitter:creator\" content=\"@innoticiasbo\" \/>\n<meta name=\"twitter:site\" content=\"@innoticiasbo\" \/>\n<meta name=\"twitter:label1\" content=\"Escrito por\" \/>\n\t<meta name=\"twitter:data1\" content=\"Prensa 11\" \/>\n\t<meta name=\"twitter:label2\" content=\"Tiempo de lectura\" \/>\n\t<meta name=\"twitter:data2\" content=\"3 minutos\" \/>\n<script type=\"application\/ld+json\" class=\"yoast-schema-graph\">{\"@context\":\"https:\/\/schema.org\",\"@graph\":[{\"@type\":\"Article\",\"@id\":\"https:\/\/innoticiasbo.com\/index.php\/2026\/03\/11\/gobierno-anuncia-la-quinta-libertad-para-que-aerolineas-de-otros-paises-recojan-pasajeros-de-bolivia\/#article\",\"isPartOf\":{\"@id\":\"https:\/\/innoticiasbo.com\/index.php\/2026\/03\/11\/gobierno-anuncia-la-quinta-libertad-para-que-aerolineas-de-otros-paises-recojan-pasajeros-de-bolivia\/\"},\"author\":{\"name\":\"Prensa 11\",\"@id\":\"https:\/\/innoticiasbo.com\/#\/schema\/person\/0b28481e8d0316f83a13bc702311def5\"},\"headline\":\"GOBIERNO ANUNCIA LA \u00abQUINTA LIBERTAD\u00bb PARA QUE AEROL\u00cdNEAS DE OTROS PA\u00cdSES RECOJAN PASAJEROS DE BOLIVIA\",\"datePublished\":\"2026-03-12T01:18:12+00:00\",\"dateModified\":\"2026-03-12T01:18:13+00:00\",\"mainEntityOfPage\":{\"@id\":\"https:\/\/innoticiasbo.com\/index.php\/2026\/03\/11\/gobierno-anuncia-la-quinta-libertad-para-que-aerolineas-de-otros-paises-recojan-pasajeros-de-bolivia\/\"},\"wordCount\":578,\"commentCount\":0,\"publisher\":{\"@id\":\"https:\/\/innoticiasbo.com\/#organization\"},\"image\":{\"@id\":\"https:\/\/innoticiasbo.com\/index.php\/2026\/03\/11\/gobierno-anuncia-la-quinta-libertad-para-que-aerolineas-de-otros-paises-recojan-pasajeros-de-bolivia\/#primaryimage\"},\"thumbnailUrl\":\"https:\/\/i0.wp.com\/innoticiasbo.com\/wp-content\/uploads\/2026\/03\/image-146.png?fit=992%2C558&ssl=1\",\"keywords\":[\"aviaci\u00f3n\",\"Bolivia\",\"econom\u00eda\",\"Quinta Libertad\"],\"articleSection\":[\"Bolivia\"],\"inLanguage\":\"es\",\"potentialAction\":[{\"@type\":\"CommentAction\",\"name\":\"Comment\",\"target\":[\"https:\/\/innoticiasbo.com\/index.php\/2026\/03\/11\/gobierno-anuncia-la-quinta-libertad-para-que-aerolineas-de-otros-paises-recojan-pasajeros-de-bolivia\/#respond\"]}]},{\"@type\":\"WebPage\",\"@id\":\"https:\/\/innoticiasbo.com\/index.php\/2026\/03\/11\/gobierno-anuncia-la-quinta-libertad-para-que-aerolineas-de-otros-paises-recojan-pasajeros-de-bolivia\/\",\"url\":\"https:\/\/innoticiasbo.com\/index.php\/2026\/03\/11\/gobierno-anuncia-la-quinta-libertad-para-que-aerolineas-de-otros-paises-recojan-pasajeros-de-bolivia\/\",\"name\":\"GOBIERNO ANUNCIA LA \\\"QUINTA LIBERTAD\\\" PARA QUE AEROL\u00cdNEAS DE OTROS PA\u00cdSES RECOJAN PASAJEROS DE BOLIVIA - innoticiasbo.com\",\"isPartOf\":{\"@id\":\"https:\/\/innoticiasbo.com\/#website\"},\"primaryImageOfPage\":{\"@id\":\"https:\/\/innoticiasbo.com\/index.php\/2026\/03\/11\/gobierno-anuncia-la-quinta-libertad-para-que-aerolineas-de-otros-paises-recojan-pasajeros-de-bolivia\/#primaryimage\"},\"image\":{\"@id\":\"https:\/\/innoticiasbo.com\/index.php\/2026\/03\/11\/gobierno-anuncia-la-quinta-libertad-para-que-aerolineas-de-otros-paises-recojan-pasajeros-de-bolivia\/#primaryimage\"},\"thumbnailUrl\":\"https:\/\/i0.wp.com\/innoticiasbo.com\/wp-content\/uploads\/2026\/03\/image-146.png?fit=992%2C558&ssl=1\",\"datePublished\":\"2026-03-12T01:18:12+00:00\",\"dateModified\":\"2026-03-12T01:18:13+00:00\",\"breadcrumb\":{\"@id\":\"https:\/\/innoticiasbo.com\/index.php\/2026\/03\/11\/gobierno-anuncia-la-quinta-libertad-para-que-aerolineas-de-otros-paises-recojan-pasajeros-de-bolivia\/#breadcrumb\"},\"inLanguage\":\"es\",\"potentialAction\":[{\"@type\":\"ReadAction\",\"target\":[\"https:\/\/innoticiasbo.com\/index.php\/2026\/03\/11\/gobierno-anuncia-la-quinta-libertad-para-que-aerolineas-de-otros-paises-recojan-pasajeros-de-bolivia\/\"]}]},{\"@type\":\"ImageObject\",\"inLanguage\":\"es\",\"@id\":\"https:\/\/innoticiasbo.com\/index.php\/2026\/03\/11\/gobierno-anuncia-la-quinta-libertad-para-que-aerolineas-de-otros-paises-recojan-pasajeros-de-bolivia\/#primaryimage\",\"url\":\"https:\/\/i0.wp.com\/innoticiasbo.com\/wp-content\/uploads\/2026\/03\/image-146.png?fit=992%2C558&ssl=1\",\"contentUrl\":\"https:\/\/i0.wp.com\/innoticiasbo.com\/wp-content\/uploads\/2026\/03\/image-146.png?fit=992%2C558&ssl=1\",\"width\":992,\"height\":558},{\"@type\":\"BreadcrumbList\",\"@id\":\"https:\/\/innoticiasbo.com\/index.php\/2026\/03\/11\/gobierno-anuncia-la-quinta-libertad-para-que-aerolineas-de-otros-paises-recojan-pasajeros-de-bolivia\/#breadcrumb\",\"itemListElement\":[{\"@type\":\"ListItem\",\"position\":1,\"name\":\"Portada\",\"item\":\"https:\/\/innoticiasbo.com\/\"},{\"@type\":\"ListItem\",\"position\":2,\"name\":\"GOBIERNO ANUNCIA LA \u00abQUINTA LIBERTAD\u00bb PARA QUE AEROL\u00cdNEAS DE OTROS PA\u00cdSES RECOJAN PASAJEROS DE BOLIVIA\"}]},{\"@type\":\"WebSite\",\"@id\":\"https:\/\/innoticiasbo.com\/#website\",\"url\":\"https:\/\/innoticiasbo.com\/\",\"name\":\"innoticiasbo.com\",\"description\":\"\",\"publisher\":{\"@id\":\"https:\/\/innoticiasbo.com\/#organization\"},\"potentialAction\":[{\"@type\":\"SearchAction\",\"target\":{\"@type\":\"EntryPoint\",\"urlTemplate\":\"https:\/\/innoticiasbo.com\/?s={search_term_string}\"},\"query-input\":{\"@type\":\"PropertyValueSpecification\",\"valueRequired\":true,\"valueName\":\"search_term_string\"}}],\"inLanguage\":\"es\"},{\"@type\":\"Organization\",\"@id\":\"https:\/\/innoticiasbo.com\/#organization\",\"name\":\"innoticiasbo.com\",\"url\":\"https:\/\/innoticiasbo.com\/\",\"logo\":{\"@type\":\"ImageObject\",\"inLanguage\":\"es\",\"@id\":\"https:\/\/innoticiasbo.com\/#\/schema\/logo\/image\/\",\"url\":\"https:\/\/i0.wp.com\/innoticiasbo.com\/wp-content\/uploads\/2026\/04\/cropped-IN-LOGO.png?fit=1476%2C1476&ssl=1\",\"contentUrl\":\"https:\/\/i0.wp.com\/innoticiasbo.com\/wp-content\/uploads\/2026\/04\/cropped-IN-LOGO.png?fit=1476%2C1476&ssl=1\",\"width\":1476,\"height\":1476,\"caption\":\"innoticiasbo.com\"},\"image\":{\"@id\":\"https:\/\/innoticiasbo.com\/#\/schema\/logo\/image\/\"},\"sameAs\":[\"https:\/\/www.facebook.com\/innoticiasbolivia\",\"https:\/\/x.com\/innoticiasbo\",\"https:\/\/www.instagram.com\/innoticiasbo\",\"https:\/\/www.youtube.com\/innoticiasbo\"]},{\"@type\":\"Person\",\"@id\":\"https:\/\/innoticiasbo.com\/#\/schema\/person\/0b28481e8d0316f83a13bc702311def5\",\"name\":\"Prensa 11\",\"image\":{\"@type\":\"ImageObject\",\"inLanguage\":\"es\",\"@id\":\"https:\/\/innoticiasbo.com\/#\/schema\/person\/image\/\",\"url\":\"https:\/\/secure.gravatar.com\/avatar\/696560c17349f1807a610bf83832bad0?s=96&d=mm&r=g\",\"contentUrl\":\"https:\/\/secure.gravatar.com\/avatar\/696560c17349f1807a610bf83832bad0?s=96&d=mm&r=g\",\"caption\":\"Prensa 11\"},\"sameAs\":[\"http:\/\/www.innoticiasbo.com\"],\"url\":\"https:\/\/innoticiasbo.com\/index.php\/author\/prensa-11\/\"}]}<\/script>\n<!-- \/ Yoast SEO plugin. -->","yoast_head_json":{"title":"GOBIERNO ANUNCIA LA \"QUINTA LIBERTAD\" PARA QUE AEROL\u00cdNEAS DE OTROS PA\u00cdSES RECOJAN PASAJEROS DE BOLIVIA - innoticiasbo.com","robots":{"index":"index","follow":"follow","max-snippet":"max-snippet:-1","max-image-preview":"max-image-preview:large","max-video-preview":"max-video-preview:-1"},"canonical":"https:\/\/innoticiasbo.com\/index.php\/2026\/03\/11\/gobierno-anuncia-la-quinta-libertad-para-que-aerolineas-de-otros-paises-recojan-pasajeros-de-bolivia\/","og_locale":"es_ES","og_type":"article","og_title":"GOBIERNO ANUNCIA LA \"QUINTA LIBERTAD\" PARA QUE AEROL\u00cdNEAS DE OTROS PA\u00cdSES RECOJAN PASAJEROS DE BOLIVIA - innoticiasbo.com","og_description":"Pa\u00eds, 11 de Marzo de 2026.- Afirm\u00f3 que siguiendo la l\u00ednea de \u201cCielos Abiertos\u201d ya generaron resultados, ya que la aerol\u00ednea Avianca, habilit\u00f3 vuelos todos los d\u00edas desde Cusco a la ciudad de La Paz, esta nueva conexi\u00f3n fortalecer\u00e1 el turismo y el intercambio regional. El ministro de Obras P\u00fablicas, Mauricio Zamora, brind\u00f3 una conferencia...","og_url":"https:\/\/innoticiasbo.com\/index.php\/2026\/03\/11\/gobierno-anuncia-la-quinta-libertad-para-que-aerolineas-de-otros-paises-recojan-pasajeros-de-bolivia\/","og_site_name":"innoticiasbo.com","article_publisher":"https:\/\/www.facebook.com\/innoticiasbolivia","article_published_time":"2026-03-12T01:18:12+00:00","article_modified_time":"2026-03-12T01:18:13+00:00","og_image":[{"width":992,"height":558,"url":"https:\/\/innoticiasbo.com\/wp-content\/uploads\/2026\/03\/image-146.png","type":"image\/png"}],"author":"Prensa 11","twitter_card":"summary_large_image","twitter_creator":"@innoticiasbo","twitter_site":"@innoticiasbo","twitter_misc":{"Escrito por":"Prensa 11","Tiempo de lectura":"3 minutos"},"schema":{"@context":"https:\/\/schema.org","@graph":[{"@type":"Article","@id":"https:\/\/innoticiasbo.com\/index.php\/2026\/03\/11\/gobierno-anuncia-la-quinta-libertad-para-que-aerolineas-de-otros-paises-recojan-pasajeros-de-bolivia\/#article","isPartOf":{"@id":"https:\/\/innoticiasbo.com\/index.php\/2026\/03\/11\/gobierno-anuncia-la-quinta-libertad-para-que-aerolineas-de-otros-paises-recojan-pasajeros-de-bolivia\/"},"author":{"name":"Prensa 11","@id":"https:\/\/innoticiasbo.com\/#\/schema\/person\/0b28481e8d0316f83a13bc702311def5"},"headline":"GOBIERNO ANUNCIA LA \u00abQUINTA LIBERTAD\u00bb PARA QUE AEROL\u00cdNEAS DE OTROS PA\u00cdSES RECOJAN PASAJEROS DE BOLIVIA","datePublished":"2026-03-12T01:18:12+00:00","dateModified":"2026-03-12T01:18:13+00:00","mainEntityOfPage":{"@id":"https:\/\/innoticiasbo.com\/index.php\/2026\/03\/11\/gobierno-anuncia-la-quinta-libertad-para-que-aerolineas-de-otros-paises-recojan-pasajeros-de-bolivia\/"},"wordCount":578,"commentCount":0,"publisher":{"@id":"https:\/\/innoticiasbo.com\/#organization"},"image":{"@id":"https:\/\/innoticiasbo.com\/index.php\/2026\/03\/11\/gobierno-anuncia-la-quinta-libertad-para-que-aerolineas-de-otros-paises-recojan-pasajeros-de-bolivia\/#primaryimage"},"thumbnailUrl":"https:\/\/i0.wp.com\/innoticiasbo.com\/wp-content\/uploads\/2026\/03\/image-146.png?fit=992%2C558&ssl=1","keywords":["aviaci\u00f3n","Bolivia","econom\u00eda","Quinta Libertad"],"articleSection":["Bolivia"],"inLanguage":"es","potentialAction":[{"@type":"CommentAction","name":"Comment","target":["https:\/\/innoticiasbo.com\/index.php\/2026\/03\/11\/gobierno-anuncia-la-quinta-libertad-para-que-aerolineas-de-otros-paises-recojan-pasajeros-de-bolivia\/#respond"]}]},{"@type":"WebPage","@id":"https:\/\/innoticiasbo.com\/index.php\/2026\/03\/11\/gobierno-anuncia-la-quinta-libertad-para-que-aerolineas-de-otros-paises-recojan-pasajeros-de-bolivia\/","url":"https:\/\/innoticiasbo.com\/index.php\/2026\/03\/11\/gobierno-anuncia-la-quinta-libertad-para-que-aerolineas-de-otros-paises-recojan-pasajeros-de-bolivia\/","name":"GOBIERNO ANUNCIA LA \"QUINTA LIBERTAD\" PARA QUE AEROL\u00cdNEAS DE OTROS PA\u00cdSES RECOJAN PASAJEROS DE BOLIVIA - innoticiasbo.com","isPartOf":{"@id":"https:\/\/innoticiasbo.com\/#website"},"primaryImageOfPage":{"@id":"https:\/\/innoticiasbo.com\/index.php\/2026\/03\/11\/gobierno-anuncia-la-quinta-libertad-para-que-aerolineas-de-otros-paises-recojan-pasajeros-de-bolivia\/#primaryimage"},"image":{"@id":"https:\/\/innoticiasbo.com\/index.php\/2026\/03\/11\/gobierno-anuncia-la-quinta-libertad-para-que-aerolineas-de-otros-paises-recojan-pasajeros-de-bolivia\/#primaryimage"},"thumbnailUrl":"https:\/\/i0.wp.com\/innoticiasbo.com\/wp-content\/uploads\/2026\/03\/image-146.png?fit=992%2C558&ssl=1","datePublished":"2026-03-12T01:18:12+00:00","dateModified":"2026-03-12T01:18:13+00:00","breadcrumb":{"@id":"https:\/\/innoticiasbo.com\/index.php\/2026\/03\/11\/gobierno-anuncia-la-quinta-libertad-para-que-aerolineas-de-otros-paises-recojan-pasajeros-de-bolivia\/#breadcrumb"},"inLanguage":"es","potentialAction":[{"@type":"ReadAction","target":["https:\/\/innoticiasbo.com\/index.php\/2026\/03\/11\/gobierno-anuncia-la-quinta-libertad-para-que-aerolineas-de-otros-paises-recojan-pasajeros-de-bolivia\/"]}]},{"@type":"ImageObject","inLanguage":"es","@id":"https:\/\/innoticiasbo.com\/index.php\/2026\/03\/11\/gobierno-anuncia-la-quinta-libertad-para-que-aerolineas-de-otros-paises-recojan-pasajeros-de-bolivia\/#primaryimage","url":"https:\/\/i0.wp.com\/innoticiasbo.com\/wp-content\/uploads\/2026\/03\/image-146.png?fit=992%2C558&ssl=1","contentUrl":"https:\/\/i0.wp.com\/innoticiasbo.com\/wp-content\/uploads\/2026\/03\/image-146.png?fit=992%2C558&ssl=1","width":992,"height":558},{"@type":"BreadcrumbList","@id":"https:\/\/innoticiasbo.com\/index.php\/2026\/03\/11\/gobierno-anuncia-la-quinta-libertad-para-que-aerolineas-de-otros-paises-recojan-pasajeros-de-bolivia\/#breadcrumb","itemListElement":[{"@type":"ListItem","position":1,"name":"Portada","item":"https:\/\/innoticiasbo.com\/"},{"@type":"ListItem","position":2,"name":"GOBIERNO ANUNCIA LA \u00abQUINTA LIBERTAD\u00bb PARA QUE AEROL\u00cdNEAS DE OTROS PA\u00cdSES RECOJAN PASAJEROS DE BOLIVIA"}]},{"@type":"WebSite","@id":"https:\/\/innoticiasbo.com\/#website","url":"https:\/\/innoticiasbo.com\/","name":"innoticiasbo.com","description":"","publisher":{"@id":"https:\/\/innoticiasbo.com\/#organization"},"potentialAction":[{"@type":"SearchAction","target":{"@type":"EntryPoint","urlTemplate":"https:\/\/innoticiasbo.com\/?s={search_term_string}"},"query-input":{"@type":"PropertyValueSpecification","valueRequired":true,"valueName":"search_term_string"}}],"inLanguage":"es"},{"@type":"Organization","@id":"https:\/\/innoticiasbo.com\/#organization","name":"innoticiasbo.com","url":"https:\/\/innoticiasbo.com\/","logo":{"@type":"ImageObject","inLanguage":"es","@id":"https:\/\/innoticiasbo.com\/#\/schema\/logo\/image\/","url":"https:\/\/i0.wp.com\/innoticiasbo.com\/wp-content\/uploads\/2026\/04\/cropped-IN-LOGO.png?fit=1476%2C1476&ssl=1","contentUrl":"https:\/\/i0.wp.com\/innoticiasbo.com\/wp-content\/uploads\/2026\/04\/cropped-IN-LOGO.png?fit=1476%2C1476&ssl=1","width":1476,"height":1476,"caption":"innoticiasbo.com"},"image":{"@id":"https:\/\/innoticiasbo.com\/#\/schema\/logo\/image\/"},"sameAs":["https:\/\/www.facebook.com\/innoticiasbolivia","https:\/\/x.com\/innoticiasbo","https:\/\/www.instagram.com\/innoticiasbo","https:\/\/www.youtube.com\/innoticiasbo"]},{"@type":"Person","@id":"https:\/\/innoticiasbo.com\/#\/schema\/person\/0b28481e8d0316f83a13bc702311def5","name":"Prensa 11","image":{"@type":"ImageObject","inLanguage":"es","@id":"https:\/\/innoticiasbo.com\/#\/schema\/person\/image\/","url":"https:\/\/secure.gravatar.com\/avatar\/696560c17349f1807a610bf83832bad0?s=96&d=mm&r=g","contentUrl":"https:\/\/secure.gravatar.com\/avatar\/696560c17349f1807a610bf83832bad0?s=96&d=mm&r=g","caption":"Prensa 11"},"sameAs":["http:\/\/www.innoticiasbo.com"],"url":"https:\/\/innoticiasbo.com\/index.php\/author\/prensa-11\/"}]}},"jetpack_featured_media_url":"https:\/\/i0.wp.com\/innoticiasbo.com\/wp-content\/uploads\/2026\/03\/image-146.png?fit=992%2C558&ssl=1","jetpack_likes_enabled":true,"jetpack_sharing_enabled":true,"jetpack_shortlink":"https:\/\/wp.me\/pg298x-2sX","_links":{"self":[{"href":"https:\/\/innoticiasbo.com\/index.php\/wp-json\/wp\/v2\/posts\/9483","targetHints":{"allow":["GET"]}}],"collection":[{"href":"https:\/\/innoticiasbo.com\/index.php\/wp-json\/wp\/v2\/posts"}],"about":[{"href":"https:\/\/innoticiasbo.com\/index.php\/wp-json\/wp\/v2\/types\/post"}],"author":[{"embeddable":true,"href":"https:\/\/innoticiasbo.com\/index.php\/wp-json\/wp\/v2\/users\/11"}],"replies":[{"embeddable":true,"href":"https:\/\/innoticiasbo.com\/index.php\/wp-json\/wp\/v2\/comments?post=9483"}],"version-history":[{"count":1,"href":"https:\/\/innoticiasbo.com\/index.php\/wp-json\/wp\/v2\/posts\/9483\/revisions"}],"predecessor-version":[{"id":9485,"href":"https:\/\/innoticiasbo.com\/index.php\/wp-json\/wp\/v2\/posts\/9483\/revisions\/9485"}],"wp:featuredmedia":[{"embeddable":true,"href":"https:\/\/innoticiasbo.com\/index.php\/wp-json\/wp\/v2\/media\/9484"}],"wp:attachment":[{"href":"https:\/\/innoticiasbo.com\/index.php\/wp-json\/wp\/v2\/media?parent=9483"}],"wp:term":[{"taxonomy":"category","embeddable":true,"href":"https:\/\/innoticiasbo.com\/index.php\/wp-json\/wp\/v2\/categories?post=9483"},{"taxonomy":"post_tag","embeddable":true,"href":"https:\/\/innoticiasbo.com\/index.php\/wp-json\/wp\/v2\/tags?post=9483"}],"curies":[{"name":"wp","href":"https:\/\/api.w.org\/{rel}","templated":true}]}}