{"id":9480,"date":"2026-03-11T20:59:03","date_gmt":"2026-03-12T00:59:03","guid":{"rendered":"https:\/\/innoticiasbo.com\/?p=9480"},"modified":"2026-03-11T20:59:05","modified_gmt":"2026-03-12T00:59:05","slug":"no-queda-practicamente-nada-que-atacar-en-iran-dice-trump","status":"publish","type":"post","link":"https:\/\/innoticiasbo.com\/index.php\/2026\/03\/11\/no-queda-practicamente-nada-que-atacar-en-iran-dice-trump\/","title":{"rendered":"\u00abNO QUEDA PR\u00c1CTICAMENTE NADA QUE ATACAR\u00bb EN IR\u00c1N, DICE TRUMP"},"content":{"rendered":"\n<figure class=\"wp-block-image size-full is-resized\"><img data-recalc-dims=\"1\" loading=\"lazy\" decoding=\"async\" width=\"640\" height=\"357\" src=\"https:\/\/i0.wp.com\/innoticiasbo.com\/wp-content\/uploads\/2026\/03\/image-145.png?resize=640%2C357&#038;ssl=1\" alt=\"\" class=\"wp-image-9481\" style=\"width:840px;height:auto\" srcset=\"https:\/\/i0.wp.com\/innoticiasbo.com\/wp-content\/uploads\/2026\/03\/image-145.png?w=770&amp;ssl=1 770w, https:\/\/i0.wp.com\/innoticiasbo.com\/wp-content\/uploads\/2026\/03\/image-145.png?resize=300%2C168&amp;ssl=1 300w, https:\/\/i0.wp.com\/innoticiasbo.com\/wp-content\/uploads\/2026\/03\/image-145.png?resize=768%2C429&amp;ssl=1 768w\" sizes=\"auto, (max-width: 640px) 100vw, 640px\" \/><\/figure>\n\n\n\n<p><strong>Mundo, 11 de Marzo de 2026.- <\/strong>El presidente de EEUU, Donald Trump, ha asegurado este mi\u00e9rcoles que \u00abno queda pr\u00e1cticamente nada que atacar\u00bb en Ir\u00e1n tras 12\u00a0d\u00edas de una ofensiva lanzada junto a Israel el pasado 28 de febrero contra el pa\u00eds persa y que se ha saldado con m\u00e1s de 1.200 muertos en su\u00a0territorio.<\/p>\n\n\n\n<p>As\u00ed declar\u00f3&nbsp;durante una entrevista con el sitio web Axios, en la que ha manifestado que pondr\u00e1 fin a la guerra \u00abcuando quiera\u00bb. Adem\u00e1s, aclar\u00f3&nbsp;que Teher\u00e1n \u00abno se librar\u00e1 tan f\u00e1cilmente\u00bb ahora que ha atacado varios pa\u00edses del golfo P\u00e9rsico en respuesta a la oleada de ataques.<\/p>\n\n\n\n<p>\u00abIban tras el resto de Oriente Pr\u00f3ximo. Est\u00e1n pagando por 47 a\u00f1os de muerte y destrucci\u00f3n causada por ellos. Esto es una venganza. No se librar\u00e1n tan f\u00e1cilmente\u00bb, ha declarado, antes de a\u00f1adir que la guerra \u00abva bien\u00bb. \u00abVa de maravilla. Vamos muy adelantados respecto al cronograma. Hemos causado m\u00e1s da\u00f1o del que cre\u00edamos posible, incluso en el per\u00edodo inicial de seis semanas\u00bb, ha declarado.<\/p>\n\n\n\n<p><strong>Divergencias con Israel<\/strong><\/p>\n\n\n\n<p>Sus palabras llegan a medida que las diferencias entre Israel y EEUU&nbsp;en lo referente a esta ofensiva parecen acrecentarse. Mientras las autoridades israel\u00edes aseguran que la guerra \u00abno tiene l\u00edmite\u00bb, Trump ha apuntado a lo contrario.<\/p>\n\n\n\n<p>La ofensiva conjunta ha dejado hasta la fecha m\u00e1s de 1.200 muertos en Ir\u00e1n, seg\u00fan datos publicados por las autoridades del pa\u00eds asi\u00e1tico. Entre los muertos, adem\u00e1s del l\u00edder supremo, figuran varios ministros y altos cargos del Ej\u00e9rcito de Ir\u00e1n, que ha respondido lanzando misiles y drones contra Israel e&nbsp;intereses estadounidenses en pa\u00edses de Oriente Pr\u00f3ximo, incluidas bases militares.<\/p>\n\n\n\n<p><strong>Dudas de Francia<\/strong><\/p>\n\n\n\n<p>La capacidad militar iran\u00ed \u00abno se ha reducido a cero\u00bb, advirti\u00f3 este mi\u00e9rcoles el presidente de Francia, Emmanuel Macron, quien&nbsp;tampoco tiene constancia de que el estrecho de Ormuz haya sido minado por el r\u00e9gimen de Teher\u00e1n, contrariamente a lo sugerido por su hom\u00f3logo estadounidense, Donald Trump.<\/p>\n\n\n\n<p>Al ser preguntado por la prensa sobre la reducci\u00f3n de la capacidad militar iran\u00ed por los ataques de Israel y EEUU, Macron afirm\u00f3 que \u00abno se ha reducido a cero\u00bb, contradiciendo las declaraciones de Trump en las que afirm\u00f3 este mi\u00e9rcoles que \u00abpronto\u00bb terminar\u00e1 la guerra en Ir\u00e1n porque \u00abpr\u00e1cticamente no queda nada que atacar\u00bb en el pa\u00eds.<\/p>\n\n\n\n<p>Cuestionado sobre el minado del estrecho de Ormuz, Macron dijo no tener informaci\u00f3n al respecto, ni de los servicios de inteligencia franceses ni de los aliados. \u00abHe le\u00eddo que podr\u00eda ser posible, pero no tengo confirmaci\u00f3n\u00bb, asegur\u00f3.<\/p>\n\n\n\n<p>Fuente: Los Tiempos<\/p>\n","protected":false},"excerpt":{"rendered":"<p>Mundo, 11 de Marzo de 2026.- El presidente de EEUU, Donald Trump, ha asegurado este mi\u00e9rcoles que \u00abno queda pr\u00e1cticamente nada que atacar\u00bb en Ir\u00e1n tras 12\u00a0d\u00edas de una ofensiva lanzada junto a Israel el pasado 28 de febrero contra el pa\u00eds persa y que se ha saldado con m\u00e1s de 1.200 muertos en su\u00a0territorio&#8230;.<\/p>\n","protected":false},"author":11,"featured_media":9481,"comment_status":"open","ping_status":"open","sticky":false,"template":"","format":"standard","meta":{"_jetpack_memberships_contains_paid_content":false,"footnotes":"","jetpack_publicize_message":"","jetpack_publicize_feature_enabled":true,"jetpack_social_post_already_shared":true,"jetpack_social_options":{"image_generator_settings":{"template":"highway","enabled":false},"version":2}},"categories":[5],"tags":[836,307,1240,1246,1270,849,97,10],"class_list":["post-9480","post","type-post","status-publish","format-standard","has-post-thumbnail","hentry","category-mundo","tag-ataque-a-iran","tag-donald-trump","tag-guerra","tag-guerra-en-iran","tag-iran-2","tag-iran","tag-mundo","tag-politica"],"jetpack_publicize_connections":[],"yoast_head":"<!-- This site is optimized with the Yoast SEO plugin v23.4 - https:\/\/yoast.com\/wordpress\/plugins\/seo\/ -->\n<title>&quot;NO QUEDA PR\u00c1CTICAMENTE NADA QUE ATACAR&quot; EN IR\u00c1N, DICE TRUMP - innoticiasbo.com<\/title>\n<meta name=\"robots\" content=\"index, follow, max-snippet:-1, max-image-preview:large, max-video-preview:-1\" \/>\n<link rel=\"canonical\" href=\"https:\/\/innoticiasbo.com\/index.php\/2026\/03\/11\/no-queda-practicamente-nada-que-atacar-en-iran-dice-trump\/\" \/>\n<meta property=\"og:locale\" content=\"es_ES\" \/>\n<meta property=\"og:type\" content=\"article\" \/>\n<meta property=\"og:title\" content=\"&quot;NO QUEDA PR\u00c1CTICAMENTE NADA QUE ATACAR&quot; EN IR\u00c1N, DICE TRUMP - innoticiasbo.com\" \/>\n<meta property=\"og:description\" content=\"Mundo, 11 de Marzo de 2026.- El presidente de EEUU, Donald Trump, ha asegurado este mi\u00e9rcoles que \u00abno queda pr\u00e1cticamente nada que atacar\u00bb en Ir\u00e1n tras 12\u00a0d\u00edas de una ofensiva lanzada junto a Israel el pasado 28 de febrero contra el pa\u00eds persa y que se ha saldado con m\u00e1s de 1.200 muertos en su\u00a0territorio....\" \/>\n<meta property=\"og:url\" content=\"https:\/\/innoticiasbo.com\/index.php\/2026\/03\/11\/no-queda-practicamente-nada-que-atacar-en-iran-dice-trump\/\" \/>\n<meta property=\"og:site_name\" content=\"innoticiasbo.com\" \/>\n<meta property=\"article:publisher\" content=\"https:\/\/www.facebook.com\/innoticiasbolivia\" \/>\n<meta property=\"article:published_time\" content=\"2026-03-12T00:59:03+00:00\" \/>\n<meta property=\"article:modified_time\" content=\"2026-03-12T00:59:05+00:00\" \/>\n<meta property=\"og:image\" content=\"https:\/\/innoticiasbo.com\/wp-content\/uploads\/2026\/03\/image-145.png\" \/>\n\t<meta property=\"og:image:width\" content=\"770\" \/>\n\t<meta property=\"og:image:height\" content=\"430\" \/>\n\t<meta property=\"og:image:type\" content=\"image\/png\" \/>\n<meta name=\"author\" content=\"Prensa 11\" \/>\n<meta name=\"twitter:card\" content=\"summary_large_image\" \/>\n<meta name=\"twitter:creator\" content=\"@innoticiasbo\" \/>\n<meta name=\"twitter:site\" content=\"@innoticiasbo\" \/>\n<meta name=\"twitter:label1\" content=\"Escrito por\" \/>\n\t<meta name=\"twitter:data1\" content=\"Prensa 11\" \/>\n\t<meta name=\"twitter:label2\" content=\"Tiempo de lectura\" \/>\n\t<meta name=\"twitter:data2\" content=\"3 minutos\" \/>\n<script type=\"application\/ld+json\" class=\"yoast-schema-graph\">{\"@context\":\"https:\/\/schema.org\",\"@graph\":[{\"@type\":\"Article\",\"@id\":\"https:\/\/innoticiasbo.com\/index.php\/2026\/03\/11\/no-queda-practicamente-nada-que-atacar-en-iran-dice-trump\/#article\",\"isPartOf\":{\"@id\":\"https:\/\/innoticiasbo.com\/index.php\/2026\/03\/11\/no-queda-practicamente-nada-que-atacar-en-iran-dice-trump\/\"},\"author\":{\"name\":\"Prensa 11\",\"@id\":\"https:\/\/innoticiasbo.com\/#\/schema\/person\/0b28481e8d0316f83a13bc702311def5\"},\"headline\":\"\u00abNO QUEDA PR\u00c1CTICAMENTE NADA QUE ATACAR\u00bb EN IR\u00c1N, DICE TRUMP\",\"datePublished\":\"2026-03-12T00:59:03+00:00\",\"dateModified\":\"2026-03-12T00:59:05+00:00\",\"mainEntityOfPage\":{\"@id\":\"https:\/\/innoticiasbo.com\/index.php\/2026\/03\/11\/no-queda-practicamente-nada-que-atacar-en-iran-dice-trump\/\"},\"wordCount\":477,\"commentCount\":0,\"publisher\":{\"@id\":\"https:\/\/innoticiasbo.com\/#organization\"},\"image\":{\"@id\":\"https:\/\/innoticiasbo.com\/index.php\/2026\/03\/11\/no-queda-practicamente-nada-que-atacar-en-iran-dice-trump\/#primaryimage\"},\"thumbnailUrl\":\"https:\/\/i0.wp.com\/innoticiasbo.com\/wp-content\/uploads\/2026\/03\/image-145.png?fit=770%2C430&ssl=1\",\"keywords\":[\"ataque a Ir\u00e1n\",\"Donald Trump\",\"guerra\",\"Guerra en Iran\",\"Iran\",\"ir\u00e1n\",\"Mundo\",\"Pol\u00edtica\"],\"articleSection\":[\"Mundo\"],\"inLanguage\":\"es\",\"potentialAction\":[{\"@type\":\"CommentAction\",\"name\":\"Comment\",\"target\":[\"https:\/\/innoticiasbo.com\/index.php\/2026\/03\/11\/no-queda-practicamente-nada-que-atacar-en-iran-dice-trump\/#respond\"]}]},{\"@type\":\"WebPage\",\"@id\":\"https:\/\/innoticiasbo.com\/index.php\/2026\/03\/11\/no-queda-practicamente-nada-que-atacar-en-iran-dice-trump\/\",\"url\":\"https:\/\/innoticiasbo.com\/index.php\/2026\/03\/11\/no-queda-practicamente-nada-que-atacar-en-iran-dice-trump\/\",\"name\":\"\\\"NO QUEDA PR\u00c1CTICAMENTE NADA QUE ATACAR\\\" EN IR\u00c1N, DICE TRUMP - innoticiasbo.com\",\"isPartOf\":{\"@id\":\"https:\/\/innoticiasbo.com\/#website\"},\"primaryImageOfPage\":{\"@id\":\"https:\/\/innoticiasbo.com\/index.php\/2026\/03\/11\/no-queda-practicamente-nada-que-atacar-en-iran-dice-trump\/#primaryimage\"},\"image\":{\"@id\":\"https:\/\/innoticiasbo.com\/index.php\/2026\/03\/11\/no-queda-practicamente-nada-que-atacar-en-iran-dice-trump\/#primaryimage\"},\"thumbnailUrl\":\"https:\/\/i0.wp.com\/innoticiasbo.com\/wp-content\/uploads\/2026\/03\/image-145.png?fit=770%2C430&ssl=1\",\"datePublished\":\"2026-03-12T00:59:03+00:00\",\"dateModified\":\"2026-03-12T00:59:05+00:00\",\"breadcrumb\":{\"@id\":\"https:\/\/innoticiasbo.com\/index.php\/2026\/03\/11\/no-queda-practicamente-nada-que-atacar-en-iran-dice-trump\/#breadcrumb\"},\"inLanguage\":\"es\",\"potentialAction\":[{\"@type\":\"ReadAction\",\"target\":[\"https:\/\/innoticiasbo.com\/index.php\/2026\/03\/11\/no-queda-practicamente-nada-que-atacar-en-iran-dice-trump\/\"]}]},{\"@type\":\"ImageObject\",\"inLanguage\":\"es\",\"@id\":\"https:\/\/innoticiasbo.com\/index.php\/2026\/03\/11\/no-queda-practicamente-nada-que-atacar-en-iran-dice-trump\/#primaryimage\",\"url\":\"https:\/\/i0.wp.com\/innoticiasbo.com\/wp-content\/uploads\/2026\/03\/image-145.png?fit=770%2C430&ssl=1\",\"contentUrl\":\"https:\/\/i0.wp.com\/innoticiasbo.com\/wp-content\/uploads\/2026\/03\/image-145.png?fit=770%2C430&ssl=1\",\"width\":770,\"height\":430},{\"@type\":\"BreadcrumbList\",\"@id\":\"https:\/\/innoticiasbo.com\/index.php\/2026\/03\/11\/no-queda-practicamente-nada-que-atacar-en-iran-dice-trump\/#breadcrumb\",\"itemListElement\":[{\"@type\":\"ListItem\",\"position\":1,\"name\":\"Portada\",\"item\":\"https:\/\/innoticiasbo.com\/\"},{\"@type\":\"ListItem\",\"position\":2,\"name\":\"\u00abNO QUEDA PR\u00c1CTICAMENTE NADA QUE ATACAR\u00bb EN IR\u00c1N, DICE TRUMP\"}]},{\"@type\":\"WebSite\",\"@id\":\"https:\/\/innoticiasbo.com\/#website\",\"url\":\"https:\/\/innoticiasbo.com\/\",\"name\":\"innoticiasbo.com\",\"description\":\"\",\"publisher\":{\"@id\":\"https:\/\/innoticiasbo.com\/#organization\"},\"potentialAction\":[{\"@type\":\"SearchAction\",\"target\":{\"@type\":\"EntryPoint\",\"urlTemplate\":\"https:\/\/innoticiasbo.com\/?s={search_term_string}\"},\"query-input\":{\"@type\":\"PropertyValueSpecification\",\"valueRequired\":true,\"valueName\":\"search_term_string\"}}],\"inLanguage\":\"es\"},{\"@type\":\"Organization\",\"@id\":\"https:\/\/innoticiasbo.com\/#organization\",\"name\":\"innoticiasbo.com\",\"url\":\"https:\/\/innoticiasbo.com\/\",\"logo\":{\"@type\":\"ImageObject\",\"inLanguage\":\"es\",\"@id\":\"https:\/\/innoticiasbo.com\/#\/schema\/logo\/image\/\",\"url\":\"https:\/\/i0.wp.com\/innoticiasbo.com\/wp-content\/uploads\/2026\/04\/cropped-IN-LOGO.png?fit=1476%2C1476&ssl=1\",\"contentUrl\":\"https:\/\/i0.wp.com\/innoticiasbo.com\/wp-content\/uploads\/2026\/04\/cropped-IN-LOGO.png?fit=1476%2C1476&ssl=1\",\"width\":1476,\"height\":1476,\"caption\":\"innoticiasbo.com\"},\"image\":{\"@id\":\"https:\/\/innoticiasbo.com\/#\/schema\/logo\/image\/\"},\"sameAs\":[\"https:\/\/www.facebook.com\/innoticiasbolivia\",\"https:\/\/x.com\/innoticiasbo\",\"https:\/\/www.instagram.com\/innoticiasbo\",\"https:\/\/www.youtube.com\/innoticiasbo\"]},{\"@type\":\"Person\",\"@id\":\"https:\/\/innoticiasbo.com\/#\/schema\/person\/0b28481e8d0316f83a13bc702311def5\",\"name\":\"Prensa 11\",\"image\":{\"@type\":\"ImageObject\",\"inLanguage\":\"es\",\"@id\":\"https:\/\/innoticiasbo.com\/#\/schema\/person\/image\/\",\"url\":\"https:\/\/secure.gravatar.com\/avatar\/696560c17349f1807a610bf83832bad0?s=96&d=mm&r=g\",\"contentUrl\":\"https:\/\/secure.gravatar.com\/avatar\/696560c17349f1807a610bf83832bad0?s=96&d=mm&r=g\",\"caption\":\"Prensa 11\"},\"sameAs\":[\"http:\/\/www.innoticiasbo.com\"],\"url\":\"https:\/\/innoticiasbo.com\/index.php\/author\/prensa-11\/\"}]}<\/script>\n<!-- \/ Yoast SEO plugin. -->","yoast_head_json":{"title":"\"NO QUEDA PR\u00c1CTICAMENTE NADA QUE ATACAR\" EN IR\u00c1N, DICE TRUMP - innoticiasbo.com","robots":{"index":"index","follow":"follow","max-snippet":"max-snippet:-1","max-image-preview":"max-image-preview:large","max-video-preview":"max-video-preview:-1"},"canonical":"https:\/\/innoticiasbo.com\/index.php\/2026\/03\/11\/no-queda-practicamente-nada-que-atacar-en-iran-dice-trump\/","og_locale":"es_ES","og_type":"article","og_title":"\"NO QUEDA PR\u00c1CTICAMENTE NADA QUE ATACAR\" EN IR\u00c1N, DICE TRUMP - innoticiasbo.com","og_description":"Mundo, 11 de Marzo de 2026.- El presidente de EEUU, Donald Trump, ha asegurado este mi\u00e9rcoles que \u00abno queda pr\u00e1cticamente nada que atacar\u00bb en Ir\u00e1n tras 12\u00a0d\u00edas de una ofensiva lanzada junto a Israel el pasado 28 de febrero contra el pa\u00eds persa y que se ha saldado con m\u00e1s de 1.200 muertos en su\u00a0territorio....","og_url":"https:\/\/innoticiasbo.com\/index.php\/2026\/03\/11\/no-queda-practicamente-nada-que-atacar-en-iran-dice-trump\/","og_site_name":"innoticiasbo.com","article_publisher":"https:\/\/www.facebook.com\/innoticiasbolivia","article_published_time":"2026-03-12T00:59:03+00:00","article_modified_time":"2026-03-12T00:59:05+00:00","og_image":[{"width":770,"height":430,"url":"https:\/\/innoticiasbo.com\/wp-content\/uploads\/2026\/03\/image-145.png","type":"image\/png"}],"author":"Prensa 11","twitter_card":"summary_large_image","twitter_creator":"@innoticiasbo","twitter_site":"@innoticiasbo","twitter_misc":{"Escrito por":"Prensa 11","Tiempo de lectura":"3 minutos"},"schema":{"@context":"https:\/\/schema.org","@graph":[{"@type":"Article","@id":"https:\/\/innoticiasbo.com\/index.php\/2026\/03\/11\/no-queda-practicamente-nada-que-atacar-en-iran-dice-trump\/#article","isPartOf":{"@id":"https:\/\/innoticiasbo.com\/index.php\/2026\/03\/11\/no-queda-practicamente-nada-que-atacar-en-iran-dice-trump\/"},"author":{"name":"Prensa 11","@id":"https:\/\/innoticiasbo.com\/#\/schema\/person\/0b28481e8d0316f83a13bc702311def5"},"headline":"\u00abNO QUEDA PR\u00c1CTICAMENTE NADA QUE ATACAR\u00bb EN IR\u00c1N, DICE TRUMP","datePublished":"2026-03-12T00:59:03+00:00","dateModified":"2026-03-12T00:59:05+00:00","mainEntityOfPage":{"@id":"https:\/\/innoticiasbo.com\/index.php\/2026\/03\/11\/no-queda-practicamente-nada-que-atacar-en-iran-dice-trump\/"},"wordCount":477,"commentCount":0,"publisher":{"@id":"https:\/\/innoticiasbo.com\/#organization"},"image":{"@id":"https:\/\/innoticiasbo.com\/index.php\/2026\/03\/11\/no-queda-practicamente-nada-que-atacar-en-iran-dice-trump\/#primaryimage"},"thumbnailUrl":"https:\/\/i0.wp.com\/innoticiasbo.com\/wp-content\/uploads\/2026\/03\/image-145.png?fit=770%2C430&ssl=1","keywords":["ataque a Ir\u00e1n","Donald Trump","guerra","Guerra en Iran","Iran","ir\u00e1n","Mundo","Pol\u00edtica"],"articleSection":["Mundo"],"inLanguage":"es","potentialAction":[{"@type":"CommentAction","name":"Comment","target":["https:\/\/innoticiasbo.com\/index.php\/2026\/03\/11\/no-queda-practicamente-nada-que-atacar-en-iran-dice-trump\/#respond"]}]},{"@type":"WebPage","@id":"https:\/\/innoticiasbo.com\/index.php\/2026\/03\/11\/no-queda-practicamente-nada-que-atacar-en-iran-dice-trump\/","url":"https:\/\/innoticiasbo.com\/index.php\/2026\/03\/11\/no-queda-practicamente-nada-que-atacar-en-iran-dice-trump\/","name":"\"NO QUEDA PR\u00c1CTICAMENTE NADA QUE ATACAR\" EN IR\u00c1N, DICE TRUMP - innoticiasbo.com","isPartOf":{"@id":"https:\/\/innoticiasbo.com\/#website"},"primaryImageOfPage":{"@id":"https:\/\/innoticiasbo.com\/index.php\/2026\/03\/11\/no-queda-practicamente-nada-que-atacar-en-iran-dice-trump\/#primaryimage"},"image":{"@id":"https:\/\/innoticiasbo.com\/index.php\/2026\/03\/11\/no-queda-practicamente-nada-que-atacar-en-iran-dice-trump\/#primaryimage"},"thumbnailUrl":"https:\/\/i0.wp.com\/innoticiasbo.com\/wp-content\/uploads\/2026\/03\/image-145.png?fit=770%2C430&ssl=1","datePublished":"2026-03-12T00:59:03+00:00","dateModified":"2026-03-12T00:59:05+00:00","breadcrumb":{"@id":"https:\/\/innoticiasbo.com\/index.php\/2026\/03\/11\/no-queda-practicamente-nada-que-atacar-en-iran-dice-trump\/#breadcrumb"},"inLanguage":"es","potentialAction":[{"@type":"ReadAction","target":["https:\/\/innoticiasbo.com\/index.php\/2026\/03\/11\/no-queda-practicamente-nada-que-atacar-en-iran-dice-trump\/"]}]},{"@type":"ImageObject","inLanguage":"es","@id":"https:\/\/innoticiasbo.com\/index.php\/2026\/03\/11\/no-queda-practicamente-nada-que-atacar-en-iran-dice-trump\/#primaryimage","url":"https:\/\/i0.wp.com\/innoticiasbo.com\/wp-content\/uploads\/2026\/03\/image-145.png?fit=770%2C430&ssl=1","contentUrl":"https:\/\/i0.wp.com\/innoticiasbo.com\/wp-content\/uploads\/2026\/03\/image-145.png?fit=770%2C430&ssl=1","width":770,"height":430},{"@type":"BreadcrumbList","@id":"https:\/\/innoticiasbo.com\/index.php\/2026\/03\/11\/no-queda-practicamente-nada-que-atacar-en-iran-dice-trump\/#breadcrumb","itemListElement":[{"@type":"ListItem","position":1,"name":"Portada","item":"https:\/\/innoticiasbo.com\/"},{"@type":"ListItem","position":2,"name":"\u00abNO QUEDA PR\u00c1CTICAMENTE NADA QUE ATACAR\u00bb EN IR\u00c1N, DICE TRUMP"}]},{"@type":"WebSite","@id":"https:\/\/innoticiasbo.com\/#website","url":"https:\/\/innoticiasbo.com\/","name":"innoticiasbo.com","description":"","publisher":{"@id":"https:\/\/innoticiasbo.com\/#organization"},"potentialAction":[{"@type":"SearchAction","target":{"@type":"EntryPoint","urlTemplate":"https:\/\/innoticiasbo.com\/?s={search_term_string}"},"query-input":{"@type":"PropertyValueSpecification","valueRequired":true,"valueName":"search_term_string"}}],"inLanguage":"es"},{"@type":"Organization","@id":"https:\/\/innoticiasbo.com\/#organization","name":"innoticiasbo.com","url":"https:\/\/innoticiasbo.com\/","logo":{"@type":"ImageObject","inLanguage":"es","@id":"https:\/\/innoticiasbo.com\/#\/schema\/logo\/image\/","url":"https:\/\/i0.wp.com\/innoticiasbo.com\/wp-content\/uploads\/2026\/04\/cropped-IN-LOGO.png?fit=1476%2C1476&ssl=1","contentUrl":"https:\/\/i0.wp.com\/innoticiasbo.com\/wp-content\/uploads\/2026\/04\/cropped-IN-LOGO.png?fit=1476%2C1476&ssl=1","width":1476,"height":1476,"caption":"innoticiasbo.com"},"image":{"@id":"https:\/\/innoticiasbo.com\/#\/schema\/logo\/image\/"},"sameAs":["https:\/\/www.facebook.com\/innoticiasbolivia","https:\/\/x.com\/innoticiasbo","https:\/\/www.instagram.com\/innoticiasbo","https:\/\/www.youtube.com\/innoticiasbo"]},{"@type":"Person","@id":"https:\/\/innoticiasbo.com\/#\/schema\/person\/0b28481e8d0316f83a13bc702311def5","name":"Prensa 11","image":{"@type":"ImageObject","inLanguage":"es","@id":"https:\/\/innoticiasbo.com\/#\/schema\/person\/image\/","url":"https:\/\/secure.gravatar.com\/avatar\/696560c17349f1807a610bf83832bad0?s=96&d=mm&r=g","contentUrl":"https:\/\/secure.gravatar.com\/avatar\/696560c17349f1807a610bf83832bad0?s=96&d=mm&r=g","caption":"Prensa 11"},"sameAs":["http:\/\/www.innoticiasbo.com"],"url":"https:\/\/innoticiasbo.com\/index.php\/author\/prensa-11\/"}]}},"jetpack_featured_media_url":"https:\/\/i0.wp.com\/innoticiasbo.com\/wp-content\/uploads\/2026\/03\/image-145.png?fit=770%2C430&ssl=1","jetpack_likes_enabled":true,"jetpack_sharing_enabled":true,"jetpack_shortlink":"https:\/\/wp.me\/pg298x-2sU","_links":{"self":[{"href":"https:\/\/innoticiasbo.com\/index.php\/wp-json\/wp\/v2\/posts\/9480","targetHints":{"allow":["GET"]}}],"collection":[{"href":"https:\/\/innoticiasbo.com\/index.php\/wp-json\/wp\/v2\/posts"}],"about":[{"href":"https:\/\/innoticiasbo.com\/index.php\/wp-json\/wp\/v2\/types\/post"}],"author":[{"embeddable":true,"href":"https:\/\/innoticiasbo.com\/index.php\/wp-json\/wp\/v2\/users\/11"}],"replies":[{"embeddable":true,"href":"https:\/\/innoticiasbo.com\/index.php\/wp-json\/wp\/v2\/comments?post=9480"}],"version-history":[{"count":1,"href":"https:\/\/innoticiasbo.com\/index.php\/wp-json\/wp\/v2\/posts\/9480\/revisions"}],"predecessor-version":[{"id":9482,"href":"https:\/\/innoticiasbo.com\/index.php\/wp-json\/wp\/v2\/posts\/9480\/revisions\/9482"}],"wp:featuredmedia":[{"embeddable":true,"href":"https:\/\/innoticiasbo.com\/index.php\/wp-json\/wp\/v2\/media\/9481"}],"wp:attachment":[{"href":"https:\/\/innoticiasbo.com\/index.php\/wp-json\/wp\/v2\/media?parent=9480"}],"wp:term":[{"taxonomy":"category","embeddable":true,"href":"https:\/\/innoticiasbo.com\/index.php\/wp-json\/wp\/v2\/categories?post=9480"},{"taxonomy":"post_tag","embeddable":true,"href":"https:\/\/innoticiasbo.com\/index.php\/wp-json\/wp\/v2\/tags?post=9480"}],"curies":[{"name":"wp","href":"https:\/\/api.w.org\/{rel}","templated":true}]}}