{"id":9477,"date":"2026-03-11T20:47:12","date_gmt":"2026-03-12T00:47:12","guid":{"rendered":"https:\/\/innoticiasbo.com\/?p=9477"},"modified":"2026-03-11T20:47:14","modified_gmt":"2026-03-12T00:47:14","slug":"paz-participa-del-cambio-de-mando-en-chile","status":"publish","type":"post","link":"https:\/\/innoticiasbo.com\/index.php\/2026\/03\/11\/paz-participa-del-cambio-de-mando-en-chile\/","title":{"rendered":"PAZ PARTICIPA DEL CAMBIO DE MANDO EN CHILE"},"content":{"rendered":"\n<figure class=\"wp-block-image size-full\"><img data-recalc-dims=\"1\" loading=\"lazy\" decoding=\"async\" width=\"640\" height=\"357\" src=\"https:\/\/i0.wp.com\/innoticiasbo.com\/wp-content\/uploads\/2026\/03\/image-144.png?resize=640%2C357&#038;ssl=1\" alt=\"\" class=\"wp-image-9478\" srcset=\"https:\/\/i0.wp.com\/innoticiasbo.com\/wp-content\/uploads\/2026\/03\/image-144.png?w=770&amp;ssl=1 770w, https:\/\/i0.wp.com\/innoticiasbo.com\/wp-content\/uploads\/2026\/03\/image-144.png?resize=300%2C168&amp;ssl=1 300w, https:\/\/i0.wp.com\/innoticiasbo.com\/wp-content\/uploads\/2026\/03\/image-144.png?resize=768%2C429&amp;ssl=1 768w\" sizes=\"auto, (max-width: 640px) 100vw, 640px\" \/><\/figure>\n\n\n\n<p><strong>Internacional, 11 de Marzo de 2026.-<\/strong> El presidente de Bolivia, Rodrigo Paz, ya se encuentra en la sede del Congreso Nacional en Valpara\u00edso en Chile para participar de las actividades oficiales de la posesi\u00f3n presidencial del nuevo mandatario chileno, Jos\u00e9 Antonio Kast.<\/p>\n\n\n\n<p>Paz lleg\u00f3 acompa\u00f1ado por la primera dama, Mariela Enurquidi, y fue recibido con los saludos protocolares antes del inicio de la ceremonia central, que reunir\u00e1 a m\u00e1s de mil invitados entre autoridades nacionales e internacionales.<\/p>\n\n\n\n<p>A su llegada, el presidente boliviano destac\u00f3 la importancia de fortalecer la relaci\u00f3n bilateral entre Bolivia y Chile y avanzar en una agenda conjunta enfocada en el desarrollo econ\u00f3mico y empresarial.<\/p>\n\n\n\n<p>\u201cEstamos aqu\u00ed prestos para trabajar para el desarrollo de ambas naciones. Siempre es mejor el futuro que el pasado y ahora estamos trabajando por un mejor futuro para ambas naciones\u201d, se\u00f1al\u00f3 el mandatario en declaraciones a la prensa internacional.<\/p>\n\n\n\n<p>Asimismo, indic\u00f3 que en reuniones previas con el presidente entrante se plante\u00f3 la necesidad de construir una agenda com\u00fan entre ambos pa\u00edses.<\/p>\n\n\n\n<p>\u201cCon el presidente Kast hemos planteado trabajar para conjuncionar una agenda com\u00fan, sobre todo en el sector econ\u00f3mico empresarial, para que haya desarrollo para nuestras naciones\u201d, sostuvo.<\/p>\n\n\n\n<p>De acuerdo con la informaci\u00f3n de la Oficina del Presidente Electo, la ceremonia de transici\u00f3n del mando presidencial comenzar\u00e1 a las 12.00 horas en el Sal\u00f3n de Honor del Congreso Nacional en Valpara\u00edso, donde tambi\u00e9n prestar\u00e1n juramento los integrantes del nuevo gabinete ministerial.<\/p>\n\n\n\n<p>Posteriormente, a las 14.00, Kast y la primera dama, Mar\u00eda P\u00eda Adriasola, ofrecer\u00e1n un almuerzo oficial para las delegaciones y autoridades presentes en el Palacio de Cerro Castillo.<\/p>\n\n\n\n<p>Las actividades continuar\u00e1n en Santiago, donde a las 21.00 el nuevo mandatario brindar\u00e1 el tradicional discurso desde el balc\u00f3n del Palacio de La Moneda hacia la Plaza de la Constituci\u00f3n.<\/p>\n\n\n\n<p>Entre las autoridades internacionales que confirmaron su asistencia a este acto se encuentran el rey de Espa\u00f1a, Felipe VI, y el presidente de Argentina, Javier Milei, adem\u00e1s de otros l\u00edderes de la regi\u00f3n.<\/p>\n\n\n\n<p>Fuente: Los Tiempos<\/p>\n","protected":false},"excerpt":{"rendered":"<p>Internacional, 11 de Marzo de 2026.- El presidente de Bolivia, Rodrigo Paz, ya se encuentra en la sede del Congreso Nacional en Valpara\u00edso en Chile para participar de las actividades oficiales de la posesi\u00f3n presidencial del nuevo mandatario chileno, Jos\u00e9 Antonio Kast. Paz lleg\u00f3 acompa\u00f1ado por la primera dama, Mariela Enurquidi, y fue recibido con&#8230;<\/p>\n","protected":false},"author":11,"featured_media":9478,"comment_status":"open","ping_status":"open","sticky":false,"template":"","format":"standard","meta":{"_jetpack_memberships_contains_paid_content":false,"footnotes":"","jetpack_publicize_message":"","jetpack_publicize_feature_enabled":true,"jetpack_social_post_already_shared":true,"jetpack_social_options":{"image_generator_settings":{"template":"highway","enabled":false},"version":2}},"categories":[684,3],"tags":[1434,157,8,1433,10,1395,345],"class_list":["post-9477","post","type-post","status-publish","format-standard","has-post-thumbnail","hentry","category-internacional","category-politica","tag-cambio-de-mando","tag-chile","tag-internacional","tag-jose-antonio-kast","tag-politica","tag-relaciones-bolivia-chile","tag-rodrigo-paz"],"jetpack_publicize_connections":[],"yoast_head":"<!-- This site is optimized with the Yoast SEO plugin v23.4 - https:\/\/yoast.com\/wordpress\/plugins\/seo\/ -->\n<title>PAZ PARTICIPA DEL CAMBIO DE MANDO EN CHILE - innoticiasbo.com<\/title>\n<meta name=\"robots\" content=\"index, follow, max-snippet:-1, max-image-preview:large, max-video-preview:-1\" \/>\n<link rel=\"canonical\" href=\"https:\/\/innoticiasbo.com\/index.php\/2026\/03\/11\/paz-participa-del-cambio-de-mando-en-chile\/\" \/>\n<meta property=\"og:locale\" content=\"es_ES\" \/>\n<meta property=\"og:type\" content=\"article\" \/>\n<meta property=\"og:title\" content=\"PAZ PARTICIPA DEL CAMBIO DE MANDO EN CHILE - innoticiasbo.com\" \/>\n<meta property=\"og:description\" content=\"Internacional, 11 de Marzo de 2026.- El presidente de Bolivia, Rodrigo Paz, ya se encuentra en la sede del Congreso Nacional en Valpara\u00edso en Chile para participar de las actividades oficiales de la posesi\u00f3n presidencial del nuevo mandatario chileno, Jos\u00e9 Antonio Kast. Paz lleg\u00f3 acompa\u00f1ado por la primera dama, Mariela Enurquidi, y fue recibido con...\" \/>\n<meta property=\"og:url\" content=\"https:\/\/innoticiasbo.com\/index.php\/2026\/03\/11\/paz-participa-del-cambio-de-mando-en-chile\/\" \/>\n<meta property=\"og:site_name\" content=\"innoticiasbo.com\" \/>\n<meta property=\"article:publisher\" content=\"https:\/\/www.facebook.com\/innoticiasbolivia\" \/>\n<meta property=\"article:published_time\" content=\"2026-03-12T00:47:12+00:00\" \/>\n<meta property=\"article:modified_time\" content=\"2026-03-12T00:47:14+00:00\" \/>\n<meta property=\"og:image\" content=\"https:\/\/innoticiasbo.com\/wp-content\/uploads\/2026\/03\/image-144.png\" \/>\n\t<meta property=\"og:image:width\" content=\"770\" \/>\n\t<meta property=\"og:image:height\" content=\"430\" \/>\n\t<meta property=\"og:image:type\" content=\"image\/png\" \/>\n<meta name=\"author\" content=\"Prensa 11\" \/>\n<meta name=\"twitter:card\" content=\"summary_large_image\" \/>\n<meta name=\"twitter:creator\" content=\"@innoticiasbo\" \/>\n<meta name=\"twitter:site\" content=\"@innoticiasbo\" \/>\n<meta name=\"twitter:label1\" content=\"Escrito por\" \/>\n\t<meta name=\"twitter:data1\" content=\"Prensa 11\" \/>\n\t<meta name=\"twitter:label2\" content=\"Tiempo de lectura\" \/>\n\t<meta name=\"twitter:data2\" content=\"2 minutos\" \/>\n<script type=\"application\/ld+json\" class=\"yoast-schema-graph\">{\"@context\":\"https:\/\/schema.org\",\"@graph\":[{\"@type\":\"Article\",\"@id\":\"https:\/\/innoticiasbo.com\/index.php\/2026\/03\/11\/paz-participa-del-cambio-de-mando-en-chile\/#article\",\"isPartOf\":{\"@id\":\"https:\/\/innoticiasbo.com\/index.php\/2026\/03\/11\/paz-participa-del-cambio-de-mando-en-chile\/\"},\"author\":{\"name\":\"Prensa 11\",\"@id\":\"https:\/\/innoticiasbo.com\/#\/schema\/person\/0b28481e8d0316f83a13bc702311def5\"},\"headline\":\"PAZ PARTICIPA DEL CAMBIO DE MANDO EN CHILE\",\"datePublished\":\"2026-03-12T00:47:12+00:00\",\"dateModified\":\"2026-03-12T00:47:14+00:00\",\"mainEntityOfPage\":{\"@id\":\"https:\/\/innoticiasbo.com\/index.php\/2026\/03\/11\/paz-participa-del-cambio-de-mando-en-chile\/\"},\"wordCount\":364,\"commentCount\":0,\"publisher\":{\"@id\":\"https:\/\/innoticiasbo.com\/#organization\"},\"image\":{\"@id\":\"https:\/\/innoticiasbo.com\/index.php\/2026\/03\/11\/paz-participa-del-cambio-de-mando-en-chile\/#primaryimage\"},\"thumbnailUrl\":\"https:\/\/i0.wp.com\/innoticiasbo.com\/wp-content\/uploads\/2026\/03\/image-144.png?fit=770%2C430&ssl=1\",\"keywords\":[\"Cambio de mando\",\"Chile\",\"Internacional\",\"Jos\u00e9 Antonio Kast\",\"Pol\u00edtica\",\"Relaciones Bolivia-Chile\",\"Rodrigo Paz\"],\"articleSection\":[\"Internacional\",\"Pol\u00edtica\"],\"inLanguage\":\"es\",\"potentialAction\":[{\"@type\":\"CommentAction\",\"name\":\"Comment\",\"target\":[\"https:\/\/innoticiasbo.com\/index.php\/2026\/03\/11\/paz-participa-del-cambio-de-mando-en-chile\/#respond\"]}]},{\"@type\":\"WebPage\",\"@id\":\"https:\/\/innoticiasbo.com\/index.php\/2026\/03\/11\/paz-participa-del-cambio-de-mando-en-chile\/\",\"url\":\"https:\/\/innoticiasbo.com\/index.php\/2026\/03\/11\/paz-participa-del-cambio-de-mando-en-chile\/\",\"name\":\"PAZ PARTICIPA DEL CAMBIO DE MANDO EN CHILE - innoticiasbo.com\",\"isPartOf\":{\"@id\":\"https:\/\/innoticiasbo.com\/#website\"},\"primaryImageOfPage\":{\"@id\":\"https:\/\/innoticiasbo.com\/index.php\/2026\/03\/11\/paz-participa-del-cambio-de-mando-en-chile\/#primaryimage\"},\"image\":{\"@id\":\"https:\/\/innoticiasbo.com\/index.php\/2026\/03\/11\/paz-participa-del-cambio-de-mando-en-chile\/#primaryimage\"},\"thumbnailUrl\":\"https:\/\/i0.wp.com\/innoticiasbo.com\/wp-content\/uploads\/2026\/03\/image-144.png?fit=770%2C430&ssl=1\",\"datePublished\":\"2026-03-12T00:47:12+00:00\",\"dateModified\":\"2026-03-12T00:47:14+00:00\",\"breadcrumb\":{\"@id\":\"https:\/\/innoticiasbo.com\/index.php\/2026\/03\/11\/paz-participa-del-cambio-de-mando-en-chile\/#breadcrumb\"},\"inLanguage\":\"es\",\"potentialAction\":[{\"@type\":\"ReadAction\",\"target\":[\"https:\/\/innoticiasbo.com\/index.php\/2026\/03\/11\/paz-participa-del-cambio-de-mando-en-chile\/\"]}]},{\"@type\":\"ImageObject\",\"inLanguage\":\"es\",\"@id\":\"https:\/\/innoticiasbo.com\/index.php\/2026\/03\/11\/paz-participa-del-cambio-de-mando-en-chile\/#primaryimage\",\"url\":\"https:\/\/i0.wp.com\/innoticiasbo.com\/wp-content\/uploads\/2026\/03\/image-144.png?fit=770%2C430&ssl=1\",\"contentUrl\":\"https:\/\/i0.wp.com\/innoticiasbo.com\/wp-content\/uploads\/2026\/03\/image-144.png?fit=770%2C430&ssl=1\",\"width\":770,\"height\":430},{\"@type\":\"BreadcrumbList\",\"@id\":\"https:\/\/innoticiasbo.com\/index.php\/2026\/03\/11\/paz-participa-del-cambio-de-mando-en-chile\/#breadcrumb\",\"itemListElement\":[{\"@type\":\"ListItem\",\"position\":1,\"name\":\"Portada\",\"item\":\"https:\/\/innoticiasbo.com\/\"},{\"@type\":\"ListItem\",\"position\":2,\"name\":\"PAZ PARTICIPA DEL CAMBIO DE MANDO EN CHILE\"}]},{\"@type\":\"WebSite\",\"@id\":\"https:\/\/innoticiasbo.com\/#website\",\"url\":\"https:\/\/innoticiasbo.com\/\",\"name\":\"innoticiasbo.com\",\"description\":\"\",\"publisher\":{\"@id\":\"https:\/\/innoticiasbo.com\/#organization\"},\"potentialAction\":[{\"@type\":\"SearchAction\",\"target\":{\"@type\":\"EntryPoint\",\"urlTemplate\":\"https:\/\/innoticiasbo.com\/?s={search_term_string}\"},\"query-input\":{\"@type\":\"PropertyValueSpecification\",\"valueRequired\":true,\"valueName\":\"search_term_string\"}}],\"inLanguage\":\"es\"},{\"@type\":\"Organization\",\"@id\":\"https:\/\/innoticiasbo.com\/#organization\",\"name\":\"innoticiasbo.com\",\"url\":\"https:\/\/innoticiasbo.com\/\",\"logo\":{\"@type\":\"ImageObject\",\"inLanguage\":\"es\",\"@id\":\"https:\/\/innoticiasbo.com\/#\/schema\/logo\/image\/\",\"url\":\"https:\/\/i0.wp.com\/innoticiasbo.com\/wp-content\/uploads\/2026\/04\/cropped-IN-LOGO.png?fit=1476%2C1476&ssl=1\",\"contentUrl\":\"https:\/\/i0.wp.com\/innoticiasbo.com\/wp-content\/uploads\/2026\/04\/cropped-IN-LOGO.png?fit=1476%2C1476&ssl=1\",\"width\":1476,\"height\":1476,\"caption\":\"innoticiasbo.com\"},\"image\":{\"@id\":\"https:\/\/innoticiasbo.com\/#\/schema\/logo\/image\/\"},\"sameAs\":[\"https:\/\/www.facebook.com\/innoticiasbolivia\",\"https:\/\/x.com\/innoticiasbo\",\"https:\/\/www.instagram.com\/innoticiasbo\",\"https:\/\/www.youtube.com\/innoticiasbo\"]},{\"@type\":\"Person\",\"@id\":\"https:\/\/innoticiasbo.com\/#\/schema\/person\/0b28481e8d0316f83a13bc702311def5\",\"name\":\"Prensa 11\",\"image\":{\"@type\":\"ImageObject\",\"inLanguage\":\"es\",\"@id\":\"https:\/\/innoticiasbo.com\/#\/schema\/person\/image\/\",\"url\":\"https:\/\/secure.gravatar.com\/avatar\/696560c17349f1807a610bf83832bad0?s=96&d=mm&r=g\",\"contentUrl\":\"https:\/\/secure.gravatar.com\/avatar\/696560c17349f1807a610bf83832bad0?s=96&d=mm&r=g\",\"caption\":\"Prensa 11\"},\"sameAs\":[\"http:\/\/www.innoticiasbo.com\"],\"url\":\"https:\/\/innoticiasbo.com\/index.php\/author\/prensa-11\/\"}]}<\/script>\n<!-- \/ Yoast SEO plugin. -->","yoast_head_json":{"title":"PAZ PARTICIPA DEL CAMBIO DE MANDO EN CHILE - innoticiasbo.com","robots":{"index":"index","follow":"follow","max-snippet":"max-snippet:-1","max-image-preview":"max-image-preview:large","max-video-preview":"max-video-preview:-1"},"canonical":"https:\/\/innoticiasbo.com\/index.php\/2026\/03\/11\/paz-participa-del-cambio-de-mando-en-chile\/","og_locale":"es_ES","og_type":"article","og_title":"PAZ PARTICIPA DEL CAMBIO DE MANDO EN CHILE - innoticiasbo.com","og_description":"Internacional, 11 de Marzo de 2026.- El presidente de Bolivia, Rodrigo Paz, ya se encuentra en la sede del Congreso Nacional en Valpara\u00edso en Chile para participar de las actividades oficiales de la posesi\u00f3n presidencial del nuevo mandatario chileno, Jos\u00e9 Antonio Kast. Paz lleg\u00f3 acompa\u00f1ado por la primera dama, Mariela Enurquidi, y fue recibido con...","og_url":"https:\/\/innoticiasbo.com\/index.php\/2026\/03\/11\/paz-participa-del-cambio-de-mando-en-chile\/","og_site_name":"innoticiasbo.com","article_publisher":"https:\/\/www.facebook.com\/innoticiasbolivia","article_published_time":"2026-03-12T00:47:12+00:00","article_modified_time":"2026-03-12T00:47:14+00:00","og_image":[{"width":770,"height":430,"url":"https:\/\/innoticiasbo.com\/wp-content\/uploads\/2026\/03\/image-144.png","type":"image\/png"}],"author":"Prensa 11","twitter_card":"summary_large_image","twitter_creator":"@innoticiasbo","twitter_site":"@innoticiasbo","twitter_misc":{"Escrito por":"Prensa 11","Tiempo de lectura":"2 minutos"},"schema":{"@context":"https:\/\/schema.org","@graph":[{"@type":"Article","@id":"https:\/\/innoticiasbo.com\/index.php\/2026\/03\/11\/paz-participa-del-cambio-de-mando-en-chile\/#article","isPartOf":{"@id":"https:\/\/innoticiasbo.com\/index.php\/2026\/03\/11\/paz-participa-del-cambio-de-mando-en-chile\/"},"author":{"name":"Prensa 11","@id":"https:\/\/innoticiasbo.com\/#\/schema\/person\/0b28481e8d0316f83a13bc702311def5"},"headline":"PAZ PARTICIPA DEL CAMBIO DE MANDO EN CHILE","datePublished":"2026-03-12T00:47:12+00:00","dateModified":"2026-03-12T00:47:14+00:00","mainEntityOfPage":{"@id":"https:\/\/innoticiasbo.com\/index.php\/2026\/03\/11\/paz-participa-del-cambio-de-mando-en-chile\/"},"wordCount":364,"commentCount":0,"publisher":{"@id":"https:\/\/innoticiasbo.com\/#organization"},"image":{"@id":"https:\/\/innoticiasbo.com\/index.php\/2026\/03\/11\/paz-participa-del-cambio-de-mando-en-chile\/#primaryimage"},"thumbnailUrl":"https:\/\/i0.wp.com\/innoticiasbo.com\/wp-content\/uploads\/2026\/03\/image-144.png?fit=770%2C430&ssl=1","keywords":["Cambio de mando","Chile","Internacional","Jos\u00e9 Antonio Kast","Pol\u00edtica","Relaciones Bolivia-Chile","Rodrigo Paz"],"articleSection":["Internacional","Pol\u00edtica"],"inLanguage":"es","potentialAction":[{"@type":"CommentAction","name":"Comment","target":["https:\/\/innoticiasbo.com\/index.php\/2026\/03\/11\/paz-participa-del-cambio-de-mando-en-chile\/#respond"]}]},{"@type":"WebPage","@id":"https:\/\/innoticiasbo.com\/index.php\/2026\/03\/11\/paz-participa-del-cambio-de-mando-en-chile\/","url":"https:\/\/innoticiasbo.com\/index.php\/2026\/03\/11\/paz-participa-del-cambio-de-mando-en-chile\/","name":"PAZ PARTICIPA DEL CAMBIO DE MANDO EN CHILE - innoticiasbo.com","isPartOf":{"@id":"https:\/\/innoticiasbo.com\/#website"},"primaryImageOfPage":{"@id":"https:\/\/innoticiasbo.com\/index.php\/2026\/03\/11\/paz-participa-del-cambio-de-mando-en-chile\/#primaryimage"},"image":{"@id":"https:\/\/innoticiasbo.com\/index.php\/2026\/03\/11\/paz-participa-del-cambio-de-mando-en-chile\/#primaryimage"},"thumbnailUrl":"https:\/\/i0.wp.com\/innoticiasbo.com\/wp-content\/uploads\/2026\/03\/image-144.png?fit=770%2C430&ssl=1","datePublished":"2026-03-12T00:47:12+00:00","dateModified":"2026-03-12T00:47:14+00:00","breadcrumb":{"@id":"https:\/\/innoticiasbo.com\/index.php\/2026\/03\/11\/paz-participa-del-cambio-de-mando-en-chile\/#breadcrumb"},"inLanguage":"es","potentialAction":[{"@type":"ReadAction","target":["https:\/\/innoticiasbo.com\/index.php\/2026\/03\/11\/paz-participa-del-cambio-de-mando-en-chile\/"]}]},{"@type":"ImageObject","inLanguage":"es","@id":"https:\/\/innoticiasbo.com\/index.php\/2026\/03\/11\/paz-participa-del-cambio-de-mando-en-chile\/#primaryimage","url":"https:\/\/i0.wp.com\/innoticiasbo.com\/wp-content\/uploads\/2026\/03\/image-144.png?fit=770%2C430&ssl=1","contentUrl":"https:\/\/i0.wp.com\/innoticiasbo.com\/wp-content\/uploads\/2026\/03\/image-144.png?fit=770%2C430&ssl=1","width":770,"height":430},{"@type":"BreadcrumbList","@id":"https:\/\/innoticiasbo.com\/index.php\/2026\/03\/11\/paz-participa-del-cambio-de-mando-en-chile\/#breadcrumb","itemListElement":[{"@type":"ListItem","position":1,"name":"Portada","item":"https:\/\/innoticiasbo.com\/"},{"@type":"ListItem","position":2,"name":"PAZ PARTICIPA DEL CAMBIO DE MANDO EN CHILE"}]},{"@type":"WebSite","@id":"https:\/\/innoticiasbo.com\/#website","url":"https:\/\/innoticiasbo.com\/","name":"innoticiasbo.com","description":"","publisher":{"@id":"https:\/\/innoticiasbo.com\/#organization"},"potentialAction":[{"@type":"SearchAction","target":{"@type":"EntryPoint","urlTemplate":"https:\/\/innoticiasbo.com\/?s={search_term_string}"},"query-input":{"@type":"PropertyValueSpecification","valueRequired":true,"valueName":"search_term_string"}}],"inLanguage":"es"},{"@type":"Organization","@id":"https:\/\/innoticiasbo.com\/#organization","name":"innoticiasbo.com","url":"https:\/\/innoticiasbo.com\/","logo":{"@type":"ImageObject","inLanguage":"es","@id":"https:\/\/innoticiasbo.com\/#\/schema\/logo\/image\/","url":"https:\/\/i0.wp.com\/innoticiasbo.com\/wp-content\/uploads\/2026\/04\/cropped-IN-LOGO.png?fit=1476%2C1476&ssl=1","contentUrl":"https:\/\/i0.wp.com\/innoticiasbo.com\/wp-content\/uploads\/2026\/04\/cropped-IN-LOGO.png?fit=1476%2C1476&ssl=1","width":1476,"height":1476,"caption":"innoticiasbo.com"},"image":{"@id":"https:\/\/innoticiasbo.com\/#\/schema\/logo\/image\/"},"sameAs":["https:\/\/www.facebook.com\/innoticiasbolivia","https:\/\/x.com\/innoticiasbo","https:\/\/www.instagram.com\/innoticiasbo","https:\/\/www.youtube.com\/innoticiasbo"]},{"@type":"Person","@id":"https:\/\/innoticiasbo.com\/#\/schema\/person\/0b28481e8d0316f83a13bc702311def5","name":"Prensa 11","image":{"@type":"ImageObject","inLanguage":"es","@id":"https:\/\/innoticiasbo.com\/#\/schema\/person\/image\/","url":"https:\/\/secure.gravatar.com\/avatar\/696560c17349f1807a610bf83832bad0?s=96&d=mm&r=g","contentUrl":"https:\/\/secure.gravatar.com\/avatar\/696560c17349f1807a610bf83832bad0?s=96&d=mm&r=g","caption":"Prensa 11"},"sameAs":["http:\/\/www.innoticiasbo.com"],"url":"https:\/\/innoticiasbo.com\/index.php\/author\/prensa-11\/"}]}},"jetpack_featured_media_url":"https:\/\/i0.wp.com\/innoticiasbo.com\/wp-content\/uploads\/2026\/03\/image-144.png?fit=770%2C430&ssl=1","jetpack_likes_enabled":true,"jetpack_sharing_enabled":true,"jetpack_shortlink":"https:\/\/wp.me\/pg298x-2sR","_links":{"self":[{"href":"https:\/\/innoticiasbo.com\/index.php\/wp-json\/wp\/v2\/posts\/9477","targetHints":{"allow":["GET"]}}],"collection":[{"href":"https:\/\/innoticiasbo.com\/index.php\/wp-json\/wp\/v2\/posts"}],"about":[{"href":"https:\/\/innoticiasbo.com\/index.php\/wp-json\/wp\/v2\/types\/post"}],"author":[{"embeddable":true,"href":"https:\/\/innoticiasbo.com\/index.php\/wp-json\/wp\/v2\/users\/11"}],"replies":[{"embeddable":true,"href":"https:\/\/innoticiasbo.com\/index.php\/wp-json\/wp\/v2\/comments?post=9477"}],"version-history":[{"count":1,"href":"https:\/\/innoticiasbo.com\/index.php\/wp-json\/wp\/v2\/posts\/9477\/revisions"}],"predecessor-version":[{"id":9479,"href":"https:\/\/innoticiasbo.com\/index.php\/wp-json\/wp\/v2\/posts\/9477\/revisions\/9479"}],"wp:featuredmedia":[{"embeddable":true,"href":"https:\/\/innoticiasbo.com\/index.php\/wp-json\/wp\/v2\/media\/9478"}],"wp:attachment":[{"href":"https:\/\/innoticiasbo.com\/index.php\/wp-json\/wp\/v2\/media?parent=9477"}],"wp:term":[{"taxonomy":"category","embeddable":true,"href":"https:\/\/innoticiasbo.com\/index.php\/wp-json\/wp\/v2\/categories?post=9477"},{"taxonomy":"post_tag","embeddable":true,"href":"https:\/\/innoticiasbo.com\/index.php\/wp-json\/wp\/v2\/tags?post=9477"}],"curies":[{"name":"wp","href":"https:\/\/api.w.org\/{rel}","templated":true}]}}