{"id":9474,"date":"2026-03-11T20:30:57","date_gmt":"2026-03-12T00:30:57","guid":{"rendered":"https:\/\/innoticiasbo.com\/?p=9474"},"modified":"2026-03-11T20:30:58","modified_gmt":"2026-03-12T00:30:58","slug":"me-indigno-verla-como-candidata-fundador-de-democratas-pide-inhabilitar-a-rocio-molina-y-presenta-pruebas-paz","status":"publish","type":"post","link":"https:\/\/innoticiasbo.com\/index.php\/2026\/03\/11\/me-indigno-verla-como-candidata-fundador-de-democratas-pide-inhabilitar-a-rocio-molina-y-presenta-pruebas-paz\/","title":{"rendered":"\u201cME INDIGN\u00d3 VERLA, COMO CANDIDATA\u201d: FUNDADOR DE DEM\u00d3CRATAS PIDE INHABILITAR A ROC\u00cdO MOLINA Y PRESENTA \u201cPRUEBAS\u201d PAZ"},"content":{"rendered":"\n<figure class=\"wp-block-image size-full\"><img data-recalc-dims=\"1\" loading=\"lazy\" decoding=\"async\" width=\"640\" height=\"361\" src=\"https:\/\/i0.wp.com\/innoticiasbo.com\/wp-content\/uploads\/2026\/03\/image-143.png?resize=640%2C361&#038;ssl=1\" alt=\"\" class=\"wp-image-9475\" srcset=\"https:\/\/i0.wp.com\/innoticiasbo.com\/wp-content\/uploads\/2026\/03\/image-143.png?w=958&amp;ssl=1 958w, https:\/\/i0.wp.com\/innoticiasbo.com\/wp-content\/uploads\/2026\/03\/image-143.png?resize=300%2C169&amp;ssl=1 300w, https:\/\/i0.wp.com\/innoticiasbo.com\/wp-content\/uploads\/2026\/03\/image-143.png?resize=768%2C433&amp;ssl=1 768w\" sizes=\"auto, (max-width: 640px) 100vw, 640px\" \/><\/figure>\n\n\n\n<p><strong>Cochabamba, 11 de marzo de 2026.-<\/strong> Diego Sandoval, quien se present\u00f3 como ciudadano y como fundador del Movimiento Social Dem\u00f3crata (DEM\u00d3CRATAS), afirm\u00f3 en El Avispero que fue la indignaci\u00f3n la que lo llev\u00f3 a presentar una segunda demanda de inhabilitaci\u00f3n contra la candidatura de Roc\u00edo Molina ante el Tribunal Electoral Departamental, documentos que \u2014seg\u00fan asegura\u2014 prueban que Molina trabaj\u00f3 en La Paz y que no cumple el requisito de residencia en Cochabamba.<\/p>\n\n\n\n<p>Sandoval asegur\u00f3 que su decisi\u00f3n surge de una indignaci\u00f3n pol\u00edtica y \u00e9tica.<\/p>\n\n\n\n<p>\u201cMe indign\u00f3 que presenten a Roc\u00edo Molina. Me indign\u00f3 que una masista sea candidata por Dem\u00f3cratas\u201d, afirm\u00f3. Seg\u00fan relat\u00f3, el d\u00eda de la presentaci\u00f3n de la candidatura convers\u00f3 con Eduardo Sarmiento, a quien identifica como quien administra las siglas del partido. \u201cLe dije: \u00bfc\u00f3mo pues, hermano, van a poner una masista ah\u00ed? y que la respuesta de Sarmiento habr\u00eda sido \u201cas\u00ed son las cosas en pol\u00edtica\u201d, relat\u00f3.<\/p>\n\n\n\n<p>El denunciante explic\u00f3 que el 3 de febrero present\u00f3 una primera demanda de inhabilitaci\u00f3n, basada en la presunta falta de residencia permanente en Cochabamba durante los \u00faltimos dos a\u00f1os. Sin embargo, indic\u00f3 que esa acci\u00f3n fue rechazada pese a que hab\u00eda solicitado al TED que requiera informaci\u00f3n institucional a ENDE sobre la situaci\u00f3n laboral de la candidata.<\/p>\n\n\n\n<p>\u201cPed\u00ed mediante memorial que el Tribunal Electoral solicite informes a instituciones como Ende, porque a un ciudadano de a pie no le entregan esos datos y esa informaci\u00f3n lleg\u00f3 despu\u00e9s, de forma extempor\u00e1nea\u201d, explic\u00f3.<\/p>\n\n\n\n<p>De acuerdo con Sandoval, el Tribunal realiz\u00f3 posteriormente esa solicitud atendiendo su memorial. Dijo que fue el jefe jur\u00eddico de Ende quien remiti\u00f3 documentaci\u00f3n laboral de Molina, aunque \u2014seg\u00fan afirm\u00f3\u2014 fuera de plazo. Con esos documentos, asegur\u00f3, decidi\u00f3 presentar una segunda denuncia de inhabilitaci\u00f3n del TED el 27 de febrero.<\/p>\n\n\n\n<p>Seg\u00fan la documentaci\u00f3n que dice haber adjuntado a su recurso, Roc\u00edo Molina habr\u00eda desempe\u00f1ado funciones como asesora comunicacional en instituciones vinculadas al sector el\u00e9ctrico en La Paz, en los siguientes periodos:<\/p>\n\n\n\n<p>\u2022 Del 12 de enero de 2023 al 11 de enero de 2024 en la Distribuidora de Electricidad La Paz S.A.<\/p>\n\n\n\n<p>\u2022 Del 24 de enero de 2024 al 23 de enero de 2025 nuevamente en la Distribuidora de Electricidad La Paz.<\/p>\n\n\n\n<p>\u2022 Del 12 de marzo de 2025 al 5 de septiembre de 2025 en Ende Servicios y Construcciones S.A.<\/p>\n\n\n\n<p>Sandoval sostiene que esos cargos implicaban jornadas laborales de lunes a viernes durante ocho horas diarias, con funciones de confianza que requer\u00edan presencia f\u00edsica habitual en oficinas de la ciudad de La Paz.<\/p>\n\n\n\n<p>Adem\u00e1s, se\u00f1al\u00f3 que Molina habr\u00eda presentado ante la Contralor\u00eda informes con boletas de control de asistencia de lunes a viernes, lo que \u2014seg\u00fan su interpretaci\u00f3n\u2014 reforzar\u00eda la tesis de que desarrollaba actividades laborales permanentes en esa ciudad.<\/p>\n\n\n\n<p>\u201cElla misma ha presentado sus informes a la Contralor\u00eda con boletas de tiqueo de lunes a viernes\u201d, sostuvo.<\/p>\n\n\n\n<p>Tambi\u00e9n afirm\u00f3 que en el carnet de identidad de la candidata figura como domicilio Meseta de Achumani, en la ciudad de La Paz.<\/p>\n\n\n\n<p>\u00bfTIENE RELACI\u00d3N CON MANFRED REYES VILLA?<\/p>\n\n\n\n<p>Sandoval neg\u00f3 tener motivaciones pol\u00edticas vinculadas con otras candidaturas. Consultado por El Avispero sobre un supuesto v\u00ednculo con el alcalde cochabambino Manfred Reyes Villa, respondi\u00f3: \u201cNo tengo ning\u00fan v\u00ednculo ni relaci\u00f3n con Manfred Reyes Villa. Lo hago por indignaci\u00f3n y por \u00e9tica con mis compa\u00f1eros fundadores de los Dem\u00f3cratas\u201d sostuvo.<\/p>\n\n\n\n<p>La denuncia presentada ante el Tribunal Electoral Departamental solicita la inhabilitaci\u00f3n de Roc\u00edo Molina por presunto incumplimiento del requisito de residencia permanente de al menos dos a\u00f1os, establecido en la Constituci\u00f3n Pol\u00edtica del Estado para candidaturas subnacionales.<\/p>\n\n\n\n<p>El recurso incluye contratos laborales, comunicaciones internas y notas institucionales emitidas por Ende con fecha 26 de febrero de este a\u00f1o, que \u2014seg\u00fan Sandoval\u2014 demostrar\u00edan que las funciones de la candidata se desarrollaban de forma regular en la ciudad de La Paz.<\/p>\n","protected":false},"excerpt":{"rendered":"<p>Cochabamba, 11 de marzo de 2026.- Diego Sandoval, quien se present\u00f3 como ciudadano y como fundador del Movimiento Social Dem\u00f3crata (DEM\u00d3CRATAS), afirm\u00f3 en El Avispero que fue la indignaci\u00f3n la que lo llev\u00f3 a presentar una segunda demanda de inhabilitaci\u00f3n contra la candidatura de Roc\u00edo Molina ante el Tribunal Electoral Departamental, documentos que \u2014seg\u00fan asegura\u2014&#8230;<\/p>\n","protected":false},"author":11,"featured_media":9475,"comment_status":"open","ping_status":"open","sticky":false,"template":"","format":"standard","meta":{"_jetpack_memberships_contains_paid_content":false,"footnotes":"","jetpack_publicize_message":"","jetpack_publicize_feature_enabled":true,"jetpack_social_post_already_shared":true,"jetpack_social_options":{"image_generator_settings":{"template":"highway","enabled":false},"version":2}},"categories":[2,3],"tags":[6,1432,1106,459,10,1431,1011,1256],"class_list":["post-9474","post","type-post","status-publish","format-standard","has-post-thumbnail","hentry","category-cochabamba","category-politica","tag-cochabamba","tag-diego-sandoval","tag-elecciones-subnacionales","tag-inhabilitacion","tag-politica","tag-rocio-molina","tag-subnacionales","tag-subnacionales-2026"],"jetpack_publicize_connections":[],"yoast_head":"<!-- This site is optimized with the Yoast SEO plugin v23.4 - https:\/\/yoast.com\/wordpress\/plugins\/seo\/ -->\n<title>\u201cME INDIGN\u00d3 VERLA, COMO CANDIDATA\u201d: FUNDADOR DE DEM\u00d3CRATAS PIDE INHABILITAR A ROC\u00cdO MOLINA Y PRESENTA \u201cPRUEBAS\u201d PAZ - innoticiasbo.com<\/title>\n<meta name=\"robots\" content=\"index, follow, max-snippet:-1, max-image-preview:large, max-video-preview:-1\" \/>\n<link rel=\"canonical\" href=\"https:\/\/innoticiasbo.com\/index.php\/2026\/03\/11\/me-indigno-verla-como-candidata-fundador-de-democratas-pide-inhabilitar-a-rocio-molina-y-presenta-pruebas-paz\/\" \/>\n<meta property=\"og:locale\" content=\"es_ES\" \/>\n<meta property=\"og:type\" content=\"article\" \/>\n<meta property=\"og:title\" content=\"\u201cME INDIGN\u00d3 VERLA, COMO CANDIDATA\u201d: FUNDADOR DE DEM\u00d3CRATAS PIDE INHABILITAR A ROC\u00cdO MOLINA Y PRESENTA \u201cPRUEBAS\u201d PAZ - innoticiasbo.com\" \/>\n<meta property=\"og:description\" content=\"Cochabamba, 11 de marzo de 2026.- Diego Sandoval, quien se present\u00f3 como ciudadano y como fundador del Movimiento Social Dem\u00f3crata (DEM\u00d3CRATAS), afirm\u00f3 en El Avispero que fue la indignaci\u00f3n la que lo llev\u00f3 a presentar una segunda demanda de inhabilitaci\u00f3n contra la candidatura de Roc\u00edo Molina ante el Tribunal Electoral Departamental, documentos que \u2014seg\u00fan asegura\u2014...\" \/>\n<meta property=\"og:url\" content=\"https:\/\/innoticiasbo.com\/index.php\/2026\/03\/11\/me-indigno-verla-como-candidata-fundador-de-democratas-pide-inhabilitar-a-rocio-molina-y-presenta-pruebas-paz\/\" \/>\n<meta property=\"og:site_name\" content=\"innoticiasbo.com\" \/>\n<meta property=\"article:publisher\" content=\"https:\/\/www.facebook.com\/innoticiasbolivia\" \/>\n<meta property=\"article:published_time\" content=\"2026-03-12T00:30:57+00:00\" \/>\n<meta property=\"article:modified_time\" content=\"2026-03-12T00:30:58+00:00\" \/>\n<meta property=\"og:image\" content=\"https:\/\/innoticiasbo.com\/wp-content\/uploads\/2026\/03\/image-143.png\" \/>\n\t<meta property=\"og:image:width\" content=\"958\" \/>\n\t<meta property=\"og:image:height\" content=\"540\" \/>\n\t<meta property=\"og:image:type\" content=\"image\/png\" \/>\n<meta name=\"author\" content=\"Prensa 11\" \/>\n<meta name=\"twitter:card\" content=\"summary_large_image\" \/>\n<meta name=\"twitter:creator\" content=\"@innoticiasbo\" \/>\n<meta name=\"twitter:site\" content=\"@innoticiasbo\" \/>\n<meta name=\"twitter:label1\" content=\"Escrito por\" \/>\n\t<meta name=\"twitter:data1\" content=\"Prensa 11\" \/>\n\t<meta name=\"twitter:label2\" content=\"Tiempo de lectura\" \/>\n\t<meta name=\"twitter:data2\" content=\"4 minutos\" \/>\n<script type=\"application\/ld+json\" class=\"yoast-schema-graph\">{\"@context\":\"https:\/\/schema.org\",\"@graph\":[{\"@type\":\"Article\",\"@id\":\"https:\/\/innoticiasbo.com\/index.php\/2026\/03\/11\/me-indigno-verla-como-candidata-fundador-de-democratas-pide-inhabilitar-a-rocio-molina-y-presenta-pruebas-paz\/#article\",\"isPartOf\":{\"@id\":\"https:\/\/innoticiasbo.com\/index.php\/2026\/03\/11\/me-indigno-verla-como-candidata-fundador-de-democratas-pide-inhabilitar-a-rocio-molina-y-presenta-pruebas-paz\/\"},\"author\":{\"name\":\"Prensa 11\",\"@id\":\"https:\/\/innoticiasbo.com\/#\/schema\/person\/0b28481e8d0316f83a13bc702311def5\"},\"headline\":\"\u201cME INDIGN\u00d3 VERLA, COMO CANDIDATA\u201d: FUNDADOR DE DEM\u00d3CRATAS PIDE INHABILITAR A ROC\u00cdO MOLINA Y PRESENTA \u201cPRUEBAS\u201d PAZ\",\"datePublished\":\"2026-03-12T00:30:57+00:00\",\"dateModified\":\"2026-03-12T00:30:58+00:00\",\"mainEntityOfPage\":{\"@id\":\"https:\/\/innoticiasbo.com\/index.php\/2026\/03\/11\/me-indigno-verla-como-candidata-fundador-de-democratas-pide-inhabilitar-a-rocio-molina-y-presenta-pruebas-paz\/\"},\"wordCount\":696,\"commentCount\":0,\"publisher\":{\"@id\":\"https:\/\/innoticiasbo.com\/#organization\"},\"image\":{\"@id\":\"https:\/\/innoticiasbo.com\/index.php\/2026\/03\/11\/me-indigno-verla-como-candidata-fundador-de-democratas-pide-inhabilitar-a-rocio-molina-y-presenta-pruebas-paz\/#primaryimage\"},\"thumbnailUrl\":\"https:\/\/i0.wp.com\/innoticiasbo.com\/wp-content\/uploads\/2026\/03\/image-143.png?fit=958%2C540&ssl=1\",\"keywords\":[\"Cochabamba\",\"Diego Sand\u00f3val\",\"elecciones subnacionales\",\"inhabilitaci\u00f3n\",\"Pol\u00edtica\",\"Roc\u00edo Molina\",\"subnacionales\",\"Subnacionales 2026\"],\"articleSection\":[\"Cochabamba\",\"Pol\u00edtica\"],\"inLanguage\":\"es\",\"potentialAction\":[{\"@type\":\"CommentAction\",\"name\":\"Comment\",\"target\":[\"https:\/\/innoticiasbo.com\/index.php\/2026\/03\/11\/me-indigno-verla-como-candidata-fundador-de-democratas-pide-inhabilitar-a-rocio-molina-y-presenta-pruebas-paz\/#respond\"]}]},{\"@type\":\"WebPage\",\"@id\":\"https:\/\/innoticiasbo.com\/index.php\/2026\/03\/11\/me-indigno-verla-como-candidata-fundador-de-democratas-pide-inhabilitar-a-rocio-molina-y-presenta-pruebas-paz\/\",\"url\":\"https:\/\/innoticiasbo.com\/index.php\/2026\/03\/11\/me-indigno-verla-como-candidata-fundador-de-democratas-pide-inhabilitar-a-rocio-molina-y-presenta-pruebas-paz\/\",\"name\":\"\u201cME INDIGN\u00d3 VERLA, COMO CANDIDATA\u201d: FUNDADOR DE DEM\u00d3CRATAS PIDE INHABILITAR A ROC\u00cdO MOLINA Y PRESENTA \u201cPRUEBAS\u201d PAZ - innoticiasbo.com\",\"isPartOf\":{\"@id\":\"https:\/\/innoticiasbo.com\/#website\"},\"primaryImageOfPage\":{\"@id\":\"https:\/\/innoticiasbo.com\/index.php\/2026\/03\/11\/me-indigno-verla-como-candidata-fundador-de-democratas-pide-inhabilitar-a-rocio-molina-y-presenta-pruebas-paz\/#primaryimage\"},\"image\":{\"@id\":\"https:\/\/innoticiasbo.com\/index.php\/2026\/03\/11\/me-indigno-verla-como-candidata-fundador-de-democratas-pide-inhabilitar-a-rocio-molina-y-presenta-pruebas-paz\/#primaryimage\"},\"thumbnailUrl\":\"https:\/\/i0.wp.com\/innoticiasbo.com\/wp-content\/uploads\/2026\/03\/image-143.png?fit=958%2C540&ssl=1\",\"datePublished\":\"2026-03-12T00:30:57+00:00\",\"dateModified\":\"2026-03-12T00:30:58+00:00\",\"breadcrumb\":{\"@id\":\"https:\/\/innoticiasbo.com\/index.php\/2026\/03\/11\/me-indigno-verla-como-candidata-fundador-de-democratas-pide-inhabilitar-a-rocio-molina-y-presenta-pruebas-paz\/#breadcrumb\"},\"inLanguage\":\"es\",\"potentialAction\":[{\"@type\":\"ReadAction\",\"target\":[\"https:\/\/innoticiasbo.com\/index.php\/2026\/03\/11\/me-indigno-verla-como-candidata-fundador-de-democratas-pide-inhabilitar-a-rocio-molina-y-presenta-pruebas-paz\/\"]}]},{\"@type\":\"ImageObject\",\"inLanguage\":\"es\",\"@id\":\"https:\/\/innoticiasbo.com\/index.php\/2026\/03\/11\/me-indigno-verla-como-candidata-fundador-de-democratas-pide-inhabilitar-a-rocio-molina-y-presenta-pruebas-paz\/#primaryimage\",\"url\":\"https:\/\/i0.wp.com\/innoticiasbo.com\/wp-content\/uploads\/2026\/03\/image-143.png?fit=958%2C540&ssl=1\",\"contentUrl\":\"https:\/\/i0.wp.com\/innoticiasbo.com\/wp-content\/uploads\/2026\/03\/image-143.png?fit=958%2C540&ssl=1\",\"width\":958,\"height\":540},{\"@type\":\"BreadcrumbList\",\"@id\":\"https:\/\/innoticiasbo.com\/index.php\/2026\/03\/11\/me-indigno-verla-como-candidata-fundador-de-democratas-pide-inhabilitar-a-rocio-molina-y-presenta-pruebas-paz\/#breadcrumb\",\"itemListElement\":[{\"@type\":\"ListItem\",\"position\":1,\"name\":\"Portada\",\"item\":\"https:\/\/innoticiasbo.com\/\"},{\"@type\":\"ListItem\",\"position\":2,\"name\":\"\u201cME INDIGN\u00d3 VERLA, COMO CANDIDATA\u201d: FUNDADOR DE DEM\u00d3CRATAS PIDE INHABILITAR A ROC\u00cdO MOLINA Y PRESENTA \u201cPRUEBAS\u201d PAZ\"}]},{\"@type\":\"WebSite\",\"@id\":\"https:\/\/innoticiasbo.com\/#website\",\"url\":\"https:\/\/innoticiasbo.com\/\",\"name\":\"innoticiasbo.com\",\"description\":\"\",\"publisher\":{\"@id\":\"https:\/\/innoticiasbo.com\/#organization\"},\"potentialAction\":[{\"@type\":\"SearchAction\",\"target\":{\"@type\":\"EntryPoint\",\"urlTemplate\":\"https:\/\/innoticiasbo.com\/?s={search_term_string}\"},\"query-input\":{\"@type\":\"PropertyValueSpecification\",\"valueRequired\":true,\"valueName\":\"search_term_string\"}}],\"inLanguage\":\"es\"},{\"@type\":\"Organization\",\"@id\":\"https:\/\/innoticiasbo.com\/#organization\",\"name\":\"innoticiasbo.com\",\"url\":\"https:\/\/innoticiasbo.com\/\",\"logo\":{\"@type\":\"ImageObject\",\"inLanguage\":\"es\",\"@id\":\"https:\/\/innoticiasbo.com\/#\/schema\/logo\/image\/\",\"url\":\"https:\/\/i0.wp.com\/innoticiasbo.com\/wp-content\/uploads\/2026\/04\/cropped-IN-LOGO.png?fit=1476%2C1476&ssl=1\",\"contentUrl\":\"https:\/\/i0.wp.com\/innoticiasbo.com\/wp-content\/uploads\/2026\/04\/cropped-IN-LOGO.png?fit=1476%2C1476&ssl=1\",\"width\":1476,\"height\":1476,\"caption\":\"innoticiasbo.com\"},\"image\":{\"@id\":\"https:\/\/innoticiasbo.com\/#\/schema\/logo\/image\/\"},\"sameAs\":[\"https:\/\/www.facebook.com\/innoticiasbolivia\",\"https:\/\/x.com\/innoticiasbo\",\"https:\/\/www.instagram.com\/innoticiasbo\",\"https:\/\/www.youtube.com\/innoticiasbo\"]},{\"@type\":\"Person\",\"@id\":\"https:\/\/innoticiasbo.com\/#\/schema\/person\/0b28481e8d0316f83a13bc702311def5\",\"name\":\"Prensa 11\",\"image\":{\"@type\":\"ImageObject\",\"inLanguage\":\"es\",\"@id\":\"https:\/\/innoticiasbo.com\/#\/schema\/person\/image\/\",\"url\":\"https:\/\/secure.gravatar.com\/avatar\/696560c17349f1807a610bf83832bad0?s=96&d=mm&r=g\",\"contentUrl\":\"https:\/\/secure.gravatar.com\/avatar\/696560c17349f1807a610bf83832bad0?s=96&d=mm&r=g\",\"caption\":\"Prensa 11\"},\"sameAs\":[\"http:\/\/www.innoticiasbo.com\"],\"url\":\"https:\/\/innoticiasbo.com\/index.php\/author\/prensa-11\/\"}]}<\/script>\n<!-- \/ Yoast SEO plugin. -->","yoast_head_json":{"title":"\u201cME INDIGN\u00d3 VERLA, COMO CANDIDATA\u201d: FUNDADOR DE DEM\u00d3CRATAS PIDE INHABILITAR A ROC\u00cdO MOLINA Y PRESENTA \u201cPRUEBAS\u201d PAZ - innoticiasbo.com","robots":{"index":"index","follow":"follow","max-snippet":"max-snippet:-1","max-image-preview":"max-image-preview:large","max-video-preview":"max-video-preview:-1"},"canonical":"https:\/\/innoticiasbo.com\/index.php\/2026\/03\/11\/me-indigno-verla-como-candidata-fundador-de-democratas-pide-inhabilitar-a-rocio-molina-y-presenta-pruebas-paz\/","og_locale":"es_ES","og_type":"article","og_title":"\u201cME INDIGN\u00d3 VERLA, COMO CANDIDATA\u201d: FUNDADOR DE DEM\u00d3CRATAS PIDE INHABILITAR A ROC\u00cdO MOLINA Y PRESENTA \u201cPRUEBAS\u201d PAZ - innoticiasbo.com","og_description":"Cochabamba, 11 de marzo de 2026.- Diego Sandoval, quien se present\u00f3 como ciudadano y como fundador del Movimiento Social Dem\u00f3crata (DEM\u00d3CRATAS), afirm\u00f3 en El Avispero que fue la indignaci\u00f3n la que lo llev\u00f3 a presentar una segunda demanda de inhabilitaci\u00f3n contra la candidatura de Roc\u00edo Molina ante el Tribunal Electoral Departamental, documentos que \u2014seg\u00fan asegura\u2014...","og_url":"https:\/\/innoticiasbo.com\/index.php\/2026\/03\/11\/me-indigno-verla-como-candidata-fundador-de-democratas-pide-inhabilitar-a-rocio-molina-y-presenta-pruebas-paz\/","og_site_name":"innoticiasbo.com","article_publisher":"https:\/\/www.facebook.com\/innoticiasbolivia","article_published_time":"2026-03-12T00:30:57+00:00","article_modified_time":"2026-03-12T00:30:58+00:00","og_image":[{"width":958,"height":540,"url":"https:\/\/innoticiasbo.com\/wp-content\/uploads\/2026\/03\/image-143.png","type":"image\/png"}],"author":"Prensa 11","twitter_card":"summary_large_image","twitter_creator":"@innoticiasbo","twitter_site":"@innoticiasbo","twitter_misc":{"Escrito por":"Prensa 11","Tiempo de lectura":"4 minutos"},"schema":{"@context":"https:\/\/schema.org","@graph":[{"@type":"Article","@id":"https:\/\/innoticiasbo.com\/index.php\/2026\/03\/11\/me-indigno-verla-como-candidata-fundador-de-democratas-pide-inhabilitar-a-rocio-molina-y-presenta-pruebas-paz\/#article","isPartOf":{"@id":"https:\/\/innoticiasbo.com\/index.php\/2026\/03\/11\/me-indigno-verla-como-candidata-fundador-de-democratas-pide-inhabilitar-a-rocio-molina-y-presenta-pruebas-paz\/"},"author":{"name":"Prensa 11","@id":"https:\/\/innoticiasbo.com\/#\/schema\/person\/0b28481e8d0316f83a13bc702311def5"},"headline":"\u201cME INDIGN\u00d3 VERLA, COMO CANDIDATA\u201d: FUNDADOR DE DEM\u00d3CRATAS PIDE INHABILITAR A ROC\u00cdO MOLINA Y PRESENTA \u201cPRUEBAS\u201d PAZ","datePublished":"2026-03-12T00:30:57+00:00","dateModified":"2026-03-12T00:30:58+00:00","mainEntityOfPage":{"@id":"https:\/\/innoticiasbo.com\/index.php\/2026\/03\/11\/me-indigno-verla-como-candidata-fundador-de-democratas-pide-inhabilitar-a-rocio-molina-y-presenta-pruebas-paz\/"},"wordCount":696,"commentCount":0,"publisher":{"@id":"https:\/\/innoticiasbo.com\/#organization"},"image":{"@id":"https:\/\/innoticiasbo.com\/index.php\/2026\/03\/11\/me-indigno-verla-como-candidata-fundador-de-democratas-pide-inhabilitar-a-rocio-molina-y-presenta-pruebas-paz\/#primaryimage"},"thumbnailUrl":"https:\/\/i0.wp.com\/innoticiasbo.com\/wp-content\/uploads\/2026\/03\/image-143.png?fit=958%2C540&ssl=1","keywords":["Cochabamba","Diego Sand\u00f3val","elecciones subnacionales","inhabilitaci\u00f3n","Pol\u00edtica","Roc\u00edo Molina","subnacionales","Subnacionales 2026"],"articleSection":["Cochabamba","Pol\u00edtica"],"inLanguage":"es","potentialAction":[{"@type":"CommentAction","name":"Comment","target":["https:\/\/innoticiasbo.com\/index.php\/2026\/03\/11\/me-indigno-verla-como-candidata-fundador-de-democratas-pide-inhabilitar-a-rocio-molina-y-presenta-pruebas-paz\/#respond"]}]},{"@type":"WebPage","@id":"https:\/\/innoticiasbo.com\/index.php\/2026\/03\/11\/me-indigno-verla-como-candidata-fundador-de-democratas-pide-inhabilitar-a-rocio-molina-y-presenta-pruebas-paz\/","url":"https:\/\/innoticiasbo.com\/index.php\/2026\/03\/11\/me-indigno-verla-como-candidata-fundador-de-democratas-pide-inhabilitar-a-rocio-molina-y-presenta-pruebas-paz\/","name":"\u201cME INDIGN\u00d3 VERLA, COMO CANDIDATA\u201d: FUNDADOR DE DEM\u00d3CRATAS PIDE INHABILITAR A ROC\u00cdO MOLINA Y PRESENTA \u201cPRUEBAS\u201d PAZ - innoticiasbo.com","isPartOf":{"@id":"https:\/\/innoticiasbo.com\/#website"},"primaryImageOfPage":{"@id":"https:\/\/innoticiasbo.com\/index.php\/2026\/03\/11\/me-indigno-verla-como-candidata-fundador-de-democratas-pide-inhabilitar-a-rocio-molina-y-presenta-pruebas-paz\/#primaryimage"},"image":{"@id":"https:\/\/innoticiasbo.com\/index.php\/2026\/03\/11\/me-indigno-verla-como-candidata-fundador-de-democratas-pide-inhabilitar-a-rocio-molina-y-presenta-pruebas-paz\/#primaryimage"},"thumbnailUrl":"https:\/\/i0.wp.com\/innoticiasbo.com\/wp-content\/uploads\/2026\/03\/image-143.png?fit=958%2C540&ssl=1","datePublished":"2026-03-12T00:30:57+00:00","dateModified":"2026-03-12T00:30:58+00:00","breadcrumb":{"@id":"https:\/\/innoticiasbo.com\/index.php\/2026\/03\/11\/me-indigno-verla-como-candidata-fundador-de-democratas-pide-inhabilitar-a-rocio-molina-y-presenta-pruebas-paz\/#breadcrumb"},"inLanguage":"es","potentialAction":[{"@type":"ReadAction","target":["https:\/\/innoticiasbo.com\/index.php\/2026\/03\/11\/me-indigno-verla-como-candidata-fundador-de-democratas-pide-inhabilitar-a-rocio-molina-y-presenta-pruebas-paz\/"]}]},{"@type":"ImageObject","inLanguage":"es","@id":"https:\/\/innoticiasbo.com\/index.php\/2026\/03\/11\/me-indigno-verla-como-candidata-fundador-de-democratas-pide-inhabilitar-a-rocio-molina-y-presenta-pruebas-paz\/#primaryimage","url":"https:\/\/i0.wp.com\/innoticiasbo.com\/wp-content\/uploads\/2026\/03\/image-143.png?fit=958%2C540&ssl=1","contentUrl":"https:\/\/i0.wp.com\/innoticiasbo.com\/wp-content\/uploads\/2026\/03\/image-143.png?fit=958%2C540&ssl=1","width":958,"height":540},{"@type":"BreadcrumbList","@id":"https:\/\/innoticiasbo.com\/index.php\/2026\/03\/11\/me-indigno-verla-como-candidata-fundador-de-democratas-pide-inhabilitar-a-rocio-molina-y-presenta-pruebas-paz\/#breadcrumb","itemListElement":[{"@type":"ListItem","position":1,"name":"Portada","item":"https:\/\/innoticiasbo.com\/"},{"@type":"ListItem","position":2,"name":"\u201cME INDIGN\u00d3 VERLA, COMO CANDIDATA\u201d: FUNDADOR DE DEM\u00d3CRATAS PIDE INHABILITAR A ROC\u00cdO MOLINA Y PRESENTA \u201cPRUEBAS\u201d PAZ"}]},{"@type":"WebSite","@id":"https:\/\/innoticiasbo.com\/#website","url":"https:\/\/innoticiasbo.com\/","name":"innoticiasbo.com","description":"","publisher":{"@id":"https:\/\/innoticiasbo.com\/#organization"},"potentialAction":[{"@type":"SearchAction","target":{"@type":"EntryPoint","urlTemplate":"https:\/\/innoticiasbo.com\/?s={search_term_string}"},"query-input":{"@type":"PropertyValueSpecification","valueRequired":true,"valueName":"search_term_string"}}],"inLanguage":"es"},{"@type":"Organization","@id":"https:\/\/innoticiasbo.com\/#organization","name":"innoticiasbo.com","url":"https:\/\/innoticiasbo.com\/","logo":{"@type":"ImageObject","inLanguage":"es","@id":"https:\/\/innoticiasbo.com\/#\/schema\/logo\/image\/","url":"https:\/\/i0.wp.com\/innoticiasbo.com\/wp-content\/uploads\/2026\/04\/cropped-IN-LOGO.png?fit=1476%2C1476&ssl=1","contentUrl":"https:\/\/i0.wp.com\/innoticiasbo.com\/wp-content\/uploads\/2026\/04\/cropped-IN-LOGO.png?fit=1476%2C1476&ssl=1","width":1476,"height":1476,"caption":"innoticiasbo.com"},"image":{"@id":"https:\/\/innoticiasbo.com\/#\/schema\/logo\/image\/"},"sameAs":["https:\/\/www.facebook.com\/innoticiasbolivia","https:\/\/x.com\/innoticiasbo","https:\/\/www.instagram.com\/innoticiasbo","https:\/\/www.youtube.com\/innoticiasbo"]},{"@type":"Person","@id":"https:\/\/innoticiasbo.com\/#\/schema\/person\/0b28481e8d0316f83a13bc702311def5","name":"Prensa 11","image":{"@type":"ImageObject","inLanguage":"es","@id":"https:\/\/innoticiasbo.com\/#\/schema\/person\/image\/","url":"https:\/\/secure.gravatar.com\/avatar\/696560c17349f1807a610bf83832bad0?s=96&d=mm&r=g","contentUrl":"https:\/\/secure.gravatar.com\/avatar\/696560c17349f1807a610bf83832bad0?s=96&d=mm&r=g","caption":"Prensa 11"},"sameAs":["http:\/\/www.innoticiasbo.com"],"url":"https:\/\/innoticiasbo.com\/index.php\/author\/prensa-11\/"}]}},"jetpack_featured_media_url":"https:\/\/i0.wp.com\/innoticiasbo.com\/wp-content\/uploads\/2026\/03\/image-143.png?fit=958%2C540&ssl=1","jetpack_likes_enabled":true,"jetpack_sharing_enabled":true,"jetpack_shortlink":"https:\/\/wp.me\/pg298x-2sO","_links":{"self":[{"href":"https:\/\/innoticiasbo.com\/index.php\/wp-json\/wp\/v2\/posts\/9474","targetHints":{"allow":["GET"]}}],"collection":[{"href":"https:\/\/innoticiasbo.com\/index.php\/wp-json\/wp\/v2\/posts"}],"about":[{"href":"https:\/\/innoticiasbo.com\/index.php\/wp-json\/wp\/v2\/types\/post"}],"author":[{"embeddable":true,"href":"https:\/\/innoticiasbo.com\/index.php\/wp-json\/wp\/v2\/users\/11"}],"replies":[{"embeddable":true,"href":"https:\/\/innoticiasbo.com\/index.php\/wp-json\/wp\/v2\/comments?post=9474"}],"version-history":[{"count":1,"href":"https:\/\/innoticiasbo.com\/index.php\/wp-json\/wp\/v2\/posts\/9474\/revisions"}],"predecessor-version":[{"id":9476,"href":"https:\/\/innoticiasbo.com\/index.php\/wp-json\/wp\/v2\/posts\/9474\/revisions\/9476"}],"wp:featuredmedia":[{"embeddable":true,"href":"https:\/\/innoticiasbo.com\/index.php\/wp-json\/wp\/v2\/media\/9475"}],"wp:attachment":[{"href":"https:\/\/innoticiasbo.com\/index.php\/wp-json\/wp\/v2\/media?parent=9474"}],"wp:term":[{"taxonomy":"category","embeddable":true,"href":"https:\/\/innoticiasbo.com\/index.php\/wp-json\/wp\/v2\/categories?post=9474"},{"taxonomy":"post_tag","embeddable":true,"href":"https:\/\/innoticiasbo.com\/index.php\/wp-json\/wp\/v2\/tags?post=9474"}],"curies":[{"name":"wp","href":"https:\/\/api.w.org\/{rel}","templated":true}]}}