{"id":9471,"date":"2026-03-11T20:21:40","date_gmt":"2026-03-12T00:21:40","guid":{"rendered":"https:\/\/innoticiasbo.com\/?p=9471"},"modified":"2026-03-11T20:21:41","modified_gmt":"2026-03-12T00:21:41","slug":"murillo-responde-al-presidente-del-tsj-y-reitera-que-es-victima-de-persecucion-politica","status":"publish","type":"post","link":"https:\/\/innoticiasbo.com\/index.php\/2026\/03\/11\/murillo-responde-al-presidente-del-tsj-y-reitera-que-es-victima-de-persecucion-politica\/","title":{"rendered":"MURILLO RESPONDE AL PRESIDENTE DEL TSJ Y REITERA QUE ES V\u00cdCTIMA DE PERSECUCI\u00d3N POL\u00cdTICA"},"content":{"rendered":"\n<figure class=\"wp-block-image size-full\"><img data-recalc-dims=\"1\" loading=\"lazy\" decoding=\"async\" width=\"640\" height=\"360\" src=\"https:\/\/i0.wp.com\/innoticiasbo.com\/wp-content\/uploads\/2026\/03\/image-142.png?resize=640%2C360&#038;ssl=1\" alt=\"\" class=\"wp-image-9472\" srcset=\"https:\/\/i0.wp.com\/innoticiasbo.com\/wp-content\/uploads\/2026\/03\/image-142.png?w=992&amp;ssl=1 992w, https:\/\/i0.wp.com\/innoticiasbo.com\/wp-content\/uploads\/2026\/03\/image-142.png?resize=300%2C169&amp;ssl=1 300w, https:\/\/i0.wp.com\/innoticiasbo.com\/wp-content\/uploads\/2026\/03\/image-142.png?resize=768%2C432&amp;ssl=1 768w\" sizes=\"auto, (max-width: 640px) 100vw, 640px\" \/><\/figure>\n\n\n\n<p><strong>Pa\u00eds, 11 de Marzo de 2026.-<\/strong> El exministro de Gobierno, detenido preventivamente desde hace seis meses, responde p\u00fablicamente a las declaraciones del presidente del TSJ. Pide una auditor\u00eda jur\u00eddica a sus causas.<\/p>\n\n\n\n<p>El exministro de Gobierno Arturo Murillo envi\u00f3 este mi\u00e9rcoles una carta p\u00fablica al presidente del Tribunal Supremo de Justicia (TSJ), R\u00f3mer Saucedo G\u00f3mez, en la que cuestiona la situaci\u00f3n de los procesos judiciales en su contra, denuncia retardaci\u00f3n de justicia, persecuci\u00f3n pol\u00edtica\u00a0y solicita una revisi\u00f3n de sus causas por supuestas irregularidades en el tr\u00e1mite de sus casos.<\/p>\n\n\n\n<p>En la misiva, Murillo responde a las declaraciones de la m\u00e1xima autoridad de esa alta corte de Justicia y solicita la revisi\u00f3n de los procesos que enfrenta; en ese sentido, detalla cuatro procesos judiciales que enfrenta, sostiene que fueron tramitados en rebeld\u00eda y asegura que su detenci\u00f3n preventiva se est\u00e1 convirtiendo en una \u2018pena anticipada\u2019.<\/p>\n\n\n\n<p>El documento fue presentado este mi\u00e9rcoles en una conferencia de prensa convocada por su defensa en la ciudad de La Paz. Durante el acto, el abogado defensor del exministro realiz\u00f3 la lectura p\u00fablica de la carta en la que la exautoridad cuestiona la afirmaci\u00f3n de Saucedo respecto a que no existir\u00eda retardaci\u00f3n de justicia en sus procesos.<\/p>\n\n\n\n<p>Asimismo, sostiene que actualmente lleva seis meses en detenci\u00f3n preventiva y asegura que durante ese tiempo se suspendieron m\u00e1s de 25 audiencias en uno de los procesos, mientras que en los otros tres, seg\u00fan afirma, no se realiz\u00f3 ning\u00fan actuado judicial durante medio a\u00f1o. El exministro se\u00f1ala adem\u00e1s que varios de los procesos se tramitaron en rebeld\u00eda, pese a que, seg\u00fan indica, era de conocimiento p\u00fablico que se encontraba fuera del pa\u00eds y que no pod\u00eda ejercer su defensa.<\/p>\n\n\n\n<p>En la carta tambi\u00e9n rechaza la versi\u00f3n de que hubiera escapado de la justicia boliviana. Sostiene que cuando sali\u00f3 del pa\u00eds no ten\u00eda ninguna sentencia ejecutoriada ni condena firme, ni tampoco medidas que le impidieran abandonar Bolivia.&nbsp;Argumenta que su salida se produjo en un contexto de \u2018violencia pol\u00edtica\u2019, recordando que su propiedad en Villa Tunari, en el Chapare, departamento de Cochabamba, fue incendiada y que su familia tuvo que esconderse durante nueve d\u00edas en la selva para evitar ser asesinada.<\/p>\n\n\n\n<p>El pol\u00edtico afirma que posteriormente decidi\u00f3 retornar voluntariamente a Bolivia, convencido de que el pa\u00eds ingresaba a una nueva etapa pol\u00edtica y con la expectativa de que el sistema judicial pudiera iniciar un proceso de transformaci\u00f3n institucional.<\/p>\n\n\n\n<p>En su carta, el exministro tambi\u00e9n menciona diversos casos que, a su juicio, reflejan el uso pol\u00edtico de la justicia en Bolivia, cita procesos como el denominado \u2018caso Terrorismo\u2019, la situaci\u00f3n del exdirector de Entel Eduardo Aramayo, del exfuncionario Antonio Parada, as\u00ed como los procesos contra la expresidenta Jeanine A\u00f1ez, el exc\u00edvico potosino Marco Antonio Pumari y el gobernador de Santa Cruz Luis Fernando Camacho.<\/p>\n\n\n\n<p>Murillo se\u00f1ala que estos antecedentes reflejan la persistencia de un sistema judicial que durante a\u00f1os fue manipulado pol\u00edticamente. En consecuencia, en la parte central del documento, el exministro detalla los cuatro procesos judiciales por los cuales actualmente se encuentra detenido.<\/p>\n\n\n\n<p>El primero corresponde al caso UIF, iniciado a partir de una denuncia presentada por el exdirector de esa entidad, Ramiro Rivas Montealegre, quien lo acusa de haber solicitado su destituci\u00f3n. Seg\u00fan sostiene, este proceso se arrastra desde 2020 y ha registrado m\u00faltiples suspensiones de audiencia.<\/p>\n\n\n\n<p>El segundo proceso es el denominado caso Gases Ecuador, en el que se investig\u00f3 la provisi\u00f3n de agentes qu\u00edmicos durante la crisis pol\u00edtica de 2019. Asevera que se trat\u00f3 de un pr\u00e9stamo entre gobiernos destinado a evitar una escalada de violencia y afirma que su participaci\u00f3n se limit\u00f3 a recibir el material como ministro de Gobierno. No obstante, indica que en esta causa se dict\u00f3 una sentencia en su contra en rebeld\u00eda.<\/p>\n\n\n\n<p>El tercer proceso corresponde al caso Catering, relacionado con la adjudicaci\u00f3n del servicio de alimentaci\u00f3n para soldados que participaban en tareas de erradicaci\u00f3n de cultivos de coca. Seg\u00fan el exministro, ese procedimiento administrativo depend\u00eda del Viceministerio de Defensa Social y de la Unidad Ejecutora de Lucha Integral Contra el Narcotr\u00e1fico (UELICN), por lo que sostiene que \u00e9l no particip\u00f3 en la licitaci\u00f3n ni tuvo conocimiento de la adjudicaci\u00f3n.<\/p>\n\n\n\n<p>El cuarto proceso es el denominado caso Gases Brasil, sobre el cual Murillo se\u00f1ala que en el futuro dar\u00e1 explicaciones detalladas sobre presuntas irregularidades, presiones y extorsiones que, afirma, habr\u00edan ocurrido durante la investigaci\u00f3n. En este punto tambi\u00e9n recuerda que fue condenado en Estados Unidos a 70 meses de prisi\u00f3n en un proceso relacionado con la compra de gases lacrim\u00f3genos y argumenta que, por ese motivo, corresponde aplicar el principio jur\u00eddico internacional \u2018Non Bis In \u00cddem\u2019, que proh\u00edbe que una persona sea juzgada dos veces por el mismo hecho.<\/p>\n\n\n\n<p>Finalmente, solicita al presidente del Tribunal Supremo de Justicia que, en su calidad de m\u00e1xima autoridad del \u00d3rgano Judicial, disponga la solicitud de informes a los tribunales que conocen sus procesos y ordene una auditor\u00eda jur\u00eddica que permita verificar si se est\u00e1 respetando el debido proceso, la legalidad de las actuaciones judiciales y el derecho a una justicia sin dilaciones indebidas.<\/p>\n\n\n\n<p>El exministro reitera que una revisi\u00f3n independiente de su caso no solo permitir\u00eda esclarecer su situaci\u00f3n jur\u00eddica, sino tambi\u00e9n contribuir a recuperar la credibilidad del sistema judicial boliviano. \u201cCuando la justicia pierde credibilidad, pierde el pa\u00eds entero; pero cuando la justicia se atreve a revisarse a s\u00ed misma, comienza realmente la reconstrucci\u00f3n del Estado de derecho\u201d, se\u00f1ala en la parte final de la carta.<\/p>\n\n\n\n<p>Fuente: Eju.tv<\/p>\n","protected":false},"excerpt":{"rendered":"<p>Pa\u00eds, 11 de Marzo de 2026.- El exministro de Gobierno, detenido preventivamente desde hace seis meses, responde p\u00fablicamente a las declaraciones del presidente del TSJ. Pide una auditor\u00eda jur\u00eddica a sus causas. El exministro de Gobierno Arturo Murillo envi\u00f3 este mi\u00e9rcoles una carta p\u00fablica al presidente del Tribunal Supremo de Justicia (TSJ), R\u00f3mer Saucedo G\u00f3mez,&#8230;<\/p>\n","protected":false},"author":11,"featured_media":9472,"comment_status":"open","ping_status":"open","sticky":false,"template":"","format":"standard","meta":{"_jetpack_memberships_contains_paid_content":false,"footnotes":"","jetpack_publicize_message":"","jetpack_publicize_feature_enabled":true,"jetpack_social_post_already_shared":true,"jetpack_social_options":{"image_generator_settings":{"template":"highway","enabled":false},"version":2}},"categories":[1,3],"tags":[179,7,1357,10,1430,1428,1429],"class_list":["post-9471","post","type-post","status-publish","format-standard","has-post-thumbnail","hentry","category-bolivia","category-politica","tag-arturo-murillo","tag-bolivia","tag-carta","tag-politica","tag-romer-saucedo-gomez","tag-tribunal-supremo-de-justicia","tag-tsj"],"jetpack_publicize_connections":[],"yoast_head":"<!-- This site is optimized with the Yoast SEO plugin v23.4 - https:\/\/yoast.com\/wordpress\/plugins\/seo\/ -->\n<title>MURILLO RESPONDE AL PRESIDENTE DEL TSJ Y REITERA QUE ES V\u00cdCTIMA DE PERSECUCI\u00d3N POL\u00cdTICA - innoticiasbo.com<\/title>\n<meta name=\"robots\" content=\"index, follow, max-snippet:-1, max-image-preview:large, max-video-preview:-1\" \/>\n<link rel=\"canonical\" href=\"https:\/\/innoticiasbo.com\/index.php\/2026\/03\/11\/murillo-responde-al-presidente-del-tsj-y-reitera-que-es-victima-de-persecucion-politica\/\" \/>\n<meta property=\"og:locale\" content=\"es_ES\" \/>\n<meta property=\"og:type\" content=\"article\" \/>\n<meta property=\"og:title\" content=\"MURILLO RESPONDE AL PRESIDENTE DEL TSJ Y REITERA QUE ES V\u00cdCTIMA DE PERSECUCI\u00d3N POL\u00cdTICA - innoticiasbo.com\" \/>\n<meta property=\"og:description\" content=\"Pa\u00eds, 11 de Marzo de 2026.- El exministro de Gobierno, detenido preventivamente desde hace seis meses, responde p\u00fablicamente a las declaraciones del presidente del TSJ. Pide una auditor\u00eda jur\u00eddica a sus causas. El exministro de Gobierno Arturo Murillo envi\u00f3 este mi\u00e9rcoles una carta p\u00fablica al presidente del Tribunal Supremo de Justicia (TSJ), R\u00f3mer Saucedo G\u00f3mez,...\" \/>\n<meta property=\"og:url\" content=\"https:\/\/innoticiasbo.com\/index.php\/2026\/03\/11\/murillo-responde-al-presidente-del-tsj-y-reitera-que-es-victima-de-persecucion-politica\/\" \/>\n<meta property=\"og:site_name\" content=\"innoticiasbo.com\" \/>\n<meta property=\"article:publisher\" content=\"https:\/\/www.facebook.com\/innoticiasbolivia\" \/>\n<meta property=\"article:published_time\" content=\"2026-03-12T00:21:40+00:00\" \/>\n<meta property=\"article:modified_time\" content=\"2026-03-12T00:21:41+00:00\" \/>\n<meta property=\"og:image\" content=\"https:\/\/innoticiasbo.com\/wp-content\/uploads\/2026\/03\/image-142.png\" \/>\n\t<meta property=\"og:image:width\" content=\"992\" \/>\n\t<meta property=\"og:image:height\" content=\"558\" \/>\n\t<meta property=\"og:image:type\" content=\"image\/png\" \/>\n<meta name=\"author\" content=\"Prensa 11\" \/>\n<meta name=\"twitter:card\" content=\"summary_large_image\" \/>\n<meta name=\"twitter:creator\" content=\"@innoticiasbo\" \/>\n<meta name=\"twitter:site\" content=\"@innoticiasbo\" \/>\n<meta name=\"twitter:label1\" content=\"Escrito por\" \/>\n\t<meta name=\"twitter:data1\" content=\"Prensa 11\" \/>\n\t<meta name=\"twitter:label2\" content=\"Tiempo de lectura\" \/>\n\t<meta name=\"twitter:data2\" content=\"5 minutos\" \/>\n<script type=\"application\/ld+json\" class=\"yoast-schema-graph\">{\"@context\":\"https:\/\/schema.org\",\"@graph\":[{\"@type\":\"Article\",\"@id\":\"https:\/\/innoticiasbo.com\/index.php\/2026\/03\/11\/murillo-responde-al-presidente-del-tsj-y-reitera-que-es-victima-de-persecucion-politica\/#article\",\"isPartOf\":{\"@id\":\"https:\/\/innoticiasbo.com\/index.php\/2026\/03\/11\/murillo-responde-al-presidente-del-tsj-y-reitera-que-es-victima-de-persecucion-politica\/\"},\"author\":{\"name\":\"Prensa 11\",\"@id\":\"https:\/\/innoticiasbo.com\/#\/schema\/person\/0b28481e8d0316f83a13bc702311def5\"},\"headline\":\"MURILLO RESPONDE AL PRESIDENTE DEL TSJ Y REITERA QUE ES V\u00cdCTIMA DE PERSECUCI\u00d3N POL\u00cdTICA\",\"datePublished\":\"2026-03-12T00:21:40+00:00\",\"dateModified\":\"2026-03-12T00:21:41+00:00\",\"mainEntityOfPage\":{\"@id\":\"https:\/\/innoticiasbo.com\/index.php\/2026\/03\/11\/murillo-responde-al-presidente-del-tsj-y-reitera-que-es-victima-de-persecucion-politica\/\"},\"wordCount\":1008,\"commentCount\":0,\"publisher\":{\"@id\":\"https:\/\/innoticiasbo.com\/#organization\"},\"image\":{\"@id\":\"https:\/\/innoticiasbo.com\/index.php\/2026\/03\/11\/murillo-responde-al-presidente-del-tsj-y-reitera-que-es-victima-de-persecucion-politica\/#primaryimage\"},\"thumbnailUrl\":\"https:\/\/i0.wp.com\/innoticiasbo.com\/wp-content\/uploads\/2026\/03\/image-142.png?fit=992%2C558&ssl=1\",\"keywords\":[\"Arturo Murillo\",\"Bolivia\",\"carta\",\"Pol\u00edtica\",\"R\u00f3mer Saucedo G\u00f3mez\",\"Tribunal Supremo de Justicia\",\"TSJ\"],\"articleSection\":[\"Bolivia\",\"Pol\u00edtica\"],\"inLanguage\":\"es\",\"potentialAction\":[{\"@type\":\"CommentAction\",\"name\":\"Comment\",\"target\":[\"https:\/\/innoticiasbo.com\/index.php\/2026\/03\/11\/murillo-responde-al-presidente-del-tsj-y-reitera-que-es-victima-de-persecucion-politica\/#respond\"]}]},{\"@type\":\"WebPage\",\"@id\":\"https:\/\/innoticiasbo.com\/index.php\/2026\/03\/11\/murillo-responde-al-presidente-del-tsj-y-reitera-que-es-victima-de-persecucion-politica\/\",\"url\":\"https:\/\/innoticiasbo.com\/index.php\/2026\/03\/11\/murillo-responde-al-presidente-del-tsj-y-reitera-que-es-victima-de-persecucion-politica\/\",\"name\":\"MURILLO RESPONDE AL PRESIDENTE DEL TSJ Y REITERA QUE ES V\u00cdCTIMA DE PERSECUCI\u00d3N POL\u00cdTICA - innoticiasbo.com\",\"isPartOf\":{\"@id\":\"https:\/\/innoticiasbo.com\/#website\"},\"primaryImageOfPage\":{\"@id\":\"https:\/\/innoticiasbo.com\/index.php\/2026\/03\/11\/murillo-responde-al-presidente-del-tsj-y-reitera-que-es-victima-de-persecucion-politica\/#primaryimage\"},\"image\":{\"@id\":\"https:\/\/innoticiasbo.com\/index.php\/2026\/03\/11\/murillo-responde-al-presidente-del-tsj-y-reitera-que-es-victima-de-persecucion-politica\/#primaryimage\"},\"thumbnailUrl\":\"https:\/\/i0.wp.com\/innoticiasbo.com\/wp-content\/uploads\/2026\/03\/image-142.png?fit=992%2C558&ssl=1\",\"datePublished\":\"2026-03-12T00:21:40+00:00\",\"dateModified\":\"2026-03-12T00:21:41+00:00\",\"breadcrumb\":{\"@id\":\"https:\/\/innoticiasbo.com\/index.php\/2026\/03\/11\/murillo-responde-al-presidente-del-tsj-y-reitera-que-es-victima-de-persecucion-politica\/#breadcrumb\"},\"inLanguage\":\"es\",\"potentialAction\":[{\"@type\":\"ReadAction\",\"target\":[\"https:\/\/innoticiasbo.com\/index.php\/2026\/03\/11\/murillo-responde-al-presidente-del-tsj-y-reitera-que-es-victima-de-persecucion-politica\/\"]}]},{\"@type\":\"ImageObject\",\"inLanguage\":\"es\",\"@id\":\"https:\/\/innoticiasbo.com\/index.php\/2026\/03\/11\/murillo-responde-al-presidente-del-tsj-y-reitera-que-es-victima-de-persecucion-politica\/#primaryimage\",\"url\":\"https:\/\/i0.wp.com\/innoticiasbo.com\/wp-content\/uploads\/2026\/03\/image-142.png?fit=992%2C558&ssl=1\",\"contentUrl\":\"https:\/\/i0.wp.com\/innoticiasbo.com\/wp-content\/uploads\/2026\/03\/image-142.png?fit=992%2C558&ssl=1\",\"width\":992,\"height\":558},{\"@type\":\"BreadcrumbList\",\"@id\":\"https:\/\/innoticiasbo.com\/index.php\/2026\/03\/11\/murillo-responde-al-presidente-del-tsj-y-reitera-que-es-victima-de-persecucion-politica\/#breadcrumb\",\"itemListElement\":[{\"@type\":\"ListItem\",\"position\":1,\"name\":\"Portada\",\"item\":\"https:\/\/innoticiasbo.com\/\"},{\"@type\":\"ListItem\",\"position\":2,\"name\":\"MURILLO RESPONDE AL PRESIDENTE DEL TSJ Y REITERA QUE ES V\u00cdCTIMA DE PERSECUCI\u00d3N POL\u00cdTICA\"}]},{\"@type\":\"WebSite\",\"@id\":\"https:\/\/innoticiasbo.com\/#website\",\"url\":\"https:\/\/innoticiasbo.com\/\",\"name\":\"innoticiasbo.com\",\"description\":\"\",\"publisher\":{\"@id\":\"https:\/\/innoticiasbo.com\/#organization\"},\"potentialAction\":[{\"@type\":\"SearchAction\",\"target\":{\"@type\":\"EntryPoint\",\"urlTemplate\":\"https:\/\/innoticiasbo.com\/?s={search_term_string}\"},\"query-input\":{\"@type\":\"PropertyValueSpecification\",\"valueRequired\":true,\"valueName\":\"search_term_string\"}}],\"inLanguage\":\"es\"},{\"@type\":\"Organization\",\"@id\":\"https:\/\/innoticiasbo.com\/#organization\",\"name\":\"innoticiasbo.com\",\"url\":\"https:\/\/innoticiasbo.com\/\",\"logo\":{\"@type\":\"ImageObject\",\"inLanguage\":\"es\",\"@id\":\"https:\/\/innoticiasbo.com\/#\/schema\/logo\/image\/\",\"url\":\"https:\/\/i0.wp.com\/innoticiasbo.com\/wp-content\/uploads\/2026\/04\/cropped-IN-LOGO.png?fit=1476%2C1476&ssl=1\",\"contentUrl\":\"https:\/\/i0.wp.com\/innoticiasbo.com\/wp-content\/uploads\/2026\/04\/cropped-IN-LOGO.png?fit=1476%2C1476&ssl=1\",\"width\":1476,\"height\":1476,\"caption\":\"innoticiasbo.com\"},\"image\":{\"@id\":\"https:\/\/innoticiasbo.com\/#\/schema\/logo\/image\/\"},\"sameAs\":[\"https:\/\/www.facebook.com\/innoticiasbolivia\",\"https:\/\/x.com\/innoticiasbo\",\"https:\/\/www.instagram.com\/innoticiasbo\",\"https:\/\/www.youtube.com\/innoticiasbo\"]},{\"@type\":\"Person\",\"@id\":\"https:\/\/innoticiasbo.com\/#\/schema\/person\/0b28481e8d0316f83a13bc702311def5\",\"name\":\"Prensa 11\",\"image\":{\"@type\":\"ImageObject\",\"inLanguage\":\"es\",\"@id\":\"https:\/\/innoticiasbo.com\/#\/schema\/person\/image\/\",\"url\":\"https:\/\/secure.gravatar.com\/avatar\/696560c17349f1807a610bf83832bad0?s=96&d=mm&r=g\",\"contentUrl\":\"https:\/\/secure.gravatar.com\/avatar\/696560c17349f1807a610bf83832bad0?s=96&d=mm&r=g\",\"caption\":\"Prensa 11\"},\"sameAs\":[\"http:\/\/www.innoticiasbo.com\"],\"url\":\"https:\/\/innoticiasbo.com\/index.php\/author\/prensa-11\/\"}]}<\/script>\n<!-- \/ Yoast SEO plugin. -->","yoast_head_json":{"title":"MURILLO RESPONDE AL PRESIDENTE DEL TSJ Y REITERA QUE ES V\u00cdCTIMA DE PERSECUCI\u00d3N POL\u00cdTICA - innoticiasbo.com","robots":{"index":"index","follow":"follow","max-snippet":"max-snippet:-1","max-image-preview":"max-image-preview:large","max-video-preview":"max-video-preview:-1"},"canonical":"https:\/\/innoticiasbo.com\/index.php\/2026\/03\/11\/murillo-responde-al-presidente-del-tsj-y-reitera-que-es-victima-de-persecucion-politica\/","og_locale":"es_ES","og_type":"article","og_title":"MURILLO RESPONDE AL PRESIDENTE DEL TSJ Y REITERA QUE ES V\u00cdCTIMA DE PERSECUCI\u00d3N POL\u00cdTICA - innoticiasbo.com","og_description":"Pa\u00eds, 11 de Marzo de 2026.- El exministro de Gobierno, detenido preventivamente desde hace seis meses, responde p\u00fablicamente a las declaraciones del presidente del TSJ. Pide una auditor\u00eda jur\u00eddica a sus causas. El exministro de Gobierno Arturo Murillo envi\u00f3 este mi\u00e9rcoles una carta p\u00fablica al presidente del Tribunal Supremo de Justicia (TSJ), R\u00f3mer Saucedo G\u00f3mez,...","og_url":"https:\/\/innoticiasbo.com\/index.php\/2026\/03\/11\/murillo-responde-al-presidente-del-tsj-y-reitera-que-es-victima-de-persecucion-politica\/","og_site_name":"innoticiasbo.com","article_publisher":"https:\/\/www.facebook.com\/innoticiasbolivia","article_published_time":"2026-03-12T00:21:40+00:00","article_modified_time":"2026-03-12T00:21:41+00:00","og_image":[{"width":992,"height":558,"url":"https:\/\/innoticiasbo.com\/wp-content\/uploads\/2026\/03\/image-142.png","type":"image\/png"}],"author":"Prensa 11","twitter_card":"summary_large_image","twitter_creator":"@innoticiasbo","twitter_site":"@innoticiasbo","twitter_misc":{"Escrito por":"Prensa 11","Tiempo de lectura":"5 minutos"},"schema":{"@context":"https:\/\/schema.org","@graph":[{"@type":"Article","@id":"https:\/\/innoticiasbo.com\/index.php\/2026\/03\/11\/murillo-responde-al-presidente-del-tsj-y-reitera-que-es-victima-de-persecucion-politica\/#article","isPartOf":{"@id":"https:\/\/innoticiasbo.com\/index.php\/2026\/03\/11\/murillo-responde-al-presidente-del-tsj-y-reitera-que-es-victima-de-persecucion-politica\/"},"author":{"name":"Prensa 11","@id":"https:\/\/innoticiasbo.com\/#\/schema\/person\/0b28481e8d0316f83a13bc702311def5"},"headline":"MURILLO RESPONDE AL PRESIDENTE DEL TSJ Y REITERA QUE ES V\u00cdCTIMA DE PERSECUCI\u00d3N POL\u00cdTICA","datePublished":"2026-03-12T00:21:40+00:00","dateModified":"2026-03-12T00:21:41+00:00","mainEntityOfPage":{"@id":"https:\/\/innoticiasbo.com\/index.php\/2026\/03\/11\/murillo-responde-al-presidente-del-tsj-y-reitera-que-es-victima-de-persecucion-politica\/"},"wordCount":1008,"commentCount":0,"publisher":{"@id":"https:\/\/innoticiasbo.com\/#organization"},"image":{"@id":"https:\/\/innoticiasbo.com\/index.php\/2026\/03\/11\/murillo-responde-al-presidente-del-tsj-y-reitera-que-es-victima-de-persecucion-politica\/#primaryimage"},"thumbnailUrl":"https:\/\/i0.wp.com\/innoticiasbo.com\/wp-content\/uploads\/2026\/03\/image-142.png?fit=992%2C558&ssl=1","keywords":["Arturo Murillo","Bolivia","carta","Pol\u00edtica","R\u00f3mer Saucedo G\u00f3mez","Tribunal Supremo de Justicia","TSJ"],"articleSection":["Bolivia","Pol\u00edtica"],"inLanguage":"es","potentialAction":[{"@type":"CommentAction","name":"Comment","target":["https:\/\/innoticiasbo.com\/index.php\/2026\/03\/11\/murillo-responde-al-presidente-del-tsj-y-reitera-que-es-victima-de-persecucion-politica\/#respond"]}]},{"@type":"WebPage","@id":"https:\/\/innoticiasbo.com\/index.php\/2026\/03\/11\/murillo-responde-al-presidente-del-tsj-y-reitera-que-es-victima-de-persecucion-politica\/","url":"https:\/\/innoticiasbo.com\/index.php\/2026\/03\/11\/murillo-responde-al-presidente-del-tsj-y-reitera-que-es-victima-de-persecucion-politica\/","name":"MURILLO RESPONDE AL PRESIDENTE DEL TSJ Y REITERA QUE ES V\u00cdCTIMA DE PERSECUCI\u00d3N POL\u00cdTICA - innoticiasbo.com","isPartOf":{"@id":"https:\/\/innoticiasbo.com\/#website"},"primaryImageOfPage":{"@id":"https:\/\/innoticiasbo.com\/index.php\/2026\/03\/11\/murillo-responde-al-presidente-del-tsj-y-reitera-que-es-victima-de-persecucion-politica\/#primaryimage"},"image":{"@id":"https:\/\/innoticiasbo.com\/index.php\/2026\/03\/11\/murillo-responde-al-presidente-del-tsj-y-reitera-que-es-victima-de-persecucion-politica\/#primaryimage"},"thumbnailUrl":"https:\/\/i0.wp.com\/innoticiasbo.com\/wp-content\/uploads\/2026\/03\/image-142.png?fit=992%2C558&ssl=1","datePublished":"2026-03-12T00:21:40+00:00","dateModified":"2026-03-12T00:21:41+00:00","breadcrumb":{"@id":"https:\/\/innoticiasbo.com\/index.php\/2026\/03\/11\/murillo-responde-al-presidente-del-tsj-y-reitera-que-es-victima-de-persecucion-politica\/#breadcrumb"},"inLanguage":"es","potentialAction":[{"@type":"ReadAction","target":["https:\/\/innoticiasbo.com\/index.php\/2026\/03\/11\/murillo-responde-al-presidente-del-tsj-y-reitera-que-es-victima-de-persecucion-politica\/"]}]},{"@type":"ImageObject","inLanguage":"es","@id":"https:\/\/innoticiasbo.com\/index.php\/2026\/03\/11\/murillo-responde-al-presidente-del-tsj-y-reitera-que-es-victima-de-persecucion-politica\/#primaryimage","url":"https:\/\/i0.wp.com\/innoticiasbo.com\/wp-content\/uploads\/2026\/03\/image-142.png?fit=992%2C558&ssl=1","contentUrl":"https:\/\/i0.wp.com\/innoticiasbo.com\/wp-content\/uploads\/2026\/03\/image-142.png?fit=992%2C558&ssl=1","width":992,"height":558},{"@type":"BreadcrumbList","@id":"https:\/\/innoticiasbo.com\/index.php\/2026\/03\/11\/murillo-responde-al-presidente-del-tsj-y-reitera-que-es-victima-de-persecucion-politica\/#breadcrumb","itemListElement":[{"@type":"ListItem","position":1,"name":"Portada","item":"https:\/\/innoticiasbo.com\/"},{"@type":"ListItem","position":2,"name":"MURILLO RESPONDE AL PRESIDENTE DEL TSJ Y REITERA QUE ES V\u00cdCTIMA DE PERSECUCI\u00d3N POL\u00cdTICA"}]},{"@type":"WebSite","@id":"https:\/\/innoticiasbo.com\/#website","url":"https:\/\/innoticiasbo.com\/","name":"innoticiasbo.com","description":"","publisher":{"@id":"https:\/\/innoticiasbo.com\/#organization"},"potentialAction":[{"@type":"SearchAction","target":{"@type":"EntryPoint","urlTemplate":"https:\/\/innoticiasbo.com\/?s={search_term_string}"},"query-input":{"@type":"PropertyValueSpecification","valueRequired":true,"valueName":"search_term_string"}}],"inLanguage":"es"},{"@type":"Organization","@id":"https:\/\/innoticiasbo.com\/#organization","name":"innoticiasbo.com","url":"https:\/\/innoticiasbo.com\/","logo":{"@type":"ImageObject","inLanguage":"es","@id":"https:\/\/innoticiasbo.com\/#\/schema\/logo\/image\/","url":"https:\/\/i0.wp.com\/innoticiasbo.com\/wp-content\/uploads\/2026\/04\/cropped-IN-LOGO.png?fit=1476%2C1476&ssl=1","contentUrl":"https:\/\/i0.wp.com\/innoticiasbo.com\/wp-content\/uploads\/2026\/04\/cropped-IN-LOGO.png?fit=1476%2C1476&ssl=1","width":1476,"height":1476,"caption":"innoticiasbo.com"},"image":{"@id":"https:\/\/innoticiasbo.com\/#\/schema\/logo\/image\/"},"sameAs":["https:\/\/www.facebook.com\/innoticiasbolivia","https:\/\/x.com\/innoticiasbo","https:\/\/www.instagram.com\/innoticiasbo","https:\/\/www.youtube.com\/innoticiasbo"]},{"@type":"Person","@id":"https:\/\/innoticiasbo.com\/#\/schema\/person\/0b28481e8d0316f83a13bc702311def5","name":"Prensa 11","image":{"@type":"ImageObject","inLanguage":"es","@id":"https:\/\/innoticiasbo.com\/#\/schema\/person\/image\/","url":"https:\/\/secure.gravatar.com\/avatar\/696560c17349f1807a610bf83832bad0?s=96&d=mm&r=g","contentUrl":"https:\/\/secure.gravatar.com\/avatar\/696560c17349f1807a610bf83832bad0?s=96&d=mm&r=g","caption":"Prensa 11"},"sameAs":["http:\/\/www.innoticiasbo.com"],"url":"https:\/\/innoticiasbo.com\/index.php\/author\/prensa-11\/"}]}},"jetpack_featured_media_url":"https:\/\/i0.wp.com\/innoticiasbo.com\/wp-content\/uploads\/2026\/03\/image-142.png?fit=992%2C558&ssl=1","jetpack_likes_enabled":true,"jetpack_sharing_enabled":true,"jetpack_shortlink":"https:\/\/wp.me\/pg298x-2sL","_links":{"self":[{"href":"https:\/\/innoticiasbo.com\/index.php\/wp-json\/wp\/v2\/posts\/9471","targetHints":{"allow":["GET"]}}],"collection":[{"href":"https:\/\/innoticiasbo.com\/index.php\/wp-json\/wp\/v2\/posts"}],"about":[{"href":"https:\/\/innoticiasbo.com\/index.php\/wp-json\/wp\/v2\/types\/post"}],"author":[{"embeddable":true,"href":"https:\/\/innoticiasbo.com\/index.php\/wp-json\/wp\/v2\/users\/11"}],"replies":[{"embeddable":true,"href":"https:\/\/innoticiasbo.com\/index.php\/wp-json\/wp\/v2\/comments?post=9471"}],"version-history":[{"count":1,"href":"https:\/\/innoticiasbo.com\/index.php\/wp-json\/wp\/v2\/posts\/9471\/revisions"}],"predecessor-version":[{"id":9473,"href":"https:\/\/innoticiasbo.com\/index.php\/wp-json\/wp\/v2\/posts\/9471\/revisions\/9473"}],"wp:featuredmedia":[{"embeddable":true,"href":"https:\/\/innoticiasbo.com\/index.php\/wp-json\/wp\/v2\/media\/9472"}],"wp:attachment":[{"href":"https:\/\/innoticiasbo.com\/index.php\/wp-json\/wp\/v2\/media?parent=9471"}],"wp:term":[{"taxonomy":"category","embeddable":true,"href":"https:\/\/innoticiasbo.com\/index.php\/wp-json\/wp\/v2\/categories?post=9471"},{"taxonomy":"post_tag","embeddable":true,"href":"https:\/\/innoticiasbo.com\/index.php\/wp-json\/wp\/v2\/tags?post=9471"}],"curies":[{"name":"wp","href":"https:\/\/api.w.org\/{rel}","templated":true}]}}