{"id":9469,"date":"2026-03-11T20:08:41","date_gmt":"2026-03-12T00:08:41","guid":{"rendered":"https:\/\/innoticiasbo.com\/?p=9469"},"modified":"2026-03-11T20:08:41","modified_gmt":"2026-03-12T00:08:41","slug":"debate-de-candidatos-a-gobernador-10-en-cochabamba-y-96-en-todo-el-pais-le-hablaran-al-elector","status":"publish","type":"post","link":"https:\/\/innoticiasbo.com\/index.php\/2026\/03\/11\/debate-de-candidatos-a-gobernador-10-en-cochabamba-y-96-en-todo-el-pais-le-hablaran-al-elector\/","title":{"rendered":"DEBATE DE CANDIDATOS A GOBERNADOR, 10 EN COCHABAMBA Y 96 EN TODO EL PA\u00cdS LE HABLAR\u00c1N AL ELECTOR"},"content":{"rendered":"\n<p class=\"p1\">Esta noche , candidatos al cargo de Gobernador expondr\u00e1n sus planes de Gobierno y debatir\u00e1n con miras a las elecciones subnacionales, del pr\u00f3ximo 22 marzo.<\/p>\n\n\n\n<p class=\"p1\">En total , 96 postulantes&nbsp; distribuidos en los nueve departamentos:&nbsp;La Paz, 17 postulantes; Potos\u00ed y Oruro a 13 cada uno; Santa Cruz, 11, Cochabamba, 10 candidatos; los departamentos de Beni, y Chuquisaca tienen a 9 postulantes cada uno; cierran Tarija y Pando, con 7 candidatos por departamento, est\u00e1n convocados al debate, sin embargo no todos confirmaron.<\/p>\n\n\n\n<p class=\"p1\">Los debates patrocinados por el Tribunal Supremo Electoral y los tribunales departamentales ser\u00e1n transmitidos, a partir de las 21:00 horas, por el canal estatal de manera local en los nueve departamentos y retransmitidos en los portales de los tribunales electorales departamentales.<\/p>\n\n\n\n<p class=\"p1\">LISTA DE CANDIDATOS&nbsp;<\/p>\n\n\n\n<p class=\"p1\">COCHABAMBA<\/p>\n\n\n\n<p class=\"p1\">Frente Revolucionario de Izquierda (FRI)<br \/>Ruth Alina Peralta Calvimontes<\/p>\n\n\n\n<p class=\"p1\">Unidos<\/p>\n\n\n\n<p class=\"p1\">Esther Soria, Gonzales.&nbsp;<\/p>\n\n\n\n<p class=\"p1\">Partido Dem\u00f3crata Cristiano (PDC)<br \/>Jos\u00e9 Juvenal Arispe Pe\u00f1arrieta<\/p>\n\n\n\n<p class=\"p1\">Movimiento Tercer Sistema (MTS)<br \/>Alejandro Mostajo Rueda<\/p>\n\n\n\n<p class=\"p1\">Libertad y Rep\u00fablica (Libre)<br \/>Juan Roberth Flores Encinas<\/p>\n\n\n\n<p class=\"p1\">Autonom\u00eda para Bolivia S\u00famate (APB-S\u00famate)<br \/>Sergio Oliver Rodr\u00edguez Mercado<\/p>\n\n\n\n<p class=\"p1\">Soluciones Con Todos<\/p>\n\n\n\n<p class=\"p1\">Mario Enrique Severich Bustamante<\/p>\n\n\n\n<p class=\"p1\">Alianza Patria Unidos (Patria-Unidos)<br \/>Wilfredo Rolando Morales Zeballos<\/p>\n\n\n\n<p class=\"p1\">Alianza Unidos por los Pueblos (A-UPP)<br \/>Leonardo Loza<\/p>\n\n\n\n<p class=\"p1\">Nueva Generaci\u00f3n Patriotica (NGP)<\/p>\n\n\n\n<p class=\"p1\">Jhon Ariel Rioja Guzm\u00e1n<\/p>\n\n\n\n<p class=\"p1\">SANTA CRUZ<\/p>\n\n\n\n<p class=\"p1\">Libertad y Rep\u00fablica (Libre)<br \/>Juan Pablo Velasco Dalence<\/p>\n\n\n\n<p class=\"p1\">Alianza Unidos por los Pueblos (A-UPP)<br \/>Eduardo Pereira Alcocer<\/p>\n\n\n\n<p class=\"p1\">Santa Cruz para Todos (SPT)<br \/>Otto Andr\u00e9s Ritter M\u00e9ndez<\/p>\n\n\n\n<p class=\"p1\">Partido Dem\u00f3crata Cristiano (PDC)<br \/>Mauricio Quezada Mostajo<\/p>\n\n\n\n<p class=\"p1\">Movimiento Dem\u00f3crata Social (Dem\u00f3cratas)<br \/>Branko Goran Marinkovic Jovicevic<\/p>\n\n\n\n<p class=\"p1\">Movimiento Tercer Sistema (MTS)<br \/>Chi Hyun Chung<\/p>\n\n\n\n<p class=\"p1\">Fuerza y Esperanza (FE)<br \/>Vladimir Ariel Pe\u00f1a Virhuez<\/p>\n\n\n\n<p class=\"p1\">Nueva Generaci\u00f3n Patri\u00f3tica (NGP)<br \/>Julio Cesar Torrez Tapia<\/p>\n\n\n\n<p class=\"p1\">Alianza Creemos Patria (Creemos-Patria)<br \/>Luis Fernando Camacho Vaca<\/p>\n\n\n\n<p class=\"p1\">Primero Santa Cruz (PSC)<br \/>Guido Eduardo Nayar Parada<\/p>\n\n\n\n<p class=\"p1\">Alianza Trabajo, Obras, Desarrollo integral, Oportunidades y Seguridad (Todos)<br \/>Miguel Cadima Castro&nbsp;<\/p>\n\n\n\n<p class=\"p1\">LA PAZ<\/p>\n\n\n\n<p class=\"p1\">Jallalla<br \/>Leopoldo Richard Chui Torrez<\/p>\n\n\n\n<p class=\"p1\">Venceremos<br \/>Andr\u00e9s G\u00f3mez Vela<\/p>\n\n\n\n<p class=\"p1\">Alianza Social Patri\u00f3tica (ASP)<br \/>Augusto Saturnino Oblitas Garc\u00eda<\/p>\n\n\n\n<p class=\"p1\">Somos La Paz<br \/>Ingvar Ellefsen Dotzauer<\/p>\n\n\n\n<p class=\"p1\">Uni\u00f3n por el Cambio (UPC)<br \/>Santos Quispe<\/p>\n\n\n\n<p class=\"p1\">Libertad y Republica (LIBRE)<br \/>Kurt Emmil Reintsch San Martin<\/p>\n\n\n\n<p class=\"p1\">Alianza Unidos por los Pueblos (A-UPP)<br \/>Demetrio Villca Ordo\u00f1ez<\/p>\n\n\n\n<p class=\"p1\">Innovaci\u00f3n Humana<br \/>Germ\u00e1n Antonio Riveros Pilco<\/p>\n\n\n\n<p class=\"p1\">Vamos Integrando el Desarrollo Auton\u00f3mico (VIDA)<br \/>Gregorio Merlo Chura<\/p>\n\n\n\n<p class=\"p1\">Frente Revolucionario de Izquierda (FRI)<br \/>Fidel Chura Ch\u00e1vez<\/p>\n\n\n\n<p class=\"p1\">Partido Dem\u00f3crata Cristiano (PDC)<br \/>Orlando Callisaya Copana<\/p>\n\n\n\n<p class=\"p1\">Movimiento Tercer Sistema (MTS)<br \/>F\u00e9lix Patzi Paco<\/p>\n\n\n\n<p class=\"p1\">Nueva Generaci\u00f3n Patri\u00f3tica (NGP)<br \/>Rene Yahuasi Calamani<\/p>\n\n\n\n<p class=\"p1\">Alianza Patria Sol<br \/>Luis Antonio Revilla Herrero<\/p>\n\n\n\n<p class=\"p1\">Movimiento por la Soberan\u00eda<br \/>Clemente Guti\u00e9rrez Mamani<\/p>\n\n\n\n<p class=\"p1\">Autonom\u00eda para Bolivia-S\u00famate (APB-S\u00famate)<br \/>Flavio Eduardo Merlo Maydana<\/p>\n\n\n\n<p class=\"p1\">Por el Bien Com\u00fan (SUMA)<br \/>Yosmar Espejo Vela<\/p>\n\n\n\n<p class=\"p1\">&nbsp;<\/p>\n\n\n\n<p class=\"p1\">POTOS\u00cd&nbsp;<\/p>\n\n\n\n<p class=\"p1\">Movimiento Nacionalista Revolucionario (NMR)<br \/>Johnny Wilber Prada Uribe<\/p>\n\n\n\n<p class=\"p1\">Partido Dem\u00f3crata Cristiano (PDC)<br \/>Sebasti\u00e1n Jes\u00fas S\u00e1nchez<\/p>\n\n\n\n<p class=\"p1\">Frente de Unidad Nacional (UN)<br \/>Anibal Gast\u00f3n Fr\u00edas Olmos<\/p>\n\n\n\n<p class=\"p1\">Movimiento Dem\u00f3crata Social (Dem\u00f3cratas)<br \/>Fidel Juan Arando Escobar<\/p>\n\n\n\n<p class=\"p1\">Movimiento Tercer Sistema (MTS)<br \/>Eduardo Pacheco Colque<\/p>\n\n\n\n<p class=\"p1\">Alianza Social (AS)<br \/>Rene Joaquino Cabrera<\/p>\n\n\n\n<p class=\"p1\">Nueva Generaci\u00f3n Patri\u00f3tica (NGP)<br \/>Armando Villca Quispe<\/p>\n\n\n\n<p class=\"p1\">Autonom\u00eda para Bolivia-S\u00famate (APB-S\u00famate)<br \/>Jose Luis Miranda Quilo<\/p>\n\n\n\n<p class=\"p1\">Alianza Proyecto Pa\u00eds<br \/>Marco Antonio Pumari Arriaga<\/p>\n\n\n\n<p class=\"p1\">Libertad y Rep\u00fablica (Libre)<br \/>Marvin Del Monte Choque<\/p>\n\n\n\n<p class=\"p1\">Consejo de Ayllus Originarios de Potos\u00ed<br \/>Javier Mario Choque Visa<\/p>\n\n\n\n<p class=\"p1\">Alianza Unidos por los Pueblos (A-UPP)<br \/>Felix Santos Zambrana<\/p>\n\n\n\n<p class=\"p1\">Alianza Patria Unidos<br \/>Marco Antonio Copa Guti\u00e9rrez<\/p>\n\n\n\n<p class=\"p1\">&nbsp;<\/p>\n\n\n\n<p class=\"p1\">ORURO<\/p>\n\n\n\n<p class=\"p1\">Frente Revolucionario de Izquierda (FRI)<br \/>Santiago Sauciri Mart\u00ednez<\/p>\n\n\n\n<p class=\"p1\">Partido Dem\u00f3crata Cristiano (PDC)<br \/>Julio Freddy Cuba Ram\u00edrez<\/p>\n\n\n\n<p class=\"p1\">Frente de Unidad Nacional (UN)<br \/>Alfredo Nemesio Hidalgo Pe\u00f1afiel<\/p>\n\n\n\n<p class=\"p1\">Jachajakisasolfesorc jach&#8217;a &#8211; jakisa &#8211; sol \u2013 fesorc<br \/>Edgar S\u00e1nchez Aguirre<\/p>\n\n\n\n<p class=\"p1\">Participaci\u00f3n Popular (PP)<br \/>Ivan Rodr\u00edguez Mamani<\/p>\n\n\n\n<p class=\"p1\">Alianza Oruro Avanza (Aora)<br \/>Rub\u00e9n Guti\u00e9rrez Carrizo<\/p>\n\n\n\n<p class=\"p1\">Movimiento Tercer Sistema (MTS)<br \/>Isar Milton C\u00e1ceres R\u00edos<\/p>\n\n\n\n<p class=\"p1\">Nueva Generaci\u00f3n Patri\u00f3tica (NGP)<br \/>Juan Saul Garc\u00eda Salazar<\/p>\n\n\n\n<p class=\"p1\">Libertad y Rep\u00fablica (Libre)<br \/>Saul Wildy S\u00e1nchez Mollo<\/p>\n\n\n\n<p class=\"p1\">Autonom\u00eda para Bolivia-S\u00famate (APB-Sumate)<br \/>Samuel Mendizabal Villca<\/p>\n\n\n\n<p class=\"p1\">Alianza Unidos por los Pueblos (A-UPP)<br \/>Johnny Franklin Vedia Rodr\u00edguez<\/p>\n\n\n\n<p class=\"p1\">Alianza Patria Oruro (Patria-Oruro)<br \/>Oscar Chambi Callapa<\/p>\n\n\n\n<p class=\"p1\">Somos Oruro<br \/>Juan Pablo Quispe Miranda<\/p>\n\n\n\n<p class=\"p1\">&nbsp;<\/p>\n\n\n\n<p class=\"p1\">TARIJA<\/p>\n\n\n\n<p class=\"p1\">Partido Dem\u00f3crata Cristiano (PDC)<br \/>Richard Rosendo Rocha Soruco<\/p>\n\n\n\n<p class=\"p1\">Integraci\u00f3n Seguridad Y Autonom\u00eda (ISA)<br \/>Wilfredo Vicente Luis<\/p>\n\n\n\n<p class=\"p1\">Movimiento Tercer Sistema (MTS)<br \/>Daniel Centeno S\u00e1nchez<\/p>\n\n\n\n<p class=\"p1\">Nueva Generaci\u00f3n Patri\u00f3tica (NGP)<br \/>Never Agust\u00edn Antelo Cortez<\/p>\n\n\n\n<p class=\"p1\">Autonom\u00eda para Bolivia-S\u00famate (APB- S\u00famate)<br \/>Sebasti\u00e1n Freddy Castrillo Castrillo<\/p>\n\n\n\n<p class=\"p1\">Alianza Unidos por los Pueblos (A-UPP)<br \/>Jos\u00e9 Antonio Yucra Paredes<\/p>\n\n\n\n<p class=\"p1\">Unidad por la Patria (Patria)<br \/>Adri\u00e1n Esteban Oliva Alc\u00e1zar<\/p>\n\n\n\n<p class=\"p1\">\u00d1\u00f1 \ud835\uddd5\ud835\uddf2\ud835\uddfb\ud835\uddf6<\/p>\n\n\n\n<p class=\"p1\">Central de Pueblos \u00c9tnicos Moje\u00f1os del Beni (Cpem-B)<br \/>Consuelo N\u00fa\u00f1ez Molina<\/p>\n\n\n\n<p class=\"p1\">Movimiento Tercer Sistema (MTS)<br \/>Casta Karina Salinas Cury<\/p>\n\n\n\n<p class=\"p1\">Movimiento Nacionalista Revolucionario (MNR)<br \/>Hugo Vargas Roca<\/p>\n\n\n\n<p class=\"p1\">Nueva Generaci\u00f3n Patri\u00f3tica (NGP)<br \/>Luis Rowers Perdriel Calleja<\/p>\n\n\n\n<p class=\"p1\">Transformaci\u00f3n Unidad Fuerza y Esperanza (TUFE)<br \/>Miguel \u00c1ngel Rivero Balc\u00e1zar<\/p>\n\n\n\n<p class=\"p1\">Alianza Patria Unidos (Patria-Unidos)<br \/>Jes\u00fas Eg\u00fc\u00e9s Rivero<\/p>\n\n\n\n<p class=\"p1\">Alianza Unidos por los Pueblos (A-UPP)<br \/>Mario Alberto Almeida Salas<\/p>\n\n\n\n<p class=\"p1\">Despierta el Beni se Desarrolla hoy<br \/>Jos\u00e9 Alejandro Unzueta Shiriqui<\/p>\n\n\n\n<p class=\"p1\">&nbsp;<\/p>\n\n\n\n<p class=\"p1\">PANDO<\/p>\n\n\n\n<p class=\"p1\">Unidos por la Patria-Primero Pando (UPP)<br \/>Regis German Richter Alencar<\/p>\n\n\n\n<p class=\"p1\">Movimiento Tercer Sistema (MTS)<br \/>Ana Lucia Reis Melena<\/p>\n\n\n\n<p class=\"p1\">Movimiento Nacionalista Revolucionario (MNR)<br \/>Abelardo Puerta Vel\u00e1squez<\/p>\n\n\n\n<p class=\"p1\">Nueva Generaci\u00f3n Patri\u00f3tica (NGP)<br \/>Roly Daniel Sald\u00eda Puerta<\/p>\n\n\n\n<p class=\"p1\">Movimiento Democr\u00e1tico Autonomista (MDA)<br \/>Eva Luz Hum\u00e9rez Alvez<\/p>\n\n\n\n<p class=\"p1\">Federaci\u00f3n Sindical \u00danica de Trabajadores Campesinos de Pando (Fsutcp)<br \/>Rodolfo A\u00f1ez Dom\u00ednguez<\/p>\n\n\n\n<p class=\"p1\">Libre Pando<br \/>Gabriela de Paiva Padilla<\/p>\n\n\n\n<p class=\"p1\">&nbsp;<\/p>\n\n\n\n<p class=\"p1\">CHUQUISACA&nbsp;<\/p>\n\n\n\n<p class=\"p1\">Frente Revolucionario De Izquierda (FRI)<br \/>Marcelo Arcienega Le\u00f3n<\/p>\n\n\n\n<p class=\"p1\">Por Siempre Chuquisaca (XS-CH)<br \/>Dorfio Mansilla Avenda\u00f1o<\/p>\n\n\n\n<p class=\"p1\">Movimiento Tercer Sistema (MTS)<br \/>Jos\u00e9 Wilmar Aguirre Vel\u00e1squez<\/p>\n\n\n\n<p class=\"p1\">Nueva Generaci\u00f3n Patri\u00f3tica (NGP)<br \/>Manfred Leo P\u00e9rez Hassenteufel<\/p>\n\n\n\n<p class=\"p1\">Alianza Gente Nueva (AGN)<br \/>Luis Edson Ayll\u00f3n Salgueiro<\/p>\n\n\n\n<p class=\"p1\">Libertad y Rep\u00fablica (Libre)<br \/>Gustavo Ricardo Zarate L\u00f3pez<\/p>\n\n\n\n<p class=\"p1\">Alianza Patria Unidos (Patria-Unidos)<br \/>Grover Franz Garc\u00eda Camacho<\/p>\n\n\n\n<p class=\"p1\">Alianza Unidos por los Pueblos (A-UPP)<br \/>Orlando Ceballos Acu\u00f1a<\/p>\n\n\n\n<p class=\"p1\">&nbsp;<\/p>\n\n\n\n<p class=\"p1\"><br \/>&nbsp;<\/p>\n","protected":false},"excerpt":{"rendered":"<p>Esta noche , candidatos al cargo de Gobernador expondr\u00e1n sus planes de Gobierno y debatir\u00e1n con miras a las elecciones subnacionales, del pr\u00f3ximo 22 marzo. En total , 96 postulantes&nbsp; distribuidos en los nueve departamentos:&nbsp;La Paz, 17 postulantes; Potos\u00ed y Oruro a 13 cada uno; Santa Cruz, 11, Cochabamba, 10 candidatos; los departamentos de Beni,&#8230;<\/p>\n","protected":false},"author":6,"featured_media":9468,"comment_status":"closed","ping_status":"open","sticky":false,"template":"","format":"standard","meta":{"_jetpack_memberships_contains_paid_content":false,"footnotes":"","jetpack_publicize_message":"DEBATE DE CANDIDATOS A GOBERNADOR, 10 EN COCHABAMBA Y 96 EN TODO EL PA\u00cdS LE HABLAR\u00c1N AL ELECTOR","jetpack_publicize_feature_enabled":true,"jetpack_social_post_already_shared":true,"jetpack_social_options":{"image_generator_settings":{"template":"highway","enabled":false},"version":2}},"categories":[1],"tags":[],"class_list":["post-9469","post","type-post","status-publish","format-standard","has-post-thumbnail","hentry","category-bolivia"],"jetpack_publicize_connections":[],"yoast_head":"<!-- This site is optimized with the Yoast SEO plugin v23.4 - https:\/\/yoast.com\/wordpress\/plugins\/seo\/ -->\n<title>DEBATE DE CANDIDATOS A GOBERNADOR, 10 EN COCHABAMBA Y 96 EN TODO EL PA\u00cdS LE HABLAR\u00c1N AL ELECTOR - innoticiasbo.com<\/title>\n<meta name=\"robots\" content=\"index, follow, max-snippet:-1, max-image-preview:large, max-video-preview:-1\" \/>\n<link rel=\"canonical\" href=\"https:\/\/innoticiasbo.com\/index.php\/2026\/03\/11\/debate-de-candidatos-a-gobernador-10-en-cochabamba-y-96-en-todo-el-pais-le-hablaran-al-elector\/\" \/>\n<meta property=\"og:locale\" content=\"es_ES\" \/>\n<meta property=\"og:type\" content=\"article\" \/>\n<meta property=\"og:title\" content=\"DEBATE DE CANDIDATOS A GOBERNADOR, 10 EN COCHABAMBA Y 96 EN TODO EL PA\u00cdS LE HABLAR\u00c1N AL ELECTOR - innoticiasbo.com\" \/>\n<meta property=\"og:description\" content=\"Esta noche , candidatos al cargo de Gobernador expondr\u00e1n sus planes de Gobierno y debatir\u00e1n con miras a las elecciones subnacionales, del pr\u00f3ximo 22 marzo. En total , 96 postulantes&nbsp; distribuidos en los nueve departamentos:&nbsp;La Paz, 17 postulantes; Potos\u00ed y Oruro a 13 cada uno; Santa Cruz, 11, Cochabamba, 10 candidatos; los departamentos de Beni,...\" \/>\n<meta property=\"og:url\" content=\"https:\/\/innoticiasbo.com\/index.php\/2026\/03\/11\/debate-de-candidatos-a-gobernador-10-en-cochabamba-y-96-en-todo-el-pais-le-hablaran-al-elector\/\" \/>\n<meta property=\"og:site_name\" content=\"innoticiasbo.com\" \/>\n<meta property=\"article:publisher\" content=\"https:\/\/www.facebook.com\/innoticiasbolivia\" \/>\n<meta property=\"article:published_time\" content=\"2026-03-12T00:08:41+00:00\" \/>\n<meta property=\"og:image\" content=\"https:\/\/i0.wp.com\/innoticiasbo.com\/wp-content\/uploads\/2026\/03\/img_8450-1.jpg?fit=1500%2C1500&ssl=1\" \/>\n\t<meta property=\"og:image:width\" content=\"1500\" \/>\n\t<meta property=\"og:image:height\" content=\"1500\" \/>\n\t<meta property=\"og:image:type\" content=\"image\/jpeg\" \/>\n<meta name=\"author\" content=\"Eliza Riva\" \/>\n<meta name=\"twitter:card\" content=\"summary_large_image\" \/>\n<meta name=\"twitter:creator\" content=\"@innoticiasbo\" \/>\n<meta name=\"twitter:site\" content=\"@innoticiasbo\" \/>\n<meta name=\"twitter:label1\" content=\"Escrito por\" \/>\n\t<meta name=\"twitter:data1\" content=\"Eliza Riva\" \/>\n\t<meta name=\"twitter:label2\" content=\"Tiempo de lectura\" \/>\n\t<meta name=\"twitter:data2\" content=\"5 minutos\" \/>\n<script type=\"application\/ld+json\" class=\"yoast-schema-graph\">{\"@context\":\"https:\/\/schema.org\",\"@graph\":[{\"@type\":\"Article\",\"@id\":\"https:\/\/innoticiasbo.com\/index.php\/2026\/03\/11\/debate-de-candidatos-a-gobernador-10-en-cochabamba-y-96-en-todo-el-pais-le-hablaran-al-elector\/#article\",\"isPartOf\":{\"@id\":\"https:\/\/innoticiasbo.com\/index.php\/2026\/03\/11\/debate-de-candidatos-a-gobernador-10-en-cochabamba-y-96-en-todo-el-pais-le-hablaran-al-elector\/\"},\"author\":{\"name\":\"Eliza Riva\",\"@id\":\"https:\/\/innoticiasbo.com\/#\/schema\/person\/8c935b6b11c0223d8f77dc01fc948202\"},\"headline\":\"DEBATE DE CANDIDATOS A GOBERNADOR, 10 EN COCHABAMBA Y 96 EN TODO EL PA\u00cdS LE HABLAR\u00c1N AL ELECTOR\",\"datePublished\":\"2026-03-12T00:08:41+00:00\",\"dateModified\":\"2026-03-12T00:08:41+00:00\",\"mainEntityOfPage\":{\"@id\":\"https:\/\/innoticiasbo.com\/index.php\/2026\/03\/11\/debate-de-candidatos-a-gobernador-10-en-cochabamba-y-96-en-todo-el-pais-le-hablaran-al-elector\/\"},\"wordCount\":1011,\"publisher\":{\"@id\":\"https:\/\/innoticiasbo.com\/#organization\"},\"image\":{\"@id\":\"https:\/\/innoticiasbo.com\/index.php\/2026\/03\/11\/debate-de-candidatos-a-gobernador-10-en-cochabamba-y-96-en-todo-el-pais-le-hablaran-al-elector\/#primaryimage\"},\"thumbnailUrl\":\"https:\/\/i0.wp.com\/innoticiasbo.com\/wp-content\/uploads\/2026\/03\/img_8450-1.jpg?fit=1500%2C1500&ssl=1\",\"articleSection\":[\"Bolivia\"],\"inLanguage\":\"es\"},{\"@type\":\"WebPage\",\"@id\":\"https:\/\/innoticiasbo.com\/index.php\/2026\/03\/11\/debate-de-candidatos-a-gobernador-10-en-cochabamba-y-96-en-todo-el-pais-le-hablaran-al-elector\/\",\"url\":\"https:\/\/innoticiasbo.com\/index.php\/2026\/03\/11\/debate-de-candidatos-a-gobernador-10-en-cochabamba-y-96-en-todo-el-pais-le-hablaran-al-elector\/\",\"name\":\"DEBATE DE CANDIDATOS A GOBERNADOR, 10 EN COCHABAMBA Y 96 EN TODO EL PA\u00cdS LE HABLAR\u00c1N AL ELECTOR - innoticiasbo.com\",\"isPartOf\":{\"@id\":\"https:\/\/innoticiasbo.com\/#website\"},\"primaryImageOfPage\":{\"@id\":\"https:\/\/innoticiasbo.com\/index.php\/2026\/03\/11\/debate-de-candidatos-a-gobernador-10-en-cochabamba-y-96-en-todo-el-pais-le-hablaran-al-elector\/#primaryimage\"},\"image\":{\"@id\":\"https:\/\/innoticiasbo.com\/index.php\/2026\/03\/11\/debate-de-candidatos-a-gobernador-10-en-cochabamba-y-96-en-todo-el-pais-le-hablaran-al-elector\/#primaryimage\"},\"thumbnailUrl\":\"https:\/\/i0.wp.com\/innoticiasbo.com\/wp-content\/uploads\/2026\/03\/img_8450-1.jpg?fit=1500%2C1500&ssl=1\",\"datePublished\":\"2026-03-12T00:08:41+00:00\",\"dateModified\":\"2026-03-12T00:08:41+00:00\",\"breadcrumb\":{\"@id\":\"https:\/\/innoticiasbo.com\/index.php\/2026\/03\/11\/debate-de-candidatos-a-gobernador-10-en-cochabamba-y-96-en-todo-el-pais-le-hablaran-al-elector\/#breadcrumb\"},\"inLanguage\":\"es\",\"potentialAction\":[{\"@type\":\"ReadAction\",\"target\":[\"https:\/\/innoticiasbo.com\/index.php\/2026\/03\/11\/debate-de-candidatos-a-gobernador-10-en-cochabamba-y-96-en-todo-el-pais-le-hablaran-al-elector\/\"]}]},{\"@type\":\"ImageObject\",\"inLanguage\":\"es\",\"@id\":\"https:\/\/innoticiasbo.com\/index.php\/2026\/03\/11\/debate-de-candidatos-a-gobernador-10-en-cochabamba-y-96-en-todo-el-pais-le-hablaran-al-elector\/#primaryimage\",\"url\":\"https:\/\/i0.wp.com\/innoticiasbo.com\/wp-content\/uploads\/2026\/03\/img_8450-1.jpg?fit=1500%2C1500&ssl=1\",\"contentUrl\":\"https:\/\/i0.wp.com\/innoticiasbo.com\/wp-content\/uploads\/2026\/03\/img_8450-1.jpg?fit=1500%2C1500&ssl=1\",\"width\":1500,\"height\":1500},{\"@type\":\"BreadcrumbList\",\"@id\":\"https:\/\/innoticiasbo.com\/index.php\/2026\/03\/11\/debate-de-candidatos-a-gobernador-10-en-cochabamba-y-96-en-todo-el-pais-le-hablaran-al-elector\/#breadcrumb\",\"itemListElement\":[{\"@type\":\"ListItem\",\"position\":1,\"name\":\"Portada\",\"item\":\"https:\/\/innoticiasbo.com\/\"},{\"@type\":\"ListItem\",\"position\":2,\"name\":\"DEBATE DE CANDIDATOS A GOBERNADOR, 10 EN COCHABAMBA Y 96 EN TODO EL PA\u00cdS LE HABLAR\u00c1N AL ELECTOR\"}]},{\"@type\":\"WebSite\",\"@id\":\"https:\/\/innoticiasbo.com\/#website\",\"url\":\"https:\/\/innoticiasbo.com\/\",\"name\":\"innoticiasbo.com\",\"description\":\"\",\"publisher\":{\"@id\":\"https:\/\/innoticiasbo.com\/#organization\"},\"potentialAction\":[{\"@type\":\"SearchAction\",\"target\":{\"@type\":\"EntryPoint\",\"urlTemplate\":\"https:\/\/innoticiasbo.com\/?s={search_term_string}\"},\"query-input\":{\"@type\":\"PropertyValueSpecification\",\"valueRequired\":true,\"valueName\":\"search_term_string\"}}],\"inLanguage\":\"es\"},{\"@type\":\"Organization\",\"@id\":\"https:\/\/innoticiasbo.com\/#organization\",\"name\":\"innoticiasbo.com\",\"url\":\"https:\/\/innoticiasbo.com\/\",\"logo\":{\"@type\":\"ImageObject\",\"inLanguage\":\"es\",\"@id\":\"https:\/\/innoticiasbo.com\/#\/schema\/logo\/image\/\",\"url\":\"https:\/\/i0.wp.com\/innoticiasbo.com\/wp-content\/uploads\/2026\/04\/cropped-IN-LOGO.png?fit=1476%2C1476&ssl=1\",\"contentUrl\":\"https:\/\/i0.wp.com\/innoticiasbo.com\/wp-content\/uploads\/2026\/04\/cropped-IN-LOGO.png?fit=1476%2C1476&ssl=1\",\"width\":1476,\"height\":1476,\"caption\":\"innoticiasbo.com\"},\"image\":{\"@id\":\"https:\/\/innoticiasbo.com\/#\/schema\/logo\/image\/\"},\"sameAs\":[\"https:\/\/www.facebook.com\/innoticiasbolivia\",\"https:\/\/x.com\/innoticiasbo\",\"https:\/\/www.instagram.com\/innoticiasbo\",\"https:\/\/www.youtube.com\/innoticiasbo\"]},{\"@type\":\"Person\",\"@id\":\"https:\/\/innoticiasbo.com\/#\/schema\/person\/8c935b6b11c0223d8f77dc01fc948202\",\"name\":\"Eliza Riva\",\"image\":{\"@type\":\"ImageObject\",\"inLanguage\":\"es\",\"@id\":\"https:\/\/innoticiasbo.com\/#\/schema\/person\/image\/\",\"url\":\"https:\/\/secure.gravatar.com\/avatar\/fdc172c2af344133d19e57e4b7acdee4?s=96&d=mm&r=g\",\"contentUrl\":\"https:\/\/secure.gravatar.com\/avatar\/fdc172c2af344133d19e57e4b7acdee4?s=96&d=mm&r=g\",\"caption\":\"Eliza Riva\"},\"sameAs\":[\"http:\/\/www.innoticiasbo.com\"],\"url\":\"https:\/\/innoticiasbo.com\/index.php\/author\/prensa-4\/\"}]}<\/script>\n<!-- \/ Yoast SEO plugin. -->","yoast_head_json":{"title":"DEBATE DE CANDIDATOS A GOBERNADOR, 10 EN COCHABAMBA Y 96 EN TODO EL PA\u00cdS LE HABLAR\u00c1N AL ELECTOR - innoticiasbo.com","robots":{"index":"index","follow":"follow","max-snippet":"max-snippet:-1","max-image-preview":"max-image-preview:large","max-video-preview":"max-video-preview:-1"},"canonical":"https:\/\/innoticiasbo.com\/index.php\/2026\/03\/11\/debate-de-candidatos-a-gobernador-10-en-cochabamba-y-96-en-todo-el-pais-le-hablaran-al-elector\/","og_locale":"es_ES","og_type":"article","og_title":"DEBATE DE CANDIDATOS A GOBERNADOR, 10 EN COCHABAMBA Y 96 EN TODO EL PA\u00cdS LE HABLAR\u00c1N AL ELECTOR - innoticiasbo.com","og_description":"Esta noche , candidatos al cargo de Gobernador expondr\u00e1n sus planes de Gobierno y debatir\u00e1n con miras a las elecciones subnacionales, del pr\u00f3ximo 22 marzo. En total , 96 postulantes&nbsp; distribuidos en los nueve departamentos:&nbsp;La Paz, 17 postulantes; Potos\u00ed y Oruro a 13 cada uno; Santa Cruz, 11, Cochabamba, 10 candidatos; los departamentos de Beni,...","og_url":"https:\/\/innoticiasbo.com\/index.php\/2026\/03\/11\/debate-de-candidatos-a-gobernador-10-en-cochabamba-y-96-en-todo-el-pais-le-hablaran-al-elector\/","og_site_name":"innoticiasbo.com","article_publisher":"https:\/\/www.facebook.com\/innoticiasbolivia","article_published_time":"2026-03-12T00:08:41+00:00","og_image":[{"width":1500,"height":1500,"url":"https:\/\/i0.wp.com\/innoticiasbo.com\/wp-content\/uploads\/2026\/03\/img_8450-1.jpg?fit=1500%2C1500&ssl=1","type":"image\/jpeg"}],"author":"Eliza Riva","twitter_card":"summary_large_image","twitter_creator":"@innoticiasbo","twitter_site":"@innoticiasbo","twitter_misc":{"Escrito por":"Eliza Riva","Tiempo de lectura":"5 minutos"},"schema":{"@context":"https:\/\/schema.org","@graph":[{"@type":"Article","@id":"https:\/\/innoticiasbo.com\/index.php\/2026\/03\/11\/debate-de-candidatos-a-gobernador-10-en-cochabamba-y-96-en-todo-el-pais-le-hablaran-al-elector\/#article","isPartOf":{"@id":"https:\/\/innoticiasbo.com\/index.php\/2026\/03\/11\/debate-de-candidatos-a-gobernador-10-en-cochabamba-y-96-en-todo-el-pais-le-hablaran-al-elector\/"},"author":{"name":"Eliza Riva","@id":"https:\/\/innoticiasbo.com\/#\/schema\/person\/8c935b6b11c0223d8f77dc01fc948202"},"headline":"DEBATE DE CANDIDATOS A GOBERNADOR, 10 EN COCHABAMBA Y 96 EN TODO EL PA\u00cdS LE HABLAR\u00c1N AL ELECTOR","datePublished":"2026-03-12T00:08:41+00:00","dateModified":"2026-03-12T00:08:41+00:00","mainEntityOfPage":{"@id":"https:\/\/innoticiasbo.com\/index.php\/2026\/03\/11\/debate-de-candidatos-a-gobernador-10-en-cochabamba-y-96-en-todo-el-pais-le-hablaran-al-elector\/"},"wordCount":1011,"publisher":{"@id":"https:\/\/innoticiasbo.com\/#organization"},"image":{"@id":"https:\/\/innoticiasbo.com\/index.php\/2026\/03\/11\/debate-de-candidatos-a-gobernador-10-en-cochabamba-y-96-en-todo-el-pais-le-hablaran-al-elector\/#primaryimage"},"thumbnailUrl":"https:\/\/i0.wp.com\/innoticiasbo.com\/wp-content\/uploads\/2026\/03\/img_8450-1.jpg?fit=1500%2C1500&ssl=1","articleSection":["Bolivia"],"inLanguage":"es"},{"@type":"WebPage","@id":"https:\/\/innoticiasbo.com\/index.php\/2026\/03\/11\/debate-de-candidatos-a-gobernador-10-en-cochabamba-y-96-en-todo-el-pais-le-hablaran-al-elector\/","url":"https:\/\/innoticiasbo.com\/index.php\/2026\/03\/11\/debate-de-candidatos-a-gobernador-10-en-cochabamba-y-96-en-todo-el-pais-le-hablaran-al-elector\/","name":"DEBATE DE CANDIDATOS A GOBERNADOR, 10 EN COCHABAMBA Y 96 EN TODO EL PA\u00cdS LE HABLAR\u00c1N AL ELECTOR - innoticiasbo.com","isPartOf":{"@id":"https:\/\/innoticiasbo.com\/#website"},"primaryImageOfPage":{"@id":"https:\/\/innoticiasbo.com\/index.php\/2026\/03\/11\/debate-de-candidatos-a-gobernador-10-en-cochabamba-y-96-en-todo-el-pais-le-hablaran-al-elector\/#primaryimage"},"image":{"@id":"https:\/\/innoticiasbo.com\/index.php\/2026\/03\/11\/debate-de-candidatos-a-gobernador-10-en-cochabamba-y-96-en-todo-el-pais-le-hablaran-al-elector\/#primaryimage"},"thumbnailUrl":"https:\/\/i0.wp.com\/innoticiasbo.com\/wp-content\/uploads\/2026\/03\/img_8450-1.jpg?fit=1500%2C1500&ssl=1","datePublished":"2026-03-12T00:08:41+00:00","dateModified":"2026-03-12T00:08:41+00:00","breadcrumb":{"@id":"https:\/\/innoticiasbo.com\/index.php\/2026\/03\/11\/debate-de-candidatos-a-gobernador-10-en-cochabamba-y-96-en-todo-el-pais-le-hablaran-al-elector\/#breadcrumb"},"inLanguage":"es","potentialAction":[{"@type":"ReadAction","target":["https:\/\/innoticiasbo.com\/index.php\/2026\/03\/11\/debate-de-candidatos-a-gobernador-10-en-cochabamba-y-96-en-todo-el-pais-le-hablaran-al-elector\/"]}]},{"@type":"ImageObject","inLanguage":"es","@id":"https:\/\/innoticiasbo.com\/index.php\/2026\/03\/11\/debate-de-candidatos-a-gobernador-10-en-cochabamba-y-96-en-todo-el-pais-le-hablaran-al-elector\/#primaryimage","url":"https:\/\/i0.wp.com\/innoticiasbo.com\/wp-content\/uploads\/2026\/03\/img_8450-1.jpg?fit=1500%2C1500&ssl=1","contentUrl":"https:\/\/i0.wp.com\/innoticiasbo.com\/wp-content\/uploads\/2026\/03\/img_8450-1.jpg?fit=1500%2C1500&ssl=1","width":1500,"height":1500},{"@type":"BreadcrumbList","@id":"https:\/\/innoticiasbo.com\/index.php\/2026\/03\/11\/debate-de-candidatos-a-gobernador-10-en-cochabamba-y-96-en-todo-el-pais-le-hablaran-al-elector\/#breadcrumb","itemListElement":[{"@type":"ListItem","position":1,"name":"Portada","item":"https:\/\/innoticiasbo.com\/"},{"@type":"ListItem","position":2,"name":"DEBATE DE CANDIDATOS A GOBERNADOR, 10 EN COCHABAMBA Y 96 EN TODO EL PA\u00cdS LE HABLAR\u00c1N AL ELECTOR"}]},{"@type":"WebSite","@id":"https:\/\/innoticiasbo.com\/#website","url":"https:\/\/innoticiasbo.com\/","name":"innoticiasbo.com","description":"","publisher":{"@id":"https:\/\/innoticiasbo.com\/#organization"},"potentialAction":[{"@type":"SearchAction","target":{"@type":"EntryPoint","urlTemplate":"https:\/\/innoticiasbo.com\/?s={search_term_string}"},"query-input":{"@type":"PropertyValueSpecification","valueRequired":true,"valueName":"search_term_string"}}],"inLanguage":"es"},{"@type":"Organization","@id":"https:\/\/innoticiasbo.com\/#organization","name":"innoticiasbo.com","url":"https:\/\/innoticiasbo.com\/","logo":{"@type":"ImageObject","inLanguage":"es","@id":"https:\/\/innoticiasbo.com\/#\/schema\/logo\/image\/","url":"https:\/\/i0.wp.com\/innoticiasbo.com\/wp-content\/uploads\/2026\/04\/cropped-IN-LOGO.png?fit=1476%2C1476&ssl=1","contentUrl":"https:\/\/i0.wp.com\/innoticiasbo.com\/wp-content\/uploads\/2026\/04\/cropped-IN-LOGO.png?fit=1476%2C1476&ssl=1","width":1476,"height":1476,"caption":"innoticiasbo.com"},"image":{"@id":"https:\/\/innoticiasbo.com\/#\/schema\/logo\/image\/"},"sameAs":["https:\/\/www.facebook.com\/innoticiasbolivia","https:\/\/x.com\/innoticiasbo","https:\/\/www.instagram.com\/innoticiasbo","https:\/\/www.youtube.com\/innoticiasbo"]},{"@type":"Person","@id":"https:\/\/innoticiasbo.com\/#\/schema\/person\/8c935b6b11c0223d8f77dc01fc948202","name":"Eliza Riva","image":{"@type":"ImageObject","inLanguage":"es","@id":"https:\/\/innoticiasbo.com\/#\/schema\/person\/image\/","url":"https:\/\/secure.gravatar.com\/avatar\/fdc172c2af344133d19e57e4b7acdee4?s=96&d=mm&r=g","contentUrl":"https:\/\/secure.gravatar.com\/avatar\/fdc172c2af344133d19e57e4b7acdee4?s=96&d=mm&r=g","caption":"Eliza Riva"},"sameAs":["http:\/\/www.innoticiasbo.com"],"url":"https:\/\/innoticiasbo.com\/index.php\/author\/prensa-4\/"}]}},"jetpack_featured_media_url":"https:\/\/i0.wp.com\/innoticiasbo.com\/wp-content\/uploads\/2026\/03\/img_8450-1.jpg?fit=1500%2C1500&ssl=1","jetpack_likes_enabled":true,"jetpack_sharing_enabled":true,"jetpack_shortlink":"https:\/\/wp.me\/pg298x-2sJ","_links":{"self":[{"href":"https:\/\/innoticiasbo.com\/index.php\/wp-json\/wp\/v2\/posts\/9469","targetHints":{"allow":["GET"]}}],"collection":[{"href":"https:\/\/innoticiasbo.com\/index.php\/wp-json\/wp\/v2\/posts"}],"about":[{"href":"https:\/\/innoticiasbo.com\/index.php\/wp-json\/wp\/v2\/types\/post"}],"author":[{"embeddable":true,"href":"https:\/\/innoticiasbo.com\/index.php\/wp-json\/wp\/v2\/users\/6"}],"replies":[{"embeddable":true,"href":"https:\/\/innoticiasbo.com\/index.php\/wp-json\/wp\/v2\/comments?post=9469"}],"version-history":[{"count":1,"href":"https:\/\/innoticiasbo.com\/index.php\/wp-json\/wp\/v2\/posts\/9469\/revisions"}],"predecessor-version":[{"id":9470,"href":"https:\/\/innoticiasbo.com\/index.php\/wp-json\/wp\/v2\/posts\/9469\/revisions\/9470"}],"wp:featuredmedia":[{"embeddable":true,"href":"https:\/\/innoticiasbo.com\/index.php\/wp-json\/wp\/v2\/media\/9468"}],"wp:attachment":[{"href":"https:\/\/innoticiasbo.com\/index.php\/wp-json\/wp\/v2\/media?parent=9469"}],"wp:term":[{"taxonomy":"category","embeddable":true,"href":"https:\/\/innoticiasbo.com\/index.php\/wp-json\/wp\/v2\/categories?post=9469"},{"taxonomy":"post_tag","embeddable":true,"href":"https:\/\/innoticiasbo.com\/index.php\/wp-json\/wp\/v2\/tags?post=9469"}],"curies":[{"name":"wp","href":"https:\/\/api.w.org\/{rel}","templated":true}]}}