{"id":9462,"date":"2026-03-11T13:08:13","date_gmt":"2026-03-11T17:08:13","guid":{"rendered":"https:\/\/innoticiasbo.com\/?p=9462"},"modified":"2026-03-11T13:08:13","modified_gmt":"2026-03-11T17:08:13","slug":"ante-la-falta-de-medicamentos-la-industria-farmaceutica-urge-al-gobierno-actualizar-los-precios-referenciales","status":"publish","type":"post","link":"https:\/\/innoticiasbo.com\/index.php\/2026\/03\/11\/ante-la-falta-de-medicamentos-la-industria-farmaceutica-urge-al-gobierno-actualizar-los-precios-referenciales\/","title":{"rendered":"ANTE LA FALTA DE MEDICAMENTOS, LA INDUSTRIA FARMAC\u00c9UTICA URGE AL GOBIERNO ACTUALIZAR LOS PRECIOS REFERENCIALES"},"content":{"rendered":"\n<figure class=\"wp-block-image size-large\"><img data-recalc-dims=\"1\" loading=\"lazy\" decoding=\"async\" width=\"640\" height=\"273\" src=\"https:\/\/i0.wp.com\/innoticiasbo.com\/wp-content\/uploads\/2026\/03\/image-141.png?resize=640%2C273&#038;ssl=1\" alt=\"\" class=\"wp-image-9463\" srcset=\"https:\/\/i0.wp.com\/innoticiasbo.com\/wp-content\/uploads\/2026\/03\/image-141.png?resize=1024%2C436&amp;ssl=1 1024w, https:\/\/i0.wp.com\/innoticiasbo.com\/wp-content\/uploads\/2026\/03\/image-141.png?resize=300%2C128&amp;ssl=1 300w, https:\/\/i0.wp.com\/innoticiasbo.com\/wp-content\/uploads\/2026\/03\/image-141.png?resize=768%2C327&amp;ssl=1 768w, https:\/\/i0.wp.com\/innoticiasbo.com\/wp-content\/uploads\/2026\/03\/image-141.png?w=1280&amp;ssl=1 1280w\" sizes=\"auto, (max-width: 640px) 100vw, 640px\" \/><\/figure>\n\n\n\n<p>Pais, 11 de Marzo de 2026.- El sector denunci\u00f3 que, debido a esta situaci\u00f3n, las licitaciones de estos insumos no prosperan, por ello piden la intervenci\u00f3n de la Agemed y el Ministerio de Econom\u00eda, instancias a las que urgen un di\u00e1logo para encontrar una soluci\u00f3n.<\/p>\n\n\n\n<p>Debido a la falta de medicamentos e insumos en algunos hospitales del pa\u00eds, la C\u00e1mara de la Industria Farmac\u00e9utica Boliviana (Cifabol) pidi\u00f3 al Gobierno \u201cactualizar\u201d los precios referenciales de los f\u00e1rmacos porque -seg\u00fan su versi\u00f3n- los actuales no condicen con la realidad econ\u00f3mica del pa\u00eds.<\/p>\n\n\n\n<p>El sector denunci\u00f3 que, debido a esta situaci\u00f3n, las licitaciones de estos insumos no prosperan, por ello <strong>piden la intervenci\u00f3n de la Agencia Estatal de Medicamentos y Tecnolog\u00edas en Salud (Agemed) y el Ministerio de Econom\u00eda<\/strong>, instancias a las que urgen un di\u00e1logo para encontrar una soluci\u00f3n.<\/p>\n\n\n\n<p>\u201c<strong>Son precios que est\u00e1n desajustados a una realidad econ\u00f3mica<\/strong>, son precios que no est\u00e1n respondiendo a la inflaci\u00f3n. Para nosotros, no est\u00e1n considerando los costos laborales que ahora tenemos con el nuevo Salario M\u00ednimo Nacional\u201d, indic\u00f3 este mi\u00e9rcoles el gerente de Cifabol, Joshep Lino.<\/p>\n\n\n\n<p>Los hospitales del complejo de Miraflores en La Paz tienen pocos medicamentos. Hasta los f\u00e1rmacos para procedimientos de riesgo comienzan a faltar.<\/p>\n\n\n\n<p>El gobernador de La Paz, Santos Quispe, ha confirmado que el presupuesto para ese tipo de licitaciones se debe ajustar debido a los precios y la subida del d\u00f3lar, que se ubica en Bs 8,50 en promedio, pero est\u00e1 por encima de los Bs 6,96 que establece la cotizaci\u00f3n oficial del Banco Central de Bolivia (BCB).<\/p>\n\n\n\n<p>\u201c<strong>Al Gobierno le hemos pedido sentarnos, trabajar, pero no estamos encontrando esas soluciones <\/strong>y lamentablemente eso est\u00e1 repercutiendo en que las entidades y los hospitales no tengan los medicamentos que necesitan\u201d, afirm\u00f3 el gerente de Cifabol.<\/p>\n\n\n\n<p>En su juicio, este es un tema que lo tienen tratar Agemed, dependiente del Ministerio de Salud, \u201cpero tambi\u00e9n es necesario convocar a Econom\u00eda porque los precios referenciales tambi\u00e9n impactan en los presupuestos\u201d.<\/p>\n\n\n\n<p>\u201c<strong>Si nivelas precios referenciales, vas a tener que tener presupuestos que respondan a esos nuevos procesos de contrataci\u00f3n<\/strong>\u201d, coment\u00f3.<\/p>\n\n\n\n<p>La actualizaci\u00f3n de los precios referenciales utilizados en los procesos de compra p\u00fablica servir\u00e1n para que la oferta nacional de medicamentos no se vea limitada en las licitaciones del sistema p\u00fablico de salud.<\/p>\n\n\n\n<p>Cifabol <strong>reiter\u00f3 la importancia de fortalecer la coordinaci\u00f3n entre las autoridades y el sector productivo <\/strong>para garantizar condiciones adecuadas de abastecimiento de medicamentos en beneficio de la poblaci\u00f3n.<\/p>\n\n\n\n<p>\u201cNuestras empresas han mantenido su compromiso inquebrantable con el acceso al medicamento, la salud p\u00fablica, la inversi\u00f3n y la generaci\u00f3n de empleo digno y establece para las familias bolivianas, <strong>pero persisten condiciones que dificultan nuestra competitividad<\/strong> y el reconocimiento de nuestro rol como pilar estrat\u00e9gico de la soberan\u00eda nacional\u201d, se\u00f1ala la c\u00e1mara.<\/p>\n\n\n\n<p>Fuente: Unitel<\/p>\n","protected":false},"excerpt":{"rendered":"<p>Pais, 11 de Marzo de 2026.- El sector denunci\u00f3 que, debido a esta situaci\u00f3n, las licitaciones de estos insumos no prosperan, por ello piden la intervenci\u00f3n de la Agemed y el Ministerio de Econom\u00eda, instancias a las que urgen un di\u00e1logo para encontrar una soluci\u00f3n. Debido a la falta de medicamentos e insumos en algunos&#8230;<\/p>\n","protected":false},"author":11,"featured_media":9463,"comment_status":"open","ping_status":"open","sticky":false,"template":"","format":"standard","meta":{"_jetpack_memberships_contains_paid_content":false,"footnotes":"","jetpack_publicize_message":"","jetpack_publicize_feature_enabled":true,"jetpack_social_post_already_shared":true,"jetpack_social_options":{"image_generator_settings":{"template":"highway","enabled":false},"version":2}},"categories":[1,16],"tags":[1427,7,18,1425,1426],"class_list":["post-9462","post","type-post","status-publish","format-standard","has-post-thumbnail","hentry","category-bolivia","category-economia","tag-actualizacion-de-precios","tag-bolivia","tag-economia","tag-farmacos","tag-medicamentos"],"jetpack_publicize_connections":[],"yoast_head":"<!-- This site is optimized with the Yoast SEO plugin v23.4 - https:\/\/yoast.com\/wordpress\/plugins\/seo\/ -->\n<title>ANTE LA FALTA DE MEDICAMENTOS, LA INDUSTRIA FARMAC\u00c9UTICA URGE AL GOBIERNO ACTUALIZAR LOS PRECIOS REFERENCIALES - innoticiasbo.com<\/title>\n<meta name=\"robots\" content=\"index, follow, max-snippet:-1, max-image-preview:large, max-video-preview:-1\" \/>\n<link rel=\"canonical\" href=\"https:\/\/innoticiasbo.com\/index.php\/2026\/03\/11\/ante-la-falta-de-medicamentos-la-industria-farmaceutica-urge-al-gobierno-actualizar-los-precios-referenciales\/\" \/>\n<meta property=\"og:locale\" content=\"es_ES\" \/>\n<meta property=\"og:type\" content=\"article\" \/>\n<meta property=\"og:title\" content=\"ANTE LA FALTA DE MEDICAMENTOS, LA INDUSTRIA FARMAC\u00c9UTICA URGE AL GOBIERNO ACTUALIZAR LOS PRECIOS REFERENCIALES - innoticiasbo.com\" \/>\n<meta property=\"og:description\" content=\"Pais, 11 de Marzo de 2026.- El sector denunci\u00f3 que, debido a esta situaci\u00f3n, las licitaciones de estos insumos no prosperan, por ello piden la intervenci\u00f3n de la Agemed y el Ministerio de Econom\u00eda, instancias a las que urgen un di\u00e1logo para encontrar una soluci\u00f3n. Debido a la falta de medicamentos e insumos en algunos...\" \/>\n<meta property=\"og:url\" content=\"https:\/\/innoticiasbo.com\/index.php\/2026\/03\/11\/ante-la-falta-de-medicamentos-la-industria-farmaceutica-urge-al-gobierno-actualizar-los-precios-referenciales\/\" \/>\n<meta property=\"og:site_name\" content=\"innoticiasbo.com\" \/>\n<meta property=\"article:publisher\" content=\"https:\/\/www.facebook.com\/innoticiasbolivia\" \/>\n<meta property=\"article:published_time\" content=\"2026-03-11T17:08:13+00:00\" \/>\n<meta property=\"og:image\" content=\"https:\/\/innoticiasbo.com\/wp-content\/uploads\/2026\/03\/image-141.png\" \/>\n\t<meta property=\"og:image:width\" content=\"1280\" \/>\n\t<meta property=\"og:image:height\" content=\"545\" \/>\n\t<meta property=\"og:image:type\" content=\"image\/png\" \/>\n<meta name=\"author\" content=\"Prensa 11\" \/>\n<meta name=\"twitter:card\" content=\"summary_large_image\" \/>\n<meta name=\"twitter:creator\" content=\"@innoticiasbo\" \/>\n<meta name=\"twitter:site\" content=\"@innoticiasbo\" \/>\n<meta name=\"twitter:label1\" content=\"Escrito por\" \/>\n\t<meta name=\"twitter:data1\" content=\"Prensa 11\" \/>\n\t<meta name=\"twitter:label2\" content=\"Tiempo de lectura\" \/>\n\t<meta name=\"twitter:data2\" content=\"3 minutos\" \/>\n<script type=\"application\/ld+json\" class=\"yoast-schema-graph\">{\"@context\":\"https:\/\/schema.org\",\"@graph\":[{\"@type\":\"Article\",\"@id\":\"https:\/\/innoticiasbo.com\/index.php\/2026\/03\/11\/ante-la-falta-de-medicamentos-la-industria-farmaceutica-urge-al-gobierno-actualizar-los-precios-referenciales\/#article\",\"isPartOf\":{\"@id\":\"https:\/\/innoticiasbo.com\/index.php\/2026\/03\/11\/ante-la-falta-de-medicamentos-la-industria-farmaceutica-urge-al-gobierno-actualizar-los-precios-referenciales\/\"},\"author\":{\"name\":\"Prensa 11\",\"@id\":\"https:\/\/innoticiasbo.com\/#\/schema\/person\/0b28481e8d0316f83a13bc702311def5\"},\"headline\":\"ANTE LA FALTA DE MEDICAMENTOS, LA INDUSTRIA FARMAC\u00c9UTICA URGE AL GOBIERNO ACTUALIZAR LOS PRECIOS REFERENCIALES\",\"datePublished\":\"2026-03-11T17:08:13+00:00\",\"dateModified\":\"2026-03-11T17:08:13+00:00\",\"mainEntityOfPage\":{\"@id\":\"https:\/\/innoticiasbo.com\/index.php\/2026\/03\/11\/ante-la-falta-de-medicamentos-la-industria-farmaceutica-urge-al-gobierno-actualizar-los-precios-referenciales\/\"},\"wordCount\":521,\"commentCount\":0,\"publisher\":{\"@id\":\"https:\/\/innoticiasbo.com\/#organization\"},\"image\":{\"@id\":\"https:\/\/innoticiasbo.com\/index.php\/2026\/03\/11\/ante-la-falta-de-medicamentos-la-industria-farmaceutica-urge-al-gobierno-actualizar-los-precios-referenciales\/#primaryimage\"},\"thumbnailUrl\":\"https:\/\/i0.wp.com\/innoticiasbo.com\/wp-content\/uploads\/2026\/03\/image-141.png?fit=1280%2C545&ssl=1\",\"keywords\":[\"Actualizacion de precios\",\"Bolivia\",\"econom\u00eda\",\"Farmacos\",\"medicamentos\"],\"articleSection\":[\"Bolivia\",\"Econom\u00eda\"],\"inLanguage\":\"es\",\"potentialAction\":[{\"@type\":\"CommentAction\",\"name\":\"Comment\",\"target\":[\"https:\/\/innoticiasbo.com\/index.php\/2026\/03\/11\/ante-la-falta-de-medicamentos-la-industria-farmaceutica-urge-al-gobierno-actualizar-los-precios-referenciales\/#respond\"]}]},{\"@type\":\"WebPage\",\"@id\":\"https:\/\/innoticiasbo.com\/index.php\/2026\/03\/11\/ante-la-falta-de-medicamentos-la-industria-farmaceutica-urge-al-gobierno-actualizar-los-precios-referenciales\/\",\"url\":\"https:\/\/innoticiasbo.com\/index.php\/2026\/03\/11\/ante-la-falta-de-medicamentos-la-industria-farmaceutica-urge-al-gobierno-actualizar-los-precios-referenciales\/\",\"name\":\"ANTE LA FALTA DE MEDICAMENTOS, LA INDUSTRIA FARMAC\u00c9UTICA URGE AL GOBIERNO ACTUALIZAR LOS PRECIOS REFERENCIALES - innoticiasbo.com\",\"isPartOf\":{\"@id\":\"https:\/\/innoticiasbo.com\/#website\"},\"primaryImageOfPage\":{\"@id\":\"https:\/\/innoticiasbo.com\/index.php\/2026\/03\/11\/ante-la-falta-de-medicamentos-la-industria-farmaceutica-urge-al-gobierno-actualizar-los-precios-referenciales\/#primaryimage\"},\"image\":{\"@id\":\"https:\/\/innoticiasbo.com\/index.php\/2026\/03\/11\/ante-la-falta-de-medicamentos-la-industria-farmaceutica-urge-al-gobierno-actualizar-los-precios-referenciales\/#primaryimage\"},\"thumbnailUrl\":\"https:\/\/i0.wp.com\/innoticiasbo.com\/wp-content\/uploads\/2026\/03\/image-141.png?fit=1280%2C545&ssl=1\",\"datePublished\":\"2026-03-11T17:08:13+00:00\",\"dateModified\":\"2026-03-11T17:08:13+00:00\",\"breadcrumb\":{\"@id\":\"https:\/\/innoticiasbo.com\/index.php\/2026\/03\/11\/ante-la-falta-de-medicamentos-la-industria-farmaceutica-urge-al-gobierno-actualizar-los-precios-referenciales\/#breadcrumb\"},\"inLanguage\":\"es\",\"potentialAction\":[{\"@type\":\"ReadAction\",\"target\":[\"https:\/\/innoticiasbo.com\/index.php\/2026\/03\/11\/ante-la-falta-de-medicamentos-la-industria-farmaceutica-urge-al-gobierno-actualizar-los-precios-referenciales\/\"]}]},{\"@type\":\"ImageObject\",\"inLanguage\":\"es\",\"@id\":\"https:\/\/innoticiasbo.com\/index.php\/2026\/03\/11\/ante-la-falta-de-medicamentos-la-industria-farmaceutica-urge-al-gobierno-actualizar-los-precios-referenciales\/#primaryimage\",\"url\":\"https:\/\/i0.wp.com\/innoticiasbo.com\/wp-content\/uploads\/2026\/03\/image-141.png?fit=1280%2C545&ssl=1\",\"contentUrl\":\"https:\/\/i0.wp.com\/innoticiasbo.com\/wp-content\/uploads\/2026\/03\/image-141.png?fit=1280%2C545&ssl=1\",\"width\":1280,\"height\":545},{\"@type\":\"BreadcrumbList\",\"@id\":\"https:\/\/innoticiasbo.com\/index.php\/2026\/03\/11\/ante-la-falta-de-medicamentos-la-industria-farmaceutica-urge-al-gobierno-actualizar-los-precios-referenciales\/#breadcrumb\",\"itemListElement\":[{\"@type\":\"ListItem\",\"position\":1,\"name\":\"Portada\",\"item\":\"https:\/\/innoticiasbo.com\/\"},{\"@type\":\"ListItem\",\"position\":2,\"name\":\"ANTE LA FALTA DE MEDICAMENTOS, LA INDUSTRIA FARMAC\u00c9UTICA URGE AL GOBIERNO ACTUALIZAR LOS PRECIOS REFERENCIALES\"}]},{\"@type\":\"WebSite\",\"@id\":\"https:\/\/innoticiasbo.com\/#website\",\"url\":\"https:\/\/innoticiasbo.com\/\",\"name\":\"innoticiasbo.com\",\"description\":\"\",\"publisher\":{\"@id\":\"https:\/\/innoticiasbo.com\/#organization\"},\"potentialAction\":[{\"@type\":\"SearchAction\",\"target\":{\"@type\":\"EntryPoint\",\"urlTemplate\":\"https:\/\/innoticiasbo.com\/?s={search_term_string}\"},\"query-input\":{\"@type\":\"PropertyValueSpecification\",\"valueRequired\":true,\"valueName\":\"search_term_string\"}}],\"inLanguage\":\"es\"},{\"@type\":\"Organization\",\"@id\":\"https:\/\/innoticiasbo.com\/#organization\",\"name\":\"innoticiasbo.com\",\"url\":\"https:\/\/innoticiasbo.com\/\",\"logo\":{\"@type\":\"ImageObject\",\"inLanguage\":\"es\",\"@id\":\"https:\/\/innoticiasbo.com\/#\/schema\/logo\/image\/\",\"url\":\"https:\/\/i0.wp.com\/innoticiasbo.com\/wp-content\/uploads\/2026\/04\/cropped-IN-LOGO.png?fit=1476%2C1476&ssl=1\",\"contentUrl\":\"https:\/\/i0.wp.com\/innoticiasbo.com\/wp-content\/uploads\/2026\/04\/cropped-IN-LOGO.png?fit=1476%2C1476&ssl=1\",\"width\":1476,\"height\":1476,\"caption\":\"innoticiasbo.com\"},\"image\":{\"@id\":\"https:\/\/innoticiasbo.com\/#\/schema\/logo\/image\/\"},\"sameAs\":[\"https:\/\/www.facebook.com\/innoticiasbolivia\",\"https:\/\/x.com\/innoticiasbo\",\"https:\/\/www.instagram.com\/innoticiasbo\",\"https:\/\/www.youtube.com\/innoticiasbo\"]},{\"@type\":\"Person\",\"@id\":\"https:\/\/innoticiasbo.com\/#\/schema\/person\/0b28481e8d0316f83a13bc702311def5\",\"name\":\"Prensa 11\",\"image\":{\"@type\":\"ImageObject\",\"inLanguage\":\"es\",\"@id\":\"https:\/\/innoticiasbo.com\/#\/schema\/person\/image\/\",\"url\":\"https:\/\/secure.gravatar.com\/avatar\/696560c17349f1807a610bf83832bad0?s=96&d=mm&r=g\",\"contentUrl\":\"https:\/\/secure.gravatar.com\/avatar\/696560c17349f1807a610bf83832bad0?s=96&d=mm&r=g\",\"caption\":\"Prensa 11\"},\"sameAs\":[\"http:\/\/www.innoticiasbo.com\"],\"url\":\"https:\/\/innoticiasbo.com\/index.php\/author\/prensa-11\/\"}]}<\/script>\n<!-- \/ Yoast SEO plugin. -->","yoast_head_json":{"title":"ANTE LA FALTA DE MEDICAMENTOS, LA INDUSTRIA FARMAC\u00c9UTICA URGE AL GOBIERNO ACTUALIZAR LOS PRECIOS REFERENCIALES - innoticiasbo.com","robots":{"index":"index","follow":"follow","max-snippet":"max-snippet:-1","max-image-preview":"max-image-preview:large","max-video-preview":"max-video-preview:-1"},"canonical":"https:\/\/innoticiasbo.com\/index.php\/2026\/03\/11\/ante-la-falta-de-medicamentos-la-industria-farmaceutica-urge-al-gobierno-actualizar-los-precios-referenciales\/","og_locale":"es_ES","og_type":"article","og_title":"ANTE LA FALTA DE MEDICAMENTOS, LA INDUSTRIA FARMAC\u00c9UTICA URGE AL GOBIERNO ACTUALIZAR LOS PRECIOS REFERENCIALES - innoticiasbo.com","og_description":"Pais, 11 de Marzo de 2026.- El sector denunci\u00f3 que, debido a esta situaci\u00f3n, las licitaciones de estos insumos no prosperan, por ello piden la intervenci\u00f3n de la Agemed y el Ministerio de Econom\u00eda, instancias a las que urgen un di\u00e1logo para encontrar una soluci\u00f3n. Debido a la falta de medicamentos e insumos en algunos...","og_url":"https:\/\/innoticiasbo.com\/index.php\/2026\/03\/11\/ante-la-falta-de-medicamentos-la-industria-farmaceutica-urge-al-gobierno-actualizar-los-precios-referenciales\/","og_site_name":"innoticiasbo.com","article_publisher":"https:\/\/www.facebook.com\/innoticiasbolivia","article_published_time":"2026-03-11T17:08:13+00:00","og_image":[{"width":1280,"height":545,"url":"https:\/\/innoticiasbo.com\/wp-content\/uploads\/2026\/03\/image-141.png","type":"image\/png"}],"author":"Prensa 11","twitter_card":"summary_large_image","twitter_creator":"@innoticiasbo","twitter_site":"@innoticiasbo","twitter_misc":{"Escrito por":"Prensa 11","Tiempo de lectura":"3 minutos"},"schema":{"@context":"https:\/\/schema.org","@graph":[{"@type":"Article","@id":"https:\/\/innoticiasbo.com\/index.php\/2026\/03\/11\/ante-la-falta-de-medicamentos-la-industria-farmaceutica-urge-al-gobierno-actualizar-los-precios-referenciales\/#article","isPartOf":{"@id":"https:\/\/innoticiasbo.com\/index.php\/2026\/03\/11\/ante-la-falta-de-medicamentos-la-industria-farmaceutica-urge-al-gobierno-actualizar-los-precios-referenciales\/"},"author":{"name":"Prensa 11","@id":"https:\/\/innoticiasbo.com\/#\/schema\/person\/0b28481e8d0316f83a13bc702311def5"},"headline":"ANTE LA FALTA DE MEDICAMENTOS, LA INDUSTRIA FARMAC\u00c9UTICA URGE AL GOBIERNO ACTUALIZAR LOS PRECIOS REFERENCIALES","datePublished":"2026-03-11T17:08:13+00:00","dateModified":"2026-03-11T17:08:13+00:00","mainEntityOfPage":{"@id":"https:\/\/innoticiasbo.com\/index.php\/2026\/03\/11\/ante-la-falta-de-medicamentos-la-industria-farmaceutica-urge-al-gobierno-actualizar-los-precios-referenciales\/"},"wordCount":521,"commentCount":0,"publisher":{"@id":"https:\/\/innoticiasbo.com\/#organization"},"image":{"@id":"https:\/\/innoticiasbo.com\/index.php\/2026\/03\/11\/ante-la-falta-de-medicamentos-la-industria-farmaceutica-urge-al-gobierno-actualizar-los-precios-referenciales\/#primaryimage"},"thumbnailUrl":"https:\/\/i0.wp.com\/innoticiasbo.com\/wp-content\/uploads\/2026\/03\/image-141.png?fit=1280%2C545&ssl=1","keywords":["Actualizacion de precios","Bolivia","econom\u00eda","Farmacos","medicamentos"],"articleSection":["Bolivia","Econom\u00eda"],"inLanguage":"es","potentialAction":[{"@type":"CommentAction","name":"Comment","target":["https:\/\/innoticiasbo.com\/index.php\/2026\/03\/11\/ante-la-falta-de-medicamentos-la-industria-farmaceutica-urge-al-gobierno-actualizar-los-precios-referenciales\/#respond"]}]},{"@type":"WebPage","@id":"https:\/\/innoticiasbo.com\/index.php\/2026\/03\/11\/ante-la-falta-de-medicamentos-la-industria-farmaceutica-urge-al-gobierno-actualizar-los-precios-referenciales\/","url":"https:\/\/innoticiasbo.com\/index.php\/2026\/03\/11\/ante-la-falta-de-medicamentos-la-industria-farmaceutica-urge-al-gobierno-actualizar-los-precios-referenciales\/","name":"ANTE LA FALTA DE MEDICAMENTOS, LA INDUSTRIA FARMAC\u00c9UTICA URGE AL GOBIERNO ACTUALIZAR LOS PRECIOS REFERENCIALES - innoticiasbo.com","isPartOf":{"@id":"https:\/\/innoticiasbo.com\/#website"},"primaryImageOfPage":{"@id":"https:\/\/innoticiasbo.com\/index.php\/2026\/03\/11\/ante-la-falta-de-medicamentos-la-industria-farmaceutica-urge-al-gobierno-actualizar-los-precios-referenciales\/#primaryimage"},"image":{"@id":"https:\/\/innoticiasbo.com\/index.php\/2026\/03\/11\/ante-la-falta-de-medicamentos-la-industria-farmaceutica-urge-al-gobierno-actualizar-los-precios-referenciales\/#primaryimage"},"thumbnailUrl":"https:\/\/i0.wp.com\/innoticiasbo.com\/wp-content\/uploads\/2026\/03\/image-141.png?fit=1280%2C545&ssl=1","datePublished":"2026-03-11T17:08:13+00:00","dateModified":"2026-03-11T17:08:13+00:00","breadcrumb":{"@id":"https:\/\/innoticiasbo.com\/index.php\/2026\/03\/11\/ante-la-falta-de-medicamentos-la-industria-farmaceutica-urge-al-gobierno-actualizar-los-precios-referenciales\/#breadcrumb"},"inLanguage":"es","potentialAction":[{"@type":"ReadAction","target":["https:\/\/innoticiasbo.com\/index.php\/2026\/03\/11\/ante-la-falta-de-medicamentos-la-industria-farmaceutica-urge-al-gobierno-actualizar-los-precios-referenciales\/"]}]},{"@type":"ImageObject","inLanguage":"es","@id":"https:\/\/innoticiasbo.com\/index.php\/2026\/03\/11\/ante-la-falta-de-medicamentos-la-industria-farmaceutica-urge-al-gobierno-actualizar-los-precios-referenciales\/#primaryimage","url":"https:\/\/i0.wp.com\/innoticiasbo.com\/wp-content\/uploads\/2026\/03\/image-141.png?fit=1280%2C545&ssl=1","contentUrl":"https:\/\/i0.wp.com\/innoticiasbo.com\/wp-content\/uploads\/2026\/03\/image-141.png?fit=1280%2C545&ssl=1","width":1280,"height":545},{"@type":"BreadcrumbList","@id":"https:\/\/innoticiasbo.com\/index.php\/2026\/03\/11\/ante-la-falta-de-medicamentos-la-industria-farmaceutica-urge-al-gobierno-actualizar-los-precios-referenciales\/#breadcrumb","itemListElement":[{"@type":"ListItem","position":1,"name":"Portada","item":"https:\/\/innoticiasbo.com\/"},{"@type":"ListItem","position":2,"name":"ANTE LA FALTA DE MEDICAMENTOS, LA INDUSTRIA FARMAC\u00c9UTICA URGE AL GOBIERNO ACTUALIZAR LOS PRECIOS REFERENCIALES"}]},{"@type":"WebSite","@id":"https:\/\/innoticiasbo.com\/#website","url":"https:\/\/innoticiasbo.com\/","name":"innoticiasbo.com","description":"","publisher":{"@id":"https:\/\/innoticiasbo.com\/#organization"},"potentialAction":[{"@type":"SearchAction","target":{"@type":"EntryPoint","urlTemplate":"https:\/\/innoticiasbo.com\/?s={search_term_string}"},"query-input":{"@type":"PropertyValueSpecification","valueRequired":true,"valueName":"search_term_string"}}],"inLanguage":"es"},{"@type":"Organization","@id":"https:\/\/innoticiasbo.com\/#organization","name":"innoticiasbo.com","url":"https:\/\/innoticiasbo.com\/","logo":{"@type":"ImageObject","inLanguage":"es","@id":"https:\/\/innoticiasbo.com\/#\/schema\/logo\/image\/","url":"https:\/\/i0.wp.com\/innoticiasbo.com\/wp-content\/uploads\/2026\/04\/cropped-IN-LOGO.png?fit=1476%2C1476&ssl=1","contentUrl":"https:\/\/i0.wp.com\/innoticiasbo.com\/wp-content\/uploads\/2026\/04\/cropped-IN-LOGO.png?fit=1476%2C1476&ssl=1","width":1476,"height":1476,"caption":"innoticiasbo.com"},"image":{"@id":"https:\/\/innoticiasbo.com\/#\/schema\/logo\/image\/"},"sameAs":["https:\/\/www.facebook.com\/innoticiasbolivia","https:\/\/x.com\/innoticiasbo","https:\/\/www.instagram.com\/innoticiasbo","https:\/\/www.youtube.com\/innoticiasbo"]},{"@type":"Person","@id":"https:\/\/innoticiasbo.com\/#\/schema\/person\/0b28481e8d0316f83a13bc702311def5","name":"Prensa 11","image":{"@type":"ImageObject","inLanguage":"es","@id":"https:\/\/innoticiasbo.com\/#\/schema\/person\/image\/","url":"https:\/\/secure.gravatar.com\/avatar\/696560c17349f1807a610bf83832bad0?s=96&d=mm&r=g","contentUrl":"https:\/\/secure.gravatar.com\/avatar\/696560c17349f1807a610bf83832bad0?s=96&d=mm&r=g","caption":"Prensa 11"},"sameAs":["http:\/\/www.innoticiasbo.com"],"url":"https:\/\/innoticiasbo.com\/index.php\/author\/prensa-11\/"}]}},"jetpack_featured_media_url":"https:\/\/i0.wp.com\/innoticiasbo.com\/wp-content\/uploads\/2026\/03\/image-141.png?fit=1280%2C545&ssl=1","jetpack_likes_enabled":true,"jetpack_sharing_enabled":true,"jetpack_shortlink":"https:\/\/wp.me\/pg298x-2sC","_links":{"self":[{"href":"https:\/\/innoticiasbo.com\/index.php\/wp-json\/wp\/v2\/posts\/9462","targetHints":{"allow":["GET"]}}],"collection":[{"href":"https:\/\/innoticiasbo.com\/index.php\/wp-json\/wp\/v2\/posts"}],"about":[{"href":"https:\/\/innoticiasbo.com\/index.php\/wp-json\/wp\/v2\/types\/post"}],"author":[{"embeddable":true,"href":"https:\/\/innoticiasbo.com\/index.php\/wp-json\/wp\/v2\/users\/11"}],"replies":[{"embeddable":true,"href":"https:\/\/innoticiasbo.com\/index.php\/wp-json\/wp\/v2\/comments?post=9462"}],"version-history":[{"count":1,"href":"https:\/\/innoticiasbo.com\/index.php\/wp-json\/wp\/v2\/posts\/9462\/revisions"}],"predecessor-version":[{"id":9464,"href":"https:\/\/innoticiasbo.com\/index.php\/wp-json\/wp\/v2\/posts\/9462\/revisions\/9464"}],"wp:featuredmedia":[{"embeddable":true,"href":"https:\/\/innoticiasbo.com\/index.php\/wp-json\/wp\/v2\/media\/9463"}],"wp:attachment":[{"href":"https:\/\/innoticiasbo.com\/index.php\/wp-json\/wp\/v2\/media?parent=9462"}],"wp:term":[{"taxonomy":"category","embeddable":true,"href":"https:\/\/innoticiasbo.com\/index.php\/wp-json\/wp\/v2\/categories?post=9462"},{"taxonomy":"post_tag","embeddable":true,"href":"https:\/\/innoticiasbo.com\/index.php\/wp-json\/wp\/v2\/tags?post=9462"}],"curies":[{"name":"wp","href":"https:\/\/api.w.org\/{rel}","templated":true}]}}