{"id":9459,"date":"2026-03-11T13:01:26","date_gmt":"2026-03-11T17:01:26","guid":{"rendered":"https:\/\/innoticiasbo.com\/?p=9459"},"modified":"2026-03-11T13:01:27","modified_gmt":"2026-03-11T17:01:27","slug":"el-nuevo-lider-supremo-de-iran-ha-sido-herido-pero-se-encuentra-a-salvo","status":"publish","type":"post","link":"https:\/\/innoticiasbo.com\/index.php\/2026\/03\/11\/el-nuevo-lider-supremo-de-iran-ha-sido-herido-pero-se-encuentra-a-salvo\/","title":{"rendered":"EL NUEVO L\u00cdDER SUPREMO DE IR\u00c1N HA SIDO HERIDO, PERO SE ENCUENTRA A SALVO"},"content":{"rendered":"\n<figure class=\"wp-block-image size-full\"><img data-recalc-dims=\"1\" loading=\"lazy\" decoding=\"async\" width=\"640\" height=\"360\" src=\"https:\/\/i0.wp.com\/innoticiasbo.com\/wp-content\/uploads\/2026\/03\/image-140.png?resize=640%2C360&#038;ssl=1\" alt=\"\" class=\"wp-image-9460\" srcset=\"https:\/\/i0.wp.com\/innoticiasbo.com\/wp-content\/uploads\/2026\/03\/image-140.png?w=992&amp;ssl=1 992w, https:\/\/i0.wp.com\/innoticiasbo.com\/wp-content\/uploads\/2026\/03\/image-140.png?resize=300%2C169&amp;ssl=1 300w, https:\/\/i0.wp.com\/innoticiasbo.com\/wp-content\/uploads\/2026\/03\/image-140.png?resize=768%2C432&amp;ssl=1 768w\" sizes=\"auto, (max-width: 640px) 100vw, 640px\" \/><\/figure>\n\n\n\n<p><strong>Mundo, 11 de Marzo de 2026.-<\/strong> Las heridas del hijo del fallecido ayatol\u00e1 Al\u00ed Jamenei explican en parte, seg\u00fan el peri\u00f3dico estadounidense, por qu\u00e9 no ha sido visto en p\u00fablico ni en video, ni ha publicado ning\u00fan comunicado.<\/p>\n\n\n\n<p>El nuevo l\u00edder supremo iran\u00ed, Mojtaba Jamenei, result\u00f3 herido en el primer d\u00eda de la guerra de Estados Unidos e Israel contra Ir\u00e1n, pero se encuentra consciente, inform\u00f3 el diario estadounidense The New York Times, que cita fuentes oficiales iran\u00edes e israel\u00edes.<\/p>\n\n\n\n<p>\u00abO\u00ed la noticia de que Mojtaba Jamenei hab\u00eda resultado herido. Pregunt\u00e9 a amigos que tienen contactos y me han dicho que, gracias a Dios, se encuentra sano y salvo\u00bb, escribi\u00f3 tambi\u00e9n Yusef Pezeshkian, hijo del presidente Masoud Pezeshkian, en la red social Telegram, citado por la agencia AFP.<\/p>\n\n\n\n<p>Mojtaba Jamenei, de 56 a\u00f1os, habr\u00eda resultado herido durante el ataque que mat\u00f3 a su padre y predecesor, el ayatol\u00e1 Al\u00ed Jamenei, el primer d\u00eda de la ofensiva israeloestadounidense que desat\u00f3 la actual guerra en el Medio Oriente el pasado 28 de febrero, pero se desconocen los detalles sobre la gravedad de sus lesiones y no ha aparecido en p\u00fablico desde entonces.<\/p>\n\n\n\n<p>Seg\u00fan The New York Times, que cita a tres responsables iran\u00edes, tendr\u00eda heridas sobre todo en las piernas, pero est\u00e1 a salvo en un lugar de alta seguridad, aunque con posibilidades de comunicaci\u00f3n limitadas.<\/p>\n\n\n\n<p>Consciente, en refugio seguro, con comunicaci\u00f3n limitada.<\/p>\n\n\n\n<p>Las heridas del hijo del fallecido ayatol\u00e1 Al\u00ed Jamenei explican en parte, seg\u00fan el peri\u00f3dico estadounidense, por qu\u00e9 no ha sido visto en p\u00fablico ni en video, ni ha publicado ning\u00fan comunicado, desde que el domingo fue nombrado por los cl\u00e9rigos de Ir\u00e1n como sucesor de su padre, asesinado en la primera ola de ataques de la guerra el 28 de febrero.<\/p>\n\n\n\n<p>No obstante, otro factor clave es la preocupaci\u00f3n de que cualquier comunicaci\u00f3n, incluso por escrito, pueda revelar su ubicaci\u00f3n y ponerle en peligro, aseguraron al diario tres funcionarios iran\u00edes, que pidieron el anonimato.<\/p>\n\n\n\n<p>El nuevo l\u00edder supremo iran\u00ed se encuentra consciente y refugiado en un lugar seguro con capacidad limitada de comunicaci\u00f3n con el exterior, se\u00f1alaron las fuentes.<\/p>\n\n\n\n<p>Dos cargos militares israel\u00edes confirmaron al peri\u00f3dico que la inteligencia de Israel inform\u00f3, incluso antes del nombramiento de Mojtaba Jamenei, que hab\u00eda sido herido en las piernas, aunque no est\u00e1 claro el alcance ni la gravedad de esas lesiones.<\/p>\n\n\n\n<p>Varias organizaciones y medios iran\u00edes han usado en los \u00faltimos d\u00edas la expresi\u00f3n \u00abel veterano de guerra herido\u00bb para referirse al nuevo l\u00edder, una figura envuelta en misterio, cuya madre, esposa y uno de sus hijos murieron tambi\u00e9n en los ataques israel\u00edes y estadounidenses, asegura The New York Times.<\/p>\n\n\n\n<p>Fuente: Opini\u00f3n<\/p>\n","protected":false},"excerpt":{"rendered":"<p>Mundo, 11 de Marzo de 2026.- Las heridas del hijo del fallecido ayatol\u00e1 Al\u00ed Jamenei explican en parte, seg\u00fan el peri\u00f3dico estadounidense, por qu\u00e9 no ha sido visto en p\u00fablico ni en video, ni ha publicado ning\u00fan comunicado. El nuevo l\u00edder supremo iran\u00ed, Mojtaba Jamenei, result\u00f3 herido en el primer d\u00eda de la guerra de&#8230;<\/p>\n","protected":false},"author":11,"featured_media":9460,"comment_status":"open","ping_status":"open","sticky":false,"template":"","format":"standard","meta":{"_jetpack_memberships_contains_paid_content":false,"footnotes":"","jetpack_publicize_message":"","jetpack_publicize_feature_enabled":true,"jetpack_social_post_already_shared":true,"jetpack_social_options":{"image_generator_settings":{"template":"highway","enabled":false},"version":2}},"categories":[5,3],"tags":[836,8,1270,849,1424,97,10],"class_list":["post-9459","post","type-post","status-publish","format-standard","has-post-thumbnail","hentry","category-mundo","category-politica","tag-ataque-a-iran","tag-internacional","tag-iran-2","tag-iran","tag-lider-supremo","tag-mundo","tag-politica"],"jetpack_publicize_connections":[],"yoast_head":"<!-- This site is optimized with the Yoast SEO plugin v23.4 - https:\/\/yoast.com\/wordpress\/plugins\/seo\/ -->\n<title>EL NUEVO L\u00cdDER SUPREMO DE IR\u00c1N HA SIDO HERIDO, PERO SE ENCUENTRA A SALVO - innoticiasbo.com<\/title>\n<meta name=\"robots\" content=\"index, follow, max-snippet:-1, max-image-preview:large, max-video-preview:-1\" \/>\n<link rel=\"canonical\" href=\"https:\/\/innoticiasbo.com\/index.php\/2026\/03\/11\/el-nuevo-lider-supremo-de-iran-ha-sido-herido-pero-se-encuentra-a-salvo\/\" \/>\n<meta property=\"og:locale\" content=\"es_ES\" \/>\n<meta property=\"og:type\" content=\"article\" \/>\n<meta property=\"og:title\" content=\"EL NUEVO L\u00cdDER SUPREMO DE IR\u00c1N HA SIDO HERIDO, PERO SE ENCUENTRA A SALVO - innoticiasbo.com\" \/>\n<meta property=\"og:description\" content=\"Mundo, 11 de Marzo de 2026.- Las heridas del hijo del fallecido ayatol\u00e1 Al\u00ed Jamenei explican en parte, seg\u00fan el peri\u00f3dico estadounidense, por qu\u00e9 no ha sido visto en p\u00fablico ni en video, ni ha publicado ning\u00fan comunicado. El nuevo l\u00edder supremo iran\u00ed, Mojtaba Jamenei, result\u00f3 herido en el primer d\u00eda de la guerra de...\" \/>\n<meta property=\"og:url\" content=\"https:\/\/innoticiasbo.com\/index.php\/2026\/03\/11\/el-nuevo-lider-supremo-de-iran-ha-sido-herido-pero-se-encuentra-a-salvo\/\" \/>\n<meta property=\"og:site_name\" content=\"innoticiasbo.com\" \/>\n<meta property=\"article:publisher\" content=\"https:\/\/www.facebook.com\/innoticiasbolivia\" \/>\n<meta property=\"article:published_time\" content=\"2026-03-11T17:01:26+00:00\" \/>\n<meta property=\"article:modified_time\" content=\"2026-03-11T17:01:27+00:00\" \/>\n<meta property=\"og:image\" content=\"https:\/\/innoticiasbo.com\/wp-content\/uploads\/2026\/03\/image-140.png\" \/>\n\t<meta property=\"og:image:width\" content=\"992\" \/>\n\t<meta property=\"og:image:height\" content=\"558\" \/>\n\t<meta property=\"og:image:type\" content=\"image\/png\" \/>\n<meta name=\"author\" content=\"Prensa 11\" \/>\n<meta name=\"twitter:card\" content=\"summary_large_image\" \/>\n<meta name=\"twitter:creator\" content=\"@innoticiasbo\" \/>\n<meta name=\"twitter:site\" content=\"@innoticiasbo\" \/>\n<meta name=\"twitter:label1\" content=\"Escrito por\" \/>\n\t<meta name=\"twitter:data1\" content=\"Prensa 11\" \/>\n\t<meta name=\"twitter:label2\" content=\"Tiempo de lectura\" \/>\n\t<meta name=\"twitter:data2\" content=\"3 minutos\" \/>\n<script type=\"application\/ld+json\" class=\"yoast-schema-graph\">{\"@context\":\"https:\/\/schema.org\",\"@graph\":[{\"@type\":\"Article\",\"@id\":\"https:\/\/innoticiasbo.com\/index.php\/2026\/03\/11\/el-nuevo-lider-supremo-de-iran-ha-sido-herido-pero-se-encuentra-a-salvo\/#article\",\"isPartOf\":{\"@id\":\"https:\/\/innoticiasbo.com\/index.php\/2026\/03\/11\/el-nuevo-lider-supremo-de-iran-ha-sido-herido-pero-se-encuentra-a-salvo\/\"},\"author\":{\"name\":\"Prensa 11\",\"@id\":\"https:\/\/innoticiasbo.com\/#\/schema\/person\/0b28481e8d0316f83a13bc702311def5\"},\"headline\":\"EL NUEVO L\u00cdDER SUPREMO DE IR\u00c1N HA SIDO HERIDO, PERO SE ENCUENTRA A SALVO\",\"datePublished\":\"2026-03-11T17:01:26+00:00\",\"dateModified\":\"2026-03-11T17:01:27+00:00\",\"mainEntityOfPage\":{\"@id\":\"https:\/\/innoticiasbo.com\/index.php\/2026\/03\/11\/el-nuevo-lider-supremo-de-iran-ha-sido-herido-pero-se-encuentra-a-salvo\/\"},\"wordCount\":496,\"commentCount\":0,\"publisher\":{\"@id\":\"https:\/\/innoticiasbo.com\/#organization\"},\"image\":{\"@id\":\"https:\/\/innoticiasbo.com\/index.php\/2026\/03\/11\/el-nuevo-lider-supremo-de-iran-ha-sido-herido-pero-se-encuentra-a-salvo\/#primaryimage\"},\"thumbnailUrl\":\"https:\/\/i0.wp.com\/innoticiasbo.com\/wp-content\/uploads\/2026\/03\/image-140.png?fit=992%2C558&ssl=1\",\"keywords\":[\"ataque a Ir\u00e1n\",\"Internacional\",\"Iran\",\"ir\u00e1n\",\"L\u00edder Supremo\",\"Mundo\",\"Pol\u00edtica\"],\"articleSection\":[\"Mundo\",\"Pol\u00edtica\"],\"inLanguage\":\"es\",\"potentialAction\":[{\"@type\":\"CommentAction\",\"name\":\"Comment\",\"target\":[\"https:\/\/innoticiasbo.com\/index.php\/2026\/03\/11\/el-nuevo-lider-supremo-de-iran-ha-sido-herido-pero-se-encuentra-a-salvo\/#respond\"]}]},{\"@type\":\"WebPage\",\"@id\":\"https:\/\/innoticiasbo.com\/index.php\/2026\/03\/11\/el-nuevo-lider-supremo-de-iran-ha-sido-herido-pero-se-encuentra-a-salvo\/\",\"url\":\"https:\/\/innoticiasbo.com\/index.php\/2026\/03\/11\/el-nuevo-lider-supremo-de-iran-ha-sido-herido-pero-se-encuentra-a-salvo\/\",\"name\":\"EL NUEVO L\u00cdDER SUPREMO DE IR\u00c1N HA SIDO HERIDO, PERO SE ENCUENTRA A SALVO - innoticiasbo.com\",\"isPartOf\":{\"@id\":\"https:\/\/innoticiasbo.com\/#website\"},\"primaryImageOfPage\":{\"@id\":\"https:\/\/innoticiasbo.com\/index.php\/2026\/03\/11\/el-nuevo-lider-supremo-de-iran-ha-sido-herido-pero-se-encuentra-a-salvo\/#primaryimage\"},\"image\":{\"@id\":\"https:\/\/innoticiasbo.com\/index.php\/2026\/03\/11\/el-nuevo-lider-supremo-de-iran-ha-sido-herido-pero-se-encuentra-a-salvo\/#primaryimage\"},\"thumbnailUrl\":\"https:\/\/i0.wp.com\/innoticiasbo.com\/wp-content\/uploads\/2026\/03\/image-140.png?fit=992%2C558&ssl=1\",\"datePublished\":\"2026-03-11T17:01:26+00:00\",\"dateModified\":\"2026-03-11T17:01:27+00:00\",\"breadcrumb\":{\"@id\":\"https:\/\/innoticiasbo.com\/index.php\/2026\/03\/11\/el-nuevo-lider-supremo-de-iran-ha-sido-herido-pero-se-encuentra-a-salvo\/#breadcrumb\"},\"inLanguage\":\"es\",\"potentialAction\":[{\"@type\":\"ReadAction\",\"target\":[\"https:\/\/innoticiasbo.com\/index.php\/2026\/03\/11\/el-nuevo-lider-supremo-de-iran-ha-sido-herido-pero-se-encuentra-a-salvo\/\"]}]},{\"@type\":\"ImageObject\",\"inLanguage\":\"es\",\"@id\":\"https:\/\/innoticiasbo.com\/index.php\/2026\/03\/11\/el-nuevo-lider-supremo-de-iran-ha-sido-herido-pero-se-encuentra-a-salvo\/#primaryimage\",\"url\":\"https:\/\/i0.wp.com\/innoticiasbo.com\/wp-content\/uploads\/2026\/03\/image-140.png?fit=992%2C558&ssl=1\",\"contentUrl\":\"https:\/\/i0.wp.com\/innoticiasbo.com\/wp-content\/uploads\/2026\/03\/image-140.png?fit=992%2C558&ssl=1\",\"width\":992,\"height\":558},{\"@type\":\"BreadcrumbList\",\"@id\":\"https:\/\/innoticiasbo.com\/index.php\/2026\/03\/11\/el-nuevo-lider-supremo-de-iran-ha-sido-herido-pero-se-encuentra-a-salvo\/#breadcrumb\",\"itemListElement\":[{\"@type\":\"ListItem\",\"position\":1,\"name\":\"Portada\",\"item\":\"https:\/\/innoticiasbo.com\/\"},{\"@type\":\"ListItem\",\"position\":2,\"name\":\"EL NUEVO L\u00cdDER SUPREMO DE IR\u00c1N HA SIDO HERIDO, PERO SE ENCUENTRA A SALVO\"}]},{\"@type\":\"WebSite\",\"@id\":\"https:\/\/innoticiasbo.com\/#website\",\"url\":\"https:\/\/innoticiasbo.com\/\",\"name\":\"innoticiasbo.com\",\"description\":\"\",\"publisher\":{\"@id\":\"https:\/\/innoticiasbo.com\/#organization\"},\"potentialAction\":[{\"@type\":\"SearchAction\",\"target\":{\"@type\":\"EntryPoint\",\"urlTemplate\":\"https:\/\/innoticiasbo.com\/?s={search_term_string}\"},\"query-input\":{\"@type\":\"PropertyValueSpecification\",\"valueRequired\":true,\"valueName\":\"search_term_string\"}}],\"inLanguage\":\"es\"},{\"@type\":\"Organization\",\"@id\":\"https:\/\/innoticiasbo.com\/#organization\",\"name\":\"innoticiasbo.com\",\"url\":\"https:\/\/innoticiasbo.com\/\",\"logo\":{\"@type\":\"ImageObject\",\"inLanguage\":\"es\",\"@id\":\"https:\/\/innoticiasbo.com\/#\/schema\/logo\/image\/\",\"url\":\"https:\/\/i0.wp.com\/innoticiasbo.com\/wp-content\/uploads\/2026\/04\/cropped-IN-LOGO.png?fit=1476%2C1476&ssl=1\",\"contentUrl\":\"https:\/\/i0.wp.com\/innoticiasbo.com\/wp-content\/uploads\/2026\/04\/cropped-IN-LOGO.png?fit=1476%2C1476&ssl=1\",\"width\":1476,\"height\":1476,\"caption\":\"innoticiasbo.com\"},\"image\":{\"@id\":\"https:\/\/innoticiasbo.com\/#\/schema\/logo\/image\/\"},\"sameAs\":[\"https:\/\/www.facebook.com\/innoticiasbolivia\",\"https:\/\/x.com\/innoticiasbo\",\"https:\/\/www.instagram.com\/innoticiasbo\",\"https:\/\/www.youtube.com\/innoticiasbo\"]},{\"@type\":\"Person\",\"@id\":\"https:\/\/innoticiasbo.com\/#\/schema\/person\/0b28481e8d0316f83a13bc702311def5\",\"name\":\"Prensa 11\",\"image\":{\"@type\":\"ImageObject\",\"inLanguage\":\"es\",\"@id\":\"https:\/\/innoticiasbo.com\/#\/schema\/person\/image\/\",\"url\":\"https:\/\/secure.gravatar.com\/avatar\/696560c17349f1807a610bf83832bad0?s=96&d=mm&r=g\",\"contentUrl\":\"https:\/\/secure.gravatar.com\/avatar\/696560c17349f1807a610bf83832bad0?s=96&d=mm&r=g\",\"caption\":\"Prensa 11\"},\"sameAs\":[\"http:\/\/www.innoticiasbo.com\"],\"url\":\"https:\/\/innoticiasbo.com\/index.php\/author\/prensa-11\/\"}]}<\/script>\n<!-- \/ Yoast SEO plugin. -->","yoast_head_json":{"title":"EL NUEVO L\u00cdDER SUPREMO DE IR\u00c1N HA SIDO HERIDO, PERO SE ENCUENTRA A SALVO - innoticiasbo.com","robots":{"index":"index","follow":"follow","max-snippet":"max-snippet:-1","max-image-preview":"max-image-preview:large","max-video-preview":"max-video-preview:-1"},"canonical":"https:\/\/innoticiasbo.com\/index.php\/2026\/03\/11\/el-nuevo-lider-supremo-de-iran-ha-sido-herido-pero-se-encuentra-a-salvo\/","og_locale":"es_ES","og_type":"article","og_title":"EL NUEVO L\u00cdDER SUPREMO DE IR\u00c1N HA SIDO HERIDO, PERO SE ENCUENTRA A SALVO - innoticiasbo.com","og_description":"Mundo, 11 de Marzo de 2026.- Las heridas del hijo del fallecido ayatol\u00e1 Al\u00ed Jamenei explican en parte, seg\u00fan el peri\u00f3dico estadounidense, por qu\u00e9 no ha sido visto en p\u00fablico ni en video, ni ha publicado ning\u00fan comunicado. El nuevo l\u00edder supremo iran\u00ed, Mojtaba Jamenei, result\u00f3 herido en el primer d\u00eda de la guerra de...","og_url":"https:\/\/innoticiasbo.com\/index.php\/2026\/03\/11\/el-nuevo-lider-supremo-de-iran-ha-sido-herido-pero-se-encuentra-a-salvo\/","og_site_name":"innoticiasbo.com","article_publisher":"https:\/\/www.facebook.com\/innoticiasbolivia","article_published_time":"2026-03-11T17:01:26+00:00","article_modified_time":"2026-03-11T17:01:27+00:00","og_image":[{"width":992,"height":558,"url":"https:\/\/innoticiasbo.com\/wp-content\/uploads\/2026\/03\/image-140.png","type":"image\/png"}],"author":"Prensa 11","twitter_card":"summary_large_image","twitter_creator":"@innoticiasbo","twitter_site":"@innoticiasbo","twitter_misc":{"Escrito por":"Prensa 11","Tiempo de lectura":"3 minutos"},"schema":{"@context":"https:\/\/schema.org","@graph":[{"@type":"Article","@id":"https:\/\/innoticiasbo.com\/index.php\/2026\/03\/11\/el-nuevo-lider-supremo-de-iran-ha-sido-herido-pero-se-encuentra-a-salvo\/#article","isPartOf":{"@id":"https:\/\/innoticiasbo.com\/index.php\/2026\/03\/11\/el-nuevo-lider-supremo-de-iran-ha-sido-herido-pero-se-encuentra-a-salvo\/"},"author":{"name":"Prensa 11","@id":"https:\/\/innoticiasbo.com\/#\/schema\/person\/0b28481e8d0316f83a13bc702311def5"},"headline":"EL NUEVO L\u00cdDER SUPREMO DE IR\u00c1N HA SIDO HERIDO, PERO SE ENCUENTRA A SALVO","datePublished":"2026-03-11T17:01:26+00:00","dateModified":"2026-03-11T17:01:27+00:00","mainEntityOfPage":{"@id":"https:\/\/innoticiasbo.com\/index.php\/2026\/03\/11\/el-nuevo-lider-supremo-de-iran-ha-sido-herido-pero-se-encuentra-a-salvo\/"},"wordCount":496,"commentCount":0,"publisher":{"@id":"https:\/\/innoticiasbo.com\/#organization"},"image":{"@id":"https:\/\/innoticiasbo.com\/index.php\/2026\/03\/11\/el-nuevo-lider-supremo-de-iran-ha-sido-herido-pero-se-encuentra-a-salvo\/#primaryimage"},"thumbnailUrl":"https:\/\/i0.wp.com\/innoticiasbo.com\/wp-content\/uploads\/2026\/03\/image-140.png?fit=992%2C558&ssl=1","keywords":["ataque a Ir\u00e1n","Internacional","Iran","ir\u00e1n","L\u00edder Supremo","Mundo","Pol\u00edtica"],"articleSection":["Mundo","Pol\u00edtica"],"inLanguage":"es","potentialAction":[{"@type":"CommentAction","name":"Comment","target":["https:\/\/innoticiasbo.com\/index.php\/2026\/03\/11\/el-nuevo-lider-supremo-de-iran-ha-sido-herido-pero-se-encuentra-a-salvo\/#respond"]}]},{"@type":"WebPage","@id":"https:\/\/innoticiasbo.com\/index.php\/2026\/03\/11\/el-nuevo-lider-supremo-de-iran-ha-sido-herido-pero-se-encuentra-a-salvo\/","url":"https:\/\/innoticiasbo.com\/index.php\/2026\/03\/11\/el-nuevo-lider-supremo-de-iran-ha-sido-herido-pero-se-encuentra-a-salvo\/","name":"EL NUEVO L\u00cdDER SUPREMO DE IR\u00c1N HA SIDO HERIDO, PERO SE ENCUENTRA A SALVO - innoticiasbo.com","isPartOf":{"@id":"https:\/\/innoticiasbo.com\/#website"},"primaryImageOfPage":{"@id":"https:\/\/innoticiasbo.com\/index.php\/2026\/03\/11\/el-nuevo-lider-supremo-de-iran-ha-sido-herido-pero-se-encuentra-a-salvo\/#primaryimage"},"image":{"@id":"https:\/\/innoticiasbo.com\/index.php\/2026\/03\/11\/el-nuevo-lider-supremo-de-iran-ha-sido-herido-pero-se-encuentra-a-salvo\/#primaryimage"},"thumbnailUrl":"https:\/\/i0.wp.com\/innoticiasbo.com\/wp-content\/uploads\/2026\/03\/image-140.png?fit=992%2C558&ssl=1","datePublished":"2026-03-11T17:01:26+00:00","dateModified":"2026-03-11T17:01:27+00:00","breadcrumb":{"@id":"https:\/\/innoticiasbo.com\/index.php\/2026\/03\/11\/el-nuevo-lider-supremo-de-iran-ha-sido-herido-pero-se-encuentra-a-salvo\/#breadcrumb"},"inLanguage":"es","potentialAction":[{"@type":"ReadAction","target":["https:\/\/innoticiasbo.com\/index.php\/2026\/03\/11\/el-nuevo-lider-supremo-de-iran-ha-sido-herido-pero-se-encuentra-a-salvo\/"]}]},{"@type":"ImageObject","inLanguage":"es","@id":"https:\/\/innoticiasbo.com\/index.php\/2026\/03\/11\/el-nuevo-lider-supremo-de-iran-ha-sido-herido-pero-se-encuentra-a-salvo\/#primaryimage","url":"https:\/\/i0.wp.com\/innoticiasbo.com\/wp-content\/uploads\/2026\/03\/image-140.png?fit=992%2C558&ssl=1","contentUrl":"https:\/\/i0.wp.com\/innoticiasbo.com\/wp-content\/uploads\/2026\/03\/image-140.png?fit=992%2C558&ssl=1","width":992,"height":558},{"@type":"BreadcrumbList","@id":"https:\/\/innoticiasbo.com\/index.php\/2026\/03\/11\/el-nuevo-lider-supremo-de-iran-ha-sido-herido-pero-se-encuentra-a-salvo\/#breadcrumb","itemListElement":[{"@type":"ListItem","position":1,"name":"Portada","item":"https:\/\/innoticiasbo.com\/"},{"@type":"ListItem","position":2,"name":"EL NUEVO L\u00cdDER SUPREMO DE IR\u00c1N HA SIDO HERIDO, PERO SE ENCUENTRA A SALVO"}]},{"@type":"WebSite","@id":"https:\/\/innoticiasbo.com\/#website","url":"https:\/\/innoticiasbo.com\/","name":"innoticiasbo.com","description":"","publisher":{"@id":"https:\/\/innoticiasbo.com\/#organization"},"potentialAction":[{"@type":"SearchAction","target":{"@type":"EntryPoint","urlTemplate":"https:\/\/innoticiasbo.com\/?s={search_term_string}"},"query-input":{"@type":"PropertyValueSpecification","valueRequired":true,"valueName":"search_term_string"}}],"inLanguage":"es"},{"@type":"Organization","@id":"https:\/\/innoticiasbo.com\/#organization","name":"innoticiasbo.com","url":"https:\/\/innoticiasbo.com\/","logo":{"@type":"ImageObject","inLanguage":"es","@id":"https:\/\/innoticiasbo.com\/#\/schema\/logo\/image\/","url":"https:\/\/i0.wp.com\/innoticiasbo.com\/wp-content\/uploads\/2026\/04\/cropped-IN-LOGO.png?fit=1476%2C1476&ssl=1","contentUrl":"https:\/\/i0.wp.com\/innoticiasbo.com\/wp-content\/uploads\/2026\/04\/cropped-IN-LOGO.png?fit=1476%2C1476&ssl=1","width":1476,"height":1476,"caption":"innoticiasbo.com"},"image":{"@id":"https:\/\/innoticiasbo.com\/#\/schema\/logo\/image\/"},"sameAs":["https:\/\/www.facebook.com\/innoticiasbolivia","https:\/\/x.com\/innoticiasbo","https:\/\/www.instagram.com\/innoticiasbo","https:\/\/www.youtube.com\/innoticiasbo"]},{"@type":"Person","@id":"https:\/\/innoticiasbo.com\/#\/schema\/person\/0b28481e8d0316f83a13bc702311def5","name":"Prensa 11","image":{"@type":"ImageObject","inLanguage":"es","@id":"https:\/\/innoticiasbo.com\/#\/schema\/person\/image\/","url":"https:\/\/secure.gravatar.com\/avatar\/696560c17349f1807a610bf83832bad0?s=96&d=mm&r=g","contentUrl":"https:\/\/secure.gravatar.com\/avatar\/696560c17349f1807a610bf83832bad0?s=96&d=mm&r=g","caption":"Prensa 11"},"sameAs":["http:\/\/www.innoticiasbo.com"],"url":"https:\/\/innoticiasbo.com\/index.php\/author\/prensa-11\/"}]}},"jetpack_featured_media_url":"https:\/\/i0.wp.com\/innoticiasbo.com\/wp-content\/uploads\/2026\/03\/image-140.png?fit=992%2C558&ssl=1","jetpack_likes_enabled":true,"jetpack_sharing_enabled":true,"jetpack_shortlink":"https:\/\/wp.me\/pg298x-2sz","_links":{"self":[{"href":"https:\/\/innoticiasbo.com\/index.php\/wp-json\/wp\/v2\/posts\/9459","targetHints":{"allow":["GET"]}}],"collection":[{"href":"https:\/\/innoticiasbo.com\/index.php\/wp-json\/wp\/v2\/posts"}],"about":[{"href":"https:\/\/innoticiasbo.com\/index.php\/wp-json\/wp\/v2\/types\/post"}],"author":[{"embeddable":true,"href":"https:\/\/innoticiasbo.com\/index.php\/wp-json\/wp\/v2\/users\/11"}],"replies":[{"embeddable":true,"href":"https:\/\/innoticiasbo.com\/index.php\/wp-json\/wp\/v2\/comments?post=9459"}],"version-history":[{"count":1,"href":"https:\/\/innoticiasbo.com\/index.php\/wp-json\/wp\/v2\/posts\/9459\/revisions"}],"predecessor-version":[{"id":9461,"href":"https:\/\/innoticiasbo.com\/index.php\/wp-json\/wp\/v2\/posts\/9459\/revisions\/9461"}],"wp:featuredmedia":[{"embeddable":true,"href":"https:\/\/innoticiasbo.com\/index.php\/wp-json\/wp\/v2\/media\/9460"}],"wp:attachment":[{"href":"https:\/\/innoticiasbo.com\/index.php\/wp-json\/wp\/v2\/media?parent=9459"}],"wp:term":[{"taxonomy":"category","embeddable":true,"href":"https:\/\/innoticiasbo.com\/index.php\/wp-json\/wp\/v2\/categories?post=9459"},{"taxonomy":"post_tag","embeddable":true,"href":"https:\/\/innoticiasbo.com\/index.php\/wp-json\/wp\/v2\/tags?post=9459"}],"curies":[{"name":"wp","href":"https:\/\/api.w.org\/{rel}","templated":true}]}}