{"id":9456,"date":"2026-03-11T12:55:57","date_gmt":"2026-03-11T16:55:57","guid":{"rendered":"https:\/\/innoticiasbo.com\/?p=9456"},"modified":"2026-03-11T12:55:59","modified_gmt":"2026-03-11T16:55:59","slug":"lara-se-suma-al-cabildo-de-condori-para-reducir-salarios-de-autoridades","status":"publish","type":"post","link":"https:\/\/innoticiasbo.com\/index.php\/2026\/03\/11\/lara-se-suma-al-cabildo-de-condori-para-reducir-salarios-de-autoridades\/","title":{"rendered":"LARA SE SUMA AL CABILDO DE CONDORI PARA REDUCIR SALARIOS DE AUTORIDADES"},"content":{"rendered":"\n<figure class=\"wp-block-image size-full\"><img data-recalc-dims=\"1\" loading=\"lazy\" decoding=\"async\" width=\"640\" height=\"360\" src=\"https:\/\/i0.wp.com\/innoticiasbo.com\/wp-content\/uploads\/2026\/03\/image-139.png?resize=640%2C360&#038;ssl=1\" alt=\"\" class=\"wp-image-9457\" srcset=\"https:\/\/i0.wp.com\/innoticiasbo.com\/wp-content\/uploads\/2026\/03\/image-139.png?w=992&amp;ssl=1 992w, https:\/\/i0.wp.com\/innoticiasbo.com\/wp-content\/uploads\/2026\/03\/image-139.png?resize=300%2C169&amp;ssl=1 300w, https:\/\/i0.wp.com\/innoticiasbo.com\/wp-content\/uploads\/2026\/03\/image-139.png?resize=768%2C432&amp;ssl=1 768w\" sizes=\"auto, (max-width: 640px) 100vw, 640px\" \/><\/figure>\n\n\n\n<p><strong>Pa\u00eds, 11 de Marzo de 2026.-<\/strong> Condori convoc\u00f3 al cabildo, en medio de su gira nacional, donde verifica el trabajo de sus colegas parlamentarios y promueve la realizaci\u00f3n de un referendo para bajarles los salarios a la mitad.<\/p>\n\n\n\n<p>El vicepresidente Edmand Lara anunci\u00f3 que ha decidido sumarse al cabildo convocado por el senador Nilton Condori para el 11 de abril en El Alto, con el objetivo de pedir la eliminaci\u00f3n de la renta vitalicia de expresidentes y reducir salarios de funcionarios.<\/p>\n\n\n\n<p>Condori convoc\u00f3 al cabildo, en medio de su gira nacional, donde verifica el trabajo de sus colegas parlamentarios y promueve la realizaci\u00f3n de un referendo para bajarles los salarios a la mitad.<\/p>\n\n\n\n<p>\u201cHemos tenido la oportunidad de conversar con \u00e9l (Condori) y, bueno, nos sumamos a esa lucha y vamos a participar del cabildo del 11 de abril que se va a llevar a cabo en la ciudad de El Alto, donde vamos a pedir la eliminaci\u00f3n de la renta vitalicia y vamos a pedir la reducci\u00f3n de los salarios de todos los funcionarios p\u00fablicos, empezando del presidente, vicepresidente, ministros diputados y senadores\u201d, dijo Lara en una transmisi\u00f3n de TikTok.<\/p>\n\n\n\n<p>Llam\u00f3 a la poblaci\u00f3n a asistir al cabildo y asegur\u00f3 que la decisi\u00f3n ser\u00e1 vinculante, al tratarse de una expresi\u00f3n de la voluntad popular.<\/p>\n\n\n\n<p>\u201cLos invito a todos los bolivianos y bolivianas, tanto de las comunidades, las provincias de la ciudad, de todas las \u00e1reas, transportistas, gremiales, maestros organizaciones sociales, hag\u00e1monos respetar, hag\u00e1monos sentir el 11 de abril en la ciudad del alto tienes que asistir al gran cabildo nacional\u201d, afirm\u00f3.<\/p>\n\n\n\n<p>Fuente: Opini\u00f3n<\/p>\n","protected":false},"excerpt":{"rendered":"<p>Pa\u00eds, 11 de Marzo de 2026.- Condori convoc\u00f3 al cabildo, en medio de su gira nacional, donde verifica el trabajo de sus colegas parlamentarios y promueve la realizaci\u00f3n de un referendo para bajarles los salarios a la mitad. El vicepresidente Edmand Lara anunci\u00f3 que ha decidido sumarse al cabildo convocado por el senador Nilton Condori&#8230;<\/p>\n","protected":false},"author":11,"featured_media":9457,"comment_status":"open","ping_status":"open","sticky":false,"template":"","format":"standard","meta":{"_jetpack_memberships_contains_paid_content":false,"footnotes":"","jetpack_publicize_message":"","jetpack_publicize_feature_enabled":true,"jetpack_social_post_already_shared":true,"jetpack_social_options":{"image_generator_settings":{"template":"highway","enabled":false},"version":2}},"categories":[1,3],"tags":[7,1313,437,997,1069,1316,10,1101],"class_list":["post-9456","post","type-post","status-publish","format-standard","has-post-thumbnail","hentry","category-bolivia","category-politica","tag-bolivia","tag-cabildo","tag-cap-edman-lara","tag-edman-lara","tag-edmand-lara","tag-nilton-condori","tag-politica","tag-politica-edmand-lara"],"jetpack_publicize_connections":[],"yoast_head":"<!-- This site is optimized with the Yoast SEO plugin v23.4 - https:\/\/yoast.com\/wordpress\/plugins\/seo\/ -->\n<title>LARA SE SUMA AL CABILDO DE CONDORI PARA REDUCIR SALARIOS DE AUTORIDADES - innoticiasbo.com<\/title>\n<meta name=\"robots\" content=\"index, follow, max-snippet:-1, max-image-preview:large, max-video-preview:-1\" \/>\n<link rel=\"canonical\" href=\"https:\/\/innoticiasbo.com\/index.php\/2026\/03\/11\/lara-se-suma-al-cabildo-de-condori-para-reducir-salarios-de-autoridades\/\" \/>\n<meta property=\"og:locale\" content=\"es_ES\" \/>\n<meta property=\"og:type\" content=\"article\" \/>\n<meta property=\"og:title\" content=\"LARA SE SUMA AL CABILDO DE CONDORI PARA REDUCIR SALARIOS DE AUTORIDADES - innoticiasbo.com\" \/>\n<meta property=\"og:description\" content=\"Pa\u00eds, 11 de Marzo de 2026.- Condori convoc\u00f3 al cabildo, en medio de su gira nacional, donde verifica el trabajo de sus colegas parlamentarios y promueve la realizaci\u00f3n de un referendo para bajarles los salarios a la mitad. El vicepresidente Edmand Lara anunci\u00f3 que ha decidido sumarse al cabildo convocado por el senador Nilton Condori...\" \/>\n<meta property=\"og:url\" content=\"https:\/\/innoticiasbo.com\/index.php\/2026\/03\/11\/lara-se-suma-al-cabildo-de-condori-para-reducir-salarios-de-autoridades\/\" \/>\n<meta property=\"og:site_name\" content=\"innoticiasbo.com\" \/>\n<meta property=\"article:publisher\" content=\"https:\/\/www.facebook.com\/innoticiasbolivia\" \/>\n<meta property=\"article:published_time\" content=\"2026-03-11T16:55:57+00:00\" \/>\n<meta property=\"article:modified_time\" content=\"2026-03-11T16:55:59+00:00\" \/>\n<meta property=\"og:image\" content=\"https:\/\/innoticiasbo.com\/wp-content\/uploads\/2026\/03\/image-139.png\" \/>\n\t<meta property=\"og:image:width\" content=\"992\" \/>\n\t<meta property=\"og:image:height\" content=\"558\" \/>\n\t<meta property=\"og:image:type\" content=\"image\/png\" \/>\n<meta name=\"author\" content=\"Prensa 11\" \/>\n<meta name=\"twitter:card\" content=\"summary_large_image\" \/>\n<meta name=\"twitter:creator\" content=\"@innoticiasbo\" \/>\n<meta name=\"twitter:site\" content=\"@innoticiasbo\" \/>\n<meta name=\"twitter:label1\" content=\"Escrito por\" \/>\n\t<meta name=\"twitter:data1\" content=\"Prensa 11\" \/>\n\t<meta name=\"twitter:label2\" content=\"Tiempo de lectura\" \/>\n\t<meta name=\"twitter:data2\" content=\"2 minutos\" \/>\n<script type=\"application\/ld+json\" class=\"yoast-schema-graph\">{\"@context\":\"https:\/\/schema.org\",\"@graph\":[{\"@type\":\"Article\",\"@id\":\"https:\/\/innoticiasbo.com\/index.php\/2026\/03\/11\/lara-se-suma-al-cabildo-de-condori-para-reducir-salarios-de-autoridades\/#article\",\"isPartOf\":{\"@id\":\"https:\/\/innoticiasbo.com\/index.php\/2026\/03\/11\/lara-se-suma-al-cabildo-de-condori-para-reducir-salarios-de-autoridades\/\"},\"author\":{\"name\":\"Prensa 11\",\"@id\":\"https:\/\/innoticiasbo.com\/#\/schema\/person\/0b28481e8d0316f83a13bc702311def5\"},\"headline\":\"LARA SE SUMA AL CABILDO DE CONDORI PARA REDUCIR SALARIOS DE AUTORIDADES\",\"datePublished\":\"2026-03-11T16:55:57+00:00\",\"dateModified\":\"2026-03-11T16:55:59+00:00\",\"mainEntityOfPage\":{\"@id\":\"https:\/\/innoticiasbo.com\/index.php\/2026\/03\/11\/lara-se-suma-al-cabildo-de-condori-para-reducir-salarios-de-autoridades\/\"},\"wordCount\":286,\"commentCount\":0,\"publisher\":{\"@id\":\"https:\/\/innoticiasbo.com\/#organization\"},\"image\":{\"@id\":\"https:\/\/innoticiasbo.com\/index.php\/2026\/03\/11\/lara-se-suma-al-cabildo-de-condori-para-reducir-salarios-de-autoridades\/#primaryimage\"},\"thumbnailUrl\":\"https:\/\/i0.wp.com\/innoticiasbo.com\/wp-content\/uploads\/2026\/03\/image-139.png?fit=992%2C558&ssl=1\",\"keywords\":[\"Bolivia\",\"Cabildo\",\"Cap. Edman Lara\",\"Edman Lara\",\"Edmand Lara\",\"Nilton Condori\",\"Pol\u00edtica\",\"pol\u00edtica Edmand Lara\"],\"articleSection\":[\"Bolivia\",\"Pol\u00edtica\"],\"inLanguage\":\"es\",\"potentialAction\":[{\"@type\":\"CommentAction\",\"name\":\"Comment\",\"target\":[\"https:\/\/innoticiasbo.com\/index.php\/2026\/03\/11\/lara-se-suma-al-cabildo-de-condori-para-reducir-salarios-de-autoridades\/#respond\"]}]},{\"@type\":\"WebPage\",\"@id\":\"https:\/\/innoticiasbo.com\/index.php\/2026\/03\/11\/lara-se-suma-al-cabildo-de-condori-para-reducir-salarios-de-autoridades\/\",\"url\":\"https:\/\/innoticiasbo.com\/index.php\/2026\/03\/11\/lara-se-suma-al-cabildo-de-condori-para-reducir-salarios-de-autoridades\/\",\"name\":\"LARA SE SUMA AL CABILDO DE CONDORI PARA REDUCIR SALARIOS DE AUTORIDADES - innoticiasbo.com\",\"isPartOf\":{\"@id\":\"https:\/\/innoticiasbo.com\/#website\"},\"primaryImageOfPage\":{\"@id\":\"https:\/\/innoticiasbo.com\/index.php\/2026\/03\/11\/lara-se-suma-al-cabildo-de-condori-para-reducir-salarios-de-autoridades\/#primaryimage\"},\"image\":{\"@id\":\"https:\/\/innoticiasbo.com\/index.php\/2026\/03\/11\/lara-se-suma-al-cabildo-de-condori-para-reducir-salarios-de-autoridades\/#primaryimage\"},\"thumbnailUrl\":\"https:\/\/i0.wp.com\/innoticiasbo.com\/wp-content\/uploads\/2026\/03\/image-139.png?fit=992%2C558&ssl=1\",\"datePublished\":\"2026-03-11T16:55:57+00:00\",\"dateModified\":\"2026-03-11T16:55:59+00:00\",\"breadcrumb\":{\"@id\":\"https:\/\/innoticiasbo.com\/index.php\/2026\/03\/11\/lara-se-suma-al-cabildo-de-condori-para-reducir-salarios-de-autoridades\/#breadcrumb\"},\"inLanguage\":\"es\",\"potentialAction\":[{\"@type\":\"ReadAction\",\"target\":[\"https:\/\/innoticiasbo.com\/index.php\/2026\/03\/11\/lara-se-suma-al-cabildo-de-condori-para-reducir-salarios-de-autoridades\/\"]}]},{\"@type\":\"ImageObject\",\"inLanguage\":\"es\",\"@id\":\"https:\/\/innoticiasbo.com\/index.php\/2026\/03\/11\/lara-se-suma-al-cabildo-de-condori-para-reducir-salarios-de-autoridades\/#primaryimage\",\"url\":\"https:\/\/i0.wp.com\/innoticiasbo.com\/wp-content\/uploads\/2026\/03\/image-139.png?fit=992%2C558&ssl=1\",\"contentUrl\":\"https:\/\/i0.wp.com\/innoticiasbo.com\/wp-content\/uploads\/2026\/03\/image-139.png?fit=992%2C558&ssl=1\",\"width\":992,\"height\":558},{\"@type\":\"BreadcrumbList\",\"@id\":\"https:\/\/innoticiasbo.com\/index.php\/2026\/03\/11\/lara-se-suma-al-cabildo-de-condori-para-reducir-salarios-de-autoridades\/#breadcrumb\",\"itemListElement\":[{\"@type\":\"ListItem\",\"position\":1,\"name\":\"Portada\",\"item\":\"https:\/\/innoticiasbo.com\/\"},{\"@type\":\"ListItem\",\"position\":2,\"name\":\"LARA SE SUMA AL CABILDO DE CONDORI PARA REDUCIR SALARIOS DE AUTORIDADES\"}]},{\"@type\":\"WebSite\",\"@id\":\"https:\/\/innoticiasbo.com\/#website\",\"url\":\"https:\/\/innoticiasbo.com\/\",\"name\":\"innoticiasbo.com\",\"description\":\"\",\"publisher\":{\"@id\":\"https:\/\/innoticiasbo.com\/#organization\"},\"potentialAction\":[{\"@type\":\"SearchAction\",\"target\":{\"@type\":\"EntryPoint\",\"urlTemplate\":\"https:\/\/innoticiasbo.com\/?s={search_term_string}\"},\"query-input\":{\"@type\":\"PropertyValueSpecification\",\"valueRequired\":true,\"valueName\":\"search_term_string\"}}],\"inLanguage\":\"es\"},{\"@type\":\"Organization\",\"@id\":\"https:\/\/innoticiasbo.com\/#organization\",\"name\":\"innoticiasbo.com\",\"url\":\"https:\/\/innoticiasbo.com\/\",\"logo\":{\"@type\":\"ImageObject\",\"inLanguage\":\"es\",\"@id\":\"https:\/\/innoticiasbo.com\/#\/schema\/logo\/image\/\",\"url\":\"https:\/\/i0.wp.com\/innoticiasbo.com\/wp-content\/uploads\/2026\/04\/cropped-IN-LOGO.png?fit=1476%2C1476&ssl=1\",\"contentUrl\":\"https:\/\/i0.wp.com\/innoticiasbo.com\/wp-content\/uploads\/2026\/04\/cropped-IN-LOGO.png?fit=1476%2C1476&ssl=1\",\"width\":1476,\"height\":1476,\"caption\":\"innoticiasbo.com\"},\"image\":{\"@id\":\"https:\/\/innoticiasbo.com\/#\/schema\/logo\/image\/\"},\"sameAs\":[\"https:\/\/www.facebook.com\/innoticiasbolivia\",\"https:\/\/x.com\/innoticiasbo\",\"https:\/\/www.instagram.com\/innoticiasbo\",\"https:\/\/www.youtube.com\/innoticiasbo\"]},{\"@type\":\"Person\",\"@id\":\"https:\/\/innoticiasbo.com\/#\/schema\/person\/0b28481e8d0316f83a13bc702311def5\",\"name\":\"Prensa 11\",\"image\":{\"@type\":\"ImageObject\",\"inLanguage\":\"es\",\"@id\":\"https:\/\/innoticiasbo.com\/#\/schema\/person\/image\/\",\"url\":\"https:\/\/secure.gravatar.com\/avatar\/696560c17349f1807a610bf83832bad0?s=96&d=mm&r=g\",\"contentUrl\":\"https:\/\/secure.gravatar.com\/avatar\/696560c17349f1807a610bf83832bad0?s=96&d=mm&r=g\",\"caption\":\"Prensa 11\"},\"sameAs\":[\"http:\/\/www.innoticiasbo.com\"],\"url\":\"https:\/\/innoticiasbo.com\/index.php\/author\/prensa-11\/\"}]}<\/script>\n<!-- \/ Yoast SEO plugin. -->","yoast_head_json":{"title":"LARA SE SUMA AL CABILDO DE CONDORI PARA REDUCIR SALARIOS DE AUTORIDADES - innoticiasbo.com","robots":{"index":"index","follow":"follow","max-snippet":"max-snippet:-1","max-image-preview":"max-image-preview:large","max-video-preview":"max-video-preview:-1"},"canonical":"https:\/\/innoticiasbo.com\/index.php\/2026\/03\/11\/lara-se-suma-al-cabildo-de-condori-para-reducir-salarios-de-autoridades\/","og_locale":"es_ES","og_type":"article","og_title":"LARA SE SUMA AL CABILDO DE CONDORI PARA REDUCIR SALARIOS DE AUTORIDADES - innoticiasbo.com","og_description":"Pa\u00eds, 11 de Marzo de 2026.- Condori convoc\u00f3 al cabildo, en medio de su gira nacional, donde verifica el trabajo de sus colegas parlamentarios y promueve la realizaci\u00f3n de un referendo para bajarles los salarios a la mitad. El vicepresidente Edmand Lara anunci\u00f3 que ha decidido sumarse al cabildo convocado por el senador Nilton Condori...","og_url":"https:\/\/innoticiasbo.com\/index.php\/2026\/03\/11\/lara-se-suma-al-cabildo-de-condori-para-reducir-salarios-de-autoridades\/","og_site_name":"innoticiasbo.com","article_publisher":"https:\/\/www.facebook.com\/innoticiasbolivia","article_published_time":"2026-03-11T16:55:57+00:00","article_modified_time":"2026-03-11T16:55:59+00:00","og_image":[{"width":992,"height":558,"url":"https:\/\/innoticiasbo.com\/wp-content\/uploads\/2026\/03\/image-139.png","type":"image\/png"}],"author":"Prensa 11","twitter_card":"summary_large_image","twitter_creator":"@innoticiasbo","twitter_site":"@innoticiasbo","twitter_misc":{"Escrito por":"Prensa 11","Tiempo de lectura":"2 minutos"},"schema":{"@context":"https:\/\/schema.org","@graph":[{"@type":"Article","@id":"https:\/\/innoticiasbo.com\/index.php\/2026\/03\/11\/lara-se-suma-al-cabildo-de-condori-para-reducir-salarios-de-autoridades\/#article","isPartOf":{"@id":"https:\/\/innoticiasbo.com\/index.php\/2026\/03\/11\/lara-se-suma-al-cabildo-de-condori-para-reducir-salarios-de-autoridades\/"},"author":{"name":"Prensa 11","@id":"https:\/\/innoticiasbo.com\/#\/schema\/person\/0b28481e8d0316f83a13bc702311def5"},"headline":"LARA SE SUMA AL CABILDO DE CONDORI PARA REDUCIR SALARIOS DE AUTORIDADES","datePublished":"2026-03-11T16:55:57+00:00","dateModified":"2026-03-11T16:55:59+00:00","mainEntityOfPage":{"@id":"https:\/\/innoticiasbo.com\/index.php\/2026\/03\/11\/lara-se-suma-al-cabildo-de-condori-para-reducir-salarios-de-autoridades\/"},"wordCount":286,"commentCount":0,"publisher":{"@id":"https:\/\/innoticiasbo.com\/#organization"},"image":{"@id":"https:\/\/innoticiasbo.com\/index.php\/2026\/03\/11\/lara-se-suma-al-cabildo-de-condori-para-reducir-salarios-de-autoridades\/#primaryimage"},"thumbnailUrl":"https:\/\/i0.wp.com\/innoticiasbo.com\/wp-content\/uploads\/2026\/03\/image-139.png?fit=992%2C558&ssl=1","keywords":["Bolivia","Cabildo","Cap. Edman Lara","Edman Lara","Edmand Lara","Nilton Condori","Pol\u00edtica","pol\u00edtica Edmand Lara"],"articleSection":["Bolivia","Pol\u00edtica"],"inLanguage":"es","potentialAction":[{"@type":"CommentAction","name":"Comment","target":["https:\/\/innoticiasbo.com\/index.php\/2026\/03\/11\/lara-se-suma-al-cabildo-de-condori-para-reducir-salarios-de-autoridades\/#respond"]}]},{"@type":"WebPage","@id":"https:\/\/innoticiasbo.com\/index.php\/2026\/03\/11\/lara-se-suma-al-cabildo-de-condori-para-reducir-salarios-de-autoridades\/","url":"https:\/\/innoticiasbo.com\/index.php\/2026\/03\/11\/lara-se-suma-al-cabildo-de-condori-para-reducir-salarios-de-autoridades\/","name":"LARA SE SUMA AL CABILDO DE CONDORI PARA REDUCIR SALARIOS DE AUTORIDADES - innoticiasbo.com","isPartOf":{"@id":"https:\/\/innoticiasbo.com\/#website"},"primaryImageOfPage":{"@id":"https:\/\/innoticiasbo.com\/index.php\/2026\/03\/11\/lara-se-suma-al-cabildo-de-condori-para-reducir-salarios-de-autoridades\/#primaryimage"},"image":{"@id":"https:\/\/innoticiasbo.com\/index.php\/2026\/03\/11\/lara-se-suma-al-cabildo-de-condori-para-reducir-salarios-de-autoridades\/#primaryimage"},"thumbnailUrl":"https:\/\/i0.wp.com\/innoticiasbo.com\/wp-content\/uploads\/2026\/03\/image-139.png?fit=992%2C558&ssl=1","datePublished":"2026-03-11T16:55:57+00:00","dateModified":"2026-03-11T16:55:59+00:00","breadcrumb":{"@id":"https:\/\/innoticiasbo.com\/index.php\/2026\/03\/11\/lara-se-suma-al-cabildo-de-condori-para-reducir-salarios-de-autoridades\/#breadcrumb"},"inLanguage":"es","potentialAction":[{"@type":"ReadAction","target":["https:\/\/innoticiasbo.com\/index.php\/2026\/03\/11\/lara-se-suma-al-cabildo-de-condori-para-reducir-salarios-de-autoridades\/"]}]},{"@type":"ImageObject","inLanguage":"es","@id":"https:\/\/innoticiasbo.com\/index.php\/2026\/03\/11\/lara-se-suma-al-cabildo-de-condori-para-reducir-salarios-de-autoridades\/#primaryimage","url":"https:\/\/i0.wp.com\/innoticiasbo.com\/wp-content\/uploads\/2026\/03\/image-139.png?fit=992%2C558&ssl=1","contentUrl":"https:\/\/i0.wp.com\/innoticiasbo.com\/wp-content\/uploads\/2026\/03\/image-139.png?fit=992%2C558&ssl=1","width":992,"height":558},{"@type":"BreadcrumbList","@id":"https:\/\/innoticiasbo.com\/index.php\/2026\/03\/11\/lara-se-suma-al-cabildo-de-condori-para-reducir-salarios-de-autoridades\/#breadcrumb","itemListElement":[{"@type":"ListItem","position":1,"name":"Portada","item":"https:\/\/innoticiasbo.com\/"},{"@type":"ListItem","position":2,"name":"LARA SE SUMA AL CABILDO DE CONDORI PARA REDUCIR SALARIOS DE AUTORIDADES"}]},{"@type":"WebSite","@id":"https:\/\/innoticiasbo.com\/#website","url":"https:\/\/innoticiasbo.com\/","name":"innoticiasbo.com","description":"","publisher":{"@id":"https:\/\/innoticiasbo.com\/#organization"},"potentialAction":[{"@type":"SearchAction","target":{"@type":"EntryPoint","urlTemplate":"https:\/\/innoticiasbo.com\/?s={search_term_string}"},"query-input":{"@type":"PropertyValueSpecification","valueRequired":true,"valueName":"search_term_string"}}],"inLanguage":"es"},{"@type":"Organization","@id":"https:\/\/innoticiasbo.com\/#organization","name":"innoticiasbo.com","url":"https:\/\/innoticiasbo.com\/","logo":{"@type":"ImageObject","inLanguage":"es","@id":"https:\/\/innoticiasbo.com\/#\/schema\/logo\/image\/","url":"https:\/\/i0.wp.com\/innoticiasbo.com\/wp-content\/uploads\/2026\/04\/cropped-IN-LOGO.png?fit=1476%2C1476&ssl=1","contentUrl":"https:\/\/i0.wp.com\/innoticiasbo.com\/wp-content\/uploads\/2026\/04\/cropped-IN-LOGO.png?fit=1476%2C1476&ssl=1","width":1476,"height":1476,"caption":"innoticiasbo.com"},"image":{"@id":"https:\/\/innoticiasbo.com\/#\/schema\/logo\/image\/"},"sameAs":["https:\/\/www.facebook.com\/innoticiasbolivia","https:\/\/x.com\/innoticiasbo","https:\/\/www.instagram.com\/innoticiasbo","https:\/\/www.youtube.com\/innoticiasbo"]},{"@type":"Person","@id":"https:\/\/innoticiasbo.com\/#\/schema\/person\/0b28481e8d0316f83a13bc702311def5","name":"Prensa 11","image":{"@type":"ImageObject","inLanguage":"es","@id":"https:\/\/innoticiasbo.com\/#\/schema\/person\/image\/","url":"https:\/\/secure.gravatar.com\/avatar\/696560c17349f1807a610bf83832bad0?s=96&d=mm&r=g","contentUrl":"https:\/\/secure.gravatar.com\/avatar\/696560c17349f1807a610bf83832bad0?s=96&d=mm&r=g","caption":"Prensa 11"},"sameAs":["http:\/\/www.innoticiasbo.com"],"url":"https:\/\/innoticiasbo.com\/index.php\/author\/prensa-11\/"}]}},"jetpack_featured_media_url":"https:\/\/i0.wp.com\/innoticiasbo.com\/wp-content\/uploads\/2026\/03\/image-139.png?fit=992%2C558&ssl=1","jetpack_likes_enabled":true,"jetpack_sharing_enabled":true,"jetpack_shortlink":"https:\/\/wp.me\/pg298x-2sw","_links":{"self":[{"href":"https:\/\/innoticiasbo.com\/index.php\/wp-json\/wp\/v2\/posts\/9456","targetHints":{"allow":["GET"]}}],"collection":[{"href":"https:\/\/innoticiasbo.com\/index.php\/wp-json\/wp\/v2\/posts"}],"about":[{"href":"https:\/\/innoticiasbo.com\/index.php\/wp-json\/wp\/v2\/types\/post"}],"author":[{"embeddable":true,"href":"https:\/\/innoticiasbo.com\/index.php\/wp-json\/wp\/v2\/users\/11"}],"replies":[{"embeddable":true,"href":"https:\/\/innoticiasbo.com\/index.php\/wp-json\/wp\/v2\/comments?post=9456"}],"version-history":[{"count":1,"href":"https:\/\/innoticiasbo.com\/index.php\/wp-json\/wp\/v2\/posts\/9456\/revisions"}],"predecessor-version":[{"id":9458,"href":"https:\/\/innoticiasbo.com\/index.php\/wp-json\/wp\/v2\/posts\/9456\/revisions\/9458"}],"wp:featuredmedia":[{"embeddable":true,"href":"https:\/\/innoticiasbo.com\/index.php\/wp-json\/wp\/v2\/media\/9457"}],"wp:attachment":[{"href":"https:\/\/innoticiasbo.com\/index.php\/wp-json\/wp\/v2\/media?parent=9456"}],"wp:term":[{"taxonomy":"category","embeddable":true,"href":"https:\/\/innoticiasbo.com\/index.php\/wp-json\/wp\/v2\/categories?post=9456"},{"taxonomy":"post_tag","embeddable":true,"href":"https:\/\/innoticiasbo.com\/index.php\/wp-json\/wp\/v2\/tags?post=9456"}],"curies":[{"name":"wp","href":"https:\/\/api.w.org\/{rel}","templated":true}]}}