{"id":9453,"date":"2026-03-11T12:48:45","date_gmt":"2026-03-11T16:48:45","guid":{"rendered":"https:\/\/innoticiasbo.com\/?p=9453"},"modified":"2026-03-11T12:48:47","modified_gmt":"2026-03-11T16:48:47","slug":"tres-ejes-tematicos-guian-para-debate-de-candidatos-a-gobernador-esta-noche","status":"publish","type":"post","link":"https:\/\/innoticiasbo.com\/index.php\/2026\/03\/11\/tres-ejes-tematicos-guian-para-debate-de-candidatos-a-gobernador-esta-noche\/","title":{"rendered":"TRES EJES TEM\u00c1TICOS GU\u00cdAN PARA DEBATE DE CANDIDATOS A GOBERNADOR ESTA NOCHE"},"content":{"rendered":"\n<figure class=\"wp-block-image size-full\"><img data-recalc-dims=\"1\" loading=\"lazy\" decoding=\"async\" width=\"640\" height=\"360\" src=\"https:\/\/i0.wp.com\/innoticiasbo.com\/wp-content\/uploads\/2026\/03\/image-138.png?resize=640%2C360&#038;ssl=1\" alt=\"\" class=\"wp-image-9454\" srcset=\"https:\/\/i0.wp.com\/innoticiasbo.com\/wp-content\/uploads\/2026\/03\/image-138.png?w=992&amp;ssl=1 992w, https:\/\/i0.wp.com\/innoticiasbo.com\/wp-content\/uploads\/2026\/03\/image-138.png?resize=300%2C169&amp;ssl=1 300w, https:\/\/i0.wp.com\/innoticiasbo.com\/wp-content\/uploads\/2026\/03\/image-138.png?resize=768%2C432&amp;ssl=1 768w\" sizes=\"auto, (max-width: 640px) 100vw, 640px\" \/><\/figure>\n\n\n\n<p><strong>Pais, 11 de Marzo de 2026.-<\/strong> El TED Cochabamba realiz\u00f3 este martes el sorteo p\u00fablico para definir el orden de participaci\u00f3n de los postulantes. Habr\u00e1 tres bloques.<\/p>\n\n\n\n<p>La noche de este mi\u00e9rcoles, 11 de marzo, se desarrollar\u00e1 el debate entre candidatos a la Gobernaci\u00f3n de Cochabamba. Hay tres ejes tem\u00e1ticos que guiar\u00e1n la actividad.<\/p>\n\n\n\n<p>Las elecciones est\u00e1n programadas para el 22 de marzo. Faltan menos de dos semanas.<\/p>\n\n\n\n<p>El Tribunal Electoral Departamental (TED) de Cochabamba realiz\u00f3 este martes el sorteo p\u00fablico que defini\u00f3 el orden de participaci\u00f3n y la ubicaci\u00f3n de los postulantes a primera autoridad del departamento.<\/p>\n\n\n\n<p>Diversos medios televisivos har\u00e1n la transmisi\u00f3n del debate.<\/p>\n\n\n\n<p>El orden de participaci\u00f3n qued\u00f3 establecido as\u00ed: Juan Roberth Flores Encinas de Libertad y Rep\u00fablica (LIBRE), Leonardo Loza de la Alianza Unidos Por los Pueblos (A-UPP), Sergio Oliver Rodr\u00edguez Mercado de Autonom\u00eda Para Bolivia \u2013 S\u00famate (APB-S\u00famate), Mario Enrique Severich Bustamante de Soluciones con Todos, Ruth Alina Peralta del Frente Revolucionario de Izquierda (FRI), Jhon Ariel Rioja Guzm\u00e1n de Nueva Generaci\u00f3n Patri\u00f3tica (NGP), Esther Soria Gonzales de Unidos, Alejandro Mostajo Rueda del Movimiento Tercer Sistema (MTS), Wilfredo Morales Zeballos de la Alianza Patria Unidos (Patria Unidos) y Jos\u00e9 Juvenal Arispe Pe\u00f1arrieta del Partido Dem\u00f3crata Cristiano (PDC).<\/p>\n\n\n\n<p>El presidente del TED Cochabamba, Daniel Quinteros Meneses, dio los detalles de la actividad que se realizar\u00e1 a las 21:00 horas.<\/p>\n\n\n\n<p>Dijo que se organiza en torno a tres ejes tem\u00e1ticos, que son desarrollo humano, desarrollo auton\u00f3mico-competencial y desarrollo econ\u00f3mico.<\/p>\n\n\n\n<p>Explic\u00f3 que cada candidato tendr\u00e1 tres minutos para presentar su propuesta.<\/p>\n\n\n\n<p>\u201cSin embargo, cabe aclarar que estos ejes tem\u00e1ticos son referenciales al plan de Gobierno elaborado, propuesto y presentado por cada una de las organizaciones pol\u00edticas\u201d, remarc\u00f3.<\/p>\n\n\n\n<p>Detall\u00f3 que habr\u00e1 tres bloques de candidatos para el debate, considerando que son 10.<\/p>\n\n\n\n<p>Una vez que un candidato haga su presentaci\u00f3n en tres minutos, los candidatos, en el orden correlativo sorteado, podr\u00e1n realizar una pregunta en 15 segundos, y el candidato podr\u00e1 responder en 45 segundos. Al final, cada postulante tendr\u00e1 un minuto de cierre o despedida.<\/p>\n\n\n\n<p>Fuente: Opini\u00f3n<\/p>\n","protected":false},"excerpt":{"rendered":"<p>Pais, 11 de Marzo de 2026.- El TED Cochabamba realiz\u00f3 este martes el sorteo p\u00fablico para definir el orden de participaci\u00f3n de los postulantes. Habr\u00e1 tres bloques. La noche de este mi\u00e9rcoles, 11 de marzo, se desarrollar\u00e1 el debate entre candidatos a la Gobernaci\u00f3n de Cochabamba. Hay tres ejes tem\u00e1ticos que guiar\u00e1n la actividad. Las&#8230;<\/p>\n","protected":false},"author":11,"featured_media":9454,"comment_status":"open","ping_status":"open","sticky":false,"template":"","format":"standard","meta":{"_jetpack_memberships_contains_paid_content":false,"footnotes":"","jetpack_publicize_message":"","jetpack_publicize_feature_enabled":true,"jetpack_social_post_already_shared":true,"jetpack_social_options":{"image_generator_settings":{"template":"highway","enabled":false},"version":2}},"categories":[1,3],"tags":[7,964,1106,10,1011,1256,587],"class_list":["post-9453","post","type-post","status-publish","format-standard","has-post-thumbnail","hentry","category-bolivia","category-politica","tag-bolivia","tag-debate","tag-elecciones-subnacionales","tag-politica","tag-subnacionales","tag-subnacionales-2026","tag-ted"],"jetpack_publicize_connections":[],"yoast_head":"<!-- This site is optimized with the Yoast SEO plugin v23.4 - https:\/\/yoast.com\/wordpress\/plugins\/seo\/ -->\n<title>TRES EJES TEM\u00c1TICOS GU\u00cdAN PARA DEBATE DE CANDIDATOS A GOBERNADOR ESTA NOCHE - innoticiasbo.com<\/title>\n<meta name=\"robots\" content=\"index, follow, max-snippet:-1, max-image-preview:large, max-video-preview:-1\" \/>\n<link rel=\"canonical\" href=\"https:\/\/innoticiasbo.com\/index.php\/2026\/03\/11\/tres-ejes-tematicos-guian-para-debate-de-candidatos-a-gobernador-esta-noche\/\" \/>\n<meta property=\"og:locale\" content=\"es_ES\" \/>\n<meta property=\"og:type\" content=\"article\" \/>\n<meta property=\"og:title\" content=\"TRES EJES TEM\u00c1TICOS GU\u00cdAN PARA DEBATE DE CANDIDATOS A GOBERNADOR ESTA NOCHE - innoticiasbo.com\" \/>\n<meta property=\"og:description\" content=\"Pais, 11 de Marzo de 2026.- El TED Cochabamba realiz\u00f3 este martes el sorteo p\u00fablico para definir el orden de participaci\u00f3n de los postulantes. Habr\u00e1 tres bloques. La noche de este mi\u00e9rcoles, 11 de marzo, se desarrollar\u00e1 el debate entre candidatos a la Gobernaci\u00f3n de Cochabamba. Hay tres ejes tem\u00e1ticos que guiar\u00e1n la actividad. Las...\" \/>\n<meta property=\"og:url\" content=\"https:\/\/innoticiasbo.com\/index.php\/2026\/03\/11\/tres-ejes-tematicos-guian-para-debate-de-candidatos-a-gobernador-esta-noche\/\" \/>\n<meta property=\"og:site_name\" content=\"innoticiasbo.com\" \/>\n<meta property=\"article:publisher\" content=\"https:\/\/www.facebook.com\/innoticiasbolivia\" \/>\n<meta property=\"article:published_time\" content=\"2026-03-11T16:48:45+00:00\" \/>\n<meta property=\"article:modified_time\" content=\"2026-03-11T16:48:47+00:00\" \/>\n<meta property=\"og:image\" content=\"https:\/\/innoticiasbo.com\/wp-content\/uploads\/2026\/03\/image-138.png\" \/>\n\t<meta property=\"og:image:width\" content=\"992\" \/>\n\t<meta property=\"og:image:height\" content=\"558\" \/>\n\t<meta property=\"og:image:type\" content=\"image\/png\" \/>\n<meta name=\"author\" content=\"Prensa 11\" \/>\n<meta name=\"twitter:card\" content=\"summary_large_image\" \/>\n<meta name=\"twitter:creator\" content=\"@innoticiasbo\" \/>\n<meta name=\"twitter:site\" content=\"@innoticiasbo\" \/>\n<meta name=\"twitter:label1\" content=\"Escrito por\" \/>\n\t<meta name=\"twitter:data1\" content=\"Prensa 11\" \/>\n\t<meta name=\"twitter:label2\" content=\"Tiempo de lectura\" \/>\n\t<meta name=\"twitter:data2\" content=\"2 minutos\" \/>\n<script type=\"application\/ld+json\" class=\"yoast-schema-graph\">{\"@context\":\"https:\/\/schema.org\",\"@graph\":[{\"@type\":\"Article\",\"@id\":\"https:\/\/innoticiasbo.com\/index.php\/2026\/03\/11\/tres-ejes-tematicos-guian-para-debate-de-candidatos-a-gobernador-esta-noche\/#article\",\"isPartOf\":{\"@id\":\"https:\/\/innoticiasbo.com\/index.php\/2026\/03\/11\/tres-ejes-tematicos-guian-para-debate-de-candidatos-a-gobernador-esta-noche\/\"},\"author\":{\"name\":\"Prensa 11\",\"@id\":\"https:\/\/innoticiasbo.com\/#\/schema\/person\/0b28481e8d0316f83a13bc702311def5\"},\"headline\":\"TRES EJES TEM\u00c1TICOS GU\u00cdAN PARA DEBATE DE CANDIDATOS A GOBERNADOR ESTA NOCHE\",\"datePublished\":\"2026-03-11T16:48:45+00:00\",\"dateModified\":\"2026-03-11T16:48:47+00:00\",\"mainEntityOfPage\":{\"@id\":\"https:\/\/innoticiasbo.com\/index.php\/2026\/03\/11\/tres-ejes-tematicos-guian-para-debate-de-candidatos-a-gobernador-esta-noche\/\"},\"wordCount\":376,\"commentCount\":0,\"publisher\":{\"@id\":\"https:\/\/innoticiasbo.com\/#organization\"},\"image\":{\"@id\":\"https:\/\/innoticiasbo.com\/index.php\/2026\/03\/11\/tres-ejes-tematicos-guian-para-debate-de-candidatos-a-gobernador-esta-noche\/#primaryimage\"},\"thumbnailUrl\":\"https:\/\/i0.wp.com\/innoticiasbo.com\/wp-content\/uploads\/2026\/03\/image-138.png?fit=992%2C558&ssl=1\",\"keywords\":[\"Bolivia\",\"debate\",\"elecciones subnacionales\",\"Pol\u00edtica\",\"subnacionales\",\"Subnacionales 2026\",\"TED\"],\"articleSection\":[\"Bolivia\",\"Pol\u00edtica\"],\"inLanguage\":\"es\",\"potentialAction\":[{\"@type\":\"CommentAction\",\"name\":\"Comment\",\"target\":[\"https:\/\/innoticiasbo.com\/index.php\/2026\/03\/11\/tres-ejes-tematicos-guian-para-debate-de-candidatos-a-gobernador-esta-noche\/#respond\"]}]},{\"@type\":\"WebPage\",\"@id\":\"https:\/\/innoticiasbo.com\/index.php\/2026\/03\/11\/tres-ejes-tematicos-guian-para-debate-de-candidatos-a-gobernador-esta-noche\/\",\"url\":\"https:\/\/innoticiasbo.com\/index.php\/2026\/03\/11\/tres-ejes-tematicos-guian-para-debate-de-candidatos-a-gobernador-esta-noche\/\",\"name\":\"TRES EJES TEM\u00c1TICOS GU\u00cdAN PARA DEBATE DE CANDIDATOS A GOBERNADOR ESTA NOCHE - innoticiasbo.com\",\"isPartOf\":{\"@id\":\"https:\/\/innoticiasbo.com\/#website\"},\"primaryImageOfPage\":{\"@id\":\"https:\/\/innoticiasbo.com\/index.php\/2026\/03\/11\/tres-ejes-tematicos-guian-para-debate-de-candidatos-a-gobernador-esta-noche\/#primaryimage\"},\"image\":{\"@id\":\"https:\/\/innoticiasbo.com\/index.php\/2026\/03\/11\/tres-ejes-tematicos-guian-para-debate-de-candidatos-a-gobernador-esta-noche\/#primaryimage\"},\"thumbnailUrl\":\"https:\/\/i0.wp.com\/innoticiasbo.com\/wp-content\/uploads\/2026\/03\/image-138.png?fit=992%2C558&ssl=1\",\"datePublished\":\"2026-03-11T16:48:45+00:00\",\"dateModified\":\"2026-03-11T16:48:47+00:00\",\"breadcrumb\":{\"@id\":\"https:\/\/innoticiasbo.com\/index.php\/2026\/03\/11\/tres-ejes-tematicos-guian-para-debate-de-candidatos-a-gobernador-esta-noche\/#breadcrumb\"},\"inLanguage\":\"es\",\"potentialAction\":[{\"@type\":\"ReadAction\",\"target\":[\"https:\/\/innoticiasbo.com\/index.php\/2026\/03\/11\/tres-ejes-tematicos-guian-para-debate-de-candidatos-a-gobernador-esta-noche\/\"]}]},{\"@type\":\"ImageObject\",\"inLanguage\":\"es\",\"@id\":\"https:\/\/innoticiasbo.com\/index.php\/2026\/03\/11\/tres-ejes-tematicos-guian-para-debate-de-candidatos-a-gobernador-esta-noche\/#primaryimage\",\"url\":\"https:\/\/i0.wp.com\/innoticiasbo.com\/wp-content\/uploads\/2026\/03\/image-138.png?fit=992%2C558&ssl=1\",\"contentUrl\":\"https:\/\/i0.wp.com\/innoticiasbo.com\/wp-content\/uploads\/2026\/03\/image-138.png?fit=992%2C558&ssl=1\",\"width\":992,\"height\":558},{\"@type\":\"BreadcrumbList\",\"@id\":\"https:\/\/innoticiasbo.com\/index.php\/2026\/03\/11\/tres-ejes-tematicos-guian-para-debate-de-candidatos-a-gobernador-esta-noche\/#breadcrumb\",\"itemListElement\":[{\"@type\":\"ListItem\",\"position\":1,\"name\":\"Portada\",\"item\":\"https:\/\/innoticiasbo.com\/\"},{\"@type\":\"ListItem\",\"position\":2,\"name\":\"TRES EJES TEM\u00c1TICOS GU\u00cdAN PARA DEBATE DE CANDIDATOS A GOBERNADOR ESTA NOCHE\"}]},{\"@type\":\"WebSite\",\"@id\":\"https:\/\/innoticiasbo.com\/#website\",\"url\":\"https:\/\/innoticiasbo.com\/\",\"name\":\"innoticiasbo.com\",\"description\":\"\",\"publisher\":{\"@id\":\"https:\/\/innoticiasbo.com\/#organization\"},\"potentialAction\":[{\"@type\":\"SearchAction\",\"target\":{\"@type\":\"EntryPoint\",\"urlTemplate\":\"https:\/\/innoticiasbo.com\/?s={search_term_string}\"},\"query-input\":{\"@type\":\"PropertyValueSpecification\",\"valueRequired\":true,\"valueName\":\"search_term_string\"}}],\"inLanguage\":\"es\"},{\"@type\":\"Organization\",\"@id\":\"https:\/\/innoticiasbo.com\/#organization\",\"name\":\"innoticiasbo.com\",\"url\":\"https:\/\/innoticiasbo.com\/\",\"logo\":{\"@type\":\"ImageObject\",\"inLanguage\":\"es\",\"@id\":\"https:\/\/innoticiasbo.com\/#\/schema\/logo\/image\/\",\"url\":\"https:\/\/i0.wp.com\/innoticiasbo.com\/wp-content\/uploads\/2026\/04\/cropped-IN-LOGO.png?fit=1476%2C1476&ssl=1\",\"contentUrl\":\"https:\/\/i0.wp.com\/innoticiasbo.com\/wp-content\/uploads\/2026\/04\/cropped-IN-LOGO.png?fit=1476%2C1476&ssl=1\",\"width\":1476,\"height\":1476,\"caption\":\"innoticiasbo.com\"},\"image\":{\"@id\":\"https:\/\/innoticiasbo.com\/#\/schema\/logo\/image\/\"},\"sameAs\":[\"https:\/\/www.facebook.com\/innoticiasbolivia\",\"https:\/\/x.com\/innoticiasbo\",\"https:\/\/www.instagram.com\/innoticiasbo\",\"https:\/\/www.youtube.com\/innoticiasbo\"]},{\"@type\":\"Person\",\"@id\":\"https:\/\/innoticiasbo.com\/#\/schema\/person\/0b28481e8d0316f83a13bc702311def5\",\"name\":\"Prensa 11\",\"image\":{\"@type\":\"ImageObject\",\"inLanguage\":\"es\",\"@id\":\"https:\/\/innoticiasbo.com\/#\/schema\/person\/image\/\",\"url\":\"https:\/\/secure.gravatar.com\/avatar\/696560c17349f1807a610bf83832bad0?s=96&d=mm&r=g\",\"contentUrl\":\"https:\/\/secure.gravatar.com\/avatar\/696560c17349f1807a610bf83832bad0?s=96&d=mm&r=g\",\"caption\":\"Prensa 11\"},\"sameAs\":[\"http:\/\/www.innoticiasbo.com\"],\"url\":\"https:\/\/innoticiasbo.com\/index.php\/author\/prensa-11\/\"}]}<\/script>\n<!-- \/ Yoast SEO plugin. -->","yoast_head_json":{"title":"TRES EJES TEM\u00c1TICOS GU\u00cdAN PARA DEBATE DE CANDIDATOS A GOBERNADOR ESTA NOCHE - innoticiasbo.com","robots":{"index":"index","follow":"follow","max-snippet":"max-snippet:-1","max-image-preview":"max-image-preview:large","max-video-preview":"max-video-preview:-1"},"canonical":"https:\/\/innoticiasbo.com\/index.php\/2026\/03\/11\/tres-ejes-tematicos-guian-para-debate-de-candidatos-a-gobernador-esta-noche\/","og_locale":"es_ES","og_type":"article","og_title":"TRES EJES TEM\u00c1TICOS GU\u00cdAN PARA DEBATE DE CANDIDATOS A GOBERNADOR ESTA NOCHE - innoticiasbo.com","og_description":"Pais, 11 de Marzo de 2026.- El TED Cochabamba realiz\u00f3 este martes el sorteo p\u00fablico para definir el orden de participaci\u00f3n de los postulantes. Habr\u00e1 tres bloques. La noche de este mi\u00e9rcoles, 11 de marzo, se desarrollar\u00e1 el debate entre candidatos a la Gobernaci\u00f3n de Cochabamba. Hay tres ejes tem\u00e1ticos que guiar\u00e1n la actividad. Las...","og_url":"https:\/\/innoticiasbo.com\/index.php\/2026\/03\/11\/tres-ejes-tematicos-guian-para-debate-de-candidatos-a-gobernador-esta-noche\/","og_site_name":"innoticiasbo.com","article_publisher":"https:\/\/www.facebook.com\/innoticiasbolivia","article_published_time":"2026-03-11T16:48:45+00:00","article_modified_time":"2026-03-11T16:48:47+00:00","og_image":[{"width":992,"height":558,"url":"https:\/\/innoticiasbo.com\/wp-content\/uploads\/2026\/03\/image-138.png","type":"image\/png"}],"author":"Prensa 11","twitter_card":"summary_large_image","twitter_creator":"@innoticiasbo","twitter_site":"@innoticiasbo","twitter_misc":{"Escrito por":"Prensa 11","Tiempo de lectura":"2 minutos"},"schema":{"@context":"https:\/\/schema.org","@graph":[{"@type":"Article","@id":"https:\/\/innoticiasbo.com\/index.php\/2026\/03\/11\/tres-ejes-tematicos-guian-para-debate-de-candidatos-a-gobernador-esta-noche\/#article","isPartOf":{"@id":"https:\/\/innoticiasbo.com\/index.php\/2026\/03\/11\/tres-ejes-tematicos-guian-para-debate-de-candidatos-a-gobernador-esta-noche\/"},"author":{"name":"Prensa 11","@id":"https:\/\/innoticiasbo.com\/#\/schema\/person\/0b28481e8d0316f83a13bc702311def5"},"headline":"TRES EJES TEM\u00c1TICOS GU\u00cdAN PARA DEBATE DE CANDIDATOS A GOBERNADOR ESTA NOCHE","datePublished":"2026-03-11T16:48:45+00:00","dateModified":"2026-03-11T16:48:47+00:00","mainEntityOfPage":{"@id":"https:\/\/innoticiasbo.com\/index.php\/2026\/03\/11\/tres-ejes-tematicos-guian-para-debate-de-candidatos-a-gobernador-esta-noche\/"},"wordCount":376,"commentCount":0,"publisher":{"@id":"https:\/\/innoticiasbo.com\/#organization"},"image":{"@id":"https:\/\/innoticiasbo.com\/index.php\/2026\/03\/11\/tres-ejes-tematicos-guian-para-debate-de-candidatos-a-gobernador-esta-noche\/#primaryimage"},"thumbnailUrl":"https:\/\/i0.wp.com\/innoticiasbo.com\/wp-content\/uploads\/2026\/03\/image-138.png?fit=992%2C558&ssl=1","keywords":["Bolivia","debate","elecciones subnacionales","Pol\u00edtica","subnacionales","Subnacionales 2026","TED"],"articleSection":["Bolivia","Pol\u00edtica"],"inLanguage":"es","potentialAction":[{"@type":"CommentAction","name":"Comment","target":["https:\/\/innoticiasbo.com\/index.php\/2026\/03\/11\/tres-ejes-tematicos-guian-para-debate-de-candidatos-a-gobernador-esta-noche\/#respond"]}]},{"@type":"WebPage","@id":"https:\/\/innoticiasbo.com\/index.php\/2026\/03\/11\/tres-ejes-tematicos-guian-para-debate-de-candidatos-a-gobernador-esta-noche\/","url":"https:\/\/innoticiasbo.com\/index.php\/2026\/03\/11\/tres-ejes-tematicos-guian-para-debate-de-candidatos-a-gobernador-esta-noche\/","name":"TRES EJES TEM\u00c1TICOS GU\u00cdAN PARA DEBATE DE CANDIDATOS A GOBERNADOR ESTA NOCHE - innoticiasbo.com","isPartOf":{"@id":"https:\/\/innoticiasbo.com\/#website"},"primaryImageOfPage":{"@id":"https:\/\/innoticiasbo.com\/index.php\/2026\/03\/11\/tres-ejes-tematicos-guian-para-debate-de-candidatos-a-gobernador-esta-noche\/#primaryimage"},"image":{"@id":"https:\/\/innoticiasbo.com\/index.php\/2026\/03\/11\/tres-ejes-tematicos-guian-para-debate-de-candidatos-a-gobernador-esta-noche\/#primaryimage"},"thumbnailUrl":"https:\/\/i0.wp.com\/innoticiasbo.com\/wp-content\/uploads\/2026\/03\/image-138.png?fit=992%2C558&ssl=1","datePublished":"2026-03-11T16:48:45+00:00","dateModified":"2026-03-11T16:48:47+00:00","breadcrumb":{"@id":"https:\/\/innoticiasbo.com\/index.php\/2026\/03\/11\/tres-ejes-tematicos-guian-para-debate-de-candidatos-a-gobernador-esta-noche\/#breadcrumb"},"inLanguage":"es","potentialAction":[{"@type":"ReadAction","target":["https:\/\/innoticiasbo.com\/index.php\/2026\/03\/11\/tres-ejes-tematicos-guian-para-debate-de-candidatos-a-gobernador-esta-noche\/"]}]},{"@type":"ImageObject","inLanguage":"es","@id":"https:\/\/innoticiasbo.com\/index.php\/2026\/03\/11\/tres-ejes-tematicos-guian-para-debate-de-candidatos-a-gobernador-esta-noche\/#primaryimage","url":"https:\/\/i0.wp.com\/innoticiasbo.com\/wp-content\/uploads\/2026\/03\/image-138.png?fit=992%2C558&ssl=1","contentUrl":"https:\/\/i0.wp.com\/innoticiasbo.com\/wp-content\/uploads\/2026\/03\/image-138.png?fit=992%2C558&ssl=1","width":992,"height":558},{"@type":"BreadcrumbList","@id":"https:\/\/innoticiasbo.com\/index.php\/2026\/03\/11\/tres-ejes-tematicos-guian-para-debate-de-candidatos-a-gobernador-esta-noche\/#breadcrumb","itemListElement":[{"@type":"ListItem","position":1,"name":"Portada","item":"https:\/\/innoticiasbo.com\/"},{"@type":"ListItem","position":2,"name":"TRES EJES TEM\u00c1TICOS GU\u00cdAN PARA DEBATE DE CANDIDATOS A GOBERNADOR ESTA NOCHE"}]},{"@type":"WebSite","@id":"https:\/\/innoticiasbo.com\/#website","url":"https:\/\/innoticiasbo.com\/","name":"innoticiasbo.com","description":"","publisher":{"@id":"https:\/\/innoticiasbo.com\/#organization"},"potentialAction":[{"@type":"SearchAction","target":{"@type":"EntryPoint","urlTemplate":"https:\/\/innoticiasbo.com\/?s={search_term_string}"},"query-input":{"@type":"PropertyValueSpecification","valueRequired":true,"valueName":"search_term_string"}}],"inLanguage":"es"},{"@type":"Organization","@id":"https:\/\/innoticiasbo.com\/#organization","name":"innoticiasbo.com","url":"https:\/\/innoticiasbo.com\/","logo":{"@type":"ImageObject","inLanguage":"es","@id":"https:\/\/innoticiasbo.com\/#\/schema\/logo\/image\/","url":"https:\/\/i0.wp.com\/innoticiasbo.com\/wp-content\/uploads\/2026\/04\/cropped-IN-LOGO.png?fit=1476%2C1476&ssl=1","contentUrl":"https:\/\/i0.wp.com\/innoticiasbo.com\/wp-content\/uploads\/2026\/04\/cropped-IN-LOGO.png?fit=1476%2C1476&ssl=1","width":1476,"height":1476,"caption":"innoticiasbo.com"},"image":{"@id":"https:\/\/innoticiasbo.com\/#\/schema\/logo\/image\/"},"sameAs":["https:\/\/www.facebook.com\/innoticiasbolivia","https:\/\/x.com\/innoticiasbo","https:\/\/www.instagram.com\/innoticiasbo","https:\/\/www.youtube.com\/innoticiasbo"]},{"@type":"Person","@id":"https:\/\/innoticiasbo.com\/#\/schema\/person\/0b28481e8d0316f83a13bc702311def5","name":"Prensa 11","image":{"@type":"ImageObject","inLanguage":"es","@id":"https:\/\/innoticiasbo.com\/#\/schema\/person\/image\/","url":"https:\/\/secure.gravatar.com\/avatar\/696560c17349f1807a610bf83832bad0?s=96&d=mm&r=g","contentUrl":"https:\/\/secure.gravatar.com\/avatar\/696560c17349f1807a610bf83832bad0?s=96&d=mm&r=g","caption":"Prensa 11"},"sameAs":["http:\/\/www.innoticiasbo.com"],"url":"https:\/\/innoticiasbo.com\/index.php\/author\/prensa-11\/"}]}},"jetpack_featured_media_url":"https:\/\/i0.wp.com\/innoticiasbo.com\/wp-content\/uploads\/2026\/03\/image-138.png?fit=992%2C558&ssl=1","jetpack_likes_enabled":true,"jetpack_sharing_enabled":true,"jetpack_shortlink":"https:\/\/wp.me\/pg298x-2st","_links":{"self":[{"href":"https:\/\/innoticiasbo.com\/index.php\/wp-json\/wp\/v2\/posts\/9453","targetHints":{"allow":["GET"]}}],"collection":[{"href":"https:\/\/innoticiasbo.com\/index.php\/wp-json\/wp\/v2\/posts"}],"about":[{"href":"https:\/\/innoticiasbo.com\/index.php\/wp-json\/wp\/v2\/types\/post"}],"author":[{"embeddable":true,"href":"https:\/\/innoticiasbo.com\/index.php\/wp-json\/wp\/v2\/users\/11"}],"replies":[{"embeddable":true,"href":"https:\/\/innoticiasbo.com\/index.php\/wp-json\/wp\/v2\/comments?post=9453"}],"version-history":[{"count":1,"href":"https:\/\/innoticiasbo.com\/index.php\/wp-json\/wp\/v2\/posts\/9453\/revisions"}],"predecessor-version":[{"id":9455,"href":"https:\/\/innoticiasbo.com\/index.php\/wp-json\/wp\/v2\/posts\/9453\/revisions\/9455"}],"wp:featuredmedia":[{"embeddable":true,"href":"https:\/\/innoticiasbo.com\/index.php\/wp-json\/wp\/v2\/media\/9454"}],"wp:attachment":[{"href":"https:\/\/innoticiasbo.com\/index.php\/wp-json\/wp\/v2\/media?parent=9453"}],"wp:term":[{"taxonomy":"category","embeddable":true,"href":"https:\/\/innoticiasbo.com\/index.php\/wp-json\/wp\/v2\/categories?post=9453"},{"taxonomy":"post_tag","embeddable":true,"href":"https:\/\/innoticiasbo.com\/index.php\/wp-json\/wp\/v2\/tags?post=9453"}],"curies":[{"name":"wp","href":"https:\/\/api.w.org\/{rel}","templated":true}]}}