{"id":9441,"date":"2026-03-11T11:56:28","date_gmt":"2026-03-11T15:56:28","guid":{"rendered":"https:\/\/innoticiasbo.com\/?p=9441"},"modified":"2026-03-11T11:56:30","modified_gmt":"2026-03-11T15:56:30","slug":"candidatos-a-la-gobernacion-debaten-hoy-el-ted-transmitira-por-sus-rrss","status":"publish","type":"post","link":"https:\/\/innoticiasbo.com\/index.php\/2026\/03\/11\/candidatos-a-la-gobernacion-debaten-hoy-el-ted-transmitira-por-sus-rrss\/","title":{"rendered":"CANDIDATOS A LA GOBERNACI\u00d3N DEBATEN HOY, EL TED TRANSMITIR\u00c1 POR SUS RRSS"},"content":{"rendered":"\n<figure class=\"wp-block-image size-full\"><img data-recalc-dims=\"1\" loading=\"lazy\" decoding=\"async\" width=\"640\" height=\"357\" src=\"https:\/\/i0.wp.com\/innoticiasbo.com\/wp-content\/uploads\/2026\/03\/image-134.png?resize=640%2C357&#038;ssl=1\" alt=\"\" class=\"wp-image-9442\" srcset=\"https:\/\/i0.wp.com\/innoticiasbo.com\/wp-content\/uploads\/2026\/03\/image-134.png?w=770&amp;ssl=1 770w, https:\/\/i0.wp.com\/innoticiasbo.com\/wp-content\/uploads\/2026\/03\/image-134.png?resize=300%2C168&amp;ssl=1 300w, https:\/\/i0.wp.com\/innoticiasbo.com\/wp-content\/uploads\/2026\/03\/image-134.png?resize=768%2C429&amp;ssl=1 768w\" sizes=\"auto, (max-width: 640px) 100vw, 640px\" \/><\/figure>\n\n\n\n<p><strong>Pa\u00eds, 11 de Marzo de 2026.- <\/strong>Juan Flores Encinas, de la alianza Libre, ser\u00e1 el candidato a la Gobernaci\u00f3n de Cochabamba que abrir\u00e1 el debate hoy a las 21:00, en el marco de las actividades que organiza el Tribunal Supremo Electoral (TSE).<\/p>\n\n\n\n<p>Al debate est\u00e1n convocados los diez candidatos a la Gobernaci\u00f3n de Cochabamba. Sin embargo, ayer asistieron al sorteo siete delegados de partidos y agrupaciones ciudadanas.<\/p>\n\n\n\n<p>Simult\u00e1neamente se realizaron sorteos en los nueve departamentos del pa\u00eds organizados por los respectivos TED .<\/p>\n\n\n\n<p>En Cochabamba, el debate ser\u00e1 transmitido por las redes sociales del TED, se\u00f1ales abiertas de radio y televisi\u00f3n y la canal digital del ATB.<\/p>\n\n\n\n<p>Luego de la participaci\u00f3n de Flores, siguen los candidatos en el siguiente orden: Leonardo Loza, de Alianza Por los Pueblos (A-UPP), Sergio Rodr\u00edguez (APB-S\u00famate), Mario Severich (Soluciones con Todos), Ruth Alina Peralta de Frente Revolucionario de Izquierda (FRI), Jhon Ariel Rioja, de Nueva Generaci\u00f3n Patri\u00f3tica (NGP), Esther Soria de Unidos, Alejandro Mostajo, del Movimiento Tercer Sistema (MTS), Rolando Morales, de Alianza Patria y Jos\u00e9 Juvenal Arispe, del Partido Dem\u00f3crata Cristiano (PDC), &nbsp; &nbsp; &nbsp; &nbsp;<\/p>\n\n\n\n<p><strong>Tem\u00e1ticas<\/strong><\/p>\n\n\n\n<p>Los ejes tem\u00e1ticos de los debates ser\u00e1n definidos por los Tribunales Departamentales, con base en \u201clas necesidades de cada departamento y municipio\u201d.<\/p>\n\n\n\n<p>Cada candidato tendr\u00e1 un tiempo para explicar su propuesta y podr\u00e1 preguntar y recibir preguntas de sus oponentes. Tambi\u00e9n habr\u00e1 r\u00e9plicas y d\u00faplicas.<\/p>\n\n\n\n<p>Los debates comenzar\u00e1n entre las 20:30 y 21:00 y, en algunos casos, se realizar\u00e1 en sets de canales de televisi\u00f3n. Se prev\u00e9 una duraci\u00f3n de tres horas, aunque este tiempo depende de la cantidad de candidatos en cada departamento y municipio.<\/p>\n\n\n\n<p>Gustavo \u00c1vila, presidente del TSE,&nbsp; remarc\u00f3 que el 95% de los candidatos a gobernadores y alcaldes de las ciudades capitales y El Alto confirm\u00f3 su asistencia a los debates e invit\u00f3 al resto a garantizar su presencia.<\/p>\n\n\n\n<p>\u201cA los candidatos que todav\u00eda no confirmaron les invitamos a hacerlo\u201d, inst\u00f3 el presidente del TSE.<\/p>\n\n\n\n<p>En algunos departamentos est\u00e1n dividiendo a los candidatos en dos grupos .<\/p>\n\n\n\n<p><strong>Alcaldes<\/strong><\/p>\n\n\n\n<p>Para los debates a alcaldes de ciudades capitales se seguir\u00e1 similar metodolog\u00eda y se realizar\u00e1 el 15 de marzo.<\/p>\n\n\n\n<p>El TED de Cochabamba a\u00fan no\u00a0 defini\u00f3 la fecha para el sorteo.<\/p>\n\n\n\n<p>Fuente: Los Tiempos<\/p>\n","protected":false},"excerpt":{"rendered":"<p>Pa\u00eds, 11 de Marzo de 2026.- Juan Flores Encinas, de la alianza Libre, ser\u00e1 el candidato a la Gobernaci\u00f3n de Cochabamba que abrir\u00e1 el debate hoy a las 21:00, en el marco de las actividades que organiza el Tribunal Supremo Electoral (TSE). Al debate est\u00e1n convocados los diez candidatos a la Gobernaci\u00f3n de Cochabamba. Sin&#8230;<\/p>\n","protected":false},"author":11,"featured_media":9442,"comment_status":"open","ping_status":"open","sticky":false,"template":"","format":"standard","meta":{"_jetpack_memberships_contains_paid_content":false,"footnotes":"","jetpack_publicize_message":"","jetpack_publicize_feature_enabled":true,"jetpack_social_post_already_shared":true,"jetpack_social_options":{"image_generator_settings":{"template":"highway","enabled":false},"version":2}},"categories":[3],"tags":[7,964,279,10,1011,1256,587],"class_list":["post-9441","post","type-post","status-publish","format-standard","has-post-thumbnail","hentry","category-politica","tag-bolivia","tag-debate","tag-gobernacion","tag-politica","tag-subnacionales","tag-subnacionales-2026","tag-ted"],"jetpack_publicize_connections":[],"yoast_head":"<!-- This site is optimized with the Yoast SEO plugin v23.4 - https:\/\/yoast.com\/wordpress\/plugins\/seo\/ -->\n<title>CANDIDATOS A LA GOBERNACI\u00d3N DEBATEN HOY, EL TED TRANSMITIR\u00c1 POR SUS RRSS - innoticiasbo.com<\/title>\n<meta name=\"robots\" content=\"index, follow, max-snippet:-1, max-image-preview:large, max-video-preview:-1\" \/>\n<link rel=\"canonical\" href=\"https:\/\/innoticiasbo.com\/index.php\/2026\/03\/11\/candidatos-a-la-gobernacion-debaten-hoy-el-ted-transmitira-por-sus-rrss\/\" \/>\n<meta property=\"og:locale\" content=\"es_ES\" \/>\n<meta property=\"og:type\" content=\"article\" \/>\n<meta property=\"og:title\" content=\"CANDIDATOS A LA GOBERNACI\u00d3N DEBATEN HOY, EL TED TRANSMITIR\u00c1 POR SUS RRSS - innoticiasbo.com\" \/>\n<meta property=\"og:description\" content=\"Pa\u00eds, 11 de Marzo de 2026.- Juan Flores Encinas, de la alianza Libre, ser\u00e1 el candidato a la Gobernaci\u00f3n de Cochabamba que abrir\u00e1 el debate hoy a las 21:00, en el marco de las actividades que organiza el Tribunal Supremo Electoral (TSE). Al debate est\u00e1n convocados los diez candidatos a la Gobernaci\u00f3n de Cochabamba. Sin...\" \/>\n<meta property=\"og:url\" content=\"https:\/\/innoticiasbo.com\/index.php\/2026\/03\/11\/candidatos-a-la-gobernacion-debaten-hoy-el-ted-transmitira-por-sus-rrss\/\" \/>\n<meta property=\"og:site_name\" content=\"innoticiasbo.com\" \/>\n<meta property=\"article:publisher\" content=\"https:\/\/www.facebook.com\/innoticiasbolivia\" \/>\n<meta property=\"article:published_time\" content=\"2026-03-11T15:56:28+00:00\" \/>\n<meta property=\"article:modified_time\" content=\"2026-03-11T15:56:30+00:00\" \/>\n<meta property=\"og:image\" content=\"https:\/\/innoticiasbo.com\/wp-content\/uploads\/2026\/03\/image-134.png\" \/>\n\t<meta property=\"og:image:width\" content=\"770\" \/>\n\t<meta property=\"og:image:height\" content=\"430\" \/>\n\t<meta property=\"og:image:type\" content=\"image\/png\" \/>\n<meta name=\"author\" content=\"Prensa 11\" \/>\n<meta name=\"twitter:card\" content=\"summary_large_image\" \/>\n<meta name=\"twitter:creator\" content=\"@innoticiasbo\" \/>\n<meta name=\"twitter:site\" content=\"@innoticiasbo\" \/>\n<meta name=\"twitter:label1\" content=\"Escrito por\" \/>\n\t<meta name=\"twitter:data1\" content=\"Prensa 11\" \/>\n\t<meta name=\"twitter:label2\" content=\"Tiempo de lectura\" \/>\n\t<meta name=\"twitter:data2\" content=\"3 minutos\" \/>\n<script type=\"application\/ld+json\" class=\"yoast-schema-graph\">{\"@context\":\"https:\/\/schema.org\",\"@graph\":[{\"@type\":\"Article\",\"@id\":\"https:\/\/innoticiasbo.com\/index.php\/2026\/03\/11\/candidatos-a-la-gobernacion-debaten-hoy-el-ted-transmitira-por-sus-rrss\/#article\",\"isPartOf\":{\"@id\":\"https:\/\/innoticiasbo.com\/index.php\/2026\/03\/11\/candidatos-a-la-gobernacion-debaten-hoy-el-ted-transmitira-por-sus-rrss\/\"},\"author\":{\"name\":\"Prensa 11\",\"@id\":\"https:\/\/innoticiasbo.com\/#\/schema\/person\/0b28481e8d0316f83a13bc702311def5\"},\"headline\":\"CANDIDATOS A LA GOBERNACI\u00d3N DEBATEN HOY, EL TED TRANSMITIR\u00c1 POR SUS RRSS\",\"datePublished\":\"2026-03-11T15:56:28+00:00\",\"dateModified\":\"2026-03-11T15:56:30+00:00\",\"mainEntityOfPage\":{\"@id\":\"https:\/\/innoticiasbo.com\/index.php\/2026\/03\/11\/candidatos-a-la-gobernacion-debaten-hoy-el-ted-transmitira-por-sus-rrss\/\"},\"wordCount\":402,\"commentCount\":0,\"publisher\":{\"@id\":\"https:\/\/innoticiasbo.com\/#organization\"},\"image\":{\"@id\":\"https:\/\/innoticiasbo.com\/index.php\/2026\/03\/11\/candidatos-a-la-gobernacion-debaten-hoy-el-ted-transmitira-por-sus-rrss\/#primaryimage\"},\"thumbnailUrl\":\"https:\/\/i0.wp.com\/innoticiasbo.com\/wp-content\/uploads\/2026\/03\/image-134.png?fit=770%2C430&ssl=1\",\"keywords\":[\"Bolivia\",\"debate\",\"Gobernaci\u00f3n\",\"Pol\u00edtica\",\"subnacionales\",\"Subnacionales 2026\",\"TED\"],\"articleSection\":[\"Pol\u00edtica\"],\"inLanguage\":\"es\",\"potentialAction\":[{\"@type\":\"CommentAction\",\"name\":\"Comment\",\"target\":[\"https:\/\/innoticiasbo.com\/index.php\/2026\/03\/11\/candidatos-a-la-gobernacion-debaten-hoy-el-ted-transmitira-por-sus-rrss\/#respond\"]}]},{\"@type\":\"WebPage\",\"@id\":\"https:\/\/innoticiasbo.com\/index.php\/2026\/03\/11\/candidatos-a-la-gobernacion-debaten-hoy-el-ted-transmitira-por-sus-rrss\/\",\"url\":\"https:\/\/innoticiasbo.com\/index.php\/2026\/03\/11\/candidatos-a-la-gobernacion-debaten-hoy-el-ted-transmitira-por-sus-rrss\/\",\"name\":\"CANDIDATOS A LA GOBERNACI\u00d3N DEBATEN HOY, EL TED TRANSMITIR\u00c1 POR SUS RRSS - innoticiasbo.com\",\"isPartOf\":{\"@id\":\"https:\/\/innoticiasbo.com\/#website\"},\"primaryImageOfPage\":{\"@id\":\"https:\/\/innoticiasbo.com\/index.php\/2026\/03\/11\/candidatos-a-la-gobernacion-debaten-hoy-el-ted-transmitira-por-sus-rrss\/#primaryimage\"},\"image\":{\"@id\":\"https:\/\/innoticiasbo.com\/index.php\/2026\/03\/11\/candidatos-a-la-gobernacion-debaten-hoy-el-ted-transmitira-por-sus-rrss\/#primaryimage\"},\"thumbnailUrl\":\"https:\/\/i0.wp.com\/innoticiasbo.com\/wp-content\/uploads\/2026\/03\/image-134.png?fit=770%2C430&ssl=1\",\"datePublished\":\"2026-03-11T15:56:28+00:00\",\"dateModified\":\"2026-03-11T15:56:30+00:00\",\"breadcrumb\":{\"@id\":\"https:\/\/innoticiasbo.com\/index.php\/2026\/03\/11\/candidatos-a-la-gobernacion-debaten-hoy-el-ted-transmitira-por-sus-rrss\/#breadcrumb\"},\"inLanguage\":\"es\",\"potentialAction\":[{\"@type\":\"ReadAction\",\"target\":[\"https:\/\/innoticiasbo.com\/index.php\/2026\/03\/11\/candidatos-a-la-gobernacion-debaten-hoy-el-ted-transmitira-por-sus-rrss\/\"]}]},{\"@type\":\"ImageObject\",\"inLanguage\":\"es\",\"@id\":\"https:\/\/innoticiasbo.com\/index.php\/2026\/03\/11\/candidatos-a-la-gobernacion-debaten-hoy-el-ted-transmitira-por-sus-rrss\/#primaryimage\",\"url\":\"https:\/\/i0.wp.com\/innoticiasbo.com\/wp-content\/uploads\/2026\/03\/image-134.png?fit=770%2C430&ssl=1\",\"contentUrl\":\"https:\/\/i0.wp.com\/innoticiasbo.com\/wp-content\/uploads\/2026\/03\/image-134.png?fit=770%2C430&ssl=1\",\"width\":770,\"height\":430},{\"@type\":\"BreadcrumbList\",\"@id\":\"https:\/\/innoticiasbo.com\/index.php\/2026\/03\/11\/candidatos-a-la-gobernacion-debaten-hoy-el-ted-transmitira-por-sus-rrss\/#breadcrumb\",\"itemListElement\":[{\"@type\":\"ListItem\",\"position\":1,\"name\":\"Portada\",\"item\":\"https:\/\/innoticiasbo.com\/\"},{\"@type\":\"ListItem\",\"position\":2,\"name\":\"CANDIDATOS A LA GOBERNACI\u00d3N DEBATEN HOY, EL TED TRANSMITIR\u00c1 POR SUS RRSS\"}]},{\"@type\":\"WebSite\",\"@id\":\"https:\/\/innoticiasbo.com\/#website\",\"url\":\"https:\/\/innoticiasbo.com\/\",\"name\":\"innoticiasbo.com\",\"description\":\"\",\"publisher\":{\"@id\":\"https:\/\/innoticiasbo.com\/#organization\"},\"potentialAction\":[{\"@type\":\"SearchAction\",\"target\":{\"@type\":\"EntryPoint\",\"urlTemplate\":\"https:\/\/innoticiasbo.com\/?s={search_term_string}\"},\"query-input\":{\"@type\":\"PropertyValueSpecification\",\"valueRequired\":true,\"valueName\":\"search_term_string\"}}],\"inLanguage\":\"es\"},{\"@type\":\"Organization\",\"@id\":\"https:\/\/innoticiasbo.com\/#organization\",\"name\":\"innoticiasbo.com\",\"url\":\"https:\/\/innoticiasbo.com\/\",\"logo\":{\"@type\":\"ImageObject\",\"inLanguage\":\"es\",\"@id\":\"https:\/\/innoticiasbo.com\/#\/schema\/logo\/image\/\",\"url\":\"https:\/\/i0.wp.com\/innoticiasbo.com\/wp-content\/uploads\/2026\/04\/cropped-IN-LOGO.png?fit=1476%2C1476&ssl=1\",\"contentUrl\":\"https:\/\/i0.wp.com\/innoticiasbo.com\/wp-content\/uploads\/2026\/04\/cropped-IN-LOGO.png?fit=1476%2C1476&ssl=1\",\"width\":1476,\"height\":1476,\"caption\":\"innoticiasbo.com\"},\"image\":{\"@id\":\"https:\/\/innoticiasbo.com\/#\/schema\/logo\/image\/\"},\"sameAs\":[\"https:\/\/www.facebook.com\/innoticiasbolivia\",\"https:\/\/x.com\/innoticiasbo\",\"https:\/\/www.instagram.com\/innoticiasbo\",\"https:\/\/www.youtube.com\/innoticiasbo\"]},{\"@type\":\"Person\",\"@id\":\"https:\/\/innoticiasbo.com\/#\/schema\/person\/0b28481e8d0316f83a13bc702311def5\",\"name\":\"Prensa 11\",\"image\":{\"@type\":\"ImageObject\",\"inLanguage\":\"es\",\"@id\":\"https:\/\/innoticiasbo.com\/#\/schema\/person\/image\/\",\"url\":\"https:\/\/secure.gravatar.com\/avatar\/696560c17349f1807a610bf83832bad0?s=96&d=mm&r=g\",\"contentUrl\":\"https:\/\/secure.gravatar.com\/avatar\/696560c17349f1807a610bf83832bad0?s=96&d=mm&r=g\",\"caption\":\"Prensa 11\"},\"sameAs\":[\"http:\/\/www.innoticiasbo.com\"],\"url\":\"https:\/\/innoticiasbo.com\/index.php\/author\/prensa-11\/\"}]}<\/script>\n<!-- \/ Yoast SEO plugin. -->","yoast_head_json":{"title":"CANDIDATOS A LA GOBERNACI\u00d3N DEBATEN HOY, EL TED TRANSMITIR\u00c1 POR SUS RRSS - innoticiasbo.com","robots":{"index":"index","follow":"follow","max-snippet":"max-snippet:-1","max-image-preview":"max-image-preview:large","max-video-preview":"max-video-preview:-1"},"canonical":"https:\/\/innoticiasbo.com\/index.php\/2026\/03\/11\/candidatos-a-la-gobernacion-debaten-hoy-el-ted-transmitira-por-sus-rrss\/","og_locale":"es_ES","og_type":"article","og_title":"CANDIDATOS A LA GOBERNACI\u00d3N DEBATEN HOY, EL TED TRANSMITIR\u00c1 POR SUS RRSS - innoticiasbo.com","og_description":"Pa\u00eds, 11 de Marzo de 2026.- Juan Flores Encinas, de la alianza Libre, ser\u00e1 el candidato a la Gobernaci\u00f3n de Cochabamba que abrir\u00e1 el debate hoy a las 21:00, en el marco de las actividades que organiza el Tribunal Supremo Electoral (TSE). Al debate est\u00e1n convocados los diez candidatos a la Gobernaci\u00f3n de Cochabamba. Sin...","og_url":"https:\/\/innoticiasbo.com\/index.php\/2026\/03\/11\/candidatos-a-la-gobernacion-debaten-hoy-el-ted-transmitira-por-sus-rrss\/","og_site_name":"innoticiasbo.com","article_publisher":"https:\/\/www.facebook.com\/innoticiasbolivia","article_published_time":"2026-03-11T15:56:28+00:00","article_modified_time":"2026-03-11T15:56:30+00:00","og_image":[{"width":770,"height":430,"url":"https:\/\/innoticiasbo.com\/wp-content\/uploads\/2026\/03\/image-134.png","type":"image\/png"}],"author":"Prensa 11","twitter_card":"summary_large_image","twitter_creator":"@innoticiasbo","twitter_site":"@innoticiasbo","twitter_misc":{"Escrito por":"Prensa 11","Tiempo de lectura":"3 minutos"},"schema":{"@context":"https:\/\/schema.org","@graph":[{"@type":"Article","@id":"https:\/\/innoticiasbo.com\/index.php\/2026\/03\/11\/candidatos-a-la-gobernacion-debaten-hoy-el-ted-transmitira-por-sus-rrss\/#article","isPartOf":{"@id":"https:\/\/innoticiasbo.com\/index.php\/2026\/03\/11\/candidatos-a-la-gobernacion-debaten-hoy-el-ted-transmitira-por-sus-rrss\/"},"author":{"name":"Prensa 11","@id":"https:\/\/innoticiasbo.com\/#\/schema\/person\/0b28481e8d0316f83a13bc702311def5"},"headline":"CANDIDATOS A LA GOBERNACI\u00d3N DEBATEN HOY, EL TED TRANSMITIR\u00c1 POR SUS RRSS","datePublished":"2026-03-11T15:56:28+00:00","dateModified":"2026-03-11T15:56:30+00:00","mainEntityOfPage":{"@id":"https:\/\/innoticiasbo.com\/index.php\/2026\/03\/11\/candidatos-a-la-gobernacion-debaten-hoy-el-ted-transmitira-por-sus-rrss\/"},"wordCount":402,"commentCount":0,"publisher":{"@id":"https:\/\/innoticiasbo.com\/#organization"},"image":{"@id":"https:\/\/innoticiasbo.com\/index.php\/2026\/03\/11\/candidatos-a-la-gobernacion-debaten-hoy-el-ted-transmitira-por-sus-rrss\/#primaryimage"},"thumbnailUrl":"https:\/\/i0.wp.com\/innoticiasbo.com\/wp-content\/uploads\/2026\/03\/image-134.png?fit=770%2C430&ssl=1","keywords":["Bolivia","debate","Gobernaci\u00f3n","Pol\u00edtica","subnacionales","Subnacionales 2026","TED"],"articleSection":["Pol\u00edtica"],"inLanguage":"es","potentialAction":[{"@type":"CommentAction","name":"Comment","target":["https:\/\/innoticiasbo.com\/index.php\/2026\/03\/11\/candidatos-a-la-gobernacion-debaten-hoy-el-ted-transmitira-por-sus-rrss\/#respond"]}]},{"@type":"WebPage","@id":"https:\/\/innoticiasbo.com\/index.php\/2026\/03\/11\/candidatos-a-la-gobernacion-debaten-hoy-el-ted-transmitira-por-sus-rrss\/","url":"https:\/\/innoticiasbo.com\/index.php\/2026\/03\/11\/candidatos-a-la-gobernacion-debaten-hoy-el-ted-transmitira-por-sus-rrss\/","name":"CANDIDATOS A LA GOBERNACI\u00d3N DEBATEN HOY, EL TED TRANSMITIR\u00c1 POR SUS RRSS - innoticiasbo.com","isPartOf":{"@id":"https:\/\/innoticiasbo.com\/#website"},"primaryImageOfPage":{"@id":"https:\/\/innoticiasbo.com\/index.php\/2026\/03\/11\/candidatos-a-la-gobernacion-debaten-hoy-el-ted-transmitira-por-sus-rrss\/#primaryimage"},"image":{"@id":"https:\/\/innoticiasbo.com\/index.php\/2026\/03\/11\/candidatos-a-la-gobernacion-debaten-hoy-el-ted-transmitira-por-sus-rrss\/#primaryimage"},"thumbnailUrl":"https:\/\/i0.wp.com\/innoticiasbo.com\/wp-content\/uploads\/2026\/03\/image-134.png?fit=770%2C430&ssl=1","datePublished":"2026-03-11T15:56:28+00:00","dateModified":"2026-03-11T15:56:30+00:00","breadcrumb":{"@id":"https:\/\/innoticiasbo.com\/index.php\/2026\/03\/11\/candidatos-a-la-gobernacion-debaten-hoy-el-ted-transmitira-por-sus-rrss\/#breadcrumb"},"inLanguage":"es","potentialAction":[{"@type":"ReadAction","target":["https:\/\/innoticiasbo.com\/index.php\/2026\/03\/11\/candidatos-a-la-gobernacion-debaten-hoy-el-ted-transmitira-por-sus-rrss\/"]}]},{"@type":"ImageObject","inLanguage":"es","@id":"https:\/\/innoticiasbo.com\/index.php\/2026\/03\/11\/candidatos-a-la-gobernacion-debaten-hoy-el-ted-transmitira-por-sus-rrss\/#primaryimage","url":"https:\/\/i0.wp.com\/innoticiasbo.com\/wp-content\/uploads\/2026\/03\/image-134.png?fit=770%2C430&ssl=1","contentUrl":"https:\/\/i0.wp.com\/innoticiasbo.com\/wp-content\/uploads\/2026\/03\/image-134.png?fit=770%2C430&ssl=1","width":770,"height":430},{"@type":"BreadcrumbList","@id":"https:\/\/innoticiasbo.com\/index.php\/2026\/03\/11\/candidatos-a-la-gobernacion-debaten-hoy-el-ted-transmitira-por-sus-rrss\/#breadcrumb","itemListElement":[{"@type":"ListItem","position":1,"name":"Portada","item":"https:\/\/innoticiasbo.com\/"},{"@type":"ListItem","position":2,"name":"CANDIDATOS A LA GOBERNACI\u00d3N DEBATEN HOY, EL TED TRANSMITIR\u00c1 POR SUS RRSS"}]},{"@type":"WebSite","@id":"https:\/\/innoticiasbo.com\/#website","url":"https:\/\/innoticiasbo.com\/","name":"innoticiasbo.com","description":"","publisher":{"@id":"https:\/\/innoticiasbo.com\/#organization"},"potentialAction":[{"@type":"SearchAction","target":{"@type":"EntryPoint","urlTemplate":"https:\/\/innoticiasbo.com\/?s={search_term_string}"},"query-input":{"@type":"PropertyValueSpecification","valueRequired":true,"valueName":"search_term_string"}}],"inLanguage":"es"},{"@type":"Organization","@id":"https:\/\/innoticiasbo.com\/#organization","name":"innoticiasbo.com","url":"https:\/\/innoticiasbo.com\/","logo":{"@type":"ImageObject","inLanguage":"es","@id":"https:\/\/innoticiasbo.com\/#\/schema\/logo\/image\/","url":"https:\/\/i0.wp.com\/innoticiasbo.com\/wp-content\/uploads\/2026\/04\/cropped-IN-LOGO.png?fit=1476%2C1476&ssl=1","contentUrl":"https:\/\/i0.wp.com\/innoticiasbo.com\/wp-content\/uploads\/2026\/04\/cropped-IN-LOGO.png?fit=1476%2C1476&ssl=1","width":1476,"height":1476,"caption":"innoticiasbo.com"},"image":{"@id":"https:\/\/innoticiasbo.com\/#\/schema\/logo\/image\/"},"sameAs":["https:\/\/www.facebook.com\/innoticiasbolivia","https:\/\/x.com\/innoticiasbo","https:\/\/www.instagram.com\/innoticiasbo","https:\/\/www.youtube.com\/innoticiasbo"]},{"@type":"Person","@id":"https:\/\/innoticiasbo.com\/#\/schema\/person\/0b28481e8d0316f83a13bc702311def5","name":"Prensa 11","image":{"@type":"ImageObject","inLanguage":"es","@id":"https:\/\/innoticiasbo.com\/#\/schema\/person\/image\/","url":"https:\/\/secure.gravatar.com\/avatar\/696560c17349f1807a610bf83832bad0?s=96&d=mm&r=g","contentUrl":"https:\/\/secure.gravatar.com\/avatar\/696560c17349f1807a610bf83832bad0?s=96&d=mm&r=g","caption":"Prensa 11"},"sameAs":["http:\/\/www.innoticiasbo.com"],"url":"https:\/\/innoticiasbo.com\/index.php\/author\/prensa-11\/"}]}},"jetpack_featured_media_url":"https:\/\/i0.wp.com\/innoticiasbo.com\/wp-content\/uploads\/2026\/03\/image-134.png?fit=770%2C430&ssl=1","jetpack_likes_enabled":true,"jetpack_sharing_enabled":true,"jetpack_shortlink":"https:\/\/wp.me\/pg298x-2sh","_links":{"self":[{"href":"https:\/\/innoticiasbo.com\/index.php\/wp-json\/wp\/v2\/posts\/9441","targetHints":{"allow":["GET"]}}],"collection":[{"href":"https:\/\/innoticiasbo.com\/index.php\/wp-json\/wp\/v2\/posts"}],"about":[{"href":"https:\/\/innoticiasbo.com\/index.php\/wp-json\/wp\/v2\/types\/post"}],"author":[{"embeddable":true,"href":"https:\/\/innoticiasbo.com\/index.php\/wp-json\/wp\/v2\/users\/11"}],"replies":[{"embeddable":true,"href":"https:\/\/innoticiasbo.com\/index.php\/wp-json\/wp\/v2\/comments?post=9441"}],"version-history":[{"count":1,"href":"https:\/\/innoticiasbo.com\/index.php\/wp-json\/wp\/v2\/posts\/9441\/revisions"}],"predecessor-version":[{"id":9443,"href":"https:\/\/innoticiasbo.com\/index.php\/wp-json\/wp\/v2\/posts\/9441\/revisions\/9443"}],"wp:featuredmedia":[{"embeddable":true,"href":"https:\/\/innoticiasbo.com\/index.php\/wp-json\/wp\/v2\/media\/9442"}],"wp:attachment":[{"href":"https:\/\/innoticiasbo.com\/index.php\/wp-json\/wp\/v2\/media?parent=9441"}],"wp:term":[{"taxonomy":"category","embeddable":true,"href":"https:\/\/innoticiasbo.com\/index.php\/wp-json\/wp\/v2\/categories?post=9441"},{"taxonomy":"post_tag","embeddable":true,"href":"https:\/\/innoticiasbo.com\/index.php\/wp-json\/wp\/v2\/tags?post=9441"}],"curies":[{"name":"wp","href":"https:\/\/api.w.org\/{rel}","templated":true}]}}