{"id":9435,"date":"2026-03-11T00:07:28","date_gmt":"2026-03-11T04:07:28","guid":{"rendered":"https:\/\/innoticiasbo.com\/?p=9435"},"modified":"2026-03-11T00:07:30","modified_gmt":"2026-03-11T04:07:30","slug":"medinacelli-afirma-que-el-aditivo-a-la-gasolina-es-un-purgante-temporal","status":"publish","type":"post","link":"https:\/\/innoticiasbo.com\/index.php\/2026\/03\/11\/medinacelli-afirma-que-el-aditivo-a-la-gasolina-es-un-purgante-temporal\/","title":{"rendered":"MEDINACELLI AFIRMA QUE EL ADITIVO A LA GASOLINA ES UN &#8216;PURGANTE TEMPORAL&#8217;"},"content":{"rendered":"\n<figure class=\"wp-block-image size-full\"><img data-recalc-dims=\"1\" loading=\"lazy\" decoding=\"async\" width=\"640\" height=\"557\" src=\"https:\/\/i0.wp.com\/innoticiasbo.com\/wp-content\/uploads\/2026\/03\/image-132.png?resize=640%2C557&#038;ssl=1\" alt=\"\" class=\"wp-image-9436\" srcset=\"https:\/\/i0.wp.com\/innoticiasbo.com\/wp-content\/uploads\/2026\/03\/image-132.png?w=850&amp;ssl=1 850w, https:\/\/i0.wp.com\/innoticiasbo.com\/wp-content\/uploads\/2026\/03\/image-132.png?resize=300%2C261&amp;ssl=1 300w, https:\/\/i0.wp.com\/innoticiasbo.com\/wp-content\/uploads\/2026\/03\/image-132.png?resize=768%2C669&amp;ssl=1 768w\" sizes=\"auto, (max-width: 640px) 100vw, 640px\" \/><\/figure>\n\n\n\n<p><strong>Pa\u00eds, 10 de Marzo de 2026.-<\/strong> YPFB implement\u00f3 aditivos en la gasolina con el objetivo de estabilizar su calidad y contribuir a la limpieza de los motores de los veh\u00edculos, mediante un proceso temporal de \u201cpurga\u201d que se desarrolla por fases y que permitir\u00e1 que el combustible estabilizado funcione con normalidad en el sistema de distribuci\u00f3n, afirm\u00f3 el ministro de Hidrocarburos y Energ\u00edas, Mauricio Medinaceli.<\/p>\n\n\n\n<p>La autoridad explic\u00f3 que el problema detectado estaba relacionado con la desestabilizaci\u00f3n de la gasolina, por lo que inicialmente YPFB realiz\u00f3 una investigaci\u00f3n t\u00e9cnica para identificar en qu\u00e9 parte de la cadena de hidrocarburos se originaba la dificultad. Seg\u00fan indic\u00f3, el proceso incluy\u00f3 an\u00e1lisis m\u00e1s exhaustivos que los est\u00e1ndares para determinar qu\u00e9 componentes del combustible estaban generando las fallas.<\/p>\n\n\n\n<p>Durante la investigaci\u00f3n tambi\u00e9n se identific\u00f3 que el prolongado tiempo en que algunas plantas de almacenamiento permanecieron vac\u00edas gener\u00f3 procesos de oxidaci\u00f3n en los tanques. Cuando estos volvieron a llenarse con combustible, esa oxidaci\u00f3n, sumada a un contenido relativamente alto de gomas, contribuy\u00f3 a los problemas detectados en la gasolina.<\/p>\n\n\n\n<p>Medinaceli se\u00f1al\u00f3 que t\u00e9cnicos del \u00e1rea log\u00edstica de YPFB ya hab\u00edan advertido sobre esta situaci\u00f3n meses antes, por lo que ahora se realizan procesos de auditor\u00eda interna para establecer responsabilidades y mejorar los protocolos de mantenimiento de las instalaciones.<\/p>\n\n\n\n<p>Tras identificar las causas, se contrat\u00f3 a la empresa brasile\u00f1a Intertech para realizar una auditor\u00eda t\u00e9cnica, la misma que confirm\u00f3 las hip\u00f3tesis iniciales y recomend\u00f3 la aplicaci\u00f3n de aditivos por un periodo determinado para estabilizar el combustible y realizar una limpieza progresiva del sistema y de los motores.<\/p>\n\n\n\n<p>El Ministro explic\u00f3 que este procedimiento funciona como una \u201cpurga\u201d temporal, \u201ces un proceso por fases que no puede aplicarse de forma permanente. Es como tomar un relajante: ayuda al inicio, pero luego debe suspenderse para que el sistema vuelva a operar con normalidad\u201d. Una vez concluido este proceso, la gasolina estabilizada deber\u00eda circular normalmente en todo el sistema de distribuci\u00f3n del pa\u00eds, a\u00f1adi\u00f3.<\/p>\n\n\n\n<p>Fuente: Urgente.bo<\/p>\n","protected":false},"excerpt":{"rendered":"<p>Pa\u00eds, 10 de Marzo de 2026.- YPFB implement\u00f3 aditivos en la gasolina con el objetivo de estabilizar su calidad y contribuir a la limpieza de los motores de los veh\u00edculos, mediante un proceso temporal de \u201cpurga\u201d que se desarrolla por fases y que permitir\u00e1 que el combustible estabilizado funcione con normalidad en el sistema de&#8230;<\/p>\n","protected":false},"author":11,"featured_media":9436,"comment_status":"open","ping_status":"open","sticky":false,"template":"","format":"standard","meta":{"_jetpack_memberships_contains_paid_content":false,"footnotes":"","jetpack_publicize_message":"","jetpack_publicize_feature_enabled":true,"jetpack_social_post_already_shared":true,"jetpack_social_options":{"image_generator_settings":{"template":"highway","enabled":false},"version":2}},"categories":[1,16],"tags":[1271,7,702,1415,1275,1416,159],"class_list":["post-9435","post","type-post","status-publish","format-standard","has-post-thumbnail","hentry","category-bolivia","category-economia","tag-aditivos-en-gasolina","tag-bolivia","tag-gasolina","tag-mauricio-medinacelli","tag-ministerio-de-hidrocarburos","tag-purgante-temporal","tag-ypfb"],"jetpack_publicize_connections":[],"yoast_head":"<!-- This site is optimized with the Yoast SEO plugin v23.4 - https:\/\/yoast.com\/wordpress\/plugins\/seo\/ -->\n<title>MEDINACELLI AFIRMA QUE EL ADITIVO A LA GASOLINA ES UN &#039;PURGANTE TEMPORAL&#039; - innoticiasbo.com<\/title>\n<meta name=\"robots\" content=\"index, follow, max-snippet:-1, max-image-preview:large, max-video-preview:-1\" \/>\n<link rel=\"canonical\" href=\"https:\/\/innoticiasbo.com\/index.php\/2026\/03\/11\/medinacelli-afirma-que-el-aditivo-a-la-gasolina-es-un-purgante-temporal\/\" \/>\n<meta property=\"og:locale\" content=\"es_ES\" \/>\n<meta property=\"og:type\" content=\"article\" \/>\n<meta property=\"og:title\" content=\"MEDINACELLI AFIRMA QUE EL ADITIVO A LA GASOLINA ES UN &#039;PURGANTE TEMPORAL&#039; - innoticiasbo.com\" \/>\n<meta property=\"og:description\" content=\"Pa\u00eds, 10 de Marzo de 2026.- YPFB implement\u00f3 aditivos en la gasolina con el objetivo de estabilizar su calidad y contribuir a la limpieza de los motores de los veh\u00edculos, mediante un proceso temporal de \u201cpurga\u201d que se desarrolla por fases y que permitir\u00e1 que el combustible estabilizado funcione con normalidad en el sistema de...\" \/>\n<meta property=\"og:url\" content=\"https:\/\/innoticiasbo.com\/index.php\/2026\/03\/11\/medinacelli-afirma-que-el-aditivo-a-la-gasolina-es-un-purgante-temporal\/\" \/>\n<meta property=\"og:site_name\" content=\"innoticiasbo.com\" \/>\n<meta property=\"article:publisher\" content=\"https:\/\/www.facebook.com\/innoticiasbolivia\" \/>\n<meta property=\"article:published_time\" content=\"2026-03-11T04:07:28+00:00\" \/>\n<meta property=\"article:modified_time\" content=\"2026-03-11T04:07:30+00:00\" \/>\n<meta property=\"og:image\" content=\"https:\/\/innoticiasbo.com\/wp-content\/uploads\/2026\/03\/image-132.png\" \/>\n\t<meta property=\"og:image:width\" content=\"850\" \/>\n\t<meta property=\"og:image:height\" content=\"740\" \/>\n\t<meta property=\"og:image:type\" content=\"image\/png\" \/>\n<meta name=\"author\" content=\"Prensa 11\" \/>\n<meta name=\"twitter:card\" content=\"summary_large_image\" \/>\n<meta name=\"twitter:creator\" content=\"@innoticiasbo\" \/>\n<meta name=\"twitter:site\" content=\"@innoticiasbo\" \/>\n<meta name=\"twitter:label1\" content=\"Escrito por\" \/>\n\t<meta name=\"twitter:data1\" content=\"Prensa 11\" \/>\n\t<meta name=\"twitter:label2\" content=\"Tiempo de lectura\" \/>\n\t<meta name=\"twitter:data2\" content=\"2 minutos\" \/>\n<script type=\"application\/ld+json\" class=\"yoast-schema-graph\">{\"@context\":\"https:\/\/schema.org\",\"@graph\":[{\"@type\":\"Article\",\"@id\":\"https:\/\/innoticiasbo.com\/index.php\/2026\/03\/11\/medinacelli-afirma-que-el-aditivo-a-la-gasolina-es-un-purgante-temporal\/#article\",\"isPartOf\":{\"@id\":\"https:\/\/innoticiasbo.com\/index.php\/2026\/03\/11\/medinacelli-afirma-que-el-aditivo-a-la-gasolina-es-un-purgante-temporal\/\"},\"author\":{\"name\":\"Prensa 11\",\"@id\":\"https:\/\/innoticiasbo.com\/#\/schema\/person\/0b28481e8d0316f83a13bc702311def5\"},\"headline\":\"MEDINACELLI AFIRMA QUE EL ADITIVO A LA GASOLINA ES UN &#8216;PURGANTE TEMPORAL&#8217;\",\"datePublished\":\"2026-03-11T04:07:28+00:00\",\"dateModified\":\"2026-03-11T04:07:30+00:00\",\"mainEntityOfPage\":{\"@id\":\"https:\/\/innoticiasbo.com\/index.php\/2026\/03\/11\/medinacelli-afirma-que-el-aditivo-a-la-gasolina-es-un-purgante-temporal\/\"},\"wordCount\":370,\"commentCount\":0,\"publisher\":{\"@id\":\"https:\/\/innoticiasbo.com\/#organization\"},\"image\":{\"@id\":\"https:\/\/innoticiasbo.com\/index.php\/2026\/03\/11\/medinacelli-afirma-que-el-aditivo-a-la-gasolina-es-un-purgante-temporal\/#primaryimage\"},\"thumbnailUrl\":\"https:\/\/i0.wp.com\/innoticiasbo.com\/wp-content\/uploads\/2026\/03\/image-132.png?fit=850%2C740&ssl=1\",\"keywords\":[\"Aditivos en gasolina\",\"Bolivia\",\"gasolina\",\"Mauricio Medinacelli\",\"ministerio de hidrocarburos\",\"Purgante temporal\",\"YPFB\"],\"articleSection\":[\"Bolivia\",\"Econom\u00eda\"],\"inLanguage\":\"es\",\"potentialAction\":[{\"@type\":\"CommentAction\",\"name\":\"Comment\",\"target\":[\"https:\/\/innoticiasbo.com\/index.php\/2026\/03\/11\/medinacelli-afirma-que-el-aditivo-a-la-gasolina-es-un-purgante-temporal\/#respond\"]}]},{\"@type\":\"WebPage\",\"@id\":\"https:\/\/innoticiasbo.com\/index.php\/2026\/03\/11\/medinacelli-afirma-que-el-aditivo-a-la-gasolina-es-un-purgante-temporal\/\",\"url\":\"https:\/\/innoticiasbo.com\/index.php\/2026\/03\/11\/medinacelli-afirma-que-el-aditivo-a-la-gasolina-es-un-purgante-temporal\/\",\"name\":\"MEDINACELLI AFIRMA QUE EL ADITIVO A LA GASOLINA ES UN 'PURGANTE TEMPORAL' - innoticiasbo.com\",\"isPartOf\":{\"@id\":\"https:\/\/innoticiasbo.com\/#website\"},\"primaryImageOfPage\":{\"@id\":\"https:\/\/innoticiasbo.com\/index.php\/2026\/03\/11\/medinacelli-afirma-que-el-aditivo-a-la-gasolina-es-un-purgante-temporal\/#primaryimage\"},\"image\":{\"@id\":\"https:\/\/innoticiasbo.com\/index.php\/2026\/03\/11\/medinacelli-afirma-que-el-aditivo-a-la-gasolina-es-un-purgante-temporal\/#primaryimage\"},\"thumbnailUrl\":\"https:\/\/i0.wp.com\/innoticiasbo.com\/wp-content\/uploads\/2026\/03\/image-132.png?fit=850%2C740&ssl=1\",\"datePublished\":\"2026-03-11T04:07:28+00:00\",\"dateModified\":\"2026-03-11T04:07:30+00:00\",\"breadcrumb\":{\"@id\":\"https:\/\/innoticiasbo.com\/index.php\/2026\/03\/11\/medinacelli-afirma-que-el-aditivo-a-la-gasolina-es-un-purgante-temporal\/#breadcrumb\"},\"inLanguage\":\"es\",\"potentialAction\":[{\"@type\":\"ReadAction\",\"target\":[\"https:\/\/innoticiasbo.com\/index.php\/2026\/03\/11\/medinacelli-afirma-que-el-aditivo-a-la-gasolina-es-un-purgante-temporal\/\"]}]},{\"@type\":\"ImageObject\",\"inLanguage\":\"es\",\"@id\":\"https:\/\/innoticiasbo.com\/index.php\/2026\/03\/11\/medinacelli-afirma-que-el-aditivo-a-la-gasolina-es-un-purgante-temporal\/#primaryimage\",\"url\":\"https:\/\/i0.wp.com\/innoticiasbo.com\/wp-content\/uploads\/2026\/03\/image-132.png?fit=850%2C740&ssl=1\",\"contentUrl\":\"https:\/\/i0.wp.com\/innoticiasbo.com\/wp-content\/uploads\/2026\/03\/image-132.png?fit=850%2C740&ssl=1\",\"width\":850,\"height\":740},{\"@type\":\"BreadcrumbList\",\"@id\":\"https:\/\/innoticiasbo.com\/index.php\/2026\/03\/11\/medinacelli-afirma-que-el-aditivo-a-la-gasolina-es-un-purgante-temporal\/#breadcrumb\",\"itemListElement\":[{\"@type\":\"ListItem\",\"position\":1,\"name\":\"Portada\",\"item\":\"https:\/\/innoticiasbo.com\/\"},{\"@type\":\"ListItem\",\"position\":2,\"name\":\"MEDINACELLI AFIRMA QUE EL ADITIVO A LA GASOLINA ES UN &#8216;PURGANTE TEMPORAL&#8217;\"}]},{\"@type\":\"WebSite\",\"@id\":\"https:\/\/innoticiasbo.com\/#website\",\"url\":\"https:\/\/innoticiasbo.com\/\",\"name\":\"innoticiasbo.com\",\"description\":\"\",\"publisher\":{\"@id\":\"https:\/\/innoticiasbo.com\/#organization\"},\"potentialAction\":[{\"@type\":\"SearchAction\",\"target\":{\"@type\":\"EntryPoint\",\"urlTemplate\":\"https:\/\/innoticiasbo.com\/?s={search_term_string}\"},\"query-input\":{\"@type\":\"PropertyValueSpecification\",\"valueRequired\":true,\"valueName\":\"search_term_string\"}}],\"inLanguage\":\"es\"},{\"@type\":\"Organization\",\"@id\":\"https:\/\/innoticiasbo.com\/#organization\",\"name\":\"innoticiasbo.com\",\"url\":\"https:\/\/innoticiasbo.com\/\",\"logo\":{\"@type\":\"ImageObject\",\"inLanguage\":\"es\",\"@id\":\"https:\/\/innoticiasbo.com\/#\/schema\/logo\/image\/\",\"url\":\"https:\/\/i0.wp.com\/innoticiasbo.com\/wp-content\/uploads\/2026\/04\/cropped-IN-LOGO.png?fit=1476%2C1476&ssl=1\",\"contentUrl\":\"https:\/\/i0.wp.com\/innoticiasbo.com\/wp-content\/uploads\/2026\/04\/cropped-IN-LOGO.png?fit=1476%2C1476&ssl=1\",\"width\":1476,\"height\":1476,\"caption\":\"innoticiasbo.com\"},\"image\":{\"@id\":\"https:\/\/innoticiasbo.com\/#\/schema\/logo\/image\/\"},\"sameAs\":[\"https:\/\/www.facebook.com\/innoticiasbolivia\",\"https:\/\/x.com\/innoticiasbo\",\"https:\/\/www.instagram.com\/innoticiasbo\",\"https:\/\/www.youtube.com\/innoticiasbo\"]},{\"@type\":\"Person\",\"@id\":\"https:\/\/innoticiasbo.com\/#\/schema\/person\/0b28481e8d0316f83a13bc702311def5\",\"name\":\"Prensa 11\",\"image\":{\"@type\":\"ImageObject\",\"inLanguage\":\"es\",\"@id\":\"https:\/\/innoticiasbo.com\/#\/schema\/person\/image\/\",\"url\":\"https:\/\/secure.gravatar.com\/avatar\/696560c17349f1807a610bf83832bad0?s=96&d=mm&r=g\",\"contentUrl\":\"https:\/\/secure.gravatar.com\/avatar\/696560c17349f1807a610bf83832bad0?s=96&d=mm&r=g\",\"caption\":\"Prensa 11\"},\"sameAs\":[\"http:\/\/www.innoticiasbo.com\"],\"url\":\"https:\/\/innoticiasbo.com\/index.php\/author\/prensa-11\/\"}]}<\/script>\n<!-- \/ Yoast SEO plugin. -->","yoast_head_json":{"title":"MEDINACELLI AFIRMA QUE EL ADITIVO A LA GASOLINA ES UN 'PURGANTE TEMPORAL' - innoticiasbo.com","robots":{"index":"index","follow":"follow","max-snippet":"max-snippet:-1","max-image-preview":"max-image-preview:large","max-video-preview":"max-video-preview:-1"},"canonical":"https:\/\/innoticiasbo.com\/index.php\/2026\/03\/11\/medinacelli-afirma-que-el-aditivo-a-la-gasolina-es-un-purgante-temporal\/","og_locale":"es_ES","og_type":"article","og_title":"MEDINACELLI AFIRMA QUE EL ADITIVO A LA GASOLINA ES UN 'PURGANTE TEMPORAL' - innoticiasbo.com","og_description":"Pa\u00eds, 10 de Marzo de 2026.- YPFB implement\u00f3 aditivos en la gasolina con el objetivo de estabilizar su calidad y contribuir a la limpieza de los motores de los veh\u00edculos, mediante un proceso temporal de \u201cpurga\u201d que se desarrolla por fases y que permitir\u00e1 que el combustible estabilizado funcione con normalidad en el sistema de...","og_url":"https:\/\/innoticiasbo.com\/index.php\/2026\/03\/11\/medinacelli-afirma-que-el-aditivo-a-la-gasolina-es-un-purgante-temporal\/","og_site_name":"innoticiasbo.com","article_publisher":"https:\/\/www.facebook.com\/innoticiasbolivia","article_published_time":"2026-03-11T04:07:28+00:00","article_modified_time":"2026-03-11T04:07:30+00:00","og_image":[{"width":850,"height":740,"url":"https:\/\/innoticiasbo.com\/wp-content\/uploads\/2026\/03\/image-132.png","type":"image\/png"}],"author":"Prensa 11","twitter_card":"summary_large_image","twitter_creator":"@innoticiasbo","twitter_site":"@innoticiasbo","twitter_misc":{"Escrito por":"Prensa 11","Tiempo de lectura":"2 minutos"},"schema":{"@context":"https:\/\/schema.org","@graph":[{"@type":"Article","@id":"https:\/\/innoticiasbo.com\/index.php\/2026\/03\/11\/medinacelli-afirma-que-el-aditivo-a-la-gasolina-es-un-purgante-temporal\/#article","isPartOf":{"@id":"https:\/\/innoticiasbo.com\/index.php\/2026\/03\/11\/medinacelli-afirma-que-el-aditivo-a-la-gasolina-es-un-purgante-temporal\/"},"author":{"name":"Prensa 11","@id":"https:\/\/innoticiasbo.com\/#\/schema\/person\/0b28481e8d0316f83a13bc702311def5"},"headline":"MEDINACELLI AFIRMA QUE EL ADITIVO A LA GASOLINA ES UN &#8216;PURGANTE TEMPORAL&#8217;","datePublished":"2026-03-11T04:07:28+00:00","dateModified":"2026-03-11T04:07:30+00:00","mainEntityOfPage":{"@id":"https:\/\/innoticiasbo.com\/index.php\/2026\/03\/11\/medinacelli-afirma-que-el-aditivo-a-la-gasolina-es-un-purgante-temporal\/"},"wordCount":370,"commentCount":0,"publisher":{"@id":"https:\/\/innoticiasbo.com\/#organization"},"image":{"@id":"https:\/\/innoticiasbo.com\/index.php\/2026\/03\/11\/medinacelli-afirma-que-el-aditivo-a-la-gasolina-es-un-purgante-temporal\/#primaryimage"},"thumbnailUrl":"https:\/\/i0.wp.com\/innoticiasbo.com\/wp-content\/uploads\/2026\/03\/image-132.png?fit=850%2C740&ssl=1","keywords":["Aditivos en gasolina","Bolivia","gasolina","Mauricio Medinacelli","ministerio de hidrocarburos","Purgante temporal","YPFB"],"articleSection":["Bolivia","Econom\u00eda"],"inLanguage":"es","potentialAction":[{"@type":"CommentAction","name":"Comment","target":["https:\/\/innoticiasbo.com\/index.php\/2026\/03\/11\/medinacelli-afirma-que-el-aditivo-a-la-gasolina-es-un-purgante-temporal\/#respond"]}]},{"@type":"WebPage","@id":"https:\/\/innoticiasbo.com\/index.php\/2026\/03\/11\/medinacelli-afirma-que-el-aditivo-a-la-gasolina-es-un-purgante-temporal\/","url":"https:\/\/innoticiasbo.com\/index.php\/2026\/03\/11\/medinacelli-afirma-que-el-aditivo-a-la-gasolina-es-un-purgante-temporal\/","name":"MEDINACELLI AFIRMA QUE EL ADITIVO A LA GASOLINA ES UN 'PURGANTE TEMPORAL' - innoticiasbo.com","isPartOf":{"@id":"https:\/\/innoticiasbo.com\/#website"},"primaryImageOfPage":{"@id":"https:\/\/innoticiasbo.com\/index.php\/2026\/03\/11\/medinacelli-afirma-que-el-aditivo-a-la-gasolina-es-un-purgante-temporal\/#primaryimage"},"image":{"@id":"https:\/\/innoticiasbo.com\/index.php\/2026\/03\/11\/medinacelli-afirma-que-el-aditivo-a-la-gasolina-es-un-purgante-temporal\/#primaryimage"},"thumbnailUrl":"https:\/\/i0.wp.com\/innoticiasbo.com\/wp-content\/uploads\/2026\/03\/image-132.png?fit=850%2C740&ssl=1","datePublished":"2026-03-11T04:07:28+00:00","dateModified":"2026-03-11T04:07:30+00:00","breadcrumb":{"@id":"https:\/\/innoticiasbo.com\/index.php\/2026\/03\/11\/medinacelli-afirma-que-el-aditivo-a-la-gasolina-es-un-purgante-temporal\/#breadcrumb"},"inLanguage":"es","potentialAction":[{"@type":"ReadAction","target":["https:\/\/innoticiasbo.com\/index.php\/2026\/03\/11\/medinacelli-afirma-que-el-aditivo-a-la-gasolina-es-un-purgante-temporal\/"]}]},{"@type":"ImageObject","inLanguage":"es","@id":"https:\/\/innoticiasbo.com\/index.php\/2026\/03\/11\/medinacelli-afirma-que-el-aditivo-a-la-gasolina-es-un-purgante-temporal\/#primaryimage","url":"https:\/\/i0.wp.com\/innoticiasbo.com\/wp-content\/uploads\/2026\/03\/image-132.png?fit=850%2C740&ssl=1","contentUrl":"https:\/\/i0.wp.com\/innoticiasbo.com\/wp-content\/uploads\/2026\/03\/image-132.png?fit=850%2C740&ssl=1","width":850,"height":740},{"@type":"BreadcrumbList","@id":"https:\/\/innoticiasbo.com\/index.php\/2026\/03\/11\/medinacelli-afirma-que-el-aditivo-a-la-gasolina-es-un-purgante-temporal\/#breadcrumb","itemListElement":[{"@type":"ListItem","position":1,"name":"Portada","item":"https:\/\/innoticiasbo.com\/"},{"@type":"ListItem","position":2,"name":"MEDINACELLI AFIRMA QUE EL ADITIVO A LA GASOLINA ES UN &#8216;PURGANTE TEMPORAL&#8217;"}]},{"@type":"WebSite","@id":"https:\/\/innoticiasbo.com\/#website","url":"https:\/\/innoticiasbo.com\/","name":"innoticiasbo.com","description":"","publisher":{"@id":"https:\/\/innoticiasbo.com\/#organization"},"potentialAction":[{"@type":"SearchAction","target":{"@type":"EntryPoint","urlTemplate":"https:\/\/innoticiasbo.com\/?s={search_term_string}"},"query-input":{"@type":"PropertyValueSpecification","valueRequired":true,"valueName":"search_term_string"}}],"inLanguage":"es"},{"@type":"Organization","@id":"https:\/\/innoticiasbo.com\/#organization","name":"innoticiasbo.com","url":"https:\/\/innoticiasbo.com\/","logo":{"@type":"ImageObject","inLanguage":"es","@id":"https:\/\/innoticiasbo.com\/#\/schema\/logo\/image\/","url":"https:\/\/i0.wp.com\/innoticiasbo.com\/wp-content\/uploads\/2026\/04\/cropped-IN-LOGO.png?fit=1476%2C1476&ssl=1","contentUrl":"https:\/\/i0.wp.com\/innoticiasbo.com\/wp-content\/uploads\/2026\/04\/cropped-IN-LOGO.png?fit=1476%2C1476&ssl=1","width":1476,"height":1476,"caption":"innoticiasbo.com"},"image":{"@id":"https:\/\/innoticiasbo.com\/#\/schema\/logo\/image\/"},"sameAs":["https:\/\/www.facebook.com\/innoticiasbolivia","https:\/\/x.com\/innoticiasbo","https:\/\/www.instagram.com\/innoticiasbo","https:\/\/www.youtube.com\/innoticiasbo"]},{"@type":"Person","@id":"https:\/\/innoticiasbo.com\/#\/schema\/person\/0b28481e8d0316f83a13bc702311def5","name":"Prensa 11","image":{"@type":"ImageObject","inLanguage":"es","@id":"https:\/\/innoticiasbo.com\/#\/schema\/person\/image\/","url":"https:\/\/secure.gravatar.com\/avatar\/696560c17349f1807a610bf83832bad0?s=96&d=mm&r=g","contentUrl":"https:\/\/secure.gravatar.com\/avatar\/696560c17349f1807a610bf83832bad0?s=96&d=mm&r=g","caption":"Prensa 11"},"sameAs":["http:\/\/www.innoticiasbo.com"],"url":"https:\/\/innoticiasbo.com\/index.php\/author\/prensa-11\/"}]}},"jetpack_featured_media_url":"https:\/\/i0.wp.com\/innoticiasbo.com\/wp-content\/uploads\/2026\/03\/image-132.png?fit=850%2C740&ssl=1","jetpack_likes_enabled":true,"jetpack_sharing_enabled":true,"jetpack_shortlink":"https:\/\/wp.me\/pg298x-2sb","_links":{"self":[{"href":"https:\/\/innoticiasbo.com\/index.php\/wp-json\/wp\/v2\/posts\/9435","targetHints":{"allow":["GET"]}}],"collection":[{"href":"https:\/\/innoticiasbo.com\/index.php\/wp-json\/wp\/v2\/posts"}],"about":[{"href":"https:\/\/innoticiasbo.com\/index.php\/wp-json\/wp\/v2\/types\/post"}],"author":[{"embeddable":true,"href":"https:\/\/innoticiasbo.com\/index.php\/wp-json\/wp\/v2\/users\/11"}],"replies":[{"embeddable":true,"href":"https:\/\/innoticiasbo.com\/index.php\/wp-json\/wp\/v2\/comments?post=9435"}],"version-history":[{"count":1,"href":"https:\/\/innoticiasbo.com\/index.php\/wp-json\/wp\/v2\/posts\/9435\/revisions"}],"predecessor-version":[{"id":9437,"href":"https:\/\/innoticiasbo.com\/index.php\/wp-json\/wp\/v2\/posts\/9435\/revisions\/9437"}],"wp:featuredmedia":[{"embeddable":true,"href":"https:\/\/innoticiasbo.com\/index.php\/wp-json\/wp\/v2\/media\/9436"}],"wp:attachment":[{"href":"https:\/\/innoticiasbo.com\/index.php\/wp-json\/wp\/v2\/media?parent=9435"}],"wp:term":[{"taxonomy":"category","embeddable":true,"href":"https:\/\/innoticiasbo.com\/index.php\/wp-json\/wp\/v2\/categories?post=9435"},{"taxonomy":"post_tag","embeddable":true,"href":"https:\/\/innoticiasbo.com\/index.php\/wp-json\/wp\/v2\/tags?post=9435"}],"curies":[{"name":"wp","href":"https:\/\/api.w.org\/{rel}","templated":true}]}}