{"id":9432,"date":"2026-03-11T00:00:24","date_gmt":"2026-03-11T04:00:24","guid":{"rendered":"https:\/\/innoticiasbo.com\/?p=9432"},"modified":"2026-03-11T00:00:25","modified_gmt":"2026-03-11T04:00:25","slug":"blanco-dice-que-sus-declaraciones-fueron-descontextualizadas-y-denuncia-violencia-digital","status":"publish","type":"post","link":"https:\/\/innoticiasbo.com\/index.php\/2026\/03\/11\/blanco-dice-que-sus-declaraciones-fueron-descontextualizadas-y-denuncia-violencia-digital\/","title":{"rendered":"BLANCO DICE QUE SUS DECLARACIONES FUERON DESCONTEXTUALIZADAS Y DENUNCIA VIOLENCIA DIGITAL"},"content":{"rendered":"\n<figure class=\"wp-block-image size-large\"><img data-recalc-dims=\"1\" loading=\"lazy\" decoding=\"async\" width=\"640\" height=\"443\" src=\"https:\/\/i0.wp.com\/innoticiasbo.com\/wp-content\/uploads\/2026\/03\/image-131.png?resize=640%2C443&#038;ssl=1\" alt=\"\" class=\"wp-image-9433\" srcset=\"https:\/\/i0.wp.com\/innoticiasbo.com\/wp-content\/uploads\/2026\/03\/image-131.png?resize=1024%2C708&amp;ssl=1 1024w, https:\/\/i0.wp.com\/innoticiasbo.com\/wp-content\/uploads\/2026\/03\/image-131.png?resize=300%2C207&amp;ssl=1 300w, https:\/\/i0.wp.com\/innoticiasbo.com\/wp-content\/uploads\/2026\/03\/image-131.png?resize=768%2C531&amp;ssl=1 768w, https:\/\/i0.wp.com\/innoticiasbo.com\/wp-content\/uploads\/2026\/03\/image-131.png?w=1280&amp;ssl=1 1280w\" sizes=\"auto, (max-width: 640px) 100vw, 640px\" \/><figcaption class=\"wp-element-caption\">Foto: Urgente.bo<\/figcaption><\/figure>\n\n\n\n<p><strong>Pa\u00eds, 10 de Marzo de 2026.-<\/strong> Durby Andrea Blanco, viceministra interina de Igualdad de Oportunidades, sali\u00f3 al paso de las cr\u00edticas que recibi\u00f3 en los \u00faltimos d\u00edas. En contacto con <strong>Urgente<\/strong>.<strong>bo<\/strong>, la autoridad denunci\u00f3 ser v\u00edctima de violencia pol\u00edtica digital y asegur\u00f3 que sus declaraciones sobre la maternidad fueron sacadas de contexto.<\/p>\n\n\n\n<p>\u201cEn mi caso hay una descontextualizaci\u00f3n porque precisamente yo hablaba de los derechos que deber\u00edan tener las personas que cuidan\u201d, explic\u00f3 Blanco, y asegur\u00f3 que en realidad, su intervenci\u00f3n trataba sobre las barreras que enfrentan las mujeres en la actualidad.<\/p>\n\n\n\n<p>Blanco fue duramente cuestionada tras sus declaraciones sobre la maternidad. Las cr\u00edticas devienen luego de una conferencia sobre la corresponsabilidad de cuidados para el desarrollo econ\u00f3mico, un plan que se impulsa desde su direcci\u00f3n, en el que&nbsp;mencion\u00f3 que decidi\u00f3 \u00abno perder a\u00f1os en casa\u00bb, sino dedicarse a sus sue\u00f1os.&nbsp;<br>La autoridad explic\u00f3 que, hoy en d\u00eda, las mujeres no cuentan con las condiciones necesarias para equilibrar la vida laboral con la maternidad. Seg\u00fan Blanco, existe un cambio de paradigma en las nuevas generaciones que deciden retrasar la maternidad, pero no necesariamente rechazarla.<\/p>\n\n\n\n<p>\u201cPor el momento, hasta ahora, no tenemos las condiciones para tener a un hijo, para criar. \u00bfPor qu\u00e9? Porque se nos han abierto las puertas a las mujeres en el espacio laboral, pero seguimos cargando tambi\u00e9n con el trabajo de cuidado en casa\u201d, sostuvo.<\/p>\n\n\n\n<p>En ese sentido, agreg\u00f3 que las tareas del hogar y el empleo remunerado es desigual para la mayor\u00eda de las mujeres. \u201cNecesitamos incorporarnos en la econom\u00eda y que el Estado y el sector privado reconozca este trabajo. Necesitamos inversi\u00f3n para que las mujeres que vamos a decidir ser madres, tengamos garant\u00edas, que exista una guarder\u00eda, de que existan las condiciones estructurales para ejercer la maternidad y los cuidados\u201d.<\/p>\n\n\n\n<p>La viceministra dijo que el debate sobre el cuidado no se limita a los hijos, sino que incluye a adultos mayores, personas con discapacidad o con enfermedades cr\u00f3nicas. Sobre el rol de la madre, aclar\u00f3 que, si bien ser madre no significa \u00abperder a\u00f1os\u00bb, muchas son obligadas a sacrificar sus sue\u00f1os.<\/p>\n\n\n\n<p>\u201cEfectivamente no se los pierde, pero hay muchas renuncias que hacen las mujeres al momento de maternar\u201d, dijo.<\/p>\n\n\n\n<p>\u201cQue no sea un trabajo solamente de nosotras las mujeres, sino que sea un trabajo compartido con la otra persona, en este caso el hombre, la sociedad, la comunidad, el sector privado y el Estado. Ese es el desaf\u00edo enorme que tenemos de generar condiciones para las mujeres\u201d, enfatiz\u00f3.<\/p>\n\n\n\n<p>Asimismo, reiter\u00f3 que cuando el Estado garantiza estas condiciones, \u201cno se pierden a\u00f1os en casa\u201d.<\/p>\n\n\n\n<p>Denuncia de violencia digital<\/p>\n\n\n\n<p>La autoridad lament\u00f3 los ataques recibidos tras sus declaraciones sobre la maternidad. Calific\u00f3 los comentarios en redes como \u00abescandalosos\u00bb y con el objetivo de denigrarla por su condici\u00f3n de mujer.<\/p>\n\n\n\n<p>\u201cHubo una descontextualizaci\u00f3n a prop\u00f3sito para poder deslegitimar este avance que estamos dando siempre a las mujeres. En el m\u00ednimo error, en la cuesti\u00f3n de sacar el contexto, siempre el apunte es mucho m\u00e1s duro; siempre el que una mujer se equivoque o se descontextualice, representa mayor violencia\u201d, sostuvo.<\/p>\n\n\n\n<p>\u201cPuede salir de contexto esa conferencia, pero creo que ninguna mujer deber\u00eda elegir entre desarrollarse profesionalmente o dedicarse a la maternidad\u201d, subray\u00f3.<\/p>\n\n\n\n<p>Fuente: Urgente.bo<\/p>\n","protected":false},"excerpt":{"rendered":"<p>Pa\u00eds, 10 de Marzo de 2026.- Durby Andrea Blanco, viceministra interina de Igualdad de Oportunidades, sali\u00f3 al paso de las cr\u00edticas que recibi\u00f3 en los \u00faltimos d\u00edas. En contacto con Urgente.bo, la autoridad denunci\u00f3 ser v\u00edctima de violencia pol\u00edtica digital y asegur\u00f3 que sus declaraciones sobre la maternidad fueron sacadas de contexto. \u201cEn mi caso&#8230;<\/p>\n","protected":false},"author":11,"featured_media":9433,"comment_status":"open","ping_status":"open","sticky":false,"template":"","format":"standard","meta":{"_jetpack_memberships_contains_paid_content":false,"footnotes":"","jetpack_publicize_message":"","jetpack_publicize_feature_enabled":true,"jetpack_social_post_already_shared":true,"jetpack_social_options":{"image_generator_settings":{"template":"highway","enabled":false},"version":2}},"categories":[1,3],"tags":[7,1414,10,1189],"class_list":["post-9432","post","type-post","status-publish","format-standard","has-post-thumbnail","hentry","category-bolivia","category-politica","tag-bolivia","tag-durby-andrea-blanco","tag-politica","tag-violencia-digital"],"jetpack_publicize_connections":[],"yoast_head":"<!-- This site is optimized with the Yoast SEO plugin v23.4 - https:\/\/yoast.com\/wordpress\/plugins\/seo\/ -->\n<title>BLANCO DICE QUE SUS DECLARACIONES FUERON DESCONTEXTUALIZADAS Y DENUNCIA VIOLENCIA DIGITAL - innoticiasbo.com<\/title>\n<meta name=\"robots\" content=\"index, follow, max-snippet:-1, max-image-preview:large, max-video-preview:-1\" \/>\n<link rel=\"canonical\" href=\"https:\/\/innoticiasbo.com\/index.php\/2026\/03\/11\/blanco-dice-que-sus-declaraciones-fueron-descontextualizadas-y-denuncia-violencia-digital\/\" \/>\n<meta property=\"og:locale\" content=\"es_ES\" \/>\n<meta property=\"og:type\" content=\"article\" \/>\n<meta property=\"og:title\" content=\"BLANCO DICE QUE SUS DECLARACIONES FUERON DESCONTEXTUALIZADAS Y DENUNCIA VIOLENCIA DIGITAL - innoticiasbo.com\" \/>\n<meta property=\"og:description\" content=\"Pa\u00eds, 10 de Marzo de 2026.- Durby Andrea Blanco, viceministra interina de Igualdad de Oportunidades, sali\u00f3 al paso de las cr\u00edticas que recibi\u00f3 en los \u00faltimos d\u00edas. En contacto con Urgente.bo, la autoridad denunci\u00f3 ser v\u00edctima de violencia pol\u00edtica digital y asegur\u00f3 que sus declaraciones sobre la maternidad fueron sacadas de contexto. \u201cEn mi caso...\" \/>\n<meta property=\"og:url\" content=\"https:\/\/innoticiasbo.com\/index.php\/2026\/03\/11\/blanco-dice-que-sus-declaraciones-fueron-descontextualizadas-y-denuncia-violencia-digital\/\" \/>\n<meta property=\"og:site_name\" content=\"innoticiasbo.com\" \/>\n<meta property=\"article:publisher\" content=\"https:\/\/www.facebook.com\/innoticiasbolivia\" \/>\n<meta property=\"article:published_time\" content=\"2026-03-11T04:00:24+00:00\" \/>\n<meta property=\"article:modified_time\" content=\"2026-03-11T04:00:25+00:00\" \/>\n<meta property=\"og:image\" content=\"https:\/\/innoticiasbo.com\/wp-content\/uploads\/2026\/03\/image-131.png\" \/>\n\t<meta property=\"og:image:width\" content=\"1280\" \/>\n\t<meta property=\"og:image:height\" content=\"885\" \/>\n\t<meta property=\"og:image:type\" content=\"image\/png\" \/>\n<meta name=\"author\" content=\"Prensa 11\" \/>\n<meta name=\"twitter:card\" content=\"summary_large_image\" \/>\n<meta name=\"twitter:creator\" content=\"@innoticiasbo\" \/>\n<meta name=\"twitter:site\" content=\"@innoticiasbo\" \/>\n<meta name=\"twitter:label1\" content=\"Escrito por\" \/>\n\t<meta name=\"twitter:data1\" content=\"Prensa 11\" \/>\n\t<meta name=\"twitter:label2\" content=\"Tiempo de lectura\" \/>\n\t<meta name=\"twitter:data2\" content=\"3 minutos\" \/>\n<script type=\"application\/ld+json\" class=\"yoast-schema-graph\">{\"@context\":\"https:\/\/schema.org\",\"@graph\":[{\"@type\":\"Article\",\"@id\":\"https:\/\/innoticiasbo.com\/index.php\/2026\/03\/11\/blanco-dice-que-sus-declaraciones-fueron-descontextualizadas-y-denuncia-violencia-digital\/#article\",\"isPartOf\":{\"@id\":\"https:\/\/innoticiasbo.com\/index.php\/2026\/03\/11\/blanco-dice-que-sus-declaraciones-fueron-descontextualizadas-y-denuncia-violencia-digital\/\"},\"author\":{\"name\":\"Prensa 11\",\"@id\":\"https:\/\/innoticiasbo.com\/#\/schema\/person\/0b28481e8d0316f83a13bc702311def5\"},\"headline\":\"BLANCO DICE QUE SUS DECLARACIONES FUERON DESCONTEXTUALIZADAS Y DENUNCIA VIOLENCIA DIGITAL\",\"datePublished\":\"2026-03-11T04:00:24+00:00\",\"dateModified\":\"2026-03-11T04:00:25+00:00\",\"mainEntityOfPage\":{\"@id\":\"https:\/\/innoticiasbo.com\/index.php\/2026\/03\/11\/blanco-dice-que-sus-declaraciones-fueron-descontextualizadas-y-denuncia-violencia-digital\/\"},\"wordCount\":587,\"commentCount\":0,\"publisher\":{\"@id\":\"https:\/\/innoticiasbo.com\/#organization\"},\"image\":{\"@id\":\"https:\/\/innoticiasbo.com\/index.php\/2026\/03\/11\/blanco-dice-que-sus-declaraciones-fueron-descontextualizadas-y-denuncia-violencia-digital\/#primaryimage\"},\"thumbnailUrl\":\"https:\/\/i0.wp.com\/innoticiasbo.com\/wp-content\/uploads\/2026\/03\/image-131.png?fit=1280%2C885&ssl=1\",\"keywords\":[\"Bolivia\",\"Durby Andrea Blanco\",\"Pol\u00edtica\",\"Violencia Digital\"],\"articleSection\":[\"Bolivia\",\"Pol\u00edtica\"],\"inLanguage\":\"es\",\"potentialAction\":[{\"@type\":\"CommentAction\",\"name\":\"Comment\",\"target\":[\"https:\/\/innoticiasbo.com\/index.php\/2026\/03\/11\/blanco-dice-que-sus-declaraciones-fueron-descontextualizadas-y-denuncia-violencia-digital\/#respond\"]}]},{\"@type\":\"WebPage\",\"@id\":\"https:\/\/innoticiasbo.com\/index.php\/2026\/03\/11\/blanco-dice-que-sus-declaraciones-fueron-descontextualizadas-y-denuncia-violencia-digital\/\",\"url\":\"https:\/\/innoticiasbo.com\/index.php\/2026\/03\/11\/blanco-dice-que-sus-declaraciones-fueron-descontextualizadas-y-denuncia-violencia-digital\/\",\"name\":\"BLANCO DICE QUE SUS DECLARACIONES FUERON DESCONTEXTUALIZADAS Y DENUNCIA VIOLENCIA DIGITAL - innoticiasbo.com\",\"isPartOf\":{\"@id\":\"https:\/\/innoticiasbo.com\/#website\"},\"primaryImageOfPage\":{\"@id\":\"https:\/\/innoticiasbo.com\/index.php\/2026\/03\/11\/blanco-dice-que-sus-declaraciones-fueron-descontextualizadas-y-denuncia-violencia-digital\/#primaryimage\"},\"image\":{\"@id\":\"https:\/\/innoticiasbo.com\/index.php\/2026\/03\/11\/blanco-dice-que-sus-declaraciones-fueron-descontextualizadas-y-denuncia-violencia-digital\/#primaryimage\"},\"thumbnailUrl\":\"https:\/\/i0.wp.com\/innoticiasbo.com\/wp-content\/uploads\/2026\/03\/image-131.png?fit=1280%2C885&ssl=1\",\"datePublished\":\"2026-03-11T04:00:24+00:00\",\"dateModified\":\"2026-03-11T04:00:25+00:00\",\"breadcrumb\":{\"@id\":\"https:\/\/innoticiasbo.com\/index.php\/2026\/03\/11\/blanco-dice-que-sus-declaraciones-fueron-descontextualizadas-y-denuncia-violencia-digital\/#breadcrumb\"},\"inLanguage\":\"es\",\"potentialAction\":[{\"@type\":\"ReadAction\",\"target\":[\"https:\/\/innoticiasbo.com\/index.php\/2026\/03\/11\/blanco-dice-que-sus-declaraciones-fueron-descontextualizadas-y-denuncia-violencia-digital\/\"]}]},{\"@type\":\"ImageObject\",\"inLanguage\":\"es\",\"@id\":\"https:\/\/innoticiasbo.com\/index.php\/2026\/03\/11\/blanco-dice-que-sus-declaraciones-fueron-descontextualizadas-y-denuncia-violencia-digital\/#primaryimage\",\"url\":\"https:\/\/i0.wp.com\/innoticiasbo.com\/wp-content\/uploads\/2026\/03\/image-131.png?fit=1280%2C885&ssl=1\",\"contentUrl\":\"https:\/\/i0.wp.com\/innoticiasbo.com\/wp-content\/uploads\/2026\/03\/image-131.png?fit=1280%2C885&ssl=1\",\"width\":1280,\"height\":885},{\"@type\":\"BreadcrumbList\",\"@id\":\"https:\/\/innoticiasbo.com\/index.php\/2026\/03\/11\/blanco-dice-que-sus-declaraciones-fueron-descontextualizadas-y-denuncia-violencia-digital\/#breadcrumb\",\"itemListElement\":[{\"@type\":\"ListItem\",\"position\":1,\"name\":\"Portada\",\"item\":\"https:\/\/innoticiasbo.com\/\"},{\"@type\":\"ListItem\",\"position\":2,\"name\":\"BLANCO DICE QUE SUS DECLARACIONES FUERON DESCONTEXTUALIZADAS Y DENUNCIA VIOLENCIA DIGITAL\"}]},{\"@type\":\"WebSite\",\"@id\":\"https:\/\/innoticiasbo.com\/#website\",\"url\":\"https:\/\/innoticiasbo.com\/\",\"name\":\"innoticiasbo.com\",\"description\":\"\",\"publisher\":{\"@id\":\"https:\/\/innoticiasbo.com\/#organization\"},\"potentialAction\":[{\"@type\":\"SearchAction\",\"target\":{\"@type\":\"EntryPoint\",\"urlTemplate\":\"https:\/\/innoticiasbo.com\/?s={search_term_string}\"},\"query-input\":{\"@type\":\"PropertyValueSpecification\",\"valueRequired\":true,\"valueName\":\"search_term_string\"}}],\"inLanguage\":\"es\"},{\"@type\":\"Organization\",\"@id\":\"https:\/\/innoticiasbo.com\/#organization\",\"name\":\"innoticiasbo.com\",\"url\":\"https:\/\/innoticiasbo.com\/\",\"logo\":{\"@type\":\"ImageObject\",\"inLanguage\":\"es\",\"@id\":\"https:\/\/innoticiasbo.com\/#\/schema\/logo\/image\/\",\"url\":\"https:\/\/i0.wp.com\/innoticiasbo.com\/wp-content\/uploads\/2026\/04\/cropped-IN-LOGO.png?fit=1476%2C1476&ssl=1\",\"contentUrl\":\"https:\/\/i0.wp.com\/innoticiasbo.com\/wp-content\/uploads\/2026\/04\/cropped-IN-LOGO.png?fit=1476%2C1476&ssl=1\",\"width\":1476,\"height\":1476,\"caption\":\"innoticiasbo.com\"},\"image\":{\"@id\":\"https:\/\/innoticiasbo.com\/#\/schema\/logo\/image\/\"},\"sameAs\":[\"https:\/\/www.facebook.com\/innoticiasbolivia\",\"https:\/\/x.com\/innoticiasbo\",\"https:\/\/www.instagram.com\/innoticiasbo\",\"https:\/\/www.youtube.com\/innoticiasbo\"]},{\"@type\":\"Person\",\"@id\":\"https:\/\/innoticiasbo.com\/#\/schema\/person\/0b28481e8d0316f83a13bc702311def5\",\"name\":\"Prensa 11\",\"image\":{\"@type\":\"ImageObject\",\"inLanguage\":\"es\",\"@id\":\"https:\/\/innoticiasbo.com\/#\/schema\/person\/image\/\",\"url\":\"https:\/\/secure.gravatar.com\/avatar\/696560c17349f1807a610bf83832bad0?s=96&d=mm&r=g\",\"contentUrl\":\"https:\/\/secure.gravatar.com\/avatar\/696560c17349f1807a610bf83832bad0?s=96&d=mm&r=g\",\"caption\":\"Prensa 11\"},\"sameAs\":[\"http:\/\/www.innoticiasbo.com\"],\"url\":\"https:\/\/innoticiasbo.com\/index.php\/author\/prensa-11\/\"}]}<\/script>\n<!-- \/ Yoast SEO plugin. -->","yoast_head_json":{"title":"BLANCO DICE QUE SUS DECLARACIONES FUERON DESCONTEXTUALIZADAS Y DENUNCIA VIOLENCIA DIGITAL - innoticiasbo.com","robots":{"index":"index","follow":"follow","max-snippet":"max-snippet:-1","max-image-preview":"max-image-preview:large","max-video-preview":"max-video-preview:-1"},"canonical":"https:\/\/innoticiasbo.com\/index.php\/2026\/03\/11\/blanco-dice-que-sus-declaraciones-fueron-descontextualizadas-y-denuncia-violencia-digital\/","og_locale":"es_ES","og_type":"article","og_title":"BLANCO DICE QUE SUS DECLARACIONES FUERON DESCONTEXTUALIZADAS Y DENUNCIA VIOLENCIA DIGITAL - innoticiasbo.com","og_description":"Pa\u00eds, 10 de Marzo de 2026.- Durby Andrea Blanco, viceministra interina de Igualdad de Oportunidades, sali\u00f3 al paso de las cr\u00edticas que recibi\u00f3 en los \u00faltimos d\u00edas. En contacto con Urgente.bo, la autoridad denunci\u00f3 ser v\u00edctima de violencia pol\u00edtica digital y asegur\u00f3 que sus declaraciones sobre la maternidad fueron sacadas de contexto. \u201cEn mi caso...","og_url":"https:\/\/innoticiasbo.com\/index.php\/2026\/03\/11\/blanco-dice-que-sus-declaraciones-fueron-descontextualizadas-y-denuncia-violencia-digital\/","og_site_name":"innoticiasbo.com","article_publisher":"https:\/\/www.facebook.com\/innoticiasbolivia","article_published_time":"2026-03-11T04:00:24+00:00","article_modified_time":"2026-03-11T04:00:25+00:00","og_image":[{"width":1280,"height":885,"url":"https:\/\/innoticiasbo.com\/wp-content\/uploads\/2026\/03\/image-131.png","type":"image\/png"}],"author":"Prensa 11","twitter_card":"summary_large_image","twitter_creator":"@innoticiasbo","twitter_site":"@innoticiasbo","twitter_misc":{"Escrito por":"Prensa 11","Tiempo de lectura":"3 minutos"},"schema":{"@context":"https:\/\/schema.org","@graph":[{"@type":"Article","@id":"https:\/\/innoticiasbo.com\/index.php\/2026\/03\/11\/blanco-dice-que-sus-declaraciones-fueron-descontextualizadas-y-denuncia-violencia-digital\/#article","isPartOf":{"@id":"https:\/\/innoticiasbo.com\/index.php\/2026\/03\/11\/blanco-dice-que-sus-declaraciones-fueron-descontextualizadas-y-denuncia-violencia-digital\/"},"author":{"name":"Prensa 11","@id":"https:\/\/innoticiasbo.com\/#\/schema\/person\/0b28481e8d0316f83a13bc702311def5"},"headline":"BLANCO DICE QUE SUS DECLARACIONES FUERON DESCONTEXTUALIZADAS Y DENUNCIA VIOLENCIA DIGITAL","datePublished":"2026-03-11T04:00:24+00:00","dateModified":"2026-03-11T04:00:25+00:00","mainEntityOfPage":{"@id":"https:\/\/innoticiasbo.com\/index.php\/2026\/03\/11\/blanco-dice-que-sus-declaraciones-fueron-descontextualizadas-y-denuncia-violencia-digital\/"},"wordCount":587,"commentCount":0,"publisher":{"@id":"https:\/\/innoticiasbo.com\/#organization"},"image":{"@id":"https:\/\/innoticiasbo.com\/index.php\/2026\/03\/11\/blanco-dice-que-sus-declaraciones-fueron-descontextualizadas-y-denuncia-violencia-digital\/#primaryimage"},"thumbnailUrl":"https:\/\/i0.wp.com\/innoticiasbo.com\/wp-content\/uploads\/2026\/03\/image-131.png?fit=1280%2C885&ssl=1","keywords":["Bolivia","Durby Andrea Blanco","Pol\u00edtica","Violencia Digital"],"articleSection":["Bolivia","Pol\u00edtica"],"inLanguage":"es","potentialAction":[{"@type":"CommentAction","name":"Comment","target":["https:\/\/innoticiasbo.com\/index.php\/2026\/03\/11\/blanco-dice-que-sus-declaraciones-fueron-descontextualizadas-y-denuncia-violencia-digital\/#respond"]}]},{"@type":"WebPage","@id":"https:\/\/innoticiasbo.com\/index.php\/2026\/03\/11\/blanco-dice-que-sus-declaraciones-fueron-descontextualizadas-y-denuncia-violencia-digital\/","url":"https:\/\/innoticiasbo.com\/index.php\/2026\/03\/11\/blanco-dice-que-sus-declaraciones-fueron-descontextualizadas-y-denuncia-violencia-digital\/","name":"BLANCO DICE QUE SUS DECLARACIONES FUERON DESCONTEXTUALIZADAS Y DENUNCIA VIOLENCIA DIGITAL - innoticiasbo.com","isPartOf":{"@id":"https:\/\/innoticiasbo.com\/#website"},"primaryImageOfPage":{"@id":"https:\/\/innoticiasbo.com\/index.php\/2026\/03\/11\/blanco-dice-que-sus-declaraciones-fueron-descontextualizadas-y-denuncia-violencia-digital\/#primaryimage"},"image":{"@id":"https:\/\/innoticiasbo.com\/index.php\/2026\/03\/11\/blanco-dice-que-sus-declaraciones-fueron-descontextualizadas-y-denuncia-violencia-digital\/#primaryimage"},"thumbnailUrl":"https:\/\/i0.wp.com\/innoticiasbo.com\/wp-content\/uploads\/2026\/03\/image-131.png?fit=1280%2C885&ssl=1","datePublished":"2026-03-11T04:00:24+00:00","dateModified":"2026-03-11T04:00:25+00:00","breadcrumb":{"@id":"https:\/\/innoticiasbo.com\/index.php\/2026\/03\/11\/blanco-dice-que-sus-declaraciones-fueron-descontextualizadas-y-denuncia-violencia-digital\/#breadcrumb"},"inLanguage":"es","potentialAction":[{"@type":"ReadAction","target":["https:\/\/innoticiasbo.com\/index.php\/2026\/03\/11\/blanco-dice-que-sus-declaraciones-fueron-descontextualizadas-y-denuncia-violencia-digital\/"]}]},{"@type":"ImageObject","inLanguage":"es","@id":"https:\/\/innoticiasbo.com\/index.php\/2026\/03\/11\/blanco-dice-que-sus-declaraciones-fueron-descontextualizadas-y-denuncia-violencia-digital\/#primaryimage","url":"https:\/\/i0.wp.com\/innoticiasbo.com\/wp-content\/uploads\/2026\/03\/image-131.png?fit=1280%2C885&ssl=1","contentUrl":"https:\/\/i0.wp.com\/innoticiasbo.com\/wp-content\/uploads\/2026\/03\/image-131.png?fit=1280%2C885&ssl=1","width":1280,"height":885},{"@type":"BreadcrumbList","@id":"https:\/\/innoticiasbo.com\/index.php\/2026\/03\/11\/blanco-dice-que-sus-declaraciones-fueron-descontextualizadas-y-denuncia-violencia-digital\/#breadcrumb","itemListElement":[{"@type":"ListItem","position":1,"name":"Portada","item":"https:\/\/innoticiasbo.com\/"},{"@type":"ListItem","position":2,"name":"BLANCO DICE QUE SUS DECLARACIONES FUERON DESCONTEXTUALIZADAS Y DENUNCIA VIOLENCIA DIGITAL"}]},{"@type":"WebSite","@id":"https:\/\/innoticiasbo.com\/#website","url":"https:\/\/innoticiasbo.com\/","name":"innoticiasbo.com","description":"","publisher":{"@id":"https:\/\/innoticiasbo.com\/#organization"},"potentialAction":[{"@type":"SearchAction","target":{"@type":"EntryPoint","urlTemplate":"https:\/\/innoticiasbo.com\/?s={search_term_string}"},"query-input":{"@type":"PropertyValueSpecification","valueRequired":true,"valueName":"search_term_string"}}],"inLanguage":"es"},{"@type":"Organization","@id":"https:\/\/innoticiasbo.com\/#organization","name":"innoticiasbo.com","url":"https:\/\/innoticiasbo.com\/","logo":{"@type":"ImageObject","inLanguage":"es","@id":"https:\/\/innoticiasbo.com\/#\/schema\/logo\/image\/","url":"https:\/\/i0.wp.com\/innoticiasbo.com\/wp-content\/uploads\/2026\/04\/cropped-IN-LOGO.png?fit=1476%2C1476&ssl=1","contentUrl":"https:\/\/i0.wp.com\/innoticiasbo.com\/wp-content\/uploads\/2026\/04\/cropped-IN-LOGO.png?fit=1476%2C1476&ssl=1","width":1476,"height":1476,"caption":"innoticiasbo.com"},"image":{"@id":"https:\/\/innoticiasbo.com\/#\/schema\/logo\/image\/"},"sameAs":["https:\/\/www.facebook.com\/innoticiasbolivia","https:\/\/x.com\/innoticiasbo","https:\/\/www.instagram.com\/innoticiasbo","https:\/\/www.youtube.com\/innoticiasbo"]},{"@type":"Person","@id":"https:\/\/innoticiasbo.com\/#\/schema\/person\/0b28481e8d0316f83a13bc702311def5","name":"Prensa 11","image":{"@type":"ImageObject","inLanguage":"es","@id":"https:\/\/innoticiasbo.com\/#\/schema\/person\/image\/","url":"https:\/\/secure.gravatar.com\/avatar\/696560c17349f1807a610bf83832bad0?s=96&d=mm&r=g","contentUrl":"https:\/\/secure.gravatar.com\/avatar\/696560c17349f1807a610bf83832bad0?s=96&d=mm&r=g","caption":"Prensa 11"},"sameAs":["http:\/\/www.innoticiasbo.com"],"url":"https:\/\/innoticiasbo.com\/index.php\/author\/prensa-11\/"}]}},"jetpack_featured_media_url":"https:\/\/i0.wp.com\/innoticiasbo.com\/wp-content\/uploads\/2026\/03\/image-131.png?fit=1280%2C885&ssl=1","jetpack_likes_enabled":true,"jetpack_sharing_enabled":true,"jetpack_shortlink":"https:\/\/wp.me\/pg298x-2s8","_links":{"self":[{"href":"https:\/\/innoticiasbo.com\/index.php\/wp-json\/wp\/v2\/posts\/9432","targetHints":{"allow":["GET"]}}],"collection":[{"href":"https:\/\/innoticiasbo.com\/index.php\/wp-json\/wp\/v2\/posts"}],"about":[{"href":"https:\/\/innoticiasbo.com\/index.php\/wp-json\/wp\/v2\/types\/post"}],"author":[{"embeddable":true,"href":"https:\/\/innoticiasbo.com\/index.php\/wp-json\/wp\/v2\/users\/11"}],"replies":[{"embeddable":true,"href":"https:\/\/innoticiasbo.com\/index.php\/wp-json\/wp\/v2\/comments?post=9432"}],"version-history":[{"count":1,"href":"https:\/\/innoticiasbo.com\/index.php\/wp-json\/wp\/v2\/posts\/9432\/revisions"}],"predecessor-version":[{"id":9434,"href":"https:\/\/innoticiasbo.com\/index.php\/wp-json\/wp\/v2\/posts\/9432\/revisions\/9434"}],"wp:featuredmedia":[{"embeddable":true,"href":"https:\/\/innoticiasbo.com\/index.php\/wp-json\/wp\/v2\/media\/9433"}],"wp:attachment":[{"href":"https:\/\/innoticiasbo.com\/index.php\/wp-json\/wp\/v2\/media?parent=9432"}],"wp:term":[{"taxonomy":"category","embeddable":true,"href":"https:\/\/innoticiasbo.com\/index.php\/wp-json\/wp\/v2\/categories?post=9432"},{"taxonomy":"post_tag","embeddable":true,"href":"https:\/\/innoticiasbo.com\/index.php\/wp-json\/wp\/v2\/tags?post=9432"}],"curies":[{"name":"wp","href":"https:\/\/api.w.org\/{rel}","templated":true}]}}