{"id":9429,"date":"2026-03-10T23:51:40","date_gmt":"2026-03-11T03:51:40","guid":{"rendered":"https:\/\/innoticiasbo.com\/?p=9429"},"modified":"2026-03-10T23:51:41","modified_gmt":"2026-03-11T03:51:41","slug":"senador-por-libre-anuncia-interpelacion-a-tres-ministros-tras-accidente-de-avion","status":"publish","type":"post","link":"https:\/\/innoticiasbo.com\/index.php\/2026\/03\/10\/senador-por-libre-anuncia-interpelacion-a-tres-ministros-tras-accidente-de-avion\/","title":{"rendered":"SENADOR POR LIBRE ANUNCIA INTERPELACI\u00d3N A TRES MINISTROS TRAS ACCIDENTE DE AVI\u00d3N"},"content":{"rendered":"\n<figure class=\"wp-block-image size-large\"><img data-recalc-dims=\"1\" loading=\"lazy\" decoding=\"async\" width=\"640\" height=\"482\" src=\"https:\/\/i0.wp.com\/innoticiasbo.com\/wp-content\/uploads\/2026\/03\/image-130.png?resize=640%2C482&#038;ssl=1\" alt=\"\" class=\"wp-image-9430\" srcset=\"https:\/\/i0.wp.com\/innoticiasbo.com\/wp-content\/uploads\/2026\/03\/image-130.png?resize=1024%2C771&amp;ssl=1 1024w, https:\/\/i0.wp.com\/innoticiasbo.com\/wp-content\/uploads\/2026\/03\/image-130.png?resize=300%2C226&amp;ssl=1 300w, https:\/\/i0.wp.com\/innoticiasbo.com\/wp-content\/uploads\/2026\/03\/image-130.png?resize=768%2C578&amp;ssl=1 768w, https:\/\/i0.wp.com\/innoticiasbo.com\/wp-content\/uploads\/2026\/03\/image-130.png?w=1113&amp;ssl=1 1113w\" sizes=\"auto, (max-width: 640px) 100vw, 640px\" \/><\/figure>\n\n\n\n<p><strong>Pa\u00eds, 10 de Marzo de 2026.-<\/strong> El senador por la Alianza Libre Abdon Porcel, indic\u00f3 que este martes se formalizaron tres interpelaciones a tres ministros del gabinete del Estado, respecto al accidente A\u00e9reo del 27 de febrero. Estas son para el ministro de Econom\u00eda y Finanzas P\u00fablicas, Jos\u00e9 Gabriel Espinoza Y\u00e1\u00f1ez, al ministro de Defensa Raul Marcelo Salinas Gamarra y al ministro de Obras p\u00fablicas Mauricio Zamora Liebers.<\/p>\n\n\n\n<p>Porcel afirm\u00f3 que la medida surge tras \u201cinsatisfactorias\u201d declaraciones brindadas sobre el accidente del avi\u00f3n Hercules que transportaba importantes cantidades de dinero destinado al Banco Central de Bolivia.<\/p>\n\n\n\n<p>Seg\u00fan el Senador, el informe oral de presidente del Banco Central, lejos de generar tranquilidad, gener\u00f3 mayor incertidumbre en el legislativo.<\/p>\n\n\n\n<p>\u201cEsa informaci\u00f3n, en vez de generar certezas, nos ha generado m\u00e1s dudas. Queremos que los ministros expliquen al pa\u00eds que est\u00e1 pasando con el dinero y cu\u00e1l ser\u00e1 el destino de los billetes de la serie B, que actualmente est\u00e1 causando problemas en diversos sectores de la econom\u00eda,\u201d remarc\u00f3 el legislador<\/p>\n\n\n\n<p>Indic\u00f3 que la poblaci\u00f3n necesita respuestas, y es por eso que se est\u00e1n presentando estas interpelaciones para que expliquen que est\u00e1 pasando con el dinero.<\/p>\n\n\n\n<p>Sostuvo que espera que se realicen en el plazo mas breve posible, y se\u00f1al\u00f3 que espera que el presidente Nato del Congreso, el vicepresidente Edman Lara, pueda convocar a estas interpelaciones lo m\u00e1s breve posible.<\/p>\n\n\n\n<p>Se\u00f1al\u00f3 que espera que los ministros asistan, ya que, si se llevara a cabo la interpelaci\u00f3n, corresponder\u00eda la censura. Espe5ran que los ministros expliquen al pa\u00eds que es lo que esta sucediendo con los billetes, para que la ciudadan\u00eda tenga una informaci\u00f3n satisfactoria.<\/p>\n\n\n\n<p>Fuente: Urgente.bo<\/p>\n","protected":false},"excerpt":{"rendered":"<p>Pa\u00eds, 10 de Marzo de 2026.- El senador por la Alianza Libre Abdon Porcel, indic\u00f3 que este martes se formalizaron tres interpelaciones a tres ministros del gabinete del Estado, respecto al accidente A\u00e9reo del 27 de febrero. Estas son para el ministro de Econom\u00eda y Finanzas P\u00fablicas, Jos\u00e9 Gabriel Espinoza Y\u00e1\u00f1ez, al ministro de Defensa&#8230;<\/p>\n","protected":false},"author":11,"featured_media":9430,"comment_status":"open","ping_status":"open","sticky":false,"template":"","format":"standard","meta":{"_jetpack_memberships_contains_paid_content":false,"footnotes":"","jetpack_publicize_message":"","jetpack_publicize_feature_enabled":true,"jetpack_social_post_already_shared":true,"jetpack_social_options":{"image_generator_settings":{"template":"highway","enabled":false},"version":2}},"categories":[1,3],"tags":[1225,7,1413,1064,10],"class_list":["post-9429","post","type-post","status-publish","format-standard","has-post-thumbnail","hentry","category-bolivia","category-politica","tag-avion-hercules","tag-bolivia","tag-interpelacion","tag-ministros","tag-politica"],"jetpack_publicize_connections":[],"yoast_head":"<!-- This site is optimized with the Yoast SEO plugin v23.4 - https:\/\/yoast.com\/wordpress\/plugins\/seo\/ -->\n<title>SENADOR POR LIBRE ANUNCIA INTERPELACI\u00d3N A TRES MINISTROS TRAS ACCIDENTE DE AVI\u00d3N - innoticiasbo.com<\/title>\n<meta name=\"robots\" content=\"index, follow, max-snippet:-1, max-image-preview:large, max-video-preview:-1\" \/>\n<link rel=\"canonical\" href=\"https:\/\/innoticiasbo.com\/index.php\/2026\/03\/10\/senador-por-libre-anuncia-interpelacion-a-tres-ministros-tras-accidente-de-avion\/\" \/>\n<meta property=\"og:locale\" content=\"es_ES\" \/>\n<meta property=\"og:type\" content=\"article\" \/>\n<meta property=\"og:title\" content=\"SENADOR POR LIBRE ANUNCIA INTERPELACI\u00d3N A TRES MINISTROS TRAS ACCIDENTE DE AVI\u00d3N - innoticiasbo.com\" \/>\n<meta property=\"og:description\" content=\"Pa\u00eds, 10 de Marzo de 2026.- El senador por la Alianza Libre Abdon Porcel, indic\u00f3 que este martes se formalizaron tres interpelaciones a tres ministros del gabinete del Estado, respecto al accidente A\u00e9reo del 27 de febrero. Estas son para el ministro de Econom\u00eda y Finanzas P\u00fablicas, Jos\u00e9 Gabriel Espinoza Y\u00e1\u00f1ez, al ministro de Defensa...\" \/>\n<meta property=\"og:url\" content=\"https:\/\/innoticiasbo.com\/index.php\/2026\/03\/10\/senador-por-libre-anuncia-interpelacion-a-tres-ministros-tras-accidente-de-avion\/\" \/>\n<meta property=\"og:site_name\" content=\"innoticiasbo.com\" \/>\n<meta property=\"article:publisher\" content=\"https:\/\/www.facebook.com\/innoticiasbolivia\" \/>\n<meta property=\"article:published_time\" content=\"2026-03-11T03:51:40+00:00\" \/>\n<meta property=\"article:modified_time\" content=\"2026-03-11T03:51:41+00:00\" \/>\n<meta property=\"og:image\" content=\"https:\/\/innoticiasbo.com\/wp-content\/uploads\/2026\/03\/image-130.png\" \/>\n\t<meta property=\"og:image:width\" content=\"1113\" \/>\n\t<meta property=\"og:image:height\" content=\"838\" \/>\n\t<meta property=\"og:image:type\" content=\"image\/png\" \/>\n<meta name=\"author\" content=\"Prensa 11\" \/>\n<meta name=\"twitter:card\" content=\"summary_large_image\" \/>\n<meta name=\"twitter:creator\" content=\"@innoticiasbo\" \/>\n<meta name=\"twitter:site\" content=\"@innoticiasbo\" \/>\n<meta name=\"twitter:label1\" content=\"Escrito por\" \/>\n\t<meta name=\"twitter:data1\" content=\"Prensa 11\" \/>\n\t<meta name=\"twitter:label2\" content=\"Tiempo de lectura\" \/>\n\t<meta name=\"twitter:data2\" content=\"2 minutos\" \/>\n<script type=\"application\/ld+json\" class=\"yoast-schema-graph\">{\"@context\":\"https:\/\/schema.org\",\"@graph\":[{\"@type\":\"Article\",\"@id\":\"https:\/\/innoticiasbo.com\/index.php\/2026\/03\/10\/senador-por-libre-anuncia-interpelacion-a-tres-ministros-tras-accidente-de-avion\/#article\",\"isPartOf\":{\"@id\":\"https:\/\/innoticiasbo.com\/index.php\/2026\/03\/10\/senador-por-libre-anuncia-interpelacion-a-tres-ministros-tras-accidente-de-avion\/\"},\"author\":{\"name\":\"Prensa 11\",\"@id\":\"https:\/\/innoticiasbo.com\/#\/schema\/person\/0b28481e8d0316f83a13bc702311def5\"},\"headline\":\"SENADOR POR LIBRE ANUNCIA INTERPELACI\u00d3N A TRES MINISTROS TRAS ACCIDENTE DE AVI\u00d3N\",\"datePublished\":\"2026-03-11T03:51:40+00:00\",\"dateModified\":\"2026-03-11T03:51:41+00:00\",\"mainEntityOfPage\":{\"@id\":\"https:\/\/innoticiasbo.com\/index.php\/2026\/03\/10\/senador-por-libre-anuncia-interpelacion-a-tres-ministros-tras-accidente-de-avion\/\"},\"wordCount\":310,\"commentCount\":0,\"publisher\":{\"@id\":\"https:\/\/innoticiasbo.com\/#organization\"},\"image\":{\"@id\":\"https:\/\/innoticiasbo.com\/index.php\/2026\/03\/10\/senador-por-libre-anuncia-interpelacion-a-tres-ministros-tras-accidente-de-avion\/#primaryimage\"},\"thumbnailUrl\":\"https:\/\/i0.wp.com\/innoticiasbo.com\/wp-content\/uploads\/2026\/03\/image-130.png?fit=1113%2C838&ssl=1\",\"keywords\":[\"avi\u00f3n H\u00e9rcules\",\"Bolivia\",\"interpelaci\u00f3n\",\"ministros\",\"Pol\u00edtica\"],\"articleSection\":[\"Bolivia\",\"Pol\u00edtica\"],\"inLanguage\":\"es\",\"potentialAction\":[{\"@type\":\"CommentAction\",\"name\":\"Comment\",\"target\":[\"https:\/\/innoticiasbo.com\/index.php\/2026\/03\/10\/senador-por-libre-anuncia-interpelacion-a-tres-ministros-tras-accidente-de-avion\/#respond\"]}]},{\"@type\":\"WebPage\",\"@id\":\"https:\/\/innoticiasbo.com\/index.php\/2026\/03\/10\/senador-por-libre-anuncia-interpelacion-a-tres-ministros-tras-accidente-de-avion\/\",\"url\":\"https:\/\/innoticiasbo.com\/index.php\/2026\/03\/10\/senador-por-libre-anuncia-interpelacion-a-tres-ministros-tras-accidente-de-avion\/\",\"name\":\"SENADOR POR LIBRE ANUNCIA INTERPELACI\u00d3N A TRES MINISTROS TRAS ACCIDENTE DE AVI\u00d3N - innoticiasbo.com\",\"isPartOf\":{\"@id\":\"https:\/\/innoticiasbo.com\/#website\"},\"primaryImageOfPage\":{\"@id\":\"https:\/\/innoticiasbo.com\/index.php\/2026\/03\/10\/senador-por-libre-anuncia-interpelacion-a-tres-ministros-tras-accidente-de-avion\/#primaryimage\"},\"image\":{\"@id\":\"https:\/\/innoticiasbo.com\/index.php\/2026\/03\/10\/senador-por-libre-anuncia-interpelacion-a-tres-ministros-tras-accidente-de-avion\/#primaryimage\"},\"thumbnailUrl\":\"https:\/\/i0.wp.com\/innoticiasbo.com\/wp-content\/uploads\/2026\/03\/image-130.png?fit=1113%2C838&ssl=1\",\"datePublished\":\"2026-03-11T03:51:40+00:00\",\"dateModified\":\"2026-03-11T03:51:41+00:00\",\"breadcrumb\":{\"@id\":\"https:\/\/innoticiasbo.com\/index.php\/2026\/03\/10\/senador-por-libre-anuncia-interpelacion-a-tres-ministros-tras-accidente-de-avion\/#breadcrumb\"},\"inLanguage\":\"es\",\"potentialAction\":[{\"@type\":\"ReadAction\",\"target\":[\"https:\/\/innoticiasbo.com\/index.php\/2026\/03\/10\/senador-por-libre-anuncia-interpelacion-a-tres-ministros-tras-accidente-de-avion\/\"]}]},{\"@type\":\"ImageObject\",\"inLanguage\":\"es\",\"@id\":\"https:\/\/innoticiasbo.com\/index.php\/2026\/03\/10\/senador-por-libre-anuncia-interpelacion-a-tres-ministros-tras-accidente-de-avion\/#primaryimage\",\"url\":\"https:\/\/i0.wp.com\/innoticiasbo.com\/wp-content\/uploads\/2026\/03\/image-130.png?fit=1113%2C838&ssl=1\",\"contentUrl\":\"https:\/\/i0.wp.com\/innoticiasbo.com\/wp-content\/uploads\/2026\/03\/image-130.png?fit=1113%2C838&ssl=1\",\"width\":1113,\"height\":838},{\"@type\":\"BreadcrumbList\",\"@id\":\"https:\/\/innoticiasbo.com\/index.php\/2026\/03\/10\/senador-por-libre-anuncia-interpelacion-a-tres-ministros-tras-accidente-de-avion\/#breadcrumb\",\"itemListElement\":[{\"@type\":\"ListItem\",\"position\":1,\"name\":\"Portada\",\"item\":\"https:\/\/innoticiasbo.com\/\"},{\"@type\":\"ListItem\",\"position\":2,\"name\":\"SENADOR POR LIBRE ANUNCIA INTERPELACI\u00d3N A TRES MINISTROS TRAS ACCIDENTE DE AVI\u00d3N\"}]},{\"@type\":\"WebSite\",\"@id\":\"https:\/\/innoticiasbo.com\/#website\",\"url\":\"https:\/\/innoticiasbo.com\/\",\"name\":\"innoticiasbo.com\",\"description\":\"\",\"publisher\":{\"@id\":\"https:\/\/innoticiasbo.com\/#organization\"},\"potentialAction\":[{\"@type\":\"SearchAction\",\"target\":{\"@type\":\"EntryPoint\",\"urlTemplate\":\"https:\/\/innoticiasbo.com\/?s={search_term_string}\"},\"query-input\":{\"@type\":\"PropertyValueSpecification\",\"valueRequired\":true,\"valueName\":\"search_term_string\"}}],\"inLanguage\":\"es\"},{\"@type\":\"Organization\",\"@id\":\"https:\/\/innoticiasbo.com\/#organization\",\"name\":\"innoticiasbo.com\",\"url\":\"https:\/\/innoticiasbo.com\/\",\"logo\":{\"@type\":\"ImageObject\",\"inLanguage\":\"es\",\"@id\":\"https:\/\/innoticiasbo.com\/#\/schema\/logo\/image\/\",\"url\":\"https:\/\/i0.wp.com\/innoticiasbo.com\/wp-content\/uploads\/2026\/04\/cropped-IN-LOGO.png?fit=1476%2C1476&ssl=1\",\"contentUrl\":\"https:\/\/i0.wp.com\/innoticiasbo.com\/wp-content\/uploads\/2026\/04\/cropped-IN-LOGO.png?fit=1476%2C1476&ssl=1\",\"width\":1476,\"height\":1476,\"caption\":\"innoticiasbo.com\"},\"image\":{\"@id\":\"https:\/\/innoticiasbo.com\/#\/schema\/logo\/image\/\"},\"sameAs\":[\"https:\/\/www.facebook.com\/innoticiasbolivia\",\"https:\/\/x.com\/innoticiasbo\",\"https:\/\/www.instagram.com\/innoticiasbo\",\"https:\/\/www.youtube.com\/innoticiasbo\"]},{\"@type\":\"Person\",\"@id\":\"https:\/\/innoticiasbo.com\/#\/schema\/person\/0b28481e8d0316f83a13bc702311def5\",\"name\":\"Prensa 11\",\"image\":{\"@type\":\"ImageObject\",\"inLanguage\":\"es\",\"@id\":\"https:\/\/innoticiasbo.com\/#\/schema\/person\/image\/\",\"url\":\"https:\/\/secure.gravatar.com\/avatar\/696560c17349f1807a610bf83832bad0?s=96&d=mm&r=g\",\"contentUrl\":\"https:\/\/secure.gravatar.com\/avatar\/696560c17349f1807a610bf83832bad0?s=96&d=mm&r=g\",\"caption\":\"Prensa 11\"},\"sameAs\":[\"http:\/\/www.innoticiasbo.com\"],\"url\":\"https:\/\/innoticiasbo.com\/index.php\/author\/prensa-11\/\"}]}<\/script>\n<!-- \/ Yoast SEO plugin. -->","yoast_head_json":{"title":"SENADOR POR LIBRE ANUNCIA INTERPELACI\u00d3N A TRES MINISTROS TRAS ACCIDENTE DE AVI\u00d3N - innoticiasbo.com","robots":{"index":"index","follow":"follow","max-snippet":"max-snippet:-1","max-image-preview":"max-image-preview:large","max-video-preview":"max-video-preview:-1"},"canonical":"https:\/\/innoticiasbo.com\/index.php\/2026\/03\/10\/senador-por-libre-anuncia-interpelacion-a-tres-ministros-tras-accidente-de-avion\/","og_locale":"es_ES","og_type":"article","og_title":"SENADOR POR LIBRE ANUNCIA INTERPELACI\u00d3N A TRES MINISTROS TRAS ACCIDENTE DE AVI\u00d3N - innoticiasbo.com","og_description":"Pa\u00eds, 10 de Marzo de 2026.- El senador por la Alianza Libre Abdon Porcel, indic\u00f3 que este martes se formalizaron tres interpelaciones a tres ministros del gabinete del Estado, respecto al accidente A\u00e9reo del 27 de febrero. Estas son para el ministro de Econom\u00eda y Finanzas P\u00fablicas, Jos\u00e9 Gabriel Espinoza Y\u00e1\u00f1ez, al ministro de Defensa...","og_url":"https:\/\/innoticiasbo.com\/index.php\/2026\/03\/10\/senador-por-libre-anuncia-interpelacion-a-tres-ministros-tras-accidente-de-avion\/","og_site_name":"innoticiasbo.com","article_publisher":"https:\/\/www.facebook.com\/innoticiasbolivia","article_published_time":"2026-03-11T03:51:40+00:00","article_modified_time":"2026-03-11T03:51:41+00:00","og_image":[{"width":1113,"height":838,"url":"https:\/\/innoticiasbo.com\/wp-content\/uploads\/2026\/03\/image-130.png","type":"image\/png"}],"author":"Prensa 11","twitter_card":"summary_large_image","twitter_creator":"@innoticiasbo","twitter_site":"@innoticiasbo","twitter_misc":{"Escrito por":"Prensa 11","Tiempo de lectura":"2 minutos"},"schema":{"@context":"https:\/\/schema.org","@graph":[{"@type":"Article","@id":"https:\/\/innoticiasbo.com\/index.php\/2026\/03\/10\/senador-por-libre-anuncia-interpelacion-a-tres-ministros-tras-accidente-de-avion\/#article","isPartOf":{"@id":"https:\/\/innoticiasbo.com\/index.php\/2026\/03\/10\/senador-por-libre-anuncia-interpelacion-a-tres-ministros-tras-accidente-de-avion\/"},"author":{"name":"Prensa 11","@id":"https:\/\/innoticiasbo.com\/#\/schema\/person\/0b28481e8d0316f83a13bc702311def5"},"headline":"SENADOR POR LIBRE ANUNCIA INTERPELACI\u00d3N A TRES MINISTROS TRAS ACCIDENTE DE AVI\u00d3N","datePublished":"2026-03-11T03:51:40+00:00","dateModified":"2026-03-11T03:51:41+00:00","mainEntityOfPage":{"@id":"https:\/\/innoticiasbo.com\/index.php\/2026\/03\/10\/senador-por-libre-anuncia-interpelacion-a-tres-ministros-tras-accidente-de-avion\/"},"wordCount":310,"commentCount":0,"publisher":{"@id":"https:\/\/innoticiasbo.com\/#organization"},"image":{"@id":"https:\/\/innoticiasbo.com\/index.php\/2026\/03\/10\/senador-por-libre-anuncia-interpelacion-a-tres-ministros-tras-accidente-de-avion\/#primaryimage"},"thumbnailUrl":"https:\/\/i0.wp.com\/innoticiasbo.com\/wp-content\/uploads\/2026\/03\/image-130.png?fit=1113%2C838&ssl=1","keywords":["avi\u00f3n H\u00e9rcules","Bolivia","interpelaci\u00f3n","ministros","Pol\u00edtica"],"articleSection":["Bolivia","Pol\u00edtica"],"inLanguage":"es","potentialAction":[{"@type":"CommentAction","name":"Comment","target":["https:\/\/innoticiasbo.com\/index.php\/2026\/03\/10\/senador-por-libre-anuncia-interpelacion-a-tres-ministros-tras-accidente-de-avion\/#respond"]}]},{"@type":"WebPage","@id":"https:\/\/innoticiasbo.com\/index.php\/2026\/03\/10\/senador-por-libre-anuncia-interpelacion-a-tres-ministros-tras-accidente-de-avion\/","url":"https:\/\/innoticiasbo.com\/index.php\/2026\/03\/10\/senador-por-libre-anuncia-interpelacion-a-tres-ministros-tras-accidente-de-avion\/","name":"SENADOR POR LIBRE ANUNCIA INTERPELACI\u00d3N A TRES MINISTROS TRAS ACCIDENTE DE AVI\u00d3N - innoticiasbo.com","isPartOf":{"@id":"https:\/\/innoticiasbo.com\/#website"},"primaryImageOfPage":{"@id":"https:\/\/innoticiasbo.com\/index.php\/2026\/03\/10\/senador-por-libre-anuncia-interpelacion-a-tres-ministros-tras-accidente-de-avion\/#primaryimage"},"image":{"@id":"https:\/\/innoticiasbo.com\/index.php\/2026\/03\/10\/senador-por-libre-anuncia-interpelacion-a-tres-ministros-tras-accidente-de-avion\/#primaryimage"},"thumbnailUrl":"https:\/\/i0.wp.com\/innoticiasbo.com\/wp-content\/uploads\/2026\/03\/image-130.png?fit=1113%2C838&ssl=1","datePublished":"2026-03-11T03:51:40+00:00","dateModified":"2026-03-11T03:51:41+00:00","breadcrumb":{"@id":"https:\/\/innoticiasbo.com\/index.php\/2026\/03\/10\/senador-por-libre-anuncia-interpelacion-a-tres-ministros-tras-accidente-de-avion\/#breadcrumb"},"inLanguage":"es","potentialAction":[{"@type":"ReadAction","target":["https:\/\/innoticiasbo.com\/index.php\/2026\/03\/10\/senador-por-libre-anuncia-interpelacion-a-tres-ministros-tras-accidente-de-avion\/"]}]},{"@type":"ImageObject","inLanguage":"es","@id":"https:\/\/innoticiasbo.com\/index.php\/2026\/03\/10\/senador-por-libre-anuncia-interpelacion-a-tres-ministros-tras-accidente-de-avion\/#primaryimage","url":"https:\/\/i0.wp.com\/innoticiasbo.com\/wp-content\/uploads\/2026\/03\/image-130.png?fit=1113%2C838&ssl=1","contentUrl":"https:\/\/i0.wp.com\/innoticiasbo.com\/wp-content\/uploads\/2026\/03\/image-130.png?fit=1113%2C838&ssl=1","width":1113,"height":838},{"@type":"BreadcrumbList","@id":"https:\/\/innoticiasbo.com\/index.php\/2026\/03\/10\/senador-por-libre-anuncia-interpelacion-a-tres-ministros-tras-accidente-de-avion\/#breadcrumb","itemListElement":[{"@type":"ListItem","position":1,"name":"Portada","item":"https:\/\/innoticiasbo.com\/"},{"@type":"ListItem","position":2,"name":"SENADOR POR LIBRE ANUNCIA INTERPELACI\u00d3N A TRES MINISTROS TRAS ACCIDENTE DE AVI\u00d3N"}]},{"@type":"WebSite","@id":"https:\/\/innoticiasbo.com\/#website","url":"https:\/\/innoticiasbo.com\/","name":"innoticiasbo.com","description":"","publisher":{"@id":"https:\/\/innoticiasbo.com\/#organization"},"potentialAction":[{"@type":"SearchAction","target":{"@type":"EntryPoint","urlTemplate":"https:\/\/innoticiasbo.com\/?s={search_term_string}"},"query-input":{"@type":"PropertyValueSpecification","valueRequired":true,"valueName":"search_term_string"}}],"inLanguage":"es"},{"@type":"Organization","@id":"https:\/\/innoticiasbo.com\/#organization","name":"innoticiasbo.com","url":"https:\/\/innoticiasbo.com\/","logo":{"@type":"ImageObject","inLanguage":"es","@id":"https:\/\/innoticiasbo.com\/#\/schema\/logo\/image\/","url":"https:\/\/i0.wp.com\/innoticiasbo.com\/wp-content\/uploads\/2026\/04\/cropped-IN-LOGO.png?fit=1476%2C1476&ssl=1","contentUrl":"https:\/\/i0.wp.com\/innoticiasbo.com\/wp-content\/uploads\/2026\/04\/cropped-IN-LOGO.png?fit=1476%2C1476&ssl=1","width":1476,"height":1476,"caption":"innoticiasbo.com"},"image":{"@id":"https:\/\/innoticiasbo.com\/#\/schema\/logo\/image\/"},"sameAs":["https:\/\/www.facebook.com\/innoticiasbolivia","https:\/\/x.com\/innoticiasbo","https:\/\/www.instagram.com\/innoticiasbo","https:\/\/www.youtube.com\/innoticiasbo"]},{"@type":"Person","@id":"https:\/\/innoticiasbo.com\/#\/schema\/person\/0b28481e8d0316f83a13bc702311def5","name":"Prensa 11","image":{"@type":"ImageObject","inLanguage":"es","@id":"https:\/\/innoticiasbo.com\/#\/schema\/person\/image\/","url":"https:\/\/secure.gravatar.com\/avatar\/696560c17349f1807a610bf83832bad0?s=96&d=mm&r=g","contentUrl":"https:\/\/secure.gravatar.com\/avatar\/696560c17349f1807a610bf83832bad0?s=96&d=mm&r=g","caption":"Prensa 11"},"sameAs":["http:\/\/www.innoticiasbo.com"],"url":"https:\/\/innoticiasbo.com\/index.php\/author\/prensa-11\/"}]}},"jetpack_featured_media_url":"https:\/\/i0.wp.com\/innoticiasbo.com\/wp-content\/uploads\/2026\/03\/image-130.png?fit=1113%2C838&ssl=1","jetpack_likes_enabled":true,"jetpack_sharing_enabled":true,"jetpack_shortlink":"https:\/\/wp.me\/pg298x-2s5","_links":{"self":[{"href":"https:\/\/innoticiasbo.com\/index.php\/wp-json\/wp\/v2\/posts\/9429","targetHints":{"allow":["GET"]}}],"collection":[{"href":"https:\/\/innoticiasbo.com\/index.php\/wp-json\/wp\/v2\/posts"}],"about":[{"href":"https:\/\/innoticiasbo.com\/index.php\/wp-json\/wp\/v2\/types\/post"}],"author":[{"embeddable":true,"href":"https:\/\/innoticiasbo.com\/index.php\/wp-json\/wp\/v2\/users\/11"}],"replies":[{"embeddable":true,"href":"https:\/\/innoticiasbo.com\/index.php\/wp-json\/wp\/v2\/comments?post=9429"}],"version-history":[{"count":1,"href":"https:\/\/innoticiasbo.com\/index.php\/wp-json\/wp\/v2\/posts\/9429\/revisions"}],"predecessor-version":[{"id":9431,"href":"https:\/\/innoticiasbo.com\/index.php\/wp-json\/wp\/v2\/posts\/9429\/revisions\/9431"}],"wp:featuredmedia":[{"embeddable":true,"href":"https:\/\/innoticiasbo.com\/index.php\/wp-json\/wp\/v2\/media\/9430"}],"wp:attachment":[{"href":"https:\/\/innoticiasbo.com\/index.php\/wp-json\/wp\/v2\/media?parent=9429"}],"wp:term":[{"taxonomy":"category","embeddable":true,"href":"https:\/\/innoticiasbo.com\/index.php\/wp-json\/wp\/v2\/categories?post=9429"},{"taxonomy":"post_tag","embeddable":true,"href":"https:\/\/innoticiasbo.com\/index.php\/wp-json\/wp\/v2\/tags?post=9429"}],"curies":[{"name":"wp","href":"https:\/\/api.w.org\/{rel}","templated":true}]}}