{"id":9426,"date":"2026-03-10T23:39:52","date_gmt":"2026-03-11T03:39:52","guid":{"rendered":"https:\/\/innoticiasbo.com\/?p=9426"},"modified":"2026-03-10T23:39:54","modified_gmt":"2026-03-11T03:39:54","slug":"joven-fue-macheteado-y-mordido-por-su-novia-su-madre-pide-a-la-policia-que-se-haga-justicia","status":"publish","type":"post","link":"https:\/\/innoticiasbo.com\/index.php\/2026\/03\/10\/joven-fue-macheteado-y-mordido-por-su-novia-su-madre-pide-a-la-policia-que-se-haga-justicia\/","title":{"rendered":"JOVEN FUE \u201cMACHETEADO\u201d Y MORDIDO POR SU NOVIA; SU MADRE PIDE A LA POLIC\u00cdA QUE SE HAGA JUSTICIA"},"content":{"rendered":"\n<figure class=\"wp-block-image size-large\"><img data-recalc-dims=\"1\" loading=\"lazy\" decoding=\"async\" width=\"640\" height=\"273\" src=\"https:\/\/i0.wp.com\/innoticiasbo.com\/wp-content\/uploads\/2026\/03\/image-129.png?resize=640%2C273&#038;ssl=1\" alt=\"\" class=\"wp-image-9427\" srcset=\"https:\/\/i0.wp.com\/innoticiasbo.com\/wp-content\/uploads\/2026\/03\/image-129.png?resize=1024%2C436&amp;ssl=1 1024w, https:\/\/i0.wp.com\/innoticiasbo.com\/wp-content\/uploads\/2026\/03\/image-129.png?resize=300%2C128&amp;ssl=1 300w, https:\/\/i0.wp.com\/innoticiasbo.com\/wp-content\/uploads\/2026\/03\/image-129.png?resize=768%2C327&amp;ssl=1 768w, https:\/\/i0.wp.com\/innoticiasbo.com\/wp-content\/uploads\/2026\/03\/image-129.png?w=1280&amp;ssl=1 1280w\" sizes=\"auto, (max-width: 640px) 100vw, 640px\" \/><\/figure>\n\n\n\n<p><strong>Santa Cruz, 10 de Marzo de 2026.-<\/strong> Un joven permanece postrado en una cama tras haber sido v\u00edctima del brutal ataque de su novia que, usando un machete, le provoc\u00f3 heridas en la cabeza. La madre del hombre sent\u00f3 una denuncia del hecho, ocurrido en la zona Alto San Pedro de la capital cruce\u00f1a, y pide que se haga justicia.<\/p>\n\n\n\n<p><strong>\u201cFormalic\u00e9 la denuncia por homicidio<\/strong> porque no se puede decir otra cosa. Espero que por favor vean mi caso y me colaboren. Ayuden a mi hijo, as\u00ed como ayudan cuando hay una mujer afectada, por favor, quiero ayuda para mi hijo\u201d, repet\u00eda la madre del joven.<\/p>\n\n\n\n<p>De acuerdo a la declaraci\u00f3n de la madre,<strong> la novia estaba enfurecida con su hijo <\/strong>a tal punto que se barde\u00f3 los muros de la vivienda y usando un machete atac\u00f3 al joven provoc\u00e1ndole varias heridas en la cabeza, la m\u00e1s visible se encuentra en la frente.<\/p>\n\n\n\n<p>\u201cElla estaba sulf\u00farica y <strong>se barde\u00f3 la casa donde \u00e9l vive, <\/strong>porque ellos viven juntos\u201d, relat\u00f3 la madre.<\/p>\n\n\n\n<p>La Fuerza Especial de Lucha Contra el Crimen ha iniciado una investigaci\u00f3n por<strong> el delito de tentativa de homicidio.<\/strong><\/p>\n\n\n\n<p>Fuente: Unitel<\/p>\n","protected":false},"excerpt":{"rendered":"<p>Santa Cruz, 10 de Marzo de 2026.- Un joven permanece postrado en una cama tras haber sido v\u00edctima del brutal ataque de su novia que, usando un machete, le provoc\u00f3 heridas en la cabeza. La madre del hombre sent\u00f3 una denuncia del hecho, ocurrido en la zona Alto San Pedro de la capital cruce\u00f1a, y&#8230;<\/p>\n","protected":false},"author":11,"featured_media":0,"comment_status":"open","ping_status":"open","sticky":false,"template":"","format":"standard","meta":{"_jetpack_memberships_contains_paid_content":false,"footnotes":"","jetpack_publicize_message":"","jetpack_publicize_feature_enabled":true,"jetpack_social_post_already_shared":true,"jetpack_social_options":{"image_generator_settings":{"template":"highway","enabled":false},"version":2}},"categories":[15],"tags":[1410,551,1412,167,235,1411],"class_list":["post-9426","post","type-post","status-publish","format-standard","hentry","category-seguridad","tag-alto-san-pedro","tag-ataque","tag-macheteado","tag-santa-cruz","tag-seguridad","tag-tentativo-de-homicidio"],"jetpack_publicize_connections":[],"yoast_head":"<!-- This site is optimized with the Yoast SEO plugin v23.4 - https:\/\/yoast.com\/wordpress\/plugins\/seo\/ -->\n<title>JOVEN FUE \u201cMACHETEADO\u201d Y MORDIDO POR SU NOVIA; SU MADRE PIDE A LA POLIC\u00cdA QUE SE HAGA JUSTICIA - innoticiasbo.com<\/title>\n<meta name=\"robots\" content=\"index, follow, max-snippet:-1, max-image-preview:large, max-video-preview:-1\" \/>\n<link rel=\"canonical\" href=\"https:\/\/innoticiasbo.com\/index.php\/2026\/03\/10\/joven-fue-macheteado-y-mordido-por-su-novia-su-madre-pide-a-la-policia-que-se-haga-justicia\/\" \/>\n<meta property=\"og:locale\" content=\"es_ES\" \/>\n<meta property=\"og:type\" content=\"article\" \/>\n<meta property=\"og:title\" content=\"JOVEN FUE \u201cMACHETEADO\u201d Y MORDIDO POR SU NOVIA; SU MADRE PIDE A LA POLIC\u00cdA QUE SE HAGA JUSTICIA - innoticiasbo.com\" \/>\n<meta property=\"og:description\" content=\"Santa Cruz, 10 de Marzo de 2026.- Un joven permanece postrado en una cama tras haber sido v\u00edctima del brutal ataque de su novia que, usando un machete, le provoc\u00f3 heridas en la cabeza. La madre del hombre sent\u00f3 una denuncia del hecho, ocurrido en la zona Alto San Pedro de la capital cruce\u00f1a, y...\" \/>\n<meta property=\"og:url\" content=\"https:\/\/innoticiasbo.com\/index.php\/2026\/03\/10\/joven-fue-macheteado-y-mordido-por-su-novia-su-madre-pide-a-la-policia-que-se-haga-justicia\/\" \/>\n<meta property=\"og:site_name\" content=\"innoticiasbo.com\" \/>\n<meta property=\"article:publisher\" content=\"https:\/\/www.facebook.com\/innoticiasbolivia\" \/>\n<meta property=\"article:published_time\" content=\"2026-03-11T03:39:52+00:00\" \/>\n<meta property=\"article:modified_time\" content=\"2026-03-11T03:39:54+00:00\" \/>\n<meta property=\"og:image\" content=\"https:\/\/innoticiasbo.com\/wp-content\/uploads\/2026\/03\/image-129-1024x436.png\" \/>\n<meta name=\"author\" content=\"Prensa 11\" \/>\n<meta name=\"twitter:card\" content=\"summary_large_image\" \/>\n<meta name=\"twitter:creator\" content=\"@innoticiasbo\" \/>\n<meta name=\"twitter:site\" content=\"@innoticiasbo\" \/>\n<meta name=\"twitter:label1\" content=\"Escrito por\" \/>\n\t<meta name=\"twitter:data1\" content=\"Prensa 11\" \/>\n\t<meta name=\"twitter:label2\" content=\"Tiempo de lectura\" \/>\n\t<meta name=\"twitter:data2\" content=\"2 minutos\" \/>\n<script type=\"application\/ld+json\" class=\"yoast-schema-graph\">{\"@context\":\"https:\/\/schema.org\",\"@graph\":[{\"@type\":\"Article\",\"@id\":\"https:\/\/innoticiasbo.com\/index.php\/2026\/03\/10\/joven-fue-macheteado-y-mordido-por-su-novia-su-madre-pide-a-la-policia-que-se-haga-justicia\/#article\",\"isPartOf\":{\"@id\":\"https:\/\/innoticiasbo.com\/index.php\/2026\/03\/10\/joven-fue-macheteado-y-mordido-por-su-novia-su-madre-pide-a-la-policia-que-se-haga-justicia\/\"},\"author\":{\"name\":\"Prensa 11\",\"@id\":\"https:\/\/innoticiasbo.com\/#\/schema\/person\/0b28481e8d0316f83a13bc702311def5\"},\"headline\":\"JOVEN FUE \u201cMACHETEADO\u201d Y MORDIDO POR SU NOVIA; SU MADRE PIDE A LA POLIC\u00cdA QUE SE HAGA JUSTICIA\",\"datePublished\":\"2026-03-11T03:39:52+00:00\",\"dateModified\":\"2026-03-11T03:39:54+00:00\",\"mainEntityOfPage\":{\"@id\":\"https:\/\/innoticiasbo.com\/index.php\/2026\/03\/10\/joven-fue-macheteado-y-mordido-por-su-novia-su-madre-pide-a-la-policia-que-se-haga-justicia\/\"},\"wordCount\":218,\"commentCount\":0,\"publisher\":{\"@id\":\"https:\/\/innoticiasbo.com\/#organization\"},\"image\":{\"@id\":\"https:\/\/innoticiasbo.com\/index.php\/2026\/03\/10\/joven-fue-macheteado-y-mordido-por-su-novia-su-madre-pide-a-la-policia-que-se-haga-justicia\/#primaryimage\"},\"thumbnailUrl\":\"https:\/\/innoticiasbo.com\/wp-content\/uploads\/2026\/03\/image-129-1024x436.png\",\"keywords\":[\"Alto San Pedro\",\"ataque\",\"macheteado\",\"Santa Cruz\",\"seguridad\",\"Tentativo de homicidio\"],\"articleSection\":[\"Seguridad\"],\"inLanguage\":\"es\",\"potentialAction\":[{\"@type\":\"CommentAction\",\"name\":\"Comment\",\"target\":[\"https:\/\/innoticiasbo.com\/index.php\/2026\/03\/10\/joven-fue-macheteado-y-mordido-por-su-novia-su-madre-pide-a-la-policia-que-se-haga-justicia\/#respond\"]}]},{\"@type\":\"WebPage\",\"@id\":\"https:\/\/innoticiasbo.com\/index.php\/2026\/03\/10\/joven-fue-macheteado-y-mordido-por-su-novia-su-madre-pide-a-la-policia-que-se-haga-justicia\/\",\"url\":\"https:\/\/innoticiasbo.com\/index.php\/2026\/03\/10\/joven-fue-macheteado-y-mordido-por-su-novia-su-madre-pide-a-la-policia-que-se-haga-justicia\/\",\"name\":\"JOVEN FUE \u201cMACHETEADO\u201d Y MORDIDO POR SU NOVIA; SU MADRE PIDE A LA POLIC\u00cdA QUE SE HAGA JUSTICIA - innoticiasbo.com\",\"isPartOf\":{\"@id\":\"https:\/\/innoticiasbo.com\/#website\"},\"primaryImageOfPage\":{\"@id\":\"https:\/\/innoticiasbo.com\/index.php\/2026\/03\/10\/joven-fue-macheteado-y-mordido-por-su-novia-su-madre-pide-a-la-policia-que-se-haga-justicia\/#primaryimage\"},\"image\":{\"@id\":\"https:\/\/innoticiasbo.com\/index.php\/2026\/03\/10\/joven-fue-macheteado-y-mordido-por-su-novia-su-madre-pide-a-la-policia-que-se-haga-justicia\/#primaryimage\"},\"thumbnailUrl\":\"https:\/\/innoticiasbo.com\/wp-content\/uploads\/2026\/03\/image-129-1024x436.png\",\"datePublished\":\"2026-03-11T03:39:52+00:00\",\"dateModified\":\"2026-03-11T03:39:54+00:00\",\"breadcrumb\":{\"@id\":\"https:\/\/innoticiasbo.com\/index.php\/2026\/03\/10\/joven-fue-macheteado-y-mordido-por-su-novia-su-madre-pide-a-la-policia-que-se-haga-justicia\/#breadcrumb\"},\"inLanguage\":\"es\",\"potentialAction\":[{\"@type\":\"ReadAction\",\"target\":[\"https:\/\/innoticiasbo.com\/index.php\/2026\/03\/10\/joven-fue-macheteado-y-mordido-por-su-novia-su-madre-pide-a-la-policia-que-se-haga-justicia\/\"]}]},{\"@type\":\"ImageObject\",\"inLanguage\":\"es\",\"@id\":\"https:\/\/innoticiasbo.com\/index.php\/2026\/03\/10\/joven-fue-macheteado-y-mordido-por-su-novia-su-madre-pide-a-la-policia-que-se-haga-justicia\/#primaryimage\",\"url\":\"https:\/\/i0.wp.com\/innoticiasbo.com\/wp-content\/uploads\/2026\/03\/image-129.png?fit=1280%2C545&ssl=1\",\"contentUrl\":\"https:\/\/i0.wp.com\/innoticiasbo.com\/wp-content\/uploads\/2026\/03\/image-129.png?fit=1280%2C545&ssl=1\",\"width\":1280,\"height\":545},{\"@type\":\"BreadcrumbList\",\"@id\":\"https:\/\/innoticiasbo.com\/index.php\/2026\/03\/10\/joven-fue-macheteado-y-mordido-por-su-novia-su-madre-pide-a-la-policia-que-se-haga-justicia\/#breadcrumb\",\"itemListElement\":[{\"@type\":\"ListItem\",\"position\":1,\"name\":\"Portada\",\"item\":\"https:\/\/innoticiasbo.com\/\"},{\"@type\":\"ListItem\",\"position\":2,\"name\":\"JOVEN FUE \u201cMACHETEADO\u201d Y MORDIDO POR SU NOVIA; SU MADRE PIDE A LA POLIC\u00cdA QUE SE HAGA JUSTICIA\"}]},{\"@type\":\"WebSite\",\"@id\":\"https:\/\/innoticiasbo.com\/#website\",\"url\":\"https:\/\/innoticiasbo.com\/\",\"name\":\"innoticiasbo.com\",\"description\":\"\",\"publisher\":{\"@id\":\"https:\/\/innoticiasbo.com\/#organization\"},\"potentialAction\":[{\"@type\":\"SearchAction\",\"target\":{\"@type\":\"EntryPoint\",\"urlTemplate\":\"https:\/\/innoticiasbo.com\/?s={search_term_string}\"},\"query-input\":{\"@type\":\"PropertyValueSpecification\",\"valueRequired\":true,\"valueName\":\"search_term_string\"}}],\"inLanguage\":\"es\"},{\"@type\":\"Organization\",\"@id\":\"https:\/\/innoticiasbo.com\/#organization\",\"name\":\"innoticiasbo.com\",\"url\":\"https:\/\/innoticiasbo.com\/\",\"logo\":{\"@type\":\"ImageObject\",\"inLanguage\":\"es\",\"@id\":\"https:\/\/innoticiasbo.com\/#\/schema\/logo\/image\/\",\"url\":\"https:\/\/i0.wp.com\/innoticiasbo.com\/wp-content\/uploads\/2026\/04\/cropped-IN-LOGO.png?fit=1476%2C1476&ssl=1\",\"contentUrl\":\"https:\/\/i0.wp.com\/innoticiasbo.com\/wp-content\/uploads\/2026\/04\/cropped-IN-LOGO.png?fit=1476%2C1476&ssl=1\",\"width\":1476,\"height\":1476,\"caption\":\"innoticiasbo.com\"},\"image\":{\"@id\":\"https:\/\/innoticiasbo.com\/#\/schema\/logo\/image\/\"},\"sameAs\":[\"https:\/\/www.facebook.com\/innoticiasbolivia\",\"https:\/\/x.com\/innoticiasbo\",\"https:\/\/www.instagram.com\/innoticiasbo\",\"https:\/\/www.youtube.com\/innoticiasbo\"]},{\"@type\":\"Person\",\"@id\":\"https:\/\/innoticiasbo.com\/#\/schema\/person\/0b28481e8d0316f83a13bc702311def5\",\"name\":\"Prensa 11\",\"image\":{\"@type\":\"ImageObject\",\"inLanguage\":\"es\",\"@id\":\"https:\/\/innoticiasbo.com\/#\/schema\/person\/image\/\",\"url\":\"https:\/\/secure.gravatar.com\/avatar\/696560c17349f1807a610bf83832bad0?s=96&d=mm&r=g\",\"contentUrl\":\"https:\/\/secure.gravatar.com\/avatar\/696560c17349f1807a610bf83832bad0?s=96&d=mm&r=g\",\"caption\":\"Prensa 11\"},\"sameAs\":[\"http:\/\/www.innoticiasbo.com\"],\"url\":\"https:\/\/innoticiasbo.com\/index.php\/author\/prensa-11\/\"}]}<\/script>\n<!-- \/ Yoast SEO plugin. -->","yoast_head_json":{"title":"JOVEN FUE \u201cMACHETEADO\u201d Y MORDIDO POR SU NOVIA; SU MADRE PIDE A LA POLIC\u00cdA QUE SE HAGA JUSTICIA - innoticiasbo.com","robots":{"index":"index","follow":"follow","max-snippet":"max-snippet:-1","max-image-preview":"max-image-preview:large","max-video-preview":"max-video-preview:-1"},"canonical":"https:\/\/innoticiasbo.com\/index.php\/2026\/03\/10\/joven-fue-macheteado-y-mordido-por-su-novia-su-madre-pide-a-la-policia-que-se-haga-justicia\/","og_locale":"es_ES","og_type":"article","og_title":"JOVEN FUE \u201cMACHETEADO\u201d Y MORDIDO POR SU NOVIA; SU MADRE PIDE A LA POLIC\u00cdA QUE SE HAGA JUSTICIA - innoticiasbo.com","og_description":"Santa Cruz, 10 de Marzo de 2026.- Un joven permanece postrado en una cama tras haber sido v\u00edctima del brutal ataque de su novia que, usando un machete, le provoc\u00f3 heridas en la cabeza. La madre del hombre sent\u00f3 una denuncia del hecho, ocurrido en la zona Alto San Pedro de la capital cruce\u00f1a, y...","og_url":"https:\/\/innoticiasbo.com\/index.php\/2026\/03\/10\/joven-fue-macheteado-y-mordido-por-su-novia-su-madre-pide-a-la-policia-que-se-haga-justicia\/","og_site_name":"innoticiasbo.com","article_publisher":"https:\/\/www.facebook.com\/innoticiasbolivia","article_published_time":"2026-03-11T03:39:52+00:00","article_modified_time":"2026-03-11T03:39:54+00:00","og_image":[{"url":"https:\/\/innoticiasbo.com\/wp-content\/uploads\/2026\/03\/image-129-1024x436.png"}],"author":"Prensa 11","twitter_card":"summary_large_image","twitter_creator":"@innoticiasbo","twitter_site":"@innoticiasbo","twitter_misc":{"Escrito por":"Prensa 11","Tiempo de lectura":"2 minutos"},"schema":{"@context":"https:\/\/schema.org","@graph":[{"@type":"Article","@id":"https:\/\/innoticiasbo.com\/index.php\/2026\/03\/10\/joven-fue-macheteado-y-mordido-por-su-novia-su-madre-pide-a-la-policia-que-se-haga-justicia\/#article","isPartOf":{"@id":"https:\/\/innoticiasbo.com\/index.php\/2026\/03\/10\/joven-fue-macheteado-y-mordido-por-su-novia-su-madre-pide-a-la-policia-que-se-haga-justicia\/"},"author":{"name":"Prensa 11","@id":"https:\/\/innoticiasbo.com\/#\/schema\/person\/0b28481e8d0316f83a13bc702311def5"},"headline":"JOVEN FUE \u201cMACHETEADO\u201d Y MORDIDO POR SU NOVIA; SU MADRE PIDE A LA POLIC\u00cdA QUE SE HAGA JUSTICIA","datePublished":"2026-03-11T03:39:52+00:00","dateModified":"2026-03-11T03:39:54+00:00","mainEntityOfPage":{"@id":"https:\/\/innoticiasbo.com\/index.php\/2026\/03\/10\/joven-fue-macheteado-y-mordido-por-su-novia-su-madre-pide-a-la-policia-que-se-haga-justicia\/"},"wordCount":218,"commentCount":0,"publisher":{"@id":"https:\/\/innoticiasbo.com\/#organization"},"image":{"@id":"https:\/\/innoticiasbo.com\/index.php\/2026\/03\/10\/joven-fue-macheteado-y-mordido-por-su-novia-su-madre-pide-a-la-policia-que-se-haga-justicia\/#primaryimage"},"thumbnailUrl":"https:\/\/innoticiasbo.com\/wp-content\/uploads\/2026\/03\/image-129-1024x436.png","keywords":["Alto San Pedro","ataque","macheteado","Santa Cruz","seguridad","Tentativo de homicidio"],"articleSection":["Seguridad"],"inLanguage":"es","potentialAction":[{"@type":"CommentAction","name":"Comment","target":["https:\/\/innoticiasbo.com\/index.php\/2026\/03\/10\/joven-fue-macheteado-y-mordido-por-su-novia-su-madre-pide-a-la-policia-que-se-haga-justicia\/#respond"]}]},{"@type":"WebPage","@id":"https:\/\/innoticiasbo.com\/index.php\/2026\/03\/10\/joven-fue-macheteado-y-mordido-por-su-novia-su-madre-pide-a-la-policia-que-se-haga-justicia\/","url":"https:\/\/innoticiasbo.com\/index.php\/2026\/03\/10\/joven-fue-macheteado-y-mordido-por-su-novia-su-madre-pide-a-la-policia-que-se-haga-justicia\/","name":"JOVEN FUE \u201cMACHETEADO\u201d Y MORDIDO POR SU NOVIA; SU MADRE PIDE A LA POLIC\u00cdA QUE SE HAGA JUSTICIA - innoticiasbo.com","isPartOf":{"@id":"https:\/\/innoticiasbo.com\/#website"},"primaryImageOfPage":{"@id":"https:\/\/innoticiasbo.com\/index.php\/2026\/03\/10\/joven-fue-macheteado-y-mordido-por-su-novia-su-madre-pide-a-la-policia-que-se-haga-justicia\/#primaryimage"},"image":{"@id":"https:\/\/innoticiasbo.com\/index.php\/2026\/03\/10\/joven-fue-macheteado-y-mordido-por-su-novia-su-madre-pide-a-la-policia-que-se-haga-justicia\/#primaryimage"},"thumbnailUrl":"https:\/\/innoticiasbo.com\/wp-content\/uploads\/2026\/03\/image-129-1024x436.png","datePublished":"2026-03-11T03:39:52+00:00","dateModified":"2026-03-11T03:39:54+00:00","breadcrumb":{"@id":"https:\/\/innoticiasbo.com\/index.php\/2026\/03\/10\/joven-fue-macheteado-y-mordido-por-su-novia-su-madre-pide-a-la-policia-que-se-haga-justicia\/#breadcrumb"},"inLanguage":"es","potentialAction":[{"@type":"ReadAction","target":["https:\/\/innoticiasbo.com\/index.php\/2026\/03\/10\/joven-fue-macheteado-y-mordido-por-su-novia-su-madre-pide-a-la-policia-que-se-haga-justicia\/"]}]},{"@type":"ImageObject","inLanguage":"es","@id":"https:\/\/innoticiasbo.com\/index.php\/2026\/03\/10\/joven-fue-macheteado-y-mordido-por-su-novia-su-madre-pide-a-la-policia-que-se-haga-justicia\/#primaryimage","url":"https:\/\/i0.wp.com\/innoticiasbo.com\/wp-content\/uploads\/2026\/03\/image-129.png?fit=1280%2C545&ssl=1","contentUrl":"https:\/\/i0.wp.com\/innoticiasbo.com\/wp-content\/uploads\/2026\/03\/image-129.png?fit=1280%2C545&ssl=1","width":1280,"height":545},{"@type":"BreadcrumbList","@id":"https:\/\/innoticiasbo.com\/index.php\/2026\/03\/10\/joven-fue-macheteado-y-mordido-por-su-novia-su-madre-pide-a-la-policia-que-se-haga-justicia\/#breadcrumb","itemListElement":[{"@type":"ListItem","position":1,"name":"Portada","item":"https:\/\/innoticiasbo.com\/"},{"@type":"ListItem","position":2,"name":"JOVEN FUE \u201cMACHETEADO\u201d Y MORDIDO POR SU NOVIA; SU MADRE PIDE A LA POLIC\u00cdA QUE SE HAGA JUSTICIA"}]},{"@type":"WebSite","@id":"https:\/\/innoticiasbo.com\/#website","url":"https:\/\/innoticiasbo.com\/","name":"innoticiasbo.com","description":"","publisher":{"@id":"https:\/\/innoticiasbo.com\/#organization"},"potentialAction":[{"@type":"SearchAction","target":{"@type":"EntryPoint","urlTemplate":"https:\/\/innoticiasbo.com\/?s={search_term_string}"},"query-input":{"@type":"PropertyValueSpecification","valueRequired":true,"valueName":"search_term_string"}}],"inLanguage":"es"},{"@type":"Organization","@id":"https:\/\/innoticiasbo.com\/#organization","name":"innoticiasbo.com","url":"https:\/\/innoticiasbo.com\/","logo":{"@type":"ImageObject","inLanguage":"es","@id":"https:\/\/innoticiasbo.com\/#\/schema\/logo\/image\/","url":"https:\/\/i0.wp.com\/innoticiasbo.com\/wp-content\/uploads\/2026\/04\/cropped-IN-LOGO.png?fit=1476%2C1476&ssl=1","contentUrl":"https:\/\/i0.wp.com\/innoticiasbo.com\/wp-content\/uploads\/2026\/04\/cropped-IN-LOGO.png?fit=1476%2C1476&ssl=1","width":1476,"height":1476,"caption":"innoticiasbo.com"},"image":{"@id":"https:\/\/innoticiasbo.com\/#\/schema\/logo\/image\/"},"sameAs":["https:\/\/www.facebook.com\/innoticiasbolivia","https:\/\/x.com\/innoticiasbo","https:\/\/www.instagram.com\/innoticiasbo","https:\/\/www.youtube.com\/innoticiasbo"]},{"@type":"Person","@id":"https:\/\/innoticiasbo.com\/#\/schema\/person\/0b28481e8d0316f83a13bc702311def5","name":"Prensa 11","image":{"@type":"ImageObject","inLanguage":"es","@id":"https:\/\/innoticiasbo.com\/#\/schema\/person\/image\/","url":"https:\/\/secure.gravatar.com\/avatar\/696560c17349f1807a610bf83832bad0?s=96&d=mm&r=g","contentUrl":"https:\/\/secure.gravatar.com\/avatar\/696560c17349f1807a610bf83832bad0?s=96&d=mm&r=g","caption":"Prensa 11"},"sameAs":["http:\/\/www.innoticiasbo.com"],"url":"https:\/\/innoticiasbo.com\/index.php\/author\/prensa-11\/"}]}},"jetpack_featured_media_url":"","jetpack_likes_enabled":true,"jetpack_sharing_enabled":true,"jetpack_shortlink":"https:\/\/wp.me\/pg298x-2s2","_links":{"self":[{"href":"https:\/\/innoticiasbo.com\/index.php\/wp-json\/wp\/v2\/posts\/9426","targetHints":{"allow":["GET"]}}],"collection":[{"href":"https:\/\/innoticiasbo.com\/index.php\/wp-json\/wp\/v2\/posts"}],"about":[{"href":"https:\/\/innoticiasbo.com\/index.php\/wp-json\/wp\/v2\/types\/post"}],"author":[{"embeddable":true,"href":"https:\/\/innoticiasbo.com\/index.php\/wp-json\/wp\/v2\/users\/11"}],"replies":[{"embeddable":true,"href":"https:\/\/innoticiasbo.com\/index.php\/wp-json\/wp\/v2\/comments?post=9426"}],"version-history":[{"count":1,"href":"https:\/\/innoticiasbo.com\/index.php\/wp-json\/wp\/v2\/posts\/9426\/revisions"}],"predecessor-version":[{"id":9428,"href":"https:\/\/innoticiasbo.com\/index.php\/wp-json\/wp\/v2\/posts\/9426\/revisions\/9428"}],"wp:attachment":[{"href":"https:\/\/innoticiasbo.com\/index.php\/wp-json\/wp\/v2\/media?parent=9426"}],"wp:term":[{"taxonomy":"category","embeddable":true,"href":"https:\/\/innoticiasbo.com\/index.php\/wp-json\/wp\/v2\/categories?post=9426"},{"taxonomy":"post_tag","embeddable":true,"href":"https:\/\/innoticiasbo.com\/index.php\/wp-json\/wp\/v2\/tags?post=9426"}],"curies":[{"name":"wp","href":"https:\/\/api.w.org\/{rel}","templated":true}]}}