{"id":9420,"date":"2026-03-10T23:24:33","date_gmt":"2026-03-11T03:24:33","guid":{"rendered":"https:\/\/innoticiasbo.com\/?p=9420"},"modified":"2026-03-10T23:24:35","modified_gmt":"2026-03-11T03:24:35","slug":"hombre-que-ataco-brutalmente-a-un-taxista-dejo-el-hospital-y-fue-llevado-a-la-carcel-esto-es-lo-que-dijo-al-salir","status":"publish","type":"post","link":"https:\/\/innoticiasbo.com\/index.php\/2026\/03\/10\/hombre-que-ataco-brutalmente-a-un-taxista-dejo-el-hospital-y-fue-llevado-a-la-carcel-esto-es-lo-que-dijo-al-salir\/","title":{"rendered":"HOMBRE QUE ATAC\u00d3 BRUTALMENTE A UN TAXISTA DEJ\u00d3 EL HOSPITAL Y FUE LLEVADO A LA C\u00c1RCEL; ESTO ES LO QUE DIJO AL SALIR"},"content":{"rendered":"\n<figure class=\"wp-block-image size-large\"><img data-recalc-dims=\"1\" loading=\"lazy\" decoding=\"async\" width=\"640\" height=\"273\" src=\"https:\/\/i0.wp.com\/innoticiasbo.com\/wp-content\/uploads\/2026\/03\/image-127.png?resize=640%2C273&#038;ssl=1\" alt=\"\" class=\"wp-image-9421\" srcset=\"https:\/\/i0.wp.com\/innoticiasbo.com\/wp-content\/uploads\/2026\/03\/image-127.png?resize=1024%2C436&amp;ssl=1 1024w, https:\/\/i0.wp.com\/innoticiasbo.com\/wp-content\/uploads\/2026\/03\/image-127.png?resize=300%2C128&amp;ssl=1 300w, https:\/\/i0.wp.com\/innoticiasbo.com\/wp-content\/uploads\/2026\/03\/image-127.png?resize=768%2C327&amp;ssl=1 768w, https:\/\/i0.wp.com\/innoticiasbo.com\/wp-content\/uploads\/2026\/03\/image-127.png?w=1280&amp;ssl=1 1280w\" sizes=\"auto, (max-width: 640px) 100vw, 640px\" \/><figcaption class=\"wp-element-caption\">Foto: Unitel<\/figcaption><\/figure>\n\n\n\n<p><strong>Cochabamba, 10 de Marzo de 2026.-<\/strong> Marcelino R. E. y su pareja, Roc\u00edo F.V. fueron trasladados desde el hospital Viedma de Cochabamba y fueron llevados a recintos penitenciarios donde cumplir\u00e1n detenci\u00f3n preventiva por el violento atraco a un taxista en Vinto.<\/p>\n\n\n\n<p><strong>\u201cEstoy arrepentido\u201d, <\/strong>dijo Marcelino mientras era trasladado del hospital al penal de El Abra, donde cumplir\u00e1 seis meses de detenci\u00f3n preventiva. El hombre, acusado de tentativa de asesinato y robo agravado, admiti\u00f3 su participaci\u00f3n en el violento atraco contra un taxista ocurrido en el municipio de Vinto.<\/p>\n\n\n\n<p>El sujeto se\u00f1al\u00f3 <strong>que el plan de robar el veh\u00edculo fue idea de su mujer y que ella fue quien insisti\u00f3 e<\/strong>n cometer el delito, haci\u00e9ndose pasar por pasajeros para abordar el taxi.<\/p>\n\n\n\n<p>De acuerdo con su relato, le pidieron al conductor que los traslade hasta Parotani, ofreci\u00e9ndole un buen pago para convencerlo. Durante el trayecto, la mujer intent\u00f3 estrangular al taxista con una soga, mientras \u00e9l lo golpe\u00f3 para reducirlo.<\/p>\n\n\n\n<p>Posteriormente, se\u00f1al\u00f3 que utilizaron una piedra para golpear al conductor en la cabeza y dejarlo gravemente herido antes de escapar con el motorizado. Tras el ataque, se dirigieron hacia el municipio de Independencia, donde el padre de su pareja tendr\u00eda una vivienda.<\/p>\n\n\n\n<p>Para Roc\u00edo, la justicia determin\u00f3 seis meses de detenci\u00f3n preventiva en el penal de San Sebasti\u00e1n Mujeres.<\/p>\n\n\n\n<p>Ambos fueron internados para recibir atenci\u00f3n m\u00e9dica tras casi ser linchados por parte de las comunarios de Independencia, quienes los sacaron de las celdas policiales para llevarlos a la plaza principal y golpearlos.<\/p>\n\n\n\n<p>Fuente: Unitel<\/p>\n","protected":false},"excerpt":{"rendered":"<p>Cochabamba, 10 de Marzo de 2026.- Marcelino R. E. y su pareja, Roc\u00edo F.V. fueron trasladados desde el hospital Viedma de Cochabamba y fueron llevados a recintos penitenciarios donde cumplir\u00e1n detenci\u00f3n preventiva por el violento atraco a un taxista en Vinto. \u201cEstoy arrepentido\u201d, dijo Marcelino mientras era trasladado del hospital al penal de El Abra,&#8230;<\/p>\n","protected":false},"author":11,"featured_media":9421,"comment_status":"open","ping_status":"open","sticky":false,"template":"","format":"standard","meta":{"_jetpack_memberships_contains_paid_content":false,"footnotes":"","jetpack_publicize_message":"","jetpack_publicize_feature_enabled":true,"jetpack_social_post_already_shared":true,"jetpack_social_options":{"image_generator_settings":{"template":"highway","enabled":false},"version":2}},"categories":[2,15],"tags":[6,1406,235,1405],"class_list":["post-9420","post","type-post","status-publish","format-standard","has-post-thumbnail","hentry","category-cochabamba","category-seguridad","tag-cochabamba","tag-el-abra","tag-seguridad","tag-taxista"],"jetpack_publicize_connections":[],"yoast_head":"<!-- This site is optimized with the Yoast SEO plugin v23.4 - https:\/\/yoast.com\/wordpress\/plugins\/seo\/ -->\n<title>HOMBRE QUE ATAC\u00d3 BRUTALMENTE A UN TAXISTA DEJ\u00d3 EL HOSPITAL Y FUE LLEVADO A LA C\u00c1RCEL; ESTO ES LO QUE DIJO AL SALIR - innoticiasbo.com<\/title>\n<meta name=\"robots\" content=\"index, follow, max-snippet:-1, max-image-preview:large, max-video-preview:-1\" \/>\n<link rel=\"canonical\" href=\"https:\/\/innoticiasbo.com\/index.php\/2026\/03\/10\/hombre-que-ataco-brutalmente-a-un-taxista-dejo-el-hospital-y-fue-llevado-a-la-carcel-esto-es-lo-que-dijo-al-salir\/\" \/>\n<meta property=\"og:locale\" content=\"es_ES\" \/>\n<meta property=\"og:type\" content=\"article\" \/>\n<meta property=\"og:title\" content=\"HOMBRE QUE ATAC\u00d3 BRUTALMENTE A UN TAXISTA DEJ\u00d3 EL HOSPITAL Y FUE LLEVADO A LA C\u00c1RCEL; ESTO ES LO QUE DIJO AL SALIR - innoticiasbo.com\" \/>\n<meta property=\"og:description\" content=\"Cochabamba, 10 de Marzo de 2026.- Marcelino R. E. y su pareja, Roc\u00edo F.V. fueron trasladados desde el hospital Viedma de Cochabamba y fueron llevados a recintos penitenciarios donde cumplir\u00e1n detenci\u00f3n preventiva por el violento atraco a un taxista en Vinto. \u201cEstoy arrepentido\u201d, dijo Marcelino mientras era trasladado del hospital al penal de El Abra,...\" \/>\n<meta property=\"og:url\" content=\"https:\/\/innoticiasbo.com\/index.php\/2026\/03\/10\/hombre-que-ataco-brutalmente-a-un-taxista-dejo-el-hospital-y-fue-llevado-a-la-carcel-esto-es-lo-que-dijo-al-salir\/\" \/>\n<meta property=\"og:site_name\" content=\"innoticiasbo.com\" \/>\n<meta property=\"article:publisher\" content=\"https:\/\/www.facebook.com\/innoticiasbolivia\" \/>\n<meta property=\"article:published_time\" content=\"2026-03-11T03:24:33+00:00\" \/>\n<meta property=\"article:modified_time\" content=\"2026-03-11T03:24:35+00:00\" \/>\n<meta property=\"og:image\" content=\"https:\/\/innoticiasbo.com\/wp-content\/uploads\/2026\/03\/image-127.png\" \/>\n\t<meta property=\"og:image:width\" content=\"1280\" \/>\n\t<meta property=\"og:image:height\" content=\"545\" \/>\n\t<meta property=\"og:image:type\" content=\"image\/png\" \/>\n<meta name=\"author\" content=\"Prensa 11\" \/>\n<meta name=\"twitter:card\" content=\"summary_large_image\" \/>\n<meta name=\"twitter:creator\" content=\"@innoticiasbo\" \/>\n<meta name=\"twitter:site\" content=\"@innoticiasbo\" \/>\n<meta name=\"twitter:label1\" content=\"Escrito por\" \/>\n\t<meta name=\"twitter:data1\" content=\"Prensa 11\" \/>\n\t<meta name=\"twitter:label2\" content=\"Tiempo de lectura\" \/>\n\t<meta name=\"twitter:data2\" content=\"2 minutos\" \/>\n<script type=\"application\/ld+json\" class=\"yoast-schema-graph\">{\"@context\":\"https:\/\/schema.org\",\"@graph\":[{\"@type\":\"Article\",\"@id\":\"https:\/\/innoticiasbo.com\/index.php\/2026\/03\/10\/hombre-que-ataco-brutalmente-a-un-taxista-dejo-el-hospital-y-fue-llevado-a-la-carcel-esto-es-lo-que-dijo-al-salir\/#article\",\"isPartOf\":{\"@id\":\"https:\/\/innoticiasbo.com\/index.php\/2026\/03\/10\/hombre-que-ataco-brutalmente-a-un-taxista-dejo-el-hospital-y-fue-llevado-a-la-carcel-esto-es-lo-que-dijo-al-salir\/\"},\"author\":{\"name\":\"Prensa 11\",\"@id\":\"https:\/\/innoticiasbo.com\/#\/schema\/person\/0b28481e8d0316f83a13bc702311def5\"},\"headline\":\"HOMBRE QUE ATAC\u00d3 BRUTALMENTE A UN TAXISTA DEJ\u00d3 EL HOSPITAL Y FUE LLEVADO A LA C\u00c1RCEL; ESTO ES LO QUE DIJO AL SALIR\",\"datePublished\":\"2026-03-11T03:24:33+00:00\",\"dateModified\":\"2026-03-11T03:24:35+00:00\",\"mainEntityOfPage\":{\"@id\":\"https:\/\/innoticiasbo.com\/index.php\/2026\/03\/10\/hombre-que-ataco-brutalmente-a-un-taxista-dejo-el-hospital-y-fue-llevado-a-la-carcel-esto-es-lo-que-dijo-al-salir\/\"},\"wordCount\":295,\"commentCount\":0,\"publisher\":{\"@id\":\"https:\/\/innoticiasbo.com\/#organization\"},\"image\":{\"@id\":\"https:\/\/innoticiasbo.com\/index.php\/2026\/03\/10\/hombre-que-ataco-brutalmente-a-un-taxista-dejo-el-hospital-y-fue-llevado-a-la-carcel-esto-es-lo-que-dijo-al-salir\/#primaryimage\"},\"thumbnailUrl\":\"https:\/\/i0.wp.com\/innoticiasbo.com\/wp-content\/uploads\/2026\/03\/image-127.png?fit=1280%2C545&ssl=1\",\"keywords\":[\"Cochabamba\",\"El Abra\",\"seguridad\",\"taxista\"],\"articleSection\":[\"Cochabamba\",\"Seguridad\"],\"inLanguage\":\"es\",\"potentialAction\":[{\"@type\":\"CommentAction\",\"name\":\"Comment\",\"target\":[\"https:\/\/innoticiasbo.com\/index.php\/2026\/03\/10\/hombre-que-ataco-brutalmente-a-un-taxista-dejo-el-hospital-y-fue-llevado-a-la-carcel-esto-es-lo-que-dijo-al-salir\/#respond\"]}]},{\"@type\":\"WebPage\",\"@id\":\"https:\/\/innoticiasbo.com\/index.php\/2026\/03\/10\/hombre-que-ataco-brutalmente-a-un-taxista-dejo-el-hospital-y-fue-llevado-a-la-carcel-esto-es-lo-que-dijo-al-salir\/\",\"url\":\"https:\/\/innoticiasbo.com\/index.php\/2026\/03\/10\/hombre-que-ataco-brutalmente-a-un-taxista-dejo-el-hospital-y-fue-llevado-a-la-carcel-esto-es-lo-que-dijo-al-salir\/\",\"name\":\"HOMBRE QUE ATAC\u00d3 BRUTALMENTE A UN TAXISTA DEJ\u00d3 EL HOSPITAL Y FUE LLEVADO A LA C\u00c1RCEL; ESTO ES LO QUE DIJO AL SALIR - innoticiasbo.com\",\"isPartOf\":{\"@id\":\"https:\/\/innoticiasbo.com\/#website\"},\"primaryImageOfPage\":{\"@id\":\"https:\/\/innoticiasbo.com\/index.php\/2026\/03\/10\/hombre-que-ataco-brutalmente-a-un-taxista-dejo-el-hospital-y-fue-llevado-a-la-carcel-esto-es-lo-que-dijo-al-salir\/#primaryimage\"},\"image\":{\"@id\":\"https:\/\/innoticiasbo.com\/index.php\/2026\/03\/10\/hombre-que-ataco-brutalmente-a-un-taxista-dejo-el-hospital-y-fue-llevado-a-la-carcel-esto-es-lo-que-dijo-al-salir\/#primaryimage\"},\"thumbnailUrl\":\"https:\/\/i0.wp.com\/innoticiasbo.com\/wp-content\/uploads\/2026\/03\/image-127.png?fit=1280%2C545&ssl=1\",\"datePublished\":\"2026-03-11T03:24:33+00:00\",\"dateModified\":\"2026-03-11T03:24:35+00:00\",\"breadcrumb\":{\"@id\":\"https:\/\/innoticiasbo.com\/index.php\/2026\/03\/10\/hombre-que-ataco-brutalmente-a-un-taxista-dejo-el-hospital-y-fue-llevado-a-la-carcel-esto-es-lo-que-dijo-al-salir\/#breadcrumb\"},\"inLanguage\":\"es\",\"potentialAction\":[{\"@type\":\"ReadAction\",\"target\":[\"https:\/\/innoticiasbo.com\/index.php\/2026\/03\/10\/hombre-que-ataco-brutalmente-a-un-taxista-dejo-el-hospital-y-fue-llevado-a-la-carcel-esto-es-lo-que-dijo-al-salir\/\"]}]},{\"@type\":\"ImageObject\",\"inLanguage\":\"es\",\"@id\":\"https:\/\/innoticiasbo.com\/index.php\/2026\/03\/10\/hombre-que-ataco-brutalmente-a-un-taxista-dejo-el-hospital-y-fue-llevado-a-la-carcel-esto-es-lo-que-dijo-al-salir\/#primaryimage\",\"url\":\"https:\/\/i0.wp.com\/innoticiasbo.com\/wp-content\/uploads\/2026\/03\/image-127.png?fit=1280%2C545&ssl=1\",\"contentUrl\":\"https:\/\/i0.wp.com\/innoticiasbo.com\/wp-content\/uploads\/2026\/03\/image-127.png?fit=1280%2C545&ssl=1\",\"width\":1280,\"height\":545},{\"@type\":\"BreadcrumbList\",\"@id\":\"https:\/\/innoticiasbo.com\/index.php\/2026\/03\/10\/hombre-que-ataco-brutalmente-a-un-taxista-dejo-el-hospital-y-fue-llevado-a-la-carcel-esto-es-lo-que-dijo-al-salir\/#breadcrumb\",\"itemListElement\":[{\"@type\":\"ListItem\",\"position\":1,\"name\":\"Portada\",\"item\":\"https:\/\/innoticiasbo.com\/\"},{\"@type\":\"ListItem\",\"position\":2,\"name\":\"HOMBRE QUE ATAC\u00d3 BRUTALMENTE A UN TAXISTA DEJ\u00d3 EL HOSPITAL Y FUE LLEVADO A LA C\u00c1RCEL; ESTO ES LO QUE DIJO AL SALIR\"}]},{\"@type\":\"WebSite\",\"@id\":\"https:\/\/innoticiasbo.com\/#website\",\"url\":\"https:\/\/innoticiasbo.com\/\",\"name\":\"innoticiasbo.com\",\"description\":\"\",\"publisher\":{\"@id\":\"https:\/\/innoticiasbo.com\/#organization\"},\"potentialAction\":[{\"@type\":\"SearchAction\",\"target\":{\"@type\":\"EntryPoint\",\"urlTemplate\":\"https:\/\/innoticiasbo.com\/?s={search_term_string}\"},\"query-input\":{\"@type\":\"PropertyValueSpecification\",\"valueRequired\":true,\"valueName\":\"search_term_string\"}}],\"inLanguage\":\"es\"},{\"@type\":\"Organization\",\"@id\":\"https:\/\/innoticiasbo.com\/#organization\",\"name\":\"innoticiasbo.com\",\"url\":\"https:\/\/innoticiasbo.com\/\",\"logo\":{\"@type\":\"ImageObject\",\"inLanguage\":\"es\",\"@id\":\"https:\/\/innoticiasbo.com\/#\/schema\/logo\/image\/\",\"url\":\"https:\/\/i0.wp.com\/innoticiasbo.com\/wp-content\/uploads\/2026\/04\/cropped-IN-LOGO.png?fit=1476%2C1476&ssl=1\",\"contentUrl\":\"https:\/\/i0.wp.com\/innoticiasbo.com\/wp-content\/uploads\/2026\/04\/cropped-IN-LOGO.png?fit=1476%2C1476&ssl=1\",\"width\":1476,\"height\":1476,\"caption\":\"innoticiasbo.com\"},\"image\":{\"@id\":\"https:\/\/innoticiasbo.com\/#\/schema\/logo\/image\/\"},\"sameAs\":[\"https:\/\/www.facebook.com\/innoticiasbolivia\",\"https:\/\/x.com\/innoticiasbo\",\"https:\/\/www.instagram.com\/innoticiasbo\",\"https:\/\/www.youtube.com\/innoticiasbo\"]},{\"@type\":\"Person\",\"@id\":\"https:\/\/innoticiasbo.com\/#\/schema\/person\/0b28481e8d0316f83a13bc702311def5\",\"name\":\"Prensa 11\",\"image\":{\"@type\":\"ImageObject\",\"inLanguage\":\"es\",\"@id\":\"https:\/\/innoticiasbo.com\/#\/schema\/person\/image\/\",\"url\":\"https:\/\/secure.gravatar.com\/avatar\/696560c17349f1807a610bf83832bad0?s=96&d=mm&r=g\",\"contentUrl\":\"https:\/\/secure.gravatar.com\/avatar\/696560c17349f1807a610bf83832bad0?s=96&d=mm&r=g\",\"caption\":\"Prensa 11\"},\"sameAs\":[\"http:\/\/www.innoticiasbo.com\"],\"url\":\"https:\/\/innoticiasbo.com\/index.php\/author\/prensa-11\/\"}]}<\/script>\n<!-- \/ Yoast SEO plugin. -->","yoast_head_json":{"title":"HOMBRE QUE ATAC\u00d3 BRUTALMENTE A UN TAXISTA DEJ\u00d3 EL HOSPITAL Y FUE LLEVADO A LA C\u00c1RCEL; ESTO ES LO QUE DIJO AL SALIR - innoticiasbo.com","robots":{"index":"index","follow":"follow","max-snippet":"max-snippet:-1","max-image-preview":"max-image-preview:large","max-video-preview":"max-video-preview:-1"},"canonical":"https:\/\/innoticiasbo.com\/index.php\/2026\/03\/10\/hombre-que-ataco-brutalmente-a-un-taxista-dejo-el-hospital-y-fue-llevado-a-la-carcel-esto-es-lo-que-dijo-al-salir\/","og_locale":"es_ES","og_type":"article","og_title":"HOMBRE QUE ATAC\u00d3 BRUTALMENTE A UN TAXISTA DEJ\u00d3 EL HOSPITAL Y FUE LLEVADO A LA C\u00c1RCEL; ESTO ES LO QUE DIJO AL SALIR - innoticiasbo.com","og_description":"Cochabamba, 10 de Marzo de 2026.- Marcelino R. E. y su pareja, Roc\u00edo F.V. fueron trasladados desde el hospital Viedma de Cochabamba y fueron llevados a recintos penitenciarios donde cumplir\u00e1n detenci\u00f3n preventiva por el violento atraco a un taxista en Vinto. \u201cEstoy arrepentido\u201d, dijo Marcelino mientras era trasladado del hospital al penal de El Abra,...","og_url":"https:\/\/innoticiasbo.com\/index.php\/2026\/03\/10\/hombre-que-ataco-brutalmente-a-un-taxista-dejo-el-hospital-y-fue-llevado-a-la-carcel-esto-es-lo-que-dijo-al-salir\/","og_site_name":"innoticiasbo.com","article_publisher":"https:\/\/www.facebook.com\/innoticiasbolivia","article_published_time":"2026-03-11T03:24:33+00:00","article_modified_time":"2026-03-11T03:24:35+00:00","og_image":[{"width":1280,"height":545,"url":"https:\/\/innoticiasbo.com\/wp-content\/uploads\/2026\/03\/image-127.png","type":"image\/png"}],"author":"Prensa 11","twitter_card":"summary_large_image","twitter_creator":"@innoticiasbo","twitter_site":"@innoticiasbo","twitter_misc":{"Escrito por":"Prensa 11","Tiempo de lectura":"2 minutos"},"schema":{"@context":"https:\/\/schema.org","@graph":[{"@type":"Article","@id":"https:\/\/innoticiasbo.com\/index.php\/2026\/03\/10\/hombre-que-ataco-brutalmente-a-un-taxista-dejo-el-hospital-y-fue-llevado-a-la-carcel-esto-es-lo-que-dijo-al-salir\/#article","isPartOf":{"@id":"https:\/\/innoticiasbo.com\/index.php\/2026\/03\/10\/hombre-que-ataco-brutalmente-a-un-taxista-dejo-el-hospital-y-fue-llevado-a-la-carcel-esto-es-lo-que-dijo-al-salir\/"},"author":{"name":"Prensa 11","@id":"https:\/\/innoticiasbo.com\/#\/schema\/person\/0b28481e8d0316f83a13bc702311def5"},"headline":"HOMBRE QUE ATAC\u00d3 BRUTALMENTE A UN TAXISTA DEJ\u00d3 EL HOSPITAL Y FUE LLEVADO A LA C\u00c1RCEL; ESTO ES LO QUE DIJO AL SALIR","datePublished":"2026-03-11T03:24:33+00:00","dateModified":"2026-03-11T03:24:35+00:00","mainEntityOfPage":{"@id":"https:\/\/innoticiasbo.com\/index.php\/2026\/03\/10\/hombre-que-ataco-brutalmente-a-un-taxista-dejo-el-hospital-y-fue-llevado-a-la-carcel-esto-es-lo-que-dijo-al-salir\/"},"wordCount":295,"commentCount":0,"publisher":{"@id":"https:\/\/innoticiasbo.com\/#organization"},"image":{"@id":"https:\/\/innoticiasbo.com\/index.php\/2026\/03\/10\/hombre-que-ataco-brutalmente-a-un-taxista-dejo-el-hospital-y-fue-llevado-a-la-carcel-esto-es-lo-que-dijo-al-salir\/#primaryimage"},"thumbnailUrl":"https:\/\/i0.wp.com\/innoticiasbo.com\/wp-content\/uploads\/2026\/03\/image-127.png?fit=1280%2C545&ssl=1","keywords":["Cochabamba","El Abra","seguridad","taxista"],"articleSection":["Cochabamba","Seguridad"],"inLanguage":"es","potentialAction":[{"@type":"CommentAction","name":"Comment","target":["https:\/\/innoticiasbo.com\/index.php\/2026\/03\/10\/hombre-que-ataco-brutalmente-a-un-taxista-dejo-el-hospital-y-fue-llevado-a-la-carcel-esto-es-lo-que-dijo-al-salir\/#respond"]}]},{"@type":"WebPage","@id":"https:\/\/innoticiasbo.com\/index.php\/2026\/03\/10\/hombre-que-ataco-brutalmente-a-un-taxista-dejo-el-hospital-y-fue-llevado-a-la-carcel-esto-es-lo-que-dijo-al-salir\/","url":"https:\/\/innoticiasbo.com\/index.php\/2026\/03\/10\/hombre-que-ataco-brutalmente-a-un-taxista-dejo-el-hospital-y-fue-llevado-a-la-carcel-esto-es-lo-que-dijo-al-salir\/","name":"HOMBRE QUE ATAC\u00d3 BRUTALMENTE A UN TAXISTA DEJ\u00d3 EL HOSPITAL Y FUE LLEVADO A LA C\u00c1RCEL; ESTO ES LO QUE DIJO AL SALIR - innoticiasbo.com","isPartOf":{"@id":"https:\/\/innoticiasbo.com\/#website"},"primaryImageOfPage":{"@id":"https:\/\/innoticiasbo.com\/index.php\/2026\/03\/10\/hombre-que-ataco-brutalmente-a-un-taxista-dejo-el-hospital-y-fue-llevado-a-la-carcel-esto-es-lo-que-dijo-al-salir\/#primaryimage"},"image":{"@id":"https:\/\/innoticiasbo.com\/index.php\/2026\/03\/10\/hombre-que-ataco-brutalmente-a-un-taxista-dejo-el-hospital-y-fue-llevado-a-la-carcel-esto-es-lo-que-dijo-al-salir\/#primaryimage"},"thumbnailUrl":"https:\/\/i0.wp.com\/innoticiasbo.com\/wp-content\/uploads\/2026\/03\/image-127.png?fit=1280%2C545&ssl=1","datePublished":"2026-03-11T03:24:33+00:00","dateModified":"2026-03-11T03:24:35+00:00","breadcrumb":{"@id":"https:\/\/innoticiasbo.com\/index.php\/2026\/03\/10\/hombre-que-ataco-brutalmente-a-un-taxista-dejo-el-hospital-y-fue-llevado-a-la-carcel-esto-es-lo-que-dijo-al-salir\/#breadcrumb"},"inLanguage":"es","potentialAction":[{"@type":"ReadAction","target":["https:\/\/innoticiasbo.com\/index.php\/2026\/03\/10\/hombre-que-ataco-brutalmente-a-un-taxista-dejo-el-hospital-y-fue-llevado-a-la-carcel-esto-es-lo-que-dijo-al-salir\/"]}]},{"@type":"ImageObject","inLanguage":"es","@id":"https:\/\/innoticiasbo.com\/index.php\/2026\/03\/10\/hombre-que-ataco-brutalmente-a-un-taxista-dejo-el-hospital-y-fue-llevado-a-la-carcel-esto-es-lo-que-dijo-al-salir\/#primaryimage","url":"https:\/\/i0.wp.com\/innoticiasbo.com\/wp-content\/uploads\/2026\/03\/image-127.png?fit=1280%2C545&ssl=1","contentUrl":"https:\/\/i0.wp.com\/innoticiasbo.com\/wp-content\/uploads\/2026\/03\/image-127.png?fit=1280%2C545&ssl=1","width":1280,"height":545},{"@type":"BreadcrumbList","@id":"https:\/\/innoticiasbo.com\/index.php\/2026\/03\/10\/hombre-que-ataco-brutalmente-a-un-taxista-dejo-el-hospital-y-fue-llevado-a-la-carcel-esto-es-lo-que-dijo-al-salir\/#breadcrumb","itemListElement":[{"@type":"ListItem","position":1,"name":"Portada","item":"https:\/\/innoticiasbo.com\/"},{"@type":"ListItem","position":2,"name":"HOMBRE QUE ATAC\u00d3 BRUTALMENTE A UN TAXISTA DEJ\u00d3 EL HOSPITAL Y FUE LLEVADO A LA C\u00c1RCEL; ESTO ES LO QUE DIJO AL SALIR"}]},{"@type":"WebSite","@id":"https:\/\/innoticiasbo.com\/#website","url":"https:\/\/innoticiasbo.com\/","name":"innoticiasbo.com","description":"","publisher":{"@id":"https:\/\/innoticiasbo.com\/#organization"},"potentialAction":[{"@type":"SearchAction","target":{"@type":"EntryPoint","urlTemplate":"https:\/\/innoticiasbo.com\/?s={search_term_string}"},"query-input":{"@type":"PropertyValueSpecification","valueRequired":true,"valueName":"search_term_string"}}],"inLanguage":"es"},{"@type":"Organization","@id":"https:\/\/innoticiasbo.com\/#organization","name":"innoticiasbo.com","url":"https:\/\/innoticiasbo.com\/","logo":{"@type":"ImageObject","inLanguage":"es","@id":"https:\/\/innoticiasbo.com\/#\/schema\/logo\/image\/","url":"https:\/\/i0.wp.com\/innoticiasbo.com\/wp-content\/uploads\/2026\/04\/cropped-IN-LOGO.png?fit=1476%2C1476&ssl=1","contentUrl":"https:\/\/i0.wp.com\/innoticiasbo.com\/wp-content\/uploads\/2026\/04\/cropped-IN-LOGO.png?fit=1476%2C1476&ssl=1","width":1476,"height":1476,"caption":"innoticiasbo.com"},"image":{"@id":"https:\/\/innoticiasbo.com\/#\/schema\/logo\/image\/"},"sameAs":["https:\/\/www.facebook.com\/innoticiasbolivia","https:\/\/x.com\/innoticiasbo","https:\/\/www.instagram.com\/innoticiasbo","https:\/\/www.youtube.com\/innoticiasbo"]},{"@type":"Person","@id":"https:\/\/innoticiasbo.com\/#\/schema\/person\/0b28481e8d0316f83a13bc702311def5","name":"Prensa 11","image":{"@type":"ImageObject","inLanguage":"es","@id":"https:\/\/innoticiasbo.com\/#\/schema\/person\/image\/","url":"https:\/\/secure.gravatar.com\/avatar\/696560c17349f1807a610bf83832bad0?s=96&d=mm&r=g","contentUrl":"https:\/\/secure.gravatar.com\/avatar\/696560c17349f1807a610bf83832bad0?s=96&d=mm&r=g","caption":"Prensa 11"},"sameAs":["http:\/\/www.innoticiasbo.com"],"url":"https:\/\/innoticiasbo.com\/index.php\/author\/prensa-11\/"}]}},"jetpack_featured_media_url":"https:\/\/i0.wp.com\/innoticiasbo.com\/wp-content\/uploads\/2026\/03\/image-127.png?fit=1280%2C545&ssl=1","jetpack_likes_enabled":true,"jetpack_sharing_enabled":true,"jetpack_shortlink":"https:\/\/wp.me\/pg298x-2rW","_links":{"self":[{"href":"https:\/\/innoticiasbo.com\/index.php\/wp-json\/wp\/v2\/posts\/9420","targetHints":{"allow":["GET"]}}],"collection":[{"href":"https:\/\/innoticiasbo.com\/index.php\/wp-json\/wp\/v2\/posts"}],"about":[{"href":"https:\/\/innoticiasbo.com\/index.php\/wp-json\/wp\/v2\/types\/post"}],"author":[{"embeddable":true,"href":"https:\/\/innoticiasbo.com\/index.php\/wp-json\/wp\/v2\/users\/11"}],"replies":[{"embeddable":true,"href":"https:\/\/innoticiasbo.com\/index.php\/wp-json\/wp\/v2\/comments?post=9420"}],"version-history":[{"count":1,"href":"https:\/\/innoticiasbo.com\/index.php\/wp-json\/wp\/v2\/posts\/9420\/revisions"}],"predecessor-version":[{"id":9422,"href":"https:\/\/innoticiasbo.com\/index.php\/wp-json\/wp\/v2\/posts\/9420\/revisions\/9422"}],"wp:featuredmedia":[{"embeddable":true,"href":"https:\/\/innoticiasbo.com\/index.php\/wp-json\/wp\/v2\/media\/9421"}],"wp:attachment":[{"href":"https:\/\/innoticiasbo.com\/index.php\/wp-json\/wp\/v2\/media?parent=9420"}],"wp:term":[{"taxonomy":"category","embeddable":true,"href":"https:\/\/innoticiasbo.com\/index.php\/wp-json\/wp\/v2\/categories?post=9420"},{"taxonomy":"post_tag","embeddable":true,"href":"https:\/\/innoticiasbo.com\/index.php\/wp-json\/wp\/v2\/tags?post=9420"}],"curies":[{"name":"wp","href":"https:\/\/api.w.org\/{rel}","templated":true}]}}