{"id":9417,"date":"2026-03-10T23:01:09","date_gmt":"2026-03-11T03:01:09","guid":{"rendered":"https:\/\/innoticiasbo.com\/?p=9417"},"modified":"2026-03-10T23:01:11","modified_gmt":"2026-03-11T03:01:11","slug":"en-santa-cruz-banca-regional-evalua-su-capacidad-de-respuesta-ante-choques-adversos-y-tensiones-economicas","status":"publish","type":"post","link":"https:\/\/innoticiasbo.com\/index.php\/2026\/03\/10\/en-santa-cruz-banca-regional-evalua-su-capacidad-de-respuesta-ante-choques-adversos-y-tensiones-economicas\/","title":{"rendered":"EN SANTA CRUZ, BANCA REGIONAL EVAL\u00daA SU CAPACIDAD DE RESPUESTA ANTE CHOQUES ADVERSOS Y TENSIONES ECON\u00d3MICAS"},"content":{"rendered":"\n<figure class=\"wp-block-image size-large\"><img data-recalc-dims=\"1\" loading=\"lazy\" decoding=\"async\" width=\"640\" height=\"273\" src=\"https:\/\/i0.wp.com\/innoticiasbo.com\/wp-content\/uploads\/2026\/03\/image-126.png?resize=640%2C273&#038;ssl=1\" alt=\"\" class=\"wp-image-9418\" srcset=\"https:\/\/i0.wp.com\/innoticiasbo.com\/wp-content\/uploads\/2026\/03\/image-126.png?resize=1024%2C436&amp;ssl=1 1024w, https:\/\/i0.wp.com\/innoticiasbo.com\/wp-content\/uploads\/2026\/03\/image-126.png?resize=300%2C128&amp;ssl=1 300w, https:\/\/i0.wp.com\/innoticiasbo.com\/wp-content\/uploads\/2026\/03\/image-126.png?resize=768%2C327&amp;ssl=1 768w, https:\/\/i0.wp.com\/innoticiasbo.com\/wp-content\/uploads\/2026\/03\/image-126.png?w=1280&amp;ssl=1 1280w\" sizes=\"auto, (max-width: 640px) 100vw, 640px\" \/><\/figure>\n\n\n\n<p><strong>Santa Cruz, 10 de Marzo de 2026.- <\/strong>\u201cLa elecci\u00f3n de Santa Cruz de la Sierra como sede respondi\u00f3 a su creciente relevancia econ\u00f3mica y su papel como punto de encuentro para el di\u00e1logo empresarial y financiero en la regi\u00f3n\u201d, reza el reporte de Felaban<\/p>\n\n\n\n<p>En Santa Cruz de la Sierra, representantes de la banca latinoamericana evaluaron qu\u00e9 tan preparado est\u00e1 el sistema financiero regional para enfrentar choques adversos, presiones inflacionarias y episodios de volatilidad en los mercados, an\u00e1lisis que se dio en el marco de las primeras reuniones estatutarias de 2026 de la Federaci\u00f3n Latinoamericana de Bancos (Felaban).<\/p>\n\n\n\n<p>El encuentro, realizado el 9 y 10 de marzo, reuni\u00f3 a l\u00edderes del sector para evaluar riesgos, revisar la coordinaci\u00f3n regional y discutir c\u00f3mo responder ante escenarios de tensi\u00f3n econ\u00f3mica, congregando a delegaciones de 17 asociaciones bancarias de la regi\u00f3n.<\/p>\n\n\n\n<p>En ese contexto, el presidente de Felaban, Ra\u00fal E. Guizado, advirti\u00f3 que el sistema financiero regional opera en un escenario internacional todav\u00eda marcado por la incertidumbre, seg\u00fan un reporte institucional difundido este martes.<\/p>\n\n\n\n<p>\u201cTodav\u00eda est\u00e1 por verse cu\u00e1l ser\u00e1 su reacci\u00f3n ante choques adversos de cartera o de turbulencias de liquidez en los mercados financieros mundiales. Se tendr\u00e1n en cuenta su posici\u00f3n de capital, su capacidad para obtener liquidez fresca en mercados cada vez m\u00e1s competitivos, as\u00ed como la lectura de las necesidades del cliente en situaciones de tensi\u00f3n, desempleo, ingresos fluctuantes y presiones inflacionarias\u201d, sostuvo el ejecutivo.<\/p>\n\n\n\n<p>Las jornadas fueron organizadas por Felaban junto con la Asociaci\u00f3n de Bancos Privados de Bolivia (Asoban), y sirvieron tambi\u00e9n para revisar reportes t\u00e9cnicos, evaluar iniciativas regionales y analizar las perspectivas econ\u00f3micas que marcar\u00e1n el desempe\u00f1o de la banca latinoamericana durante 2026.<\/p>\n\n\n\n<p>El presidente de asoban y primer vicepresidente del Consejo de Gobernadores de Felaban, Ronald Guti\u00e9rrez, destac\u00f3 el valor del encuentro para reforzar la cooperaci\u00f3n entre los sistemas financieros de la regi\u00f3n.<\/p>\n\n\n\n<p>\u201cEste encuentro refleja la importancia del di\u00e1logo regional para fortalecer la estabilidad, la innovaci\u00f3n y la cooperaci\u00f3n entre nuestros sistemas financieros\u201d, expres\u00f3 el ejecutivo de Asoban.<\/p>\n\n\n\n<p>La agenda incluy\u00f3 adem\u00e1s la participaci\u00f3n del ministro de Econom\u00eda y Finanzas P\u00fablicas de Bolivia, Jos\u00e9 Gabriel Espinoza, quien intervino como invitado especial y destac\u00f3 el papel del sistema financiero en la din\u00e1mica econ\u00f3mica del pa\u00eds.<\/p>\n\n\n\n<p>\u201cEl sistema financiero es un aliado fundamental para impulsar el crecimiento, la inversi\u00f3n y la inclusi\u00f3n en nuestro pa\u00eds (\u2026) La coordinaci\u00f3n con el sector financiero y con instancias regionales como Felaban ser\u00e1 clave para enfrentar los desaf\u00edos del nuevo contexto econ\u00f3mico\u201d, resalt\u00f3 el ministro.<\/p>\n\n\n\n<p>Fuente: Unitel<\/p>\n","protected":false},"excerpt":{"rendered":"<p>Santa Cruz, 10 de Marzo de 2026.- \u201cLa elecci\u00f3n de Santa Cruz de la Sierra como sede respondi\u00f3 a su creciente relevancia econ\u00f3mica y su papel como punto de encuentro para el di\u00e1logo empresarial y financiero en la regi\u00f3n\u201d, reza el reporte de Felaban En Santa Cruz de la Sierra, representantes de la banca latinoamericana&#8230;<\/p>\n","protected":false},"author":11,"featured_media":9418,"comment_status":"open","ping_status":"open","sticky":false,"template":"","format":"standard","meta":{"_jetpack_memberships_contains_paid_content":false,"footnotes":"","jetpack_publicize_message":"","jetpack_publicize_feature_enabled":true,"jetpack_social_post_already_shared":true,"jetpack_social_options":{"image_generator_settings":{"template":"highway","enabled":false},"version":2}},"categories":[16],"tags":[1401,1404,18,1403,167,1402],"class_list":["post-9417","post","type-post","status-publish","format-standard","has-post-thumbnail","hentry","category-economia","tag-asoban","tag-banco-regional","tag-economia","tag-feleban","tag-santa-cruz","tag-sector-financiero"],"jetpack_publicize_connections":[],"yoast_head":"<!-- This site is optimized with the Yoast SEO plugin v23.4 - https:\/\/yoast.com\/wordpress\/plugins\/seo\/ -->\n<title>EN SANTA CRUZ, BANCA REGIONAL EVAL\u00daA SU CAPACIDAD DE RESPUESTA ANTE CHOQUES ADVERSOS Y TENSIONES ECON\u00d3MICAS - innoticiasbo.com<\/title>\n<meta name=\"robots\" content=\"index, follow, max-snippet:-1, max-image-preview:large, max-video-preview:-1\" \/>\n<link rel=\"canonical\" href=\"https:\/\/innoticiasbo.com\/index.php\/2026\/03\/10\/en-santa-cruz-banca-regional-evalua-su-capacidad-de-respuesta-ante-choques-adversos-y-tensiones-economicas\/\" \/>\n<meta property=\"og:locale\" content=\"es_ES\" \/>\n<meta property=\"og:type\" content=\"article\" \/>\n<meta property=\"og:title\" content=\"EN SANTA CRUZ, BANCA REGIONAL EVAL\u00daA SU CAPACIDAD DE RESPUESTA ANTE CHOQUES ADVERSOS Y TENSIONES ECON\u00d3MICAS - innoticiasbo.com\" \/>\n<meta property=\"og:description\" content=\"Santa Cruz, 10 de Marzo de 2026.- \u201cLa elecci\u00f3n de Santa Cruz de la Sierra como sede respondi\u00f3 a su creciente relevancia econ\u00f3mica y su papel como punto de encuentro para el di\u00e1logo empresarial y financiero en la regi\u00f3n\u201d, reza el reporte de Felaban En Santa Cruz de la Sierra, representantes de la banca latinoamericana...\" \/>\n<meta property=\"og:url\" content=\"https:\/\/innoticiasbo.com\/index.php\/2026\/03\/10\/en-santa-cruz-banca-regional-evalua-su-capacidad-de-respuesta-ante-choques-adversos-y-tensiones-economicas\/\" \/>\n<meta property=\"og:site_name\" content=\"innoticiasbo.com\" \/>\n<meta property=\"article:publisher\" content=\"https:\/\/www.facebook.com\/innoticiasbolivia\" \/>\n<meta property=\"article:published_time\" content=\"2026-03-11T03:01:09+00:00\" \/>\n<meta property=\"article:modified_time\" content=\"2026-03-11T03:01:11+00:00\" \/>\n<meta property=\"og:image\" content=\"https:\/\/innoticiasbo.com\/wp-content\/uploads\/2026\/03\/image-126.png\" \/>\n\t<meta property=\"og:image:width\" content=\"1280\" \/>\n\t<meta property=\"og:image:height\" content=\"545\" \/>\n\t<meta property=\"og:image:type\" content=\"image\/png\" \/>\n<meta name=\"author\" content=\"Prensa 11\" \/>\n<meta name=\"twitter:card\" content=\"summary_large_image\" \/>\n<meta name=\"twitter:creator\" content=\"@innoticiasbo\" \/>\n<meta name=\"twitter:site\" content=\"@innoticiasbo\" \/>\n<meta name=\"twitter:label1\" content=\"Escrito por\" \/>\n\t<meta name=\"twitter:data1\" content=\"Prensa 11\" \/>\n\t<meta name=\"twitter:label2\" content=\"Tiempo de lectura\" \/>\n\t<meta name=\"twitter:data2\" content=\"3 minutos\" \/>\n<script type=\"application\/ld+json\" class=\"yoast-schema-graph\">{\"@context\":\"https:\/\/schema.org\",\"@graph\":[{\"@type\":\"Article\",\"@id\":\"https:\/\/innoticiasbo.com\/index.php\/2026\/03\/10\/en-santa-cruz-banca-regional-evalua-su-capacidad-de-respuesta-ante-choques-adversos-y-tensiones-economicas\/#article\",\"isPartOf\":{\"@id\":\"https:\/\/innoticiasbo.com\/index.php\/2026\/03\/10\/en-santa-cruz-banca-regional-evalua-su-capacidad-de-respuesta-ante-choques-adversos-y-tensiones-economicas\/\"},\"author\":{\"name\":\"Prensa 11\",\"@id\":\"https:\/\/innoticiasbo.com\/#\/schema\/person\/0b28481e8d0316f83a13bc702311def5\"},\"headline\":\"EN SANTA CRUZ, BANCA REGIONAL EVAL\u00daA SU CAPACIDAD DE RESPUESTA ANTE CHOQUES ADVERSOS Y TENSIONES ECON\u00d3MICAS\",\"datePublished\":\"2026-03-11T03:01:09+00:00\",\"dateModified\":\"2026-03-11T03:01:11+00:00\",\"mainEntityOfPage\":{\"@id\":\"https:\/\/innoticiasbo.com\/index.php\/2026\/03\/10\/en-santa-cruz-banca-regional-evalua-su-capacidad-de-respuesta-ante-choques-adversos-y-tensiones-economicas\/\"},\"wordCount\":475,\"commentCount\":0,\"publisher\":{\"@id\":\"https:\/\/innoticiasbo.com\/#organization\"},\"image\":{\"@id\":\"https:\/\/innoticiasbo.com\/index.php\/2026\/03\/10\/en-santa-cruz-banca-regional-evalua-su-capacidad-de-respuesta-ante-choques-adversos-y-tensiones-economicas\/#primaryimage\"},\"thumbnailUrl\":\"https:\/\/i0.wp.com\/innoticiasbo.com\/wp-content\/uploads\/2026\/03\/image-126.png?fit=1280%2C545&ssl=1\",\"keywords\":[\"ASOBAN\",\"Banco regional\",\"econom\u00eda\",\"FELEBAN\",\"Santa Cruz\",\"Sector Financiero\"],\"articleSection\":[\"Econom\u00eda\"],\"inLanguage\":\"es\",\"potentialAction\":[{\"@type\":\"CommentAction\",\"name\":\"Comment\",\"target\":[\"https:\/\/innoticiasbo.com\/index.php\/2026\/03\/10\/en-santa-cruz-banca-regional-evalua-su-capacidad-de-respuesta-ante-choques-adversos-y-tensiones-economicas\/#respond\"]}]},{\"@type\":\"WebPage\",\"@id\":\"https:\/\/innoticiasbo.com\/index.php\/2026\/03\/10\/en-santa-cruz-banca-regional-evalua-su-capacidad-de-respuesta-ante-choques-adversos-y-tensiones-economicas\/\",\"url\":\"https:\/\/innoticiasbo.com\/index.php\/2026\/03\/10\/en-santa-cruz-banca-regional-evalua-su-capacidad-de-respuesta-ante-choques-adversos-y-tensiones-economicas\/\",\"name\":\"EN SANTA CRUZ, BANCA REGIONAL EVAL\u00daA SU CAPACIDAD DE RESPUESTA ANTE CHOQUES ADVERSOS Y TENSIONES ECON\u00d3MICAS - innoticiasbo.com\",\"isPartOf\":{\"@id\":\"https:\/\/innoticiasbo.com\/#website\"},\"primaryImageOfPage\":{\"@id\":\"https:\/\/innoticiasbo.com\/index.php\/2026\/03\/10\/en-santa-cruz-banca-regional-evalua-su-capacidad-de-respuesta-ante-choques-adversos-y-tensiones-economicas\/#primaryimage\"},\"image\":{\"@id\":\"https:\/\/innoticiasbo.com\/index.php\/2026\/03\/10\/en-santa-cruz-banca-regional-evalua-su-capacidad-de-respuesta-ante-choques-adversos-y-tensiones-economicas\/#primaryimage\"},\"thumbnailUrl\":\"https:\/\/i0.wp.com\/innoticiasbo.com\/wp-content\/uploads\/2026\/03\/image-126.png?fit=1280%2C545&ssl=1\",\"datePublished\":\"2026-03-11T03:01:09+00:00\",\"dateModified\":\"2026-03-11T03:01:11+00:00\",\"breadcrumb\":{\"@id\":\"https:\/\/innoticiasbo.com\/index.php\/2026\/03\/10\/en-santa-cruz-banca-regional-evalua-su-capacidad-de-respuesta-ante-choques-adversos-y-tensiones-economicas\/#breadcrumb\"},\"inLanguage\":\"es\",\"potentialAction\":[{\"@type\":\"ReadAction\",\"target\":[\"https:\/\/innoticiasbo.com\/index.php\/2026\/03\/10\/en-santa-cruz-banca-regional-evalua-su-capacidad-de-respuesta-ante-choques-adversos-y-tensiones-economicas\/\"]}]},{\"@type\":\"ImageObject\",\"inLanguage\":\"es\",\"@id\":\"https:\/\/innoticiasbo.com\/index.php\/2026\/03\/10\/en-santa-cruz-banca-regional-evalua-su-capacidad-de-respuesta-ante-choques-adversos-y-tensiones-economicas\/#primaryimage\",\"url\":\"https:\/\/i0.wp.com\/innoticiasbo.com\/wp-content\/uploads\/2026\/03\/image-126.png?fit=1280%2C545&ssl=1\",\"contentUrl\":\"https:\/\/i0.wp.com\/innoticiasbo.com\/wp-content\/uploads\/2026\/03\/image-126.png?fit=1280%2C545&ssl=1\",\"width\":1280,\"height\":545},{\"@type\":\"BreadcrumbList\",\"@id\":\"https:\/\/innoticiasbo.com\/index.php\/2026\/03\/10\/en-santa-cruz-banca-regional-evalua-su-capacidad-de-respuesta-ante-choques-adversos-y-tensiones-economicas\/#breadcrumb\",\"itemListElement\":[{\"@type\":\"ListItem\",\"position\":1,\"name\":\"Portada\",\"item\":\"https:\/\/innoticiasbo.com\/\"},{\"@type\":\"ListItem\",\"position\":2,\"name\":\"EN SANTA CRUZ, BANCA REGIONAL EVAL\u00daA SU CAPACIDAD DE RESPUESTA ANTE CHOQUES ADVERSOS Y TENSIONES ECON\u00d3MICAS\"}]},{\"@type\":\"WebSite\",\"@id\":\"https:\/\/innoticiasbo.com\/#website\",\"url\":\"https:\/\/innoticiasbo.com\/\",\"name\":\"innoticiasbo.com\",\"description\":\"\",\"publisher\":{\"@id\":\"https:\/\/innoticiasbo.com\/#organization\"},\"potentialAction\":[{\"@type\":\"SearchAction\",\"target\":{\"@type\":\"EntryPoint\",\"urlTemplate\":\"https:\/\/innoticiasbo.com\/?s={search_term_string}\"},\"query-input\":{\"@type\":\"PropertyValueSpecification\",\"valueRequired\":true,\"valueName\":\"search_term_string\"}}],\"inLanguage\":\"es\"},{\"@type\":\"Organization\",\"@id\":\"https:\/\/innoticiasbo.com\/#organization\",\"name\":\"innoticiasbo.com\",\"url\":\"https:\/\/innoticiasbo.com\/\",\"logo\":{\"@type\":\"ImageObject\",\"inLanguage\":\"es\",\"@id\":\"https:\/\/innoticiasbo.com\/#\/schema\/logo\/image\/\",\"url\":\"https:\/\/i0.wp.com\/innoticiasbo.com\/wp-content\/uploads\/2026\/04\/cropped-IN-LOGO.png?fit=1476%2C1476&ssl=1\",\"contentUrl\":\"https:\/\/i0.wp.com\/innoticiasbo.com\/wp-content\/uploads\/2026\/04\/cropped-IN-LOGO.png?fit=1476%2C1476&ssl=1\",\"width\":1476,\"height\":1476,\"caption\":\"innoticiasbo.com\"},\"image\":{\"@id\":\"https:\/\/innoticiasbo.com\/#\/schema\/logo\/image\/\"},\"sameAs\":[\"https:\/\/www.facebook.com\/innoticiasbolivia\",\"https:\/\/x.com\/innoticiasbo\",\"https:\/\/www.instagram.com\/innoticiasbo\",\"https:\/\/www.youtube.com\/innoticiasbo\"]},{\"@type\":\"Person\",\"@id\":\"https:\/\/innoticiasbo.com\/#\/schema\/person\/0b28481e8d0316f83a13bc702311def5\",\"name\":\"Prensa 11\",\"image\":{\"@type\":\"ImageObject\",\"inLanguage\":\"es\",\"@id\":\"https:\/\/innoticiasbo.com\/#\/schema\/person\/image\/\",\"url\":\"https:\/\/secure.gravatar.com\/avatar\/696560c17349f1807a610bf83832bad0?s=96&d=mm&r=g\",\"contentUrl\":\"https:\/\/secure.gravatar.com\/avatar\/696560c17349f1807a610bf83832bad0?s=96&d=mm&r=g\",\"caption\":\"Prensa 11\"},\"sameAs\":[\"http:\/\/www.innoticiasbo.com\"],\"url\":\"https:\/\/innoticiasbo.com\/index.php\/author\/prensa-11\/\"}]}<\/script>\n<!-- \/ Yoast SEO plugin. -->","yoast_head_json":{"title":"EN SANTA CRUZ, BANCA REGIONAL EVAL\u00daA SU CAPACIDAD DE RESPUESTA ANTE CHOQUES ADVERSOS Y TENSIONES ECON\u00d3MICAS - innoticiasbo.com","robots":{"index":"index","follow":"follow","max-snippet":"max-snippet:-1","max-image-preview":"max-image-preview:large","max-video-preview":"max-video-preview:-1"},"canonical":"https:\/\/innoticiasbo.com\/index.php\/2026\/03\/10\/en-santa-cruz-banca-regional-evalua-su-capacidad-de-respuesta-ante-choques-adversos-y-tensiones-economicas\/","og_locale":"es_ES","og_type":"article","og_title":"EN SANTA CRUZ, BANCA REGIONAL EVAL\u00daA SU CAPACIDAD DE RESPUESTA ANTE CHOQUES ADVERSOS Y TENSIONES ECON\u00d3MICAS - innoticiasbo.com","og_description":"Santa Cruz, 10 de Marzo de 2026.- \u201cLa elecci\u00f3n de Santa Cruz de la Sierra como sede respondi\u00f3 a su creciente relevancia econ\u00f3mica y su papel como punto de encuentro para el di\u00e1logo empresarial y financiero en la regi\u00f3n\u201d, reza el reporte de Felaban En Santa Cruz de la Sierra, representantes de la banca latinoamericana...","og_url":"https:\/\/innoticiasbo.com\/index.php\/2026\/03\/10\/en-santa-cruz-banca-regional-evalua-su-capacidad-de-respuesta-ante-choques-adversos-y-tensiones-economicas\/","og_site_name":"innoticiasbo.com","article_publisher":"https:\/\/www.facebook.com\/innoticiasbolivia","article_published_time":"2026-03-11T03:01:09+00:00","article_modified_time":"2026-03-11T03:01:11+00:00","og_image":[{"width":1280,"height":545,"url":"https:\/\/innoticiasbo.com\/wp-content\/uploads\/2026\/03\/image-126.png","type":"image\/png"}],"author":"Prensa 11","twitter_card":"summary_large_image","twitter_creator":"@innoticiasbo","twitter_site":"@innoticiasbo","twitter_misc":{"Escrito por":"Prensa 11","Tiempo de lectura":"3 minutos"},"schema":{"@context":"https:\/\/schema.org","@graph":[{"@type":"Article","@id":"https:\/\/innoticiasbo.com\/index.php\/2026\/03\/10\/en-santa-cruz-banca-regional-evalua-su-capacidad-de-respuesta-ante-choques-adversos-y-tensiones-economicas\/#article","isPartOf":{"@id":"https:\/\/innoticiasbo.com\/index.php\/2026\/03\/10\/en-santa-cruz-banca-regional-evalua-su-capacidad-de-respuesta-ante-choques-adversos-y-tensiones-economicas\/"},"author":{"name":"Prensa 11","@id":"https:\/\/innoticiasbo.com\/#\/schema\/person\/0b28481e8d0316f83a13bc702311def5"},"headline":"EN SANTA CRUZ, BANCA REGIONAL EVAL\u00daA SU CAPACIDAD DE RESPUESTA ANTE CHOQUES ADVERSOS Y TENSIONES ECON\u00d3MICAS","datePublished":"2026-03-11T03:01:09+00:00","dateModified":"2026-03-11T03:01:11+00:00","mainEntityOfPage":{"@id":"https:\/\/innoticiasbo.com\/index.php\/2026\/03\/10\/en-santa-cruz-banca-regional-evalua-su-capacidad-de-respuesta-ante-choques-adversos-y-tensiones-economicas\/"},"wordCount":475,"commentCount":0,"publisher":{"@id":"https:\/\/innoticiasbo.com\/#organization"},"image":{"@id":"https:\/\/innoticiasbo.com\/index.php\/2026\/03\/10\/en-santa-cruz-banca-regional-evalua-su-capacidad-de-respuesta-ante-choques-adversos-y-tensiones-economicas\/#primaryimage"},"thumbnailUrl":"https:\/\/i0.wp.com\/innoticiasbo.com\/wp-content\/uploads\/2026\/03\/image-126.png?fit=1280%2C545&ssl=1","keywords":["ASOBAN","Banco regional","econom\u00eda","FELEBAN","Santa Cruz","Sector Financiero"],"articleSection":["Econom\u00eda"],"inLanguage":"es","potentialAction":[{"@type":"CommentAction","name":"Comment","target":["https:\/\/innoticiasbo.com\/index.php\/2026\/03\/10\/en-santa-cruz-banca-regional-evalua-su-capacidad-de-respuesta-ante-choques-adversos-y-tensiones-economicas\/#respond"]}]},{"@type":"WebPage","@id":"https:\/\/innoticiasbo.com\/index.php\/2026\/03\/10\/en-santa-cruz-banca-regional-evalua-su-capacidad-de-respuesta-ante-choques-adversos-y-tensiones-economicas\/","url":"https:\/\/innoticiasbo.com\/index.php\/2026\/03\/10\/en-santa-cruz-banca-regional-evalua-su-capacidad-de-respuesta-ante-choques-adversos-y-tensiones-economicas\/","name":"EN SANTA CRUZ, BANCA REGIONAL EVAL\u00daA SU CAPACIDAD DE RESPUESTA ANTE CHOQUES ADVERSOS Y TENSIONES ECON\u00d3MICAS - innoticiasbo.com","isPartOf":{"@id":"https:\/\/innoticiasbo.com\/#website"},"primaryImageOfPage":{"@id":"https:\/\/innoticiasbo.com\/index.php\/2026\/03\/10\/en-santa-cruz-banca-regional-evalua-su-capacidad-de-respuesta-ante-choques-adversos-y-tensiones-economicas\/#primaryimage"},"image":{"@id":"https:\/\/innoticiasbo.com\/index.php\/2026\/03\/10\/en-santa-cruz-banca-regional-evalua-su-capacidad-de-respuesta-ante-choques-adversos-y-tensiones-economicas\/#primaryimage"},"thumbnailUrl":"https:\/\/i0.wp.com\/innoticiasbo.com\/wp-content\/uploads\/2026\/03\/image-126.png?fit=1280%2C545&ssl=1","datePublished":"2026-03-11T03:01:09+00:00","dateModified":"2026-03-11T03:01:11+00:00","breadcrumb":{"@id":"https:\/\/innoticiasbo.com\/index.php\/2026\/03\/10\/en-santa-cruz-banca-regional-evalua-su-capacidad-de-respuesta-ante-choques-adversos-y-tensiones-economicas\/#breadcrumb"},"inLanguage":"es","potentialAction":[{"@type":"ReadAction","target":["https:\/\/innoticiasbo.com\/index.php\/2026\/03\/10\/en-santa-cruz-banca-regional-evalua-su-capacidad-de-respuesta-ante-choques-adversos-y-tensiones-economicas\/"]}]},{"@type":"ImageObject","inLanguage":"es","@id":"https:\/\/innoticiasbo.com\/index.php\/2026\/03\/10\/en-santa-cruz-banca-regional-evalua-su-capacidad-de-respuesta-ante-choques-adversos-y-tensiones-economicas\/#primaryimage","url":"https:\/\/i0.wp.com\/innoticiasbo.com\/wp-content\/uploads\/2026\/03\/image-126.png?fit=1280%2C545&ssl=1","contentUrl":"https:\/\/i0.wp.com\/innoticiasbo.com\/wp-content\/uploads\/2026\/03\/image-126.png?fit=1280%2C545&ssl=1","width":1280,"height":545},{"@type":"BreadcrumbList","@id":"https:\/\/innoticiasbo.com\/index.php\/2026\/03\/10\/en-santa-cruz-banca-regional-evalua-su-capacidad-de-respuesta-ante-choques-adversos-y-tensiones-economicas\/#breadcrumb","itemListElement":[{"@type":"ListItem","position":1,"name":"Portada","item":"https:\/\/innoticiasbo.com\/"},{"@type":"ListItem","position":2,"name":"EN SANTA CRUZ, BANCA REGIONAL EVAL\u00daA SU CAPACIDAD DE RESPUESTA ANTE CHOQUES ADVERSOS Y TENSIONES ECON\u00d3MICAS"}]},{"@type":"WebSite","@id":"https:\/\/innoticiasbo.com\/#website","url":"https:\/\/innoticiasbo.com\/","name":"innoticiasbo.com","description":"","publisher":{"@id":"https:\/\/innoticiasbo.com\/#organization"},"potentialAction":[{"@type":"SearchAction","target":{"@type":"EntryPoint","urlTemplate":"https:\/\/innoticiasbo.com\/?s={search_term_string}"},"query-input":{"@type":"PropertyValueSpecification","valueRequired":true,"valueName":"search_term_string"}}],"inLanguage":"es"},{"@type":"Organization","@id":"https:\/\/innoticiasbo.com\/#organization","name":"innoticiasbo.com","url":"https:\/\/innoticiasbo.com\/","logo":{"@type":"ImageObject","inLanguage":"es","@id":"https:\/\/innoticiasbo.com\/#\/schema\/logo\/image\/","url":"https:\/\/i0.wp.com\/innoticiasbo.com\/wp-content\/uploads\/2026\/04\/cropped-IN-LOGO.png?fit=1476%2C1476&ssl=1","contentUrl":"https:\/\/i0.wp.com\/innoticiasbo.com\/wp-content\/uploads\/2026\/04\/cropped-IN-LOGO.png?fit=1476%2C1476&ssl=1","width":1476,"height":1476,"caption":"innoticiasbo.com"},"image":{"@id":"https:\/\/innoticiasbo.com\/#\/schema\/logo\/image\/"},"sameAs":["https:\/\/www.facebook.com\/innoticiasbolivia","https:\/\/x.com\/innoticiasbo","https:\/\/www.instagram.com\/innoticiasbo","https:\/\/www.youtube.com\/innoticiasbo"]},{"@type":"Person","@id":"https:\/\/innoticiasbo.com\/#\/schema\/person\/0b28481e8d0316f83a13bc702311def5","name":"Prensa 11","image":{"@type":"ImageObject","inLanguage":"es","@id":"https:\/\/innoticiasbo.com\/#\/schema\/person\/image\/","url":"https:\/\/secure.gravatar.com\/avatar\/696560c17349f1807a610bf83832bad0?s=96&d=mm&r=g","contentUrl":"https:\/\/secure.gravatar.com\/avatar\/696560c17349f1807a610bf83832bad0?s=96&d=mm&r=g","caption":"Prensa 11"},"sameAs":["http:\/\/www.innoticiasbo.com"],"url":"https:\/\/innoticiasbo.com\/index.php\/author\/prensa-11\/"}]}},"jetpack_featured_media_url":"https:\/\/i0.wp.com\/innoticiasbo.com\/wp-content\/uploads\/2026\/03\/image-126.png?fit=1280%2C545&ssl=1","jetpack_likes_enabled":true,"jetpack_sharing_enabled":true,"jetpack_shortlink":"https:\/\/wp.me\/pg298x-2rT","_links":{"self":[{"href":"https:\/\/innoticiasbo.com\/index.php\/wp-json\/wp\/v2\/posts\/9417","targetHints":{"allow":["GET"]}}],"collection":[{"href":"https:\/\/innoticiasbo.com\/index.php\/wp-json\/wp\/v2\/posts"}],"about":[{"href":"https:\/\/innoticiasbo.com\/index.php\/wp-json\/wp\/v2\/types\/post"}],"author":[{"embeddable":true,"href":"https:\/\/innoticiasbo.com\/index.php\/wp-json\/wp\/v2\/users\/11"}],"replies":[{"embeddable":true,"href":"https:\/\/innoticiasbo.com\/index.php\/wp-json\/wp\/v2\/comments?post=9417"}],"version-history":[{"count":1,"href":"https:\/\/innoticiasbo.com\/index.php\/wp-json\/wp\/v2\/posts\/9417\/revisions"}],"predecessor-version":[{"id":9419,"href":"https:\/\/innoticiasbo.com\/index.php\/wp-json\/wp\/v2\/posts\/9417\/revisions\/9419"}],"wp:featuredmedia":[{"embeddable":true,"href":"https:\/\/innoticiasbo.com\/index.php\/wp-json\/wp\/v2\/media\/9418"}],"wp:attachment":[{"href":"https:\/\/innoticiasbo.com\/index.php\/wp-json\/wp\/v2\/media?parent=9417"}],"wp:term":[{"taxonomy":"category","embeddable":true,"href":"https:\/\/innoticiasbo.com\/index.php\/wp-json\/wp\/v2\/categories?post=9417"},{"taxonomy":"post_tag","embeddable":true,"href":"https:\/\/innoticiasbo.com\/index.php\/wp-json\/wp\/v2\/tags?post=9417"}],"curies":[{"name":"wp","href":"https:\/\/api.w.org\/{rel}","templated":true}]}}