{"id":9414,"date":"2026-03-10T22:41:32","date_gmt":"2026-03-11T02:41:32","guid":{"rendered":"https:\/\/innoticiasbo.com\/?p=9414"},"modified":"2026-03-10T22:41:34","modified_gmt":"2026-03-11T02:41:34","slug":"continua-la-busqueda-de-un-pescador-desaparecido-en-colpa-belgica","status":"publish","type":"post","link":"https:\/\/innoticiasbo.com\/index.php\/2026\/03\/10\/continua-la-busqueda-de-un-pescador-desaparecido-en-colpa-belgica\/","title":{"rendered":"CONTIN\u00daA LA B\u00daSQUEDA DE UN PESCADOR DESAPARECIDO EN COLPA B\u00c9LGICA"},"content":{"rendered":"\n<figure class=\"wp-block-image size-full\"><img data-recalc-dims=\"1\" loading=\"lazy\" decoding=\"async\" width=\"640\" height=\"360\" src=\"https:\/\/i0.wp.com\/innoticiasbo.com\/wp-content\/uploads\/2026\/03\/image-125.png?resize=640%2C360&#038;ssl=1\" alt=\"\" class=\"wp-image-9415\" srcset=\"https:\/\/i0.wp.com\/innoticiasbo.com\/wp-content\/uploads\/2026\/03\/image-125.png?w=800&amp;ssl=1 800w, https:\/\/i0.wp.com\/innoticiasbo.com\/wp-content\/uploads\/2026\/03\/image-125.png?resize=300%2C169&amp;ssl=1 300w, https:\/\/i0.wp.com\/innoticiasbo.com\/wp-content\/uploads\/2026\/03\/image-125.png?resize=768%2C432&amp;ssl=1 768w\" sizes=\"auto, (max-width: 640px) 100vw, 640px\" \/><figcaption class=\"wp-element-caption\">Foto: Red Uno<\/figcaption><\/figure>\n\n\n\n<p><strong>Santa Cruz, 10 de Marzo de 2026.- <\/strong>Tras el rescate de su acompa\u00f1ante, los bomberos intensifican los rastreos desde el puente de la zona hasta La Guardia.<\/p>\n\n\n\n<p>Las brigadas de auxilio y la Polic\u00eda Boliviana mantienen un operativo para dar con el paradero de Emilio Camargo, el pescador que contin\u00faa desaparecido tras ser arrastrado por el r\u00edo en Colpa B\u00e9lgica, Santa Cruz. El incidente ocurri\u00f3 la madrugada de este martes cuando la v\u00edctima y un acompa\u00f1ante intentaron cruzar el cauce y fueron sorprendidos por una fuerte riada.<\/p>\n\n\n\n<p>Cerca de las 10:00 a.m., los rescatistas lograron localizar con vida al amigo de Camargo, quien se manten\u00eda a flote sujetado a un trozo de madera.<\/p>\n\n\n\n<p>\u00abFue auxiliado inmediatamente por testigos y dragueros, para luego ser derivado a un centro m\u00e9dico con diagn\u00f3stico reservado\u00bb, inform\u00f3 Carlos Canaviri, oficial de Bomberos de la Polic\u00eda.<\/p>\n\n\n\n<p>A pesar del despliegue tecnol\u00f3gico, que incluye el uso de drones para el monitoreo a\u00e9reo, las autoridades confirmaron que a\u00fan no hay rastros del hombre de 41 a\u00f1os. \u00abSe ha realizado un barrido exhaustivo desde el punto de origen hasta la zona de La Guardia sin obtener resultados positivos hasta el momento\u00bb, detall\u00f3 el vocero policial.<\/p>\n\n\n\n<p>Las labores de rastreo debieron ser suspendidas temporalmente al caer la noche debido a la escasa visibilidad y las persistentes condiciones clim\u00e1ticas adversas. Sin embargo, Canaviri asegur\u00f3 que dos grupos especializados retomar\u00e1n las actividades de b\u00fasqueda a primera hora de este mi\u00e9rcoles para agotar todas las posibilidades.<\/p>\n\n\n\n<p>Este suceso se suma a otros incidentes similares registrados recientemente en los municipios de La Guardia y El Torno, provocados por el incremento violento del caudal. Las autoridades advirtieron que la imprudencia de intentar cruzar el r\u00edo bajo estas condiciones representa un riesgo mortal para los ciudadanos.<\/p>\n\n\n\n<p>Finalmente, la Polic\u00eda inst\u00f3 a la poblaci\u00f3n a reportar cualquier hallazgo o emergencia a la l\u00ednea gratuita 119 o al n\u00famero de WhatsApp 78111984.<\/p>\n\n\n\n<p>Fuente: Red Uno<\/p>\n","protected":false},"excerpt":{"rendered":"<p>Santa Cruz, 10 de Marzo de 2026.- Tras el rescate de su acompa\u00f1ante, los bomberos intensifican los rastreos desde el puente de la zona hasta La Guardia. Las brigadas de auxilio y la Polic\u00eda Boliviana mantienen un operativo para dar con el paradero de Emilio Camargo, el pescador que contin\u00faa desaparecido tras ser arrastrado por&#8230;<\/p>\n","protected":false},"author":11,"featured_media":9415,"comment_status":"open","ping_status":"open","sticky":false,"template":"","format":"standard","meta":{"_jetpack_memberships_contains_paid_content":false,"footnotes":"","jetpack_publicize_message":"","jetpack_publicize_feature_enabled":true,"jetpack_social_post_already_shared":true,"jetpack_social_options":{"image_generator_settings":{"template":"highway","enabled":false},"version":2}},"categories":[1,15],"tags":[7,1400,1399,1323,1351,167],"class_list":["post-9414","post","type-post","status-publish","format-standard","has-post-thumbnail","hentry","category-bolivia","category-seguridad","tag-bolivia","tag-busqueda-2","tag-colpa-belgica","tag-desborde-de-rios","tag-la-guardia","tag-santa-cruz"],"jetpack_publicize_connections":[],"yoast_head":"<!-- This site is optimized with the Yoast SEO plugin v23.4 - https:\/\/yoast.com\/wordpress\/plugins\/seo\/ -->\n<title>CONTIN\u00daA LA B\u00daSQUEDA DE UN PESCADOR DESAPARECIDO EN COLPA B\u00c9LGICA - innoticiasbo.com<\/title>\n<meta name=\"robots\" content=\"index, follow, max-snippet:-1, max-image-preview:large, max-video-preview:-1\" \/>\n<link rel=\"canonical\" href=\"https:\/\/innoticiasbo.com\/index.php\/2026\/03\/10\/continua-la-busqueda-de-un-pescador-desaparecido-en-colpa-belgica\/\" \/>\n<meta property=\"og:locale\" content=\"es_ES\" \/>\n<meta property=\"og:type\" content=\"article\" \/>\n<meta property=\"og:title\" content=\"CONTIN\u00daA LA B\u00daSQUEDA DE UN PESCADOR DESAPARECIDO EN COLPA B\u00c9LGICA - innoticiasbo.com\" \/>\n<meta property=\"og:description\" content=\"Santa Cruz, 10 de Marzo de 2026.- Tras el rescate de su acompa\u00f1ante, los bomberos intensifican los rastreos desde el puente de la zona hasta La Guardia. Las brigadas de auxilio y la Polic\u00eda Boliviana mantienen un operativo para dar con el paradero de Emilio Camargo, el pescador que contin\u00faa desaparecido tras ser arrastrado por...\" \/>\n<meta property=\"og:url\" content=\"https:\/\/innoticiasbo.com\/index.php\/2026\/03\/10\/continua-la-busqueda-de-un-pescador-desaparecido-en-colpa-belgica\/\" \/>\n<meta property=\"og:site_name\" content=\"innoticiasbo.com\" \/>\n<meta property=\"article:publisher\" content=\"https:\/\/www.facebook.com\/innoticiasbolivia\" \/>\n<meta property=\"article:published_time\" content=\"2026-03-11T02:41:32+00:00\" \/>\n<meta property=\"article:modified_time\" content=\"2026-03-11T02:41:34+00:00\" \/>\n<meta property=\"og:image\" content=\"https:\/\/innoticiasbo.com\/wp-content\/uploads\/2026\/03\/image-125.png\" \/>\n\t<meta property=\"og:image:width\" content=\"800\" \/>\n\t<meta property=\"og:image:height\" content=\"450\" \/>\n\t<meta property=\"og:image:type\" content=\"image\/png\" \/>\n<meta name=\"author\" content=\"Prensa 11\" \/>\n<meta name=\"twitter:card\" content=\"summary_large_image\" \/>\n<meta name=\"twitter:creator\" content=\"@innoticiasbo\" \/>\n<meta name=\"twitter:site\" content=\"@innoticiasbo\" \/>\n<meta name=\"twitter:label1\" content=\"Escrito por\" \/>\n\t<meta name=\"twitter:data1\" content=\"Prensa 11\" \/>\n\t<meta name=\"twitter:label2\" content=\"Tiempo de lectura\" \/>\n\t<meta name=\"twitter:data2\" content=\"2 minutos\" \/>\n<script type=\"application\/ld+json\" class=\"yoast-schema-graph\">{\"@context\":\"https:\/\/schema.org\",\"@graph\":[{\"@type\":\"Article\",\"@id\":\"https:\/\/innoticiasbo.com\/index.php\/2026\/03\/10\/continua-la-busqueda-de-un-pescador-desaparecido-en-colpa-belgica\/#article\",\"isPartOf\":{\"@id\":\"https:\/\/innoticiasbo.com\/index.php\/2026\/03\/10\/continua-la-busqueda-de-un-pescador-desaparecido-en-colpa-belgica\/\"},\"author\":{\"name\":\"Prensa 11\",\"@id\":\"https:\/\/innoticiasbo.com\/#\/schema\/person\/0b28481e8d0316f83a13bc702311def5\"},\"headline\":\"CONTIN\u00daA LA B\u00daSQUEDA DE UN PESCADOR DESAPARECIDO EN COLPA B\u00c9LGICA\",\"datePublished\":\"2026-03-11T02:41:32+00:00\",\"dateModified\":\"2026-03-11T02:41:34+00:00\",\"mainEntityOfPage\":{\"@id\":\"https:\/\/innoticiasbo.com\/index.php\/2026\/03\/10\/continua-la-busqueda-de-un-pescador-desaparecido-en-colpa-belgica\/\"},\"wordCount\":353,\"commentCount\":0,\"publisher\":{\"@id\":\"https:\/\/innoticiasbo.com\/#organization\"},\"image\":{\"@id\":\"https:\/\/innoticiasbo.com\/index.php\/2026\/03\/10\/continua-la-busqueda-de-un-pescador-desaparecido-en-colpa-belgica\/#primaryimage\"},\"thumbnailUrl\":\"https:\/\/i0.wp.com\/innoticiasbo.com\/wp-content\/uploads\/2026\/03\/image-125.png?fit=800%2C450&ssl=1\",\"keywords\":[\"Bolivia\",\"busqueda\",\"Colpa B\u00e9lgica\",\"Desborde de r\u00edos\",\"La Guardia\",\"Santa Cruz\"],\"articleSection\":[\"Bolivia\",\"Seguridad\"],\"inLanguage\":\"es\",\"potentialAction\":[{\"@type\":\"CommentAction\",\"name\":\"Comment\",\"target\":[\"https:\/\/innoticiasbo.com\/index.php\/2026\/03\/10\/continua-la-busqueda-de-un-pescador-desaparecido-en-colpa-belgica\/#respond\"]}]},{\"@type\":\"WebPage\",\"@id\":\"https:\/\/innoticiasbo.com\/index.php\/2026\/03\/10\/continua-la-busqueda-de-un-pescador-desaparecido-en-colpa-belgica\/\",\"url\":\"https:\/\/innoticiasbo.com\/index.php\/2026\/03\/10\/continua-la-busqueda-de-un-pescador-desaparecido-en-colpa-belgica\/\",\"name\":\"CONTIN\u00daA LA B\u00daSQUEDA DE UN PESCADOR DESAPARECIDO EN COLPA B\u00c9LGICA - innoticiasbo.com\",\"isPartOf\":{\"@id\":\"https:\/\/innoticiasbo.com\/#website\"},\"primaryImageOfPage\":{\"@id\":\"https:\/\/innoticiasbo.com\/index.php\/2026\/03\/10\/continua-la-busqueda-de-un-pescador-desaparecido-en-colpa-belgica\/#primaryimage\"},\"image\":{\"@id\":\"https:\/\/innoticiasbo.com\/index.php\/2026\/03\/10\/continua-la-busqueda-de-un-pescador-desaparecido-en-colpa-belgica\/#primaryimage\"},\"thumbnailUrl\":\"https:\/\/i0.wp.com\/innoticiasbo.com\/wp-content\/uploads\/2026\/03\/image-125.png?fit=800%2C450&ssl=1\",\"datePublished\":\"2026-03-11T02:41:32+00:00\",\"dateModified\":\"2026-03-11T02:41:34+00:00\",\"breadcrumb\":{\"@id\":\"https:\/\/innoticiasbo.com\/index.php\/2026\/03\/10\/continua-la-busqueda-de-un-pescador-desaparecido-en-colpa-belgica\/#breadcrumb\"},\"inLanguage\":\"es\",\"potentialAction\":[{\"@type\":\"ReadAction\",\"target\":[\"https:\/\/innoticiasbo.com\/index.php\/2026\/03\/10\/continua-la-busqueda-de-un-pescador-desaparecido-en-colpa-belgica\/\"]}]},{\"@type\":\"ImageObject\",\"inLanguage\":\"es\",\"@id\":\"https:\/\/innoticiasbo.com\/index.php\/2026\/03\/10\/continua-la-busqueda-de-un-pescador-desaparecido-en-colpa-belgica\/#primaryimage\",\"url\":\"https:\/\/i0.wp.com\/innoticiasbo.com\/wp-content\/uploads\/2026\/03\/image-125.png?fit=800%2C450&ssl=1\",\"contentUrl\":\"https:\/\/i0.wp.com\/innoticiasbo.com\/wp-content\/uploads\/2026\/03\/image-125.png?fit=800%2C450&ssl=1\",\"width\":800,\"height\":450},{\"@type\":\"BreadcrumbList\",\"@id\":\"https:\/\/innoticiasbo.com\/index.php\/2026\/03\/10\/continua-la-busqueda-de-un-pescador-desaparecido-en-colpa-belgica\/#breadcrumb\",\"itemListElement\":[{\"@type\":\"ListItem\",\"position\":1,\"name\":\"Portada\",\"item\":\"https:\/\/innoticiasbo.com\/\"},{\"@type\":\"ListItem\",\"position\":2,\"name\":\"CONTIN\u00daA LA B\u00daSQUEDA DE UN PESCADOR DESAPARECIDO EN COLPA B\u00c9LGICA\"}]},{\"@type\":\"WebSite\",\"@id\":\"https:\/\/innoticiasbo.com\/#website\",\"url\":\"https:\/\/innoticiasbo.com\/\",\"name\":\"innoticiasbo.com\",\"description\":\"\",\"publisher\":{\"@id\":\"https:\/\/innoticiasbo.com\/#organization\"},\"potentialAction\":[{\"@type\":\"SearchAction\",\"target\":{\"@type\":\"EntryPoint\",\"urlTemplate\":\"https:\/\/innoticiasbo.com\/?s={search_term_string}\"},\"query-input\":{\"@type\":\"PropertyValueSpecification\",\"valueRequired\":true,\"valueName\":\"search_term_string\"}}],\"inLanguage\":\"es\"},{\"@type\":\"Organization\",\"@id\":\"https:\/\/innoticiasbo.com\/#organization\",\"name\":\"innoticiasbo.com\",\"url\":\"https:\/\/innoticiasbo.com\/\",\"logo\":{\"@type\":\"ImageObject\",\"inLanguage\":\"es\",\"@id\":\"https:\/\/innoticiasbo.com\/#\/schema\/logo\/image\/\",\"url\":\"https:\/\/i0.wp.com\/innoticiasbo.com\/wp-content\/uploads\/2026\/04\/cropped-IN-LOGO.png?fit=1476%2C1476&ssl=1\",\"contentUrl\":\"https:\/\/i0.wp.com\/innoticiasbo.com\/wp-content\/uploads\/2026\/04\/cropped-IN-LOGO.png?fit=1476%2C1476&ssl=1\",\"width\":1476,\"height\":1476,\"caption\":\"innoticiasbo.com\"},\"image\":{\"@id\":\"https:\/\/innoticiasbo.com\/#\/schema\/logo\/image\/\"},\"sameAs\":[\"https:\/\/www.facebook.com\/innoticiasbolivia\",\"https:\/\/x.com\/innoticiasbo\",\"https:\/\/www.instagram.com\/innoticiasbo\",\"https:\/\/www.youtube.com\/innoticiasbo\"]},{\"@type\":\"Person\",\"@id\":\"https:\/\/innoticiasbo.com\/#\/schema\/person\/0b28481e8d0316f83a13bc702311def5\",\"name\":\"Prensa 11\",\"image\":{\"@type\":\"ImageObject\",\"inLanguage\":\"es\",\"@id\":\"https:\/\/innoticiasbo.com\/#\/schema\/person\/image\/\",\"url\":\"https:\/\/secure.gravatar.com\/avatar\/696560c17349f1807a610bf83832bad0?s=96&d=mm&r=g\",\"contentUrl\":\"https:\/\/secure.gravatar.com\/avatar\/696560c17349f1807a610bf83832bad0?s=96&d=mm&r=g\",\"caption\":\"Prensa 11\"},\"sameAs\":[\"http:\/\/www.innoticiasbo.com\"],\"url\":\"https:\/\/innoticiasbo.com\/index.php\/author\/prensa-11\/\"}]}<\/script>\n<!-- \/ Yoast SEO plugin. -->","yoast_head_json":{"title":"CONTIN\u00daA LA B\u00daSQUEDA DE UN PESCADOR DESAPARECIDO EN COLPA B\u00c9LGICA - innoticiasbo.com","robots":{"index":"index","follow":"follow","max-snippet":"max-snippet:-1","max-image-preview":"max-image-preview:large","max-video-preview":"max-video-preview:-1"},"canonical":"https:\/\/innoticiasbo.com\/index.php\/2026\/03\/10\/continua-la-busqueda-de-un-pescador-desaparecido-en-colpa-belgica\/","og_locale":"es_ES","og_type":"article","og_title":"CONTIN\u00daA LA B\u00daSQUEDA DE UN PESCADOR DESAPARECIDO EN COLPA B\u00c9LGICA - innoticiasbo.com","og_description":"Santa Cruz, 10 de Marzo de 2026.- Tras el rescate de su acompa\u00f1ante, los bomberos intensifican los rastreos desde el puente de la zona hasta La Guardia. Las brigadas de auxilio y la Polic\u00eda Boliviana mantienen un operativo para dar con el paradero de Emilio Camargo, el pescador que contin\u00faa desaparecido tras ser arrastrado por...","og_url":"https:\/\/innoticiasbo.com\/index.php\/2026\/03\/10\/continua-la-busqueda-de-un-pescador-desaparecido-en-colpa-belgica\/","og_site_name":"innoticiasbo.com","article_publisher":"https:\/\/www.facebook.com\/innoticiasbolivia","article_published_time":"2026-03-11T02:41:32+00:00","article_modified_time":"2026-03-11T02:41:34+00:00","og_image":[{"width":800,"height":450,"url":"https:\/\/innoticiasbo.com\/wp-content\/uploads\/2026\/03\/image-125.png","type":"image\/png"}],"author":"Prensa 11","twitter_card":"summary_large_image","twitter_creator":"@innoticiasbo","twitter_site":"@innoticiasbo","twitter_misc":{"Escrito por":"Prensa 11","Tiempo de lectura":"2 minutos"},"schema":{"@context":"https:\/\/schema.org","@graph":[{"@type":"Article","@id":"https:\/\/innoticiasbo.com\/index.php\/2026\/03\/10\/continua-la-busqueda-de-un-pescador-desaparecido-en-colpa-belgica\/#article","isPartOf":{"@id":"https:\/\/innoticiasbo.com\/index.php\/2026\/03\/10\/continua-la-busqueda-de-un-pescador-desaparecido-en-colpa-belgica\/"},"author":{"name":"Prensa 11","@id":"https:\/\/innoticiasbo.com\/#\/schema\/person\/0b28481e8d0316f83a13bc702311def5"},"headline":"CONTIN\u00daA LA B\u00daSQUEDA DE UN PESCADOR DESAPARECIDO EN COLPA B\u00c9LGICA","datePublished":"2026-03-11T02:41:32+00:00","dateModified":"2026-03-11T02:41:34+00:00","mainEntityOfPage":{"@id":"https:\/\/innoticiasbo.com\/index.php\/2026\/03\/10\/continua-la-busqueda-de-un-pescador-desaparecido-en-colpa-belgica\/"},"wordCount":353,"commentCount":0,"publisher":{"@id":"https:\/\/innoticiasbo.com\/#organization"},"image":{"@id":"https:\/\/innoticiasbo.com\/index.php\/2026\/03\/10\/continua-la-busqueda-de-un-pescador-desaparecido-en-colpa-belgica\/#primaryimage"},"thumbnailUrl":"https:\/\/i0.wp.com\/innoticiasbo.com\/wp-content\/uploads\/2026\/03\/image-125.png?fit=800%2C450&ssl=1","keywords":["Bolivia","busqueda","Colpa B\u00e9lgica","Desborde de r\u00edos","La Guardia","Santa Cruz"],"articleSection":["Bolivia","Seguridad"],"inLanguage":"es","potentialAction":[{"@type":"CommentAction","name":"Comment","target":["https:\/\/innoticiasbo.com\/index.php\/2026\/03\/10\/continua-la-busqueda-de-un-pescador-desaparecido-en-colpa-belgica\/#respond"]}]},{"@type":"WebPage","@id":"https:\/\/innoticiasbo.com\/index.php\/2026\/03\/10\/continua-la-busqueda-de-un-pescador-desaparecido-en-colpa-belgica\/","url":"https:\/\/innoticiasbo.com\/index.php\/2026\/03\/10\/continua-la-busqueda-de-un-pescador-desaparecido-en-colpa-belgica\/","name":"CONTIN\u00daA LA B\u00daSQUEDA DE UN PESCADOR DESAPARECIDO EN COLPA B\u00c9LGICA - innoticiasbo.com","isPartOf":{"@id":"https:\/\/innoticiasbo.com\/#website"},"primaryImageOfPage":{"@id":"https:\/\/innoticiasbo.com\/index.php\/2026\/03\/10\/continua-la-busqueda-de-un-pescador-desaparecido-en-colpa-belgica\/#primaryimage"},"image":{"@id":"https:\/\/innoticiasbo.com\/index.php\/2026\/03\/10\/continua-la-busqueda-de-un-pescador-desaparecido-en-colpa-belgica\/#primaryimage"},"thumbnailUrl":"https:\/\/i0.wp.com\/innoticiasbo.com\/wp-content\/uploads\/2026\/03\/image-125.png?fit=800%2C450&ssl=1","datePublished":"2026-03-11T02:41:32+00:00","dateModified":"2026-03-11T02:41:34+00:00","breadcrumb":{"@id":"https:\/\/innoticiasbo.com\/index.php\/2026\/03\/10\/continua-la-busqueda-de-un-pescador-desaparecido-en-colpa-belgica\/#breadcrumb"},"inLanguage":"es","potentialAction":[{"@type":"ReadAction","target":["https:\/\/innoticiasbo.com\/index.php\/2026\/03\/10\/continua-la-busqueda-de-un-pescador-desaparecido-en-colpa-belgica\/"]}]},{"@type":"ImageObject","inLanguage":"es","@id":"https:\/\/innoticiasbo.com\/index.php\/2026\/03\/10\/continua-la-busqueda-de-un-pescador-desaparecido-en-colpa-belgica\/#primaryimage","url":"https:\/\/i0.wp.com\/innoticiasbo.com\/wp-content\/uploads\/2026\/03\/image-125.png?fit=800%2C450&ssl=1","contentUrl":"https:\/\/i0.wp.com\/innoticiasbo.com\/wp-content\/uploads\/2026\/03\/image-125.png?fit=800%2C450&ssl=1","width":800,"height":450},{"@type":"BreadcrumbList","@id":"https:\/\/innoticiasbo.com\/index.php\/2026\/03\/10\/continua-la-busqueda-de-un-pescador-desaparecido-en-colpa-belgica\/#breadcrumb","itemListElement":[{"@type":"ListItem","position":1,"name":"Portada","item":"https:\/\/innoticiasbo.com\/"},{"@type":"ListItem","position":2,"name":"CONTIN\u00daA LA B\u00daSQUEDA DE UN PESCADOR DESAPARECIDO EN COLPA B\u00c9LGICA"}]},{"@type":"WebSite","@id":"https:\/\/innoticiasbo.com\/#website","url":"https:\/\/innoticiasbo.com\/","name":"innoticiasbo.com","description":"","publisher":{"@id":"https:\/\/innoticiasbo.com\/#organization"},"potentialAction":[{"@type":"SearchAction","target":{"@type":"EntryPoint","urlTemplate":"https:\/\/innoticiasbo.com\/?s={search_term_string}"},"query-input":{"@type":"PropertyValueSpecification","valueRequired":true,"valueName":"search_term_string"}}],"inLanguage":"es"},{"@type":"Organization","@id":"https:\/\/innoticiasbo.com\/#organization","name":"innoticiasbo.com","url":"https:\/\/innoticiasbo.com\/","logo":{"@type":"ImageObject","inLanguage":"es","@id":"https:\/\/innoticiasbo.com\/#\/schema\/logo\/image\/","url":"https:\/\/i0.wp.com\/innoticiasbo.com\/wp-content\/uploads\/2026\/04\/cropped-IN-LOGO.png?fit=1476%2C1476&ssl=1","contentUrl":"https:\/\/i0.wp.com\/innoticiasbo.com\/wp-content\/uploads\/2026\/04\/cropped-IN-LOGO.png?fit=1476%2C1476&ssl=1","width":1476,"height":1476,"caption":"innoticiasbo.com"},"image":{"@id":"https:\/\/innoticiasbo.com\/#\/schema\/logo\/image\/"},"sameAs":["https:\/\/www.facebook.com\/innoticiasbolivia","https:\/\/x.com\/innoticiasbo","https:\/\/www.instagram.com\/innoticiasbo","https:\/\/www.youtube.com\/innoticiasbo"]},{"@type":"Person","@id":"https:\/\/innoticiasbo.com\/#\/schema\/person\/0b28481e8d0316f83a13bc702311def5","name":"Prensa 11","image":{"@type":"ImageObject","inLanguage":"es","@id":"https:\/\/innoticiasbo.com\/#\/schema\/person\/image\/","url":"https:\/\/secure.gravatar.com\/avatar\/696560c17349f1807a610bf83832bad0?s=96&d=mm&r=g","contentUrl":"https:\/\/secure.gravatar.com\/avatar\/696560c17349f1807a610bf83832bad0?s=96&d=mm&r=g","caption":"Prensa 11"},"sameAs":["http:\/\/www.innoticiasbo.com"],"url":"https:\/\/innoticiasbo.com\/index.php\/author\/prensa-11\/"}]}},"jetpack_featured_media_url":"https:\/\/i0.wp.com\/innoticiasbo.com\/wp-content\/uploads\/2026\/03\/image-125.png?fit=800%2C450&ssl=1","jetpack_likes_enabled":true,"jetpack_sharing_enabled":true,"jetpack_shortlink":"https:\/\/wp.me\/pg298x-2rQ","_links":{"self":[{"href":"https:\/\/innoticiasbo.com\/index.php\/wp-json\/wp\/v2\/posts\/9414","targetHints":{"allow":["GET"]}}],"collection":[{"href":"https:\/\/innoticiasbo.com\/index.php\/wp-json\/wp\/v2\/posts"}],"about":[{"href":"https:\/\/innoticiasbo.com\/index.php\/wp-json\/wp\/v2\/types\/post"}],"author":[{"embeddable":true,"href":"https:\/\/innoticiasbo.com\/index.php\/wp-json\/wp\/v2\/users\/11"}],"replies":[{"embeddable":true,"href":"https:\/\/innoticiasbo.com\/index.php\/wp-json\/wp\/v2\/comments?post=9414"}],"version-history":[{"count":1,"href":"https:\/\/innoticiasbo.com\/index.php\/wp-json\/wp\/v2\/posts\/9414\/revisions"}],"predecessor-version":[{"id":9416,"href":"https:\/\/innoticiasbo.com\/index.php\/wp-json\/wp\/v2\/posts\/9414\/revisions\/9416"}],"wp:featuredmedia":[{"embeddable":true,"href":"https:\/\/innoticiasbo.com\/index.php\/wp-json\/wp\/v2\/media\/9415"}],"wp:attachment":[{"href":"https:\/\/innoticiasbo.com\/index.php\/wp-json\/wp\/v2\/media?parent=9414"}],"wp:term":[{"taxonomy":"category","embeddable":true,"href":"https:\/\/innoticiasbo.com\/index.php\/wp-json\/wp\/v2\/categories?post=9414"},{"taxonomy":"post_tag","embeddable":true,"href":"https:\/\/innoticiasbo.com\/index.php\/wp-json\/wp\/v2\/tags?post=9414"}],"curies":[{"name":"wp","href":"https:\/\/api.w.org\/{rel}","templated":true}]}}