{"id":9408,"date":"2026-03-10T22:16:40","date_gmt":"2026-03-11T02:16:40","guid":{"rendered":"https:\/\/innoticiasbo.com\/?p=9408"},"modified":"2026-03-10T22:16:42","modified_gmt":"2026-03-11T02:16:42","slug":"rodrigo-paz-destaca-un-gran-futuro-entre-bolivia-y-chile","status":"publish","type":"post","link":"https:\/\/innoticiasbo.com\/index.php\/2026\/03\/10\/rodrigo-paz-destaca-un-gran-futuro-entre-bolivia-y-chile\/","title":{"rendered":"RODRIGO PAZ DESTACA \u201cUN GRAN FUTURO\u201d ENTRE BOLIVIA Y CHILE"},"content":{"rendered":"\n<figure class=\"wp-block-image size-full\"><img data-recalc-dims=\"1\" loading=\"lazy\" decoding=\"async\" width=\"640\" height=\"360\" src=\"https:\/\/i0.wp.com\/innoticiasbo.com\/wp-content\/uploads\/2026\/03\/image-123.png?resize=640%2C360&#038;ssl=1\" alt=\"\" class=\"wp-image-9409\" srcset=\"https:\/\/i0.wp.com\/innoticiasbo.com\/wp-content\/uploads\/2026\/03\/image-123.png?w=800&amp;ssl=1 800w, https:\/\/i0.wp.com\/innoticiasbo.com\/wp-content\/uploads\/2026\/03\/image-123.png?resize=300%2C169&amp;ssl=1 300w, https:\/\/i0.wp.com\/innoticiasbo.com\/wp-content\/uploads\/2026\/03\/image-123.png?resize=768%2C432&amp;ssl=1 768w\" sizes=\"auto, (max-width: 640px) 100vw, 640px\" \/><\/figure>\n\n\n\n<p><strong>Chile, 10 de Marzo de 2026.- <\/strong>El presidente de Bolivia, Rodrigo Paz, resalt\u00f3 la posibilidad de construir \u201cun gran futuro\u201d entre Bolivia y Chile, tras su llegada al pa\u00eds vecino para participar en los actos de posesi\u00f3n del nuevo presidente chileno, Jos\u00e9 Antonio Kast.<\/p>\n\n\n\n<p>A trav\u00e9s de un mensaje publicado en sus redes sociales, el mandatario boliviano subray\u00f3 que, lo importante es fortalecer una relaci\u00f3n orientada al desarrollo y a mejores oportunidades para sus ciudadanos.<\/p>\n\n\n\n<p>\u201cTenemos un pasado compartido, pero sobre todo un gran futuro; nuestras naciones tienen como destino llevarse bien para que las familias tengan vidas dignas\u201d, expres\u00f3 el jefe de Estado.<\/p>\n\n\n\n<p>Paz afirm\u00f3 que su visita a Chile refleja la voluntad de avanzar hacia una etapa de cooperaci\u00f3n y complementariedad entre ambos pa\u00edses, con el objetivo de impulsar el crecimiento econ\u00f3mico y la integraci\u00f3n regional.<\/p>\n\n\n\n<p>\u201cLlegamos a Chile con la convicci\u00f3n de que la complementariedad no es un discurso, sino una condici\u00f3n de nuestra existencia para generar desarrollo y nuevas oportunidades\u201d, se\u00f1al\u00f3.<\/p>\n\n\n\n<p>El mandatario tambi\u00e9n remarc\u00f3 que la relaci\u00f3n entre ambos pa\u00edses debe construirse sobre la base del respeto, la democracia y el trabajo conjunto entre pueblos vecinos.<\/p>\n\n\n\n<p>\u201cEn democracia construiremos un futuro de respeto y cooperaci\u00f3n entre pueblos hermanos que hoy vuelven a so\u00f1ar\u201d, concluy\u00f3.<\/p>\n\n\n\n<p>La presencia del presidente boliviano en Chile forma parte de las actividades oficiales por la asunci\u00f3n del nuevo gobierno chileno, evento que re\u00fane a delegaciones y autoridades internacionales.<\/p>\n\n\n\n<p>Fuente: Red Uno<\/p>\n","protected":false},"excerpt":{"rendered":"<p>Chile, 10 de Marzo de 2026.- El presidente de Bolivia, Rodrigo Paz, resalt\u00f3 la posibilidad de construir \u201cun gran futuro\u201d entre Bolivia y Chile, tras su llegada al pa\u00eds vecino para participar en los actos de posesi\u00f3n del nuevo presidente chileno, Jos\u00e9 Antonio Kast. A trav\u00e9s de un mensaje publicado en sus redes sociales, el&#8230;<\/p>\n","protected":false},"author":11,"featured_media":9409,"comment_status":"open","ping_status":"open","sticky":false,"template":"","format":"standard","meta":{"_jetpack_memberships_contains_paid_content":false,"footnotes":"","jetpack_publicize_message":"","jetpack_publicize_feature_enabled":true,"jetpack_social_post_already_shared":true,"jetpack_social_options":{"image_generator_settings":{"template":"highway","enabled":false},"version":2}},"categories":[1,684],"tags":[7,157,10,1395,963,345],"class_list":["post-9408","post","type-post","status-publish","format-standard","has-post-thumbnail","hentry","category-bolivia","category-internacional","tag-bolivia","tag-chile","tag-politica","tag-relaciones-bolivia-chile","tag-relaciones-internacionales","tag-rodrigo-paz"],"jetpack_publicize_connections":[],"yoast_head":"<!-- This site is optimized with the Yoast SEO plugin v23.4 - https:\/\/yoast.com\/wordpress\/plugins\/seo\/ -->\n<title>RODRIGO PAZ DESTACA \u201cUN GRAN FUTURO\u201d ENTRE BOLIVIA Y CHILE - innoticiasbo.com<\/title>\n<meta name=\"robots\" content=\"index, follow, max-snippet:-1, max-image-preview:large, max-video-preview:-1\" \/>\n<link rel=\"canonical\" href=\"https:\/\/innoticiasbo.com\/index.php\/2026\/03\/10\/rodrigo-paz-destaca-un-gran-futuro-entre-bolivia-y-chile\/\" \/>\n<meta property=\"og:locale\" content=\"es_ES\" \/>\n<meta property=\"og:type\" content=\"article\" \/>\n<meta property=\"og:title\" content=\"RODRIGO PAZ DESTACA \u201cUN GRAN FUTURO\u201d ENTRE BOLIVIA Y CHILE - innoticiasbo.com\" \/>\n<meta property=\"og:description\" content=\"Chile, 10 de Marzo de 2026.- El presidente de Bolivia, Rodrigo Paz, resalt\u00f3 la posibilidad de construir \u201cun gran futuro\u201d entre Bolivia y Chile, tras su llegada al pa\u00eds vecino para participar en los actos de posesi\u00f3n del nuevo presidente chileno, Jos\u00e9 Antonio Kast. A trav\u00e9s de un mensaje publicado en sus redes sociales, el...\" \/>\n<meta property=\"og:url\" content=\"https:\/\/innoticiasbo.com\/index.php\/2026\/03\/10\/rodrigo-paz-destaca-un-gran-futuro-entre-bolivia-y-chile\/\" \/>\n<meta property=\"og:site_name\" content=\"innoticiasbo.com\" \/>\n<meta property=\"article:publisher\" content=\"https:\/\/www.facebook.com\/innoticiasbolivia\" \/>\n<meta property=\"article:published_time\" content=\"2026-03-11T02:16:40+00:00\" \/>\n<meta property=\"article:modified_time\" content=\"2026-03-11T02:16:42+00:00\" \/>\n<meta property=\"og:image\" content=\"https:\/\/innoticiasbo.com\/wp-content\/uploads\/2026\/03\/image-123.png\" \/>\n\t<meta property=\"og:image:width\" content=\"800\" \/>\n\t<meta property=\"og:image:height\" content=\"450\" \/>\n\t<meta property=\"og:image:type\" content=\"image\/png\" \/>\n<meta name=\"author\" content=\"Prensa 11\" \/>\n<meta name=\"twitter:card\" content=\"summary_large_image\" \/>\n<meta name=\"twitter:creator\" content=\"@innoticiasbo\" \/>\n<meta name=\"twitter:site\" content=\"@innoticiasbo\" \/>\n<meta name=\"twitter:label1\" content=\"Escrito por\" \/>\n\t<meta name=\"twitter:data1\" content=\"Prensa 11\" \/>\n\t<meta name=\"twitter:label2\" content=\"Tiempo de lectura\" \/>\n\t<meta name=\"twitter:data2\" content=\"2 minutos\" \/>\n<script type=\"application\/ld+json\" class=\"yoast-schema-graph\">{\"@context\":\"https:\/\/schema.org\",\"@graph\":[{\"@type\":\"Article\",\"@id\":\"https:\/\/innoticiasbo.com\/index.php\/2026\/03\/10\/rodrigo-paz-destaca-un-gran-futuro-entre-bolivia-y-chile\/#article\",\"isPartOf\":{\"@id\":\"https:\/\/innoticiasbo.com\/index.php\/2026\/03\/10\/rodrigo-paz-destaca-un-gran-futuro-entre-bolivia-y-chile\/\"},\"author\":{\"name\":\"Prensa 11\",\"@id\":\"https:\/\/innoticiasbo.com\/#\/schema\/person\/0b28481e8d0316f83a13bc702311def5\"},\"headline\":\"RODRIGO PAZ DESTACA \u201cUN GRAN FUTURO\u201d ENTRE BOLIVIA Y CHILE\",\"datePublished\":\"2026-03-11T02:16:40+00:00\",\"dateModified\":\"2026-03-11T02:16:42+00:00\",\"mainEntityOfPage\":{\"@id\":\"https:\/\/innoticiasbo.com\/index.php\/2026\/03\/10\/rodrigo-paz-destaca-un-gran-futuro-entre-bolivia-y-chile\/\"},\"wordCount\":267,\"commentCount\":0,\"publisher\":{\"@id\":\"https:\/\/innoticiasbo.com\/#organization\"},\"image\":{\"@id\":\"https:\/\/innoticiasbo.com\/index.php\/2026\/03\/10\/rodrigo-paz-destaca-un-gran-futuro-entre-bolivia-y-chile\/#primaryimage\"},\"thumbnailUrl\":\"https:\/\/i0.wp.com\/innoticiasbo.com\/wp-content\/uploads\/2026\/03\/image-123.png?fit=800%2C450&ssl=1\",\"keywords\":[\"Bolivia\",\"Chile\",\"Pol\u00edtica\",\"Relaciones Bolivia-Chile\",\"relaciones internacionales\",\"Rodrigo Paz\"],\"articleSection\":[\"Bolivia\",\"Internacional\"],\"inLanguage\":\"es\",\"potentialAction\":[{\"@type\":\"CommentAction\",\"name\":\"Comment\",\"target\":[\"https:\/\/innoticiasbo.com\/index.php\/2026\/03\/10\/rodrigo-paz-destaca-un-gran-futuro-entre-bolivia-y-chile\/#respond\"]}]},{\"@type\":\"WebPage\",\"@id\":\"https:\/\/innoticiasbo.com\/index.php\/2026\/03\/10\/rodrigo-paz-destaca-un-gran-futuro-entre-bolivia-y-chile\/\",\"url\":\"https:\/\/innoticiasbo.com\/index.php\/2026\/03\/10\/rodrigo-paz-destaca-un-gran-futuro-entre-bolivia-y-chile\/\",\"name\":\"RODRIGO PAZ DESTACA \u201cUN GRAN FUTURO\u201d ENTRE BOLIVIA Y CHILE - innoticiasbo.com\",\"isPartOf\":{\"@id\":\"https:\/\/innoticiasbo.com\/#website\"},\"primaryImageOfPage\":{\"@id\":\"https:\/\/innoticiasbo.com\/index.php\/2026\/03\/10\/rodrigo-paz-destaca-un-gran-futuro-entre-bolivia-y-chile\/#primaryimage\"},\"image\":{\"@id\":\"https:\/\/innoticiasbo.com\/index.php\/2026\/03\/10\/rodrigo-paz-destaca-un-gran-futuro-entre-bolivia-y-chile\/#primaryimage\"},\"thumbnailUrl\":\"https:\/\/i0.wp.com\/innoticiasbo.com\/wp-content\/uploads\/2026\/03\/image-123.png?fit=800%2C450&ssl=1\",\"datePublished\":\"2026-03-11T02:16:40+00:00\",\"dateModified\":\"2026-03-11T02:16:42+00:00\",\"breadcrumb\":{\"@id\":\"https:\/\/innoticiasbo.com\/index.php\/2026\/03\/10\/rodrigo-paz-destaca-un-gran-futuro-entre-bolivia-y-chile\/#breadcrumb\"},\"inLanguage\":\"es\",\"potentialAction\":[{\"@type\":\"ReadAction\",\"target\":[\"https:\/\/innoticiasbo.com\/index.php\/2026\/03\/10\/rodrigo-paz-destaca-un-gran-futuro-entre-bolivia-y-chile\/\"]}]},{\"@type\":\"ImageObject\",\"inLanguage\":\"es\",\"@id\":\"https:\/\/innoticiasbo.com\/index.php\/2026\/03\/10\/rodrigo-paz-destaca-un-gran-futuro-entre-bolivia-y-chile\/#primaryimage\",\"url\":\"https:\/\/i0.wp.com\/innoticiasbo.com\/wp-content\/uploads\/2026\/03\/image-123.png?fit=800%2C450&ssl=1\",\"contentUrl\":\"https:\/\/i0.wp.com\/innoticiasbo.com\/wp-content\/uploads\/2026\/03\/image-123.png?fit=800%2C450&ssl=1\",\"width\":800,\"height\":450},{\"@type\":\"BreadcrumbList\",\"@id\":\"https:\/\/innoticiasbo.com\/index.php\/2026\/03\/10\/rodrigo-paz-destaca-un-gran-futuro-entre-bolivia-y-chile\/#breadcrumb\",\"itemListElement\":[{\"@type\":\"ListItem\",\"position\":1,\"name\":\"Portada\",\"item\":\"https:\/\/innoticiasbo.com\/\"},{\"@type\":\"ListItem\",\"position\":2,\"name\":\"RODRIGO PAZ DESTACA \u201cUN GRAN FUTURO\u201d ENTRE BOLIVIA Y CHILE\"}]},{\"@type\":\"WebSite\",\"@id\":\"https:\/\/innoticiasbo.com\/#website\",\"url\":\"https:\/\/innoticiasbo.com\/\",\"name\":\"innoticiasbo.com\",\"description\":\"\",\"publisher\":{\"@id\":\"https:\/\/innoticiasbo.com\/#organization\"},\"potentialAction\":[{\"@type\":\"SearchAction\",\"target\":{\"@type\":\"EntryPoint\",\"urlTemplate\":\"https:\/\/innoticiasbo.com\/?s={search_term_string}\"},\"query-input\":{\"@type\":\"PropertyValueSpecification\",\"valueRequired\":true,\"valueName\":\"search_term_string\"}}],\"inLanguage\":\"es\"},{\"@type\":\"Organization\",\"@id\":\"https:\/\/innoticiasbo.com\/#organization\",\"name\":\"innoticiasbo.com\",\"url\":\"https:\/\/innoticiasbo.com\/\",\"logo\":{\"@type\":\"ImageObject\",\"inLanguage\":\"es\",\"@id\":\"https:\/\/innoticiasbo.com\/#\/schema\/logo\/image\/\",\"url\":\"https:\/\/i0.wp.com\/innoticiasbo.com\/wp-content\/uploads\/2026\/04\/cropped-IN-LOGO.png?fit=1476%2C1476&ssl=1\",\"contentUrl\":\"https:\/\/i0.wp.com\/innoticiasbo.com\/wp-content\/uploads\/2026\/04\/cropped-IN-LOGO.png?fit=1476%2C1476&ssl=1\",\"width\":1476,\"height\":1476,\"caption\":\"innoticiasbo.com\"},\"image\":{\"@id\":\"https:\/\/innoticiasbo.com\/#\/schema\/logo\/image\/\"},\"sameAs\":[\"https:\/\/www.facebook.com\/innoticiasbolivia\",\"https:\/\/x.com\/innoticiasbo\",\"https:\/\/www.instagram.com\/innoticiasbo\",\"https:\/\/www.youtube.com\/innoticiasbo\"]},{\"@type\":\"Person\",\"@id\":\"https:\/\/innoticiasbo.com\/#\/schema\/person\/0b28481e8d0316f83a13bc702311def5\",\"name\":\"Prensa 11\",\"image\":{\"@type\":\"ImageObject\",\"inLanguage\":\"es\",\"@id\":\"https:\/\/innoticiasbo.com\/#\/schema\/person\/image\/\",\"url\":\"https:\/\/secure.gravatar.com\/avatar\/696560c17349f1807a610bf83832bad0?s=96&d=mm&r=g\",\"contentUrl\":\"https:\/\/secure.gravatar.com\/avatar\/696560c17349f1807a610bf83832bad0?s=96&d=mm&r=g\",\"caption\":\"Prensa 11\"},\"sameAs\":[\"http:\/\/www.innoticiasbo.com\"],\"url\":\"https:\/\/innoticiasbo.com\/index.php\/author\/prensa-11\/\"}]}<\/script>\n<!-- \/ Yoast SEO plugin. -->","yoast_head_json":{"title":"RODRIGO PAZ DESTACA \u201cUN GRAN FUTURO\u201d ENTRE BOLIVIA Y CHILE - innoticiasbo.com","robots":{"index":"index","follow":"follow","max-snippet":"max-snippet:-1","max-image-preview":"max-image-preview:large","max-video-preview":"max-video-preview:-1"},"canonical":"https:\/\/innoticiasbo.com\/index.php\/2026\/03\/10\/rodrigo-paz-destaca-un-gran-futuro-entre-bolivia-y-chile\/","og_locale":"es_ES","og_type":"article","og_title":"RODRIGO PAZ DESTACA \u201cUN GRAN FUTURO\u201d ENTRE BOLIVIA Y CHILE - innoticiasbo.com","og_description":"Chile, 10 de Marzo de 2026.- El presidente de Bolivia, Rodrigo Paz, resalt\u00f3 la posibilidad de construir \u201cun gran futuro\u201d entre Bolivia y Chile, tras su llegada al pa\u00eds vecino para participar en los actos de posesi\u00f3n del nuevo presidente chileno, Jos\u00e9 Antonio Kast. A trav\u00e9s de un mensaje publicado en sus redes sociales, el...","og_url":"https:\/\/innoticiasbo.com\/index.php\/2026\/03\/10\/rodrigo-paz-destaca-un-gran-futuro-entre-bolivia-y-chile\/","og_site_name":"innoticiasbo.com","article_publisher":"https:\/\/www.facebook.com\/innoticiasbolivia","article_published_time":"2026-03-11T02:16:40+00:00","article_modified_time":"2026-03-11T02:16:42+00:00","og_image":[{"width":800,"height":450,"url":"https:\/\/innoticiasbo.com\/wp-content\/uploads\/2026\/03\/image-123.png","type":"image\/png"}],"author":"Prensa 11","twitter_card":"summary_large_image","twitter_creator":"@innoticiasbo","twitter_site":"@innoticiasbo","twitter_misc":{"Escrito por":"Prensa 11","Tiempo de lectura":"2 minutos"},"schema":{"@context":"https:\/\/schema.org","@graph":[{"@type":"Article","@id":"https:\/\/innoticiasbo.com\/index.php\/2026\/03\/10\/rodrigo-paz-destaca-un-gran-futuro-entre-bolivia-y-chile\/#article","isPartOf":{"@id":"https:\/\/innoticiasbo.com\/index.php\/2026\/03\/10\/rodrigo-paz-destaca-un-gran-futuro-entre-bolivia-y-chile\/"},"author":{"name":"Prensa 11","@id":"https:\/\/innoticiasbo.com\/#\/schema\/person\/0b28481e8d0316f83a13bc702311def5"},"headline":"RODRIGO PAZ DESTACA \u201cUN GRAN FUTURO\u201d ENTRE BOLIVIA Y CHILE","datePublished":"2026-03-11T02:16:40+00:00","dateModified":"2026-03-11T02:16:42+00:00","mainEntityOfPage":{"@id":"https:\/\/innoticiasbo.com\/index.php\/2026\/03\/10\/rodrigo-paz-destaca-un-gran-futuro-entre-bolivia-y-chile\/"},"wordCount":267,"commentCount":0,"publisher":{"@id":"https:\/\/innoticiasbo.com\/#organization"},"image":{"@id":"https:\/\/innoticiasbo.com\/index.php\/2026\/03\/10\/rodrigo-paz-destaca-un-gran-futuro-entre-bolivia-y-chile\/#primaryimage"},"thumbnailUrl":"https:\/\/i0.wp.com\/innoticiasbo.com\/wp-content\/uploads\/2026\/03\/image-123.png?fit=800%2C450&ssl=1","keywords":["Bolivia","Chile","Pol\u00edtica","Relaciones Bolivia-Chile","relaciones internacionales","Rodrigo Paz"],"articleSection":["Bolivia","Internacional"],"inLanguage":"es","potentialAction":[{"@type":"CommentAction","name":"Comment","target":["https:\/\/innoticiasbo.com\/index.php\/2026\/03\/10\/rodrigo-paz-destaca-un-gran-futuro-entre-bolivia-y-chile\/#respond"]}]},{"@type":"WebPage","@id":"https:\/\/innoticiasbo.com\/index.php\/2026\/03\/10\/rodrigo-paz-destaca-un-gran-futuro-entre-bolivia-y-chile\/","url":"https:\/\/innoticiasbo.com\/index.php\/2026\/03\/10\/rodrigo-paz-destaca-un-gran-futuro-entre-bolivia-y-chile\/","name":"RODRIGO PAZ DESTACA \u201cUN GRAN FUTURO\u201d ENTRE BOLIVIA Y CHILE - innoticiasbo.com","isPartOf":{"@id":"https:\/\/innoticiasbo.com\/#website"},"primaryImageOfPage":{"@id":"https:\/\/innoticiasbo.com\/index.php\/2026\/03\/10\/rodrigo-paz-destaca-un-gran-futuro-entre-bolivia-y-chile\/#primaryimage"},"image":{"@id":"https:\/\/innoticiasbo.com\/index.php\/2026\/03\/10\/rodrigo-paz-destaca-un-gran-futuro-entre-bolivia-y-chile\/#primaryimage"},"thumbnailUrl":"https:\/\/i0.wp.com\/innoticiasbo.com\/wp-content\/uploads\/2026\/03\/image-123.png?fit=800%2C450&ssl=1","datePublished":"2026-03-11T02:16:40+00:00","dateModified":"2026-03-11T02:16:42+00:00","breadcrumb":{"@id":"https:\/\/innoticiasbo.com\/index.php\/2026\/03\/10\/rodrigo-paz-destaca-un-gran-futuro-entre-bolivia-y-chile\/#breadcrumb"},"inLanguage":"es","potentialAction":[{"@type":"ReadAction","target":["https:\/\/innoticiasbo.com\/index.php\/2026\/03\/10\/rodrigo-paz-destaca-un-gran-futuro-entre-bolivia-y-chile\/"]}]},{"@type":"ImageObject","inLanguage":"es","@id":"https:\/\/innoticiasbo.com\/index.php\/2026\/03\/10\/rodrigo-paz-destaca-un-gran-futuro-entre-bolivia-y-chile\/#primaryimage","url":"https:\/\/i0.wp.com\/innoticiasbo.com\/wp-content\/uploads\/2026\/03\/image-123.png?fit=800%2C450&ssl=1","contentUrl":"https:\/\/i0.wp.com\/innoticiasbo.com\/wp-content\/uploads\/2026\/03\/image-123.png?fit=800%2C450&ssl=1","width":800,"height":450},{"@type":"BreadcrumbList","@id":"https:\/\/innoticiasbo.com\/index.php\/2026\/03\/10\/rodrigo-paz-destaca-un-gran-futuro-entre-bolivia-y-chile\/#breadcrumb","itemListElement":[{"@type":"ListItem","position":1,"name":"Portada","item":"https:\/\/innoticiasbo.com\/"},{"@type":"ListItem","position":2,"name":"RODRIGO PAZ DESTACA \u201cUN GRAN FUTURO\u201d ENTRE BOLIVIA Y CHILE"}]},{"@type":"WebSite","@id":"https:\/\/innoticiasbo.com\/#website","url":"https:\/\/innoticiasbo.com\/","name":"innoticiasbo.com","description":"","publisher":{"@id":"https:\/\/innoticiasbo.com\/#organization"},"potentialAction":[{"@type":"SearchAction","target":{"@type":"EntryPoint","urlTemplate":"https:\/\/innoticiasbo.com\/?s={search_term_string}"},"query-input":{"@type":"PropertyValueSpecification","valueRequired":true,"valueName":"search_term_string"}}],"inLanguage":"es"},{"@type":"Organization","@id":"https:\/\/innoticiasbo.com\/#organization","name":"innoticiasbo.com","url":"https:\/\/innoticiasbo.com\/","logo":{"@type":"ImageObject","inLanguage":"es","@id":"https:\/\/innoticiasbo.com\/#\/schema\/logo\/image\/","url":"https:\/\/i0.wp.com\/innoticiasbo.com\/wp-content\/uploads\/2026\/04\/cropped-IN-LOGO.png?fit=1476%2C1476&ssl=1","contentUrl":"https:\/\/i0.wp.com\/innoticiasbo.com\/wp-content\/uploads\/2026\/04\/cropped-IN-LOGO.png?fit=1476%2C1476&ssl=1","width":1476,"height":1476,"caption":"innoticiasbo.com"},"image":{"@id":"https:\/\/innoticiasbo.com\/#\/schema\/logo\/image\/"},"sameAs":["https:\/\/www.facebook.com\/innoticiasbolivia","https:\/\/x.com\/innoticiasbo","https:\/\/www.instagram.com\/innoticiasbo","https:\/\/www.youtube.com\/innoticiasbo"]},{"@type":"Person","@id":"https:\/\/innoticiasbo.com\/#\/schema\/person\/0b28481e8d0316f83a13bc702311def5","name":"Prensa 11","image":{"@type":"ImageObject","inLanguage":"es","@id":"https:\/\/innoticiasbo.com\/#\/schema\/person\/image\/","url":"https:\/\/secure.gravatar.com\/avatar\/696560c17349f1807a610bf83832bad0?s=96&d=mm&r=g","contentUrl":"https:\/\/secure.gravatar.com\/avatar\/696560c17349f1807a610bf83832bad0?s=96&d=mm&r=g","caption":"Prensa 11"},"sameAs":["http:\/\/www.innoticiasbo.com"],"url":"https:\/\/innoticiasbo.com\/index.php\/author\/prensa-11\/"}]}},"jetpack_featured_media_url":"https:\/\/i0.wp.com\/innoticiasbo.com\/wp-content\/uploads\/2026\/03\/image-123.png?fit=800%2C450&ssl=1","jetpack_likes_enabled":true,"jetpack_sharing_enabled":true,"jetpack_shortlink":"https:\/\/wp.me\/pg298x-2rK","_links":{"self":[{"href":"https:\/\/innoticiasbo.com\/index.php\/wp-json\/wp\/v2\/posts\/9408","targetHints":{"allow":["GET"]}}],"collection":[{"href":"https:\/\/innoticiasbo.com\/index.php\/wp-json\/wp\/v2\/posts"}],"about":[{"href":"https:\/\/innoticiasbo.com\/index.php\/wp-json\/wp\/v2\/types\/post"}],"author":[{"embeddable":true,"href":"https:\/\/innoticiasbo.com\/index.php\/wp-json\/wp\/v2\/users\/11"}],"replies":[{"embeddable":true,"href":"https:\/\/innoticiasbo.com\/index.php\/wp-json\/wp\/v2\/comments?post=9408"}],"version-history":[{"count":1,"href":"https:\/\/innoticiasbo.com\/index.php\/wp-json\/wp\/v2\/posts\/9408\/revisions"}],"predecessor-version":[{"id":9410,"href":"https:\/\/innoticiasbo.com\/index.php\/wp-json\/wp\/v2\/posts\/9408\/revisions\/9410"}],"wp:featuredmedia":[{"embeddable":true,"href":"https:\/\/innoticiasbo.com\/index.php\/wp-json\/wp\/v2\/media\/9409"}],"wp:attachment":[{"href":"https:\/\/innoticiasbo.com\/index.php\/wp-json\/wp\/v2\/media?parent=9408"}],"wp:term":[{"taxonomy":"category","embeddable":true,"href":"https:\/\/innoticiasbo.com\/index.php\/wp-json\/wp\/v2\/categories?post=9408"},{"taxonomy":"post_tag","embeddable":true,"href":"https:\/\/innoticiasbo.com\/index.php\/wp-json\/wp\/v2\/tags?post=9408"}],"curies":[{"name":"wp","href":"https:\/\/api.w.org\/{rel}","templated":true}]}}