{"id":9405,"date":"2026-03-10T22:06:43","date_gmt":"2026-03-11T02:06:43","guid":{"rendered":"https:\/\/innoticiasbo.com\/?p=9405"},"modified":"2026-03-10T22:06:44","modified_gmt":"2026-03-11T02:06:44","slug":"activan-alerta-migratoria-contra-la-madre-acusada-de-intento-de-infanticidio-en-el-alto","status":"publish","type":"post","link":"https:\/\/innoticiasbo.com\/index.php\/2026\/03\/10\/activan-alerta-migratoria-contra-la-madre-acusada-de-intento-de-infanticidio-en-el-alto\/","title":{"rendered":"ACTIVAN ALERTA MIGRATORIA CONTRA LA MADRE ACUSADA DE INTENTO DE INFANTICIDIO EN EL ALTO"},"content":{"rendered":"\n<figure class=\"wp-block-image size-full\"><img data-recalc-dims=\"1\" loading=\"lazy\" decoding=\"async\" width=\"640\" height=\"360\" src=\"https:\/\/i0.wp.com\/innoticiasbo.com\/wp-content\/uploads\/2026\/03\/image-122.png?resize=640%2C360&#038;ssl=1\" alt=\"\" class=\"wp-image-9406\" srcset=\"https:\/\/i0.wp.com\/innoticiasbo.com\/wp-content\/uploads\/2026\/03\/image-122.png?w=800&amp;ssl=1 800w, https:\/\/i0.wp.com\/innoticiasbo.com\/wp-content\/uploads\/2026\/03\/image-122.png?resize=300%2C169&amp;ssl=1 300w, https:\/\/i0.wp.com\/innoticiasbo.com\/wp-content\/uploads\/2026\/03\/image-122.png?resize=768%2C432&amp;ssl=1 768w\" sizes=\"auto, (max-width: 640px) 100vw, 640px\" \/><figcaption class=\"wp-element-caption\">Foto: Red Uno<\/figcaption><\/figure>\n\n\n\n<p><strong>El Alto, 10 de Marzo de 2026.-<\/strong> El caso es investigado por el delito de tentativa de infanticidio, luego de que se estableciera que los tres menores habr\u00edan ingerido sustancias fosforadas y presentaban cortes en las mu\u00f1ecas.<\/p>\n\n\n\n<p>inisterio P\u00fablico anunci\u00f3 la activaci\u00f3n de una alerta migratoria para dar con el paradero de la madre acusada del presunto intento de infanticidio contra sus tres hijos en la ciudad de El Alto.<\/p>\n\n\n\n<p>La coordinadora de la Fiscal\u00eda en El Alto, Fabiola Pinto, inform\u00f3 que la medida forma parte de las acciones destinadas a asegurar la presencia de la principal sospechosa dentro del proceso investigativo.<\/p>\n\n\n\n<p>Seg\u00fan explic\u00f3 la autoridad, la Fiscal\u00eda tambi\u00e9n solicit\u00f3 informaci\u00f3n a empresas telef\u00f3nicas para la georreferenciaci\u00f3n y geolocalizaci\u00f3n de la mujer, quien hasta el momento no ha sido ubicada.<\/p>\n\n\n\n<p>\u201cSe est\u00e1n activando todos los mecanismos correspondientes para asegurar la presencia de la progenitora y que pueda ser sometida a las medidas cautelares que correspondan\u201d, se\u00f1al\u00f3 Pinto.<\/p>\n\n\n\n<p><strong>Investigaci\u00f3n por tentativa de infanticidio<\/strong><\/p>\n\n\n\n<p>El caso es investigado por el delito de tentativa de infanticidio, luego de que se estableciera que los tres menores habr\u00edan ingerido sustancias fosforadas y presentaban cortes en las mu\u00f1ecas, lesiones que comprometieron tejidos funcionales.<\/p>\n\n\n\n<p>De acuerdo con los informes m\u00e9dicos obtenidos por la Fiscal\u00eda, los menores presentan m\u00e1s de 40 d\u00edas de incapacidad, mientras que el ni\u00f1o de 11 a\u00f1os permanece en estado grave en terapia intensiva.<\/p>\n\n\n\n<p><strong>Posible c\u00f3mplice<\/strong><\/p>\n\n\n\n<p>Las investigaciones tambi\u00e9n permitieron identificar a un posible c\u00f3mplice o coautor en el hecho, seg\u00fan los primeros indicios recabados por el Ministerio P\u00fablico.<\/p>\n\n\n\n<p>Pinto explic\u00f3 que el objetivo es ubicar a la sospechosa y ponerla a disposici\u00f3n de la justicia, para que responda por el delito que se investiga.<\/p>\n\n\n\n<p>El hecho ocurri\u00f3 el pasado 7 de marzo en la ciudad de El Alto, y fue evitado gracias a la intervenci\u00f3n oportuna de vecinos y familiares, quienes auxiliaron a los menores y permitieron que recibieran atenci\u00f3n m\u00e9dica.<\/p>\n\n\n\n<p>Fuente: Red Uno<\/p>\n","protected":false},"excerpt":{"rendered":"<p>El Alto, 10 de Marzo de 2026.- El caso es investigado por el delito de tentativa de infanticidio, luego de que se estableciera que los tres menores habr\u00edan ingerido sustancias fosforadas y presentaban cortes en las mu\u00f1ecas. inisterio P\u00fablico anunci\u00f3 la activaci\u00f3n de una alerta migratoria para dar con el paradero de la madre acusada&#8230;<\/p>\n","protected":false},"author":11,"featured_media":9406,"comment_status":"open","ping_status":"open","sticky":false,"template":"","format":"standard","meta":{"_jetpack_memberships_contains_paid_content":false,"footnotes":"","jetpack_publicize_message":"","jetpack_publicize_feature_enabled":true,"jetpack_social_post_already_shared":true,"jetpack_social_options":{"image_generator_settings":{"template":"highway","enabled":false},"version":2}},"categories":[1,15],"tags":[1392,37,1393,86,1243],"class_list":["post-9405","post","type-post","status-publish","format-standard","has-post-thumbnail","hentry","category-bolivia","category-seguridad","tag-alerta-migratoria","tag-el-alto","tag-intento-de-infanticidio","tag-investigacion","tag-policial"],"jetpack_publicize_connections":[],"yoast_head":"<!-- This site is optimized with the Yoast SEO plugin v23.4 - https:\/\/yoast.com\/wordpress\/plugins\/seo\/ -->\n<title>ACTIVAN ALERTA MIGRATORIA CONTRA LA MADRE ACUSADA DE INTENTO DE INFANTICIDIO EN EL ALTO - innoticiasbo.com<\/title>\n<meta name=\"robots\" content=\"index, follow, max-snippet:-1, max-image-preview:large, max-video-preview:-1\" \/>\n<link rel=\"canonical\" href=\"https:\/\/innoticiasbo.com\/index.php\/2026\/03\/10\/activan-alerta-migratoria-contra-la-madre-acusada-de-intento-de-infanticidio-en-el-alto\/\" \/>\n<meta property=\"og:locale\" content=\"es_ES\" \/>\n<meta property=\"og:type\" content=\"article\" \/>\n<meta property=\"og:title\" content=\"ACTIVAN ALERTA MIGRATORIA CONTRA LA MADRE ACUSADA DE INTENTO DE INFANTICIDIO EN EL ALTO - innoticiasbo.com\" \/>\n<meta property=\"og:description\" content=\"El Alto, 10 de Marzo de 2026.- El caso es investigado por el delito de tentativa de infanticidio, luego de que se estableciera que los tres menores habr\u00edan ingerido sustancias fosforadas y presentaban cortes en las mu\u00f1ecas. inisterio P\u00fablico anunci\u00f3 la activaci\u00f3n de una alerta migratoria para dar con el paradero de la madre acusada...\" \/>\n<meta property=\"og:url\" content=\"https:\/\/innoticiasbo.com\/index.php\/2026\/03\/10\/activan-alerta-migratoria-contra-la-madre-acusada-de-intento-de-infanticidio-en-el-alto\/\" \/>\n<meta property=\"og:site_name\" content=\"innoticiasbo.com\" \/>\n<meta property=\"article:publisher\" content=\"https:\/\/www.facebook.com\/innoticiasbolivia\" \/>\n<meta property=\"article:published_time\" content=\"2026-03-11T02:06:43+00:00\" \/>\n<meta property=\"article:modified_time\" content=\"2026-03-11T02:06:44+00:00\" \/>\n<meta property=\"og:image\" content=\"https:\/\/innoticiasbo.com\/wp-content\/uploads\/2026\/03\/image-122.png\" \/>\n\t<meta property=\"og:image:width\" content=\"800\" \/>\n\t<meta property=\"og:image:height\" content=\"450\" \/>\n\t<meta property=\"og:image:type\" content=\"image\/png\" \/>\n<meta name=\"author\" content=\"Prensa 11\" \/>\n<meta name=\"twitter:card\" content=\"summary_large_image\" \/>\n<meta name=\"twitter:creator\" content=\"@innoticiasbo\" \/>\n<meta name=\"twitter:site\" content=\"@innoticiasbo\" \/>\n<meta name=\"twitter:label1\" content=\"Escrito por\" \/>\n\t<meta name=\"twitter:data1\" content=\"Prensa 11\" \/>\n\t<meta name=\"twitter:label2\" content=\"Tiempo de lectura\" \/>\n\t<meta name=\"twitter:data2\" content=\"2 minutos\" \/>\n<script type=\"application\/ld+json\" class=\"yoast-schema-graph\">{\"@context\":\"https:\/\/schema.org\",\"@graph\":[{\"@type\":\"Article\",\"@id\":\"https:\/\/innoticiasbo.com\/index.php\/2026\/03\/10\/activan-alerta-migratoria-contra-la-madre-acusada-de-intento-de-infanticidio-en-el-alto\/#article\",\"isPartOf\":{\"@id\":\"https:\/\/innoticiasbo.com\/index.php\/2026\/03\/10\/activan-alerta-migratoria-contra-la-madre-acusada-de-intento-de-infanticidio-en-el-alto\/\"},\"author\":{\"name\":\"Prensa 11\",\"@id\":\"https:\/\/innoticiasbo.com\/#\/schema\/person\/0b28481e8d0316f83a13bc702311def5\"},\"headline\":\"ACTIVAN ALERTA MIGRATORIA CONTRA LA MADRE ACUSADA DE INTENTO DE INFANTICIDIO EN EL ALTO\",\"datePublished\":\"2026-03-11T02:06:43+00:00\",\"dateModified\":\"2026-03-11T02:06:44+00:00\",\"mainEntityOfPage\":{\"@id\":\"https:\/\/innoticiasbo.com\/index.php\/2026\/03\/10\/activan-alerta-migratoria-contra-la-madre-acusada-de-intento-de-infanticidio-en-el-alto\/\"},\"wordCount\":366,\"commentCount\":0,\"publisher\":{\"@id\":\"https:\/\/innoticiasbo.com\/#organization\"},\"image\":{\"@id\":\"https:\/\/innoticiasbo.com\/index.php\/2026\/03\/10\/activan-alerta-migratoria-contra-la-madre-acusada-de-intento-de-infanticidio-en-el-alto\/#primaryimage\"},\"thumbnailUrl\":\"https:\/\/i0.wp.com\/innoticiasbo.com\/wp-content\/uploads\/2026\/03\/image-122.png?fit=800%2C450&ssl=1\",\"keywords\":[\"Alerta migratoria\",\"El Alto\",\"Intento de infanticidio\",\"investigaci\u00f3n\",\"Policial\"],\"articleSection\":[\"Bolivia\",\"Seguridad\"],\"inLanguage\":\"es\",\"potentialAction\":[{\"@type\":\"CommentAction\",\"name\":\"Comment\",\"target\":[\"https:\/\/innoticiasbo.com\/index.php\/2026\/03\/10\/activan-alerta-migratoria-contra-la-madre-acusada-de-intento-de-infanticidio-en-el-alto\/#respond\"]}]},{\"@type\":\"WebPage\",\"@id\":\"https:\/\/innoticiasbo.com\/index.php\/2026\/03\/10\/activan-alerta-migratoria-contra-la-madre-acusada-de-intento-de-infanticidio-en-el-alto\/\",\"url\":\"https:\/\/innoticiasbo.com\/index.php\/2026\/03\/10\/activan-alerta-migratoria-contra-la-madre-acusada-de-intento-de-infanticidio-en-el-alto\/\",\"name\":\"ACTIVAN ALERTA MIGRATORIA CONTRA LA MADRE ACUSADA DE INTENTO DE INFANTICIDIO EN EL ALTO - innoticiasbo.com\",\"isPartOf\":{\"@id\":\"https:\/\/innoticiasbo.com\/#website\"},\"primaryImageOfPage\":{\"@id\":\"https:\/\/innoticiasbo.com\/index.php\/2026\/03\/10\/activan-alerta-migratoria-contra-la-madre-acusada-de-intento-de-infanticidio-en-el-alto\/#primaryimage\"},\"image\":{\"@id\":\"https:\/\/innoticiasbo.com\/index.php\/2026\/03\/10\/activan-alerta-migratoria-contra-la-madre-acusada-de-intento-de-infanticidio-en-el-alto\/#primaryimage\"},\"thumbnailUrl\":\"https:\/\/i0.wp.com\/innoticiasbo.com\/wp-content\/uploads\/2026\/03\/image-122.png?fit=800%2C450&ssl=1\",\"datePublished\":\"2026-03-11T02:06:43+00:00\",\"dateModified\":\"2026-03-11T02:06:44+00:00\",\"breadcrumb\":{\"@id\":\"https:\/\/innoticiasbo.com\/index.php\/2026\/03\/10\/activan-alerta-migratoria-contra-la-madre-acusada-de-intento-de-infanticidio-en-el-alto\/#breadcrumb\"},\"inLanguage\":\"es\",\"potentialAction\":[{\"@type\":\"ReadAction\",\"target\":[\"https:\/\/innoticiasbo.com\/index.php\/2026\/03\/10\/activan-alerta-migratoria-contra-la-madre-acusada-de-intento-de-infanticidio-en-el-alto\/\"]}]},{\"@type\":\"ImageObject\",\"inLanguage\":\"es\",\"@id\":\"https:\/\/innoticiasbo.com\/index.php\/2026\/03\/10\/activan-alerta-migratoria-contra-la-madre-acusada-de-intento-de-infanticidio-en-el-alto\/#primaryimage\",\"url\":\"https:\/\/i0.wp.com\/innoticiasbo.com\/wp-content\/uploads\/2026\/03\/image-122.png?fit=800%2C450&ssl=1\",\"contentUrl\":\"https:\/\/i0.wp.com\/innoticiasbo.com\/wp-content\/uploads\/2026\/03\/image-122.png?fit=800%2C450&ssl=1\",\"width\":800,\"height\":450},{\"@type\":\"BreadcrumbList\",\"@id\":\"https:\/\/innoticiasbo.com\/index.php\/2026\/03\/10\/activan-alerta-migratoria-contra-la-madre-acusada-de-intento-de-infanticidio-en-el-alto\/#breadcrumb\",\"itemListElement\":[{\"@type\":\"ListItem\",\"position\":1,\"name\":\"Portada\",\"item\":\"https:\/\/innoticiasbo.com\/\"},{\"@type\":\"ListItem\",\"position\":2,\"name\":\"ACTIVAN ALERTA MIGRATORIA CONTRA LA MADRE ACUSADA DE INTENTO DE INFANTICIDIO EN EL ALTO\"}]},{\"@type\":\"WebSite\",\"@id\":\"https:\/\/innoticiasbo.com\/#website\",\"url\":\"https:\/\/innoticiasbo.com\/\",\"name\":\"innoticiasbo.com\",\"description\":\"\",\"publisher\":{\"@id\":\"https:\/\/innoticiasbo.com\/#organization\"},\"potentialAction\":[{\"@type\":\"SearchAction\",\"target\":{\"@type\":\"EntryPoint\",\"urlTemplate\":\"https:\/\/innoticiasbo.com\/?s={search_term_string}\"},\"query-input\":{\"@type\":\"PropertyValueSpecification\",\"valueRequired\":true,\"valueName\":\"search_term_string\"}}],\"inLanguage\":\"es\"},{\"@type\":\"Organization\",\"@id\":\"https:\/\/innoticiasbo.com\/#organization\",\"name\":\"innoticiasbo.com\",\"url\":\"https:\/\/innoticiasbo.com\/\",\"logo\":{\"@type\":\"ImageObject\",\"inLanguage\":\"es\",\"@id\":\"https:\/\/innoticiasbo.com\/#\/schema\/logo\/image\/\",\"url\":\"https:\/\/i0.wp.com\/innoticiasbo.com\/wp-content\/uploads\/2026\/04\/cropped-IN-LOGO.png?fit=1476%2C1476&ssl=1\",\"contentUrl\":\"https:\/\/i0.wp.com\/innoticiasbo.com\/wp-content\/uploads\/2026\/04\/cropped-IN-LOGO.png?fit=1476%2C1476&ssl=1\",\"width\":1476,\"height\":1476,\"caption\":\"innoticiasbo.com\"},\"image\":{\"@id\":\"https:\/\/innoticiasbo.com\/#\/schema\/logo\/image\/\"},\"sameAs\":[\"https:\/\/www.facebook.com\/innoticiasbolivia\",\"https:\/\/x.com\/innoticiasbo\",\"https:\/\/www.instagram.com\/innoticiasbo\",\"https:\/\/www.youtube.com\/innoticiasbo\"]},{\"@type\":\"Person\",\"@id\":\"https:\/\/innoticiasbo.com\/#\/schema\/person\/0b28481e8d0316f83a13bc702311def5\",\"name\":\"Prensa 11\",\"image\":{\"@type\":\"ImageObject\",\"inLanguage\":\"es\",\"@id\":\"https:\/\/innoticiasbo.com\/#\/schema\/person\/image\/\",\"url\":\"https:\/\/secure.gravatar.com\/avatar\/696560c17349f1807a610bf83832bad0?s=96&d=mm&r=g\",\"contentUrl\":\"https:\/\/secure.gravatar.com\/avatar\/696560c17349f1807a610bf83832bad0?s=96&d=mm&r=g\",\"caption\":\"Prensa 11\"},\"sameAs\":[\"http:\/\/www.innoticiasbo.com\"],\"url\":\"https:\/\/innoticiasbo.com\/index.php\/author\/prensa-11\/\"}]}<\/script>\n<!-- \/ Yoast SEO plugin. -->","yoast_head_json":{"title":"ACTIVAN ALERTA MIGRATORIA CONTRA LA MADRE ACUSADA DE INTENTO DE INFANTICIDIO EN EL ALTO - innoticiasbo.com","robots":{"index":"index","follow":"follow","max-snippet":"max-snippet:-1","max-image-preview":"max-image-preview:large","max-video-preview":"max-video-preview:-1"},"canonical":"https:\/\/innoticiasbo.com\/index.php\/2026\/03\/10\/activan-alerta-migratoria-contra-la-madre-acusada-de-intento-de-infanticidio-en-el-alto\/","og_locale":"es_ES","og_type":"article","og_title":"ACTIVAN ALERTA MIGRATORIA CONTRA LA MADRE ACUSADA DE INTENTO DE INFANTICIDIO EN EL ALTO - innoticiasbo.com","og_description":"El Alto, 10 de Marzo de 2026.- El caso es investigado por el delito de tentativa de infanticidio, luego de que se estableciera que los tres menores habr\u00edan ingerido sustancias fosforadas y presentaban cortes en las mu\u00f1ecas. inisterio P\u00fablico anunci\u00f3 la activaci\u00f3n de una alerta migratoria para dar con el paradero de la madre acusada...","og_url":"https:\/\/innoticiasbo.com\/index.php\/2026\/03\/10\/activan-alerta-migratoria-contra-la-madre-acusada-de-intento-de-infanticidio-en-el-alto\/","og_site_name":"innoticiasbo.com","article_publisher":"https:\/\/www.facebook.com\/innoticiasbolivia","article_published_time":"2026-03-11T02:06:43+00:00","article_modified_time":"2026-03-11T02:06:44+00:00","og_image":[{"width":800,"height":450,"url":"https:\/\/innoticiasbo.com\/wp-content\/uploads\/2026\/03\/image-122.png","type":"image\/png"}],"author":"Prensa 11","twitter_card":"summary_large_image","twitter_creator":"@innoticiasbo","twitter_site":"@innoticiasbo","twitter_misc":{"Escrito por":"Prensa 11","Tiempo de lectura":"2 minutos"},"schema":{"@context":"https:\/\/schema.org","@graph":[{"@type":"Article","@id":"https:\/\/innoticiasbo.com\/index.php\/2026\/03\/10\/activan-alerta-migratoria-contra-la-madre-acusada-de-intento-de-infanticidio-en-el-alto\/#article","isPartOf":{"@id":"https:\/\/innoticiasbo.com\/index.php\/2026\/03\/10\/activan-alerta-migratoria-contra-la-madre-acusada-de-intento-de-infanticidio-en-el-alto\/"},"author":{"name":"Prensa 11","@id":"https:\/\/innoticiasbo.com\/#\/schema\/person\/0b28481e8d0316f83a13bc702311def5"},"headline":"ACTIVAN ALERTA MIGRATORIA CONTRA LA MADRE ACUSADA DE INTENTO DE INFANTICIDIO EN EL ALTO","datePublished":"2026-03-11T02:06:43+00:00","dateModified":"2026-03-11T02:06:44+00:00","mainEntityOfPage":{"@id":"https:\/\/innoticiasbo.com\/index.php\/2026\/03\/10\/activan-alerta-migratoria-contra-la-madre-acusada-de-intento-de-infanticidio-en-el-alto\/"},"wordCount":366,"commentCount":0,"publisher":{"@id":"https:\/\/innoticiasbo.com\/#organization"},"image":{"@id":"https:\/\/innoticiasbo.com\/index.php\/2026\/03\/10\/activan-alerta-migratoria-contra-la-madre-acusada-de-intento-de-infanticidio-en-el-alto\/#primaryimage"},"thumbnailUrl":"https:\/\/i0.wp.com\/innoticiasbo.com\/wp-content\/uploads\/2026\/03\/image-122.png?fit=800%2C450&ssl=1","keywords":["Alerta migratoria","El Alto","Intento de infanticidio","investigaci\u00f3n","Policial"],"articleSection":["Bolivia","Seguridad"],"inLanguage":"es","potentialAction":[{"@type":"CommentAction","name":"Comment","target":["https:\/\/innoticiasbo.com\/index.php\/2026\/03\/10\/activan-alerta-migratoria-contra-la-madre-acusada-de-intento-de-infanticidio-en-el-alto\/#respond"]}]},{"@type":"WebPage","@id":"https:\/\/innoticiasbo.com\/index.php\/2026\/03\/10\/activan-alerta-migratoria-contra-la-madre-acusada-de-intento-de-infanticidio-en-el-alto\/","url":"https:\/\/innoticiasbo.com\/index.php\/2026\/03\/10\/activan-alerta-migratoria-contra-la-madre-acusada-de-intento-de-infanticidio-en-el-alto\/","name":"ACTIVAN ALERTA MIGRATORIA CONTRA LA MADRE ACUSADA DE INTENTO DE INFANTICIDIO EN EL ALTO - innoticiasbo.com","isPartOf":{"@id":"https:\/\/innoticiasbo.com\/#website"},"primaryImageOfPage":{"@id":"https:\/\/innoticiasbo.com\/index.php\/2026\/03\/10\/activan-alerta-migratoria-contra-la-madre-acusada-de-intento-de-infanticidio-en-el-alto\/#primaryimage"},"image":{"@id":"https:\/\/innoticiasbo.com\/index.php\/2026\/03\/10\/activan-alerta-migratoria-contra-la-madre-acusada-de-intento-de-infanticidio-en-el-alto\/#primaryimage"},"thumbnailUrl":"https:\/\/i0.wp.com\/innoticiasbo.com\/wp-content\/uploads\/2026\/03\/image-122.png?fit=800%2C450&ssl=1","datePublished":"2026-03-11T02:06:43+00:00","dateModified":"2026-03-11T02:06:44+00:00","breadcrumb":{"@id":"https:\/\/innoticiasbo.com\/index.php\/2026\/03\/10\/activan-alerta-migratoria-contra-la-madre-acusada-de-intento-de-infanticidio-en-el-alto\/#breadcrumb"},"inLanguage":"es","potentialAction":[{"@type":"ReadAction","target":["https:\/\/innoticiasbo.com\/index.php\/2026\/03\/10\/activan-alerta-migratoria-contra-la-madre-acusada-de-intento-de-infanticidio-en-el-alto\/"]}]},{"@type":"ImageObject","inLanguage":"es","@id":"https:\/\/innoticiasbo.com\/index.php\/2026\/03\/10\/activan-alerta-migratoria-contra-la-madre-acusada-de-intento-de-infanticidio-en-el-alto\/#primaryimage","url":"https:\/\/i0.wp.com\/innoticiasbo.com\/wp-content\/uploads\/2026\/03\/image-122.png?fit=800%2C450&ssl=1","contentUrl":"https:\/\/i0.wp.com\/innoticiasbo.com\/wp-content\/uploads\/2026\/03\/image-122.png?fit=800%2C450&ssl=1","width":800,"height":450},{"@type":"BreadcrumbList","@id":"https:\/\/innoticiasbo.com\/index.php\/2026\/03\/10\/activan-alerta-migratoria-contra-la-madre-acusada-de-intento-de-infanticidio-en-el-alto\/#breadcrumb","itemListElement":[{"@type":"ListItem","position":1,"name":"Portada","item":"https:\/\/innoticiasbo.com\/"},{"@type":"ListItem","position":2,"name":"ACTIVAN ALERTA MIGRATORIA CONTRA LA MADRE ACUSADA DE INTENTO DE INFANTICIDIO EN EL ALTO"}]},{"@type":"WebSite","@id":"https:\/\/innoticiasbo.com\/#website","url":"https:\/\/innoticiasbo.com\/","name":"innoticiasbo.com","description":"","publisher":{"@id":"https:\/\/innoticiasbo.com\/#organization"},"potentialAction":[{"@type":"SearchAction","target":{"@type":"EntryPoint","urlTemplate":"https:\/\/innoticiasbo.com\/?s={search_term_string}"},"query-input":{"@type":"PropertyValueSpecification","valueRequired":true,"valueName":"search_term_string"}}],"inLanguage":"es"},{"@type":"Organization","@id":"https:\/\/innoticiasbo.com\/#organization","name":"innoticiasbo.com","url":"https:\/\/innoticiasbo.com\/","logo":{"@type":"ImageObject","inLanguage":"es","@id":"https:\/\/innoticiasbo.com\/#\/schema\/logo\/image\/","url":"https:\/\/i0.wp.com\/innoticiasbo.com\/wp-content\/uploads\/2026\/04\/cropped-IN-LOGO.png?fit=1476%2C1476&ssl=1","contentUrl":"https:\/\/i0.wp.com\/innoticiasbo.com\/wp-content\/uploads\/2026\/04\/cropped-IN-LOGO.png?fit=1476%2C1476&ssl=1","width":1476,"height":1476,"caption":"innoticiasbo.com"},"image":{"@id":"https:\/\/innoticiasbo.com\/#\/schema\/logo\/image\/"},"sameAs":["https:\/\/www.facebook.com\/innoticiasbolivia","https:\/\/x.com\/innoticiasbo","https:\/\/www.instagram.com\/innoticiasbo","https:\/\/www.youtube.com\/innoticiasbo"]},{"@type":"Person","@id":"https:\/\/innoticiasbo.com\/#\/schema\/person\/0b28481e8d0316f83a13bc702311def5","name":"Prensa 11","image":{"@type":"ImageObject","inLanguage":"es","@id":"https:\/\/innoticiasbo.com\/#\/schema\/person\/image\/","url":"https:\/\/secure.gravatar.com\/avatar\/696560c17349f1807a610bf83832bad0?s=96&d=mm&r=g","contentUrl":"https:\/\/secure.gravatar.com\/avatar\/696560c17349f1807a610bf83832bad0?s=96&d=mm&r=g","caption":"Prensa 11"},"sameAs":["http:\/\/www.innoticiasbo.com"],"url":"https:\/\/innoticiasbo.com\/index.php\/author\/prensa-11\/"}]}},"jetpack_featured_media_url":"https:\/\/i0.wp.com\/innoticiasbo.com\/wp-content\/uploads\/2026\/03\/image-122.png?fit=800%2C450&ssl=1","jetpack_likes_enabled":true,"jetpack_sharing_enabled":true,"jetpack_shortlink":"https:\/\/wp.me\/pg298x-2rH","_links":{"self":[{"href":"https:\/\/innoticiasbo.com\/index.php\/wp-json\/wp\/v2\/posts\/9405","targetHints":{"allow":["GET"]}}],"collection":[{"href":"https:\/\/innoticiasbo.com\/index.php\/wp-json\/wp\/v2\/posts"}],"about":[{"href":"https:\/\/innoticiasbo.com\/index.php\/wp-json\/wp\/v2\/types\/post"}],"author":[{"embeddable":true,"href":"https:\/\/innoticiasbo.com\/index.php\/wp-json\/wp\/v2\/users\/11"}],"replies":[{"embeddable":true,"href":"https:\/\/innoticiasbo.com\/index.php\/wp-json\/wp\/v2\/comments?post=9405"}],"version-history":[{"count":1,"href":"https:\/\/innoticiasbo.com\/index.php\/wp-json\/wp\/v2\/posts\/9405\/revisions"}],"predecessor-version":[{"id":9407,"href":"https:\/\/innoticiasbo.com\/index.php\/wp-json\/wp\/v2\/posts\/9405\/revisions\/9407"}],"wp:featuredmedia":[{"embeddable":true,"href":"https:\/\/innoticiasbo.com\/index.php\/wp-json\/wp\/v2\/media\/9406"}],"wp:attachment":[{"href":"https:\/\/innoticiasbo.com\/index.php\/wp-json\/wp\/v2\/media?parent=9405"}],"wp:term":[{"taxonomy":"category","embeddable":true,"href":"https:\/\/innoticiasbo.com\/index.php\/wp-json\/wp\/v2\/categories?post=9405"},{"taxonomy":"post_tag","embeddable":true,"href":"https:\/\/innoticiasbo.com\/index.php\/wp-json\/wp\/v2\/tags?post=9405"}],"curies":[{"name":"wp","href":"https:\/\/api.w.org\/{rel}","templated":true}]}}