{"id":9396,"date":"2026-03-10T14:01:44","date_gmt":"2026-03-10T18:01:44","guid":{"rendered":"https:\/\/innoticiasbo.com\/?p=9396"},"modified":"2026-03-10T14:01:45","modified_gmt":"2026-03-10T18:01:45","slug":"paz-ve-turbulencia-la-alp-observa-y-pone-condiciones-para-la-gobernabilidad","status":"publish","type":"post","link":"https:\/\/innoticiasbo.com\/index.php\/2026\/03\/10\/paz-ve-turbulencia-la-alp-observa-y-pone-condiciones-para-la-gobernabilidad\/","title":{"rendered":"PAZ VE \u201cTURBULENCIA\u201d; LA ALP OBSERVA Y PONE CONDICIONES PARA LA GOBERNABILIDAD"},"content":{"rendered":"\n<figure class=\"wp-block-image size-large\"><img data-recalc-dims=\"1\" loading=\"lazy\" decoding=\"async\" width=\"640\" height=\"360\" src=\"https:\/\/i0.wp.com\/innoticiasbo.com\/wp-content\/uploads\/2026\/03\/image-119.png?resize=640%2C360&#038;ssl=1\" alt=\"\" class=\"wp-image-9397\" srcset=\"https:\/\/i0.wp.com\/innoticiasbo.com\/wp-content\/uploads\/2026\/03\/image-119.png?resize=1024%2C576&amp;ssl=1 1024w, https:\/\/i0.wp.com\/innoticiasbo.com\/wp-content\/uploads\/2026\/03\/image-119.png?resize=300%2C169&amp;ssl=1 300w, https:\/\/i0.wp.com\/innoticiasbo.com\/wp-content\/uploads\/2026\/03\/image-119.png?resize=768%2C432&amp;ssl=1 768w, https:\/\/i0.wp.com\/innoticiasbo.com\/wp-content\/uploads\/2026\/03\/image-119.png?w=1200&amp;ssl=1 1200w\" sizes=\"auto, (max-width: 640px) 100vw, 640px\" \/><\/figure>\n\n\n\n<p><strong>La Paz, 10 de Marzo de 2026.- <\/strong>La oposici\u00f3n est\u00e1 preocupada porque tras los anuncios del jefe de Estado, por lo menos el primer semestre de este 2026, la econom\u00eda seguir\u00e1 bajo la l\u00ednea populista del MAS. Dicen que el cambio de gobernadores y alcaldes no cambiar\u00e1 el escenario<\/p>\n\n\n\n<p>El contexto en el que se desarrolla el proceso de las elecciones subnacionales, sumado a las tensiones que genera la promesa electoral de distribuir los recursos bajo el esquema 50\/50, mantiene al presidente Rodrigo Paz en un escenario de \u201cturbulencia\u201d. Sin embargo, el jefe de Estado apuesta a que esas tensiones disminuyan despu\u00e9s del 22 de marzo. Es un plazo que se ha fijado para enviar a la Asamblea Legislativa los proyectos de ley estructurales, el presupuesto reformulado y otras iniciativas consideradas clave.<\/p>\n\n\n\n<p>Desde el Parlamento no comparten el optimismo del mandatario. Por el contrario, expresan su preocupaci\u00f3n porque, tras 122 d\u00edas en el poder, observan que Paz Pereira a\u00fan no ha remitido ninguno de los tres tipos de proyectos de ley pendientes para su tratamiento y aprobaci\u00f3n: las leyes estructurales, los cr\u00e9ditos externos y el presupuesto.<\/p>\n\n\n\n<p>Mientras tanto, la l\u00ednea del PDC que respalda al presidente destaca su intensa agenda internacional orientada a abrir mercados y atraer inversiones. Pero, en paralelo, hay voces cr\u00edticas en el Legislativo. Entre ellas se encuentra la bancada opositora de Libre, que sostiene que tiene la llave de la gobernabilidad de Paz y que, por lo tanto, impondr\u00e1 condiciones para la aprobaci\u00f3n de cualquier norma: consensos reales, di\u00e1logo con las regiones y acceso a informaci\u00f3n transparente.<br>Tras las subnacionales<\/p>\n\n\n\n<p>Para el jefe de Estado, la realizaci\u00f3n de las elecciones de gobernadores y alcaldes marcar\u00e1 un punto de inflexi\u00f3n que permitir\u00e1 iniciar los cambios estructurales. \u00bfLa raz\u00f3n? Seg\u00fan su criterio, despu\u00e9s del 22 de marzo habr\u00e1 nuevas autoridades subnacionales y se reducir\u00e1 el clima de confrontaci\u00f3n pol\u00edtica. \u201cSon cuatro meses de gesti\u00f3n. Espero que la turbulencia pol\u00edtica se acabe el 22. Hay mucha confrontaci\u00f3n por el tema de las subnacionales. Una vez que pase esa fecha, vamos a entregar todo el paquete de normas y leyes que el pa\u00eds necesita\u201d, se\u00f1al\u00f3 Paz.<\/p>\n\n\n\n<p>Aunque el presidente no se refiri\u00f3 directamente al tema, se conoce que el Ejecutivo tampoco est\u00e1 acelerando el proceso de renovaci\u00f3n del cuerpo diplom\u00e1tico de Bolivia, es decir, el nombramiento de nuevos embajadores y c\u00f3nsules, un tr\u00e1mite que debe ser aprobado por el Senado. Hasta ahora, en esa c\u00e1mara no se ha tratado ninguna designaci\u00f3n de diplom\u00e1ticos.<br>Desde el Legislativo<\/p>\n\n\n\n<p>La bancada de Libre observa un escenario a\u00fan m\u00e1s complejo para el presidente Paz, debido a que en el Legislativo no cuenta con mayor\u00eda absoluta. El partido con el que gan\u00f3 las elecciones \u2014el PDC\u2014 se encuentra dividido en al menos tres fracciones, y el \u00fanico respaldo eventual que tiene proviene de la alianza Unidad, liderada por Samuel Doria Medina, aunque ni siquiera ese apoyo le garantiza alcanzar la mayor\u00eda absoluta.<\/p>\n\n\n\n<p>El senador Jos\u00e9 Manuel Ormachea (Libre) dej\u00f3 en claro que, sin el respaldo de su bancada opositora, el Gobierno no tendr\u00e1 ninguna ley aprobada.<\/p>\n\n\n\n<p>\u201cNosotros como Libre somos el candado legislativo en la C\u00e1mara Alta y en la C\u00e1mara Baja. Ning\u00fan proyecto pasa en su aprobaci\u00f3n sin el visto bueno de Libre. Eso tiene que quedar absolutamente claro. No se podr\u00e1 pasar por encima a la bancada de Libre\u201d, subray\u00f3 Ormachea en declaraciones a EL DEBER.<\/p>\n\n\n\n<p>El legislador a\u00f1adi\u00f3 que cualquier proyecto debe ser previamente socializado e informado de manera democr\u00e1tica y transparente con la oposici\u00f3n.<\/p>\n\n\n\n<p>Desde el PDC aseguran que ya se est\u00e1 trabajando en el paquete de leyes estructurales para su posterior env\u00edo a la Asamblea Legislativa, as\u00ed como en el presupuesto, una tarea que \u2014seg\u00fan explican\u2014 requiere un tratamiento especial debido a los m\u00faltiples ajustes y cambios que el Ejecutivo ha realizado respecto al presupuesto anterior.<\/p>\n\n\n\n<p>Reuni\u00f3n con Autonom\u00edas<\/p>\n\n\n\n<p>El exsenador y analista pol\u00edtico Carlos B\u00f6rth advirti\u00f3 sobre la urgencia de tratar y aprobar normas estructurales en sectores estrat\u00e9gicos, como la ley de inversiones y las leyes sectoriales vinculadas a hidrocarburos, miner\u00eda, litio, agricultura, agua, seguridad jur\u00eddica, alivio fiscal para las empresas y atracci\u00f3n de inversiones.<\/p>\n\n\n\n<p>\u201cEs absolutamente necesario. Mientras no se aprueben esas nuevas leyes, la situaci\u00f3n del pa\u00eds no va a cambiar. Incluso con las nuevas leyes aprobadas, su puesta en pr\u00e1ctica va a requerir muchos meses, probablemente hasta dos gestiones para que comiencen a dar resultados\u201d, se\u00f1al\u00f3 B\u00f6rth en declaraciones a EL DEBER.<\/p>\n\n\n\n<p>Asimismo, considera urgente el tratamiento y la aprobaci\u00f3n del Presupuesto, debido a que el presupuesto heredado del MAS \u2014seg\u00fan su criterio\u2014 ya no responde a la realidad econ\u00f3mica actual<\/p>\n\n\n\n<p>En ese marco, B\u00f6rth anticipa una relaci\u00f3n complicada entre el Ejecutivo y el Legislativo debido a lo que define como una \u201cpeligrosa dispersi\u00f3n de fuerzas\u201d. Esta fragmentaci\u00f3n \u2014explic\u00f3\u2014 no solo se observa en la divisi\u00f3n del PDC, sino tambi\u00e9n dentro de la propia bancada de Libre y en sectores de Unidad, aliados del presidente Paz.<\/p>\n\n\n\n<p>Fuente: El Deber<\/p>\n","protected":false},"excerpt":{"rendered":"<p>La Paz, 10 de Marzo de 2026.- La oposici\u00f3n est\u00e1 preocupada porque tras los anuncios del jefe de Estado, por lo menos el primer semestre de este 2026, la econom\u00eda seguir\u00e1 bajo la l\u00ednea populista del MAS. Dicen que el cambio de gobernadores y alcaldes no cambiar\u00e1 el escenario El contexto en el que se&#8230;<\/p>\n","protected":false},"author":11,"featured_media":9397,"comment_status":"open","ping_status":"open","sticky":false,"template":"","format":"standard","meta":{"_jetpack_memberships_contains_paid_content":false,"footnotes":"","jetpack_publicize_message":"","jetpack_publicize_feature_enabled":true,"jetpack_social_post_already_shared":true,"jetpack_social_options":{"image_generator_settings":{"template":"highway","enabled":false},"version":2}},"categories":[3],"tags":[1385,7,10,345],"class_list":["post-9396","post","type-post","status-publish","format-standard","has-post-thumbnail","hentry","category-politica","tag-alp","tag-bolivia","tag-politica","tag-rodrigo-paz"],"jetpack_publicize_connections":[],"yoast_head":"<!-- This site is optimized with the Yoast SEO plugin v23.4 - https:\/\/yoast.com\/wordpress\/plugins\/seo\/ -->\n<title>PAZ VE \u201cTURBULENCIA\u201d; LA ALP OBSERVA Y PONE CONDICIONES PARA LA GOBERNABILIDAD - innoticiasbo.com<\/title>\n<meta name=\"robots\" content=\"index, follow, max-snippet:-1, max-image-preview:large, max-video-preview:-1\" \/>\n<link rel=\"canonical\" href=\"https:\/\/innoticiasbo.com\/index.php\/2026\/03\/10\/paz-ve-turbulencia-la-alp-observa-y-pone-condiciones-para-la-gobernabilidad\/\" \/>\n<meta property=\"og:locale\" content=\"es_ES\" \/>\n<meta property=\"og:type\" content=\"article\" \/>\n<meta property=\"og:title\" content=\"PAZ VE \u201cTURBULENCIA\u201d; LA ALP OBSERVA Y PONE CONDICIONES PARA LA GOBERNABILIDAD - innoticiasbo.com\" \/>\n<meta property=\"og:description\" content=\"La Paz, 10 de Marzo de 2026.- La oposici\u00f3n est\u00e1 preocupada porque tras los anuncios del jefe de Estado, por lo menos el primer semestre de este 2026, la econom\u00eda seguir\u00e1 bajo la l\u00ednea populista del MAS. Dicen que el cambio de gobernadores y alcaldes no cambiar\u00e1 el escenario El contexto en el que se...\" \/>\n<meta property=\"og:url\" content=\"https:\/\/innoticiasbo.com\/index.php\/2026\/03\/10\/paz-ve-turbulencia-la-alp-observa-y-pone-condiciones-para-la-gobernabilidad\/\" \/>\n<meta property=\"og:site_name\" content=\"innoticiasbo.com\" \/>\n<meta property=\"article:publisher\" content=\"https:\/\/www.facebook.com\/innoticiasbolivia\" \/>\n<meta property=\"article:published_time\" content=\"2026-03-10T18:01:44+00:00\" \/>\n<meta property=\"article:modified_time\" content=\"2026-03-10T18:01:45+00:00\" \/>\n<meta property=\"og:image\" content=\"https:\/\/innoticiasbo.com\/wp-content\/uploads\/2026\/03\/image-119.png\" \/>\n\t<meta property=\"og:image:width\" content=\"1200\" \/>\n\t<meta property=\"og:image:height\" content=\"675\" \/>\n\t<meta property=\"og:image:type\" content=\"image\/png\" \/>\n<meta name=\"author\" content=\"Prensa 11\" \/>\n<meta name=\"twitter:card\" content=\"summary_large_image\" \/>\n<meta name=\"twitter:creator\" content=\"@innoticiasbo\" \/>\n<meta name=\"twitter:site\" content=\"@innoticiasbo\" \/>\n<meta name=\"twitter:label1\" content=\"Escrito por\" \/>\n\t<meta name=\"twitter:data1\" content=\"Prensa 11\" \/>\n\t<meta name=\"twitter:label2\" content=\"Tiempo de lectura\" \/>\n\t<meta name=\"twitter:data2\" content=\"5 minutos\" \/>\n<script type=\"application\/ld+json\" class=\"yoast-schema-graph\">{\"@context\":\"https:\/\/schema.org\",\"@graph\":[{\"@type\":\"Article\",\"@id\":\"https:\/\/innoticiasbo.com\/index.php\/2026\/03\/10\/paz-ve-turbulencia-la-alp-observa-y-pone-condiciones-para-la-gobernabilidad\/#article\",\"isPartOf\":{\"@id\":\"https:\/\/innoticiasbo.com\/index.php\/2026\/03\/10\/paz-ve-turbulencia-la-alp-observa-y-pone-condiciones-para-la-gobernabilidad\/\"},\"author\":{\"name\":\"Prensa 11\",\"@id\":\"https:\/\/innoticiasbo.com\/#\/schema\/person\/0b28481e8d0316f83a13bc702311def5\"},\"headline\":\"PAZ VE \u201cTURBULENCIA\u201d; LA ALP OBSERVA Y PONE CONDICIONES PARA LA GOBERNABILIDAD\",\"datePublished\":\"2026-03-10T18:01:44+00:00\",\"dateModified\":\"2026-03-10T18:01:45+00:00\",\"mainEntityOfPage\":{\"@id\":\"https:\/\/innoticiasbo.com\/index.php\/2026\/03\/10\/paz-ve-turbulencia-la-alp-observa-y-pone-condiciones-para-la-gobernabilidad\/\"},\"wordCount\":897,\"commentCount\":0,\"publisher\":{\"@id\":\"https:\/\/innoticiasbo.com\/#organization\"},\"image\":{\"@id\":\"https:\/\/innoticiasbo.com\/index.php\/2026\/03\/10\/paz-ve-turbulencia-la-alp-observa-y-pone-condiciones-para-la-gobernabilidad\/#primaryimage\"},\"thumbnailUrl\":\"https:\/\/i0.wp.com\/innoticiasbo.com\/wp-content\/uploads\/2026\/03\/image-119.png?fit=1200%2C675&ssl=1\",\"keywords\":[\"ALP\",\"Bolivia\",\"Pol\u00edtica\",\"Rodrigo Paz\"],\"articleSection\":[\"Pol\u00edtica\"],\"inLanguage\":\"es\",\"potentialAction\":[{\"@type\":\"CommentAction\",\"name\":\"Comment\",\"target\":[\"https:\/\/innoticiasbo.com\/index.php\/2026\/03\/10\/paz-ve-turbulencia-la-alp-observa-y-pone-condiciones-para-la-gobernabilidad\/#respond\"]}]},{\"@type\":\"WebPage\",\"@id\":\"https:\/\/innoticiasbo.com\/index.php\/2026\/03\/10\/paz-ve-turbulencia-la-alp-observa-y-pone-condiciones-para-la-gobernabilidad\/\",\"url\":\"https:\/\/innoticiasbo.com\/index.php\/2026\/03\/10\/paz-ve-turbulencia-la-alp-observa-y-pone-condiciones-para-la-gobernabilidad\/\",\"name\":\"PAZ VE \u201cTURBULENCIA\u201d; LA ALP OBSERVA Y PONE CONDICIONES PARA LA GOBERNABILIDAD - innoticiasbo.com\",\"isPartOf\":{\"@id\":\"https:\/\/innoticiasbo.com\/#website\"},\"primaryImageOfPage\":{\"@id\":\"https:\/\/innoticiasbo.com\/index.php\/2026\/03\/10\/paz-ve-turbulencia-la-alp-observa-y-pone-condiciones-para-la-gobernabilidad\/#primaryimage\"},\"image\":{\"@id\":\"https:\/\/innoticiasbo.com\/index.php\/2026\/03\/10\/paz-ve-turbulencia-la-alp-observa-y-pone-condiciones-para-la-gobernabilidad\/#primaryimage\"},\"thumbnailUrl\":\"https:\/\/i0.wp.com\/innoticiasbo.com\/wp-content\/uploads\/2026\/03\/image-119.png?fit=1200%2C675&ssl=1\",\"datePublished\":\"2026-03-10T18:01:44+00:00\",\"dateModified\":\"2026-03-10T18:01:45+00:00\",\"breadcrumb\":{\"@id\":\"https:\/\/innoticiasbo.com\/index.php\/2026\/03\/10\/paz-ve-turbulencia-la-alp-observa-y-pone-condiciones-para-la-gobernabilidad\/#breadcrumb\"},\"inLanguage\":\"es\",\"potentialAction\":[{\"@type\":\"ReadAction\",\"target\":[\"https:\/\/innoticiasbo.com\/index.php\/2026\/03\/10\/paz-ve-turbulencia-la-alp-observa-y-pone-condiciones-para-la-gobernabilidad\/\"]}]},{\"@type\":\"ImageObject\",\"inLanguage\":\"es\",\"@id\":\"https:\/\/innoticiasbo.com\/index.php\/2026\/03\/10\/paz-ve-turbulencia-la-alp-observa-y-pone-condiciones-para-la-gobernabilidad\/#primaryimage\",\"url\":\"https:\/\/i0.wp.com\/innoticiasbo.com\/wp-content\/uploads\/2026\/03\/image-119.png?fit=1200%2C675&ssl=1\",\"contentUrl\":\"https:\/\/i0.wp.com\/innoticiasbo.com\/wp-content\/uploads\/2026\/03\/image-119.png?fit=1200%2C675&ssl=1\",\"width\":1200,\"height\":675},{\"@type\":\"BreadcrumbList\",\"@id\":\"https:\/\/innoticiasbo.com\/index.php\/2026\/03\/10\/paz-ve-turbulencia-la-alp-observa-y-pone-condiciones-para-la-gobernabilidad\/#breadcrumb\",\"itemListElement\":[{\"@type\":\"ListItem\",\"position\":1,\"name\":\"Portada\",\"item\":\"https:\/\/innoticiasbo.com\/\"},{\"@type\":\"ListItem\",\"position\":2,\"name\":\"PAZ VE \u201cTURBULENCIA\u201d; LA ALP OBSERVA Y PONE CONDICIONES PARA LA GOBERNABILIDAD\"}]},{\"@type\":\"WebSite\",\"@id\":\"https:\/\/innoticiasbo.com\/#website\",\"url\":\"https:\/\/innoticiasbo.com\/\",\"name\":\"innoticiasbo.com\",\"description\":\"\",\"publisher\":{\"@id\":\"https:\/\/innoticiasbo.com\/#organization\"},\"potentialAction\":[{\"@type\":\"SearchAction\",\"target\":{\"@type\":\"EntryPoint\",\"urlTemplate\":\"https:\/\/innoticiasbo.com\/?s={search_term_string}\"},\"query-input\":{\"@type\":\"PropertyValueSpecification\",\"valueRequired\":true,\"valueName\":\"search_term_string\"}}],\"inLanguage\":\"es\"},{\"@type\":\"Organization\",\"@id\":\"https:\/\/innoticiasbo.com\/#organization\",\"name\":\"innoticiasbo.com\",\"url\":\"https:\/\/innoticiasbo.com\/\",\"logo\":{\"@type\":\"ImageObject\",\"inLanguage\":\"es\",\"@id\":\"https:\/\/innoticiasbo.com\/#\/schema\/logo\/image\/\",\"url\":\"https:\/\/i0.wp.com\/innoticiasbo.com\/wp-content\/uploads\/2026\/04\/cropped-IN-LOGO.png?fit=1476%2C1476&ssl=1\",\"contentUrl\":\"https:\/\/i0.wp.com\/innoticiasbo.com\/wp-content\/uploads\/2026\/04\/cropped-IN-LOGO.png?fit=1476%2C1476&ssl=1\",\"width\":1476,\"height\":1476,\"caption\":\"innoticiasbo.com\"},\"image\":{\"@id\":\"https:\/\/innoticiasbo.com\/#\/schema\/logo\/image\/\"},\"sameAs\":[\"https:\/\/www.facebook.com\/innoticiasbolivia\",\"https:\/\/x.com\/innoticiasbo\",\"https:\/\/www.instagram.com\/innoticiasbo\",\"https:\/\/www.youtube.com\/innoticiasbo\"]},{\"@type\":\"Person\",\"@id\":\"https:\/\/innoticiasbo.com\/#\/schema\/person\/0b28481e8d0316f83a13bc702311def5\",\"name\":\"Prensa 11\",\"image\":{\"@type\":\"ImageObject\",\"inLanguage\":\"es\",\"@id\":\"https:\/\/innoticiasbo.com\/#\/schema\/person\/image\/\",\"url\":\"https:\/\/secure.gravatar.com\/avatar\/696560c17349f1807a610bf83832bad0?s=96&d=mm&r=g\",\"contentUrl\":\"https:\/\/secure.gravatar.com\/avatar\/696560c17349f1807a610bf83832bad0?s=96&d=mm&r=g\",\"caption\":\"Prensa 11\"},\"sameAs\":[\"http:\/\/www.innoticiasbo.com\"],\"url\":\"https:\/\/innoticiasbo.com\/index.php\/author\/prensa-11\/\"}]}<\/script>\n<!-- \/ Yoast SEO plugin. -->","yoast_head_json":{"title":"PAZ VE \u201cTURBULENCIA\u201d; LA ALP OBSERVA Y PONE CONDICIONES PARA LA GOBERNABILIDAD - innoticiasbo.com","robots":{"index":"index","follow":"follow","max-snippet":"max-snippet:-1","max-image-preview":"max-image-preview:large","max-video-preview":"max-video-preview:-1"},"canonical":"https:\/\/innoticiasbo.com\/index.php\/2026\/03\/10\/paz-ve-turbulencia-la-alp-observa-y-pone-condiciones-para-la-gobernabilidad\/","og_locale":"es_ES","og_type":"article","og_title":"PAZ VE \u201cTURBULENCIA\u201d; LA ALP OBSERVA Y PONE CONDICIONES PARA LA GOBERNABILIDAD - innoticiasbo.com","og_description":"La Paz, 10 de Marzo de 2026.- La oposici\u00f3n est\u00e1 preocupada porque tras los anuncios del jefe de Estado, por lo menos el primer semestre de este 2026, la econom\u00eda seguir\u00e1 bajo la l\u00ednea populista del MAS. Dicen que el cambio de gobernadores y alcaldes no cambiar\u00e1 el escenario El contexto en el que se...","og_url":"https:\/\/innoticiasbo.com\/index.php\/2026\/03\/10\/paz-ve-turbulencia-la-alp-observa-y-pone-condiciones-para-la-gobernabilidad\/","og_site_name":"innoticiasbo.com","article_publisher":"https:\/\/www.facebook.com\/innoticiasbolivia","article_published_time":"2026-03-10T18:01:44+00:00","article_modified_time":"2026-03-10T18:01:45+00:00","og_image":[{"width":1200,"height":675,"url":"https:\/\/innoticiasbo.com\/wp-content\/uploads\/2026\/03\/image-119.png","type":"image\/png"}],"author":"Prensa 11","twitter_card":"summary_large_image","twitter_creator":"@innoticiasbo","twitter_site":"@innoticiasbo","twitter_misc":{"Escrito por":"Prensa 11","Tiempo de lectura":"5 minutos"},"schema":{"@context":"https:\/\/schema.org","@graph":[{"@type":"Article","@id":"https:\/\/innoticiasbo.com\/index.php\/2026\/03\/10\/paz-ve-turbulencia-la-alp-observa-y-pone-condiciones-para-la-gobernabilidad\/#article","isPartOf":{"@id":"https:\/\/innoticiasbo.com\/index.php\/2026\/03\/10\/paz-ve-turbulencia-la-alp-observa-y-pone-condiciones-para-la-gobernabilidad\/"},"author":{"name":"Prensa 11","@id":"https:\/\/innoticiasbo.com\/#\/schema\/person\/0b28481e8d0316f83a13bc702311def5"},"headline":"PAZ VE \u201cTURBULENCIA\u201d; LA ALP OBSERVA Y PONE CONDICIONES PARA LA GOBERNABILIDAD","datePublished":"2026-03-10T18:01:44+00:00","dateModified":"2026-03-10T18:01:45+00:00","mainEntityOfPage":{"@id":"https:\/\/innoticiasbo.com\/index.php\/2026\/03\/10\/paz-ve-turbulencia-la-alp-observa-y-pone-condiciones-para-la-gobernabilidad\/"},"wordCount":897,"commentCount":0,"publisher":{"@id":"https:\/\/innoticiasbo.com\/#organization"},"image":{"@id":"https:\/\/innoticiasbo.com\/index.php\/2026\/03\/10\/paz-ve-turbulencia-la-alp-observa-y-pone-condiciones-para-la-gobernabilidad\/#primaryimage"},"thumbnailUrl":"https:\/\/i0.wp.com\/innoticiasbo.com\/wp-content\/uploads\/2026\/03\/image-119.png?fit=1200%2C675&ssl=1","keywords":["ALP","Bolivia","Pol\u00edtica","Rodrigo Paz"],"articleSection":["Pol\u00edtica"],"inLanguage":"es","potentialAction":[{"@type":"CommentAction","name":"Comment","target":["https:\/\/innoticiasbo.com\/index.php\/2026\/03\/10\/paz-ve-turbulencia-la-alp-observa-y-pone-condiciones-para-la-gobernabilidad\/#respond"]}]},{"@type":"WebPage","@id":"https:\/\/innoticiasbo.com\/index.php\/2026\/03\/10\/paz-ve-turbulencia-la-alp-observa-y-pone-condiciones-para-la-gobernabilidad\/","url":"https:\/\/innoticiasbo.com\/index.php\/2026\/03\/10\/paz-ve-turbulencia-la-alp-observa-y-pone-condiciones-para-la-gobernabilidad\/","name":"PAZ VE \u201cTURBULENCIA\u201d; LA ALP OBSERVA Y PONE CONDICIONES PARA LA GOBERNABILIDAD - innoticiasbo.com","isPartOf":{"@id":"https:\/\/innoticiasbo.com\/#website"},"primaryImageOfPage":{"@id":"https:\/\/innoticiasbo.com\/index.php\/2026\/03\/10\/paz-ve-turbulencia-la-alp-observa-y-pone-condiciones-para-la-gobernabilidad\/#primaryimage"},"image":{"@id":"https:\/\/innoticiasbo.com\/index.php\/2026\/03\/10\/paz-ve-turbulencia-la-alp-observa-y-pone-condiciones-para-la-gobernabilidad\/#primaryimage"},"thumbnailUrl":"https:\/\/i0.wp.com\/innoticiasbo.com\/wp-content\/uploads\/2026\/03\/image-119.png?fit=1200%2C675&ssl=1","datePublished":"2026-03-10T18:01:44+00:00","dateModified":"2026-03-10T18:01:45+00:00","breadcrumb":{"@id":"https:\/\/innoticiasbo.com\/index.php\/2026\/03\/10\/paz-ve-turbulencia-la-alp-observa-y-pone-condiciones-para-la-gobernabilidad\/#breadcrumb"},"inLanguage":"es","potentialAction":[{"@type":"ReadAction","target":["https:\/\/innoticiasbo.com\/index.php\/2026\/03\/10\/paz-ve-turbulencia-la-alp-observa-y-pone-condiciones-para-la-gobernabilidad\/"]}]},{"@type":"ImageObject","inLanguage":"es","@id":"https:\/\/innoticiasbo.com\/index.php\/2026\/03\/10\/paz-ve-turbulencia-la-alp-observa-y-pone-condiciones-para-la-gobernabilidad\/#primaryimage","url":"https:\/\/i0.wp.com\/innoticiasbo.com\/wp-content\/uploads\/2026\/03\/image-119.png?fit=1200%2C675&ssl=1","contentUrl":"https:\/\/i0.wp.com\/innoticiasbo.com\/wp-content\/uploads\/2026\/03\/image-119.png?fit=1200%2C675&ssl=1","width":1200,"height":675},{"@type":"BreadcrumbList","@id":"https:\/\/innoticiasbo.com\/index.php\/2026\/03\/10\/paz-ve-turbulencia-la-alp-observa-y-pone-condiciones-para-la-gobernabilidad\/#breadcrumb","itemListElement":[{"@type":"ListItem","position":1,"name":"Portada","item":"https:\/\/innoticiasbo.com\/"},{"@type":"ListItem","position":2,"name":"PAZ VE \u201cTURBULENCIA\u201d; LA ALP OBSERVA Y PONE CONDICIONES PARA LA GOBERNABILIDAD"}]},{"@type":"WebSite","@id":"https:\/\/innoticiasbo.com\/#website","url":"https:\/\/innoticiasbo.com\/","name":"innoticiasbo.com","description":"","publisher":{"@id":"https:\/\/innoticiasbo.com\/#organization"},"potentialAction":[{"@type":"SearchAction","target":{"@type":"EntryPoint","urlTemplate":"https:\/\/innoticiasbo.com\/?s={search_term_string}"},"query-input":{"@type":"PropertyValueSpecification","valueRequired":true,"valueName":"search_term_string"}}],"inLanguage":"es"},{"@type":"Organization","@id":"https:\/\/innoticiasbo.com\/#organization","name":"innoticiasbo.com","url":"https:\/\/innoticiasbo.com\/","logo":{"@type":"ImageObject","inLanguage":"es","@id":"https:\/\/innoticiasbo.com\/#\/schema\/logo\/image\/","url":"https:\/\/i0.wp.com\/innoticiasbo.com\/wp-content\/uploads\/2026\/04\/cropped-IN-LOGO.png?fit=1476%2C1476&ssl=1","contentUrl":"https:\/\/i0.wp.com\/innoticiasbo.com\/wp-content\/uploads\/2026\/04\/cropped-IN-LOGO.png?fit=1476%2C1476&ssl=1","width":1476,"height":1476,"caption":"innoticiasbo.com"},"image":{"@id":"https:\/\/innoticiasbo.com\/#\/schema\/logo\/image\/"},"sameAs":["https:\/\/www.facebook.com\/innoticiasbolivia","https:\/\/x.com\/innoticiasbo","https:\/\/www.instagram.com\/innoticiasbo","https:\/\/www.youtube.com\/innoticiasbo"]},{"@type":"Person","@id":"https:\/\/innoticiasbo.com\/#\/schema\/person\/0b28481e8d0316f83a13bc702311def5","name":"Prensa 11","image":{"@type":"ImageObject","inLanguage":"es","@id":"https:\/\/innoticiasbo.com\/#\/schema\/person\/image\/","url":"https:\/\/secure.gravatar.com\/avatar\/696560c17349f1807a610bf83832bad0?s=96&d=mm&r=g","contentUrl":"https:\/\/secure.gravatar.com\/avatar\/696560c17349f1807a610bf83832bad0?s=96&d=mm&r=g","caption":"Prensa 11"},"sameAs":["http:\/\/www.innoticiasbo.com"],"url":"https:\/\/innoticiasbo.com\/index.php\/author\/prensa-11\/"}]}},"jetpack_featured_media_url":"https:\/\/i0.wp.com\/innoticiasbo.com\/wp-content\/uploads\/2026\/03\/image-119.png?fit=1200%2C675&ssl=1","jetpack_likes_enabled":true,"jetpack_sharing_enabled":true,"jetpack_shortlink":"https:\/\/wp.me\/pg298x-2ry","_links":{"self":[{"href":"https:\/\/innoticiasbo.com\/index.php\/wp-json\/wp\/v2\/posts\/9396","targetHints":{"allow":["GET"]}}],"collection":[{"href":"https:\/\/innoticiasbo.com\/index.php\/wp-json\/wp\/v2\/posts"}],"about":[{"href":"https:\/\/innoticiasbo.com\/index.php\/wp-json\/wp\/v2\/types\/post"}],"author":[{"embeddable":true,"href":"https:\/\/innoticiasbo.com\/index.php\/wp-json\/wp\/v2\/users\/11"}],"replies":[{"embeddable":true,"href":"https:\/\/innoticiasbo.com\/index.php\/wp-json\/wp\/v2\/comments?post=9396"}],"version-history":[{"count":1,"href":"https:\/\/innoticiasbo.com\/index.php\/wp-json\/wp\/v2\/posts\/9396\/revisions"}],"predecessor-version":[{"id":9398,"href":"https:\/\/innoticiasbo.com\/index.php\/wp-json\/wp\/v2\/posts\/9396\/revisions\/9398"}],"wp:featuredmedia":[{"embeddable":true,"href":"https:\/\/innoticiasbo.com\/index.php\/wp-json\/wp\/v2\/media\/9397"}],"wp:attachment":[{"href":"https:\/\/innoticiasbo.com\/index.php\/wp-json\/wp\/v2\/media?parent=9396"}],"wp:term":[{"taxonomy":"category","embeddable":true,"href":"https:\/\/innoticiasbo.com\/index.php\/wp-json\/wp\/v2\/categories?post=9396"},{"taxonomy":"post_tag","embeddable":true,"href":"https:\/\/innoticiasbo.com\/index.php\/wp-json\/wp\/v2\/tags?post=9396"}],"curies":[{"name":"wp","href":"https:\/\/api.w.org\/{rel}","templated":true}]}}