{"id":9390,"date":"2026-03-10T13:49:56","date_gmt":"2026-03-10T17:49:56","guid":{"rendered":"https:\/\/innoticiasbo.com\/?p=9390"},"modified":"2026-03-10T13:49:58","modified_gmt":"2026-03-10T17:49:58","slug":"con-quienes-se-reunira-el-rey-felipe-vi-en-bolivia","status":"publish","type":"post","link":"https:\/\/innoticiasbo.com\/index.php\/2026\/03\/10\/con-quienes-se-reunira-el-rey-felipe-vi-en-bolivia\/","title":{"rendered":"\u00bfCON QUI\u00c9NES SE REUNIR\u00c1 EL REY FELIPE VI EN BOLIVIA?"},"content":{"rendered":"\n<figure class=\"wp-block-image size-large\"><img data-recalc-dims=\"1\" loading=\"lazy\" decoding=\"async\" width=\"640\" height=\"360\" src=\"https:\/\/i0.wp.com\/innoticiasbo.com\/wp-content\/uploads\/2026\/03\/image-117.png?resize=640%2C360&#038;ssl=1\" alt=\"\" class=\"wp-image-9391\" srcset=\"https:\/\/i0.wp.com\/innoticiasbo.com\/wp-content\/uploads\/2026\/03\/image-117.png?resize=1024%2C576&amp;ssl=1 1024w, https:\/\/i0.wp.com\/innoticiasbo.com\/wp-content\/uploads\/2026\/03\/image-117.png?resize=300%2C169&amp;ssl=1 300w, https:\/\/i0.wp.com\/innoticiasbo.com\/wp-content\/uploads\/2026\/03\/image-117.png?resize=768%2C432&amp;ssl=1 768w, https:\/\/i0.wp.com\/innoticiasbo.com\/wp-content\/uploads\/2026\/03\/image-117.png?w=1200&amp;ssl=1 1200w\" sizes=\"auto, (max-width: 640px) 100vw, 640px\" \/><\/figure>\n\n\n\n<p><strong>Pa\u00eds, 10 de Marzo de 2026.- <\/strong>Su majestad asistir\u00e1 a una recepci\u00f3n con residentes espa\u00f1oles en Bolivia -el mi\u00e9rcoles- y el 12, por la ma\u00f1ana, se va a reunir con el sector empresarial espa\u00f1ol en nuestro pa\u00eds.<\/p>\n\n\n\n<p>El rey de Espa\u00f1a, Felipe VI, llegar\u00e1 a Bolivia el mi\u00e9rcoles, 11 de marzo, en horas de la tarde-noche, as\u00ed lo confirm\u00f3 el canciller, Fernando Aramayo, en conferencia de prensa este mi\u00e9rcoles, cuando daba a conocer la agenda internacional del presidente Rodrigo Paz, quien estar\u00e1 desde este martes por la tarde en Santiago de Chile, para asistir al acto de investidura de Jos\u00e9 Antonio Kast. Luego el mandatario boliviano se reunir\u00e1 con el rey espa\u00f1ol en suelo boliviano, para finalmente viajar con una delegaci\u00f3n de empresarios bolivianos hacia Brasil, para un encuentro con el presidente Lula Da Silva.<\/p>\n\n\n\n<p>Sobre la agenda de su realiza en su fugaz visita a Bolivia, Aramayo detall\u00f3 que va a tener una recepci\u00f3n con residentes espa\u00f1oles en Bolivia -el mi\u00e9rcoles- y que el 12, por la ma\u00f1ana, se va a reunir con el sector empresarial espa\u00f1ol en nuestro pa\u00eds, adem\u00e1s de algunos representantes de sectores empresariales bolivianos.<\/p>\n\n\n\n<p>\u00abA continuaci\u00f3n, vamos a recibirlo en Palacio Quemado, donde va a cumplir una reuni\u00f3n con el Ejecutivo. Naturalmente, va a ser recibido por el Gabinete de Ministros, el Comandante de las Fuerzas Armadas y de la Polic\u00eda. Y vamos a tener un almuerzo de trabajo, conjuntamente con \u00e9l y su delegaci\u00f3n, y la delegaci\u00f3n boliviana. Y a continuaci\u00f3n, vamos a hacer una visita ac\u00e1 cerca -no precis\u00f3 qu\u00e9 lugar, seguramente por motivos de seguridad-, para luego acompa\u00f1arlo para que retorne a Espa\u00f1a\u00bb, fue todo lo que revel\u00f3 el canciller.<\/p>\n\n\n\n<p>Esta visita es la antesala que va a permitir que se aborden un conjunto de tem\u00e1ticas, entre ellas, la preparaci\u00f3n de la agenda del presidente Rodrigo Paz en Europa, que se planea se materialice a corto plazo.<\/p>\n\n\n\n<p>Fuente: El Deber<\/p>\n","protected":false},"excerpt":{"rendered":"<p>Pa\u00eds, 10 de Marzo de 2026.- Su majestad asistir\u00e1 a una recepci\u00f3n con residentes espa\u00f1oles en Bolivia -el mi\u00e9rcoles- y el 12, por la ma\u00f1ana, se va a reunir con el sector empresarial espa\u00f1ol en nuestro pa\u00eds. El rey de Espa\u00f1a, Felipe VI, llegar\u00e1 a Bolivia el mi\u00e9rcoles, 11 de marzo, en horas de la&#8230;<\/p>\n","protected":false},"author":11,"featured_media":9391,"comment_status":"open","ping_status":"open","sticky":false,"template":"","format":"standard","meta":{"_jetpack_memberships_contains_paid_content":false,"footnotes":"","jetpack_publicize_message":"","jetpack_publicize_feature_enabled":true,"jetpack_social_post_already_shared":true,"jetpack_social_options":{"image_generator_settings":{"template":"highway","enabled":false},"version":2}},"categories":[1,3],"tags":[7,1383,1381,10,1382],"class_list":["post-9390","post","type-post","status-publish","format-standard","has-post-thumbnail","hentry","category-bolivia","category-politica","tag-bolivia","tag-espana","tag-felipe-vi","tag-politica","tag-rey-felipe-vi"],"jetpack_publicize_connections":[],"yoast_head":"<!-- This site is optimized with the Yoast SEO plugin v23.4 - https:\/\/yoast.com\/wordpress\/plugins\/seo\/ -->\n<title>\u00bfCON QUI\u00c9NES SE REUNIR\u00c1 EL REY FELIPE VI EN BOLIVIA? - innoticiasbo.com<\/title>\n<meta name=\"robots\" content=\"index, follow, max-snippet:-1, max-image-preview:large, max-video-preview:-1\" \/>\n<link rel=\"canonical\" href=\"https:\/\/innoticiasbo.com\/index.php\/2026\/03\/10\/con-quienes-se-reunira-el-rey-felipe-vi-en-bolivia\/\" \/>\n<meta property=\"og:locale\" content=\"es_ES\" \/>\n<meta property=\"og:type\" content=\"article\" \/>\n<meta property=\"og:title\" content=\"\u00bfCON QUI\u00c9NES SE REUNIR\u00c1 EL REY FELIPE VI EN BOLIVIA? - innoticiasbo.com\" \/>\n<meta property=\"og:description\" content=\"Pa\u00eds, 10 de Marzo de 2026.- Su majestad asistir\u00e1 a una recepci\u00f3n con residentes espa\u00f1oles en Bolivia -el mi\u00e9rcoles- y el 12, por la ma\u00f1ana, se va a reunir con el sector empresarial espa\u00f1ol en nuestro pa\u00eds. El rey de Espa\u00f1a, Felipe VI, llegar\u00e1 a Bolivia el mi\u00e9rcoles, 11 de marzo, en horas de la...\" \/>\n<meta property=\"og:url\" content=\"https:\/\/innoticiasbo.com\/index.php\/2026\/03\/10\/con-quienes-se-reunira-el-rey-felipe-vi-en-bolivia\/\" \/>\n<meta property=\"og:site_name\" content=\"innoticiasbo.com\" \/>\n<meta property=\"article:publisher\" content=\"https:\/\/www.facebook.com\/innoticiasbolivia\" \/>\n<meta property=\"article:published_time\" content=\"2026-03-10T17:49:56+00:00\" \/>\n<meta property=\"article:modified_time\" content=\"2026-03-10T17:49:58+00:00\" \/>\n<meta property=\"og:image\" content=\"https:\/\/innoticiasbo.com\/wp-content\/uploads\/2026\/03\/image-117.png\" \/>\n\t<meta property=\"og:image:width\" content=\"1200\" \/>\n\t<meta property=\"og:image:height\" content=\"675\" \/>\n\t<meta property=\"og:image:type\" content=\"image\/png\" \/>\n<meta name=\"author\" content=\"Prensa 11\" \/>\n<meta name=\"twitter:card\" content=\"summary_large_image\" \/>\n<meta name=\"twitter:creator\" content=\"@innoticiasbo\" \/>\n<meta name=\"twitter:site\" content=\"@innoticiasbo\" \/>\n<meta name=\"twitter:label1\" content=\"Escrito por\" \/>\n\t<meta name=\"twitter:data1\" content=\"Prensa 11\" \/>\n\t<meta name=\"twitter:label2\" content=\"Tiempo de lectura\" \/>\n\t<meta name=\"twitter:data2\" content=\"2 minutos\" \/>\n<script type=\"application\/ld+json\" class=\"yoast-schema-graph\">{\"@context\":\"https:\/\/schema.org\",\"@graph\":[{\"@type\":\"Article\",\"@id\":\"https:\/\/innoticiasbo.com\/index.php\/2026\/03\/10\/con-quienes-se-reunira-el-rey-felipe-vi-en-bolivia\/#article\",\"isPartOf\":{\"@id\":\"https:\/\/innoticiasbo.com\/index.php\/2026\/03\/10\/con-quienes-se-reunira-el-rey-felipe-vi-en-bolivia\/\"},\"author\":{\"name\":\"Prensa 11\",\"@id\":\"https:\/\/innoticiasbo.com\/#\/schema\/person\/0b28481e8d0316f83a13bc702311def5\"},\"headline\":\"\u00bfCON QUI\u00c9NES SE REUNIR\u00c1 EL REY FELIPE VI EN BOLIVIA?\",\"datePublished\":\"2026-03-10T17:49:56+00:00\",\"dateModified\":\"2026-03-10T17:49:58+00:00\",\"mainEntityOfPage\":{\"@id\":\"https:\/\/innoticiasbo.com\/index.php\/2026\/03\/10\/con-quienes-se-reunira-el-rey-felipe-vi-en-bolivia\/\"},\"wordCount\":354,\"commentCount\":0,\"publisher\":{\"@id\":\"https:\/\/innoticiasbo.com\/#organization\"},\"image\":{\"@id\":\"https:\/\/innoticiasbo.com\/index.php\/2026\/03\/10\/con-quienes-se-reunira-el-rey-felipe-vi-en-bolivia\/#primaryimage\"},\"thumbnailUrl\":\"https:\/\/i0.wp.com\/innoticiasbo.com\/wp-content\/uploads\/2026\/03\/image-117.png?fit=1200%2C675&ssl=1\",\"keywords\":[\"Bolivia\",\"Espa\u00f1a\",\"Felipe VI\",\"Pol\u00edtica\",\"Rey Felipe VI\"],\"articleSection\":[\"Bolivia\",\"Pol\u00edtica\"],\"inLanguage\":\"es\",\"potentialAction\":[{\"@type\":\"CommentAction\",\"name\":\"Comment\",\"target\":[\"https:\/\/innoticiasbo.com\/index.php\/2026\/03\/10\/con-quienes-se-reunira-el-rey-felipe-vi-en-bolivia\/#respond\"]}]},{\"@type\":\"WebPage\",\"@id\":\"https:\/\/innoticiasbo.com\/index.php\/2026\/03\/10\/con-quienes-se-reunira-el-rey-felipe-vi-en-bolivia\/\",\"url\":\"https:\/\/innoticiasbo.com\/index.php\/2026\/03\/10\/con-quienes-se-reunira-el-rey-felipe-vi-en-bolivia\/\",\"name\":\"\u00bfCON QUI\u00c9NES SE REUNIR\u00c1 EL REY FELIPE VI EN BOLIVIA? - innoticiasbo.com\",\"isPartOf\":{\"@id\":\"https:\/\/innoticiasbo.com\/#website\"},\"primaryImageOfPage\":{\"@id\":\"https:\/\/innoticiasbo.com\/index.php\/2026\/03\/10\/con-quienes-se-reunira-el-rey-felipe-vi-en-bolivia\/#primaryimage\"},\"image\":{\"@id\":\"https:\/\/innoticiasbo.com\/index.php\/2026\/03\/10\/con-quienes-se-reunira-el-rey-felipe-vi-en-bolivia\/#primaryimage\"},\"thumbnailUrl\":\"https:\/\/i0.wp.com\/innoticiasbo.com\/wp-content\/uploads\/2026\/03\/image-117.png?fit=1200%2C675&ssl=1\",\"datePublished\":\"2026-03-10T17:49:56+00:00\",\"dateModified\":\"2026-03-10T17:49:58+00:00\",\"breadcrumb\":{\"@id\":\"https:\/\/innoticiasbo.com\/index.php\/2026\/03\/10\/con-quienes-se-reunira-el-rey-felipe-vi-en-bolivia\/#breadcrumb\"},\"inLanguage\":\"es\",\"potentialAction\":[{\"@type\":\"ReadAction\",\"target\":[\"https:\/\/innoticiasbo.com\/index.php\/2026\/03\/10\/con-quienes-se-reunira-el-rey-felipe-vi-en-bolivia\/\"]}]},{\"@type\":\"ImageObject\",\"inLanguage\":\"es\",\"@id\":\"https:\/\/innoticiasbo.com\/index.php\/2026\/03\/10\/con-quienes-se-reunira-el-rey-felipe-vi-en-bolivia\/#primaryimage\",\"url\":\"https:\/\/i0.wp.com\/innoticiasbo.com\/wp-content\/uploads\/2026\/03\/image-117.png?fit=1200%2C675&ssl=1\",\"contentUrl\":\"https:\/\/i0.wp.com\/innoticiasbo.com\/wp-content\/uploads\/2026\/03\/image-117.png?fit=1200%2C675&ssl=1\",\"width\":1200,\"height\":675},{\"@type\":\"BreadcrumbList\",\"@id\":\"https:\/\/innoticiasbo.com\/index.php\/2026\/03\/10\/con-quienes-se-reunira-el-rey-felipe-vi-en-bolivia\/#breadcrumb\",\"itemListElement\":[{\"@type\":\"ListItem\",\"position\":1,\"name\":\"Portada\",\"item\":\"https:\/\/innoticiasbo.com\/\"},{\"@type\":\"ListItem\",\"position\":2,\"name\":\"\u00bfCON QUI\u00c9NES SE REUNIR\u00c1 EL REY FELIPE VI EN BOLIVIA?\"}]},{\"@type\":\"WebSite\",\"@id\":\"https:\/\/innoticiasbo.com\/#website\",\"url\":\"https:\/\/innoticiasbo.com\/\",\"name\":\"innoticiasbo.com\",\"description\":\"\",\"publisher\":{\"@id\":\"https:\/\/innoticiasbo.com\/#organization\"},\"potentialAction\":[{\"@type\":\"SearchAction\",\"target\":{\"@type\":\"EntryPoint\",\"urlTemplate\":\"https:\/\/innoticiasbo.com\/?s={search_term_string}\"},\"query-input\":{\"@type\":\"PropertyValueSpecification\",\"valueRequired\":true,\"valueName\":\"search_term_string\"}}],\"inLanguage\":\"es\"},{\"@type\":\"Organization\",\"@id\":\"https:\/\/innoticiasbo.com\/#organization\",\"name\":\"innoticiasbo.com\",\"url\":\"https:\/\/innoticiasbo.com\/\",\"logo\":{\"@type\":\"ImageObject\",\"inLanguage\":\"es\",\"@id\":\"https:\/\/innoticiasbo.com\/#\/schema\/logo\/image\/\",\"url\":\"https:\/\/i0.wp.com\/innoticiasbo.com\/wp-content\/uploads\/2026\/04\/cropped-IN-LOGO.png?fit=1476%2C1476&ssl=1\",\"contentUrl\":\"https:\/\/i0.wp.com\/innoticiasbo.com\/wp-content\/uploads\/2026\/04\/cropped-IN-LOGO.png?fit=1476%2C1476&ssl=1\",\"width\":1476,\"height\":1476,\"caption\":\"innoticiasbo.com\"},\"image\":{\"@id\":\"https:\/\/innoticiasbo.com\/#\/schema\/logo\/image\/\"},\"sameAs\":[\"https:\/\/www.facebook.com\/innoticiasbolivia\",\"https:\/\/x.com\/innoticiasbo\",\"https:\/\/www.instagram.com\/innoticiasbo\",\"https:\/\/www.youtube.com\/innoticiasbo\"]},{\"@type\":\"Person\",\"@id\":\"https:\/\/innoticiasbo.com\/#\/schema\/person\/0b28481e8d0316f83a13bc702311def5\",\"name\":\"Prensa 11\",\"image\":{\"@type\":\"ImageObject\",\"inLanguage\":\"es\",\"@id\":\"https:\/\/innoticiasbo.com\/#\/schema\/person\/image\/\",\"url\":\"https:\/\/secure.gravatar.com\/avatar\/696560c17349f1807a610bf83832bad0?s=96&d=mm&r=g\",\"contentUrl\":\"https:\/\/secure.gravatar.com\/avatar\/696560c17349f1807a610bf83832bad0?s=96&d=mm&r=g\",\"caption\":\"Prensa 11\"},\"sameAs\":[\"http:\/\/www.innoticiasbo.com\"],\"url\":\"https:\/\/innoticiasbo.com\/index.php\/author\/prensa-11\/\"}]}<\/script>\n<!-- \/ Yoast SEO plugin. -->","yoast_head_json":{"title":"\u00bfCON QUI\u00c9NES SE REUNIR\u00c1 EL REY FELIPE VI EN BOLIVIA? - innoticiasbo.com","robots":{"index":"index","follow":"follow","max-snippet":"max-snippet:-1","max-image-preview":"max-image-preview:large","max-video-preview":"max-video-preview:-1"},"canonical":"https:\/\/innoticiasbo.com\/index.php\/2026\/03\/10\/con-quienes-se-reunira-el-rey-felipe-vi-en-bolivia\/","og_locale":"es_ES","og_type":"article","og_title":"\u00bfCON QUI\u00c9NES SE REUNIR\u00c1 EL REY FELIPE VI EN BOLIVIA? - innoticiasbo.com","og_description":"Pa\u00eds, 10 de Marzo de 2026.- Su majestad asistir\u00e1 a una recepci\u00f3n con residentes espa\u00f1oles en Bolivia -el mi\u00e9rcoles- y el 12, por la ma\u00f1ana, se va a reunir con el sector empresarial espa\u00f1ol en nuestro pa\u00eds. El rey de Espa\u00f1a, Felipe VI, llegar\u00e1 a Bolivia el mi\u00e9rcoles, 11 de marzo, en horas de la...","og_url":"https:\/\/innoticiasbo.com\/index.php\/2026\/03\/10\/con-quienes-se-reunira-el-rey-felipe-vi-en-bolivia\/","og_site_name":"innoticiasbo.com","article_publisher":"https:\/\/www.facebook.com\/innoticiasbolivia","article_published_time":"2026-03-10T17:49:56+00:00","article_modified_time":"2026-03-10T17:49:58+00:00","og_image":[{"width":1200,"height":675,"url":"https:\/\/innoticiasbo.com\/wp-content\/uploads\/2026\/03\/image-117.png","type":"image\/png"}],"author":"Prensa 11","twitter_card":"summary_large_image","twitter_creator":"@innoticiasbo","twitter_site":"@innoticiasbo","twitter_misc":{"Escrito por":"Prensa 11","Tiempo de lectura":"2 minutos"},"schema":{"@context":"https:\/\/schema.org","@graph":[{"@type":"Article","@id":"https:\/\/innoticiasbo.com\/index.php\/2026\/03\/10\/con-quienes-se-reunira-el-rey-felipe-vi-en-bolivia\/#article","isPartOf":{"@id":"https:\/\/innoticiasbo.com\/index.php\/2026\/03\/10\/con-quienes-se-reunira-el-rey-felipe-vi-en-bolivia\/"},"author":{"name":"Prensa 11","@id":"https:\/\/innoticiasbo.com\/#\/schema\/person\/0b28481e8d0316f83a13bc702311def5"},"headline":"\u00bfCON QUI\u00c9NES SE REUNIR\u00c1 EL REY FELIPE VI EN BOLIVIA?","datePublished":"2026-03-10T17:49:56+00:00","dateModified":"2026-03-10T17:49:58+00:00","mainEntityOfPage":{"@id":"https:\/\/innoticiasbo.com\/index.php\/2026\/03\/10\/con-quienes-se-reunira-el-rey-felipe-vi-en-bolivia\/"},"wordCount":354,"commentCount":0,"publisher":{"@id":"https:\/\/innoticiasbo.com\/#organization"},"image":{"@id":"https:\/\/innoticiasbo.com\/index.php\/2026\/03\/10\/con-quienes-se-reunira-el-rey-felipe-vi-en-bolivia\/#primaryimage"},"thumbnailUrl":"https:\/\/i0.wp.com\/innoticiasbo.com\/wp-content\/uploads\/2026\/03\/image-117.png?fit=1200%2C675&ssl=1","keywords":["Bolivia","Espa\u00f1a","Felipe VI","Pol\u00edtica","Rey Felipe VI"],"articleSection":["Bolivia","Pol\u00edtica"],"inLanguage":"es","potentialAction":[{"@type":"CommentAction","name":"Comment","target":["https:\/\/innoticiasbo.com\/index.php\/2026\/03\/10\/con-quienes-se-reunira-el-rey-felipe-vi-en-bolivia\/#respond"]}]},{"@type":"WebPage","@id":"https:\/\/innoticiasbo.com\/index.php\/2026\/03\/10\/con-quienes-se-reunira-el-rey-felipe-vi-en-bolivia\/","url":"https:\/\/innoticiasbo.com\/index.php\/2026\/03\/10\/con-quienes-se-reunira-el-rey-felipe-vi-en-bolivia\/","name":"\u00bfCON QUI\u00c9NES SE REUNIR\u00c1 EL REY FELIPE VI EN BOLIVIA? - innoticiasbo.com","isPartOf":{"@id":"https:\/\/innoticiasbo.com\/#website"},"primaryImageOfPage":{"@id":"https:\/\/innoticiasbo.com\/index.php\/2026\/03\/10\/con-quienes-se-reunira-el-rey-felipe-vi-en-bolivia\/#primaryimage"},"image":{"@id":"https:\/\/innoticiasbo.com\/index.php\/2026\/03\/10\/con-quienes-se-reunira-el-rey-felipe-vi-en-bolivia\/#primaryimage"},"thumbnailUrl":"https:\/\/i0.wp.com\/innoticiasbo.com\/wp-content\/uploads\/2026\/03\/image-117.png?fit=1200%2C675&ssl=1","datePublished":"2026-03-10T17:49:56+00:00","dateModified":"2026-03-10T17:49:58+00:00","breadcrumb":{"@id":"https:\/\/innoticiasbo.com\/index.php\/2026\/03\/10\/con-quienes-se-reunira-el-rey-felipe-vi-en-bolivia\/#breadcrumb"},"inLanguage":"es","potentialAction":[{"@type":"ReadAction","target":["https:\/\/innoticiasbo.com\/index.php\/2026\/03\/10\/con-quienes-se-reunira-el-rey-felipe-vi-en-bolivia\/"]}]},{"@type":"ImageObject","inLanguage":"es","@id":"https:\/\/innoticiasbo.com\/index.php\/2026\/03\/10\/con-quienes-se-reunira-el-rey-felipe-vi-en-bolivia\/#primaryimage","url":"https:\/\/i0.wp.com\/innoticiasbo.com\/wp-content\/uploads\/2026\/03\/image-117.png?fit=1200%2C675&ssl=1","contentUrl":"https:\/\/i0.wp.com\/innoticiasbo.com\/wp-content\/uploads\/2026\/03\/image-117.png?fit=1200%2C675&ssl=1","width":1200,"height":675},{"@type":"BreadcrumbList","@id":"https:\/\/innoticiasbo.com\/index.php\/2026\/03\/10\/con-quienes-se-reunira-el-rey-felipe-vi-en-bolivia\/#breadcrumb","itemListElement":[{"@type":"ListItem","position":1,"name":"Portada","item":"https:\/\/innoticiasbo.com\/"},{"@type":"ListItem","position":2,"name":"\u00bfCON QUI\u00c9NES SE REUNIR\u00c1 EL REY FELIPE VI EN BOLIVIA?"}]},{"@type":"WebSite","@id":"https:\/\/innoticiasbo.com\/#website","url":"https:\/\/innoticiasbo.com\/","name":"innoticiasbo.com","description":"","publisher":{"@id":"https:\/\/innoticiasbo.com\/#organization"},"potentialAction":[{"@type":"SearchAction","target":{"@type":"EntryPoint","urlTemplate":"https:\/\/innoticiasbo.com\/?s={search_term_string}"},"query-input":{"@type":"PropertyValueSpecification","valueRequired":true,"valueName":"search_term_string"}}],"inLanguage":"es"},{"@type":"Organization","@id":"https:\/\/innoticiasbo.com\/#organization","name":"innoticiasbo.com","url":"https:\/\/innoticiasbo.com\/","logo":{"@type":"ImageObject","inLanguage":"es","@id":"https:\/\/innoticiasbo.com\/#\/schema\/logo\/image\/","url":"https:\/\/i0.wp.com\/innoticiasbo.com\/wp-content\/uploads\/2026\/04\/cropped-IN-LOGO.png?fit=1476%2C1476&ssl=1","contentUrl":"https:\/\/i0.wp.com\/innoticiasbo.com\/wp-content\/uploads\/2026\/04\/cropped-IN-LOGO.png?fit=1476%2C1476&ssl=1","width":1476,"height":1476,"caption":"innoticiasbo.com"},"image":{"@id":"https:\/\/innoticiasbo.com\/#\/schema\/logo\/image\/"},"sameAs":["https:\/\/www.facebook.com\/innoticiasbolivia","https:\/\/x.com\/innoticiasbo","https:\/\/www.instagram.com\/innoticiasbo","https:\/\/www.youtube.com\/innoticiasbo"]},{"@type":"Person","@id":"https:\/\/innoticiasbo.com\/#\/schema\/person\/0b28481e8d0316f83a13bc702311def5","name":"Prensa 11","image":{"@type":"ImageObject","inLanguage":"es","@id":"https:\/\/innoticiasbo.com\/#\/schema\/person\/image\/","url":"https:\/\/secure.gravatar.com\/avatar\/696560c17349f1807a610bf83832bad0?s=96&d=mm&r=g","contentUrl":"https:\/\/secure.gravatar.com\/avatar\/696560c17349f1807a610bf83832bad0?s=96&d=mm&r=g","caption":"Prensa 11"},"sameAs":["http:\/\/www.innoticiasbo.com"],"url":"https:\/\/innoticiasbo.com\/index.php\/author\/prensa-11\/"}]}},"jetpack_featured_media_url":"https:\/\/i0.wp.com\/innoticiasbo.com\/wp-content\/uploads\/2026\/03\/image-117.png?fit=1200%2C675&ssl=1","jetpack_likes_enabled":true,"jetpack_sharing_enabled":true,"jetpack_shortlink":"https:\/\/wp.me\/pg298x-2rs","_links":{"self":[{"href":"https:\/\/innoticiasbo.com\/index.php\/wp-json\/wp\/v2\/posts\/9390","targetHints":{"allow":["GET"]}}],"collection":[{"href":"https:\/\/innoticiasbo.com\/index.php\/wp-json\/wp\/v2\/posts"}],"about":[{"href":"https:\/\/innoticiasbo.com\/index.php\/wp-json\/wp\/v2\/types\/post"}],"author":[{"embeddable":true,"href":"https:\/\/innoticiasbo.com\/index.php\/wp-json\/wp\/v2\/users\/11"}],"replies":[{"embeddable":true,"href":"https:\/\/innoticiasbo.com\/index.php\/wp-json\/wp\/v2\/comments?post=9390"}],"version-history":[{"count":1,"href":"https:\/\/innoticiasbo.com\/index.php\/wp-json\/wp\/v2\/posts\/9390\/revisions"}],"predecessor-version":[{"id":9392,"href":"https:\/\/innoticiasbo.com\/index.php\/wp-json\/wp\/v2\/posts\/9390\/revisions\/9392"}],"wp:featuredmedia":[{"embeddable":true,"href":"https:\/\/innoticiasbo.com\/index.php\/wp-json\/wp\/v2\/media\/9391"}],"wp:attachment":[{"href":"https:\/\/innoticiasbo.com\/index.php\/wp-json\/wp\/v2\/media?parent=9390"}],"wp:term":[{"taxonomy":"category","embeddable":true,"href":"https:\/\/innoticiasbo.com\/index.php\/wp-json\/wp\/v2\/categories?post=9390"},{"taxonomy":"post_tag","embeddable":true,"href":"https:\/\/innoticiasbo.com\/index.php\/wp-json\/wp\/v2\/tags?post=9390"}],"curies":[{"name":"wp","href":"https:\/\/api.w.org\/{rel}","templated":true}]}}