{"id":9387,"date":"2026-03-10T13:44:47","date_gmt":"2026-03-10T17:44:47","guid":{"rendered":"https:\/\/innoticiasbo.com\/?p=9387"},"modified":"2026-03-10T13:44:49","modified_gmt":"2026-03-10T17:44:49","slug":"si-tiene-que-salir-de-la-carcel-la-ley-decidira-politicos-reaccionan-al-proceso-contra-jhonny-fernandez","status":"publish","type":"post","link":"https:\/\/innoticiasbo.com\/index.php\/2026\/03\/10\/si-tiene-que-salir-de-la-carcel-la-ley-decidira-politicos-reaccionan-al-proceso-contra-jhonny-fernandez\/","title":{"rendered":"\u00abSI TIENE QUE SALIR (DE LA C\u00c1RCEL), LA LEY DECIDIR\u00c1\u00bb: POL\u00cdTICOS REACCIONAN AL PROCESO CONTRA JHONNY FERN\u00c1NDEZ"},"content":{"rendered":"\n<figure class=\"wp-block-image size-large\"><img data-recalc-dims=\"1\" loading=\"lazy\" decoding=\"async\" width=\"640\" height=\"360\" src=\"https:\/\/i0.wp.com\/innoticiasbo.com\/wp-content\/uploads\/2026\/03\/image-116.png?resize=640%2C360&#038;ssl=1\" alt=\"\" class=\"wp-image-9388\" srcset=\"https:\/\/i0.wp.com\/innoticiasbo.com\/wp-content\/uploads\/2026\/03\/image-116.png?resize=1024%2C576&amp;ssl=1 1024w, https:\/\/i0.wp.com\/innoticiasbo.com\/wp-content\/uploads\/2026\/03\/image-116.png?resize=300%2C169&amp;ssl=1 300w, https:\/\/i0.wp.com\/innoticiasbo.com\/wp-content\/uploads\/2026\/03\/image-116.png?resize=768%2C432&amp;ssl=1 768w, https:\/\/i0.wp.com\/innoticiasbo.com\/wp-content\/uploads\/2026\/03\/image-116.png?w=1200&amp;ssl=1 1200w\" sizes=\"auto, (max-width: 640px) 100vw, 640px\" \/><\/figure>\n\n\n\n<p><strong>Santa Cruz, 10 de Marzo de 2026.- <\/strong>El alcalde cruce\u00f1o enfrenta un proceso por presunta conducta antiecon\u00f3mica e incumplimiento de deberes en proyectos de pavimento observados por la Contralor\u00eda. Su audiencia de apelaci\u00f3n fue reprogramada para este viernes 13.<\/p>\n\n\n\n<p>Tras la detenci\u00f3n preventiva de Jhonny Fern\u00e1ndez, diversas figuras pol\u00edticas se pronunciaron sobre la situaci\u00f3n judicial de quien a\u00fan ejerce como alcalde de Santa Cruz de la Sierra. La autoridad municipal cumple una detenci\u00f3n preventiva de 100 d\u00edas en el penal de Palmasola, medida ordenada por la jueza Alejandra Menacho en el marco de la investigaci\u00f3n por el denominado &#8216;caso Pavimento&#8217;.<\/p>\n\n\n\n<p>La audiencia judicial para resolver un recurso de apelaci\u00f3n dentro del proceso que enfrenta Fern\u00e1ndez deb\u00eda realizarse este 10 de marzo; sin embargo, fue suspendida y reprogramada para el viernes, 13 de marzo, a las 08:30.<\/p>\n\n\n\n<p><br><strong>Candidatos reaccionan<\/strong><\/p>\n\n\n\n<p>El candidato por la agrupaci\u00f3n VOS, Manuel &#8216;Mam\u00e9n&#8217; Saavedra, fue quien present\u00f3 la denuncia contra el alcalde cruce\u00f1o, en diciembre de 2025, cuando ejerc\u00eda funciones como concejal. Actualmente, el seguimiento del caso dentro del Concejo Municipal est\u00e1 a cargo del concejal Alberto Vaca, de la bancada Dem\u00f3cratas, tras la salida de Saavedra del \u00f3rgano legislativo municipal.<\/p>\n\n\n\n<p>\u00abLa investigaci\u00f3n ya est\u00e1 en curso (por el caso pavimento), yo asumo que s\u00ed se van a convocar a funcionarios a que den sus declaraciones, pero creo que eso ya est\u00e1 en manos de la Justicia. Est\u00e1n avanzando las investigaciones y, seguramente, pronto vamos a tener m\u00e1s novedades. Yo no me meto en temas legales, eso tiene que resolverse en esa instancia y somos respetuosos de los procesos\u00bb, indic\u00f3 Vaca sobre la investigaci\u00f3n.<br>Proceso judicial por irregularidades en la construcci\u00f3n de pavimento<\/p>\n\n\n\n<p>La investigaci\u00f3n del Ministerio P\u00fablico contra Fern\u00e1ndez apunta a posibles delitos de conducta antiecon\u00f3mica e incumplimiento de deberes en al menos 11 proyectos de pavimento r\u00edgido observados por la Contralor\u00eda General del Estado. Seg\u00fan el informe, el presunto da\u00f1o econ\u00f3mico asciende a 6,7 millones de bolivianos.<\/p>\n\n\n\n<p>Fern\u00e1ndez no es el primer alcalde cruce\u00f1o en enfrentar procesos judiciales y cumplir detenci\u00f3n preventiva. Ang\u00e9lica Sosa, quien ejerci\u00f3 como alcaldesa interina entre 2020 y 2021, tambi\u00e9n enfrent\u00f3 procesos judiciales, entre ellos el denominado &#8216;caso \u00edtems fantasmas&#8217;, que investig\u00f3 la creaci\u00f3n de m\u00e1s de 800 puestos de trabajo ficticios dentro del Gobierno Aut\u00f3nomo Municipal de Santa Cruz de la Sierra. En ese proceso, Fern\u00e1ndez, entonces concejal, declar\u00f3 en contra de Sosa.<\/p>\n\n\n\n<p>\u00abRespecto a los temas jur\u00eddicos, me imagino que ir\u00e1 a responder \u00e9l y la justicia. Yo lo que le puedo decir es que estamos preparados para sacar a Santa Cruz del pozo en que la sumi\u00f3 este alcalde. Una desatenci\u00f3n, desorganizaci\u00f3n, suciedad y, sobre todo, una ciudad sin servicios, colapsada y muy endeudada\u00bb, respondi\u00f3 Sosa, quien actualmente es candidata a la Alcald\u00eda por la agrupaci\u00f3n Santa Cruz Para Todos.<\/p>\n\n\n\n<p>Asimismo, expres\u00f3 que no le desea el mal a nadie, pero que la ley debe cumplirse.<\/p>\n\n\n\n<p>\u00abNo le deseo el mal a nadie, que se cumpla la ley. Si tiene que salir (de la c\u00e1rcel), pues la ley lo decidir\u00e1. No puedo yo opinar, porque fui la persona m\u00e1s damnificada por esta persona (Jhonny Fern\u00e1ndez), pero no deseo que el trato que me hizo a m\u00ed montando semejante situaci\u00f3n le pase a nadie. Entonces, yo hoy estoy con la cara vista en Santa Cruz de recuperarla, ordenarla y de sacarla de la crisis\u00bb, a\u00f1adi\u00f3 Sosa.<\/p>\n\n\n\n<p>Sosa, despu\u00e9s de ejercer como alcaldesa, permaneci\u00f3 dos a\u00f1os con detenci\u00f3n preventiva en Palmasola, mientras que Fern\u00e1ndez enfrenta actualmente una medida de 100 d\u00edas.<\/p>\n\n\n\n<p>Por su parte, Stello Cochamanidis, presidente del Comit\u00e9 pro Santa Cruz tambi\u00e9n se refiri\u00f3 a la situaci\u00f3n judicial del alcalde.<\/p>\n\n\n\n<p>\u00abEs parte de las justicia tener estas instancias. Lo \u00fanico que nosotros vamos a pedir en todo momento es que, con esta ciudad, se haga justicia. Si damos una vuelta en el centro, vemos el abandono, el deterioro en el que est\u00e1 la ciudad; en el mercado que se ha convertido la plaza 24 de Septiembre gracias a la negligencia del, hoy todav\u00eda, alcalde de esta ciudad\u00bb, expres\u00f3.<\/p>\n\n\n\n<p>Fuente: El Deber<\/p>\n","protected":false},"excerpt":{"rendered":"<p>Santa Cruz, 10 de Marzo de 2026.- El alcalde cruce\u00f1o enfrenta un proceso por presunta conducta antiecon\u00f3mica e incumplimiento de deberes en proyectos de pavimento observados por la Contralor\u00eda. Su audiencia de apelaci\u00f3n fue reprogramada para este viernes 13. Tras la detenci\u00f3n preventiva de Jhonny Fern\u00e1ndez, diversas figuras pol\u00edticas se pronunciaron sobre la situaci\u00f3n judicial&#8230;<\/p>\n","protected":false},"author":11,"featured_media":9388,"comment_status":"open","ping_status":"open","sticky":false,"template":"","format":"standard","meta":{"_jetpack_memberships_contains_paid_content":false,"footnotes":"","jetpack_publicize_message":"","jetpack_publicize_feature_enabled":true,"jetpack_social_post_already_shared":true,"jetpack_social_options":{"image_generator_settings":{"template":"highway","enabled":false},"version":2}},"categories":[3],"tags":[612,10,1380,167],"class_list":["post-9387","post","type-post","status-publish","format-standard","has-post-thumbnail","hentry","category-politica","tag-jhonny-fernandez","tag-politica","tag-reaccion","tag-santa-cruz"],"jetpack_publicize_connections":[],"yoast_head":"<!-- This site is optimized with the Yoast SEO plugin v23.4 - https:\/\/yoast.com\/wordpress\/plugins\/seo\/ -->\n<title>&quot;SI TIENE QUE SALIR (DE LA C\u00c1RCEL), LA LEY DECIDIR\u00c1&quot;: POL\u00cdTICOS REACCIONAN AL PROCESO CONTRA JHONNY FERN\u00c1NDEZ - innoticiasbo.com<\/title>\n<meta name=\"robots\" content=\"index, follow, max-snippet:-1, max-image-preview:large, max-video-preview:-1\" \/>\n<link rel=\"canonical\" href=\"https:\/\/innoticiasbo.com\/index.php\/2026\/03\/10\/si-tiene-que-salir-de-la-carcel-la-ley-decidira-politicos-reaccionan-al-proceso-contra-jhonny-fernandez\/\" \/>\n<meta property=\"og:locale\" content=\"es_ES\" \/>\n<meta property=\"og:type\" content=\"article\" \/>\n<meta property=\"og:title\" content=\"&quot;SI TIENE QUE SALIR (DE LA C\u00c1RCEL), LA LEY DECIDIR\u00c1&quot;: POL\u00cdTICOS REACCIONAN AL PROCESO CONTRA JHONNY FERN\u00c1NDEZ - innoticiasbo.com\" \/>\n<meta property=\"og:description\" content=\"Santa Cruz, 10 de Marzo de 2026.- El alcalde cruce\u00f1o enfrenta un proceso por presunta conducta antiecon\u00f3mica e incumplimiento de deberes en proyectos de pavimento observados por la Contralor\u00eda. Su audiencia de apelaci\u00f3n fue reprogramada para este viernes 13. Tras la detenci\u00f3n preventiva de Jhonny Fern\u00e1ndez, diversas figuras pol\u00edticas se pronunciaron sobre la situaci\u00f3n judicial...\" \/>\n<meta property=\"og:url\" content=\"https:\/\/innoticiasbo.com\/index.php\/2026\/03\/10\/si-tiene-que-salir-de-la-carcel-la-ley-decidira-politicos-reaccionan-al-proceso-contra-jhonny-fernandez\/\" \/>\n<meta property=\"og:site_name\" content=\"innoticiasbo.com\" \/>\n<meta property=\"article:publisher\" content=\"https:\/\/www.facebook.com\/innoticiasbolivia\" \/>\n<meta property=\"article:published_time\" content=\"2026-03-10T17:44:47+00:00\" \/>\n<meta property=\"article:modified_time\" content=\"2026-03-10T17:44:49+00:00\" \/>\n<meta property=\"og:image\" content=\"https:\/\/innoticiasbo.com\/wp-content\/uploads\/2026\/03\/image-116.png\" \/>\n\t<meta property=\"og:image:width\" content=\"1200\" \/>\n\t<meta property=\"og:image:height\" content=\"675\" \/>\n\t<meta property=\"og:image:type\" content=\"image\/png\" \/>\n<meta name=\"author\" content=\"Prensa 11\" \/>\n<meta name=\"twitter:card\" content=\"summary_large_image\" \/>\n<meta name=\"twitter:creator\" content=\"@innoticiasbo\" \/>\n<meta name=\"twitter:site\" content=\"@innoticiasbo\" \/>\n<meta name=\"twitter:label1\" content=\"Escrito por\" \/>\n\t<meta name=\"twitter:data1\" content=\"Prensa 11\" \/>\n\t<meta name=\"twitter:label2\" content=\"Tiempo de lectura\" \/>\n\t<meta name=\"twitter:data2\" content=\"4 minutos\" \/>\n<script type=\"application\/ld+json\" class=\"yoast-schema-graph\">{\"@context\":\"https:\/\/schema.org\",\"@graph\":[{\"@type\":\"Article\",\"@id\":\"https:\/\/innoticiasbo.com\/index.php\/2026\/03\/10\/si-tiene-que-salir-de-la-carcel-la-ley-decidira-politicos-reaccionan-al-proceso-contra-jhonny-fernandez\/#article\",\"isPartOf\":{\"@id\":\"https:\/\/innoticiasbo.com\/index.php\/2026\/03\/10\/si-tiene-que-salir-de-la-carcel-la-ley-decidira-politicos-reaccionan-al-proceso-contra-jhonny-fernandez\/\"},\"author\":{\"name\":\"Prensa 11\",\"@id\":\"https:\/\/innoticiasbo.com\/#\/schema\/person\/0b28481e8d0316f83a13bc702311def5\"},\"headline\":\"\u00abSI TIENE QUE SALIR (DE LA C\u00c1RCEL), LA LEY DECIDIR\u00c1\u00bb: POL\u00cdTICOS REACCIONAN AL PROCESO CONTRA JHONNY FERN\u00c1NDEZ\",\"datePublished\":\"2026-03-10T17:44:47+00:00\",\"dateModified\":\"2026-03-10T17:44:49+00:00\",\"mainEntityOfPage\":{\"@id\":\"https:\/\/innoticiasbo.com\/index.php\/2026\/03\/10\/si-tiene-que-salir-de-la-carcel-la-ley-decidira-politicos-reaccionan-al-proceso-contra-jhonny-fernandez\/\"},\"wordCount\":739,\"commentCount\":0,\"publisher\":{\"@id\":\"https:\/\/innoticiasbo.com\/#organization\"},\"image\":{\"@id\":\"https:\/\/innoticiasbo.com\/index.php\/2026\/03\/10\/si-tiene-que-salir-de-la-carcel-la-ley-decidira-politicos-reaccionan-al-proceso-contra-jhonny-fernandez\/#primaryimage\"},\"thumbnailUrl\":\"https:\/\/i0.wp.com\/innoticiasbo.com\/wp-content\/uploads\/2026\/03\/image-116.png?fit=1200%2C675&ssl=1\",\"keywords\":[\"Jhonny Fern\u00e1ndez\",\"Pol\u00edtica\",\"Reacci\u00f3n\",\"Santa Cruz\"],\"articleSection\":[\"Pol\u00edtica\"],\"inLanguage\":\"es\",\"potentialAction\":[{\"@type\":\"CommentAction\",\"name\":\"Comment\",\"target\":[\"https:\/\/innoticiasbo.com\/index.php\/2026\/03\/10\/si-tiene-que-salir-de-la-carcel-la-ley-decidira-politicos-reaccionan-al-proceso-contra-jhonny-fernandez\/#respond\"]}]},{\"@type\":\"WebPage\",\"@id\":\"https:\/\/innoticiasbo.com\/index.php\/2026\/03\/10\/si-tiene-que-salir-de-la-carcel-la-ley-decidira-politicos-reaccionan-al-proceso-contra-jhonny-fernandez\/\",\"url\":\"https:\/\/innoticiasbo.com\/index.php\/2026\/03\/10\/si-tiene-que-salir-de-la-carcel-la-ley-decidira-politicos-reaccionan-al-proceso-contra-jhonny-fernandez\/\",\"name\":\"\\\"SI TIENE QUE SALIR (DE LA C\u00c1RCEL), LA LEY DECIDIR\u00c1\\\": POL\u00cdTICOS REACCIONAN AL PROCESO CONTRA JHONNY FERN\u00c1NDEZ - innoticiasbo.com\",\"isPartOf\":{\"@id\":\"https:\/\/innoticiasbo.com\/#website\"},\"primaryImageOfPage\":{\"@id\":\"https:\/\/innoticiasbo.com\/index.php\/2026\/03\/10\/si-tiene-que-salir-de-la-carcel-la-ley-decidira-politicos-reaccionan-al-proceso-contra-jhonny-fernandez\/#primaryimage\"},\"image\":{\"@id\":\"https:\/\/innoticiasbo.com\/index.php\/2026\/03\/10\/si-tiene-que-salir-de-la-carcel-la-ley-decidira-politicos-reaccionan-al-proceso-contra-jhonny-fernandez\/#primaryimage\"},\"thumbnailUrl\":\"https:\/\/i0.wp.com\/innoticiasbo.com\/wp-content\/uploads\/2026\/03\/image-116.png?fit=1200%2C675&ssl=1\",\"datePublished\":\"2026-03-10T17:44:47+00:00\",\"dateModified\":\"2026-03-10T17:44:49+00:00\",\"breadcrumb\":{\"@id\":\"https:\/\/innoticiasbo.com\/index.php\/2026\/03\/10\/si-tiene-que-salir-de-la-carcel-la-ley-decidira-politicos-reaccionan-al-proceso-contra-jhonny-fernandez\/#breadcrumb\"},\"inLanguage\":\"es\",\"potentialAction\":[{\"@type\":\"ReadAction\",\"target\":[\"https:\/\/innoticiasbo.com\/index.php\/2026\/03\/10\/si-tiene-que-salir-de-la-carcel-la-ley-decidira-politicos-reaccionan-al-proceso-contra-jhonny-fernandez\/\"]}]},{\"@type\":\"ImageObject\",\"inLanguage\":\"es\",\"@id\":\"https:\/\/innoticiasbo.com\/index.php\/2026\/03\/10\/si-tiene-que-salir-de-la-carcel-la-ley-decidira-politicos-reaccionan-al-proceso-contra-jhonny-fernandez\/#primaryimage\",\"url\":\"https:\/\/i0.wp.com\/innoticiasbo.com\/wp-content\/uploads\/2026\/03\/image-116.png?fit=1200%2C675&ssl=1\",\"contentUrl\":\"https:\/\/i0.wp.com\/innoticiasbo.com\/wp-content\/uploads\/2026\/03\/image-116.png?fit=1200%2C675&ssl=1\",\"width\":1200,\"height\":675},{\"@type\":\"BreadcrumbList\",\"@id\":\"https:\/\/innoticiasbo.com\/index.php\/2026\/03\/10\/si-tiene-que-salir-de-la-carcel-la-ley-decidira-politicos-reaccionan-al-proceso-contra-jhonny-fernandez\/#breadcrumb\",\"itemListElement\":[{\"@type\":\"ListItem\",\"position\":1,\"name\":\"Portada\",\"item\":\"https:\/\/innoticiasbo.com\/\"},{\"@type\":\"ListItem\",\"position\":2,\"name\":\"\u00abSI TIENE QUE SALIR (DE LA C\u00c1RCEL), LA LEY DECIDIR\u00c1\u00bb: POL\u00cdTICOS REACCIONAN AL PROCESO CONTRA JHONNY FERN\u00c1NDEZ\"}]},{\"@type\":\"WebSite\",\"@id\":\"https:\/\/innoticiasbo.com\/#website\",\"url\":\"https:\/\/innoticiasbo.com\/\",\"name\":\"innoticiasbo.com\",\"description\":\"\",\"publisher\":{\"@id\":\"https:\/\/innoticiasbo.com\/#organization\"},\"potentialAction\":[{\"@type\":\"SearchAction\",\"target\":{\"@type\":\"EntryPoint\",\"urlTemplate\":\"https:\/\/innoticiasbo.com\/?s={search_term_string}\"},\"query-input\":{\"@type\":\"PropertyValueSpecification\",\"valueRequired\":true,\"valueName\":\"search_term_string\"}}],\"inLanguage\":\"es\"},{\"@type\":\"Organization\",\"@id\":\"https:\/\/innoticiasbo.com\/#organization\",\"name\":\"innoticiasbo.com\",\"url\":\"https:\/\/innoticiasbo.com\/\",\"logo\":{\"@type\":\"ImageObject\",\"inLanguage\":\"es\",\"@id\":\"https:\/\/innoticiasbo.com\/#\/schema\/logo\/image\/\",\"url\":\"https:\/\/i0.wp.com\/innoticiasbo.com\/wp-content\/uploads\/2026\/04\/cropped-IN-LOGO.png?fit=1476%2C1476&ssl=1\",\"contentUrl\":\"https:\/\/i0.wp.com\/innoticiasbo.com\/wp-content\/uploads\/2026\/04\/cropped-IN-LOGO.png?fit=1476%2C1476&ssl=1\",\"width\":1476,\"height\":1476,\"caption\":\"innoticiasbo.com\"},\"image\":{\"@id\":\"https:\/\/innoticiasbo.com\/#\/schema\/logo\/image\/\"},\"sameAs\":[\"https:\/\/www.facebook.com\/innoticiasbolivia\",\"https:\/\/x.com\/innoticiasbo\",\"https:\/\/www.instagram.com\/innoticiasbo\",\"https:\/\/www.youtube.com\/innoticiasbo\"]},{\"@type\":\"Person\",\"@id\":\"https:\/\/innoticiasbo.com\/#\/schema\/person\/0b28481e8d0316f83a13bc702311def5\",\"name\":\"Prensa 11\",\"image\":{\"@type\":\"ImageObject\",\"inLanguage\":\"es\",\"@id\":\"https:\/\/innoticiasbo.com\/#\/schema\/person\/image\/\",\"url\":\"https:\/\/secure.gravatar.com\/avatar\/696560c17349f1807a610bf83832bad0?s=96&d=mm&r=g\",\"contentUrl\":\"https:\/\/secure.gravatar.com\/avatar\/696560c17349f1807a610bf83832bad0?s=96&d=mm&r=g\",\"caption\":\"Prensa 11\"},\"sameAs\":[\"http:\/\/www.innoticiasbo.com\"],\"url\":\"https:\/\/innoticiasbo.com\/index.php\/author\/prensa-11\/\"}]}<\/script>\n<!-- \/ Yoast SEO plugin. -->","yoast_head_json":{"title":"\"SI TIENE QUE SALIR (DE LA C\u00c1RCEL), LA LEY DECIDIR\u00c1\": POL\u00cdTICOS REACCIONAN AL PROCESO CONTRA JHONNY FERN\u00c1NDEZ - innoticiasbo.com","robots":{"index":"index","follow":"follow","max-snippet":"max-snippet:-1","max-image-preview":"max-image-preview:large","max-video-preview":"max-video-preview:-1"},"canonical":"https:\/\/innoticiasbo.com\/index.php\/2026\/03\/10\/si-tiene-que-salir-de-la-carcel-la-ley-decidira-politicos-reaccionan-al-proceso-contra-jhonny-fernandez\/","og_locale":"es_ES","og_type":"article","og_title":"\"SI TIENE QUE SALIR (DE LA C\u00c1RCEL), LA LEY DECIDIR\u00c1\": POL\u00cdTICOS REACCIONAN AL PROCESO CONTRA JHONNY FERN\u00c1NDEZ - innoticiasbo.com","og_description":"Santa Cruz, 10 de Marzo de 2026.- El alcalde cruce\u00f1o enfrenta un proceso por presunta conducta antiecon\u00f3mica e incumplimiento de deberes en proyectos de pavimento observados por la Contralor\u00eda. Su audiencia de apelaci\u00f3n fue reprogramada para este viernes 13. Tras la detenci\u00f3n preventiva de Jhonny Fern\u00e1ndez, diversas figuras pol\u00edticas se pronunciaron sobre la situaci\u00f3n judicial...","og_url":"https:\/\/innoticiasbo.com\/index.php\/2026\/03\/10\/si-tiene-que-salir-de-la-carcel-la-ley-decidira-politicos-reaccionan-al-proceso-contra-jhonny-fernandez\/","og_site_name":"innoticiasbo.com","article_publisher":"https:\/\/www.facebook.com\/innoticiasbolivia","article_published_time":"2026-03-10T17:44:47+00:00","article_modified_time":"2026-03-10T17:44:49+00:00","og_image":[{"width":1200,"height":675,"url":"https:\/\/innoticiasbo.com\/wp-content\/uploads\/2026\/03\/image-116.png","type":"image\/png"}],"author":"Prensa 11","twitter_card":"summary_large_image","twitter_creator":"@innoticiasbo","twitter_site":"@innoticiasbo","twitter_misc":{"Escrito por":"Prensa 11","Tiempo de lectura":"4 minutos"},"schema":{"@context":"https:\/\/schema.org","@graph":[{"@type":"Article","@id":"https:\/\/innoticiasbo.com\/index.php\/2026\/03\/10\/si-tiene-que-salir-de-la-carcel-la-ley-decidira-politicos-reaccionan-al-proceso-contra-jhonny-fernandez\/#article","isPartOf":{"@id":"https:\/\/innoticiasbo.com\/index.php\/2026\/03\/10\/si-tiene-que-salir-de-la-carcel-la-ley-decidira-politicos-reaccionan-al-proceso-contra-jhonny-fernandez\/"},"author":{"name":"Prensa 11","@id":"https:\/\/innoticiasbo.com\/#\/schema\/person\/0b28481e8d0316f83a13bc702311def5"},"headline":"\u00abSI TIENE QUE SALIR (DE LA C\u00c1RCEL), LA LEY DECIDIR\u00c1\u00bb: POL\u00cdTICOS REACCIONAN AL PROCESO CONTRA JHONNY FERN\u00c1NDEZ","datePublished":"2026-03-10T17:44:47+00:00","dateModified":"2026-03-10T17:44:49+00:00","mainEntityOfPage":{"@id":"https:\/\/innoticiasbo.com\/index.php\/2026\/03\/10\/si-tiene-que-salir-de-la-carcel-la-ley-decidira-politicos-reaccionan-al-proceso-contra-jhonny-fernandez\/"},"wordCount":739,"commentCount":0,"publisher":{"@id":"https:\/\/innoticiasbo.com\/#organization"},"image":{"@id":"https:\/\/innoticiasbo.com\/index.php\/2026\/03\/10\/si-tiene-que-salir-de-la-carcel-la-ley-decidira-politicos-reaccionan-al-proceso-contra-jhonny-fernandez\/#primaryimage"},"thumbnailUrl":"https:\/\/i0.wp.com\/innoticiasbo.com\/wp-content\/uploads\/2026\/03\/image-116.png?fit=1200%2C675&ssl=1","keywords":["Jhonny Fern\u00e1ndez","Pol\u00edtica","Reacci\u00f3n","Santa Cruz"],"articleSection":["Pol\u00edtica"],"inLanguage":"es","potentialAction":[{"@type":"CommentAction","name":"Comment","target":["https:\/\/innoticiasbo.com\/index.php\/2026\/03\/10\/si-tiene-que-salir-de-la-carcel-la-ley-decidira-politicos-reaccionan-al-proceso-contra-jhonny-fernandez\/#respond"]}]},{"@type":"WebPage","@id":"https:\/\/innoticiasbo.com\/index.php\/2026\/03\/10\/si-tiene-que-salir-de-la-carcel-la-ley-decidira-politicos-reaccionan-al-proceso-contra-jhonny-fernandez\/","url":"https:\/\/innoticiasbo.com\/index.php\/2026\/03\/10\/si-tiene-que-salir-de-la-carcel-la-ley-decidira-politicos-reaccionan-al-proceso-contra-jhonny-fernandez\/","name":"\"SI TIENE QUE SALIR (DE LA C\u00c1RCEL), LA LEY DECIDIR\u00c1\": POL\u00cdTICOS REACCIONAN AL PROCESO CONTRA JHONNY FERN\u00c1NDEZ - innoticiasbo.com","isPartOf":{"@id":"https:\/\/innoticiasbo.com\/#website"},"primaryImageOfPage":{"@id":"https:\/\/innoticiasbo.com\/index.php\/2026\/03\/10\/si-tiene-que-salir-de-la-carcel-la-ley-decidira-politicos-reaccionan-al-proceso-contra-jhonny-fernandez\/#primaryimage"},"image":{"@id":"https:\/\/innoticiasbo.com\/index.php\/2026\/03\/10\/si-tiene-que-salir-de-la-carcel-la-ley-decidira-politicos-reaccionan-al-proceso-contra-jhonny-fernandez\/#primaryimage"},"thumbnailUrl":"https:\/\/i0.wp.com\/innoticiasbo.com\/wp-content\/uploads\/2026\/03\/image-116.png?fit=1200%2C675&ssl=1","datePublished":"2026-03-10T17:44:47+00:00","dateModified":"2026-03-10T17:44:49+00:00","breadcrumb":{"@id":"https:\/\/innoticiasbo.com\/index.php\/2026\/03\/10\/si-tiene-que-salir-de-la-carcel-la-ley-decidira-politicos-reaccionan-al-proceso-contra-jhonny-fernandez\/#breadcrumb"},"inLanguage":"es","potentialAction":[{"@type":"ReadAction","target":["https:\/\/innoticiasbo.com\/index.php\/2026\/03\/10\/si-tiene-que-salir-de-la-carcel-la-ley-decidira-politicos-reaccionan-al-proceso-contra-jhonny-fernandez\/"]}]},{"@type":"ImageObject","inLanguage":"es","@id":"https:\/\/innoticiasbo.com\/index.php\/2026\/03\/10\/si-tiene-que-salir-de-la-carcel-la-ley-decidira-politicos-reaccionan-al-proceso-contra-jhonny-fernandez\/#primaryimage","url":"https:\/\/i0.wp.com\/innoticiasbo.com\/wp-content\/uploads\/2026\/03\/image-116.png?fit=1200%2C675&ssl=1","contentUrl":"https:\/\/i0.wp.com\/innoticiasbo.com\/wp-content\/uploads\/2026\/03\/image-116.png?fit=1200%2C675&ssl=1","width":1200,"height":675},{"@type":"BreadcrumbList","@id":"https:\/\/innoticiasbo.com\/index.php\/2026\/03\/10\/si-tiene-que-salir-de-la-carcel-la-ley-decidira-politicos-reaccionan-al-proceso-contra-jhonny-fernandez\/#breadcrumb","itemListElement":[{"@type":"ListItem","position":1,"name":"Portada","item":"https:\/\/innoticiasbo.com\/"},{"@type":"ListItem","position":2,"name":"\u00abSI TIENE QUE SALIR (DE LA C\u00c1RCEL), LA LEY DECIDIR\u00c1\u00bb: POL\u00cdTICOS REACCIONAN AL PROCESO CONTRA JHONNY FERN\u00c1NDEZ"}]},{"@type":"WebSite","@id":"https:\/\/innoticiasbo.com\/#website","url":"https:\/\/innoticiasbo.com\/","name":"innoticiasbo.com","description":"","publisher":{"@id":"https:\/\/innoticiasbo.com\/#organization"},"potentialAction":[{"@type":"SearchAction","target":{"@type":"EntryPoint","urlTemplate":"https:\/\/innoticiasbo.com\/?s={search_term_string}"},"query-input":{"@type":"PropertyValueSpecification","valueRequired":true,"valueName":"search_term_string"}}],"inLanguage":"es"},{"@type":"Organization","@id":"https:\/\/innoticiasbo.com\/#organization","name":"innoticiasbo.com","url":"https:\/\/innoticiasbo.com\/","logo":{"@type":"ImageObject","inLanguage":"es","@id":"https:\/\/innoticiasbo.com\/#\/schema\/logo\/image\/","url":"https:\/\/i0.wp.com\/innoticiasbo.com\/wp-content\/uploads\/2026\/04\/cropped-IN-LOGO.png?fit=1476%2C1476&ssl=1","contentUrl":"https:\/\/i0.wp.com\/innoticiasbo.com\/wp-content\/uploads\/2026\/04\/cropped-IN-LOGO.png?fit=1476%2C1476&ssl=1","width":1476,"height":1476,"caption":"innoticiasbo.com"},"image":{"@id":"https:\/\/innoticiasbo.com\/#\/schema\/logo\/image\/"},"sameAs":["https:\/\/www.facebook.com\/innoticiasbolivia","https:\/\/x.com\/innoticiasbo","https:\/\/www.instagram.com\/innoticiasbo","https:\/\/www.youtube.com\/innoticiasbo"]},{"@type":"Person","@id":"https:\/\/innoticiasbo.com\/#\/schema\/person\/0b28481e8d0316f83a13bc702311def5","name":"Prensa 11","image":{"@type":"ImageObject","inLanguage":"es","@id":"https:\/\/innoticiasbo.com\/#\/schema\/person\/image\/","url":"https:\/\/secure.gravatar.com\/avatar\/696560c17349f1807a610bf83832bad0?s=96&d=mm&r=g","contentUrl":"https:\/\/secure.gravatar.com\/avatar\/696560c17349f1807a610bf83832bad0?s=96&d=mm&r=g","caption":"Prensa 11"},"sameAs":["http:\/\/www.innoticiasbo.com"],"url":"https:\/\/innoticiasbo.com\/index.php\/author\/prensa-11\/"}]}},"jetpack_featured_media_url":"https:\/\/i0.wp.com\/innoticiasbo.com\/wp-content\/uploads\/2026\/03\/image-116.png?fit=1200%2C675&ssl=1","jetpack_likes_enabled":true,"jetpack_sharing_enabled":true,"jetpack_shortlink":"https:\/\/wp.me\/pg298x-2rp","_links":{"self":[{"href":"https:\/\/innoticiasbo.com\/index.php\/wp-json\/wp\/v2\/posts\/9387","targetHints":{"allow":["GET"]}}],"collection":[{"href":"https:\/\/innoticiasbo.com\/index.php\/wp-json\/wp\/v2\/posts"}],"about":[{"href":"https:\/\/innoticiasbo.com\/index.php\/wp-json\/wp\/v2\/types\/post"}],"author":[{"embeddable":true,"href":"https:\/\/innoticiasbo.com\/index.php\/wp-json\/wp\/v2\/users\/11"}],"replies":[{"embeddable":true,"href":"https:\/\/innoticiasbo.com\/index.php\/wp-json\/wp\/v2\/comments?post=9387"}],"version-history":[{"count":1,"href":"https:\/\/innoticiasbo.com\/index.php\/wp-json\/wp\/v2\/posts\/9387\/revisions"}],"predecessor-version":[{"id":9389,"href":"https:\/\/innoticiasbo.com\/index.php\/wp-json\/wp\/v2\/posts\/9387\/revisions\/9389"}],"wp:featuredmedia":[{"embeddable":true,"href":"https:\/\/innoticiasbo.com\/index.php\/wp-json\/wp\/v2\/media\/9388"}],"wp:attachment":[{"href":"https:\/\/innoticiasbo.com\/index.php\/wp-json\/wp\/v2\/media?parent=9387"}],"wp:term":[{"taxonomy":"category","embeddable":true,"href":"https:\/\/innoticiasbo.com\/index.php\/wp-json\/wp\/v2\/categories?post=9387"},{"taxonomy":"post_tag","embeddable":true,"href":"https:\/\/innoticiasbo.com\/index.php\/wp-json\/wp\/v2\/tags?post=9387"}],"curies":[{"name":"wp","href":"https:\/\/api.w.org\/{rel}","templated":true}]}}