{"id":9384,"date":"2026-03-10T13:28:36","date_gmt":"2026-03-10T17:28:36","guid":{"rendered":"https:\/\/innoticiasbo.com\/?p=9384"},"modified":"2026-03-10T13:28:38","modified_gmt":"2026-03-10T17:28:38","slug":"secretario-de-defensa-de-eeuu-promete-el-dia-mas-intenso-de-ataques-contra-iran","status":"publish","type":"post","link":"https:\/\/innoticiasbo.com\/index.php\/2026\/03\/10\/secretario-de-defensa-de-eeuu-promete-el-dia-mas-intenso-de-ataques-contra-iran\/","title":{"rendered":"SECRETARIO DE DEFENSA DE EEUU PROMETE EL D\u00cdA \u2018M\u00c1S INTENSO\u2019 DE ATAQUES CONTRA IR\u00c1N"},"content":{"rendered":"\n<figure class=\"wp-block-image size-full\"><img data-recalc-dims=\"1\" loading=\"lazy\" decoding=\"async\" width=\"640\" height=\"359\" src=\"https:\/\/i0.wp.com\/innoticiasbo.com\/wp-content\/uploads\/2026\/03\/image-115.png?resize=640%2C359&#038;ssl=1\" alt=\"\" class=\"wp-image-9385\" srcset=\"https:\/\/i0.wp.com\/innoticiasbo.com\/wp-content\/uploads\/2026\/03\/image-115.png?w=992&amp;ssl=1 992w, https:\/\/i0.wp.com\/innoticiasbo.com\/wp-content\/uploads\/2026\/03\/image-115.png?resize=300%2C168&amp;ssl=1 300w, https:\/\/i0.wp.com\/innoticiasbo.com\/wp-content\/uploads\/2026\/03\/image-115.png?resize=768%2C431&amp;ssl=1 768w\" sizes=\"auto, (max-width: 640px) 100vw, 640px\" \/><\/figure>\n\n\n\n<p>Internacional, 10 de Marzo de 2026.- La guerra en Medio Oriente, tras los ataques de Israel y Estados Unidos contra Ir\u00e1n.<\/p>\n\n\n\n<p>El secretario de Defensa de Estados Unidos., Pete Hegseth, dijo que los ataques contra Ir\u00e1n se intensificar\u00e1n este martes, con los bombardeos m\u00e1s fuertes desde que Washington lanz\u00f3 la guerra hace 10 d\u00edas.<\/p>\n\n\n\n<p>\u00abHoy ser\u00e1, una vez m\u00e1s, nuestro d\u00eda m\u00e1s intenso de ataques dentro de Ir\u00e1n: la mayor cantidad de cazas, la mayor cantidad de bombarderos, la mayor cantidad de ataques\u00bb, dijo Hegseth en una rueda de prensa en el Pent\u00e1gono.<\/p>\n\n\n\n<p>Seg\u00fan el secretario de Defensa, \u00aben las \u00faltimas 24 horas\u00bb la Rep\u00fablica Isl\u00e1mica \u00abha disparado la menor cantidad de misiles que ha sido capaz de disparar hasta la fecha\u00bb<\/p>\n\n\n\n<p>La mayor\u00eda de los aviones de combate y bombarderos estadounidenses estar\u00e1n desplegados, declar\u00f3 a la prensa Hegeseth, quien se autodenomina como \u201csecretario de guerra\u201d.<\/p>\n\n\n\n<p>Fuente: Opini\u00f3n<\/p>\n","protected":false},"excerpt":{"rendered":"<p>Internacional, 10 de Marzo de 2026.- La guerra en Medio Oriente, tras los ataques de Israel y Estados Unidos contra Ir\u00e1n. El secretario de Defensa de Estados Unidos., Pete Hegseth, dijo que los ataques contra Ir\u00e1n se intensificar\u00e1n este martes, con los bombardeos m\u00e1s fuertes desde que Washington lanz\u00f3 la guerra hace 10 d\u00edas. \u00abHoy&#8230;<\/p>\n","protected":false},"author":11,"featured_media":9385,"comment_status":"open","ping_status":"open","sticky":false,"template":"","format":"standard","meta":{"_jetpack_memberships_contains_paid_content":false,"footnotes":"","jetpack_publicize_message":"","jetpack_publicize_feature_enabled":true,"jetpack_social_post_already_shared":true,"jetpack_social_options":{"image_generator_settings":{"template":"highway","enabled":false},"version":2}},"categories":[684,3],"tags":[181,1240,1246,8,1270,849,10],"class_list":["post-9384","post","type-post","status-publish","format-standard","has-post-thumbnail","hentry","category-internacional","category-politica","tag-estados-unidos","tag-guerra","tag-guerra-en-iran","tag-internacional","tag-iran-2","tag-iran","tag-politica"],"jetpack_publicize_connections":[],"yoast_head":"<!-- This site is optimized with the Yoast SEO plugin v23.4 - https:\/\/yoast.com\/wordpress\/plugins\/seo\/ -->\n<title>SECRETARIO DE DEFENSA DE EEUU PROMETE EL D\u00cdA \u2018M\u00c1S INTENSO\u2019 DE ATAQUES CONTRA IR\u00c1N - innoticiasbo.com<\/title>\n<meta name=\"robots\" content=\"index, follow, max-snippet:-1, max-image-preview:large, max-video-preview:-1\" \/>\n<link rel=\"canonical\" href=\"https:\/\/innoticiasbo.com\/index.php\/2026\/03\/10\/secretario-de-defensa-de-eeuu-promete-el-dia-mas-intenso-de-ataques-contra-iran\/\" \/>\n<meta property=\"og:locale\" content=\"es_ES\" \/>\n<meta property=\"og:type\" content=\"article\" \/>\n<meta property=\"og:title\" content=\"SECRETARIO DE DEFENSA DE EEUU PROMETE EL D\u00cdA \u2018M\u00c1S INTENSO\u2019 DE ATAQUES CONTRA IR\u00c1N - innoticiasbo.com\" \/>\n<meta property=\"og:description\" content=\"Internacional, 10 de Marzo de 2026.- La guerra en Medio Oriente, tras los ataques de Israel y Estados Unidos contra Ir\u00e1n. El secretario de Defensa de Estados Unidos., Pete Hegseth, dijo que los ataques contra Ir\u00e1n se intensificar\u00e1n este martes, con los bombardeos m\u00e1s fuertes desde que Washington lanz\u00f3 la guerra hace 10 d\u00edas. \u00abHoy...\" \/>\n<meta property=\"og:url\" content=\"https:\/\/innoticiasbo.com\/index.php\/2026\/03\/10\/secretario-de-defensa-de-eeuu-promete-el-dia-mas-intenso-de-ataques-contra-iran\/\" \/>\n<meta property=\"og:site_name\" content=\"innoticiasbo.com\" \/>\n<meta property=\"article:publisher\" content=\"https:\/\/www.facebook.com\/innoticiasbolivia\" \/>\n<meta property=\"article:published_time\" content=\"2026-03-10T17:28:36+00:00\" \/>\n<meta property=\"article:modified_time\" content=\"2026-03-10T17:28:38+00:00\" \/>\n<meta property=\"og:image\" content=\"https:\/\/innoticiasbo.com\/wp-content\/uploads\/2026\/03\/image-115.png\" \/>\n\t<meta property=\"og:image:width\" content=\"992\" \/>\n\t<meta property=\"og:image:height\" content=\"557\" \/>\n\t<meta property=\"og:image:type\" content=\"image\/png\" \/>\n<meta name=\"author\" content=\"Prensa 11\" \/>\n<meta name=\"twitter:card\" content=\"summary_large_image\" \/>\n<meta name=\"twitter:creator\" content=\"@innoticiasbo\" \/>\n<meta name=\"twitter:site\" content=\"@innoticiasbo\" \/>\n<meta name=\"twitter:label1\" content=\"Escrito por\" \/>\n\t<meta name=\"twitter:data1\" content=\"Prensa 11\" \/>\n\t<meta name=\"twitter:label2\" content=\"Tiempo de lectura\" \/>\n\t<meta name=\"twitter:data2\" content=\"2 minutos\" \/>\n<script type=\"application\/ld+json\" class=\"yoast-schema-graph\">{\"@context\":\"https:\/\/schema.org\",\"@graph\":[{\"@type\":\"Article\",\"@id\":\"https:\/\/innoticiasbo.com\/index.php\/2026\/03\/10\/secretario-de-defensa-de-eeuu-promete-el-dia-mas-intenso-de-ataques-contra-iran\/#article\",\"isPartOf\":{\"@id\":\"https:\/\/innoticiasbo.com\/index.php\/2026\/03\/10\/secretario-de-defensa-de-eeuu-promete-el-dia-mas-intenso-de-ataques-contra-iran\/\"},\"author\":{\"name\":\"Prensa 11\",\"@id\":\"https:\/\/innoticiasbo.com\/#\/schema\/person\/0b28481e8d0316f83a13bc702311def5\"},\"headline\":\"SECRETARIO DE DEFENSA DE EEUU PROMETE EL D\u00cdA \u2018M\u00c1S INTENSO\u2019 DE ATAQUES CONTRA IR\u00c1N\",\"datePublished\":\"2026-03-10T17:28:36+00:00\",\"dateModified\":\"2026-03-10T17:28:38+00:00\",\"mainEntityOfPage\":{\"@id\":\"https:\/\/innoticiasbo.com\/index.php\/2026\/03\/10\/secretario-de-defensa-de-eeuu-promete-el-dia-mas-intenso-de-ataques-contra-iran\/\"},\"wordCount\":178,\"commentCount\":0,\"publisher\":{\"@id\":\"https:\/\/innoticiasbo.com\/#organization\"},\"image\":{\"@id\":\"https:\/\/innoticiasbo.com\/index.php\/2026\/03\/10\/secretario-de-defensa-de-eeuu-promete-el-dia-mas-intenso-de-ataques-contra-iran\/#primaryimage\"},\"thumbnailUrl\":\"https:\/\/i0.wp.com\/innoticiasbo.com\/wp-content\/uploads\/2026\/03\/image-115.png?fit=992%2C557&ssl=1\",\"keywords\":[\"Estados Unidos\",\"guerra\",\"Guerra en Iran\",\"Internacional\",\"Iran\",\"ir\u00e1n\",\"Pol\u00edtica\"],\"articleSection\":[\"Internacional\",\"Pol\u00edtica\"],\"inLanguage\":\"es\",\"potentialAction\":[{\"@type\":\"CommentAction\",\"name\":\"Comment\",\"target\":[\"https:\/\/innoticiasbo.com\/index.php\/2026\/03\/10\/secretario-de-defensa-de-eeuu-promete-el-dia-mas-intenso-de-ataques-contra-iran\/#respond\"]}]},{\"@type\":\"WebPage\",\"@id\":\"https:\/\/innoticiasbo.com\/index.php\/2026\/03\/10\/secretario-de-defensa-de-eeuu-promete-el-dia-mas-intenso-de-ataques-contra-iran\/\",\"url\":\"https:\/\/innoticiasbo.com\/index.php\/2026\/03\/10\/secretario-de-defensa-de-eeuu-promete-el-dia-mas-intenso-de-ataques-contra-iran\/\",\"name\":\"SECRETARIO DE DEFENSA DE EEUU PROMETE EL D\u00cdA \u2018M\u00c1S INTENSO\u2019 DE ATAQUES CONTRA IR\u00c1N - innoticiasbo.com\",\"isPartOf\":{\"@id\":\"https:\/\/innoticiasbo.com\/#website\"},\"primaryImageOfPage\":{\"@id\":\"https:\/\/innoticiasbo.com\/index.php\/2026\/03\/10\/secretario-de-defensa-de-eeuu-promete-el-dia-mas-intenso-de-ataques-contra-iran\/#primaryimage\"},\"image\":{\"@id\":\"https:\/\/innoticiasbo.com\/index.php\/2026\/03\/10\/secretario-de-defensa-de-eeuu-promete-el-dia-mas-intenso-de-ataques-contra-iran\/#primaryimage\"},\"thumbnailUrl\":\"https:\/\/i0.wp.com\/innoticiasbo.com\/wp-content\/uploads\/2026\/03\/image-115.png?fit=992%2C557&ssl=1\",\"datePublished\":\"2026-03-10T17:28:36+00:00\",\"dateModified\":\"2026-03-10T17:28:38+00:00\",\"breadcrumb\":{\"@id\":\"https:\/\/innoticiasbo.com\/index.php\/2026\/03\/10\/secretario-de-defensa-de-eeuu-promete-el-dia-mas-intenso-de-ataques-contra-iran\/#breadcrumb\"},\"inLanguage\":\"es\",\"potentialAction\":[{\"@type\":\"ReadAction\",\"target\":[\"https:\/\/innoticiasbo.com\/index.php\/2026\/03\/10\/secretario-de-defensa-de-eeuu-promete-el-dia-mas-intenso-de-ataques-contra-iran\/\"]}]},{\"@type\":\"ImageObject\",\"inLanguage\":\"es\",\"@id\":\"https:\/\/innoticiasbo.com\/index.php\/2026\/03\/10\/secretario-de-defensa-de-eeuu-promete-el-dia-mas-intenso-de-ataques-contra-iran\/#primaryimage\",\"url\":\"https:\/\/i0.wp.com\/innoticiasbo.com\/wp-content\/uploads\/2026\/03\/image-115.png?fit=992%2C557&ssl=1\",\"contentUrl\":\"https:\/\/i0.wp.com\/innoticiasbo.com\/wp-content\/uploads\/2026\/03\/image-115.png?fit=992%2C557&ssl=1\",\"width\":992,\"height\":557},{\"@type\":\"BreadcrumbList\",\"@id\":\"https:\/\/innoticiasbo.com\/index.php\/2026\/03\/10\/secretario-de-defensa-de-eeuu-promete-el-dia-mas-intenso-de-ataques-contra-iran\/#breadcrumb\",\"itemListElement\":[{\"@type\":\"ListItem\",\"position\":1,\"name\":\"Portada\",\"item\":\"https:\/\/innoticiasbo.com\/\"},{\"@type\":\"ListItem\",\"position\":2,\"name\":\"SECRETARIO DE DEFENSA DE EEUU PROMETE EL D\u00cdA \u2018M\u00c1S INTENSO\u2019 DE ATAQUES CONTRA IR\u00c1N\"}]},{\"@type\":\"WebSite\",\"@id\":\"https:\/\/innoticiasbo.com\/#website\",\"url\":\"https:\/\/innoticiasbo.com\/\",\"name\":\"innoticiasbo.com\",\"description\":\"\",\"publisher\":{\"@id\":\"https:\/\/innoticiasbo.com\/#organization\"},\"potentialAction\":[{\"@type\":\"SearchAction\",\"target\":{\"@type\":\"EntryPoint\",\"urlTemplate\":\"https:\/\/innoticiasbo.com\/?s={search_term_string}\"},\"query-input\":{\"@type\":\"PropertyValueSpecification\",\"valueRequired\":true,\"valueName\":\"search_term_string\"}}],\"inLanguage\":\"es\"},{\"@type\":\"Organization\",\"@id\":\"https:\/\/innoticiasbo.com\/#organization\",\"name\":\"innoticiasbo.com\",\"url\":\"https:\/\/innoticiasbo.com\/\",\"logo\":{\"@type\":\"ImageObject\",\"inLanguage\":\"es\",\"@id\":\"https:\/\/innoticiasbo.com\/#\/schema\/logo\/image\/\",\"url\":\"https:\/\/i0.wp.com\/innoticiasbo.com\/wp-content\/uploads\/2026\/04\/cropped-IN-LOGO.png?fit=1476%2C1476&ssl=1\",\"contentUrl\":\"https:\/\/i0.wp.com\/innoticiasbo.com\/wp-content\/uploads\/2026\/04\/cropped-IN-LOGO.png?fit=1476%2C1476&ssl=1\",\"width\":1476,\"height\":1476,\"caption\":\"innoticiasbo.com\"},\"image\":{\"@id\":\"https:\/\/innoticiasbo.com\/#\/schema\/logo\/image\/\"},\"sameAs\":[\"https:\/\/www.facebook.com\/innoticiasbolivia\",\"https:\/\/x.com\/innoticiasbo\",\"https:\/\/www.instagram.com\/innoticiasbo\",\"https:\/\/www.youtube.com\/innoticiasbo\"]},{\"@type\":\"Person\",\"@id\":\"https:\/\/innoticiasbo.com\/#\/schema\/person\/0b28481e8d0316f83a13bc702311def5\",\"name\":\"Prensa 11\",\"image\":{\"@type\":\"ImageObject\",\"inLanguage\":\"es\",\"@id\":\"https:\/\/innoticiasbo.com\/#\/schema\/person\/image\/\",\"url\":\"https:\/\/secure.gravatar.com\/avatar\/696560c17349f1807a610bf83832bad0?s=96&d=mm&r=g\",\"contentUrl\":\"https:\/\/secure.gravatar.com\/avatar\/696560c17349f1807a610bf83832bad0?s=96&d=mm&r=g\",\"caption\":\"Prensa 11\"},\"sameAs\":[\"http:\/\/www.innoticiasbo.com\"],\"url\":\"https:\/\/innoticiasbo.com\/index.php\/author\/prensa-11\/\"}]}<\/script>\n<!-- \/ Yoast SEO plugin. -->","yoast_head_json":{"title":"SECRETARIO DE DEFENSA DE EEUU PROMETE EL D\u00cdA \u2018M\u00c1S INTENSO\u2019 DE ATAQUES CONTRA IR\u00c1N - innoticiasbo.com","robots":{"index":"index","follow":"follow","max-snippet":"max-snippet:-1","max-image-preview":"max-image-preview:large","max-video-preview":"max-video-preview:-1"},"canonical":"https:\/\/innoticiasbo.com\/index.php\/2026\/03\/10\/secretario-de-defensa-de-eeuu-promete-el-dia-mas-intenso-de-ataques-contra-iran\/","og_locale":"es_ES","og_type":"article","og_title":"SECRETARIO DE DEFENSA DE EEUU PROMETE EL D\u00cdA \u2018M\u00c1S INTENSO\u2019 DE ATAQUES CONTRA IR\u00c1N - innoticiasbo.com","og_description":"Internacional, 10 de Marzo de 2026.- La guerra en Medio Oriente, tras los ataques de Israel y Estados Unidos contra Ir\u00e1n. El secretario de Defensa de Estados Unidos., Pete Hegseth, dijo que los ataques contra Ir\u00e1n se intensificar\u00e1n este martes, con los bombardeos m\u00e1s fuertes desde que Washington lanz\u00f3 la guerra hace 10 d\u00edas. \u00abHoy...","og_url":"https:\/\/innoticiasbo.com\/index.php\/2026\/03\/10\/secretario-de-defensa-de-eeuu-promete-el-dia-mas-intenso-de-ataques-contra-iran\/","og_site_name":"innoticiasbo.com","article_publisher":"https:\/\/www.facebook.com\/innoticiasbolivia","article_published_time":"2026-03-10T17:28:36+00:00","article_modified_time":"2026-03-10T17:28:38+00:00","og_image":[{"width":992,"height":557,"url":"https:\/\/innoticiasbo.com\/wp-content\/uploads\/2026\/03\/image-115.png","type":"image\/png"}],"author":"Prensa 11","twitter_card":"summary_large_image","twitter_creator":"@innoticiasbo","twitter_site":"@innoticiasbo","twitter_misc":{"Escrito por":"Prensa 11","Tiempo de lectura":"2 minutos"},"schema":{"@context":"https:\/\/schema.org","@graph":[{"@type":"Article","@id":"https:\/\/innoticiasbo.com\/index.php\/2026\/03\/10\/secretario-de-defensa-de-eeuu-promete-el-dia-mas-intenso-de-ataques-contra-iran\/#article","isPartOf":{"@id":"https:\/\/innoticiasbo.com\/index.php\/2026\/03\/10\/secretario-de-defensa-de-eeuu-promete-el-dia-mas-intenso-de-ataques-contra-iran\/"},"author":{"name":"Prensa 11","@id":"https:\/\/innoticiasbo.com\/#\/schema\/person\/0b28481e8d0316f83a13bc702311def5"},"headline":"SECRETARIO DE DEFENSA DE EEUU PROMETE EL D\u00cdA \u2018M\u00c1S INTENSO\u2019 DE ATAQUES CONTRA IR\u00c1N","datePublished":"2026-03-10T17:28:36+00:00","dateModified":"2026-03-10T17:28:38+00:00","mainEntityOfPage":{"@id":"https:\/\/innoticiasbo.com\/index.php\/2026\/03\/10\/secretario-de-defensa-de-eeuu-promete-el-dia-mas-intenso-de-ataques-contra-iran\/"},"wordCount":178,"commentCount":0,"publisher":{"@id":"https:\/\/innoticiasbo.com\/#organization"},"image":{"@id":"https:\/\/innoticiasbo.com\/index.php\/2026\/03\/10\/secretario-de-defensa-de-eeuu-promete-el-dia-mas-intenso-de-ataques-contra-iran\/#primaryimage"},"thumbnailUrl":"https:\/\/i0.wp.com\/innoticiasbo.com\/wp-content\/uploads\/2026\/03\/image-115.png?fit=992%2C557&ssl=1","keywords":["Estados Unidos","guerra","Guerra en Iran","Internacional","Iran","ir\u00e1n","Pol\u00edtica"],"articleSection":["Internacional","Pol\u00edtica"],"inLanguage":"es","potentialAction":[{"@type":"CommentAction","name":"Comment","target":["https:\/\/innoticiasbo.com\/index.php\/2026\/03\/10\/secretario-de-defensa-de-eeuu-promete-el-dia-mas-intenso-de-ataques-contra-iran\/#respond"]}]},{"@type":"WebPage","@id":"https:\/\/innoticiasbo.com\/index.php\/2026\/03\/10\/secretario-de-defensa-de-eeuu-promete-el-dia-mas-intenso-de-ataques-contra-iran\/","url":"https:\/\/innoticiasbo.com\/index.php\/2026\/03\/10\/secretario-de-defensa-de-eeuu-promete-el-dia-mas-intenso-de-ataques-contra-iran\/","name":"SECRETARIO DE DEFENSA DE EEUU PROMETE EL D\u00cdA \u2018M\u00c1S INTENSO\u2019 DE ATAQUES CONTRA IR\u00c1N - innoticiasbo.com","isPartOf":{"@id":"https:\/\/innoticiasbo.com\/#website"},"primaryImageOfPage":{"@id":"https:\/\/innoticiasbo.com\/index.php\/2026\/03\/10\/secretario-de-defensa-de-eeuu-promete-el-dia-mas-intenso-de-ataques-contra-iran\/#primaryimage"},"image":{"@id":"https:\/\/innoticiasbo.com\/index.php\/2026\/03\/10\/secretario-de-defensa-de-eeuu-promete-el-dia-mas-intenso-de-ataques-contra-iran\/#primaryimage"},"thumbnailUrl":"https:\/\/i0.wp.com\/innoticiasbo.com\/wp-content\/uploads\/2026\/03\/image-115.png?fit=992%2C557&ssl=1","datePublished":"2026-03-10T17:28:36+00:00","dateModified":"2026-03-10T17:28:38+00:00","breadcrumb":{"@id":"https:\/\/innoticiasbo.com\/index.php\/2026\/03\/10\/secretario-de-defensa-de-eeuu-promete-el-dia-mas-intenso-de-ataques-contra-iran\/#breadcrumb"},"inLanguage":"es","potentialAction":[{"@type":"ReadAction","target":["https:\/\/innoticiasbo.com\/index.php\/2026\/03\/10\/secretario-de-defensa-de-eeuu-promete-el-dia-mas-intenso-de-ataques-contra-iran\/"]}]},{"@type":"ImageObject","inLanguage":"es","@id":"https:\/\/innoticiasbo.com\/index.php\/2026\/03\/10\/secretario-de-defensa-de-eeuu-promete-el-dia-mas-intenso-de-ataques-contra-iran\/#primaryimage","url":"https:\/\/i0.wp.com\/innoticiasbo.com\/wp-content\/uploads\/2026\/03\/image-115.png?fit=992%2C557&ssl=1","contentUrl":"https:\/\/i0.wp.com\/innoticiasbo.com\/wp-content\/uploads\/2026\/03\/image-115.png?fit=992%2C557&ssl=1","width":992,"height":557},{"@type":"BreadcrumbList","@id":"https:\/\/innoticiasbo.com\/index.php\/2026\/03\/10\/secretario-de-defensa-de-eeuu-promete-el-dia-mas-intenso-de-ataques-contra-iran\/#breadcrumb","itemListElement":[{"@type":"ListItem","position":1,"name":"Portada","item":"https:\/\/innoticiasbo.com\/"},{"@type":"ListItem","position":2,"name":"SECRETARIO DE DEFENSA DE EEUU PROMETE EL D\u00cdA \u2018M\u00c1S INTENSO\u2019 DE ATAQUES CONTRA IR\u00c1N"}]},{"@type":"WebSite","@id":"https:\/\/innoticiasbo.com\/#website","url":"https:\/\/innoticiasbo.com\/","name":"innoticiasbo.com","description":"","publisher":{"@id":"https:\/\/innoticiasbo.com\/#organization"},"potentialAction":[{"@type":"SearchAction","target":{"@type":"EntryPoint","urlTemplate":"https:\/\/innoticiasbo.com\/?s={search_term_string}"},"query-input":{"@type":"PropertyValueSpecification","valueRequired":true,"valueName":"search_term_string"}}],"inLanguage":"es"},{"@type":"Organization","@id":"https:\/\/innoticiasbo.com\/#organization","name":"innoticiasbo.com","url":"https:\/\/innoticiasbo.com\/","logo":{"@type":"ImageObject","inLanguage":"es","@id":"https:\/\/innoticiasbo.com\/#\/schema\/logo\/image\/","url":"https:\/\/i0.wp.com\/innoticiasbo.com\/wp-content\/uploads\/2026\/04\/cropped-IN-LOGO.png?fit=1476%2C1476&ssl=1","contentUrl":"https:\/\/i0.wp.com\/innoticiasbo.com\/wp-content\/uploads\/2026\/04\/cropped-IN-LOGO.png?fit=1476%2C1476&ssl=1","width":1476,"height":1476,"caption":"innoticiasbo.com"},"image":{"@id":"https:\/\/innoticiasbo.com\/#\/schema\/logo\/image\/"},"sameAs":["https:\/\/www.facebook.com\/innoticiasbolivia","https:\/\/x.com\/innoticiasbo","https:\/\/www.instagram.com\/innoticiasbo","https:\/\/www.youtube.com\/innoticiasbo"]},{"@type":"Person","@id":"https:\/\/innoticiasbo.com\/#\/schema\/person\/0b28481e8d0316f83a13bc702311def5","name":"Prensa 11","image":{"@type":"ImageObject","inLanguage":"es","@id":"https:\/\/innoticiasbo.com\/#\/schema\/person\/image\/","url":"https:\/\/secure.gravatar.com\/avatar\/696560c17349f1807a610bf83832bad0?s=96&d=mm&r=g","contentUrl":"https:\/\/secure.gravatar.com\/avatar\/696560c17349f1807a610bf83832bad0?s=96&d=mm&r=g","caption":"Prensa 11"},"sameAs":["http:\/\/www.innoticiasbo.com"],"url":"https:\/\/innoticiasbo.com\/index.php\/author\/prensa-11\/"}]}},"jetpack_featured_media_url":"https:\/\/i0.wp.com\/innoticiasbo.com\/wp-content\/uploads\/2026\/03\/image-115.png?fit=992%2C557&ssl=1","jetpack_likes_enabled":true,"jetpack_sharing_enabled":true,"jetpack_shortlink":"https:\/\/wp.me\/pg298x-2rm","_links":{"self":[{"href":"https:\/\/innoticiasbo.com\/index.php\/wp-json\/wp\/v2\/posts\/9384","targetHints":{"allow":["GET"]}}],"collection":[{"href":"https:\/\/innoticiasbo.com\/index.php\/wp-json\/wp\/v2\/posts"}],"about":[{"href":"https:\/\/innoticiasbo.com\/index.php\/wp-json\/wp\/v2\/types\/post"}],"author":[{"embeddable":true,"href":"https:\/\/innoticiasbo.com\/index.php\/wp-json\/wp\/v2\/users\/11"}],"replies":[{"embeddable":true,"href":"https:\/\/innoticiasbo.com\/index.php\/wp-json\/wp\/v2\/comments?post=9384"}],"version-history":[{"count":1,"href":"https:\/\/innoticiasbo.com\/index.php\/wp-json\/wp\/v2\/posts\/9384\/revisions"}],"predecessor-version":[{"id":9386,"href":"https:\/\/innoticiasbo.com\/index.php\/wp-json\/wp\/v2\/posts\/9384\/revisions\/9386"}],"wp:featuredmedia":[{"embeddable":true,"href":"https:\/\/innoticiasbo.com\/index.php\/wp-json\/wp\/v2\/media\/9385"}],"wp:attachment":[{"href":"https:\/\/innoticiasbo.com\/index.php\/wp-json\/wp\/v2\/media?parent=9384"}],"wp:term":[{"taxonomy":"category","embeddable":true,"href":"https:\/\/innoticiasbo.com\/index.php\/wp-json\/wp\/v2\/categories?post=9384"},{"taxonomy":"post_tag","embeddable":true,"href":"https:\/\/innoticiasbo.com\/index.php\/wp-json\/wp\/v2\/tags?post=9384"}],"curies":[{"name":"wp","href":"https:\/\/api.w.org\/{rel}","templated":true}]}}