{"id":9381,"date":"2026-03-10T13:23:22","date_gmt":"2026-03-10T17:23:22","guid":{"rendered":"https:\/\/innoticiasbo.com\/?p=9381"},"modified":"2026-03-10T13:25:33","modified_gmt":"2026-03-10T17:25:33","slug":"paz-anuncia-gestiones-internacionales-para-impulsar-el-cafe-paceno-y-bonos-medioambientales","status":"publish","type":"post","link":"https:\/\/innoticiasbo.com\/index.php\/2026\/03\/10\/paz-anuncia-gestiones-internacionales-para-impulsar-el-cafe-paceno-y-bonos-medioambientales\/","title":{"rendered":"PAZ ANUNCIA GESTIONES INTERNACIONALES PARA IMPULSAR EL CAF\u00c9 PACE\u00d1O Y BONOS MEDIOAMBIENTALES"},"content":{"rendered":"\n<figure class=\"wp-block-image size-full\"><img data-recalc-dims=\"1\" loading=\"lazy\" decoding=\"async\" width=\"640\" height=\"360\" src=\"https:\/\/i0.wp.com\/innoticiasbo.com\/wp-content\/uploads\/2026\/03\/image-114.png?resize=640%2C360&#038;ssl=1\" alt=\"\" class=\"wp-image-9382\" srcset=\"https:\/\/i0.wp.com\/innoticiasbo.com\/wp-content\/uploads\/2026\/03\/image-114.png?w=992&amp;ssl=1 992w, https:\/\/i0.wp.com\/innoticiasbo.com\/wp-content\/uploads\/2026\/03\/image-114.png?resize=300%2C169&amp;ssl=1 300w, https:\/\/i0.wp.com\/innoticiasbo.com\/wp-content\/uploads\/2026\/03\/image-114.png?resize=768%2C432&amp;ssl=1 768w\" sizes=\"auto, (max-width: 640px) 100vw, 640px\" \/><\/figure>\n\n\n\n<p><strong>La Paz, 10 de Marzo de 2026.-<\/strong> \u00abSobre el tema del caf\u00e9 y la capacidad de producir caf\u00e9 y otros productos en La Paz, he hablado con los presidentes de El Salvador y Honduras\u201d, se\u00f1al\u00f3 Paz.<\/p>\n\n\n\n<p>El presidente, Rodrigo Paz, en un mensaje al candidato a gobernador de La Paz por la Alianza Patria Sol, Luis Revilla, destac\u00f3 el trabajo que viene realizando en las provincias durante su campa\u00f1a electoral y anunci\u00f3 las gestiones internacionales para impulsar el desarrollo productivo del departamento, especialmente en torno al caf\u00e9 y los bonos medioambientales.<\/p>\n\n\n\n<p>\u201cFelicitarte por el esfuerzo que est\u00e1s haciendo por todo el departamento de La Paz. Sobre el tema del caf\u00e9 y la capacidad de producir caf\u00e9 y otros productos en La Paz, he hablado con los presidentes de El Salvador y Honduras. Tambi\u00e9n sobre los bonos medioambientales convers\u00e9 con la presidenta electa de Costa Rica\u201d, se\u00f1al\u00f3 Paz.<\/p>\n\n\n\n<p>El mandatario agreg\u00f3 que La Paz ya forma parte de un di\u00e1logo internacional sobre producci\u00f3n sostenible y cooperaci\u00f3n regional.<\/p>\n\n\n\n<p>\u201cHemos puesto a La Paz en el di\u00e1logo con otros presidentes, as\u00ed como lo hemos hecho con otras regiones en otras tem\u00e1ticas. Estaremos trabajando en estos temas, as\u00ed que prep\u00e1rate para desarrollar tu propuesta cuando seas gobernador de La Paz\u201d, afirm\u00f3.<\/p>\n\n\n\n<p>Por su parte, Luis Revilla destac\u00f3 el trabajo que viene realizando junto a los productores del departamento y el potencial productivo que existe en las provincias pace\u00f1as.<\/p>\n\n\n\n<p>\u201cEstoy recorriendo intensamente las provincias y conociendo de cerca el trabajo de nuestros productores. He estado en Caranavi y Taipiplaya con los caficultores, que tienen ideas maravillosas para impulsar este producto estrella\u201d, expres\u00f3 Revilla, enviando adem\u00e1s un saludo en nombre de los productores de caf\u00e9 del departamento.<\/p>\n\n\n\n<h2 class=\"wp-block-heading\"><strong>EL POTENCIAL DEL CAF\u00c9 PACE\u00d1O<\/strong><\/h2>\n\n\n\n<p>El caf\u00e9 de La Paz tiene su principal centro de producci\u00f3n en Caranavi, donde se genera m\u00e1s del 90% de la producci\u00f3n nacional. Este producto posee un importante potencial de exportaci\u00f3n hacia mercados internacionales de Asia, Europa y Estados Unidos.<\/p>\n\n\n\n<p>Seg\u00fan Hugo Poma, presidente de los Caficultores Exportadores de Bolivia (FECAFEB) y candidato a asamble\u00edsta por la Alianza Patria Sol, el desarrollo de esta cadena productiva tambi\u00e9n se articula con otras regiones del departamento.<\/p>\n\n\n\n<p>\u201cSi bien la producci\u00f3n se centra en Caranavi, tiene una estrecha relaci\u00f3n con El Alto. Su clima es adecuado para el secado y procesado del caf\u00e9 y es en esta ciudad donde se concentran potenciales exportadores de nuestro producto\u201d, explic\u00f3.<\/p>\n\n\n\n<p>Para Revilla, estas condiciones representan una oportunidad estrat\u00e9gica para fortalecer la econom\u00eda departamental. En ese sentido, plantea impulsar el posicionamiento internacional del caf\u00e9 pace\u00f1o y trabajar para que Caranavi y otras regiones de La Paz sean reconocidos como capital mundial del caf\u00e9, gracias a la frescura y calidad del producto que ya conquista mercados internacionales.<\/p>\n\n\n\n<h2 class=\"wp-block-heading\"><strong>UNA ESTRATEGIA DE DESARROLLO PARA LA PAZ<\/strong><\/h2>\n\n\n\n<p>La propuesta electoral de Revilla busca aprovechar el enorme potencial productivo, ecol\u00f3gico y tur\u00edstico del departamento para reposicionar a La Paz como un motor econ\u00f3mico del pa\u00eds, generando prosperidad, articulaci\u00f3n regional y oportunidades para los municipios y sus comunidades.<\/p>\n\n\n\n<p>Sin embargo, el candidato advierte que actualmente el departamento enfrenta un \u201cdrama silencioso\u201d que frena el desarrollo sostenible de sus 20 provincias, situaci\u00f3n que, seg\u00fan afirma, requiere nuevas pol\u00edticas p\u00fablicas, inversi\u00f3n productiva y una mayor articulaci\u00f3n entre productores, autoridades y mercados internacionales.<\/p>\n\n\n\n<p>Fuente: Opini\u00f3n<\/p>\n","protected":false},"excerpt":{"rendered":"<p>La Paz, 10 de Marzo de 2026.- \u00abSobre el tema del caf\u00e9 y la capacidad de producir caf\u00e9 y otros productos en La Paz, he hablado con los presidentes de El Salvador y Honduras\u201d, se\u00f1al\u00f3 Paz. El presidente, Rodrigo Paz, en un mensaje al candidato a gobernador de La Paz por la Alianza Patria Sol,&#8230;<\/p>\n","protected":false},"author":11,"featured_media":9382,"comment_status":"open","ping_status":"open","sticky":false,"template":"","format":"standard","meta":{"_jetpack_memberships_contains_paid_content":false,"footnotes":"","jetpack_publicize_message":"","jetpack_publicize_feature_enabled":true,"jetpack_social_post_already_shared":true,"jetpack_social_options":{"image_generator_settings":{"template":"highway","enabled":false},"version":2}},"categories":[14,16],"tags":[1379,1377,1378,601,18,615,345],"class_list":["post-9381","post","type-post","status-publish","format-standard","has-post-thumbnail","hentry","category-cultura","category-economia","tag-bonos-medioambientales","tag-cafe","tag-cafe-paceno","tag-cultura","tag-economia","tag-la-paz","tag-rodrigo-paz"],"jetpack_publicize_connections":[],"yoast_head":"<!-- This site is optimized with the Yoast SEO plugin v23.4 - https:\/\/yoast.com\/wordpress\/plugins\/seo\/ -->\n<title>PAZ ANUNCIA GESTIONES INTERNACIONALES PARA IMPULSAR EL CAF\u00c9 PACE\u00d1O Y BONOS MEDIOAMBIENTALES - innoticiasbo.com<\/title>\n<meta name=\"robots\" content=\"index, follow, max-snippet:-1, max-image-preview:large, max-video-preview:-1\" \/>\n<link rel=\"canonical\" href=\"https:\/\/innoticiasbo.com\/index.php\/2026\/03\/10\/paz-anuncia-gestiones-internacionales-para-impulsar-el-cafe-paceno-y-bonos-medioambientales\/\" \/>\n<meta property=\"og:locale\" content=\"es_ES\" \/>\n<meta property=\"og:type\" content=\"article\" \/>\n<meta property=\"og:title\" content=\"PAZ ANUNCIA GESTIONES INTERNACIONALES PARA IMPULSAR EL CAF\u00c9 PACE\u00d1O Y BONOS MEDIOAMBIENTALES - innoticiasbo.com\" \/>\n<meta property=\"og:description\" content=\"La Paz, 10 de Marzo de 2026.- \u00abSobre el tema del caf\u00e9 y la capacidad de producir caf\u00e9 y otros productos en La Paz, he hablado con los presidentes de El Salvador y Honduras\u201d, se\u00f1al\u00f3 Paz. El presidente, Rodrigo Paz, en un mensaje al candidato a gobernador de La Paz por la Alianza Patria Sol,...\" \/>\n<meta property=\"og:url\" content=\"https:\/\/innoticiasbo.com\/index.php\/2026\/03\/10\/paz-anuncia-gestiones-internacionales-para-impulsar-el-cafe-paceno-y-bonos-medioambientales\/\" \/>\n<meta property=\"og:site_name\" content=\"innoticiasbo.com\" \/>\n<meta property=\"article:publisher\" content=\"https:\/\/www.facebook.com\/innoticiasbolivia\" \/>\n<meta property=\"article:published_time\" content=\"2026-03-10T17:23:22+00:00\" \/>\n<meta property=\"article:modified_time\" content=\"2026-03-10T17:25:33+00:00\" \/>\n<meta property=\"og:image\" content=\"https:\/\/innoticiasbo.com\/wp-content\/uploads\/2026\/03\/image-114.png\" \/>\n\t<meta property=\"og:image:width\" content=\"992\" \/>\n\t<meta property=\"og:image:height\" content=\"558\" \/>\n\t<meta property=\"og:image:type\" content=\"image\/png\" \/>\n<meta name=\"author\" content=\"Prensa 11\" \/>\n<meta name=\"twitter:card\" content=\"summary_large_image\" \/>\n<meta name=\"twitter:creator\" content=\"@innoticiasbo\" \/>\n<meta name=\"twitter:site\" content=\"@innoticiasbo\" \/>\n<meta name=\"twitter:label1\" content=\"Escrito por\" \/>\n\t<meta name=\"twitter:data1\" content=\"Prensa 11\" \/>\n\t<meta name=\"twitter:label2\" content=\"Tiempo de lectura\" \/>\n\t<meta name=\"twitter:data2\" content=\"3 minutos\" \/>\n<script type=\"application\/ld+json\" class=\"yoast-schema-graph\">{\"@context\":\"https:\/\/schema.org\",\"@graph\":[{\"@type\":\"Article\",\"@id\":\"https:\/\/innoticiasbo.com\/index.php\/2026\/03\/10\/paz-anuncia-gestiones-internacionales-para-impulsar-el-cafe-paceno-y-bonos-medioambientales\/#article\",\"isPartOf\":{\"@id\":\"https:\/\/innoticiasbo.com\/index.php\/2026\/03\/10\/paz-anuncia-gestiones-internacionales-para-impulsar-el-cafe-paceno-y-bonos-medioambientales\/\"},\"author\":{\"name\":\"Prensa 11\",\"@id\":\"https:\/\/innoticiasbo.com\/#\/schema\/person\/0b28481e8d0316f83a13bc702311def5\"},\"headline\":\"PAZ ANUNCIA GESTIONES INTERNACIONALES PARA IMPULSAR EL CAF\u00c9 PACE\u00d1O Y BONOS MEDIOAMBIENTALES\",\"datePublished\":\"2026-03-10T17:23:22+00:00\",\"dateModified\":\"2026-03-10T17:25:33+00:00\",\"mainEntityOfPage\":{\"@id\":\"https:\/\/innoticiasbo.com\/index.php\/2026\/03\/10\/paz-anuncia-gestiones-internacionales-para-impulsar-el-cafe-paceno-y-bonos-medioambientales\/\"},\"wordCount\":593,\"commentCount\":0,\"publisher\":{\"@id\":\"https:\/\/innoticiasbo.com\/#organization\"},\"image\":{\"@id\":\"https:\/\/innoticiasbo.com\/index.php\/2026\/03\/10\/paz-anuncia-gestiones-internacionales-para-impulsar-el-cafe-paceno-y-bonos-medioambientales\/#primaryimage\"},\"thumbnailUrl\":\"https:\/\/i0.wp.com\/innoticiasbo.com\/wp-content\/uploads\/2026\/03\/image-114.png?fit=992%2C558&ssl=1\",\"keywords\":[\"bonos medioambientales\",\"Caf\u00e9\",\"Caf\u00e9 Pace\u00f1o\",\"cultura\",\"econom\u00eda\",\"La Paz\",\"Rodrigo Paz\"],\"articleSection\":[\"Cultura\",\"Econom\u00eda\"],\"inLanguage\":\"es\",\"potentialAction\":[{\"@type\":\"CommentAction\",\"name\":\"Comment\",\"target\":[\"https:\/\/innoticiasbo.com\/index.php\/2026\/03\/10\/paz-anuncia-gestiones-internacionales-para-impulsar-el-cafe-paceno-y-bonos-medioambientales\/#respond\"]}]},{\"@type\":\"WebPage\",\"@id\":\"https:\/\/innoticiasbo.com\/index.php\/2026\/03\/10\/paz-anuncia-gestiones-internacionales-para-impulsar-el-cafe-paceno-y-bonos-medioambientales\/\",\"url\":\"https:\/\/innoticiasbo.com\/index.php\/2026\/03\/10\/paz-anuncia-gestiones-internacionales-para-impulsar-el-cafe-paceno-y-bonos-medioambientales\/\",\"name\":\"PAZ ANUNCIA GESTIONES INTERNACIONALES PARA IMPULSAR EL CAF\u00c9 PACE\u00d1O Y BONOS MEDIOAMBIENTALES - innoticiasbo.com\",\"isPartOf\":{\"@id\":\"https:\/\/innoticiasbo.com\/#website\"},\"primaryImageOfPage\":{\"@id\":\"https:\/\/innoticiasbo.com\/index.php\/2026\/03\/10\/paz-anuncia-gestiones-internacionales-para-impulsar-el-cafe-paceno-y-bonos-medioambientales\/#primaryimage\"},\"image\":{\"@id\":\"https:\/\/innoticiasbo.com\/index.php\/2026\/03\/10\/paz-anuncia-gestiones-internacionales-para-impulsar-el-cafe-paceno-y-bonos-medioambientales\/#primaryimage\"},\"thumbnailUrl\":\"https:\/\/i0.wp.com\/innoticiasbo.com\/wp-content\/uploads\/2026\/03\/image-114.png?fit=992%2C558&ssl=1\",\"datePublished\":\"2026-03-10T17:23:22+00:00\",\"dateModified\":\"2026-03-10T17:25:33+00:00\",\"breadcrumb\":{\"@id\":\"https:\/\/innoticiasbo.com\/index.php\/2026\/03\/10\/paz-anuncia-gestiones-internacionales-para-impulsar-el-cafe-paceno-y-bonos-medioambientales\/#breadcrumb\"},\"inLanguage\":\"es\",\"potentialAction\":[{\"@type\":\"ReadAction\",\"target\":[\"https:\/\/innoticiasbo.com\/index.php\/2026\/03\/10\/paz-anuncia-gestiones-internacionales-para-impulsar-el-cafe-paceno-y-bonos-medioambientales\/\"]}]},{\"@type\":\"ImageObject\",\"inLanguage\":\"es\",\"@id\":\"https:\/\/innoticiasbo.com\/index.php\/2026\/03\/10\/paz-anuncia-gestiones-internacionales-para-impulsar-el-cafe-paceno-y-bonos-medioambientales\/#primaryimage\",\"url\":\"https:\/\/i0.wp.com\/innoticiasbo.com\/wp-content\/uploads\/2026\/03\/image-114.png?fit=992%2C558&ssl=1\",\"contentUrl\":\"https:\/\/i0.wp.com\/innoticiasbo.com\/wp-content\/uploads\/2026\/03\/image-114.png?fit=992%2C558&ssl=1\",\"width\":992,\"height\":558},{\"@type\":\"BreadcrumbList\",\"@id\":\"https:\/\/innoticiasbo.com\/index.php\/2026\/03\/10\/paz-anuncia-gestiones-internacionales-para-impulsar-el-cafe-paceno-y-bonos-medioambientales\/#breadcrumb\",\"itemListElement\":[{\"@type\":\"ListItem\",\"position\":1,\"name\":\"Portada\",\"item\":\"https:\/\/innoticiasbo.com\/\"},{\"@type\":\"ListItem\",\"position\":2,\"name\":\"PAZ ANUNCIA GESTIONES INTERNACIONALES PARA IMPULSAR EL CAF\u00c9 PACE\u00d1O Y BONOS MEDIOAMBIENTALES\"}]},{\"@type\":\"WebSite\",\"@id\":\"https:\/\/innoticiasbo.com\/#website\",\"url\":\"https:\/\/innoticiasbo.com\/\",\"name\":\"innoticiasbo.com\",\"description\":\"\",\"publisher\":{\"@id\":\"https:\/\/innoticiasbo.com\/#organization\"},\"potentialAction\":[{\"@type\":\"SearchAction\",\"target\":{\"@type\":\"EntryPoint\",\"urlTemplate\":\"https:\/\/innoticiasbo.com\/?s={search_term_string}\"},\"query-input\":{\"@type\":\"PropertyValueSpecification\",\"valueRequired\":true,\"valueName\":\"search_term_string\"}}],\"inLanguage\":\"es\"},{\"@type\":\"Organization\",\"@id\":\"https:\/\/innoticiasbo.com\/#organization\",\"name\":\"innoticiasbo.com\",\"url\":\"https:\/\/innoticiasbo.com\/\",\"logo\":{\"@type\":\"ImageObject\",\"inLanguage\":\"es\",\"@id\":\"https:\/\/innoticiasbo.com\/#\/schema\/logo\/image\/\",\"url\":\"https:\/\/i0.wp.com\/innoticiasbo.com\/wp-content\/uploads\/2026\/04\/cropped-IN-LOGO.png?fit=1476%2C1476&ssl=1\",\"contentUrl\":\"https:\/\/i0.wp.com\/innoticiasbo.com\/wp-content\/uploads\/2026\/04\/cropped-IN-LOGO.png?fit=1476%2C1476&ssl=1\",\"width\":1476,\"height\":1476,\"caption\":\"innoticiasbo.com\"},\"image\":{\"@id\":\"https:\/\/innoticiasbo.com\/#\/schema\/logo\/image\/\"},\"sameAs\":[\"https:\/\/www.facebook.com\/innoticiasbolivia\",\"https:\/\/x.com\/innoticiasbo\",\"https:\/\/www.instagram.com\/innoticiasbo\",\"https:\/\/www.youtube.com\/innoticiasbo\"]},{\"@type\":\"Person\",\"@id\":\"https:\/\/innoticiasbo.com\/#\/schema\/person\/0b28481e8d0316f83a13bc702311def5\",\"name\":\"Prensa 11\",\"image\":{\"@type\":\"ImageObject\",\"inLanguage\":\"es\",\"@id\":\"https:\/\/innoticiasbo.com\/#\/schema\/person\/image\/\",\"url\":\"https:\/\/secure.gravatar.com\/avatar\/696560c17349f1807a610bf83832bad0?s=96&d=mm&r=g\",\"contentUrl\":\"https:\/\/secure.gravatar.com\/avatar\/696560c17349f1807a610bf83832bad0?s=96&d=mm&r=g\",\"caption\":\"Prensa 11\"},\"sameAs\":[\"http:\/\/www.innoticiasbo.com\"],\"url\":\"https:\/\/innoticiasbo.com\/index.php\/author\/prensa-11\/\"}]}<\/script>\n<!-- \/ Yoast SEO plugin. -->","yoast_head_json":{"title":"PAZ ANUNCIA GESTIONES INTERNACIONALES PARA IMPULSAR EL CAF\u00c9 PACE\u00d1O Y BONOS MEDIOAMBIENTALES - innoticiasbo.com","robots":{"index":"index","follow":"follow","max-snippet":"max-snippet:-1","max-image-preview":"max-image-preview:large","max-video-preview":"max-video-preview:-1"},"canonical":"https:\/\/innoticiasbo.com\/index.php\/2026\/03\/10\/paz-anuncia-gestiones-internacionales-para-impulsar-el-cafe-paceno-y-bonos-medioambientales\/","og_locale":"es_ES","og_type":"article","og_title":"PAZ ANUNCIA GESTIONES INTERNACIONALES PARA IMPULSAR EL CAF\u00c9 PACE\u00d1O Y BONOS MEDIOAMBIENTALES - innoticiasbo.com","og_description":"La Paz, 10 de Marzo de 2026.- \u00abSobre el tema del caf\u00e9 y la capacidad de producir caf\u00e9 y otros productos en La Paz, he hablado con los presidentes de El Salvador y Honduras\u201d, se\u00f1al\u00f3 Paz. El presidente, Rodrigo Paz, en un mensaje al candidato a gobernador de La Paz por la Alianza Patria Sol,...","og_url":"https:\/\/innoticiasbo.com\/index.php\/2026\/03\/10\/paz-anuncia-gestiones-internacionales-para-impulsar-el-cafe-paceno-y-bonos-medioambientales\/","og_site_name":"innoticiasbo.com","article_publisher":"https:\/\/www.facebook.com\/innoticiasbolivia","article_published_time":"2026-03-10T17:23:22+00:00","article_modified_time":"2026-03-10T17:25:33+00:00","og_image":[{"width":992,"height":558,"url":"https:\/\/innoticiasbo.com\/wp-content\/uploads\/2026\/03\/image-114.png","type":"image\/png"}],"author":"Prensa 11","twitter_card":"summary_large_image","twitter_creator":"@innoticiasbo","twitter_site":"@innoticiasbo","twitter_misc":{"Escrito por":"Prensa 11","Tiempo de lectura":"3 minutos"},"schema":{"@context":"https:\/\/schema.org","@graph":[{"@type":"Article","@id":"https:\/\/innoticiasbo.com\/index.php\/2026\/03\/10\/paz-anuncia-gestiones-internacionales-para-impulsar-el-cafe-paceno-y-bonos-medioambientales\/#article","isPartOf":{"@id":"https:\/\/innoticiasbo.com\/index.php\/2026\/03\/10\/paz-anuncia-gestiones-internacionales-para-impulsar-el-cafe-paceno-y-bonos-medioambientales\/"},"author":{"name":"Prensa 11","@id":"https:\/\/innoticiasbo.com\/#\/schema\/person\/0b28481e8d0316f83a13bc702311def5"},"headline":"PAZ ANUNCIA GESTIONES INTERNACIONALES PARA IMPULSAR EL CAF\u00c9 PACE\u00d1O Y BONOS MEDIOAMBIENTALES","datePublished":"2026-03-10T17:23:22+00:00","dateModified":"2026-03-10T17:25:33+00:00","mainEntityOfPage":{"@id":"https:\/\/innoticiasbo.com\/index.php\/2026\/03\/10\/paz-anuncia-gestiones-internacionales-para-impulsar-el-cafe-paceno-y-bonos-medioambientales\/"},"wordCount":593,"commentCount":0,"publisher":{"@id":"https:\/\/innoticiasbo.com\/#organization"},"image":{"@id":"https:\/\/innoticiasbo.com\/index.php\/2026\/03\/10\/paz-anuncia-gestiones-internacionales-para-impulsar-el-cafe-paceno-y-bonos-medioambientales\/#primaryimage"},"thumbnailUrl":"https:\/\/i0.wp.com\/innoticiasbo.com\/wp-content\/uploads\/2026\/03\/image-114.png?fit=992%2C558&ssl=1","keywords":["bonos medioambientales","Caf\u00e9","Caf\u00e9 Pace\u00f1o","cultura","econom\u00eda","La Paz","Rodrigo Paz"],"articleSection":["Cultura","Econom\u00eda"],"inLanguage":"es","potentialAction":[{"@type":"CommentAction","name":"Comment","target":["https:\/\/innoticiasbo.com\/index.php\/2026\/03\/10\/paz-anuncia-gestiones-internacionales-para-impulsar-el-cafe-paceno-y-bonos-medioambientales\/#respond"]}]},{"@type":"WebPage","@id":"https:\/\/innoticiasbo.com\/index.php\/2026\/03\/10\/paz-anuncia-gestiones-internacionales-para-impulsar-el-cafe-paceno-y-bonos-medioambientales\/","url":"https:\/\/innoticiasbo.com\/index.php\/2026\/03\/10\/paz-anuncia-gestiones-internacionales-para-impulsar-el-cafe-paceno-y-bonos-medioambientales\/","name":"PAZ ANUNCIA GESTIONES INTERNACIONALES PARA IMPULSAR EL CAF\u00c9 PACE\u00d1O Y BONOS MEDIOAMBIENTALES - innoticiasbo.com","isPartOf":{"@id":"https:\/\/innoticiasbo.com\/#website"},"primaryImageOfPage":{"@id":"https:\/\/innoticiasbo.com\/index.php\/2026\/03\/10\/paz-anuncia-gestiones-internacionales-para-impulsar-el-cafe-paceno-y-bonos-medioambientales\/#primaryimage"},"image":{"@id":"https:\/\/innoticiasbo.com\/index.php\/2026\/03\/10\/paz-anuncia-gestiones-internacionales-para-impulsar-el-cafe-paceno-y-bonos-medioambientales\/#primaryimage"},"thumbnailUrl":"https:\/\/i0.wp.com\/innoticiasbo.com\/wp-content\/uploads\/2026\/03\/image-114.png?fit=992%2C558&ssl=1","datePublished":"2026-03-10T17:23:22+00:00","dateModified":"2026-03-10T17:25:33+00:00","breadcrumb":{"@id":"https:\/\/innoticiasbo.com\/index.php\/2026\/03\/10\/paz-anuncia-gestiones-internacionales-para-impulsar-el-cafe-paceno-y-bonos-medioambientales\/#breadcrumb"},"inLanguage":"es","potentialAction":[{"@type":"ReadAction","target":["https:\/\/innoticiasbo.com\/index.php\/2026\/03\/10\/paz-anuncia-gestiones-internacionales-para-impulsar-el-cafe-paceno-y-bonos-medioambientales\/"]}]},{"@type":"ImageObject","inLanguage":"es","@id":"https:\/\/innoticiasbo.com\/index.php\/2026\/03\/10\/paz-anuncia-gestiones-internacionales-para-impulsar-el-cafe-paceno-y-bonos-medioambientales\/#primaryimage","url":"https:\/\/i0.wp.com\/innoticiasbo.com\/wp-content\/uploads\/2026\/03\/image-114.png?fit=992%2C558&ssl=1","contentUrl":"https:\/\/i0.wp.com\/innoticiasbo.com\/wp-content\/uploads\/2026\/03\/image-114.png?fit=992%2C558&ssl=1","width":992,"height":558},{"@type":"BreadcrumbList","@id":"https:\/\/innoticiasbo.com\/index.php\/2026\/03\/10\/paz-anuncia-gestiones-internacionales-para-impulsar-el-cafe-paceno-y-bonos-medioambientales\/#breadcrumb","itemListElement":[{"@type":"ListItem","position":1,"name":"Portada","item":"https:\/\/innoticiasbo.com\/"},{"@type":"ListItem","position":2,"name":"PAZ ANUNCIA GESTIONES INTERNACIONALES PARA IMPULSAR EL CAF\u00c9 PACE\u00d1O Y BONOS MEDIOAMBIENTALES"}]},{"@type":"WebSite","@id":"https:\/\/innoticiasbo.com\/#website","url":"https:\/\/innoticiasbo.com\/","name":"innoticiasbo.com","description":"","publisher":{"@id":"https:\/\/innoticiasbo.com\/#organization"},"potentialAction":[{"@type":"SearchAction","target":{"@type":"EntryPoint","urlTemplate":"https:\/\/innoticiasbo.com\/?s={search_term_string}"},"query-input":{"@type":"PropertyValueSpecification","valueRequired":true,"valueName":"search_term_string"}}],"inLanguage":"es"},{"@type":"Organization","@id":"https:\/\/innoticiasbo.com\/#organization","name":"innoticiasbo.com","url":"https:\/\/innoticiasbo.com\/","logo":{"@type":"ImageObject","inLanguage":"es","@id":"https:\/\/innoticiasbo.com\/#\/schema\/logo\/image\/","url":"https:\/\/i0.wp.com\/innoticiasbo.com\/wp-content\/uploads\/2026\/04\/cropped-IN-LOGO.png?fit=1476%2C1476&ssl=1","contentUrl":"https:\/\/i0.wp.com\/innoticiasbo.com\/wp-content\/uploads\/2026\/04\/cropped-IN-LOGO.png?fit=1476%2C1476&ssl=1","width":1476,"height":1476,"caption":"innoticiasbo.com"},"image":{"@id":"https:\/\/innoticiasbo.com\/#\/schema\/logo\/image\/"},"sameAs":["https:\/\/www.facebook.com\/innoticiasbolivia","https:\/\/x.com\/innoticiasbo","https:\/\/www.instagram.com\/innoticiasbo","https:\/\/www.youtube.com\/innoticiasbo"]},{"@type":"Person","@id":"https:\/\/innoticiasbo.com\/#\/schema\/person\/0b28481e8d0316f83a13bc702311def5","name":"Prensa 11","image":{"@type":"ImageObject","inLanguage":"es","@id":"https:\/\/innoticiasbo.com\/#\/schema\/person\/image\/","url":"https:\/\/secure.gravatar.com\/avatar\/696560c17349f1807a610bf83832bad0?s=96&d=mm&r=g","contentUrl":"https:\/\/secure.gravatar.com\/avatar\/696560c17349f1807a610bf83832bad0?s=96&d=mm&r=g","caption":"Prensa 11"},"sameAs":["http:\/\/www.innoticiasbo.com"],"url":"https:\/\/innoticiasbo.com\/index.php\/author\/prensa-11\/"}]}},"jetpack_featured_media_url":"https:\/\/i0.wp.com\/innoticiasbo.com\/wp-content\/uploads\/2026\/03\/image-114.png?fit=992%2C558&ssl=1","jetpack_likes_enabled":true,"jetpack_sharing_enabled":true,"jetpack_shortlink":"https:\/\/wp.me\/pg298x-2rj","_links":{"self":[{"href":"https:\/\/innoticiasbo.com\/index.php\/wp-json\/wp\/v2\/posts\/9381","targetHints":{"allow":["GET"]}}],"collection":[{"href":"https:\/\/innoticiasbo.com\/index.php\/wp-json\/wp\/v2\/posts"}],"about":[{"href":"https:\/\/innoticiasbo.com\/index.php\/wp-json\/wp\/v2\/types\/post"}],"author":[{"embeddable":true,"href":"https:\/\/innoticiasbo.com\/index.php\/wp-json\/wp\/v2\/users\/11"}],"replies":[{"embeddable":true,"href":"https:\/\/innoticiasbo.com\/index.php\/wp-json\/wp\/v2\/comments?post=9381"}],"version-history":[{"count":1,"href":"https:\/\/innoticiasbo.com\/index.php\/wp-json\/wp\/v2\/posts\/9381\/revisions"}],"predecessor-version":[{"id":9383,"href":"https:\/\/innoticiasbo.com\/index.php\/wp-json\/wp\/v2\/posts\/9381\/revisions\/9383"}],"wp:featuredmedia":[{"embeddable":true,"href":"https:\/\/innoticiasbo.com\/index.php\/wp-json\/wp\/v2\/media\/9382"}],"wp:attachment":[{"href":"https:\/\/innoticiasbo.com\/index.php\/wp-json\/wp\/v2\/media?parent=9381"}],"wp:term":[{"taxonomy":"category","embeddable":true,"href":"https:\/\/innoticiasbo.com\/index.php\/wp-json\/wp\/v2\/categories?post=9381"},{"taxonomy":"post_tag","embeddable":true,"href":"https:\/\/innoticiasbo.com\/index.php\/wp-json\/wp\/v2\/tags?post=9381"}],"curies":[{"name":"wp","href":"https:\/\/api.w.org\/{rel}","templated":true}]}}