{"id":9378,"date":"2026-03-10T13:15:12","date_gmt":"2026-03-10T17:15:12","guid":{"rendered":"https:\/\/innoticiasbo.com\/?p=9378"},"modified":"2026-03-10T13:15:13","modified_gmt":"2026-03-10T17:15:13","slug":"gobierno-niega-recorte-al-hospital-de-la-mujer-su-presupuesto-es-similar-al-de-2025","status":"publish","type":"post","link":"https:\/\/innoticiasbo.com\/index.php\/2026\/03\/10\/gobierno-niega-recorte-al-hospital-de-la-mujer-su-presupuesto-es-similar-al-de-2025\/","title":{"rendered":"GOBIERNO NIEGA RECORTE AL HOSPITAL DE LA MUJER; SU PRESUPUESTO ES SIMILAR AL DE 2025"},"content":{"rendered":"\n<figure class=\"wp-block-image size-full\"><img data-recalc-dims=\"1\" loading=\"lazy\" decoding=\"async\" width=\"640\" height=\"360\" src=\"https:\/\/i0.wp.com\/innoticiasbo.com\/wp-content\/uploads\/2026\/03\/image-113.png?resize=640%2C360&#038;ssl=1\" alt=\"\" class=\"wp-image-9379\" srcset=\"https:\/\/i0.wp.com\/innoticiasbo.com\/wp-content\/uploads\/2026\/03\/image-113.png?w=900&amp;ssl=1 900w, https:\/\/i0.wp.com\/innoticiasbo.com\/wp-content\/uploads\/2026\/03\/image-113.png?resize=300%2C169&amp;ssl=1 300w, https:\/\/i0.wp.com\/innoticiasbo.com\/wp-content\/uploads\/2026\/03\/image-113.png?resize=768%2C432&amp;ssl=1 768w\" sizes=\"auto, (max-width: 640px) 100vw, 640px\" \/><\/figure>\n\n\n\n<p><strong>La Paz, 10 de Marzo de 2026.- <\/strong>Las declaraciones del viceministro se producen un d\u00eda despu\u00e9s de que el Sindicato de Ramas M\u00e9dicas de la Salud P\u00fablica (Sirmes) La Paz denunciara una crisis en el Hospital de la Mujer.<\/p>\n\n\n\n<p>El viceministro de Gesti\u00f3n del Sistema Nacional de Salud, Jos\u00e9 Luis R\u00edos, afirm\u00f3 este martes que el Gobierno no recort\u00f3 el presupuesto del Hospital de la Mujer y asegur\u00f3 que para esta gesti\u00f3n se asign\u00f3 un monto similar al ejecutado en 2025.<\/p>\n\n\n\n<p>\u201cEl gobierno nacional a la fecha ha brindado el mismo presupuesto que se ejecut\u00f3 el a\u00f1o pasado en salud. Eso significa que no hemos recortado a ning\u00fan hospital un solo centavo en la presente gesti\u00f3n\u201d, aclar\u00f3 la autoridad,<\/p>\n\n\n\n<p>Sobre el Hospital de la Mujer, explic\u00f3 que este centro ejecut\u00f3 el a\u00f1o pasado alrededor de 14,3 millones de bolivianos, por el 2026 se asign\u00f3 una cifra \u201csimilar e incluso un poco m\u00e1s\u201d.<\/p>\n\n\n\n<p>Precis\u00f3 que el presupuesto se desembolsa en tres cuotas cuatrimestrales y que en el primer cuatrimestre se destin\u00f3 6,3 millones de bolivianos.<\/p>\n\n\n\n<p>Las declaraciones del viceministro se producen un d\u00eda despu\u00e9s de que el Sindicato de Ramas M\u00e9dicas de la Salud P\u00fablica (Sirmes) La Paz denunciara una crisis en el Hospital de la Mujer.<\/p>\n\n\n\n<p>El dirigente Fernando Romero afirm\u00f3 que faltan anest\u00e9sicos, suturas y que varios equipos de quir\u00f3fano estar\u00edan fuera de funcionamiento.<\/p>\n\n\n\n<p>Romero atribuy\u00f3 la situaci\u00f3n a un supuesto recorte presupuestario, que \u2014seg\u00fan dijo\u2014 habr\u00eda reducido los recursos del hospital de 16 millones a 6 millones de bolivianos, lo que impedir\u00eda cubrir medicamentos, cirug\u00edas y la alimentaci\u00f3n de los pacientes.<\/p>\n\n\n\n<p>R\u00edos explic\u00f3 adem\u00e1s que, en una reuni\u00f3n t\u00e9cnica realizada el 27 de febrero con el Servicio Departamental de Salud (Sedes), el Ministerio de Econom\u00eda y autoridades del sector, se identific\u00f3 que el hospital manten\u00eda 5,8 millones de bolivianos en saldo de caja y bancos desde 2024.<\/p>\n\n\n\n<p>Indic\u00f3 que el Ministerio de Salud y el Sedes gestionan una modificaci\u00f3n presupuestaria para que ese dinero pueda ser utilizado por el establecimiento.<\/p>\n\n\n\n<p>El viceministro a\u00f1adi\u00f3 que el 6 de marzo los hospitales de La Paz solicitaron un adelanto presupuestario y el Hospital de La Mujer pidi\u00f3 1,3 millones de bolivianos para la compra de medicamentos, insumos y suministros sanitarios, tr\u00e1mite que a\u00fan est\u00e1 en gesti\u00f3n.<\/p>\n\n\n\n<p>Fuente: Opini\u00f3n<\/p>\n","protected":false},"excerpt":{"rendered":"<p>La Paz, 10 de Marzo de 2026.- Las declaraciones del viceministro se producen un d\u00eda despu\u00e9s de que el Sindicato de Ramas M\u00e9dicas de la Salud P\u00fablica (Sirmes) La Paz denunciara una crisis en el Hospital de la Mujer. El viceministro de Gesti\u00f3n del Sistema Nacional de Salud, Jos\u00e9 Luis R\u00edos, afirm\u00f3 este martes que&#8230;<\/p>\n","protected":false},"author":11,"featured_media":9379,"comment_status":"open","ping_status":"open","sticky":false,"template":"","format":"standard","meta":{"_jetpack_memberships_contains_paid_content":false,"footnotes":"","jetpack_publicize_message":"","jetpack_publicize_feature_enabled":true,"jetpack_social_post_already_shared":true,"jetpack_social_options":{"image_generator_settings":{"template":"highway","enabled":false},"version":2}},"categories":[187],"tags":[839,1373,1376,615,1374,94,1375],"class_list":["post-9378","post","type-post","status-publish","format-standard","has-post-thumbnail","hentry","category-salud","tag-centro-de-salud","tag-hospital-de-la-mujer","tag-jose-luis-rios","tag-la-paz","tag-presupuesto","tag-salud","tag-sirmes"],"jetpack_publicize_connections":[],"yoast_head":"<!-- This site is optimized with the Yoast SEO plugin v23.4 - https:\/\/yoast.com\/wordpress\/plugins\/seo\/ -->\n<title>GOBIERNO NIEGA RECORTE AL HOSPITAL DE LA MUJER; SU PRESUPUESTO ES SIMILAR AL DE 2025 - innoticiasbo.com<\/title>\n<meta name=\"robots\" content=\"index, follow, max-snippet:-1, max-image-preview:large, max-video-preview:-1\" \/>\n<link rel=\"canonical\" href=\"https:\/\/innoticiasbo.com\/index.php\/2026\/03\/10\/gobierno-niega-recorte-al-hospital-de-la-mujer-su-presupuesto-es-similar-al-de-2025\/\" \/>\n<meta property=\"og:locale\" content=\"es_ES\" \/>\n<meta property=\"og:type\" content=\"article\" \/>\n<meta property=\"og:title\" content=\"GOBIERNO NIEGA RECORTE AL HOSPITAL DE LA MUJER; SU PRESUPUESTO ES SIMILAR AL DE 2025 - innoticiasbo.com\" \/>\n<meta property=\"og:description\" content=\"La Paz, 10 de Marzo de 2026.- Las declaraciones del viceministro se producen un d\u00eda despu\u00e9s de que el Sindicato de Ramas M\u00e9dicas de la Salud P\u00fablica (Sirmes) La Paz denunciara una crisis en el Hospital de la Mujer. El viceministro de Gesti\u00f3n del Sistema Nacional de Salud, Jos\u00e9 Luis R\u00edos, afirm\u00f3 este martes que...\" \/>\n<meta property=\"og:url\" content=\"https:\/\/innoticiasbo.com\/index.php\/2026\/03\/10\/gobierno-niega-recorte-al-hospital-de-la-mujer-su-presupuesto-es-similar-al-de-2025\/\" \/>\n<meta property=\"og:site_name\" content=\"innoticiasbo.com\" \/>\n<meta property=\"article:publisher\" content=\"https:\/\/www.facebook.com\/innoticiasbolivia\" \/>\n<meta property=\"article:published_time\" content=\"2026-03-10T17:15:12+00:00\" \/>\n<meta property=\"article:modified_time\" content=\"2026-03-10T17:15:13+00:00\" \/>\n<meta property=\"og:image\" content=\"https:\/\/innoticiasbo.com\/wp-content\/uploads\/2026\/03\/image-113.png\" \/>\n\t<meta property=\"og:image:width\" content=\"900\" \/>\n\t<meta property=\"og:image:height\" content=\"506\" \/>\n\t<meta property=\"og:image:type\" content=\"image\/png\" \/>\n<meta name=\"author\" content=\"Prensa 11\" \/>\n<meta name=\"twitter:card\" content=\"summary_large_image\" \/>\n<meta name=\"twitter:creator\" content=\"@innoticiasbo\" \/>\n<meta name=\"twitter:site\" content=\"@innoticiasbo\" \/>\n<meta name=\"twitter:label1\" content=\"Escrito por\" \/>\n\t<meta name=\"twitter:data1\" content=\"Prensa 11\" \/>\n\t<meta name=\"twitter:label2\" content=\"Tiempo de lectura\" \/>\n\t<meta name=\"twitter:data2\" content=\"3 minutos\" \/>\n<script type=\"application\/ld+json\" class=\"yoast-schema-graph\">{\"@context\":\"https:\/\/schema.org\",\"@graph\":[{\"@type\":\"Article\",\"@id\":\"https:\/\/innoticiasbo.com\/index.php\/2026\/03\/10\/gobierno-niega-recorte-al-hospital-de-la-mujer-su-presupuesto-es-similar-al-de-2025\/#article\",\"isPartOf\":{\"@id\":\"https:\/\/innoticiasbo.com\/index.php\/2026\/03\/10\/gobierno-niega-recorte-al-hospital-de-la-mujer-su-presupuesto-es-similar-al-de-2025\/\"},\"author\":{\"name\":\"Prensa 11\",\"@id\":\"https:\/\/innoticiasbo.com\/#\/schema\/person\/0b28481e8d0316f83a13bc702311def5\"},\"headline\":\"GOBIERNO NIEGA RECORTE AL HOSPITAL DE LA MUJER; SU PRESUPUESTO ES SIMILAR AL DE 2025\",\"datePublished\":\"2026-03-10T17:15:12+00:00\",\"dateModified\":\"2026-03-10T17:15:13+00:00\",\"mainEntityOfPage\":{\"@id\":\"https:\/\/innoticiasbo.com\/index.php\/2026\/03\/10\/gobierno-niega-recorte-al-hospital-de-la-mujer-su-presupuesto-es-similar-al-de-2025\/\"},\"wordCount\":416,\"commentCount\":0,\"publisher\":{\"@id\":\"https:\/\/innoticiasbo.com\/#organization\"},\"image\":{\"@id\":\"https:\/\/innoticiasbo.com\/index.php\/2026\/03\/10\/gobierno-niega-recorte-al-hospital-de-la-mujer-su-presupuesto-es-similar-al-de-2025\/#primaryimage\"},\"thumbnailUrl\":\"https:\/\/i0.wp.com\/innoticiasbo.com\/wp-content\/uploads\/2026\/03\/image-113.png?fit=900%2C506&ssl=1\",\"keywords\":[\"centro de salud\",\"Hospital de la mujer\",\"Jos\u00e9 Luis R\u00edos\",\"La Paz\",\"presupuesto\",\"Salud\",\"SIRMES\"],\"articleSection\":[\"Salud\"],\"inLanguage\":\"es\",\"potentialAction\":[{\"@type\":\"CommentAction\",\"name\":\"Comment\",\"target\":[\"https:\/\/innoticiasbo.com\/index.php\/2026\/03\/10\/gobierno-niega-recorte-al-hospital-de-la-mujer-su-presupuesto-es-similar-al-de-2025\/#respond\"]}]},{\"@type\":\"WebPage\",\"@id\":\"https:\/\/innoticiasbo.com\/index.php\/2026\/03\/10\/gobierno-niega-recorte-al-hospital-de-la-mujer-su-presupuesto-es-similar-al-de-2025\/\",\"url\":\"https:\/\/innoticiasbo.com\/index.php\/2026\/03\/10\/gobierno-niega-recorte-al-hospital-de-la-mujer-su-presupuesto-es-similar-al-de-2025\/\",\"name\":\"GOBIERNO NIEGA RECORTE AL HOSPITAL DE LA MUJER; SU PRESUPUESTO ES SIMILAR AL DE 2025 - innoticiasbo.com\",\"isPartOf\":{\"@id\":\"https:\/\/innoticiasbo.com\/#website\"},\"primaryImageOfPage\":{\"@id\":\"https:\/\/innoticiasbo.com\/index.php\/2026\/03\/10\/gobierno-niega-recorte-al-hospital-de-la-mujer-su-presupuesto-es-similar-al-de-2025\/#primaryimage\"},\"image\":{\"@id\":\"https:\/\/innoticiasbo.com\/index.php\/2026\/03\/10\/gobierno-niega-recorte-al-hospital-de-la-mujer-su-presupuesto-es-similar-al-de-2025\/#primaryimage\"},\"thumbnailUrl\":\"https:\/\/i0.wp.com\/innoticiasbo.com\/wp-content\/uploads\/2026\/03\/image-113.png?fit=900%2C506&ssl=1\",\"datePublished\":\"2026-03-10T17:15:12+00:00\",\"dateModified\":\"2026-03-10T17:15:13+00:00\",\"breadcrumb\":{\"@id\":\"https:\/\/innoticiasbo.com\/index.php\/2026\/03\/10\/gobierno-niega-recorte-al-hospital-de-la-mujer-su-presupuesto-es-similar-al-de-2025\/#breadcrumb\"},\"inLanguage\":\"es\",\"potentialAction\":[{\"@type\":\"ReadAction\",\"target\":[\"https:\/\/innoticiasbo.com\/index.php\/2026\/03\/10\/gobierno-niega-recorte-al-hospital-de-la-mujer-su-presupuesto-es-similar-al-de-2025\/\"]}]},{\"@type\":\"ImageObject\",\"inLanguage\":\"es\",\"@id\":\"https:\/\/innoticiasbo.com\/index.php\/2026\/03\/10\/gobierno-niega-recorte-al-hospital-de-la-mujer-su-presupuesto-es-similar-al-de-2025\/#primaryimage\",\"url\":\"https:\/\/i0.wp.com\/innoticiasbo.com\/wp-content\/uploads\/2026\/03\/image-113.png?fit=900%2C506&ssl=1\",\"contentUrl\":\"https:\/\/i0.wp.com\/innoticiasbo.com\/wp-content\/uploads\/2026\/03\/image-113.png?fit=900%2C506&ssl=1\",\"width\":900,\"height\":506},{\"@type\":\"BreadcrumbList\",\"@id\":\"https:\/\/innoticiasbo.com\/index.php\/2026\/03\/10\/gobierno-niega-recorte-al-hospital-de-la-mujer-su-presupuesto-es-similar-al-de-2025\/#breadcrumb\",\"itemListElement\":[{\"@type\":\"ListItem\",\"position\":1,\"name\":\"Portada\",\"item\":\"https:\/\/innoticiasbo.com\/\"},{\"@type\":\"ListItem\",\"position\":2,\"name\":\"GOBIERNO NIEGA RECORTE AL HOSPITAL DE LA MUJER; SU PRESUPUESTO ES SIMILAR AL DE 2025\"}]},{\"@type\":\"WebSite\",\"@id\":\"https:\/\/innoticiasbo.com\/#website\",\"url\":\"https:\/\/innoticiasbo.com\/\",\"name\":\"innoticiasbo.com\",\"description\":\"\",\"publisher\":{\"@id\":\"https:\/\/innoticiasbo.com\/#organization\"},\"potentialAction\":[{\"@type\":\"SearchAction\",\"target\":{\"@type\":\"EntryPoint\",\"urlTemplate\":\"https:\/\/innoticiasbo.com\/?s={search_term_string}\"},\"query-input\":{\"@type\":\"PropertyValueSpecification\",\"valueRequired\":true,\"valueName\":\"search_term_string\"}}],\"inLanguage\":\"es\"},{\"@type\":\"Organization\",\"@id\":\"https:\/\/innoticiasbo.com\/#organization\",\"name\":\"innoticiasbo.com\",\"url\":\"https:\/\/innoticiasbo.com\/\",\"logo\":{\"@type\":\"ImageObject\",\"inLanguage\":\"es\",\"@id\":\"https:\/\/innoticiasbo.com\/#\/schema\/logo\/image\/\",\"url\":\"https:\/\/i0.wp.com\/innoticiasbo.com\/wp-content\/uploads\/2026\/04\/cropped-IN-LOGO.png?fit=1476%2C1476&ssl=1\",\"contentUrl\":\"https:\/\/i0.wp.com\/innoticiasbo.com\/wp-content\/uploads\/2026\/04\/cropped-IN-LOGO.png?fit=1476%2C1476&ssl=1\",\"width\":1476,\"height\":1476,\"caption\":\"innoticiasbo.com\"},\"image\":{\"@id\":\"https:\/\/innoticiasbo.com\/#\/schema\/logo\/image\/\"},\"sameAs\":[\"https:\/\/www.facebook.com\/innoticiasbolivia\",\"https:\/\/x.com\/innoticiasbo\",\"https:\/\/www.instagram.com\/innoticiasbo\",\"https:\/\/www.youtube.com\/innoticiasbo\"]},{\"@type\":\"Person\",\"@id\":\"https:\/\/innoticiasbo.com\/#\/schema\/person\/0b28481e8d0316f83a13bc702311def5\",\"name\":\"Prensa 11\",\"image\":{\"@type\":\"ImageObject\",\"inLanguage\":\"es\",\"@id\":\"https:\/\/innoticiasbo.com\/#\/schema\/person\/image\/\",\"url\":\"https:\/\/secure.gravatar.com\/avatar\/696560c17349f1807a610bf83832bad0?s=96&d=mm&r=g\",\"contentUrl\":\"https:\/\/secure.gravatar.com\/avatar\/696560c17349f1807a610bf83832bad0?s=96&d=mm&r=g\",\"caption\":\"Prensa 11\"},\"sameAs\":[\"http:\/\/www.innoticiasbo.com\"],\"url\":\"https:\/\/innoticiasbo.com\/index.php\/author\/prensa-11\/\"}]}<\/script>\n<!-- \/ Yoast SEO plugin. -->","yoast_head_json":{"title":"GOBIERNO NIEGA RECORTE AL HOSPITAL DE LA MUJER; SU PRESUPUESTO ES SIMILAR AL DE 2025 - innoticiasbo.com","robots":{"index":"index","follow":"follow","max-snippet":"max-snippet:-1","max-image-preview":"max-image-preview:large","max-video-preview":"max-video-preview:-1"},"canonical":"https:\/\/innoticiasbo.com\/index.php\/2026\/03\/10\/gobierno-niega-recorte-al-hospital-de-la-mujer-su-presupuesto-es-similar-al-de-2025\/","og_locale":"es_ES","og_type":"article","og_title":"GOBIERNO NIEGA RECORTE AL HOSPITAL DE LA MUJER; SU PRESUPUESTO ES SIMILAR AL DE 2025 - innoticiasbo.com","og_description":"La Paz, 10 de Marzo de 2026.- Las declaraciones del viceministro se producen un d\u00eda despu\u00e9s de que el Sindicato de Ramas M\u00e9dicas de la Salud P\u00fablica (Sirmes) La Paz denunciara una crisis en el Hospital de la Mujer. El viceministro de Gesti\u00f3n del Sistema Nacional de Salud, Jos\u00e9 Luis R\u00edos, afirm\u00f3 este martes que...","og_url":"https:\/\/innoticiasbo.com\/index.php\/2026\/03\/10\/gobierno-niega-recorte-al-hospital-de-la-mujer-su-presupuesto-es-similar-al-de-2025\/","og_site_name":"innoticiasbo.com","article_publisher":"https:\/\/www.facebook.com\/innoticiasbolivia","article_published_time":"2026-03-10T17:15:12+00:00","article_modified_time":"2026-03-10T17:15:13+00:00","og_image":[{"width":900,"height":506,"url":"https:\/\/innoticiasbo.com\/wp-content\/uploads\/2026\/03\/image-113.png","type":"image\/png"}],"author":"Prensa 11","twitter_card":"summary_large_image","twitter_creator":"@innoticiasbo","twitter_site":"@innoticiasbo","twitter_misc":{"Escrito por":"Prensa 11","Tiempo de lectura":"3 minutos"},"schema":{"@context":"https:\/\/schema.org","@graph":[{"@type":"Article","@id":"https:\/\/innoticiasbo.com\/index.php\/2026\/03\/10\/gobierno-niega-recorte-al-hospital-de-la-mujer-su-presupuesto-es-similar-al-de-2025\/#article","isPartOf":{"@id":"https:\/\/innoticiasbo.com\/index.php\/2026\/03\/10\/gobierno-niega-recorte-al-hospital-de-la-mujer-su-presupuesto-es-similar-al-de-2025\/"},"author":{"name":"Prensa 11","@id":"https:\/\/innoticiasbo.com\/#\/schema\/person\/0b28481e8d0316f83a13bc702311def5"},"headline":"GOBIERNO NIEGA RECORTE AL HOSPITAL DE LA MUJER; SU PRESUPUESTO ES SIMILAR AL DE 2025","datePublished":"2026-03-10T17:15:12+00:00","dateModified":"2026-03-10T17:15:13+00:00","mainEntityOfPage":{"@id":"https:\/\/innoticiasbo.com\/index.php\/2026\/03\/10\/gobierno-niega-recorte-al-hospital-de-la-mujer-su-presupuesto-es-similar-al-de-2025\/"},"wordCount":416,"commentCount":0,"publisher":{"@id":"https:\/\/innoticiasbo.com\/#organization"},"image":{"@id":"https:\/\/innoticiasbo.com\/index.php\/2026\/03\/10\/gobierno-niega-recorte-al-hospital-de-la-mujer-su-presupuesto-es-similar-al-de-2025\/#primaryimage"},"thumbnailUrl":"https:\/\/i0.wp.com\/innoticiasbo.com\/wp-content\/uploads\/2026\/03\/image-113.png?fit=900%2C506&ssl=1","keywords":["centro de salud","Hospital de la mujer","Jos\u00e9 Luis R\u00edos","La Paz","presupuesto","Salud","SIRMES"],"articleSection":["Salud"],"inLanguage":"es","potentialAction":[{"@type":"CommentAction","name":"Comment","target":["https:\/\/innoticiasbo.com\/index.php\/2026\/03\/10\/gobierno-niega-recorte-al-hospital-de-la-mujer-su-presupuesto-es-similar-al-de-2025\/#respond"]}]},{"@type":"WebPage","@id":"https:\/\/innoticiasbo.com\/index.php\/2026\/03\/10\/gobierno-niega-recorte-al-hospital-de-la-mujer-su-presupuesto-es-similar-al-de-2025\/","url":"https:\/\/innoticiasbo.com\/index.php\/2026\/03\/10\/gobierno-niega-recorte-al-hospital-de-la-mujer-su-presupuesto-es-similar-al-de-2025\/","name":"GOBIERNO NIEGA RECORTE AL HOSPITAL DE LA MUJER; SU PRESUPUESTO ES SIMILAR AL DE 2025 - innoticiasbo.com","isPartOf":{"@id":"https:\/\/innoticiasbo.com\/#website"},"primaryImageOfPage":{"@id":"https:\/\/innoticiasbo.com\/index.php\/2026\/03\/10\/gobierno-niega-recorte-al-hospital-de-la-mujer-su-presupuesto-es-similar-al-de-2025\/#primaryimage"},"image":{"@id":"https:\/\/innoticiasbo.com\/index.php\/2026\/03\/10\/gobierno-niega-recorte-al-hospital-de-la-mujer-su-presupuesto-es-similar-al-de-2025\/#primaryimage"},"thumbnailUrl":"https:\/\/i0.wp.com\/innoticiasbo.com\/wp-content\/uploads\/2026\/03\/image-113.png?fit=900%2C506&ssl=1","datePublished":"2026-03-10T17:15:12+00:00","dateModified":"2026-03-10T17:15:13+00:00","breadcrumb":{"@id":"https:\/\/innoticiasbo.com\/index.php\/2026\/03\/10\/gobierno-niega-recorte-al-hospital-de-la-mujer-su-presupuesto-es-similar-al-de-2025\/#breadcrumb"},"inLanguage":"es","potentialAction":[{"@type":"ReadAction","target":["https:\/\/innoticiasbo.com\/index.php\/2026\/03\/10\/gobierno-niega-recorte-al-hospital-de-la-mujer-su-presupuesto-es-similar-al-de-2025\/"]}]},{"@type":"ImageObject","inLanguage":"es","@id":"https:\/\/innoticiasbo.com\/index.php\/2026\/03\/10\/gobierno-niega-recorte-al-hospital-de-la-mujer-su-presupuesto-es-similar-al-de-2025\/#primaryimage","url":"https:\/\/i0.wp.com\/innoticiasbo.com\/wp-content\/uploads\/2026\/03\/image-113.png?fit=900%2C506&ssl=1","contentUrl":"https:\/\/i0.wp.com\/innoticiasbo.com\/wp-content\/uploads\/2026\/03\/image-113.png?fit=900%2C506&ssl=1","width":900,"height":506},{"@type":"BreadcrumbList","@id":"https:\/\/innoticiasbo.com\/index.php\/2026\/03\/10\/gobierno-niega-recorte-al-hospital-de-la-mujer-su-presupuesto-es-similar-al-de-2025\/#breadcrumb","itemListElement":[{"@type":"ListItem","position":1,"name":"Portada","item":"https:\/\/innoticiasbo.com\/"},{"@type":"ListItem","position":2,"name":"GOBIERNO NIEGA RECORTE AL HOSPITAL DE LA MUJER; SU PRESUPUESTO ES SIMILAR AL DE 2025"}]},{"@type":"WebSite","@id":"https:\/\/innoticiasbo.com\/#website","url":"https:\/\/innoticiasbo.com\/","name":"innoticiasbo.com","description":"","publisher":{"@id":"https:\/\/innoticiasbo.com\/#organization"},"potentialAction":[{"@type":"SearchAction","target":{"@type":"EntryPoint","urlTemplate":"https:\/\/innoticiasbo.com\/?s={search_term_string}"},"query-input":{"@type":"PropertyValueSpecification","valueRequired":true,"valueName":"search_term_string"}}],"inLanguage":"es"},{"@type":"Organization","@id":"https:\/\/innoticiasbo.com\/#organization","name":"innoticiasbo.com","url":"https:\/\/innoticiasbo.com\/","logo":{"@type":"ImageObject","inLanguage":"es","@id":"https:\/\/innoticiasbo.com\/#\/schema\/logo\/image\/","url":"https:\/\/i0.wp.com\/innoticiasbo.com\/wp-content\/uploads\/2026\/04\/cropped-IN-LOGO.png?fit=1476%2C1476&ssl=1","contentUrl":"https:\/\/i0.wp.com\/innoticiasbo.com\/wp-content\/uploads\/2026\/04\/cropped-IN-LOGO.png?fit=1476%2C1476&ssl=1","width":1476,"height":1476,"caption":"innoticiasbo.com"},"image":{"@id":"https:\/\/innoticiasbo.com\/#\/schema\/logo\/image\/"},"sameAs":["https:\/\/www.facebook.com\/innoticiasbolivia","https:\/\/x.com\/innoticiasbo","https:\/\/www.instagram.com\/innoticiasbo","https:\/\/www.youtube.com\/innoticiasbo"]},{"@type":"Person","@id":"https:\/\/innoticiasbo.com\/#\/schema\/person\/0b28481e8d0316f83a13bc702311def5","name":"Prensa 11","image":{"@type":"ImageObject","inLanguage":"es","@id":"https:\/\/innoticiasbo.com\/#\/schema\/person\/image\/","url":"https:\/\/secure.gravatar.com\/avatar\/696560c17349f1807a610bf83832bad0?s=96&d=mm&r=g","contentUrl":"https:\/\/secure.gravatar.com\/avatar\/696560c17349f1807a610bf83832bad0?s=96&d=mm&r=g","caption":"Prensa 11"},"sameAs":["http:\/\/www.innoticiasbo.com"],"url":"https:\/\/innoticiasbo.com\/index.php\/author\/prensa-11\/"}]}},"jetpack_featured_media_url":"https:\/\/i0.wp.com\/innoticiasbo.com\/wp-content\/uploads\/2026\/03\/image-113.png?fit=900%2C506&ssl=1","jetpack_likes_enabled":true,"jetpack_sharing_enabled":true,"jetpack_shortlink":"https:\/\/wp.me\/pg298x-2rg","_links":{"self":[{"href":"https:\/\/innoticiasbo.com\/index.php\/wp-json\/wp\/v2\/posts\/9378","targetHints":{"allow":["GET"]}}],"collection":[{"href":"https:\/\/innoticiasbo.com\/index.php\/wp-json\/wp\/v2\/posts"}],"about":[{"href":"https:\/\/innoticiasbo.com\/index.php\/wp-json\/wp\/v2\/types\/post"}],"author":[{"embeddable":true,"href":"https:\/\/innoticiasbo.com\/index.php\/wp-json\/wp\/v2\/users\/11"}],"replies":[{"embeddable":true,"href":"https:\/\/innoticiasbo.com\/index.php\/wp-json\/wp\/v2\/comments?post=9378"}],"version-history":[{"count":1,"href":"https:\/\/innoticiasbo.com\/index.php\/wp-json\/wp\/v2\/posts\/9378\/revisions"}],"predecessor-version":[{"id":9380,"href":"https:\/\/innoticiasbo.com\/index.php\/wp-json\/wp\/v2\/posts\/9378\/revisions\/9380"}],"wp:featuredmedia":[{"embeddable":true,"href":"https:\/\/innoticiasbo.com\/index.php\/wp-json\/wp\/v2\/media\/9379"}],"wp:attachment":[{"href":"https:\/\/innoticiasbo.com\/index.php\/wp-json\/wp\/v2\/media?parent=9378"}],"wp:term":[{"taxonomy":"category","embeddable":true,"href":"https:\/\/innoticiasbo.com\/index.php\/wp-json\/wp\/v2\/categories?post=9378"},{"taxonomy":"post_tag","embeddable":true,"href":"https:\/\/innoticiasbo.com\/index.php\/wp-json\/wp\/v2\/tags?post=9378"}],"curies":[{"name":"wp","href":"https:\/\/api.w.org\/{rel}","templated":true}]}}