{"id":9375,"date":"2026-03-10T12:59:03","date_gmt":"2026-03-10T16:59:03","guid":{"rendered":"https:\/\/innoticiasbo.com\/?p=9375"},"modified":"2026-03-10T12:59:05","modified_gmt":"2026-03-10T16:59:05","slug":"boa-aclara-que-desvio-vuelo-a-gran-canaria-por-emergencia-de-pasajera-embarazada","status":"publish","type":"post","link":"https:\/\/innoticiasbo.com\/index.php\/2026\/03\/10\/boa-aclara-que-desvio-vuelo-a-gran-canaria-por-emergencia-de-pasajera-embarazada\/","title":{"rendered":"BOA ACLARA QUE DESVI\u00d3 VUELO A GRAN CANARIA POR EMERGENCIA DE PASAJERA EMBARAZADA"},"content":{"rendered":"\n<figure class=\"wp-block-image size-full\"><img data-recalc-dims=\"1\" loading=\"lazy\" decoding=\"async\" width=\"640\" height=\"330\" src=\"https:\/\/i0.wp.com\/innoticiasbo.com\/wp-content\/uploads\/2026\/03\/image-112.png?resize=640%2C330&#038;ssl=1\" alt=\"\" class=\"wp-image-9376\" srcset=\"https:\/\/i0.wp.com\/innoticiasbo.com\/wp-content\/uploads\/2026\/03\/image-112.png?w=953&amp;ssl=1 953w, https:\/\/i0.wp.com\/innoticiasbo.com\/wp-content\/uploads\/2026\/03\/image-112.png?resize=300%2C155&amp;ssl=1 300w, https:\/\/i0.wp.com\/innoticiasbo.com\/wp-content\/uploads\/2026\/03\/image-112.png?resize=768%2C396&amp;ssl=1 768w\" sizes=\"auto, (max-width: 640px) 100vw, 640px\" \/><\/figure>\n\n\n\n<p><strong>Internacional, 10 de Marzo de 2026.-<\/strong> Mediante ese escrito, la empresa explic\u00f3 que, siguiendo los protocolos establecidos para este tipo de situaciones, la tripulaci\u00f3n tom\u00f3 la decisi\u00f3n de priorizar la salud de la pasajera y proceder con el aterrizaje para que pudiera recibir atenci\u00f3n m\u00e9dica especializada.<\/p>\n\n\n\n<p>\u201cEl vuelo OB776, en la ruta Santa Cruz (VVI) \u2013 Madrid (MAD), realiz\u00f3 un desv\u00edo preventivo al Aeropuerto Internacional de Gran Canaria (GCLP) debido a un evento m\u00e9dico de una pasajera en estado de gestaci\u00f3n\u201d, aclar\u00f3 este martes la aerol\u00ednea estatal Boliviana de Aviaci\u00f3n (BoA) en un comunicado.<\/p>\n\n\n\n<p>Mediante ese escrito, la empresa explic\u00f3 que, siguiendo los protocolos establecidos para este tipo de situaciones, la tripulaci\u00f3n tom\u00f3 la decisi\u00f3n de priorizar la salud de la pasajera y proceder con el aterrizaje para que pudiera recibir atenci\u00f3n m\u00e9dica especializada.<\/p>\n\n\n\n<p>Una vez en tierra, se activaron de inmediato los protocolos correspondientes para la atenci\u00f3n de la pasajera y para la posterior coordinaci\u00f3n del despacho del vuelo, garantizando la continuidad del itinerario.<\/p>\n\n\n\n<p>\u201cBoA agradece la comprensi\u00f3n de los pasajeros y destaca la labor de la tripulaci\u00f3n y del personal en tierra, quienes actuaron con prontitud y responsabilidad para brindar la asistencia necesaria en este tipo de situaciones\u201d, manifest\u00f3 la aerol\u00ednea.<\/p>\n\n\n\n<p>Fuente: Opini\u00f3n<\/p>\n\n\n\n<p><\/p>\n","protected":false},"excerpt":{"rendered":"<p>Internacional, 10 de Marzo de 2026.- Mediante ese escrito, la empresa explic\u00f3 que, siguiendo los protocolos establecidos para este tipo de situaciones, la tripulaci\u00f3n tom\u00f3 la decisi\u00f3n de priorizar la salud de la pasajera y proceder con el aterrizaje para que pudiera recibir atenci\u00f3n m\u00e9dica especializada. \u201cEl vuelo OB776, en la ruta Santa Cruz (VVI)&#8230;<\/p>\n","protected":false},"author":11,"featured_media":9376,"comment_status":"open","ping_status":"open","sticky":false,"template":"","format":"standard","meta":{"_jetpack_memberships_contains_paid_content":false,"footnotes":"","jetpack_publicize_message":"","jetpack_publicize_feature_enabled":true,"jetpack_social_post_already_shared":true,"jetpack_social_options":{"image_generator_settings":{"template":"highway","enabled":false},"version":2}},"categories":[684],"tags":[744,106,1372,167,1371],"class_list":["post-9375","post","type-post","status-publish","format-standard","has-post-thumbnail","hentry","category-internacional","tag-avion","tag-boa","tag-desviados","tag-santa-cruz","tag-vuelos"],"jetpack_publicize_connections":[],"yoast_head":"<!-- This site is optimized with the Yoast SEO plugin v23.4 - https:\/\/yoast.com\/wordpress\/plugins\/seo\/ -->\n<title>BOA ACLARA QUE DESVI\u00d3 VUELO A GRAN CANARIA POR EMERGENCIA DE PASAJERA EMBARAZADA - innoticiasbo.com<\/title>\n<meta name=\"robots\" content=\"index, follow, max-snippet:-1, max-image-preview:large, max-video-preview:-1\" \/>\n<link rel=\"canonical\" href=\"https:\/\/innoticiasbo.com\/index.php\/2026\/03\/10\/boa-aclara-que-desvio-vuelo-a-gran-canaria-por-emergencia-de-pasajera-embarazada\/\" \/>\n<meta property=\"og:locale\" content=\"es_ES\" \/>\n<meta property=\"og:type\" content=\"article\" \/>\n<meta property=\"og:title\" content=\"BOA ACLARA QUE DESVI\u00d3 VUELO A GRAN CANARIA POR EMERGENCIA DE PASAJERA EMBARAZADA - innoticiasbo.com\" \/>\n<meta property=\"og:description\" content=\"Internacional, 10 de Marzo de 2026.- Mediante ese escrito, la empresa explic\u00f3 que, siguiendo los protocolos establecidos para este tipo de situaciones, la tripulaci\u00f3n tom\u00f3 la decisi\u00f3n de priorizar la salud de la pasajera y proceder con el aterrizaje para que pudiera recibir atenci\u00f3n m\u00e9dica especializada. \u201cEl vuelo OB776, en la ruta Santa Cruz (VVI)...\" \/>\n<meta property=\"og:url\" content=\"https:\/\/innoticiasbo.com\/index.php\/2026\/03\/10\/boa-aclara-que-desvio-vuelo-a-gran-canaria-por-emergencia-de-pasajera-embarazada\/\" \/>\n<meta property=\"og:site_name\" content=\"innoticiasbo.com\" \/>\n<meta property=\"article:publisher\" content=\"https:\/\/www.facebook.com\/innoticiasbolivia\" \/>\n<meta property=\"article:published_time\" content=\"2026-03-10T16:59:03+00:00\" \/>\n<meta property=\"article:modified_time\" content=\"2026-03-10T16:59:05+00:00\" \/>\n<meta property=\"og:image\" content=\"https:\/\/innoticiasbo.com\/wp-content\/uploads\/2026\/03\/image-112.png\" \/>\n\t<meta property=\"og:image:width\" content=\"953\" \/>\n\t<meta property=\"og:image:height\" content=\"492\" \/>\n\t<meta property=\"og:image:type\" content=\"image\/png\" \/>\n<meta name=\"author\" content=\"Prensa 11\" \/>\n<meta name=\"twitter:card\" content=\"summary_large_image\" \/>\n<meta name=\"twitter:creator\" content=\"@innoticiasbo\" \/>\n<meta name=\"twitter:site\" content=\"@innoticiasbo\" \/>\n<meta name=\"twitter:label1\" content=\"Escrito por\" \/>\n\t<meta name=\"twitter:data1\" content=\"Prensa 11\" \/>\n\t<meta name=\"twitter:label2\" content=\"Tiempo de lectura\" \/>\n\t<meta name=\"twitter:data2\" content=\"2 minutos\" \/>\n<script type=\"application\/ld+json\" class=\"yoast-schema-graph\">{\"@context\":\"https:\/\/schema.org\",\"@graph\":[{\"@type\":\"Article\",\"@id\":\"https:\/\/innoticiasbo.com\/index.php\/2026\/03\/10\/boa-aclara-que-desvio-vuelo-a-gran-canaria-por-emergencia-de-pasajera-embarazada\/#article\",\"isPartOf\":{\"@id\":\"https:\/\/innoticiasbo.com\/index.php\/2026\/03\/10\/boa-aclara-que-desvio-vuelo-a-gran-canaria-por-emergencia-de-pasajera-embarazada\/\"},\"author\":{\"name\":\"Prensa 11\",\"@id\":\"https:\/\/innoticiasbo.com\/#\/schema\/person\/0b28481e8d0316f83a13bc702311def5\"},\"headline\":\"BOA ACLARA QUE DESVI\u00d3 VUELO A GRAN CANARIA POR EMERGENCIA DE PASAJERA EMBARAZADA\",\"datePublished\":\"2026-03-10T16:59:03+00:00\",\"dateModified\":\"2026-03-10T16:59:05+00:00\",\"mainEntityOfPage\":{\"@id\":\"https:\/\/innoticiasbo.com\/index.php\/2026\/03\/10\/boa-aclara-que-desvio-vuelo-a-gran-canaria-por-emergencia-de-pasajera-embarazada\/\"},\"wordCount\":235,\"commentCount\":0,\"publisher\":{\"@id\":\"https:\/\/innoticiasbo.com\/#organization\"},\"image\":{\"@id\":\"https:\/\/innoticiasbo.com\/index.php\/2026\/03\/10\/boa-aclara-que-desvio-vuelo-a-gran-canaria-por-emergencia-de-pasajera-embarazada\/#primaryimage\"},\"thumbnailUrl\":\"https:\/\/i0.wp.com\/innoticiasbo.com\/wp-content\/uploads\/2026\/03\/image-112.png?fit=953%2C492&ssl=1\",\"keywords\":[\"avi\u00f3n\",\"Boa\",\"Desviados\",\"Santa Cruz\",\"Vuelos\"],\"articleSection\":[\"Internacional\"],\"inLanguage\":\"es\",\"potentialAction\":[{\"@type\":\"CommentAction\",\"name\":\"Comment\",\"target\":[\"https:\/\/innoticiasbo.com\/index.php\/2026\/03\/10\/boa-aclara-que-desvio-vuelo-a-gran-canaria-por-emergencia-de-pasajera-embarazada\/#respond\"]}]},{\"@type\":\"WebPage\",\"@id\":\"https:\/\/innoticiasbo.com\/index.php\/2026\/03\/10\/boa-aclara-que-desvio-vuelo-a-gran-canaria-por-emergencia-de-pasajera-embarazada\/\",\"url\":\"https:\/\/innoticiasbo.com\/index.php\/2026\/03\/10\/boa-aclara-que-desvio-vuelo-a-gran-canaria-por-emergencia-de-pasajera-embarazada\/\",\"name\":\"BOA ACLARA QUE DESVI\u00d3 VUELO A GRAN CANARIA POR EMERGENCIA DE PASAJERA EMBARAZADA - innoticiasbo.com\",\"isPartOf\":{\"@id\":\"https:\/\/innoticiasbo.com\/#website\"},\"primaryImageOfPage\":{\"@id\":\"https:\/\/innoticiasbo.com\/index.php\/2026\/03\/10\/boa-aclara-que-desvio-vuelo-a-gran-canaria-por-emergencia-de-pasajera-embarazada\/#primaryimage\"},\"image\":{\"@id\":\"https:\/\/innoticiasbo.com\/index.php\/2026\/03\/10\/boa-aclara-que-desvio-vuelo-a-gran-canaria-por-emergencia-de-pasajera-embarazada\/#primaryimage\"},\"thumbnailUrl\":\"https:\/\/i0.wp.com\/innoticiasbo.com\/wp-content\/uploads\/2026\/03\/image-112.png?fit=953%2C492&ssl=1\",\"datePublished\":\"2026-03-10T16:59:03+00:00\",\"dateModified\":\"2026-03-10T16:59:05+00:00\",\"breadcrumb\":{\"@id\":\"https:\/\/innoticiasbo.com\/index.php\/2026\/03\/10\/boa-aclara-que-desvio-vuelo-a-gran-canaria-por-emergencia-de-pasajera-embarazada\/#breadcrumb\"},\"inLanguage\":\"es\",\"potentialAction\":[{\"@type\":\"ReadAction\",\"target\":[\"https:\/\/innoticiasbo.com\/index.php\/2026\/03\/10\/boa-aclara-que-desvio-vuelo-a-gran-canaria-por-emergencia-de-pasajera-embarazada\/\"]}]},{\"@type\":\"ImageObject\",\"inLanguage\":\"es\",\"@id\":\"https:\/\/innoticiasbo.com\/index.php\/2026\/03\/10\/boa-aclara-que-desvio-vuelo-a-gran-canaria-por-emergencia-de-pasajera-embarazada\/#primaryimage\",\"url\":\"https:\/\/i0.wp.com\/innoticiasbo.com\/wp-content\/uploads\/2026\/03\/image-112.png?fit=953%2C492&ssl=1\",\"contentUrl\":\"https:\/\/i0.wp.com\/innoticiasbo.com\/wp-content\/uploads\/2026\/03\/image-112.png?fit=953%2C492&ssl=1\",\"width\":953,\"height\":492},{\"@type\":\"BreadcrumbList\",\"@id\":\"https:\/\/innoticiasbo.com\/index.php\/2026\/03\/10\/boa-aclara-que-desvio-vuelo-a-gran-canaria-por-emergencia-de-pasajera-embarazada\/#breadcrumb\",\"itemListElement\":[{\"@type\":\"ListItem\",\"position\":1,\"name\":\"Portada\",\"item\":\"https:\/\/innoticiasbo.com\/\"},{\"@type\":\"ListItem\",\"position\":2,\"name\":\"BOA ACLARA QUE DESVI\u00d3 VUELO A GRAN CANARIA POR EMERGENCIA DE PASAJERA EMBARAZADA\"}]},{\"@type\":\"WebSite\",\"@id\":\"https:\/\/innoticiasbo.com\/#website\",\"url\":\"https:\/\/innoticiasbo.com\/\",\"name\":\"innoticiasbo.com\",\"description\":\"\",\"publisher\":{\"@id\":\"https:\/\/innoticiasbo.com\/#organization\"},\"potentialAction\":[{\"@type\":\"SearchAction\",\"target\":{\"@type\":\"EntryPoint\",\"urlTemplate\":\"https:\/\/innoticiasbo.com\/?s={search_term_string}\"},\"query-input\":{\"@type\":\"PropertyValueSpecification\",\"valueRequired\":true,\"valueName\":\"search_term_string\"}}],\"inLanguage\":\"es\"},{\"@type\":\"Organization\",\"@id\":\"https:\/\/innoticiasbo.com\/#organization\",\"name\":\"innoticiasbo.com\",\"url\":\"https:\/\/innoticiasbo.com\/\",\"logo\":{\"@type\":\"ImageObject\",\"inLanguage\":\"es\",\"@id\":\"https:\/\/innoticiasbo.com\/#\/schema\/logo\/image\/\",\"url\":\"https:\/\/i0.wp.com\/innoticiasbo.com\/wp-content\/uploads\/2026\/04\/cropped-IN-LOGO.png?fit=1476%2C1476&ssl=1\",\"contentUrl\":\"https:\/\/i0.wp.com\/innoticiasbo.com\/wp-content\/uploads\/2026\/04\/cropped-IN-LOGO.png?fit=1476%2C1476&ssl=1\",\"width\":1476,\"height\":1476,\"caption\":\"innoticiasbo.com\"},\"image\":{\"@id\":\"https:\/\/innoticiasbo.com\/#\/schema\/logo\/image\/\"},\"sameAs\":[\"https:\/\/www.facebook.com\/innoticiasbolivia\",\"https:\/\/x.com\/innoticiasbo\",\"https:\/\/www.instagram.com\/innoticiasbo\",\"https:\/\/www.youtube.com\/innoticiasbo\"]},{\"@type\":\"Person\",\"@id\":\"https:\/\/innoticiasbo.com\/#\/schema\/person\/0b28481e8d0316f83a13bc702311def5\",\"name\":\"Prensa 11\",\"image\":{\"@type\":\"ImageObject\",\"inLanguage\":\"es\",\"@id\":\"https:\/\/innoticiasbo.com\/#\/schema\/person\/image\/\",\"url\":\"https:\/\/secure.gravatar.com\/avatar\/696560c17349f1807a610bf83832bad0?s=96&d=mm&r=g\",\"contentUrl\":\"https:\/\/secure.gravatar.com\/avatar\/696560c17349f1807a610bf83832bad0?s=96&d=mm&r=g\",\"caption\":\"Prensa 11\"},\"sameAs\":[\"http:\/\/www.innoticiasbo.com\"],\"url\":\"https:\/\/innoticiasbo.com\/index.php\/author\/prensa-11\/\"}]}<\/script>\n<!-- \/ Yoast SEO plugin. -->","yoast_head_json":{"title":"BOA ACLARA QUE DESVI\u00d3 VUELO A GRAN CANARIA POR EMERGENCIA DE PASAJERA EMBARAZADA - innoticiasbo.com","robots":{"index":"index","follow":"follow","max-snippet":"max-snippet:-1","max-image-preview":"max-image-preview:large","max-video-preview":"max-video-preview:-1"},"canonical":"https:\/\/innoticiasbo.com\/index.php\/2026\/03\/10\/boa-aclara-que-desvio-vuelo-a-gran-canaria-por-emergencia-de-pasajera-embarazada\/","og_locale":"es_ES","og_type":"article","og_title":"BOA ACLARA QUE DESVI\u00d3 VUELO A GRAN CANARIA POR EMERGENCIA DE PASAJERA EMBARAZADA - innoticiasbo.com","og_description":"Internacional, 10 de Marzo de 2026.- Mediante ese escrito, la empresa explic\u00f3 que, siguiendo los protocolos establecidos para este tipo de situaciones, la tripulaci\u00f3n tom\u00f3 la decisi\u00f3n de priorizar la salud de la pasajera y proceder con el aterrizaje para que pudiera recibir atenci\u00f3n m\u00e9dica especializada. \u201cEl vuelo OB776, en la ruta Santa Cruz (VVI)...","og_url":"https:\/\/innoticiasbo.com\/index.php\/2026\/03\/10\/boa-aclara-que-desvio-vuelo-a-gran-canaria-por-emergencia-de-pasajera-embarazada\/","og_site_name":"innoticiasbo.com","article_publisher":"https:\/\/www.facebook.com\/innoticiasbolivia","article_published_time":"2026-03-10T16:59:03+00:00","article_modified_time":"2026-03-10T16:59:05+00:00","og_image":[{"width":953,"height":492,"url":"https:\/\/innoticiasbo.com\/wp-content\/uploads\/2026\/03\/image-112.png","type":"image\/png"}],"author":"Prensa 11","twitter_card":"summary_large_image","twitter_creator":"@innoticiasbo","twitter_site":"@innoticiasbo","twitter_misc":{"Escrito por":"Prensa 11","Tiempo de lectura":"2 minutos"},"schema":{"@context":"https:\/\/schema.org","@graph":[{"@type":"Article","@id":"https:\/\/innoticiasbo.com\/index.php\/2026\/03\/10\/boa-aclara-que-desvio-vuelo-a-gran-canaria-por-emergencia-de-pasajera-embarazada\/#article","isPartOf":{"@id":"https:\/\/innoticiasbo.com\/index.php\/2026\/03\/10\/boa-aclara-que-desvio-vuelo-a-gran-canaria-por-emergencia-de-pasajera-embarazada\/"},"author":{"name":"Prensa 11","@id":"https:\/\/innoticiasbo.com\/#\/schema\/person\/0b28481e8d0316f83a13bc702311def5"},"headline":"BOA ACLARA QUE DESVI\u00d3 VUELO A GRAN CANARIA POR EMERGENCIA DE PASAJERA EMBARAZADA","datePublished":"2026-03-10T16:59:03+00:00","dateModified":"2026-03-10T16:59:05+00:00","mainEntityOfPage":{"@id":"https:\/\/innoticiasbo.com\/index.php\/2026\/03\/10\/boa-aclara-que-desvio-vuelo-a-gran-canaria-por-emergencia-de-pasajera-embarazada\/"},"wordCount":235,"commentCount":0,"publisher":{"@id":"https:\/\/innoticiasbo.com\/#organization"},"image":{"@id":"https:\/\/innoticiasbo.com\/index.php\/2026\/03\/10\/boa-aclara-que-desvio-vuelo-a-gran-canaria-por-emergencia-de-pasajera-embarazada\/#primaryimage"},"thumbnailUrl":"https:\/\/i0.wp.com\/innoticiasbo.com\/wp-content\/uploads\/2026\/03\/image-112.png?fit=953%2C492&ssl=1","keywords":["avi\u00f3n","Boa","Desviados","Santa Cruz","Vuelos"],"articleSection":["Internacional"],"inLanguage":"es","potentialAction":[{"@type":"CommentAction","name":"Comment","target":["https:\/\/innoticiasbo.com\/index.php\/2026\/03\/10\/boa-aclara-que-desvio-vuelo-a-gran-canaria-por-emergencia-de-pasajera-embarazada\/#respond"]}]},{"@type":"WebPage","@id":"https:\/\/innoticiasbo.com\/index.php\/2026\/03\/10\/boa-aclara-que-desvio-vuelo-a-gran-canaria-por-emergencia-de-pasajera-embarazada\/","url":"https:\/\/innoticiasbo.com\/index.php\/2026\/03\/10\/boa-aclara-que-desvio-vuelo-a-gran-canaria-por-emergencia-de-pasajera-embarazada\/","name":"BOA ACLARA QUE DESVI\u00d3 VUELO A GRAN CANARIA POR EMERGENCIA DE PASAJERA EMBARAZADA - innoticiasbo.com","isPartOf":{"@id":"https:\/\/innoticiasbo.com\/#website"},"primaryImageOfPage":{"@id":"https:\/\/innoticiasbo.com\/index.php\/2026\/03\/10\/boa-aclara-que-desvio-vuelo-a-gran-canaria-por-emergencia-de-pasajera-embarazada\/#primaryimage"},"image":{"@id":"https:\/\/innoticiasbo.com\/index.php\/2026\/03\/10\/boa-aclara-que-desvio-vuelo-a-gran-canaria-por-emergencia-de-pasajera-embarazada\/#primaryimage"},"thumbnailUrl":"https:\/\/i0.wp.com\/innoticiasbo.com\/wp-content\/uploads\/2026\/03\/image-112.png?fit=953%2C492&ssl=1","datePublished":"2026-03-10T16:59:03+00:00","dateModified":"2026-03-10T16:59:05+00:00","breadcrumb":{"@id":"https:\/\/innoticiasbo.com\/index.php\/2026\/03\/10\/boa-aclara-que-desvio-vuelo-a-gran-canaria-por-emergencia-de-pasajera-embarazada\/#breadcrumb"},"inLanguage":"es","potentialAction":[{"@type":"ReadAction","target":["https:\/\/innoticiasbo.com\/index.php\/2026\/03\/10\/boa-aclara-que-desvio-vuelo-a-gran-canaria-por-emergencia-de-pasajera-embarazada\/"]}]},{"@type":"ImageObject","inLanguage":"es","@id":"https:\/\/innoticiasbo.com\/index.php\/2026\/03\/10\/boa-aclara-que-desvio-vuelo-a-gran-canaria-por-emergencia-de-pasajera-embarazada\/#primaryimage","url":"https:\/\/i0.wp.com\/innoticiasbo.com\/wp-content\/uploads\/2026\/03\/image-112.png?fit=953%2C492&ssl=1","contentUrl":"https:\/\/i0.wp.com\/innoticiasbo.com\/wp-content\/uploads\/2026\/03\/image-112.png?fit=953%2C492&ssl=1","width":953,"height":492},{"@type":"BreadcrumbList","@id":"https:\/\/innoticiasbo.com\/index.php\/2026\/03\/10\/boa-aclara-que-desvio-vuelo-a-gran-canaria-por-emergencia-de-pasajera-embarazada\/#breadcrumb","itemListElement":[{"@type":"ListItem","position":1,"name":"Portada","item":"https:\/\/innoticiasbo.com\/"},{"@type":"ListItem","position":2,"name":"BOA ACLARA QUE DESVI\u00d3 VUELO A GRAN CANARIA POR EMERGENCIA DE PASAJERA EMBARAZADA"}]},{"@type":"WebSite","@id":"https:\/\/innoticiasbo.com\/#website","url":"https:\/\/innoticiasbo.com\/","name":"innoticiasbo.com","description":"","publisher":{"@id":"https:\/\/innoticiasbo.com\/#organization"},"potentialAction":[{"@type":"SearchAction","target":{"@type":"EntryPoint","urlTemplate":"https:\/\/innoticiasbo.com\/?s={search_term_string}"},"query-input":{"@type":"PropertyValueSpecification","valueRequired":true,"valueName":"search_term_string"}}],"inLanguage":"es"},{"@type":"Organization","@id":"https:\/\/innoticiasbo.com\/#organization","name":"innoticiasbo.com","url":"https:\/\/innoticiasbo.com\/","logo":{"@type":"ImageObject","inLanguage":"es","@id":"https:\/\/innoticiasbo.com\/#\/schema\/logo\/image\/","url":"https:\/\/i0.wp.com\/innoticiasbo.com\/wp-content\/uploads\/2026\/04\/cropped-IN-LOGO.png?fit=1476%2C1476&ssl=1","contentUrl":"https:\/\/i0.wp.com\/innoticiasbo.com\/wp-content\/uploads\/2026\/04\/cropped-IN-LOGO.png?fit=1476%2C1476&ssl=1","width":1476,"height":1476,"caption":"innoticiasbo.com"},"image":{"@id":"https:\/\/innoticiasbo.com\/#\/schema\/logo\/image\/"},"sameAs":["https:\/\/www.facebook.com\/innoticiasbolivia","https:\/\/x.com\/innoticiasbo","https:\/\/www.instagram.com\/innoticiasbo","https:\/\/www.youtube.com\/innoticiasbo"]},{"@type":"Person","@id":"https:\/\/innoticiasbo.com\/#\/schema\/person\/0b28481e8d0316f83a13bc702311def5","name":"Prensa 11","image":{"@type":"ImageObject","inLanguage":"es","@id":"https:\/\/innoticiasbo.com\/#\/schema\/person\/image\/","url":"https:\/\/secure.gravatar.com\/avatar\/696560c17349f1807a610bf83832bad0?s=96&d=mm&r=g","contentUrl":"https:\/\/secure.gravatar.com\/avatar\/696560c17349f1807a610bf83832bad0?s=96&d=mm&r=g","caption":"Prensa 11"},"sameAs":["http:\/\/www.innoticiasbo.com"],"url":"https:\/\/innoticiasbo.com\/index.php\/author\/prensa-11\/"}]}},"jetpack_featured_media_url":"https:\/\/i0.wp.com\/innoticiasbo.com\/wp-content\/uploads\/2026\/03\/image-112.png?fit=953%2C492&ssl=1","jetpack_likes_enabled":true,"jetpack_sharing_enabled":true,"jetpack_shortlink":"https:\/\/wp.me\/pg298x-2rd","_links":{"self":[{"href":"https:\/\/innoticiasbo.com\/index.php\/wp-json\/wp\/v2\/posts\/9375","targetHints":{"allow":["GET"]}}],"collection":[{"href":"https:\/\/innoticiasbo.com\/index.php\/wp-json\/wp\/v2\/posts"}],"about":[{"href":"https:\/\/innoticiasbo.com\/index.php\/wp-json\/wp\/v2\/types\/post"}],"author":[{"embeddable":true,"href":"https:\/\/innoticiasbo.com\/index.php\/wp-json\/wp\/v2\/users\/11"}],"replies":[{"embeddable":true,"href":"https:\/\/innoticiasbo.com\/index.php\/wp-json\/wp\/v2\/comments?post=9375"}],"version-history":[{"count":1,"href":"https:\/\/innoticiasbo.com\/index.php\/wp-json\/wp\/v2\/posts\/9375\/revisions"}],"predecessor-version":[{"id":9377,"href":"https:\/\/innoticiasbo.com\/index.php\/wp-json\/wp\/v2\/posts\/9375\/revisions\/9377"}],"wp:featuredmedia":[{"embeddable":true,"href":"https:\/\/innoticiasbo.com\/index.php\/wp-json\/wp\/v2\/media\/9376"}],"wp:attachment":[{"href":"https:\/\/innoticiasbo.com\/index.php\/wp-json\/wp\/v2\/media?parent=9375"}],"wp:term":[{"taxonomy":"category","embeddable":true,"href":"https:\/\/innoticiasbo.com\/index.php\/wp-json\/wp\/v2\/categories?post=9375"},{"taxonomy":"post_tag","embeddable":true,"href":"https:\/\/innoticiasbo.com\/index.php\/wp-json\/wp\/v2\/tags?post=9375"}],"curies":[{"name":"wp","href":"https:\/\/api.w.org\/{rel}","templated":true}]}}