{"id":9363,"date":"2026-03-10T12:23:20","date_gmt":"2026-03-10T16:23:20","guid":{"rendered":"https:\/\/innoticiasbo.com\/?p=9363"},"modified":"2026-03-10T12:23:22","modified_gmt":"2026-03-10T16:23:22","slug":"ante-posible-alza-el-transporte-advierte-que-no-permitira-un-incremento-de-los-combustibles","status":"publish","type":"post","link":"https:\/\/innoticiasbo.com\/index.php\/2026\/03\/10\/ante-posible-alza-el-transporte-advierte-que-no-permitira-un-incremento-de-los-combustibles\/","title":{"rendered":"ANTE POSIBLE ALZA, EL TRANSPORTE ADVIERTE QUE NO PERMITIR\u00c1 UN INCREMENTO DE LOS COMBUSTIBLES"},"content":{"rendered":"\n<figure class=\"wp-block-image size-full\"><img data-recalc-dims=\"1\" loading=\"lazy\" decoding=\"async\" width=\"640\" height=\"357\" src=\"https:\/\/i0.wp.com\/innoticiasbo.com\/wp-content\/uploads\/2026\/03\/image-108.png?resize=640%2C357&#038;ssl=1\" alt=\"\" class=\"wp-image-9364\" srcset=\"https:\/\/i0.wp.com\/innoticiasbo.com\/wp-content\/uploads\/2026\/03\/image-108.png?w=770&amp;ssl=1 770w, https:\/\/i0.wp.com\/innoticiasbo.com\/wp-content\/uploads\/2026\/03\/image-108.png?resize=300%2C168&amp;ssl=1 300w, https:\/\/i0.wp.com\/innoticiasbo.com\/wp-content\/uploads\/2026\/03\/image-108.png?resize=768%2C429&amp;ssl=1 768w\" sizes=\"auto, (max-width: 640px) 100vw, 640px\" \/><\/figure>\n\n\n\n<p><strong>Pa\u00eds, 10 de Marzo de 2016.- <\/strong>El ejecutivo de la Confederaci\u00f3n de Choferes de Bolivia, Lucio G\u00f3mez, advirti\u00f3 ayer que su sector no permitir\u00e1 que haya un nuevo incremento en el precio de los combustibles, a pesar del incremento del crudo de petr\u00f3leo en el mercado internacional, seg\u00fan un reporte de Ox\u00edgeno.\u00a0<\/p>\n\n\n\n<p>El vicepresidente de Operacionales nacionales de Yacimientos Petrol\u00edferos Fiscales Bolivianos (YPFB), Sebasti\u00e1n Daroca, anunci\u00f3 el pasado viernes que el pr\u00f3ximo mes de junio se revisar\u00e1 el precio del combustible en el pa\u00eds.<\/p>\n\n\n\n<p>Daroca explic\u00f3 que Bolivia usa como referencia los precios internacionales y en la medida que suba el precio del crudo, tambi\u00e9n podr\u00eda haber una alza en el costo.<\/p>\n\n\n\n<p>El dirigente del transporte asegur\u00f3 que cuando hubo un primer incremento del combustibles, en diciembre de 2025 cuando el Gobierno levant\u00f3 la subvenci\u00f3n, se acord\u00f3 que no habr\u00eda m\u00e1s modificaciones, seg\u00fan el mismo portal de Ox\u00edgeno.<\/p>\n\n\n\n<p>\u201cPor lo tanto no se tiene que hablar ni vamos a aceptar este tipo de conjeturas\u201d, asever\u00f3. G\u00f3mez, en esa l\u00ednea, sentenci\u00f3 que el autotransporte \u201cno puede ser castigado\u201d y rechaz\u00f3 tambi\u00e9n una recolocaci\u00f3n de su sector.<\/p>\n\n\n\n<p>\u201cNo vamos a permitir muy f\u00e1cilmente. Estas cosas tendr\u00edan que hablarse\u201d, declar\u00f3.<\/p>\n\n\n\n<p>Daroca ya adelant\u00f3 que \u201cen la medida en que sube el precio del crudo, suben los precios de todos los combustibles\u201d; sin embargo, se\u00f1al\u00f3 que la variaci\u00f3n en los precios internacionales no tendr\u00e1 efectos inmediatos.\u00a0<\/p>\n\n\n\n<p>Fuente: Los Tiempos<\/p>\n","protected":false},"excerpt":{"rendered":"<p>Pa\u00eds, 10 de Marzo de 2016.- El ejecutivo de la Confederaci\u00f3n de Choferes de Bolivia, Lucio G\u00f3mez, advirti\u00f3 ayer que su sector no permitir\u00e1 que haya un nuevo incremento en el precio de los combustibles, a pesar del incremento del crudo de petr\u00f3leo en el mercado internacional, seg\u00fan un reporte de Ox\u00edgeno.\u00a0 El vicepresidente de&#8230;<\/p>\n","protected":false},"author":11,"featured_media":9364,"comment_status":"open","ping_status":"open","sticky":false,"template":"","format":"standard","meta":{"_jetpack_memberships_contains_paid_content":false,"footnotes":"","jetpack_publicize_message":"","jetpack_publicize_feature_enabled":true,"jetpack_social_post_already_shared":true,"jetpack_social_options":{"image_generator_settings":{"template":"highway","enabled":false},"version":2}},"categories":[1,16],"tags":[7,39,40,18,702,1239,1367],"class_list":["post-9363","post","type-post","status-publish","format-standard","has-post-thumbnail","hentry","category-bolivia","category-economia","tag-bolivia","tag-choferes","tag-combustible","tag-economia","tag-gasolina","tag-hidrocarburos","tag-precio-gasolina"],"jetpack_publicize_connections":[],"yoast_head":"<!-- This site is optimized with the Yoast SEO plugin v23.4 - https:\/\/yoast.com\/wordpress\/plugins\/seo\/ -->\n<title>ANTE POSIBLE ALZA, EL TRANSPORTE ADVIERTE QUE NO PERMITIR\u00c1 UN INCREMENTO DE LOS COMBUSTIBLES - innoticiasbo.com<\/title>\n<meta name=\"robots\" content=\"index, follow, max-snippet:-1, max-image-preview:large, max-video-preview:-1\" \/>\n<link rel=\"canonical\" href=\"https:\/\/innoticiasbo.com\/index.php\/2026\/03\/10\/ante-posible-alza-el-transporte-advierte-que-no-permitira-un-incremento-de-los-combustibles\/\" \/>\n<meta property=\"og:locale\" content=\"es_ES\" \/>\n<meta property=\"og:type\" content=\"article\" \/>\n<meta property=\"og:title\" content=\"ANTE POSIBLE ALZA, EL TRANSPORTE ADVIERTE QUE NO PERMITIR\u00c1 UN INCREMENTO DE LOS COMBUSTIBLES - innoticiasbo.com\" \/>\n<meta property=\"og:description\" content=\"Pa\u00eds, 10 de Marzo de 2016.- El ejecutivo de la Confederaci\u00f3n de Choferes de Bolivia, Lucio G\u00f3mez, advirti\u00f3 ayer que su sector no permitir\u00e1 que haya un nuevo incremento en el precio de los combustibles, a pesar del incremento del crudo de petr\u00f3leo en el mercado internacional, seg\u00fan un reporte de Ox\u00edgeno.\u00a0 El vicepresidente de...\" \/>\n<meta property=\"og:url\" content=\"https:\/\/innoticiasbo.com\/index.php\/2026\/03\/10\/ante-posible-alza-el-transporte-advierte-que-no-permitira-un-incremento-de-los-combustibles\/\" \/>\n<meta property=\"og:site_name\" content=\"innoticiasbo.com\" \/>\n<meta property=\"article:publisher\" content=\"https:\/\/www.facebook.com\/innoticiasbolivia\" \/>\n<meta property=\"article:published_time\" content=\"2026-03-10T16:23:20+00:00\" \/>\n<meta property=\"article:modified_time\" content=\"2026-03-10T16:23:22+00:00\" \/>\n<meta property=\"og:image\" content=\"https:\/\/innoticiasbo.com\/wp-content\/uploads\/2026\/03\/image-108.png\" \/>\n\t<meta property=\"og:image:width\" content=\"770\" \/>\n\t<meta property=\"og:image:height\" content=\"430\" \/>\n\t<meta property=\"og:image:type\" content=\"image\/png\" \/>\n<meta name=\"author\" content=\"Prensa 11\" \/>\n<meta name=\"twitter:card\" content=\"summary_large_image\" \/>\n<meta name=\"twitter:creator\" content=\"@innoticiasbo\" \/>\n<meta name=\"twitter:site\" content=\"@innoticiasbo\" \/>\n<meta name=\"twitter:label1\" content=\"Escrito por\" \/>\n\t<meta name=\"twitter:data1\" content=\"Prensa 11\" \/>\n\t<meta name=\"twitter:label2\" content=\"Tiempo de lectura\" \/>\n\t<meta name=\"twitter:data2\" content=\"2 minutos\" \/>\n<script type=\"application\/ld+json\" class=\"yoast-schema-graph\">{\"@context\":\"https:\/\/schema.org\",\"@graph\":[{\"@type\":\"Article\",\"@id\":\"https:\/\/innoticiasbo.com\/index.php\/2026\/03\/10\/ante-posible-alza-el-transporte-advierte-que-no-permitira-un-incremento-de-los-combustibles\/#article\",\"isPartOf\":{\"@id\":\"https:\/\/innoticiasbo.com\/index.php\/2026\/03\/10\/ante-posible-alza-el-transporte-advierte-que-no-permitira-un-incremento-de-los-combustibles\/\"},\"author\":{\"name\":\"Prensa 11\",\"@id\":\"https:\/\/innoticiasbo.com\/#\/schema\/person\/0b28481e8d0316f83a13bc702311def5\"},\"headline\":\"ANTE POSIBLE ALZA, EL TRANSPORTE ADVIERTE QUE NO PERMITIR\u00c1 UN INCREMENTO DE LOS COMBUSTIBLES\",\"datePublished\":\"2026-03-10T16:23:20+00:00\",\"dateModified\":\"2026-03-10T16:23:22+00:00\",\"mainEntityOfPage\":{\"@id\":\"https:\/\/innoticiasbo.com\/index.php\/2026\/03\/10\/ante-posible-alza-el-transporte-advierte-que-no-permitira-un-incremento-de-los-combustibles\/\"},\"wordCount\":272,\"commentCount\":0,\"publisher\":{\"@id\":\"https:\/\/innoticiasbo.com\/#organization\"},\"image\":{\"@id\":\"https:\/\/innoticiasbo.com\/index.php\/2026\/03\/10\/ante-posible-alza-el-transporte-advierte-que-no-permitira-un-incremento-de-los-combustibles\/#primaryimage\"},\"thumbnailUrl\":\"https:\/\/i0.wp.com\/innoticiasbo.com\/wp-content\/uploads\/2026\/03\/image-108.png?fit=770%2C430&ssl=1\",\"keywords\":[\"Bolivia\",\"choferes\",\"combustible\",\"econom\u00eda\",\"gasolina\",\"Hidrocarburos\",\"Precio gasolina\"],\"articleSection\":[\"Bolivia\",\"Econom\u00eda\"],\"inLanguage\":\"es\",\"potentialAction\":[{\"@type\":\"CommentAction\",\"name\":\"Comment\",\"target\":[\"https:\/\/innoticiasbo.com\/index.php\/2026\/03\/10\/ante-posible-alza-el-transporte-advierte-que-no-permitira-un-incremento-de-los-combustibles\/#respond\"]}]},{\"@type\":\"WebPage\",\"@id\":\"https:\/\/innoticiasbo.com\/index.php\/2026\/03\/10\/ante-posible-alza-el-transporte-advierte-que-no-permitira-un-incremento-de-los-combustibles\/\",\"url\":\"https:\/\/innoticiasbo.com\/index.php\/2026\/03\/10\/ante-posible-alza-el-transporte-advierte-que-no-permitira-un-incremento-de-los-combustibles\/\",\"name\":\"ANTE POSIBLE ALZA, EL TRANSPORTE ADVIERTE QUE NO PERMITIR\u00c1 UN INCREMENTO DE LOS COMBUSTIBLES - innoticiasbo.com\",\"isPartOf\":{\"@id\":\"https:\/\/innoticiasbo.com\/#website\"},\"primaryImageOfPage\":{\"@id\":\"https:\/\/innoticiasbo.com\/index.php\/2026\/03\/10\/ante-posible-alza-el-transporte-advierte-que-no-permitira-un-incremento-de-los-combustibles\/#primaryimage\"},\"image\":{\"@id\":\"https:\/\/innoticiasbo.com\/index.php\/2026\/03\/10\/ante-posible-alza-el-transporte-advierte-que-no-permitira-un-incremento-de-los-combustibles\/#primaryimage\"},\"thumbnailUrl\":\"https:\/\/i0.wp.com\/innoticiasbo.com\/wp-content\/uploads\/2026\/03\/image-108.png?fit=770%2C430&ssl=1\",\"datePublished\":\"2026-03-10T16:23:20+00:00\",\"dateModified\":\"2026-03-10T16:23:22+00:00\",\"breadcrumb\":{\"@id\":\"https:\/\/innoticiasbo.com\/index.php\/2026\/03\/10\/ante-posible-alza-el-transporte-advierte-que-no-permitira-un-incremento-de-los-combustibles\/#breadcrumb\"},\"inLanguage\":\"es\",\"potentialAction\":[{\"@type\":\"ReadAction\",\"target\":[\"https:\/\/innoticiasbo.com\/index.php\/2026\/03\/10\/ante-posible-alza-el-transporte-advierte-que-no-permitira-un-incremento-de-los-combustibles\/\"]}]},{\"@type\":\"ImageObject\",\"inLanguage\":\"es\",\"@id\":\"https:\/\/innoticiasbo.com\/index.php\/2026\/03\/10\/ante-posible-alza-el-transporte-advierte-que-no-permitira-un-incremento-de-los-combustibles\/#primaryimage\",\"url\":\"https:\/\/i0.wp.com\/innoticiasbo.com\/wp-content\/uploads\/2026\/03\/image-108.png?fit=770%2C430&ssl=1\",\"contentUrl\":\"https:\/\/i0.wp.com\/innoticiasbo.com\/wp-content\/uploads\/2026\/03\/image-108.png?fit=770%2C430&ssl=1\",\"width\":770,\"height\":430},{\"@type\":\"BreadcrumbList\",\"@id\":\"https:\/\/innoticiasbo.com\/index.php\/2026\/03\/10\/ante-posible-alza-el-transporte-advierte-que-no-permitira-un-incremento-de-los-combustibles\/#breadcrumb\",\"itemListElement\":[{\"@type\":\"ListItem\",\"position\":1,\"name\":\"Portada\",\"item\":\"https:\/\/innoticiasbo.com\/\"},{\"@type\":\"ListItem\",\"position\":2,\"name\":\"ANTE POSIBLE ALZA, EL TRANSPORTE ADVIERTE QUE NO PERMITIR\u00c1 UN INCREMENTO DE LOS COMBUSTIBLES\"}]},{\"@type\":\"WebSite\",\"@id\":\"https:\/\/innoticiasbo.com\/#website\",\"url\":\"https:\/\/innoticiasbo.com\/\",\"name\":\"innoticiasbo.com\",\"description\":\"\",\"publisher\":{\"@id\":\"https:\/\/innoticiasbo.com\/#organization\"},\"potentialAction\":[{\"@type\":\"SearchAction\",\"target\":{\"@type\":\"EntryPoint\",\"urlTemplate\":\"https:\/\/innoticiasbo.com\/?s={search_term_string}\"},\"query-input\":{\"@type\":\"PropertyValueSpecification\",\"valueRequired\":true,\"valueName\":\"search_term_string\"}}],\"inLanguage\":\"es\"},{\"@type\":\"Organization\",\"@id\":\"https:\/\/innoticiasbo.com\/#organization\",\"name\":\"innoticiasbo.com\",\"url\":\"https:\/\/innoticiasbo.com\/\",\"logo\":{\"@type\":\"ImageObject\",\"inLanguage\":\"es\",\"@id\":\"https:\/\/innoticiasbo.com\/#\/schema\/logo\/image\/\",\"url\":\"https:\/\/i0.wp.com\/innoticiasbo.com\/wp-content\/uploads\/2026\/04\/cropped-IN-LOGO.png?fit=1476%2C1476&ssl=1\",\"contentUrl\":\"https:\/\/i0.wp.com\/innoticiasbo.com\/wp-content\/uploads\/2026\/04\/cropped-IN-LOGO.png?fit=1476%2C1476&ssl=1\",\"width\":1476,\"height\":1476,\"caption\":\"innoticiasbo.com\"},\"image\":{\"@id\":\"https:\/\/innoticiasbo.com\/#\/schema\/logo\/image\/\"},\"sameAs\":[\"https:\/\/www.facebook.com\/innoticiasbolivia\",\"https:\/\/x.com\/innoticiasbo\",\"https:\/\/www.instagram.com\/innoticiasbo\",\"https:\/\/www.youtube.com\/innoticiasbo\"]},{\"@type\":\"Person\",\"@id\":\"https:\/\/innoticiasbo.com\/#\/schema\/person\/0b28481e8d0316f83a13bc702311def5\",\"name\":\"Prensa 11\",\"image\":{\"@type\":\"ImageObject\",\"inLanguage\":\"es\",\"@id\":\"https:\/\/innoticiasbo.com\/#\/schema\/person\/image\/\",\"url\":\"https:\/\/secure.gravatar.com\/avatar\/696560c17349f1807a610bf83832bad0?s=96&d=mm&r=g\",\"contentUrl\":\"https:\/\/secure.gravatar.com\/avatar\/696560c17349f1807a610bf83832bad0?s=96&d=mm&r=g\",\"caption\":\"Prensa 11\"},\"sameAs\":[\"http:\/\/www.innoticiasbo.com\"],\"url\":\"https:\/\/innoticiasbo.com\/index.php\/author\/prensa-11\/\"}]}<\/script>\n<!-- \/ Yoast SEO plugin. -->","yoast_head_json":{"title":"ANTE POSIBLE ALZA, EL TRANSPORTE ADVIERTE QUE NO PERMITIR\u00c1 UN INCREMENTO DE LOS COMBUSTIBLES - innoticiasbo.com","robots":{"index":"index","follow":"follow","max-snippet":"max-snippet:-1","max-image-preview":"max-image-preview:large","max-video-preview":"max-video-preview:-1"},"canonical":"https:\/\/innoticiasbo.com\/index.php\/2026\/03\/10\/ante-posible-alza-el-transporte-advierte-que-no-permitira-un-incremento-de-los-combustibles\/","og_locale":"es_ES","og_type":"article","og_title":"ANTE POSIBLE ALZA, EL TRANSPORTE ADVIERTE QUE NO PERMITIR\u00c1 UN INCREMENTO DE LOS COMBUSTIBLES - innoticiasbo.com","og_description":"Pa\u00eds, 10 de Marzo de 2016.- El ejecutivo de la Confederaci\u00f3n de Choferes de Bolivia, Lucio G\u00f3mez, advirti\u00f3 ayer que su sector no permitir\u00e1 que haya un nuevo incremento en el precio de los combustibles, a pesar del incremento del crudo de petr\u00f3leo en el mercado internacional, seg\u00fan un reporte de Ox\u00edgeno.\u00a0 El vicepresidente de...","og_url":"https:\/\/innoticiasbo.com\/index.php\/2026\/03\/10\/ante-posible-alza-el-transporte-advierte-que-no-permitira-un-incremento-de-los-combustibles\/","og_site_name":"innoticiasbo.com","article_publisher":"https:\/\/www.facebook.com\/innoticiasbolivia","article_published_time":"2026-03-10T16:23:20+00:00","article_modified_time":"2026-03-10T16:23:22+00:00","og_image":[{"width":770,"height":430,"url":"https:\/\/innoticiasbo.com\/wp-content\/uploads\/2026\/03\/image-108.png","type":"image\/png"}],"author":"Prensa 11","twitter_card":"summary_large_image","twitter_creator":"@innoticiasbo","twitter_site":"@innoticiasbo","twitter_misc":{"Escrito por":"Prensa 11","Tiempo de lectura":"2 minutos"},"schema":{"@context":"https:\/\/schema.org","@graph":[{"@type":"Article","@id":"https:\/\/innoticiasbo.com\/index.php\/2026\/03\/10\/ante-posible-alza-el-transporte-advierte-que-no-permitira-un-incremento-de-los-combustibles\/#article","isPartOf":{"@id":"https:\/\/innoticiasbo.com\/index.php\/2026\/03\/10\/ante-posible-alza-el-transporte-advierte-que-no-permitira-un-incremento-de-los-combustibles\/"},"author":{"name":"Prensa 11","@id":"https:\/\/innoticiasbo.com\/#\/schema\/person\/0b28481e8d0316f83a13bc702311def5"},"headline":"ANTE POSIBLE ALZA, EL TRANSPORTE ADVIERTE QUE NO PERMITIR\u00c1 UN INCREMENTO DE LOS COMBUSTIBLES","datePublished":"2026-03-10T16:23:20+00:00","dateModified":"2026-03-10T16:23:22+00:00","mainEntityOfPage":{"@id":"https:\/\/innoticiasbo.com\/index.php\/2026\/03\/10\/ante-posible-alza-el-transporte-advierte-que-no-permitira-un-incremento-de-los-combustibles\/"},"wordCount":272,"commentCount":0,"publisher":{"@id":"https:\/\/innoticiasbo.com\/#organization"},"image":{"@id":"https:\/\/innoticiasbo.com\/index.php\/2026\/03\/10\/ante-posible-alza-el-transporte-advierte-que-no-permitira-un-incremento-de-los-combustibles\/#primaryimage"},"thumbnailUrl":"https:\/\/i0.wp.com\/innoticiasbo.com\/wp-content\/uploads\/2026\/03\/image-108.png?fit=770%2C430&ssl=1","keywords":["Bolivia","choferes","combustible","econom\u00eda","gasolina","Hidrocarburos","Precio gasolina"],"articleSection":["Bolivia","Econom\u00eda"],"inLanguage":"es","potentialAction":[{"@type":"CommentAction","name":"Comment","target":["https:\/\/innoticiasbo.com\/index.php\/2026\/03\/10\/ante-posible-alza-el-transporte-advierte-que-no-permitira-un-incremento-de-los-combustibles\/#respond"]}]},{"@type":"WebPage","@id":"https:\/\/innoticiasbo.com\/index.php\/2026\/03\/10\/ante-posible-alza-el-transporte-advierte-que-no-permitira-un-incremento-de-los-combustibles\/","url":"https:\/\/innoticiasbo.com\/index.php\/2026\/03\/10\/ante-posible-alza-el-transporte-advierte-que-no-permitira-un-incremento-de-los-combustibles\/","name":"ANTE POSIBLE ALZA, EL TRANSPORTE ADVIERTE QUE NO PERMITIR\u00c1 UN INCREMENTO DE LOS COMBUSTIBLES - innoticiasbo.com","isPartOf":{"@id":"https:\/\/innoticiasbo.com\/#website"},"primaryImageOfPage":{"@id":"https:\/\/innoticiasbo.com\/index.php\/2026\/03\/10\/ante-posible-alza-el-transporte-advierte-que-no-permitira-un-incremento-de-los-combustibles\/#primaryimage"},"image":{"@id":"https:\/\/innoticiasbo.com\/index.php\/2026\/03\/10\/ante-posible-alza-el-transporte-advierte-que-no-permitira-un-incremento-de-los-combustibles\/#primaryimage"},"thumbnailUrl":"https:\/\/i0.wp.com\/innoticiasbo.com\/wp-content\/uploads\/2026\/03\/image-108.png?fit=770%2C430&ssl=1","datePublished":"2026-03-10T16:23:20+00:00","dateModified":"2026-03-10T16:23:22+00:00","breadcrumb":{"@id":"https:\/\/innoticiasbo.com\/index.php\/2026\/03\/10\/ante-posible-alza-el-transporte-advierte-que-no-permitira-un-incremento-de-los-combustibles\/#breadcrumb"},"inLanguage":"es","potentialAction":[{"@type":"ReadAction","target":["https:\/\/innoticiasbo.com\/index.php\/2026\/03\/10\/ante-posible-alza-el-transporte-advierte-que-no-permitira-un-incremento-de-los-combustibles\/"]}]},{"@type":"ImageObject","inLanguage":"es","@id":"https:\/\/innoticiasbo.com\/index.php\/2026\/03\/10\/ante-posible-alza-el-transporte-advierte-que-no-permitira-un-incremento-de-los-combustibles\/#primaryimage","url":"https:\/\/i0.wp.com\/innoticiasbo.com\/wp-content\/uploads\/2026\/03\/image-108.png?fit=770%2C430&ssl=1","contentUrl":"https:\/\/i0.wp.com\/innoticiasbo.com\/wp-content\/uploads\/2026\/03\/image-108.png?fit=770%2C430&ssl=1","width":770,"height":430},{"@type":"BreadcrumbList","@id":"https:\/\/innoticiasbo.com\/index.php\/2026\/03\/10\/ante-posible-alza-el-transporte-advierte-que-no-permitira-un-incremento-de-los-combustibles\/#breadcrumb","itemListElement":[{"@type":"ListItem","position":1,"name":"Portada","item":"https:\/\/innoticiasbo.com\/"},{"@type":"ListItem","position":2,"name":"ANTE POSIBLE ALZA, EL TRANSPORTE ADVIERTE QUE NO PERMITIR\u00c1 UN INCREMENTO DE LOS COMBUSTIBLES"}]},{"@type":"WebSite","@id":"https:\/\/innoticiasbo.com\/#website","url":"https:\/\/innoticiasbo.com\/","name":"innoticiasbo.com","description":"","publisher":{"@id":"https:\/\/innoticiasbo.com\/#organization"},"potentialAction":[{"@type":"SearchAction","target":{"@type":"EntryPoint","urlTemplate":"https:\/\/innoticiasbo.com\/?s={search_term_string}"},"query-input":{"@type":"PropertyValueSpecification","valueRequired":true,"valueName":"search_term_string"}}],"inLanguage":"es"},{"@type":"Organization","@id":"https:\/\/innoticiasbo.com\/#organization","name":"innoticiasbo.com","url":"https:\/\/innoticiasbo.com\/","logo":{"@type":"ImageObject","inLanguage":"es","@id":"https:\/\/innoticiasbo.com\/#\/schema\/logo\/image\/","url":"https:\/\/i0.wp.com\/innoticiasbo.com\/wp-content\/uploads\/2026\/04\/cropped-IN-LOGO.png?fit=1476%2C1476&ssl=1","contentUrl":"https:\/\/i0.wp.com\/innoticiasbo.com\/wp-content\/uploads\/2026\/04\/cropped-IN-LOGO.png?fit=1476%2C1476&ssl=1","width":1476,"height":1476,"caption":"innoticiasbo.com"},"image":{"@id":"https:\/\/innoticiasbo.com\/#\/schema\/logo\/image\/"},"sameAs":["https:\/\/www.facebook.com\/innoticiasbolivia","https:\/\/x.com\/innoticiasbo","https:\/\/www.instagram.com\/innoticiasbo","https:\/\/www.youtube.com\/innoticiasbo"]},{"@type":"Person","@id":"https:\/\/innoticiasbo.com\/#\/schema\/person\/0b28481e8d0316f83a13bc702311def5","name":"Prensa 11","image":{"@type":"ImageObject","inLanguage":"es","@id":"https:\/\/innoticiasbo.com\/#\/schema\/person\/image\/","url":"https:\/\/secure.gravatar.com\/avatar\/696560c17349f1807a610bf83832bad0?s=96&d=mm&r=g","contentUrl":"https:\/\/secure.gravatar.com\/avatar\/696560c17349f1807a610bf83832bad0?s=96&d=mm&r=g","caption":"Prensa 11"},"sameAs":["http:\/\/www.innoticiasbo.com"],"url":"https:\/\/innoticiasbo.com\/index.php\/author\/prensa-11\/"}]}},"jetpack_featured_media_url":"https:\/\/i0.wp.com\/innoticiasbo.com\/wp-content\/uploads\/2026\/03\/image-108.png?fit=770%2C430&ssl=1","jetpack_likes_enabled":true,"jetpack_sharing_enabled":true,"jetpack_shortlink":"https:\/\/wp.me\/pg298x-2r1","_links":{"self":[{"href":"https:\/\/innoticiasbo.com\/index.php\/wp-json\/wp\/v2\/posts\/9363","targetHints":{"allow":["GET"]}}],"collection":[{"href":"https:\/\/innoticiasbo.com\/index.php\/wp-json\/wp\/v2\/posts"}],"about":[{"href":"https:\/\/innoticiasbo.com\/index.php\/wp-json\/wp\/v2\/types\/post"}],"author":[{"embeddable":true,"href":"https:\/\/innoticiasbo.com\/index.php\/wp-json\/wp\/v2\/users\/11"}],"replies":[{"embeddable":true,"href":"https:\/\/innoticiasbo.com\/index.php\/wp-json\/wp\/v2\/comments?post=9363"}],"version-history":[{"count":1,"href":"https:\/\/innoticiasbo.com\/index.php\/wp-json\/wp\/v2\/posts\/9363\/revisions"}],"predecessor-version":[{"id":9365,"href":"https:\/\/innoticiasbo.com\/index.php\/wp-json\/wp\/v2\/posts\/9363\/revisions\/9365"}],"wp:featuredmedia":[{"embeddable":true,"href":"https:\/\/innoticiasbo.com\/index.php\/wp-json\/wp\/v2\/media\/9364"}],"wp:attachment":[{"href":"https:\/\/innoticiasbo.com\/index.php\/wp-json\/wp\/v2\/media?parent=9363"}],"wp:term":[{"taxonomy":"category","embeddable":true,"href":"https:\/\/innoticiasbo.com\/index.php\/wp-json\/wp\/v2\/categories?post=9363"},{"taxonomy":"post_tag","embeddable":true,"href":"https:\/\/innoticiasbo.com\/index.php\/wp-json\/wp\/v2\/tags?post=9363"}],"curies":[{"name":"wp","href":"https:\/\/api.w.org\/{rel}","templated":true}]}}