{"id":927,"date":"2024-09-22T20:18:22","date_gmt":"2024-09-22T20:18:22","guid":{"rendered":"https:\/\/innoticiasbo.com\/?p=927"},"modified":"2024-09-22T20:18:24","modified_gmt":"2024-09-22T20:18:24","slug":"evistas-y-arcistas-se-enfrentaron-en-el-alto","status":"publish","type":"post","link":"https:\/\/innoticiasbo.com\/index.php\/2024\/09\/22\/evistas-y-arcistas-se-enfrentaron-en-el-alto\/","title":{"rendered":"EVISTAS Y ARCISTAS SE ENFRENTARON EN EL ALTO"},"content":{"rendered":"\n<p>La Paz, 22 de septiembre de 2024.- Seg\u00fan la denucia del Pacto de Unidad, \u201cgrupos de choque evistas\u201d arremetieron contra las organizaciones sociales que instalaron un cabildo en la zona de Cruce de Ventilla, de la ciudad de el Alto en La Paz al medio d\u00eda de este domingo.<\/p>\n\n\n\n<figure class=\"wp-block-image size-large\"><img data-recalc-dims=\"1\" loading=\"lazy\" decoding=\"async\" width=\"640\" height=\"426\" src=\"https:\/\/i0.wp.com\/innoticiasbo.com\/wp-content\/uploads\/2024\/09\/fb_img_17270351061602823552271542836424.jpg?resize=640%2C426&#038;ssl=1\" alt=\"\" class=\"wp-image-920\" srcset=\"https:\/\/i0.wp.com\/innoticiasbo.com\/wp-content\/uploads\/2024\/09\/fb_img_17270351061602823552271542836424.jpg?resize=1024%2C682&amp;ssl=1 1024w, https:\/\/i0.wp.com\/innoticiasbo.com\/wp-content\/uploads\/2024\/09\/fb_img_17270351061602823552271542836424.jpg?resize=300%2C200&amp;ssl=1 300w, https:\/\/i0.wp.com\/innoticiasbo.com\/wp-content\/uploads\/2024\/09\/fb_img_17270351061602823552271542836424.jpg?resize=768%2C511&amp;ssl=1 768w, https:\/\/i0.wp.com\/innoticiasbo.com\/wp-content\/uploads\/2024\/09\/fb_img_17270351061602823552271542836424.jpg?resize=600%2C400&amp;ssl=1 600w, https:\/\/i0.wp.com\/innoticiasbo.com\/wp-content\/uploads\/2024\/09\/fb_img_17270351061602823552271542836424.jpg?w=1080&amp;ssl=1 1080w\" sizes=\"auto, (max-width: 640px) 100vw, 640px\" \/><\/figure>\n\n\n\n<figure class=\"wp-block-image\"><img data-recalc-dims=\"1\" loading=\"lazy\" decoding=\"async\" width=\"300\" height=\"279\" src=\"https:\/\/i0.wp.com\/innoticiasbo.com\/wp-content\/uploads\/2024\/09\/fb_img_17270351013207647220137585265200.jpg?resize=300%2C279&#038;ssl=1\" alt=\"\" class=\"wp-image-924\" srcset=\"https:\/\/i0.wp.com\/innoticiasbo.com\/wp-content\/uploads\/2024\/09\/fb_img_17270351013207647220137585265200.jpg?resize=300%2C279&amp;ssl=1 300w, https:\/\/i0.wp.com\/innoticiasbo.com\/wp-content\/uploads\/2024\/09\/fb_img_17270351013207647220137585265200.jpg?resize=768%2C715&amp;ssl=1 768w, https:\/\/i0.wp.com\/innoticiasbo.com\/wp-content\/uploads\/2024\/09\/fb_img_17270351013207647220137585265200.jpg?w=963&amp;ssl=1 963w\" sizes=\"auto, (max-width: 300px) 100vw, 300px\" \/><\/figure>\n\n\n\n<figure class=\"wp-block-image\"><img data-recalc-dims=\"1\" loading=\"lazy\" decoding=\"async\" width=\"640\" height=\"429\" src=\"https:\/\/i0.wp.com\/innoticiasbo.com\/wp-content\/uploads\/2024\/09\/fb_img_17270350893697272139784258820108.jpg?resize=640%2C429&#038;ssl=1\" alt=\"\" class=\"wp-image-921\" srcset=\"https:\/\/i0.wp.com\/innoticiasbo.com\/wp-content\/uploads\/2024\/09\/fb_img_17270350893697272139784258820108.jpg?resize=1024%2C686&amp;ssl=1 1024w, https:\/\/i0.wp.com\/innoticiasbo.com\/wp-content\/uploads\/2024\/09\/fb_img_17270350893697272139784258820108.jpg?resize=300%2C200&amp;ssl=1 300w, https:\/\/i0.wp.com\/innoticiasbo.com\/wp-content\/uploads\/2024\/09\/fb_img_17270350893697272139784258820108.jpg?resize=768%2C514&amp;ssl=1 768w, https:\/\/i0.wp.com\/innoticiasbo.com\/wp-content\/uploads\/2024\/09\/fb_img_17270350893697272139784258820108.jpg?w=1080&amp;ssl=1 1080w\" sizes=\"auto, (max-width: 640px) 100vw, 640px\" \/><\/figure>\n\n\n\n<figure class=\"wp-block-image\"><img data-recalc-dims=\"1\" loading=\"lazy\" decoding=\"async\" width=\"300\" height=\"235\" src=\"https:\/\/i0.wp.com\/innoticiasbo.com\/wp-content\/uploads\/2024\/09\/fb_img_17270350971957346640110289846330.jpg?resize=300%2C235&#038;ssl=1\" alt=\"\" class=\"wp-image-923\" srcset=\"https:\/\/i0.wp.com\/innoticiasbo.com\/wp-content\/uploads\/2024\/09\/fb_img_17270350971957346640110289846330.jpg?resize=300%2C235&amp;ssl=1 300w, https:\/\/i0.wp.com\/innoticiasbo.com\/wp-content\/uploads\/2024\/09\/fb_img_17270350971957346640110289846330.jpg?resize=768%2C600&amp;ssl=1 768w, https:\/\/i0.wp.com\/innoticiasbo.com\/wp-content\/uploads\/2024\/09\/fb_img_17270350971957346640110289846330.jpg?w=985&amp;ssl=1 985w\" sizes=\"auto, (max-width: 300px) 100vw, 300px\" \/><\/figure>\n\n\n\n<figure class=\"wp-block-image\"><img data-recalc-dims=\"1\" loading=\"lazy\" decoding=\"async\" width=\"640\" height=\"446\" src=\"https:\/\/i0.wp.com\/innoticiasbo.com\/wp-content\/uploads\/2024\/09\/fb_img_17270350909393895276717343226121.jpg?resize=640%2C446&#038;ssl=1\" alt=\"\" class=\"wp-image-922\" srcset=\"https:\/\/i0.wp.com\/innoticiasbo.com\/wp-content\/uploads\/2024\/09\/fb_img_17270350909393895276717343226121.jpg?resize=1024%2C713&amp;ssl=1 1024w, https:\/\/i0.wp.com\/innoticiasbo.com\/wp-content\/uploads\/2024\/09\/fb_img_17270350909393895276717343226121.jpg?resize=300%2C209&amp;ssl=1 300w, https:\/\/i0.wp.com\/innoticiasbo.com\/wp-content\/uploads\/2024\/09\/fb_img_17270350909393895276717343226121.jpg?resize=768%2C535&amp;ssl=1 768w, https:\/\/i0.wp.com\/innoticiasbo.com\/wp-content\/uploads\/2024\/09\/fb_img_17270350909393895276717343226121.jpg?w=1080&amp;ssl=1 1080w\" sizes=\"auto, (max-width: 640px) 100vw, 640px\" \/><\/figure>\n\n\n\n<figure class=\"wp-block-image\"><img data-recalc-dims=\"1\" loading=\"lazy\" decoding=\"async\" width=\"640\" height=\"409\" src=\"https:\/\/i0.wp.com\/innoticiasbo.com\/wp-content\/uploads\/2024\/09\/fb_img_17270350929268343034329135578328.jpg?resize=640%2C409&#038;ssl=1\" alt=\"\" class=\"wp-image-925\" srcset=\"https:\/\/i0.wp.com\/innoticiasbo.com\/wp-content\/uploads\/2024\/09\/fb_img_17270350929268343034329135578328.jpg?resize=1024%2C655&amp;ssl=1 1024w, https:\/\/i0.wp.com\/innoticiasbo.com\/wp-content\/uploads\/2024\/09\/fb_img_17270350929268343034329135578328.jpg?resize=300%2C192&amp;ssl=1 300w, https:\/\/i0.wp.com\/innoticiasbo.com\/wp-content\/uploads\/2024\/09\/fb_img_17270350929268343034329135578328.jpg?resize=768%2C491&amp;ssl=1 768w, https:\/\/i0.wp.com\/innoticiasbo.com\/wp-content\/uploads\/2024\/09\/fb_img_17270350929268343034329135578328.jpg?resize=150%2C95&amp;ssl=1 150w, https:\/\/i0.wp.com\/innoticiasbo.com\/wp-content\/uploads\/2024\/09\/fb_img_17270350929268343034329135578328.jpg?w=1080&amp;ssl=1 1080w\" sizes=\"auto, (max-width: 640px) 100vw, 640px\" \/><\/figure>\n\n\n\n<p>El cabildo fue blanco de \u201cataques violentos\u201d presuntamente protagonizados por seguidores del dirigente cocalero Evo Morales, quienes con explosivos, piedras y petardos se habr\u00edan lanzado contra los sectores concentrados en el cabildo que se convoc\u00f3 con el objetivo de \u201cdefender la democracia\u201d.<\/p>\n\n\n\n<p>Desde el evismo rechazan la denuncia y aseguran que es el \u201carcismo\u201d el que provoca a los sectores sociales.<\/p>\n\n\n\n<p>Un violento choque precede la llegada de Evo Morales y sus seguidores a la ciudad de La Paz con la advertencia de cercar la sede de gobierno por cuatro puntos. La denominada \u201cMarcha para salvar Bolivia\u201d que inici\u00f3 el pasado 17 de septiembre en Caracollo; que pretende llegar a La Paz este lunes exigiendo la habilitaci\u00f3n de Evo Morales como candidato y reclamando por la situaci\u00f3n econ\u00f3mica del pa\u00eds.<\/p>\n\n\n\n<p>Fotod: APG <\/p>\n\n\n\n<h1 class=\"wp-block-heading\">Enfrentamientos #CruceVentilla #ElAlto #politica #EvoMoralesAyma #LuisArceCatacora #gobierno #Bolivia<\/h1>\n","protected":false},"excerpt":{"rendered":"<p>La Paz, 22 de septiembre de 2024.- Seg\u00fan la denucia del Pacto de Unidad, \u201cgrupos de choque evistas\u201d arremetieron contra las organizaciones sociales que instalaron un cabildo en la zona de Cruce de Ventilla, de la ciudad de el Alto en La Paz al medio d\u00eda de este domingo. El cabildo fue blanco de \u201cataques&#8230;<\/p>\n","protected":false},"author":2,"featured_media":926,"comment_status":"open","ping_status":"open","sticky":false,"template":"","format":"standard","meta":{"_jetpack_memberships_contains_paid_content":false,"footnotes":"","jetpack_publicize_message":"","jetpack_publicize_feature_enabled":true,"jetpack_social_post_already_shared":true,"jetpack_social_options":{"image_generator_settings":{"template":"highway","enabled":false},"version":2}},"categories":[1,3],"tags":[],"class_list":["post-927","post","type-post","status-publish","format-standard","has-post-thumbnail","hentry","category-bolivia","category-politica"],"jetpack_publicize_connections":[],"yoast_head":"<!-- This site is optimized with the Yoast SEO plugin v23.4 - https:\/\/yoast.com\/wordpress\/plugins\/seo\/ -->\n<title>EVISTAS Y ARCISTAS SE ENFRENTARON EN EL ALTO - innoticiasbo.com<\/title>\n<meta name=\"robots\" content=\"index, follow, max-snippet:-1, max-image-preview:large, max-video-preview:-1\" \/>\n<link rel=\"canonical\" href=\"https:\/\/innoticiasbo.com\/index.php\/2024\/09\/22\/evistas-y-arcistas-se-enfrentaron-en-el-alto\/\" \/>\n<meta property=\"og:locale\" content=\"es_ES\" \/>\n<meta property=\"og:type\" content=\"article\" \/>\n<meta property=\"og:title\" content=\"EVISTAS Y ARCISTAS SE ENFRENTARON EN EL ALTO - innoticiasbo.com\" \/>\n<meta property=\"og:description\" content=\"La Paz, 22 de septiembre de 2024.- Seg\u00fan la denucia del Pacto de Unidad, \u201cgrupos de choque evistas\u201d arremetieron contra las organizaciones sociales que instalaron un cabildo en la zona de Cruce de Ventilla, de la ciudad de el Alto en La Paz al medio d\u00eda de este domingo. El cabildo fue blanco de \u201cataques...\" \/>\n<meta property=\"og:url\" content=\"https:\/\/innoticiasbo.com\/index.php\/2024\/09\/22\/evistas-y-arcistas-se-enfrentaron-en-el-alto\/\" \/>\n<meta property=\"og:site_name\" content=\"innoticiasbo.com\" \/>\n<meta property=\"article:publisher\" content=\"https:\/\/www.facebook.com\/innoticiasbolivia\" \/>\n<meta property=\"article:published_time\" content=\"2024-09-22T20:18:22+00:00\" \/>\n<meta property=\"article:modified_time\" content=\"2024-09-22T20:18:24+00:00\" \/>\n<meta property=\"og:image\" content=\"https:\/\/i0.wp.com\/innoticiasbo.com\/wp-content\/uploads\/2024\/09\/FB_IMG_1727035103957.jpg?fit=1003%2C774&ssl=1\" \/>\n\t<meta property=\"og:image:width\" content=\"1003\" \/>\n\t<meta property=\"og:image:height\" content=\"774\" \/>\n\t<meta property=\"og:image:type\" content=\"image\/jpeg\" \/>\n<meta name=\"author\" content=\"Prensa\" \/>\n<meta name=\"twitter:card\" content=\"summary_large_image\" \/>\n<meta name=\"twitter:creator\" content=\"@innoticiasbo\" \/>\n<meta name=\"twitter:site\" content=\"@innoticiasbo\" \/>\n<meta name=\"twitter:label1\" content=\"Escrito por\" \/>\n\t<meta name=\"twitter:data1\" content=\"Prensa\" \/>\n\t<meta name=\"twitter:label2\" content=\"Tiempo de lectura\" \/>\n\t<meta name=\"twitter:data2\" content=\"1 minuto\" \/>\n<script type=\"application\/ld+json\" class=\"yoast-schema-graph\">{\"@context\":\"https:\/\/schema.org\",\"@graph\":[{\"@type\":\"Article\",\"@id\":\"https:\/\/innoticiasbo.com\/index.php\/2024\/09\/22\/evistas-y-arcistas-se-enfrentaron-en-el-alto\/#article\",\"isPartOf\":{\"@id\":\"https:\/\/innoticiasbo.com\/index.php\/2024\/09\/22\/evistas-y-arcistas-se-enfrentaron-en-el-alto\/\"},\"author\":{\"name\":\"Prensa\",\"@id\":\"https:\/\/innoticiasbo.com\/#\/schema\/person\/589cd527c4211df1b943bdad85ec07ce\"},\"headline\":\"EVISTAS Y ARCISTAS SE ENFRENTARON EN EL ALTO\",\"datePublished\":\"2024-09-22T20:18:22+00:00\",\"dateModified\":\"2024-09-22T20:18:24+00:00\",\"mainEntityOfPage\":{\"@id\":\"https:\/\/innoticiasbo.com\/index.php\/2024\/09\/22\/evistas-y-arcistas-se-enfrentaron-en-el-alto\/\"},\"wordCount\":202,\"commentCount\":0,\"publisher\":{\"@id\":\"https:\/\/innoticiasbo.com\/#organization\"},\"image\":{\"@id\":\"https:\/\/innoticiasbo.com\/index.php\/2024\/09\/22\/evistas-y-arcistas-se-enfrentaron-en-el-alto\/#primaryimage\"},\"thumbnailUrl\":\"https:\/\/i0.wp.com\/innoticiasbo.com\/wp-content\/uploads\/2024\/09\/FB_IMG_1727035103957.jpg?fit=1003%2C774&ssl=1\",\"articleSection\":[\"Bolivia\",\"Pol\u00edtica\"],\"inLanguage\":\"es\",\"potentialAction\":[{\"@type\":\"CommentAction\",\"name\":\"Comment\",\"target\":[\"https:\/\/innoticiasbo.com\/index.php\/2024\/09\/22\/evistas-y-arcistas-se-enfrentaron-en-el-alto\/#respond\"]}]},{\"@type\":\"WebPage\",\"@id\":\"https:\/\/innoticiasbo.com\/index.php\/2024\/09\/22\/evistas-y-arcistas-se-enfrentaron-en-el-alto\/\",\"url\":\"https:\/\/innoticiasbo.com\/index.php\/2024\/09\/22\/evistas-y-arcistas-se-enfrentaron-en-el-alto\/\",\"name\":\"EVISTAS Y ARCISTAS SE ENFRENTARON EN EL ALTO - innoticiasbo.com\",\"isPartOf\":{\"@id\":\"https:\/\/innoticiasbo.com\/#website\"},\"primaryImageOfPage\":{\"@id\":\"https:\/\/innoticiasbo.com\/index.php\/2024\/09\/22\/evistas-y-arcistas-se-enfrentaron-en-el-alto\/#primaryimage\"},\"image\":{\"@id\":\"https:\/\/innoticiasbo.com\/index.php\/2024\/09\/22\/evistas-y-arcistas-se-enfrentaron-en-el-alto\/#primaryimage\"},\"thumbnailUrl\":\"https:\/\/i0.wp.com\/innoticiasbo.com\/wp-content\/uploads\/2024\/09\/FB_IMG_1727035103957.jpg?fit=1003%2C774&ssl=1\",\"datePublished\":\"2024-09-22T20:18:22+00:00\",\"dateModified\":\"2024-09-22T20:18:24+00:00\",\"breadcrumb\":{\"@id\":\"https:\/\/innoticiasbo.com\/index.php\/2024\/09\/22\/evistas-y-arcistas-se-enfrentaron-en-el-alto\/#breadcrumb\"},\"inLanguage\":\"es\",\"potentialAction\":[{\"@type\":\"ReadAction\",\"target\":[\"https:\/\/innoticiasbo.com\/index.php\/2024\/09\/22\/evistas-y-arcistas-se-enfrentaron-en-el-alto\/\"]}]},{\"@type\":\"ImageObject\",\"inLanguage\":\"es\",\"@id\":\"https:\/\/innoticiasbo.com\/index.php\/2024\/09\/22\/evistas-y-arcistas-se-enfrentaron-en-el-alto\/#primaryimage\",\"url\":\"https:\/\/i0.wp.com\/innoticiasbo.com\/wp-content\/uploads\/2024\/09\/FB_IMG_1727035103957.jpg?fit=1003%2C774&ssl=1\",\"contentUrl\":\"https:\/\/i0.wp.com\/innoticiasbo.com\/wp-content\/uploads\/2024\/09\/FB_IMG_1727035103957.jpg?fit=1003%2C774&ssl=1\",\"width\":1003,\"height\":774},{\"@type\":\"BreadcrumbList\",\"@id\":\"https:\/\/innoticiasbo.com\/index.php\/2024\/09\/22\/evistas-y-arcistas-se-enfrentaron-en-el-alto\/#breadcrumb\",\"itemListElement\":[{\"@type\":\"ListItem\",\"position\":1,\"name\":\"Portada\",\"item\":\"https:\/\/innoticiasbo.com\/\"},{\"@type\":\"ListItem\",\"position\":2,\"name\":\"EVISTAS Y ARCISTAS SE ENFRENTARON EN EL ALTO\"}]},{\"@type\":\"WebSite\",\"@id\":\"https:\/\/innoticiasbo.com\/#website\",\"url\":\"https:\/\/innoticiasbo.com\/\",\"name\":\"innoticiasbo.com\",\"description\":\"\",\"publisher\":{\"@id\":\"https:\/\/innoticiasbo.com\/#organization\"},\"potentialAction\":[{\"@type\":\"SearchAction\",\"target\":{\"@type\":\"EntryPoint\",\"urlTemplate\":\"https:\/\/innoticiasbo.com\/?s={search_term_string}\"},\"query-input\":{\"@type\":\"PropertyValueSpecification\",\"valueRequired\":true,\"valueName\":\"search_term_string\"}}],\"inLanguage\":\"es\"},{\"@type\":\"Organization\",\"@id\":\"https:\/\/innoticiasbo.com\/#organization\",\"name\":\"innoticiasbo.com\",\"url\":\"https:\/\/innoticiasbo.com\/\",\"logo\":{\"@type\":\"ImageObject\",\"inLanguage\":\"es\",\"@id\":\"https:\/\/innoticiasbo.com\/#\/schema\/logo\/image\/\",\"url\":\"https:\/\/i0.wp.com\/innoticiasbo.com\/wp-content\/uploads\/2026\/04\/cropped-IN-LOGO.png?fit=1476%2C1476&ssl=1\",\"contentUrl\":\"https:\/\/i0.wp.com\/innoticiasbo.com\/wp-content\/uploads\/2026\/04\/cropped-IN-LOGO.png?fit=1476%2C1476&ssl=1\",\"width\":1476,\"height\":1476,\"caption\":\"innoticiasbo.com\"},\"image\":{\"@id\":\"https:\/\/innoticiasbo.com\/#\/schema\/logo\/image\/\"},\"sameAs\":[\"https:\/\/www.facebook.com\/innoticiasbolivia\",\"https:\/\/x.com\/innoticiasbo\",\"https:\/\/www.instagram.com\/innoticiasbo\",\"https:\/\/www.youtube.com\/innoticiasbo\"]},{\"@type\":\"Person\",\"@id\":\"https:\/\/innoticiasbo.com\/#\/schema\/person\/589cd527c4211df1b943bdad85ec07ce\",\"name\":\"Prensa\",\"image\":{\"@type\":\"ImageObject\",\"inLanguage\":\"es\",\"@id\":\"https:\/\/innoticiasbo.com\/#\/schema\/person\/image\/\",\"url\":\"https:\/\/secure.gravatar.com\/avatar\/d359bbdf112023c1c0a3ec7fe1600657?s=96&d=mm&r=g\",\"contentUrl\":\"https:\/\/secure.gravatar.com\/avatar\/d359bbdf112023c1c0a3ec7fe1600657?s=96&d=mm&r=g\",\"caption\":\"Prensa\"},\"sameAs\":[\"http:\/\/www.innoticiasbo.com\"],\"url\":\"https:\/\/innoticiasbo.com\/index.php\/author\/prensa\/\"}]}<\/script>\n<!-- \/ Yoast SEO plugin. -->","yoast_head_json":{"title":"EVISTAS Y ARCISTAS SE ENFRENTARON EN EL ALTO - innoticiasbo.com","robots":{"index":"index","follow":"follow","max-snippet":"max-snippet:-1","max-image-preview":"max-image-preview:large","max-video-preview":"max-video-preview:-1"},"canonical":"https:\/\/innoticiasbo.com\/index.php\/2024\/09\/22\/evistas-y-arcistas-se-enfrentaron-en-el-alto\/","og_locale":"es_ES","og_type":"article","og_title":"EVISTAS Y ARCISTAS SE ENFRENTARON EN EL ALTO - innoticiasbo.com","og_description":"La Paz, 22 de septiembre de 2024.- Seg\u00fan la denucia del Pacto de Unidad, \u201cgrupos de choque evistas\u201d arremetieron contra las organizaciones sociales que instalaron un cabildo en la zona de Cruce de Ventilla, de la ciudad de el Alto en La Paz al medio d\u00eda de este domingo. El cabildo fue blanco de \u201cataques...","og_url":"https:\/\/innoticiasbo.com\/index.php\/2024\/09\/22\/evistas-y-arcistas-se-enfrentaron-en-el-alto\/","og_site_name":"innoticiasbo.com","article_publisher":"https:\/\/www.facebook.com\/innoticiasbolivia","article_published_time":"2024-09-22T20:18:22+00:00","article_modified_time":"2024-09-22T20:18:24+00:00","og_image":[{"width":1003,"height":774,"url":"https:\/\/i0.wp.com\/innoticiasbo.com\/wp-content\/uploads\/2024\/09\/FB_IMG_1727035103957.jpg?fit=1003%2C774&ssl=1","type":"image\/jpeg"}],"author":"Prensa","twitter_card":"summary_large_image","twitter_creator":"@innoticiasbo","twitter_site":"@innoticiasbo","twitter_misc":{"Escrito por":"Prensa","Tiempo de lectura":"1 minuto"},"schema":{"@context":"https:\/\/schema.org","@graph":[{"@type":"Article","@id":"https:\/\/innoticiasbo.com\/index.php\/2024\/09\/22\/evistas-y-arcistas-se-enfrentaron-en-el-alto\/#article","isPartOf":{"@id":"https:\/\/innoticiasbo.com\/index.php\/2024\/09\/22\/evistas-y-arcistas-se-enfrentaron-en-el-alto\/"},"author":{"name":"Prensa","@id":"https:\/\/innoticiasbo.com\/#\/schema\/person\/589cd527c4211df1b943bdad85ec07ce"},"headline":"EVISTAS Y ARCISTAS SE ENFRENTARON EN EL ALTO","datePublished":"2024-09-22T20:18:22+00:00","dateModified":"2024-09-22T20:18:24+00:00","mainEntityOfPage":{"@id":"https:\/\/innoticiasbo.com\/index.php\/2024\/09\/22\/evistas-y-arcistas-se-enfrentaron-en-el-alto\/"},"wordCount":202,"commentCount":0,"publisher":{"@id":"https:\/\/innoticiasbo.com\/#organization"},"image":{"@id":"https:\/\/innoticiasbo.com\/index.php\/2024\/09\/22\/evistas-y-arcistas-se-enfrentaron-en-el-alto\/#primaryimage"},"thumbnailUrl":"https:\/\/i0.wp.com\/innoticiasbo.com\/wp-content\/uploads\/2024\/09\/FB_IMG_1727035103957.jpg?fit=1003%2C774&ssl=1","articleSection":["Bolivia","Pol\u00edtica"],"inLanguage":"es","potentialAction":[{"@type":"CommentAction","name":"Comment","target":["https:\/\/innoticiasbo.com\/index.php\/2024\/09\/22\/evistas-y-arcistas-se-enfrentaron-en-el-alto\/#respond"]}]},{"@type":"WebPage","@id":"https:\/\/innoticiasbo.com\/index.php\/2024\/09\/22\/evistas-y-arcistas-se-enfrentaron-en-el-alto\/","url":"https:\/\/innoticiasbo.com\/index.php\/2024\/09\/22\/evistas-y-arcistas-se-enfrentaron-en-el-alto\/","name":"EVISTAS Y ARCISTAS SE ENFRENTARON EN EL ALTO - innoticiasbo.com","isPartOf":{"@id":"https:\/\/innoticiasbo.com\/#website"},"primaryImageOfPage":{"@id":"https:\/\/innoticiasbo.com\/index.php\/2024\/09\/22\/evistas-y-arcistas-se-enfrentaron-en-el-alto\/#primaryimage"},"image":{"@id":"https:\/\/innoticiasbo.com\/index.php\/2024\/09\/22\/evistas-y-arcistas-se-enfrentaron-en-el-alto\/#primaryimage"},"thumbnailUrl":"https:\/\/i0.wp.com\/innoticiasbo.com\/wp-content\/uploads\/2024\/09\/FB_IMG_1727035103957.jpg?fit=1003%2C774&ssl=1","datePublished":"2024-09-22T20:18:22+00:00","dateModified":"2024-09-22T20:18:24+00:00","breadcrumb":{"@id":"https:\/\/innoticiasbo.com\/index.php\/2024\/09\/22\/evistas-y-arcistas-se-enfrentaron-en-el-alto\/#breadcrumb"},"inLanguage":"es","potentialAction":[{"@type":"ReadAction","target":["https:\/\/innoticiasbo.com\/index.php\/2024\/09\/22\/evistas-y-arcistas-se-enfrentaron-en-el-alto\/"]}]},{"@type":"ImageObject","inLanguage":"es","@id":"https:\/\/innoticiasbo.com\/index.php\/2024\/09\/22\/evistas-y-arcistas-se-enfrentaron-en-el-alto\/#primaryimage","url":"https:\/\/i0.wp.com\/innoticiasbo.com\/wp-content\/uploads\/2024\/09\/FB_IMG_1727035103957.jpg?fit=1003%2C774&ssl=1","contentUrl":"https:\/\/i0.wp.com\/innoticiasbo.com\/wp-content\/uploads\/2024\/09\/FB_IMG_1727035103957.jpg?fit=1003%2C774&ssl=1","width":1003,"height":774},{"@type":"BreadcrumbList","@id":"https:\/\/innoticiasbo.com\/index.php\/2024\/09\/22\/evistas-y-arcistas-se-enfrentaron-en-el-alto\/#breadcrumb","itemListElement":[{"@type":"ListItem","position":1,"name":"Portada","item":"https:\/\/innoticiasbo.com\/"},{"@type":"ListItem","position":2,"name":"EVISTAS Y ARCISTAS SE ENFRENTARON EN EL ALTO"}]},{"@type":"WebSite","@id":"https:\/\/innoticiasbo.com\/#website","url":"https:\/\/innoticiasbo.com\/","name":"innoticiasbo.com","description":"","publisher":{"@id":"https:\/\/innoticiasbo.com\/#organization"},"potentialAction":[{"@type":"SearchAction","target":{"@type":"EntryPoint","urlTemplate":"https:\/\/innoticiasbo.com\/?s={search_term_string}"},"query-input":{"@type":"PropertyValueSpecification","valueRequired":true,"valueName":"search_term_string"}}],"inLanguage":"es"},{"@type":"Organization","@id":"https:\/\/innoticiasbo.com\/#organization","name":"innoticiasbo.com","url":"https:\/\/innoticiasbo.com\/","logo":{"@type":"ImageObject","inLanguage":"es","@id":"https:\/\/innoticiasbo.com\/#\/schema\/logo\/image\/","url":"https:\/\/i0.wp.com\/innoticiasbo.com\/wp-content\/uploads\/2026\/04\/cropped-IN-LOGO.png?fit=1476%2C1476&ssl=1","contentUrl":"https:\/\/i0.wp.com\/innoticiasbo.com\/wp-content\/uploads\/2026\/04\/cropped-IN-LOGO.png?fit=1476%2C1476&ssl=1","width":1476,"height":1476,"caption":"innoticiasbo.com"},"image":{"@id":"https:\/\/innoticiasbo.com\/#\/schema\/logo\/image\/"},"sameAs":["https:\/\/www.facebook.com\/innoticiasbolivia","https:\/\/x.com\/innoticiasbo","https:\/\/www.instagram.com\/innoticiasbo","https:\/\/www.youtube.com\/innoticiasbo"]},{"@type":"Person","@id":"https:\/\/innoticiasbo.com\/#\/schema\/person\/589cd527c4211df1b943bdad85ec07ce","name":"Prensa","image":{"@type":"ImageObject","inLanguage":"es","@id":"https:\/\/innoticiasbo.com\/#\/schema\/person\/image\/","url":"https:\/\/secure.gravatar.com\/avatar\/d359bbdf112023c1c0a3ec7fe1600657?s=96&d=mm&r=g","contentUrl":"https:\/\/secure.gravatar.com\/avatar\/d359bbdf112023c1c0a3ec7fe1600657?s=96&d=mm&r=g","caption":"Prensa"},"sameAs":["http:\/\/www.innoticiasbo.com"],"url":"https:\/\/innoticiasbo.com\/index.php\/author\/prensa\/"}]}},"jetpack_featured_media_url":"https:\/\/i0.wp.com\/innoticiasbo.com\/wp-content\/uploads\/2024\/09\/FB_IMG_1727035103957.jpg?fit=1003%2C774&ssl=1","jetpack_likes_enabled":true,"jetpack_sharing_enabled":true,"jetpack_shortlink":"https:\/\/wp.me\/pg298x-eX","_links":{"self":[{"href":"https:\/\/innoticiasbo.com\/index.php\/wp-json\/wp\/v2\/posts\/927","targetHints":{"allow":["GET"]}}],"collection":[{"href":"https:\/\/innoticiasbo.com\/index.php\/wp-json\/wp\/v2\/posts"}],"about":[{"href":"https:\/\/innoticiasbo.com\/index.php\/wp-json\/wp\/v2\/types\/post"}],"author":[{"embeddable":true,"href":"https:\/\/innoticiasbo.com\/index.php\/wp-json\/wp\/v2\/users\/2"}],"replies":[{"embeddable":true,"href":"https:\/\/innoticiasbo.com\/index.php\/wp-json\/wp\/v2\/comments?post=927"}],"version-history":[{"count":1,"href":"https:\/\/innoticiasbo.com\/index.php\/wp-json\/wp\/v2\/posts\/927\/revisions"}],"predecessor-version":[{"id":928,"href":"https:\/\/innoticiasbo.com\/index.php\/wp-json\/wp\/v2\/posts\/927\/revisions\/928"}],"wp:featuredmedia":[{"embeddable":true,"href":"https:\/\/innoticiasbo.com\/index.php\/wp-json\/wp\/v2\/media\/926"}],"wp:attachment":[{"href":"https:\/\/innoticiasbo.com\/index.php\/wp-json\/wp\/v2\/media?parent=927"}],"wp:term":[{"taxonomy":"category","embeddable":true,"href":"https:\/\/innoticiasbo.com\/index.php\/wp-json\/wp\/v2\/categories?post=927"},{"taxonomy":"post_tag","embeddable":true,"href":"https:\/\/innoticiasbo.com\/index.php\/wp-json\/wp\/v2\/tags?post=927"}],"curies":[{"name":"wp","href":"https:\/\/api.w.org\/{rel}","templated":true}]}}