{"id":913,"date":"2024-09-22T19:23:35","date_gmt":"2024-09-22T19:23:35","guid":{"rendered":"https:\/\/innoticiasbo.com\/?p=913"},"modified":"2024-09-22T19:23:41","modified_gmt":"2024-09-22T19:23:41","slug":"activistas-denuncian-penalmente-a-evo-morales-por-invitacion-y-atentado-cintra-la-libertad-de-trabajo","status":"publish","type":"post","link":"https:\/\/innoticiasbo.com\/index.php\/2024\/09\/22\/activistas-denuncian-penalmente-a-evo-morales-por-invitacion-y-atentado-cintra-la-libertad-de-trabajo\/","title":{"rendered":"ACTIVISTAS DENUNCIAN PENALMENTE A EVO MORALES POR INVITACI\u00d3N Y ATENTADO CINTRA LA LIBERTAD DE TRABAJO"},"content":{"rendered":"\n<p>La Paz, 22 de septiembre de 2024.- Las activistas Melania Torrico y Marvia Subirana presentaron una denuncia formal en contra del expresidente Evo Morales, acus\u00e1ndolo de incitaci\u00f3n p\u00fablica a delinquir, des\u00f3rdenes o perturbaciones p\u00fablicas y atentado contra la libertad de trabajo.<\/p>\n\n\n\n<figure class=\"wp-block-image size-large\"><img data-recalc-dims=\"1\" loading=\"lazy\" decoding=\"async\" width=\"640\" height=\"360\" src=\"https:\/\/i0.wp.com\/innoticiasbo.com\/wp-content\/uploads\/2024\/09\/img_66f051446c8176831101455478162569.jpg?resize=640%2C360&#038;ssl=1\" alt=\"\" class=\"wp-image-911\" srcset=\"https:\/\/i0.wp.com\/innoticiasbo.com\/wp-content\/uploads\/2024\/09\/img_66f051446c8176831101455478162569.jpg?w=992&amp;ssl=1 992w, https:\/\/i0.wp.com\/innoticiasbo.com\/wp-content\/uploads\/2024\/09\/img_66f051446c8176831101455478162569.jpg?resize=300%2C169&amp;ssl=1 300w, https:\/\/i0.wp.com\/innoticiasbo.com\/wp-content\/uploads\/2024\/09\/img_66f051446c8176831101455478162569.jpg?resize=768%2C432&amp;ssl=1 768w\" sizes=\"auto, (max-width: 640px) 100vw, 640px\" \/><\/figure>\n\n\n\n<p>La denuncia fue presentada tras denuncias de Morales por sus llamados a movilizaciones, que seg\u00fan las activistas, afectan la estabilidad social y los derechos laborales de los ciudadanos.<\/p>\n\n\n\n<p>La doctora Marvia Subirana se\u00f1al\u00f3 que, a pesar de que en un inicio el Ministerio P\u00fablico se neg\u00f3 a recepcionar los documentos, lograron que la denuncia fuera aceptada tras ejercer mucha presi\u00f3n ayer por la tarde.<\/p>\n\n\n\n<p>Adem\u00e1s, Subirana hizo un llamado a la poblaci\u00f3n para que se sumen a la denuncia, manifestando su rechazo a los intentos de Evo Morales de imponer su postulaci\u00f3n \u00aba la fuerza y con agresi\u00f3n\u00bb, haciendo referencia a la marcha que el exmandatario planea llevar hasta La Paz este lunes.<br \/>Fuente:La Prensa<\/p>\n\n\n\n<h1 class=\"wp-block-heading\">EvoMoralesAyma #innoticias #pol\u00edtica #denunciapenal<\/h1>\n","protected":false},"excerpt":{"rendered":"<p>La Paz, 22 de septiembre de 2024.- Las activistas Melania Torrico y Marvia Subirana presentaron una denuncia formal en contra del expresidente Evo Morales, acus\u00e1ndolo de incitaci\u00f3n p\u00fablica a delinquir, des\u00f3rdenes o perturbaciones p\u00fablicas y atentado contra la libertad de trabajo. La denuncia fue presentada tras denuncias de Morales por sus llamados a movilizaciones, que&#8230;<\/p>\n","protected":false},"author":2,"featured_media":912,"comment_status":"open","ping_status":"open","sticky":false,"template":"","format":"standard","meta":{"_jetpack_memberships_contains_paid_content":false,"footnotes":"","jetpack_publicize_message":"","jetpack_publicize_feature_enabled":true,"jetpack_social_post_already_shared":true,"jetpack_social_options":{"image_generator_settings":{"template":"highway","enabled":false},"version":2}},"categories":[1,3],"tags":[],"class_list":["post-913","post","type-post","status-publish","format-standard","has-post-thumbnail","hentry","category-bolivia","category-politica"],"jetpack_publicize_connections":[],"yoast_head":"<!-- This site is optimized with the Yoast SEO plugin v23.4 - https:\/\/yoast.com\/wordpress\/plugins\/seo\/ -->\n<title>ACTIVISTAS DENUNCIAN PENALMENTE A EVO MORALES POR INVITACI\u00d3N Y ATENTADO CINTRA LA LIBERTAD DE TRABAJO - innoticiasbo.com<\/title>\n<meta name=\"robots\" content=\"index, follow, max-snippet:-1, max-image-preview:large, max-video-preview:-1\" \/>\n<link rel=\"canonical\" href=\"https:\/\/innoticiasbo.com\/index.php\/2024\/09\/22\/activistas-denuncian-penalmente-a-evo-morales-por-invitacion-y-atentado-cintra-la-libertad-de-trabajo\/\" \/>\n<meta property=\"og:locale\" content=\"es_ES\" \/>\n<meta property=\"og:type\" content=\"article\" \/>\n<meta property=\"og:title\" content=\"ACTIVISTAS DENUNCIAN PENALMENTE A EVO MORALES POR INVITACI\u00d3N Y ATENTADO CINTRA LA LIBERTAD DE TRABAJO - innoticiasbo.com\" \/>\n<meta property=\"og:description\" content=\"La Paz, 22 de septiembre de 2024.- Las activistas Melania Torrico y Marvia Subirana presentaron una denuncia formal en contra del expresidente Evo Morales, acus\u00e1ndolo de incitaci\u00f3n p\u00fablica a delinquir, des\u00f3rdenes o perturbaciones p\u00fablicas y atentado contra la libertad de trabajo. La denuncia fue presentada tras denuncias de Morales por sus llamados a movilizaciones, que...\" \/>\n<meta property=\"og:url\" content=\"https:\/\/innoticiasbo.com\/index.php\/2024\/09\/22\/activistas-denuncian-penalmente-a-evo-morales-por-invitacion-y-atentado-cintra-la-libertad-de-trabajo\/\" \/>\n<meta property=\"og:site_name\" content=\"innoticiasbo.com\" \/>\n<meta property=\"article:publisher\" content=\"https:\/\/www.facebook.com\/innoticiasbolivia\" \/>\n<meta property=\"article:published_time\" content=\"2024-09-22T19:23:35+00:00\" \/>\n<meta property=\"article:modified_time\" content=\"2024-09-22T19:23:41+00:00\" \/>\n<meta property=\"og:image\" content=\"https:\/\/i0.wp.com\/innoticiasbo.com\/wp-content\/uploads\/2024\/09\/md-2-1.webp?fit=992%2C558&ssl=1\" \/>\n\t<meta property=\"og:image:width\" content=\"992\" \/>\n\t<meta property=\"og:image:height\" content=\"558\" \/>\n\t<meta property=\"og:image:type\" content=\"image\/webp\" \/>\n<meta name=\"author\" content=\"Prensa\" \/>\n<meta name=\"twitter:card\" content=\"summary_large_image\" \/>\n<meta name=\"twitter:creator\" content=\"@innoticiasbo\" \/>\n<meta name=\"twitter:site\" content=\"@innoticiasbo\" \/>\n<meta name=\"twitter:label1\" content=\"Escrito por\" \/>\n\t<meta name=\"twitter:data1\" content=\"Prensa\" \/>\n\t<meta name=\"twitter:label2\" content=\"Tiempo de lectura\" \/>\n\t<meta name=\"twitter:data2\" content=\"1 minuto\" \/>\n<script type=\"application\/ld+json\" class=\"yoast-schema-graph\">{\"@context\":\"https:\/\/schema.org\",\"@graph\":[{\"@type\":\"Article\",\"@id\":\"https:\/\/innoticiasbo.com\/index.php\/2024\/09\/22\/activistas-denuncian-penalmente-a-evo-morales-por-invitacion-y-atentado-cintra-la-libertad-de-trabajo\/#article\",\"isPartOf\":{\"@id\":\"https:\/\/innoticiasbo.com\/index.php\/2024\/09\/22\/activistas-denuncian-penalmente-a-evo-morales-por-invitacion-y-atentado-cintra-la-libertad-de-trabajo\/\"},\"author\":{\"name\":\"Prensa\",\"@id\":\"https:\/\/innoticiasbo.com\/#\/schema\/person\/589cd527c4211df1b943bdad85ec07ce\"},\"headline\":\"ACTIVISTAS DENUNCIAN PENALMENTE A EVO MORALES POR INVITACI\u00d3N Y ATENTADO CINTRA LA LIBERTAD DE TRABAJO\",\"datePublished\":\"2024-09-22T19:23:35+00:00\",\"dateModified\":\"2024-09-22T19:23:41+00:00\",\"mainEntityOfPage\":{\"@id\":\"https:\/\/innoticiasbo.com\/index.php\/2024\/09\/22\/activistas-denuncian-penalmente-a-evo-morales-por-invitacion-y-atentado-cintra-la-libertad-de-trabajo\/\"},\"wordCount\":190,\"commentCount\":0,\"publisher\":{\"@id\":\"https:\/\/innoticiasbo.com\/#organization\"},\"image\":{\"@id\":\"https:\/\/innoticiasbo.com\/index.php\/2024\/09\/22\/activistas-denuncian-penalmente-a-evo-morales-por-invitacion-y-atentado-cintra-la-libertad-de-trabajo\/#primaryimage\"},\"thumbnailUrl\":\"https:\/\/i0.wp.com\/innoticiasbo.com\/wp-content\/uploads\/2024\/09\/md-2-1.webp?fit=992%2C558&ssl=1\",\"articleSection\":[\"Bolivia\",\"Pol\u00edtica\"],\"inLanguage\":\"es\",\"potentialAction\":[{\"@type\":\"CommentAction\",\"name\":\"Comment\",\"target\":[\"https:\/\/innoticiasbo.com\/index.php\/2024\/09\/22\/activistas-denuncian-penalmente-a-evo-morales-por-invitacion-y-atentado-cintra-la-libertad-de-trabajo\/#respond\"]}]},{\"@type\":\"WebPage\",\"@id\":\"https:\/\/innoticiasbo.com\/index.php\/2024\/09\/22\/activistas-denuncian-penalmente-a-evo-morales-por-invitacion-y-atentado-cintra-la-libertad-de-trabajo\/\",\"url\":\"https:\/\/innoticiasbo.com\/index.php\/2024\/09\/22\/activistas-denuncian-penalmente-a-evo-morales-por-invitacion-y-atentado-cintra-la-libertad-de-trabajo\/\",\"name\":\"ACTIVISTAS DENUNCIAN PENALMENTE A EVO MORALES POR INVITACI\u00d3N Y ATENTADO CINTRA LA LIBERTAD DE TRABAJO - innoticiasbo.com\",\"isPartOf\":{\"@id\":\"https:\/\/innoticiasbo.com\/#website\"},\"primaryImageOfPage\":{\"@id\":\"https:\/\/innoticiasbo.com\/index.php\/2024\/09\/22\/activistas-denuncian-penalmente-a-evo-morales-por-invitacion-y-atentado-cintra-la-libertad-de-trabajo\/#primaryimage\"},\"image\":{\"@id\":\"https:\/\/innoticiasbo.com\/index.php\/2024\/09\/22\/activistas-denuncian-penalmente-a-evo-morales-por-invitacion-y-atentado-cintra-la-libertad-de-trabajo\/#primaryimage\"},\"thumbnailUrl\":\"https:\/\/i0.wp.com\/innoticiasbo.com\/wp-content\/uploads\/2024\/09\/md-2-1.webp?fit=992%2C558&ssl=1\",\"datePublished\":\"2024-09-22T19:23:35+00:00\",\"dateModified\":\"2024-09-22T19:23:41+00:00\",\"breadcrumb\":{\"@id\":\"https:\/\/innoticiasbo.com\/index.php\/2024\/09\/22\/activistas-denuncian-penalmente-a-evo-morales-por-invitacion-y-atentado-cintra-la-libertad-de-trabajo\/#breadcrumb\"},\"inLanguage\":\"es\",\"potentialAction\":[{\"@type\":\"ReadAction\",\"target\":[\"https:\/\/innoticiasbo.com\/index.php\/2024\/09\/22\/activistas-denuncian-penalmente-a-evo-morales-por-invitacion-y-atentado-cintra-la-libertad-de-trabajo\/\"]}]},{\"@type\":\"ImageObject\",\"inLanguage\":\"es\",\"@id\":\"https:\/\/innoticiasbo.com\/index.php\/2024\/09\/22\/activistas-denuncian-penalmente-a-evo-morales-por-invitacion-y-atentado-cintra-la-libertad-de-trabajo\/#primaryimage\",\"url\":\"https:\/\/i0.wp.com\/innoticiasbo.com\/wp-content\/uploads\/2024\/09\/md-2-1.webp?fit=992%2C558&ssl=1\",\"contentUrl\":\"https:\/\/i0.wp.com\/innoticiasbo.com\/wp-content\/uploads\/2024\/09\/md-2-1.webp?fit=992%2C558&ssl=1\",\"width\":992,\"height\":558},{\"@type\":\"BreadcrumbList\",\"@id\":\"https:\/\/innoticiasbo.com\/index.php\/2024\/09\/22\/activistas-denuncian-penalmente-a-evo-morales-por-invitacion-y-atentado-cintra-la-libertad-de-trabajo\/#breadcrumb\",\"itemListElement\":[{\"@type\":\"ListItem\",\"position\":1,\"name\":\"Portada\",\"item\":\"https:\/\/innoticiasbo.com\/\"},{\"@type\":\"ListItem\",\"position\":2,\"name\":\"ACTIVISTAS DENUNCIAN PENALMENTE A EVO MORALES POR INVITACI\u00d3N Y ATENTADO CINTRA LA LIBERTAD DE TRABAJO\"}]},{\"@type\":\"WebSite\",\"@id\":\"https:\/\/innoticiasbo.com\/#website\",\"url\":\"https:\/\/innoticiasbo.com\/\",\"name\":\"innoticiasbo.com\",\"description\":\"\",\"publisher\":{\"@id\":\"https:\/\/innoticiasbo.com\/#organization\"},\"potentialAction\":[{\"@type\":\"SearchAction\",\"target\":{\"@type\":\"EntryPoint\",\"urlTemplate\":\"https:\/\/innoticiasbo.com\/?s={search_term_string}\"},\"query-input\":{\"@type\":\"PropertyValueSpecification\",\"valueRequired\":true,\"valueName\":\"search_term_string\"}}],\"inLanguage\":\"es\"},{\"@type\":\"Organization\",\"@id\":\"https:\/\/innoticiasbo.com\/#organization\",\"name\":\"innoticiasbo.com\",\"url\":\"https:\/\/innoticiasbo.com\/\",\"logo\":{\"@type\":\"ImageObject\",\"inLanguage\":\"es\",\"@id\":\"https:\/\/innoticiasbo.com\/#\/schema\/logo\/image\/\",\"url\":\"https:\/\/i0.wp.com\/innoticiasbo.com\/wp-content\/uploads\/2026\/04\/cropped-IN-LOGO.png?fit=1476%2C1476&ssl=1\",\"contentUrl\":\"https:\/\/i0.wp.com\/innoticiasbo.com\/wp-content\/uploads\/2026\/04\/cropped-IN-LOGO.png?fit=1476%2C1476&ssl=1\",\"width\":1476,\"height\":1476,\"caption\":\"innoticiasbo.com\"},\"image\":{\"@id\":\"https:\/\/innoticiasbo.com\/#\/schema\/logo\/image\/\"},\"sameAs\":[\"https:\/\/www.facebook.com\/innoticiasbolivia\",\"https:\/\/x.com\/innoticiasbo\",\"https:\/\/www.instagram.com\/innoticiasbo\",\"https:\/\/www.youtube.com\/innoticiasbo\"]},{\"@type\":\"Person\",\"@id\":\"https:\/\/innoticiasbo.com\/#\/schema\/person\/589cd527c4211df1b943bdad85ec07ce\",\"name\":\"Prensa\",\"image\":{\"@type\":\"ImageObject\",\"inLanguage\":\"es\",\"@id\":\"https:\/\/innoticiasbo.com\/#\/schema\/person\/image\/\",\"url\":\"https:\/\/secure.gravatar.com\/avatar\/d359bbdf112023c1c0a3ec7fe1600657?s=96&d=mm&r=g\",\"contentUrl\":\"https:\/\/secure.gravatar.com\/avatar\/d359bbdf112023c1c0a3ec7fe1600657?s=96&d=mm&r=g\",\"caption\":\"Prensa\"},\"sameAs\":[\"http:\/\/www.innoticiasbo.com\"],\"url\":\"https:\/\/innoticiasbo.com\/index.php\/author\/prensa\/\"}]}<\/script>\n<!-- \/ Yoast SEO plugin. -->","yoast_head_json":{"title":"ACTIVISTAS DENUNCIAN PENALMENTE A EVO MORALES POR INVITACI\u00d3N Y ATENTADO CINTRA LA LIBERTAD DE TRABAJO - innoticiasbo.com","robots":{"index":"index","follow":"follow","max-snippet":"max-snippet:-1","max-image-preview":"max-image-preview:large","max-video-preview":"max-video-preview:-1"},"canonical":"https:\/\/innoticiasbo.com\/index.php\/2024\/09\/22\/activistas-denuncian-penalmente-a-evo-morales-por-invitacion-y-atentado-cintra-la-libertad-de-trabajo\/","og_locale":"es_ES","og_type":"article","og_title":"ACTIVISTAS DENUNCIAN PENALMENTE A EVO MORALES POR INVITACI\u00d3N Y ATENTADO CINTRA LA LIBERTAD DE TRABAJO - innoticiasbo.com","og_description":"La Paz, 22 de septiembre de 2024.- Las activistas Melania Torrico y Marvia Subirana presentaron una denuncia formal en contra del expresidente Evo Morales, acus\u00e1ndolo de incitaci\u00f3n p\u00fablica a delinquir, des\u00f3rdenes o perturbaciones p\u00fablicas y atentado contra la libertad de trabajo. La denuncia fue presentada tras denuncias de Morales por sus llamados a movilizaciones, que...","og_url":"https:\/\/innoticiasbo.com\/index.php\/2024\/09\/22\/activistas-denuncian-penalmente-a-evo-morales-por-invitacion-y-atentado-cintra-la-libertad-de-trabajo\/","og_site_name":"innoticiasbo.com","article_publisher":"https:\/\/www.facebook.com\/innoticiasbolivia","article_published_time":"2024-09-22T19:23:35+00:00","article_modified_time":"2024-09-22T19:23:41+00:00","og_image":[{"width":992,"height":558,"url":"https:\/\/i0.wp.com\/innoticiasbo.com\/wp-content\/uploads\/2024\/09\/md-2-1.webp?fit=992%2C558&ssl=1","type":"image\/webp"}],"author":"Prensa","twitter_card":"summary_large_image","twitter_creator":"@innoticiasbo","twitter_site":"@innoticiasbo","twitter_misc":{"Escrito por":"Prensa","Tiempo de lectura":"1 minuto"},"schema":{"@context":"https:\/\/schema.org","@graph":[{"@type":"Article","@id":"https:\/\/innoticiasbo.com\/index.php\/2024\/09\/22\/activistas-denuncian-penalmente-a-evo-morales-por-invitacion-y-atentado-cintra-la-libertad-de-trabajo\/#article","isPartOf":{"@id":"https:\/\/innoticiasbo.com\/index.php\/2024\/09\/22\/activistas-denuncian-penalmente-a-evo-morales-por-invitacion-y-atentado-cintra-la-libertad-de-trabajo\/"},"author":{"name":"Prensa","@id":"https:\/\/innoticiasbo.com\/#\/schema\/person\/589cd527c4211df1b943bdad85ec07ce"},"headline":"ACTIVISTAS DENUNCIAN PENALMENTE A EVO MORALES POR INVITACI\u00d3N Y ATENTADO CINTRA LA LIBERTAD DE TRABAJO","datePublished":"2024-09-22T19:23:35+00:00","dateModified":"2024-09-22T19:23:41+00:00","mainEntityOfPage":{"@id":"https:\/\/innoticiasbo.com\/index.php\/2024\/09\/22\/activistas-denuncian-penalmente-a-evo-morales-por-invitacion-y-atentado-cintra-la-libertad-de-trabajo\/"},"wordCount":190,"commentCount":0,"publisher":{"@id":"https:\/\/innoticiasbo.com\/#organization"},"image":{"@id":"https:\/\/innoticiasbo.com\/index.php\/2024\/09\/22\/activistas-denuncian-penalmente-a-evo-morales-por-invitacion-y-atentado-cintra-la-libertad-de-trabajo\/#primaryimage"},"thumbnailUrl":"https:\/\/i0.wp.com\/innoticiasbo.com\/wp-content\/uploads\/2024\/09\/md-2-1.webp?fit=992%2C558&ssl=1","articleSection":["Bolivia","Pol\u00edtica"],"inLanguage":"es","potentialAction":[{"@type":"CommentAction","name":"Comment","target":["https:\/\/innoticiasbo.com\/index.php\/2024\/09\/22\/activistas-denuncian-penalmente-a-evo-morales-por-invitacion-y-atentado-cintra-la-libertad-de-trabajo\/#respond"]}]},{"@type":"WebPage","@id":"https:\/\/innoticiasbo.com\/index.php\/2024\/09\/22\/activistas-denuncian-penalmente-a-evo-morales-por-invitacion-y-atentado-cintra-la-libertad-de-trabajo\/","url":"https:\/\/innoticiasbo.com\/index.php\/2024\/09\/22\/activistas-denuncian-penalmente-a-evo-morales-por-invitacion-y-atentado-cintra-la-libertad-de-trabajo\/","name":"ACTIVISTAS DENUNCIAN PENALMENTE A EVO MORALES POR INVITACI\u00d3N Y ATENTADO CINTRA LA LIBERTAD DE TRABAJO - innoticiasbo.com","isPartOf":{"@id":"https:\/\/innoticiasbo.com\/#website"},"primaryImageOfPage":{"@id":"https:\/\/innoticiasbo.com\/index.php\/2024\/09\/22\/activistas-denuncian-penalmente-a-evo-morales-por-invitacion-y-atentado-cintra-la-libertad-de-trabajo\/#primaryimage"},"image":{"@id":"https:\/\/innoticiasbo.com\/index.php\/2024\/09\/22\/activistas-denuncian-penalmente-a-evo-morales-por-invitacion-y-atentado-cintra-la-libertad-de-trabajo\/#primaryimage"},"thumbnailUrl":"https:\/\/i0.wp.com\/innoticiasbo.com\/wp-content\/uploads\/2024\/09\/md-2-1.webp?fit=992%2C558&ssl=1","datePublished":"2024-09-22T19:23:35+00:00","dateModified":"2024-09-22T19:23:41+00:00","breadcrumb":{"@id":"https:\/\/innoticiasbo.com\/index.php\/2024\/09\/22\/activistas-denuncian-penalmente-a-evo-morales-por-invitacion-y-atentado-cintra-la-libertad-de-trabajo\/#breadcrumb"},"inLanguage":"es","potentialAction":[{"@type":"ReadAction","target":["https:\/\/innoticiasbo.com\/index.php\/2024\/09\/22\/activistas-denuncian-penalmente-a-evo-morales-por-invitacion-y-atentado-cintra-la-libertad-de-trabajo\/"]}]},{"@type":"ImageObject","inLanguage":"es","@id":"https:\/\/innoticiasbo.com\/index.php\/2024\/09\/22\/activistas-denuncian-penalmente-a-evo-morales-por-invitacion-y-atentado-cintra-la-libertad-de-trabajo\/#primaryimage","url":"https:\/\/i0.wp.com\/innoticiasbo.com\/wp-content\/uploads\/2024\/09\/md-2-1.webp?fit=992%2C558&ssl=1","contentUrl":"https:\/\/i0.wp.com\/innoticiasbo.com\/wp-content\/uploads\/2024\/09\/md-2-1.webp?fit=992%2C558&ssl=1","width":992,"height":558},{"@type":"BreadcrumbList","@id":"https:\/\/innoticiasbo.com\/index.php\/2024\/09\/22\/activistas-denuncian-penalmente-a-evo-morales-por-invitacion-y-atentado-cintra-la-libertad-de-trabajo\/#breadcrumb","itemListElement":[{"@type":"ListItem","position":1,"name":"Portada","item":"https:\/\/innoticiasbo.com\/"},{"@type":"ListItem","position":2,"name":"ACTIVISTAS DENUNCIAN PENALMENTE A EVO MORALES POR INVITACI\u00d3N Y ATENTADO CINTRA LA LIBERTAD DE TRABAJO"}]},{"@type":"WebSite","@id":"https:\/\/innoticiasbo.com\/#website","url":"https:\/\/innoticiasbo.com\/","name":"innoticiasbo.com","description":"","publisher":{"@id":"https:\/\/innoticiasbo.com\/#organization"},"potentialAction":[{"@type":"SearchAction","target":{"@type":"EntryPoint","urlTemplate":"https:\/\/innoticiasbo.com\/?s={search_term_string}"},"query-input":{"@type":"PropertyValueSpecification","valueRequired":true,"valueName":"search_term_string"}}],"inLanguage":"es"},{"@type":"Organization","@id":"https:\/\/innoticiasbo.com\/#organization","name":"innoticiasbo.com","url":"https:\/\/innoticiasbo.com\/","logo":{"@type":"ImageObject","inLanguage":"es","@id":"https:\/\/innoticiasbo.com\/#\/schema\/logo\/image\/","url":"https:\/\/i0.wp.com\/innoticiasbo.com\/wp-content\/uploads\/2026\/04\/cropped-IN-LOGO.png?fit=1476%2C1476&ssl=1","contentUrl":"https:\/\/i0.wp.com\/innoticiasbo.com\/wp-content\/uploads\/2026\/04\/cropped-IN-LOGO.png?fit=1476%2C1476&ssl=1","width":1476,"height":1476,"caption":"innoticiasbo.com"},"image":{"@id":"https:\/\/innoticiasbo.com\/#\/schema\/logo\/image\/"},"sameAs":["https:\/\/www.facebook.com\/innoticiasbolivia","https:\/\/x.com\/innoticiasbo","https:\/\/www.instagram.com\/innoticiasbo","https:\/\/www.youtube.com\/innoticiasbo"]},{"@type":"Person","@id":"https:\/\/innoticiasbo.com\/#\/schema\/person\/589cd527c4211df1b943bdad85ec07ce","name":"Prensa","image":{"@type":"ImageObject","inLanguage":"es","@id":"https:\/\/innoticiasbo.com\/#\/schema\/person\/image\/","url":"https:\/\/secure.gravatar.com\/avatar\/d359bbdf112023c1c0a3ec7fe1600657?s=96&d=mm&r=g","contentUrl":"https:\/\/secure.gravatar.com\/avatar\/d359bbdf112023c1c0a3ec7fe1600657?s=96&d=mm&r=g","caption":"Prensa"},"sameAs":["http:\/\/www.innoticiasbo.com"],"url":"https:\/\/innoticiasbo.com\/index.php\/author\/prensa\/"}]}},"jetpack_featured_media_url":"https:\/\/i0.wp.com\/innoticiasbo.com\/wp-content\/uploads\/2024\/09\/md-2-1.webp?fit=992%2C558&ssl=1","jetpack_likes_enabled":true,"jetpack_sharing_enabled":true,"jetpack_shortlink":"https:\/\/wp.me\/pg298x-eJ","_links":{"self":[{"href":"https:\/\/innoticiasbo.com\/index.php\/wp-json\/wp\/v2\/posts\/913","targetHints":{"allow":["GET"]}}],"collection":[{"href":"https:\/\/innoticiasbo.com\/index.php\/wp-json\/wp\/v2\/posts"}],"about":[{"href":"https:\/\/innoticiasbo.com\/index.php\/wp-json\/wp\/v2\/types\/post"}],"author":[{"embeddable":true,"href":"https:\/\/innoticiasbo.com\/index.php\/wp-json\/wp\/v2\/users\/2"}],"replies":[{"embeddable":true,"href":"https:\/\/innoticiasbo.com\/index.php\/wp-json\/wp\/v2\/comments?post=913"}],"version-history":[{"count":1,"href":"https:\/\/innoticiasbo.com\/index.php\/wp-json\/wp\/v2\/posts\/913\/revisions"}],"predecessor-version":[{"id":914,"href":"https:\/\/innoticiasbo.com\/index.php\/wp-json\/wp\/v2\/posts\/913\/revisions\/914"}],"wp:featuredmedia":[{"embeddable":true,"href":"https:\/\/innoticiasbo.com\/index.php\/wp-json\/wp\/v2\/media\/912"}],"wp:attachment":[{"href":"https:\/\/innoticiasbo.com\/index.php\/wp-json\/wp\/v2\/media?parent=913"}],"wp:term":[{"taxonomy":"category","embeddable":true,"href":"https:\/\/innoticiasbo.com\/index.php\/wp-json\/wp\/v2\/categories?post=913"},{"taxonomy":"post_tag","embeddable":true,"href":"https:\/\/innoticiasbo.com\/index.php\/wp-json\/wp\/v2\/tags?post=913"}],"curies":[{"name":"wp","href":"https:\/\/api.w.org\/{rel}","templated":true}]}}