{"id":9091,"date":"2026-03-04T20:33:56","date_gmt":"2026-03-05T00:33:56","guid":{"rendered":"https:\/\/innoticiasbo.com\/?p=9091"},"modified":"2026-03-04T23:01:23","modified_gmt":"2026-03-05T03:01:23","slug":"lara-se-reune-con-lupo-horas-despues-de-denunciar-que-se-queda-sin-personal-en-la-viceprecidencia","status":"publish","type":"post","link":"https:\/\/innoticiasbo.com\/index.php\/2026\/03\/04\/lara-se-reune-con-lupo-horas-despues-de-denunciar-que-se-queda-sin-personal-en-la-viceprecidencia\/","title":{"rendered":"LARA SE RE\u00daNE CON LUPO HORAS DESPU\u00c9S DE DENUNCIAR QUE SE QUEDA SIN PERSONAL EN LA VICEPRESIDENCIA"},"content":{"rendered":"\n<figure class=\"wp-block-image size-full\"><img data-recalc-dims=\"1\" loading=\"lazy\" decoding=\"async\" width=\"640\" height=\"357\" src=\"https:\/\/i0.wp.com\/innoticiasbo.com\/wp-content\/uploads\/2026\/03\/image-28.png?resize=640%2C357&#038;ssl=1\" alt=\"\" class=\"wp-image-9092\" srcset=\"https:\/\/i0.wp.com\/innoticiasbo.com\/wp-content\/uploads\/2026\/03\/image-28.png?w=770&amp;ssl=1 770w, https:\/\/i0.wp.com\/innoticiasbo.com\/wp-content\/uploads\/2026\/03\/image-28.png?resize=300%2C168&amp;ssl=1 300w, https:\/\/i0.wp.com\/innoticiasbo.com\/wp-content\/uploads\/2026\/03\/image-28.png?resize=768%2C429&amp;ssl=1 768w\" sizes=\"auto, (max-width: 640px) 100vw, 640px\" \/><\/figure>\n\n\n\n<p><strong>La Paz, 4 de Marzo de 2026.-<\/strong> El ministro de la Presidencia, Jos\u00e9 Luis Lupo, se reuni\u00f3 este mi\u00e9rcoles con el vicepresidente Edmand Lara, horas despu\u00e9s de que el mandatario denunciara que se queda sin personal para realizar sus actividades.<\/p>\n\n\n\n<p>El encuentro tuvo lugar antes de mediod\u00eda en oficinas de la Vicepresidencia, ubicadas en la calle Ayachucho, cerca del Palacio de Gobierno. Se espera conocer un pronunciamiento de las autoridades para conocer las resoluciones de este acercamiento.<\/p>\n\n\n\n<p>El martes, en un video publicado en las redes sociales, el vicepresidente Lara pidi\u00f3 al ministro Lupo, \u00abpor favor, que se ponga la mano en el coraz\u00f3n\u00bb y acepte una reuni\u00f3n para revisar los asuntos administrativos vinculados con el personal de la Vicepresidencia.<\/p>\n\n\n\n<p>Lara denunci\u00f3 que ya no tiene funcionarios a contrato ni gasolina para veh\u00edculos.<\/p>\n\n\n\n<p>Puso como ejemplo que la Presidencia de la Asamblea Legislativa Plurinacional, que est\u00e1 a su cargo, se qued\u00f3 sin personal y, por eso, no pudo reanudar la sesi\u00f3n de interpelaci\u00f3n del ministro de Hidrocarburos, Mauricio Medinaceli.<\/p>\n\n\n\n<p>El presidente Rodrigo Paz aprob\u00f3 el Decreto Supremo 5552 con el cual reorganiz\u00f3 las funciones en la Vicepresidencia y transfiri\u00f3 algunas reparticiones al Ministerio de la Presidencia, a cargo de Lupo.<\/p>\n\n\n\n<p>En la nueva estructura se elimina la Secretar\u00eda General de Vicepresidencia que lideraba Freddy Alejandro Vidovic, quien se alej\u00f3 de la Vicepresidencia el martes.<\/p>\n\n\n\n<p>Lara y Paz est\u00e1n distanciados desde diciembre de 2025 y en ese \u00ednterin han cruzado alusiones personales.<\/p>\n\n\n\n<p>Fuente\/Rescatado desde: Los Tiempos (<a href=\"https:\/\/www.lostiempos.com\/actualidad\/pais\/20260304\/lara-se-reune-lupo-horas-despues-denunciar-que-se-queda-personal\">https:\/\/www.lostiempos.com\/actualidad\/pais\/20260304\/lara-se-reune-lupo-horas-despues-denunciar-que-se-queda-personal<\/a>)<\/p>\n\n\n\n<p><\/p>\n","protected":false},"excerpt":{"rendered":"<p>La Paz, 4 de Marzo de 2026.- El ministro de la Presidencia, Jos\u00e9 Luis Lupo, se reuni\u00f3 este mi\u00e9rcoles con el vicepresidente Edmand Lara, horas despu\u00e9s de que el mandatario denunciara que se queda sin personal para realizar sus actividades. El encuentro tuvo lugar antes de mediod\u00eda en oficinas de la Vicepresidencia, ubicadas en la&#8230;<\/p>\n","protected":false},"author":11,"featured_media":9092,"comment_status":"open","ping_status":"open","sticky":false,"template":"","format":"standard","meta":{"_jetpack_memberships_contains_paid_content":false,"footnotes":"","jetpack_publicize_message":"","jetpack_publicize_feature_enabled":true,"jetpack_social_post_already_shared":true,"jetpack_social_options":{"image_generator_settings":{"template":"highway","enabled":false},"version":2}},"categories":[1,3],"tags":[7,437,997,1069,10,1101,592],"class_list":["post-9091","post","type-post","status-publish","format-standard","has-post-thumbnail","hentry","category-bolivia","category-politica","tag-bolivia","tag-cap-edman-lara","tag-edman-lara","tag-edmand-lara","tag-politica","tag-politica-edmand-lara","tag-vicepresidencia"],"jetpack_publicize_connections":[],"yoast_head":"<!-- This site is optimized with the Yoast SEO plugin v23.4 - https:\/\/yoast.com\/wordpress\/plugins\/seo\/ -->\n<title>LARA SE RE\u00daNE CON LUPO HORAS DESPU\u00c9S DE DENUNCIAR QUE SE QUEDA SIN PERSONAL EN LA VICEPRESIDENCIA - innoticiasbo.com<\/title>\n<meta name=\"robots\" content=\"index, follow, max-snippet:-1, max-image-preview:large, max-video-preview:-1\" \/>\n<link rel=\"canonical\" href=\"https:\/\/innoticiasbo.com\/index.php\/2026\/03\/04\/lara-se-reune-con-lupo-horas-despues-de-denunciar-que-se-queda-sin-personal-en-la-viceprecidencia\/\" \/>\n<meta property=\"og:locale\" content=\"es_ES\" \/>\n<meta property=\"og:type\" content=\"article\" \/>\n<meta property=\"og:title\" content=\"LARA SE RE\u00daNE CON LUPO HORAS DESPU\u00c9S DE DENUNCIAR QUE SE QUEDA SIN PERSONAL EN LA VICEPRESIDENCIA - innoticiasbo.com\" \/>\n<meta property=\"og:description\" content=\"La Paz, 4 de Marzo de 2026.- El ministro de la Presidencia, Jos\u00e9 Luis Lupo, se reuni\u00f3 este mi\u00e9rcoles con el vicepresidente Edmand Lara, horas despu\u00e9s de que el mandatario denunciara que se queda sin personal para realizar sus actividades. El encuentro tuvo lugar antes de mediod\u00eda en oficinas de la Vicepresidencia, ubicadas en la...\" \/>\n<meta property=\"og:url\" content=\"https:\/\/innoticiasbo.com\/index.php\/2026\/03\/04\/lara-se-reune-con-lupo-horas-despues-de-denunciar-que-se-queda-sin-personal-en-la-viceprecidencia\/\" \/>\n<meta property=\"og:site_name\" content=\"innoticiasbo.com\" \/>\n<meta property=\"article:publisher\" content=\"https:\/\/www.facebook.com\/innoticiasbolivia\" \/>\n<meta property=\"article:published_time\" content=\"2026-03-05T00:33:56+00:00\" \/>\n<meta property=\"article:modified_time\" content=\"2026-03-05T03:01:23+00:00\" \/>\n<meta property=\"og:image\" content=\"https:\/\/i0.wp.com\/innoticiasbo.com\/wp-content\/uploads\/2026\/03\/image-28.png?fit=770%2C430&ssl=1\" \/>\n\t<meta property=\"og:image:width\" content=\"770\" \/>\n\t<meta property=\"og:image:height\" content=\"430\" \/>\n\t<meta property=\"og:image:type\" content=\"image\/png\" \/>\n<meta name=\"author\" content=\"Prensa 11\" \/>\n<meta name=\"twitter:card\" content=\"summary_large_image\" \/>\n<meta name=\"twitter:creator\" content=\"@innoticiasbo\" \/>\n<meta name=\"twitter:site\" content=\"@innoticiasbo\" \/>\n<meta name=\"twitter:label1\" content=\"Escrito por\" \/>\n\t<meta name=\"twitter:data1\" content=\"Prensa 11\" \/>\n\t<meta name=\"twitter:label2\" content=\"Tiempo de lectura\" \/>\n\t<meta name=\"twitter:data2\" content=\"2 minutos\" \/>\n<script type=\"application\/ld+json\" class=\"yoast-schema-graph\">{\"@context\":\"https:\/\/schema.org\",\"@graph\":[{\"@type\":\"Article\",\"@id\":\"https:\/\/innoticiasbo.com\/index.php\/2026\/03\/04\/lara-se-reune-con-lupo-horas-despues-de-denunciar-que-se-queda-sin-personal-en-la-viceprecidencia\/#article\",\"isPartOf\":{\"@id\":\"https:\/\/innoticiasbo.com\/index.php\/2026\/03\/04\/lara-se-reune-con-lupo-horas-despues-de-denunciar-que-se-queda-sin-personal-en-la-viceprecidencia\/\"},\"author\":{\"name\":\"Prensa 11\",\"@id\":\"https:\/\/innoticiasbo.com\/#\/schema\/person\/0b28481e8d0316f83a13bc702311def5\"},\"headline\":\"LARA SE RE\u00daNE CON LUPO HORAS DESPU\u00c9S DE DENUNCIAR QUE SE QUEDA SIN PERSONAL EN LA VICEPRESIDENCIA\",\"datePublished\":\"2026-03-05T00:33:56+00:00\",\"dateModified\":\"2026-03-05T03:01:23+00:00\",\"mainEntityOfPage\":{\"@id\":\"https:\/\/innoticiasbo.com\/index.php\/2026\/03\/04\/lara-se-reune-con-lupo-horas-despues-de-denunciar-que-se-queda-sin-personal-en-la-viceprecidencia\/\"},\"wordCount\":279,\"commentCount\":0,\"publisher\":{\"@id\":\"https:\/\/innoticiasbo.com\/#organization\"},\"image\":{\"@id\":\"https:\/\/innoticiasbo.com\/index.php\/2026\/03\/04\/lara-se-reune-con-lupo-horas-despues-de-denunciar-que-se-queda-sin-personal-en-la-viceprecidencia\/#primaryimage\"},\"thumbnailUrl\":\"https:\/\/i0.wp.com\/innoticiasbo.com\/wp-content\/uploads\/2026\/03\/image-28.png?fit=770%2C430&ssl=1\",\"keywords\":[\"Bolivia\",\"Cap. Edman Lara\",\"Edman Lara\",\"Edmand Lara\",\"Pol\u00edtica\",\"pol\u00edtica Edmand Lara\",\"Vicepresidencia\"],\"articleSection\":[\"Bolivia\",\"Pol\u00edtica\"],\"inLanguage\":\"es\",\"potentialAction\":[{\"@type\":\"CommentAction\",\"name\":\"Comment\",\"target\":[\"https:\/\/innoticiasbo.com\/index.php\/2026\/03\/04\/lara-se-reune-con-lupo-horas-despues-de-denunciar-que-se-queda-sin-personal-en-la-viceprecidencia\/#respond\"]}]},{\"@type\":\"WebPage\",\"@id\":\"https:\/\/innoticiasbo.com\/index.php\/2026\/03\/04\/lara-se-reune-con-lupo-horas-despues-de-denunciar-que-se-queda-sin-personal-en-la-viceprecidencia\/\",\"url\":\"https:\/\/innoticiasbo.com\/index.php\/2026\/03\/04\/lara-se-reune-con-lupo-horas-despues-de-denunciar-que-se-queda-sin-personal-en-la-viceprecidencia\/\",\"name\":\"LARA SE RE\u00daNE CON LUPO HORAS DESPU\u00c9S DE DENUNCIAR QUE SE QUEDA SIN PERSONAL EN LA VICEPRESIDENCIA - innoticiasbo.com\",\"isPartOf\":{\"@id\":\"https:\/\/innoticiasbo.com\/#website\"},\"primaryImageOfPage\":{\"@id\":\"https:\/\/innoticiasbo.com\/index.php\/2026\/03\/04\/lara-se-reune-con-lupo-horas-despues-de-denunciar-que-se-queda-sin-personal-en-la-viceprecidencia\/#primaryimage\"},\"image\":{\"@id\":\"https:\/\/innoticiasbo.com\/index.php\/2026\/03\/04\/lara-se-reune-con-lupo-horas-despues-de-denunciar-que-se-queda-sin-personal-en-la-viceprecidencia\/#primaryimage\"},\"thumbnailUrl\":\"https:\/\/i0.wp.com\/innoticiasbo.com\/wp-content\/uploads\/2026\/03\/image-28.png?fit=770%2C430&ssl=1\",\"datePublished\":\"2026-03-05T00:33:56+00:00\",\"dateModified\":\"2026-03-05T03:01:23+00:00\",\"breadcrumb\":{\"@id\":\"https:\/\/innoticiasbo.com\/index.php\/2026\/03\/04\/lara-se-reune-con-lupo-horas-despues-de-denunciar-que-se-queda-sin-personal-en-la-viceprecidencia\/#breadcrumb\"},\"inLanguage\":\"es\",\"potentialAction\":[{\"@type\":\"ReadAction\",\"target\":[\"https:\/\/innoticiasbo.com\/index.php\/2026\/03\/04\/lara-se-reune-con-lupo-horas-despues-de-denunciar-que-se-queda-sin-personal-en-la-viceprecidencia\/\"]}]},{\"@type\":\"ImageObject\",\"inLanguage\":\"es\",\"@id\":\"https:\/\/innoticiasbo.com\/index.php\/2026\/03\/04\/lara-se-reune-con-lupo-horas-despues-de-denunciar-que-se-queda-sin-personal-en-la-viceprecidencia\/#primaryimage\",\"url\":\"https:\/\/i0.wp.com\/innoticiasbo.com\/wp-content\/uploads\/2026\/03\/image-28.png?fit=770%2C430&ssl=1\",\"contentUrl\":\"https:\/\/i0.wp.com\/innoticiasbo.com\/wp-content\/uploads\/2026\/03\/image-28.png?fit=770%2C430&ssl=1\",\"width\":770,\"height\":430},{\"@type\":\"BreadcrumbList\",\"@id\":\"https:\/\/innoticiasbo.com\/index.php\/2026\/03\/04\/lara-se-reune-con-lupo-horas-despues-de-denunciar-que-se-queda-sin-personal-en-la-viceprecidencia\/#breadcrumb\",\"itemListElement\":[{\"@type\":\"ListItem\",\"position\":1,\"name\":\"Portada\",\"item\":\"https:\/\/innoticiasbo.com\/\"},{\"@type\":\"ListItem\",\"position\":2,\"name\":\"LARA SE RE\u00daNE CON LUPO HORAS DESPU\u00c9S DE DENUNCIAR QUE SE QUEDA SIN PERSONAL EN LA VICEPRESIDENCIA\"}]},{\"@type\":\"WebSite\",\"@id\":\"https:\/\/innoticiasbo.com\/#website\",\"url\":\"https:\/\/innoticiasbo.com\/\",\"name\":\"innoticiasbo.com\",\"description\":\"\",\"publisher\":{\"@id\":\"https:\/\/innoticiasbo.com\/#organization\"},\"potentialAction\":[{\"@type\":\"SearchAction\",\"target\":{\"@type\":\"EntryPoint\",\"urlTemplate\":\"https:\/\/innoticiasbo.com\/?s={search_term_string}\"},\"query-input\":{\"@type\":\"PropertyValueSpecification\",\"valueRequired\":true,\"valueName\":\"search_term_string\"}}],\"inLanguage\":\"es\"},{\"@type\":\"Organization\",\"@id\":\"https:\/\/innoticiasbo.com\/#organization\",\"name\":\"innoticiasbo.com\",\"url\":\"https:\/\/innoticiasbo.com\/\",\"logo\":{\"@type\":\"ImageObject\",\"inLanguage\":\"es\",\"@id\":\"https:\/\/innoticiasbo.com\/#\/schema\/logo\/image\/\",\"url\":\"https:\/\/i0.wp.com\/innoticiasbo.com\/wp-content\/uploads\/2026\/04\/cropped-IN-LOGO.png?fit=1476%2C1476&ssl=1\",\"contentUrl\":\"https:\/\/i0.wp.com\/innoticiasbo.com\/wp-content\/uploads\/2026\/04\/cropped-IN-LOGO.png?fit=1476%2C1476&ssl=1\",\"width\":1476,\"height\":1476,\"caption\":\"innoticiasbo.com\"},\"image\":{\"@id\":\"https:\/\/innoticiasbo.com\/#\/schema\/logo\/image\/\"},\"sameAs\":[\"https:\/\/www.facebook.com\/innoticiasbolivia\",\"https:\/\/x.com\/innoticiasbo\",\"https:\/\/www.instagram.com\/innoticiasbo\",\"https:\/\/www.youtube.com\/innoticiasbo\"]},{\"@type\":\"Person\",\"@id\":\"https:\/\/innoticiasbo.com\/#\/schema\/person\/0b28481e8d0316f83a13bc702311def5\",\"name\":\"Prensa 11\",\"image\":{\"@type\":\"ImageObject\",\"inLanguage\":\"es\",\"@id\":\"https:\/\/innoticiasbo.com\/#\/schema\/person\/image\/\",\"url\":\"https:\/\/secure.gravatar.com\/avatar\/696560c17349f1807a610bf83832bad0?s=96&d=mm&r=g\",\"contentUrl\":\"https:\/\/secure.gravatar.com\/avatar\/696560c17349f1807a610bf83832bad0?s=96&d=mm&r=g\",\"caption\":\"Prensa 11\"},\"sameAs\":[\"http:\/\/www.innoticiasbo.com\"],\"url\":\"https:\/\/innoticiasbo.com\/index.php\/author\/prensa-11\/\"}]}<\/script>\n<!-- \/ Yoast SEO plugin. -->","yoast_head_json":{"title":"LARA SE RE\u00daNE CON LUPO HORAS DESPU\u00c9S DE DENUNCIAR QUE SE QUEDA SIN PERSONAL EN LA VICEPRESIDENCIA - innoticiasbo.com","robots":{"index":"index","follow":"follow","max-snippet":"max-snippet:-1","max-image-preview":"max-image-preview:large","max-video-preview":"max-video-preview:-1"},"canonical":"https:\/\/innoticiasbo.com\/index.php\/2026\/03\/04\/lara-se-reune-con-lupo-horas-despues-de-denunciar-que-se-queda-sin-personal-en-la-viceprecidencia\/","og_locale":"es_ES","og_type":"article","og_title":"LARA SE RE\u00daNE CON LUPO HORAS DESPU\u00c9S DE DENUNCIAR QUE SE QUEDA SIN PERSONAL EN LA VICEPRESIDENCIA - innoticiasbo.com","og_description":"La Paz, 4 de Marzo de 2026.- El ministro de la Presidencia, Jos\u00e9 Luis Lupo, se reuni\u00f3 este mi\u00e9rcoles con el vicepresidente Edmand Lara, horas despu\u00e9s de que el mandatario denunciara que se queda sin personal para realizar sus actividades. El encuentro tuvo lugar antes de mediod\u00eda en oficinas de la Vicepresidencia, ubicadas en la...","og_url":"https:\/\/innoticiasbo.com\/index.php\/2026\/03\/04\/lara-se-reune-con-lupo-horas-despues-de-denunciar-que-se-queda-sin-personal-en-la-viceprecidencia\/","og_site_name":"innoticiasbo.com","article_publisher":"https:\/\/www.facebook.com\/innoticiasbolivia","article_published_time":"2026-03-05T00:33:56+00:00","article_modified_time":"2026-03-05T03:01:23+00:00","og_image":[{"width":770,"height":430,"url":"https:\/\/i0.wp.com\/innoticiasbo.com\/wp-content\/uploads\/2026\/03\/image-28.png?fit=770%2C430&ssl=1","type":"image\/png"}],"author":"Prensa 11","twitter_card":"summary_large_image","twitter_creator":"@innoticiasbo","twitter_site":"@innoticiasbo","twitter_misc":{"Escrito por":"Prensa 11","Tiempo de lectura":"2 minutos"},"schema":{"@context":"https:\/\/schema.org","@graph":[{"@type":"Article","@id":"https:\/\/innoticiasbo.com\/index.php\/2026\/03\/04\/lara-se-reune-con-lupo-horas-despues-de-denunciar-que-se-queda-sin-personal-en-la-viceprecidencia\/#article","isPartOf":{"@id":"https:\/\/innoticiasbo.com\/index.php\/2026\/03\/04\/lara-se-reune-con-lupo-horas-despues-de-denunciar-que-se-queda-sin-personal-en-la-viceprecidencia\/"},"author":{"name":"Prensa 11","@id":"https:\/\/innoticiasbo.com\/#\/schema\/person\/0b28481e8d0316f83a13bc702311def5"},"headline":"LARA SE RE\u00daNE CON LUPO HORAS DESPU\u00c9S DE DENUNCIAR QUE SE QUEDA SIN PERSONAL EN LA VICEPRESIDENCIA","datePublished":"2026-03-05T00:33:56+00:00","dateModified":"2026-03-05T03:01:23+00:00","mainEntityOfPage":{"@id":"https:\/\/innoticiasbo.com\/index.php\/2026\/03\/04\/lara-se-reune-con-lupo-horas-despues-de-denunciar-que-se-queda-sin-personal-en-la-viceprecidencia\/"},"wordCount":279,"commentCount":0,"publisher":{"@id":"https:\/\/innoticiasbo.com\/#organization"},"image":{"@id":"https:\/\/innoticiasbo.com\/index.php\/2026\/03\/04\/lara-se-reune-con-lupo-horas-despues-de-denunciar-que-se-queda-sin-personal-en-la-viceprecidencia\/#primaryimage"},"thumbnailUrl":"https:\/\/i0.wp.com\/innoticiasbo.com\/wp-content\/uploads\/2026\/03\/image-28.png?fit=770%2C430&ssl=1","keywords":["Bolivia","Cap. Edman Lara","Edman Lara","Edmand Lara","Pol\u00edtica","pol\u00edtica Edmand Lara","Vicepresidencia"],"articleSection":["Bolivia","Pol\u00edtica"],"inLanguage":"es","potentialAction":[{"@type":"CommentAction","name":"Comment","target":["https:\/\/innoticiasbo.com\/index.php\/2026\/03\/04\/lara-se-reune-con-lupo-horas-despues-de-denunciar-que-se-queda-sin-personal-en-la-viceprecidencia\/#respond"]}]},{"@type":"WebPage","@id":"https:\/\/innoticiasbo.com\/index.php\/2026\/03\/04\/lara-se-reune-con-lupo-horas-despues-de-denunciar-que-se-queda-sin-personal-en-la-viceprecidencia\/","url":"https:\/\/innoticiasbo.com\/index.php\/2026\/03\/04\/lara-se-reune-con-lupo-horas-despues-de-denunciar-que-se-queda-sin-personal-en-la-viceprecidencia\/","name":"LARA SE RE\u00daNE CON LUPO HORAS DESPU\u00c9S DE DENUNCIAR QUE SE QUEDA SIN PERSONAL EN LA VICEPRESIDENCIA - innoticiasbo.com","isPartOf":{"@id":"https:\/\/innoticiasbo.com\/#website"},"primaryImageOfPage":{"@id":"https:\/\/innoticiasbo.com\/index.php\/2026\/03\/04\/lara-se-reune-con-lupo-horas-despues-de-denunciar-que-se-queda-sin-personal-en-la-viceprecidencia\/#primaryimage"},"image":{"@id":"https:\/\/innoticiasbo.com\/index.php\/2026\/03\/04\/lara-se-reune-con-lupo-horas-despues-de-denunciar-que-se-queda-sin-personal-en-la-viceprecidencia\/#primaryimage"},"thumbnailUrl":"https:\/\/i0.wp.com\/innoticiasbo.com\/wp-content\/uploads\/2026\/03\/image-28.png?fit=770%2C430&ssl=1","datePublished":"2026-03-05T00:33:56+00:00","dateModified":"2026-03-05T03:01:23+00:00","breadcrumb":{"@id":"https:\/\/innoticiasbo.com\/index.php\/2026\/03\/04\/lara-se-reune-con-lupo-horas-despues-de-denunciar-que-se-queda-sin-personal-en-la-viceprecidencia\/#breadcrumb"},"inLanguage":"es","potentialAction":[{"@type":"ReadAction","target":["https:\/\/innoticiasbo.com\/index.php\/2026\/03\/04\/lara-se-reune-con-lupo-horas-despues-de-denunciar-que-se-queda-sin-personal-en-la-viceprecidencia\/"]}]},{"@type":"ImageObject","inLanguage":"es","@id":"https:\/\/innoticiasbo.com\/index.php\/2026\/03\/04\/lara-se-reune-con-lupo-horas-despues-de-denunciar-que-se-queda-sin-personal-en-la-viceprecidencia\/#primaryimage","url":"https:\/\/i0.wp.com\/innoticiasbo.com\/wp-content\/uploads\/2026\/03\/image-28.png?fit=770%2C430&ssl=1","contentUrl":"https:\/\/i0.wp.com\/innoticiasbo.com\/wp-content\/uploads\/2026\/03\/image-28.png?fit=770%2C430&ssl=1","width":770,"height":430},{"@type":"BreadcrumbList","@id":"https:\/\/innoticiasbo.com\/index.php\/2026\/03\/04\/lara-se-reune-con-lupo-horas-despues-de-denunciar-que-se-queda-sin-personal-en-la-viceprecidencia\/#breadcrumb","itemListElement":[{"@type":"ListItem","position":1,"name":"Portada","item":"https:\/\/innoticiasbo.com\/"},{"@type":"ListItem","position":2,"name":"LARA SE RE\u00daNE CON LUPO HORAS DESPU\u00c9S DE DENUNCIAR QUE SE QUEDA SIN PERSONAL EN LA VICEPRESIDENCIA"}]},{"@type":"WebSite","@id":"https:\/\/innoticiasbo.com\/#website","url":"https:\/\/innoticiasbo.com\/","name":"innoticiasbo.com","description":"","publisher":{"@id":"https:\/\/innoticiasbo.com\/#organization"},"potentialAction":[{"@type":"SearchAction","target":{"@type":"EntryPoint","urlTemplate":"https:\/\/innoticiasbo.com\/?s={search_term_string}"},"query-input":{"@type":"PropertyValueSpecification","valueRequired":true,"valueName":"search_term_string"}}],"inLanguage":"es"},{"@type":"Organization","@id":"https:\/\/innoticiasbo.com\/#organization","name":"innoticiasbo.com","url":"https:\/\/innoticiasbo.com\/","logo":{"@type":"ImageObject","inLanguage":"es","@id":"https:\/\/innoticiasbo.com\/#\/schema\/logo\/image\/","url":"https:\/\/i0.wp.com\/innoticiasbo.com\/wp-content\/uploads\/2026\/04\/cropped-IN-LOGO.png?fit=1476%2C1476&ssl=1","contentUrl":"https:\/\/i0.wp.com\/innoticiasbo.com\/wp-content\/uploads\/2026\/04\/cropped-IN-LOGO.png?fit=1476%2C1476&ssl=1","width":1476,"height":1476,"caption":"innoticiasbo.com"},"image":{"@id":"https:\/\/innoticiasbo.com\/#\/schema\/logo\/image\/"},"sameAs":["https:\/\/www.facebook.com\/innoticiasbolivia","https:\/\/x.com\/innoticiasbo","https:\/\/www.instagram.com\/innoticiasbo","https:\/\/www.youtube.com\/innoticiasbo"]},{"@type":"Person","@id":"https:\/\/innoticiasbo.com\/#\/schema\/person\/0b28481e8d0316f83a13bc702311def5","name":"Prensa 11","image":{"@type":"ImageObject","inLanguage":"es","@id":"https:\/\/innoticiasbo.com\/#\/schema\/person\/image\/","url":"https:\/\/secure.gravatar.com\/avatar\/696560c17349f1807a610bf83832bad0?s=96&d=mm&r=g","contentUrl":"https:\/\/secure.gravatar.com\/avatar\/696560c17349f1807a610bf83832bad0?s=96&d=mm&r=g","caption":"Prensa 11"},"sameAs":["http:\/\/www.innoticiasbo.com"],"url":"https:\/\/innoticiasbo.com\/index.php\/author\/prensa-11\/"}]}},"jetpack_featured_media_url":"https:\/\/i0.wp.com\/innoticiasbo.com\/wp-content\/uploads\/2026\/03\/image-28.png?fit=770%2C430&ssl=1","jetpack_likes_enabled":true,"jetpack_sharing_enabled":true,"jetpack_shortlink":"https:\/\/wp.me\/pg298x-2mD","_links":{"self":[{"href":"https:\/\/innoticiasbo.com\/index.php\/wp-json\/wp\/v2\/posts\/9091","targetHints":{"allow":["GET"]}}],"collection":[{"href":"https:\/\/innoticiasbo.com\/index.php\/wp-json\/wp\/v2\/posts"}],"about":[{"href":"https:\/\/innoticiasbo.com\/index.php\/wp-json\/wp\/v2\/types\/post"}],"author":[{"embeddable":true,"href":"https:\/\/innoticiasbo.com\/index.php\/wp-json\/wp\/v2\/users\/11"}],"replies":[{"embeddable":true,"href":"https:\/\/innoticiasbo.com\/index.php\/wp-json\/wp\/v2\/comments?post=9091"}],"version-history":[{"count":3,"href":"https:\/\/innoticiasbo.com\/index.php\/wp-json\/wp\/v2\/posts\/9091\/revisions"}],"predecessor-version":[{"id":9117,"href":"https:\/\/innoticiasbo.com\/index.php\/wp-json\/wp\/v2\/posts\/9091\/revisions\/9117"}],"wp:featuredmedia":[{"embeddable":true,"href":"https:\/\/innoticiasbo.com\/index.php\/wp-json\/wp\/v2\/media\/9092"}],"wp:attachment":[{"href":"https:\/\/innoticiasbo.com\/index.php\/wp-json\/wp\/v2\/media?parent=9091"}],"wp:term":[{"taxonomy":"category","embeddable":true,"href":"https:\/\/innoticiasbo.com\/index.php\/wp-json\/wp\/v2\/categories?post=9091"},{"taxonomy":"post_tag","embeddable":true,"href":"https:\/\/innoticiasbo.com\/index.php\/wp-json\/wp\/v2\/tags?post=9091"}],"curies":[{"name":"wp","href":"https:\/\/api.w.org\/{rel}","templated":true}]}}