{"id":8594,"date":"2026-01-29T07:18:13","date_gmt":"2026-01-29T11:18:13","guid":{"rendered":"https:\/\/innoticiasbo.com\/?p=8594"},"modified":"2026-01-29T07:18:13","modified_gmt":"2026-01-29T11:18:13","slug":"brasil-intercepta-media-tonelada-de-cocaina-y-en-avioneta-que-salio-de-bolivia","status":"publish","type":"post","link":"https:\/\/innoticiasbo.com\/index.php\/2026\/01\/29\/brasil-intercepta-media-tonelada-de-cocaina-y-en-avioneta-que-salio-de-bolivia\/","title":{"rendered":"BRASIL INTERCEPTA MEDIA TONELADA DE COCAINA Y EN AVIONETA QUE SALI\u00d3 DE BOLIVIA"},"content":{"rendered":"\n<p class=\"p1\">La Fuerza A\u00e9rea a Brasil (FAB) hall\u00f3 501, 76 kilos de coca\u00edna&nbsp; tras interceptar una avioneta que habr\u00eda ingresado a Brasil desde Bolivia y aterriz\u00f3 de emergencia en una pista clandestina en la regi\u00f3n de Mau\u00e9s, en el estado de Amazonas, a unos 300 kil\u00f3metros de Manaus, el martes en la madrugada.<\/p>\n\n\n\n<p class=\"p1\">De acuerdo con el informe oficial, la intervenci\u00f3n se activ\u00f3 luego de que los sistemas de vigilancia detectaran, la madrugada del 27 de enero, una aeronave Cessna 210 que ingres\u00f3 al espacio a\u00e9reo brasile\u00f1o desde Bolivia, sin plan de vuelo.&nbsp;<\/p>\n\n\n\n<p class=\"p1\">La informaci\u00f3n fue compartida de inmediato con unidades de inteligencia y fuerzas de seguridad en tierra que desplegaron varias unidades para encontrar la nave y el cargamento oculto en una zona boscosa.<\/p>\n\n\n\n<p class=\"p1\">La acci\u00f3n cont\u00f3 con la participaci\u00f3n de FICCO, Gefron, Ciopaer, la Polic\u00eda Militar del Amazonas, el Comando de Operaciones Especiales y la FAB, en una coordinaci\u00f3n que, seg\u00fan las autoridades, fue clave para el \u00e9xito del procedimiento.<\/p>\n\n\n\n<p class=\"p1\">Ante la detecci\u00f3n del vuelo irregular, el Comando de Operaciones Aeroespaciales (COMAE) activ\u00f3 las Medidas de Control del Espacio A\u00e9reo y despleg\u00f3 un helic\u00f3ptero H-60 Black Hawk para apoyar la intercepci\u00f3n terrestre.<\/p>\n\n\n\n<p class=\"p1\">La droga incautada fue trasladada por la FAB para su destrucci\u00f3n, mientras que la aeronave qued\u00f3 en manos de equipos especializados en tierra.<\/p>\n\n\n\n<p class=\"p1\">Desde Brasil se\u00f1alaron que el operativo forma parte de las acciones contra el narcotr\u00e1fico a\u00e9reo en la Amazon\u00eda.<\/p>\n\n\n\n<p><\/p>\n","protected":false},"excerpt":{"rendered":"<p>La Fuerza A\u00e9rea a Brasil (FAB) hall\u00f3 501, 76 kilos de coca\u00edna&nbsp; tras interceptar una avioneta que habr\u00eda ingresado a Brasil desde Bolivia y aterriz\u00f3 de emergencia en una pista clandestina en la regi\u00f3n de Mau\u00e9s, en el estado de Amazonas, a unos 300 kil\u00f3metros de Manaus, el martes en la madrugada. De acuerdo con&#8230;<\/p>\n","protected":false},"author":6,"featured_media":8593,"comment_status":"closed","ping_status":"open","sticky":false,"template":"","format":"standard","meta":{"_jetpack_memberships_contains_paid_content":false,"footnotes":"","jetpack_publicize_message":"BRASIL INTERCEPTA MEDIA TONELADA DE COCAINA Y EN AVIONETA QUE SALI\u00d3 DE BOLIVIA","jetpack_publicize_feature_enabled":true,"jetpack_social_post_already_shared":true,"jetpack_social_options":{"image_generator_settings":{"template":"highway","enabled":false},"version":2}},"categories":[1],"tags":[],"class_list":["post-8594","post","type-post","status-publish","format-standard","has-post-thumbnail","hentry","category-bolivia"],"jetpack_publicize_connections":[],"yoast_head":"<!-- This site is optimized with the Yoast SEO plugin v23.4 - https:\/\/yoast.com\/wordpress\/plugins\/seo\/ -->\n<title>BRASIL INTERCEPTA MEDIA TONELADA DE COCAINA Y EN AVIONETA QUE SALI\u00d3 DE BOLIVIA - innoticiasbo.com<\/title>\n<meta name=\"robots\" content=\"index, follow, max-snippet:-1, max-image-preview:large, max-video-preview:-1\" \/>\n<link rel=\"canonical\" href=\"https:\/\/innoticiasbo.com\/index.php\/2026\/01\/29\/brasil-intercepta-media-tonelada-de-cocaina-y-en-avioneta-que-salio-de-bolivia\/\" \/>\n<meta property=\"og:locale\" content=\"es_ES\" \/>\n<meta property=\"og:type\" content=\"article\" \/>\n<meta property=\"og:title\" content=\"BRASIL INTERCEPTA MEDIA TONELADA DE COCAINA Y EN AVIONETA QUE SALI\u00d3 DE BOLIVIA - innoticiasbo.com\" \/>\n<meta property=\"og:description\" content=\"La Fuerza A\u00e9rea a Brasil (FAB) hall\u00f3 501, 76 kilos de coca\u00edna&nbsp; tras interceptar una avioneta que habr\u00eda ingresado a Brasil desde Bolivia y aterriz\u00f3 de emergencia en una pista clandestina en la regi\u00f3n de Mau\u00e9s, en el estado de Amazonas, a unos 300 kil\u00f3metros de Manaus, el martes en la madrugada. De acuerdo con...\" \/>\n<meta property=\"og:url\" content=\"https:\/\/innoticiasbo.com\/index.php\/2026\/01\/29\/brasil-intercepta-media-tonelada-de-cocaina-y-en-avioneta-que-salio-de-bolivia\/\" \/>\n<meta property=\"og:site_name\" content=\"innoticiasbo.com\" \/>\n<meta property=\"article:publisher\" content=\"https:\/\/www.facebook.com\/innoticiasbolivia\" \/>\n<meta property=\"article:published_time\" content=\"2026-01-29T11:18:13+00:00\" \/>\n<meta property=\"og:image\" content=\"https:\/\/i0.wp.com\/innoticiasbo.com\/wp-content\/uploads\/2026\/01\/img_7995.jpg?fit=1200%2C675&ssl=1\" \/>\n\t<meta property=\"og:image:width\" content=\"1200\" \/>\n\t<meta property=\"og:image:height\" content=\"675\" \/>\n\t<meta property=\"og:image:type\" content=\"image\/jpeg\" \/>\n<meta name=\"author\" content=\"Eliza Riva\" \/>\n<meta name=\"twitter:card\" content=\"summary_large_image\" \/>\n<meta name=\"twitter:creator\" content=\"@innoticiasbo\" \/>\n<meta name=\"twitter:site\" content=\"@innoticiasbo\" \/>\n<meta name=\"twitter:label1\" content=\"Escrito por\" \/>\n\t<meta name=\"twitter:data1\" content=\"Eliza Riva\" \/>\n\t<meta name=\"twitter:label2\" content=\"Tiempo de lectura\" \/>\n\t<meta name=\"twitter:data2\" content=\"1 minuto\" \/>\n<script type=\"application\/ld+json\" class=\"yoast-schema-graph\">{\"@context\":\"https:\/\/schema.org\",\"@graph\":[{\"@type\":\"Article\",\"@id\":\"https:\/\/innoticiasbo.com\/index.php\/2026\/01\/29\/brasil-intercepta-media-tonelada-de-cocaina-y-en-avioneta-que-salio-de-bolivia\/#article\",\"isPartOf\":{\"@id\":\"https:\/\/innoticiasbo.com\/index.php\/2026\/01\/29\/brasil-intercepta-media-tonelada-de-cocaina-y-en-avioneta-que-salio-de-bolivia\/\"},\"author\":{\"name\":\"Eliza Riva\",\"@id\":\"https:\/\/innoticiasbo.com\/#\/schema\/person\/8c935b6b11c0223d8f77dc01fc948202\"},\"headline\":\"BRASIL INTERCEPTA MEDIA TONELADA DE COCAINA Y EN AVIONETA QUE SALI\u00d3 DE BOLIVIA\",\"datePublished\":\"2026-01-29T11:18:13+00:00\",\"dateModified\":\"2026-01-29T11:18:13+00:00\",\"mainEntityOfPage\":{\"@id\":\"https:\/\/innoticiasbo.com\/index.php\/2026\/01\/29\/brasil-intercepta-media-tonelada-de-cocaina-y-en-avioneta-que-salio-de-bolivia\/\"},\"wordCount\":268,\"publisher\":{\"@id\":\"https:\/\/innoticiasbo.com\/#organization\"},\"image\":{\"@id\":\"https:\/\/innoticiasbo.com\/index.php\/2026\/01\/29\/brasil-intercepta-media-tonelada-de-cocaina-y-en-avioneta-que-salio-de-bolivia\/#primaryimage\"},\"thumbnailUrl\":\"https:\/\/i0.wp.com\/innoticiasbo.com\/wp-content\/uploads\/2026\/01\/img_7995.jpg?fit=1200%2C675&ssl=1\",\"articleSection\":[\"Bolivia\"],\"inLanguage\":\"es\"},{\"@type\":\"WebPage\",\"@id\":\"https:\/\/innoticiasbo.com\/index.php\/2026\/01\/29\/brasil-intercepta-media-tonelada-de-cocaina-y-en-avioneta-que-salio-de-bolivia\/\",\"url\":\"https:\/\/innoticiasbo.com\/index.php\/2026\/01\/29\/brasil-intercepta-media-tonelada-de-cocaina-y-en-avioneta-que-salio-de-bolivia\/\",\"name\":\"BRASIL INTERCEPTA MEDIA TONELADA DE COCAINA Y EN AVIONETA QUE SALI\u00d3 DE BOLIVIA - innoticiasbo.com\",\"isPartOf\":{\"@id\":\"https:\/\/innoticiasbo.com\/#website\"},\"primaryImageOfPage\":{\"@id\":\"https:\/\/innoticiasbo.com\/index.php\/2026\/01\/29\/brasil-intercepta-media-tonelada-de-cocaina-y-en-avioneta-que-salio-de-bolivia\/#primaryimage\"},\"image\":{\"@id\":\"https:\/\/innoticiasbo.com\/index.php\/2026\/01\/29\/brasil-intercepta-media-tonelada-de-cocaina-y-en-avioneta-que-salio-de-bolivia\/#primaryimage\"},\"thumbnailUrl\":\"https:\/\/i0.wp.com\/innoticiasbo.com\/wp-content\/uploads\/2026\/01\/img_7995.jpg?fit=1200%2C675&ssl=1\",\"datePublished\":\"2026-01-29T11:18:13+00:00\",\"dateModified\":\"2026-01-29T11:18:13+00:00\",\"breadcrumb\":{\"@id\":\"https:\/\/innoticiasbo.com\/index.php\/2026\/01\/29\/brasil-intercepta-media-tonelada-de-cocaina-y-en-avioneta-que-salio-de-bolivia\/#breadcrumb\"},\"inLanguage\":\"es\",\"potentialAction\":[{\"@type\":\"ReadAction\",\"target\":[\"https:\/\/innoticiasbo.com\/index.php\/2026\/01\/29\/brasil-intercepta-media-tonelada-de-cocaina-y-en-avioneta-que-salio-de-bolivia\/\"]}]},{\"@type\":\"ImageObject\",\"inLanguage\":\"es\",\"@id\":\"https:\/\/innoticiasbo.com\/index.php\/2026\/01\/29\/brasil-intercepta-media-tonelada-de-cocaina-y-en-avioneta-que-salio-de-bolivia\/#primaryimage\",\"url\":\"https:\/\/i0.wp.com\/innoticiasbo.com\/wp-content\/uploads\/2026\/01\/img_7995.jpg?fit=1200%2C675&ssl=1\",\"contentUrl\":\"https:\/\/i0.wp.com\/innoticiasbo.com\/wp-content\/uploads\/2026\/01\/img_7995.jpg?fit=1200%2C675&ssl=1\",\"width\":1200,\"height\":675},{\"@type\":\"BreadcrumbList\",\"@id\":\"https:\/\/innoticiasbo.com\/index.php\/2026\/01\/29\/brasil-intercepta-media-tonelada-de-cocaina-y-en-avioneta-que-salio-de-bolivia\/#breadcrumb\",\"itemListElement\":[{\"@type\":\"ListItem\",\"position\":1,\"name\":\"Portada\",\"item\":\"https:\/\/innoticiasbo.com\/\"},{\"@type\":\"ListItem\",\"position\":2,\"name\":\"BRASIL INTERCEPTA MEDIA TONELADA DE COCAINA Y EN AVIONETA QUE SALI\u00d3 DE BOLIVIA\"}]},{\"@type\":\"WebSite\",\"@id\":\"https:\/\/innoticiasbo.com\/#website\",\"url\":\"https:\/\/innoticiasbo.com\/\",\"name\":\"innoticiasbo.com\",\"description\":\"\",\"publisher\":{\"@id\":\"https:\/\/innoticiasbo.com\/#organization\"},\"potentialAction\":[{\"@type\":\"SearchAction\",\"target\":{\"@type\":\"EntryPoint\",\"urlTemplate\":\"https:\/\/innoticiasbo.com\/?s={search_term_string}\"},\"query-input\":{\"@type\":\"PropertyValueSpecification\",\"valueRequired\":true,\"valueName\":\"search_term_string\"}}],\"inLanguage\":\"es\"},{\"@type\":\"Organization\",\"@id\":\"https:\/\/innoticiasbo.com\/#organization\",\"name\":\"innoticiasbo.com\",\"url\":\"https:\/\/innoticiasbo.com\/\",\"logo\":{\"@type\":\"ImageObject\",\"inLanguage\":\"es\",\"@id\":\"https:\/\/innoticiasbo.com\/#\/schema\/logo\/image\/\",\"url\":\"https:\/\/i0.wp.com\/innoticiasbo.com\/wp-content\/uploads\/2026\/04\/cropped-IN-LOGO.png?fit=1476%2C1476&ssl=1\",\"contentUrl\":\"https:\/\/i0.wp.com\/innoticiasbo.com\/wp-content\/uploads\/2026\/04\/cropped-IN-LOGO.png?fit=1476%2C1476&ssl=1\",\"width\":1476,\"height\":1476,\"caption\":\"innoticiasbo.com\"},\"image\":{\"@id\":\"https:\/\/innoticiasbo.com\/#\/schema\/logo\/image\/\"},\"sameAs\":[\"https:\/\/www.facebook.com\/innoticiasbolivia\",\"https:\/\/x.com\/innoticiasbo\",\"https:\/\/www.instagram.com\/innoticiasbo\",\"https:\/\/www.youtube.com\/innoticiasbo\"]},{\"@type\":\"Person\",\"@id\":\"https:\/\/innoticiasbo.com\/#\/schema\/person\/8c935b6b11c0223d8f77dc01fc948202\",\"name\":\"Eliza Riva\",\"image\":{\"@type\":\"ImageObject\",\"inLanguage\":\"es\",\"@id\":\"https:\/\/innoticiasbo.com\/#\/schema\/person\/image\/\",\"url\":\"https:\/\/secure.gravatar.com\/avatar\/fdc172c2af344133d19e57e4b7acdee4?s=96&d=mm&r=g\",\"contentUrl\":\"https:\/\/secure.gravatar.com\/avatar\/fdc172c2af344133d19e57e4b7acdee4?s=96&d=mm&r=g\",\"caption\":\"Eliza Riva\"},\"sameAs\":[\"http:\/\/www.innoticiasbo.com\"],\"url\":\"https:\/\/innoticiasbo.com\/index.php\/author\/prensa-4\/\"}]}<\/script>\n<!-- \/ Yoast SEO plugin. -->","yoast_head_json":{"title":"BRASIL INTERCEPTA MEDIA TONELADA DE COCAINA Y EN AVIONETA QUE SALI\u00d3 DE BOLIVIA - innoticiasbo.com","robots":{"index":"index","follow":"follow","max-snippet":"max-snippet:-1","max-image-preview":"max-image-preview:large","max-video-preview":"max-video-preview:-1"},"canonical":"https:\/\/innoticiasbo.com\/index.php\/2026\/01\/29\/brasil-intercepta-media-tonelada-de-cocaina-y-en-avioneta-que-salio-de-bolivia\/","og_locale":"es_ES","og_type":"article","og_title":"BRASIL INTERCEPTA MEDIA TONELADA DE COCAINA Y EN AVIONETA QUE SALI\u00d3 DE BOLIVIA - innoticiasbo.com","og_description":"La Fuerza A\u00e9rea a Brasil (FAB) hall\u00f3 501, 76 kilos de coca\u00edna&nbsp; tras interceptar una avioneta que habr\u00eda ingresado a Brasil desde Bolivia y aterriz\u00f3 de emergencia en una pista clandestina en la regi\u00f3n de Mau\u00e9s, en el estado de Amazonas, a unos 300 kil\u00f3metros de Manaus, el martes en la madrugada. De acuerdo con...","og_url":"https:\/\/innoticiasbo.com\/index.php\/2026\/01\/29\/brasil-intercepta-media-tonelada-de-cocaina-y-en-avioneta-que-salio-de-bolivia\/","og_site_name":"innoticiasbo.com","article_publisher":"https:\/\/www.facebook.com\/innoticiasbolivia","article_published_time":"2026-01-29T11:18:13+00:00","og_image":[{"width":1200,"height":675,"url":"https:\/\/i0.wp.com\/innoticiasbo.com\/wp-content\/uploads\/2026\/01\/img_7995.jpg?fit=1200%2C675&ssl=1","type":"image\/jpeg"}],"author":"Eliza Riva","twitter_card":"summary_large_image","twitter_creator":"@innoticiasbo","twitter_site":"@innoticiasbo","twitter_misc":{"Escrito por":"Eliza Riva","Tiempo de lectura":"1 minuto"},"schema":{"@context":"https:\/\/schema.org","@graph":[{"@type":"Article","@id":"https:\/\/innoticiasbo.com\/index.php\/2026\/01\/29\/brasil-intercepta-media-tonelada-de-cocaina-y-en-avioneta-que-salio-de-bolivia\/#article","isPartOf":{"@id":"https:\/\/innoticiasbo.com\/index.php\/2026\/01\/29\/brasil-intercepta-media-tonelada-de-cocaina-y-en-avioneta-que-salio-de-bolivia\/"},"author":{"name":"Eliza Riva","@id":"https:\/\/innoticiasbo.com\/#\/schema\/person\/8c935b6b11c0223d8f77dc01fc948202"},"headline":"BRASIL INTERCEPTA MEDIA TONELADA DE COCAINA Y EN AVIONETA QUE SALI\u00d3 DE BOLIVIA","datePublished":"2026-01-29T11:18:13+00:00","dateModified":"2026-01-29T11:18:13+00:00","mainEntityOfPage":{"@id":"https:\/\/innoticiasbo.com\/index.php\/2026\/01\/29\/brasil-intercepta-media-tonelada-de-cocaina-y-en-avioneta-que-salio-de-bolivia\/"},"wordCount":268,"publisher":{"@id":"https:\/\/innoticiasbo.com\/#organization"},"image":{"@id":"https:\/\/innoticiasbo.com\/index.php\/2026\/01\/29\/brasil-intercepta-media-tonelada-de-cocaina-y-en-avioneta-que-salio-de-bolivia\/#primaryimage"},"thumbnailUrl":"https:\/\/i0.wp.com\/innoticiasbo.com\/wp-content\/uploads\/2026\/01\/img_7995.jpg?fit=1200%2C675&ssl=1","articleSection":["Bolivia"],"inLanguage":"es"},{"@type":"WebPage","@id":"https:\/\/innoticiasbo.com\/index.php\/2026\/01\/29\/brasil-intercepta-media-tonelada-de-cocaina-y-en-avioneta-que-salio-de-bolivia\/","url":"https:\/\/innoticiasbo.com\/index.php\/2026\/01\/29\/brasil-intercepta-media-tonelada-de-cocaina-y-en-avioneta-que-salio-de-bolivia\/","name":"BRASIL INTERCEPTA MEDIA TONELADA DE COCAINA Y EN AVIONETA QUE SALI\u00d3 DE BOLIVIA - innoticiasbo.com","isPartOf":{"@id":"https:\/\/innoticiasbo.com\/#website"},"primaryImageOfPage":{"@id":"https:\/\/innoticiasbo.com\/index.php\/2026\/01\/29\/brasil-intercepta-media-tonelada-de-cocaina-y-en-avioneta-que-salio-de-bolivia\/#primaryimage"},"image":{"@id":"https:\/\/innoticiasbo.com\/index.php\/2026\/01\/29\/brasil-intercepta-media-tonelada-de-cocaina-y-en-avioneta-que-salio-de-bolivia\/#primaryimage"},"thumbnailUrl":"https:\/\/i0.wp.com\/innoticiasbo.com\/wp-content\/uploads\/2026\/01\/img_7995.jpg?fit=1200%2C675&ssl=1","datePublished":"2026-01-29T11:18:13+00:00","dateModified":"2026-01-29T11:18:13+00:00","breadcrumb":{"@id":"https:\/\/innoticiasbo.com\/index.php\/2026\/01\/29\/brasil-intercepta-media-tonelada-de-cocaina-y-en-avioneta-que-salio-de-bolivia\/#breadcrumb"},"inLanguage":"es","potentialAction":[{"@type":"ReadAction","target":["https:\/\/innoticiasbo.com\/index.php\/2026\/01\/29\/brasil-intercepta-media-tonelada-de-cocaina-y-en-avioneta-que-salio-de-bolivia\/"]}]},{"@type":"ImageObject","inLanguage":"es","@id":"https:\/\/innoticiasbo.com\/index.php\/2026\/01\/29\/brasil-intercepta-media-tonelada-de-cocaina-y-en-avioneta-que-salio-de-bolivia\/#primaryimage","url":"https:\/\/i0.wp.com\/innoticiasbo.com\/wp-content\/uploads\/2026\/01\/img_7995.jpg?fit=1200%2C675&ssl=1","contentUrl":"https:\/\/i0.wp.com\/innoticiasbo.com\/wp-content\/uploads\/2026\/01\/img_7995.jpg?fit=1200%2C675&ssl=1","width":1200,"height":675},{"@type":"BreadcrumbList","@id":"https:\/\/innoticiasbo.com\/index.php\/2026\/01\/29\/brasil-intercepta-media-tonelada-de-cocaina-y-en-avioneta-que-salio-de-bolivia\/#breadcrumb","itemListElement":[{"@type":"ListItem","position":1,"name":"Portada","item":"https:\/\/innoticiasbo.com\/"},{"@type":"ListItem","position":2,"name":"BRASIL INTERCEPTA MEDIA TONELADA DE COCAINA Y EN AVIONETA QUE SALI\u00d3 DE BOLIVIA"}]},{"@type":"WebSite","@id":"https:\/\/innoticiasbo.com\/#website","url":"https:\/\/innoticiasbo.com\/","name":"innoticiasbo.com","description":"","publisher":{"@id":"https:\/\/innoticiasbo.com\/#organization"},"potentialAction":[{"@type":"SearchAction","target":{"@type":"EntryPoint","urlTemplate":"https:\/\/innoticiasbo.com\/?s={search_term_string}"},"query-input":{"@type":"PropertyValueSpecification","valueRequired":true,"valueName":"search_term_string"}}],"inLanguage":"es"},{"@type":"Organization","@id":"https:\/\/innoticiasbo.com\/#organization","name":"innoticiasbo.com","url":"https:\/\/innoticiasbo.com\/","logo":{"@type":"ImageObject","inLanguage":"es","@id":"https:\/\/innoticiasbo.com\/#\/schema\/logo\/image\/","url":"https:\/\/i0.wp.com\/innoticiasbo.com\/wp-content\/uploads\/2026\/04\/cropped-IN-LOGO.png?fit=1476%2C1476&ssl=1","contentUrl":"https:\/\/i0.wp.com\/innoticiasbo.com\/wp-content\/uploads\/2026\/04\/cropped-IN-LOGO.png?fit=1476%2C1476&ssl=1","width":1476,"height":1476,"caption":"innoticiasbo.com"},"image":{"@id":"https:\/\/innoticiasbo.com\/#\/schema\/logo\/image\/"},"sameAs":["https:\/\/www.facebook.com\/innoticiasbolivia","https:\/\/x.com\/innoticiasbo","https:\/\/www.instagram.com\/innoticiasbo","https:\/\/www.youtube.com\/innoticiasbo"]},{"@type":"Person","@id":"https:\/\/innoticiasbo.com\/#\/schema\/person\/8c935b6b11c0223d8f77dc01fc948202","name":"Eliza Riva","image":{"@type":"ImageObject","inLanguage":"es","@id":"https:\/\/innoticiasbo.com\/#\/schema\/person\/image\/","url":"https:\/\/secure.gravatar.com\/avatar\/fdc172c2af344133d19e57e4b7acdee4?s=96&d=mm&r=g","contentUrl":"https:\/\/secure.gravatar.com\/avatar\/fdc172c2af344133d19e57e4b7acdee4?s=96&d=mm&r=g","caption":"Eliza Riva"},"sameAs":["http:\/\/www.innoticiasbo.com"],"url":"https:\/\/innoticiasbo.com\/index.php\/author\/prensa-4\/"}]}},"jetpack_featured_media_url":"https:\/\/i0.wp.com\/innoticiasbo.com\/wp-content\/uploads\/2026\/01\/img_7995.jpg?fit=1200%2C675&ssl=1","jetpack_likes_enabled":true,"jetpack_sharing_enabled":true,"jetpack_shortlink":"https:\/\/wp.me\/pg298x-2eC","_links":{"self":[{"href":"https:\/\/innoticiasbo.com\/index.php\/wp-json\/wp\/v2\/posts\/8594","targetHints":{"allow":["GET"]}}],"collection":[{"href":"https:\/\/innoticiasbo.com\/index.php\/wp-json\/wp\/v2\/posts"}],"about":[{"href":"https:\/\/innoticiasbo.com\/index.php\/wp-json\/wp\/v2\/types\/post"}],"author":[{"embeddable":true,"href":"https:\/\/innoticiasbo.com\/index.php\/wp-json\/wp\/v2\/users\/6"}],"replies":[{"embeddable":true,"href":"https:\/\/innoticiasbo.com\/index.php\/wp-json\/wp\/v2\/comments?post=8594"}],"version-history":[{"count":1,"href":"https:\/\/innoticiasbo.com\/index.php\/wp-json\/wp\/v2\/posts\/8594\/revisions"}],"predecessor-version":[{"id":8595,"href":"https:\/\/innoticiasbo.com\/index.php\/wp-json\/wp\/v2\/posts\/8594\/revisions\/8595"}],"wp:featuredmedia":[{"embeddable":true,"href":"https:\/\/innoticiasbo.com\/index.php\/wp-json\/wp\/v2\/media\/8593"}],"wp:attachment":[{"href":"https:\/\/innoticiasbo.com\/index.php\/wp-json\/wp\/v2\/media?parent=8594"}],"wp:term":[{"taxonomy":"category","embeddable":true,"href":"https:\/\/innoticiasbo.com\/index.php\/wp-json\/wp\/v2\/categories?post=8594"},{"taxonomy":"post_tag","embeddable":true,"href":"https:\/\/innoticiasbo.com\/index.php\/wp-json\/wp\/v2\/tags?post=8594"}],"curies":[{"name":"wp","href":"https:\/\/api.w.org\/{rel}","templated":true}]}}