{"id":8588,"date":"2026-01-27T19:15:14","date_gmt":"2026-01-27T23:15:14","guid":{"rendered":"https:\/\/innoticiasbo.com\/?p=8588"},"modified":"2026-01-27T19:15:48","modified_gmt":"2026-01-27T23:15:48","slug":"cochabamba-20-anos-de-carcel-para-sujeto-que-violo-a-una-adolescente-en-reiteradas-oportunidades","status":"publish","type":"post","link":"https:\/\/innoticiasbo.com\/index.php\/2026\/01\/27\/cochabamba-20-anos-de-carcel-para-sujeto-que-violo-a-una-adolescente-en-reiteradas-oportunidades\/","title":{"rendered":"COCHABAMBA: 20 A\u00d1OS DE C\u00c1RCEL PARA SUJETO QUE VIOL\u00d3 A UNA ADOLESCENTE EN REITERADAS OPORTUNIDADES"},"content":{"rendered":"<p>Cochabamba, 27 de enero de 2026.- El Fiscal Departamental de Cochabamba, Osvaldo Tejerina R\u00edos, inform\u00f3 que, en audiencia de juicio oral, el Ministerio P\u00fablico logr\u00f3 demostrar que V\u00edctor C. L., de 22 a\u00f1os de edad, es autor de delito de Violaci\u00f3n de Infante, Ni\u00f1a, Ni\u00f1o o Adolescente cometido en la gesti\u00f3n 2024, en contra de una adolescente de 14 a\u00f1os de edad, en el municipio de Capinota, hecho que se habr\u00eda registrado en diferentes oportunidades, por ello, el Tribunal de Sentencia Penal Anticorrupci\u00f3n y Contra la Violencia hacia las Mujeres N\u00b0 1 de Quillacollo , dict\u00f3 20 a\u00f1os de prisi\u00f3n a cumplir en la c\u00e1rcel de El Abra.<\/p>\n<p><img data-recalc-dims=\"1\" loading=\"lazy\" decoding=\"async\" src=\"https:\/\/i0.wp.com\/innoticiasbo.com\/wp-content\/uploads\/2026\/01\/img-20260127-wa01992942076978545973338.jpg?resize=640%2C426&#038;ssl=1\" class=\"wp-image-8585 alignnone size-full\" width=\"640\" height=\"426\" srcset=\"https:\/\/i0.wp.com\/innoticiasbo.com\/wp-content\/uploads\/2026\/01\/img-20260127-wa01992942076978545973338.jpg?w=1600&amp;ssl=1 1600w, https:\/\/i0.wp.com\/innoticiasbo.com\/wp-content\/uploads\/2026\/01\/img-20260127-wa01992942076978545973338.jpg?resize=300%2C200&amp;ssl=1 300w, https:\/\/i0.wp.com\/innoticiasbo.com\/wp-content\/uploads\/2026\/01\/img-20260127-wa01992942076978545973338.jpg?resize=1024%2C682&amp;ssl=1 1024w, https:\/\/i0.wp.com\/innoticiasbo.com\/wp-content\/uploads\/2026\/01\/img-20260127-wa01992942076978545973338.jpg?resize=768%2C512&amp;ssl=1 768w, https:\/\/i0.wp.com\/innoticiasbo.com\/wp-content\/uploads\/2026\/01\/img-20260127-wa01992942076978545973338.jpg?resize=1536%2C1023&amp;ssl=1 1536w, https:\/\/i0.wp.com\/innoticiasbo.com\/wp-content\/uploads\/2026\/01\/img-20260127-wa01992942076978545973338.jpg?resize=600%2C400&amp;ssl=1 600w, https:\/\/i0.wp.com\/innoticiasbo.com\/wp-content\/uploads\/2026\/01\/img-20260127-wa01992942076978545973338.jpg?w=1280&amp;ssl=1 1280w\" sizes=\"auto, (max-width: 640px) 100vw, 640px\" \/><\/p>\n<p>\u201cDurante el desarrollo del juicio oral, el Ministerio P\u00fablico, acredit\u00f3 la prueba anticipada de la C\u00e1mara Gesell, informe de la valoraci\u00f3n psicol\u00f3gica y social de la menor de edad, que sufri\u00f3 la agresi\u00f3n sexual, como otros elementos probatorios que permitieron sustentar la autor\u00eda y participaci\u00f3n del acusado, por lo que fue sentenciado a 20 a\u00f1os de privaci\u00f3n de libertad\u201d, se\u00f1al\u00f3 Tejerina.<\/p>\n<p><img data-recalc-dims=\"1\" loading=\"lazy\" decoding=\"async\" src=\"https:\/\/i0.wp.com\/innoticiasbo.com\/wp-content\/uploads\/2026\/01\/img-20260127-wa01988190174780099522721.jpg?resize=640%2C411&#038;ssl=1\" class=\"wp-image-8586 alignnone size-full\" width=\"640\" height=\"411\" srcset=\"https:\/\/i0.wp.com\/innoticiasbo.com\/wp-content\/uploads\/2026\/01\/img-20260127-wa01988190174780099522721.jpg?w=700&amp;ssl=1 700w, https:\/\/i0.wp.com\/innoticiasbo.com\/wp-content\/uploads\/2026\/01\/img-20260127-wa01988190174780099522721.jpg?resize=300%2C193&amp;ssl=1 300w, https:\/\/i0.wp.com\/innoticiasbo.com\/wp-content\/uploads\/2026\/01\/img-20260127-wa01988190174780099522721.jpg?resize=150%2C95&amp;ssl=1 150w\" sizes=\"auto, (max-width: 640px) 100vw, 640px\" \/><\/p>\n<p>Por su parte, la Fiscal Jair Merida Murillo, inform\u00f3 que, de acuerdo a los antecedentes, el hecho ocurri\u00f3 en el inmueble del agresor en septiembre de 2024, seg\u00fan el testimonio de la v\u00edctima, el agresor incluso la habr\u00eda obligado a sostener relaciones sexuales con otro hombre, vej\u00e1menes que habr\u00edan sido grabados en un tel\u00e9fono m\u00f3vil.<\/p>\n","protected":false},"excerpt":{"rendered":"<p>Cochabamba, 27 de enero de 2026.- El Fiscal Departamental de Cochabamba, Osvaldo Tejerina R\u00edos, inform\u00f3 que, en audiencia de juicio oral, el Ministerio P\u00fablico logr\u00f3 demostrar que V\u00edctor C. L., de 22 a\u00f1os de edad, es autor de delito de Violaci\u00f3n de Infante, Ni\u00f1a, Ni\u00f1o o Adolescente cometido en la gesti\u00f3n 2024, en contra de&#8230;<\/p>\n","protected":false},"author":2,"featured_media":8587,"comment_status":"open","ping_status":"open","sticky":false,"template":"","format":"standard","meta":{"_jetpack_memberships_contains_paid_content":false,"footnotes":"","jetpack_publicize_message":"","jetpack_publicize_feature_enabled":true,"jetpack_social_post_already_shared":true,"jetpack_social_options":{"image_generator_settings":{"template":"highway","enabled":false},"version":2}},"categories":[2,15],"tags":[1131,1132,58],"class_list":["post-8588","post","type-post","status-publish","format-standard","has-post-thumbnail","hentry","category-cochabamba","category-seguridad","tag-fiscalia-de-cochabamba","tag-osvaldo-tejerina","tag-violacion"],"jetpack_publicize_connections":[],"yoast_head":"<!-- This site is optimized with the Yoast SEO plugin v23.4 - https:\/\/yoast.com\/wordpress\/plugins\/seo\/ -->\n<title>COCHABAMBA: 20 A\u00d1OS DE C\u00c1RCEL PARA SUJETO QUE VIOL\u00d3 A UNA ADOLESCENTE EN REITERADAS OPORTUNIDADES - innoticiasbo.com<\/title>\n<meta name=\"robots\" content=\"index, follow, max-snippet:-1, max-image-preview:large, max-video-preview:-1\" \/>\n<link rel=\"canonical\" href=\"https:\/\/innoticiasbo.com\/index.php\/2026\/01\/27\/cochabamba-20-anos-de-carcel-para-sujeto-que-violo-a-una-adolescente-en-reiteradas-oportunidades\/\" \/>\n<meta property=\"og:locale\" content=\"es_ES\" \/>\n<meta property=\"og:type\" content=\"article\" \/>\n<meta property=\"og:title\" content=\"COCHABAMBA: 20 A\u00d1OS DE C\u00c1RCEL PARA SUJETO QUE VIOL\u00d3 A UNA ADOLESCENTE EN REITERADAS OPORTUNIDADES - innoticiasbo.com\" \/>\n<meta property=\"og:description\" content=\"Cochabamba, 27 de enero de 2026.- El Fiscal Departamental de Cochabamba, Osvaldo Tejerina R\u00edos, inform\u00f3 que, en audiencia de juicio oral, el Ministerio P\u00fablico logr\u00f3 demostrar que V\u00edctor C. L., de 22 a\u00f1os de edad, es autor de delito de Violaci\u00f3n de Infante, Ni\u00f1a, Ni\u00f1o o Adolescente cometido en la gesti\u00f3n 2024, en contra de...\" \/>\n<meta property=\"og:url\" content=\"https:\/\/innoticiasbo.com\/index.php\/2026\/01\/27\/cochabamba-20-anos-de-carcel-para-sujeto-que-violo-a-una-adolescente-en-reiteradas-oportunidades\/\" \/>\n<meta property=\"og:site_name\" content=\"innoticiasbo.com\" \/>\n<meta property=\"article:publisher\" content=\"https:\/\/www.facebook.com\/innoticiasbolivia\" \/>\n<meta property=\"article:published_time\" content=\"2026-01-27T23:15:14+00:00\" \/>\n<meta property=\"article:modified_time\" content=\"2026-01-27T23:15:48+00:00\" \/>\n<meta property=\"og:image\" content=\"https:\/\/i0.wp.com\/innoticiasbo.com\/wp-content\/uploads\/2026\/01\/IMG-20260127-WA0199.jpg?fit=1600%2C1066&ssl=1\" \/>\n\t<meta property=\"og:image:width\" content=\"1600\" \/>\n\t<meta property=\"og:image:height\" content=\"1066\" \/>\n\t<meta property=\"og:image:type\" content=\"image\/jpeg\" \/>\n<meta name=\"author\" content=\"Prensa\" \/>\n<meta name=\"twitter:card\" content=\"summary_large_image\" \/>\n<meta name=\"twitter:creator\" content=\"@innoticiasbo\" \/>\n<meta name=\"twitter:site\" content=\"@innoticiasbo\" \/>\n<meta name=\"twitter:label1\" content=\"Escrito por\" \/>\n\t<meta name=\"twitter:data1\" content=\"Prensa\" \/>\n\t<meta name=\"twitter:label2\" content=\"Tiempo de lectura\" \/>\n\t<meta name=\"twitter:data2\" content=\"1 minuto\" \/>\n<script type=\"application\/ld+json\" class=\"yoast-schema-graph\">{\"@context\":\"https:\/\/schema.org\",\"@graph\":[{\"@type\":\"Article\",\"@id\":\"https:\/\/innoticiasbo.com\/index.php\/2026\/01\/27\/cochabamba-20-anos-de-carcel-para-sujeto-que-violo-a-una-adolescente-en-reiteradas-oportunidades\/#article\",\"isPartOf\":{\"@id\":\"https:\/\/innoticiasbo.com\/index.php\/2026\/01\/27\/cochabamba-20-anos-de-carcel-para-sujeto-que-violo-a-una-adolescente-en-reiteradas-oportunidades\/\"},\"author\":{\"name\":\"Prensa\",\"@id\":\"https:\/\/innoticiasbo.com\/#\/schema\/person\/589cd527c4211df1b943bdad85ec07ce\"},\"headline\":\"COCHABAMBA: 20 A\u00d1OS DE C\u00c1RCEL PARA SUJETO QUE VIOL\u00d3 A UNA ADOLESCENTE EN REITERADAS OPORTUNIDADES\",\"datePublished\":\"2026-01-27T23:15:14+00:00\",\"dateModified\":\"2026-01-27T23:15:48+00:00\",\"mainEntityOfPage\":{\"@id\":\"https:\/\/innoticiasbo.com\/index.php\/2026\/01\/27\/cochabamba-20-anos-de-carcel-para-sujeto-que-violo-a-una-adolescente-en-reiteradas-oportunidades\/\"},\"wordCount\":262,\"commentCount\":0,\"publisher\":{\"@id\":\"https:\/\/innoticiasbo.com\/#organization\"},\"image\":{\"@id\":\"https:\/\/innoticiasbo.com\/index.php\/2026\/01\/27\/cochabamba-20-anos-de-carcel-para-sujeto-que-violo-a-una-adolescente-en-reiteradas-oportunidades\/#primaryimage\"},\"thumbnailUrl\":\"https:\/\/i0.wp.com\/innoticiasbo.com\/wp-content\/uploads\/2026\/01\/IMG-20260127-WA0199.jpg?fit=1600%2C1066&ssl=1\",\"keywords\":[\"Fiscal\u00eda de Cochabamba\",\"Osvaldo Tejerina\",\"violaci\u00f3n\"],\"articleSection\":[\"Cochabamba\",\"Seguridad\"],\"inLanguage\":\"es\",\"potentialAction\":[{\"@type\":\"CommentAction\",\"name\":\"Comment\",\"target\":[\"https:\/\/innoticiasbo.com\/index.php\/2026\/01\/27\/cochabamba-20-anos-de-carcel-para-sujeto-que-violo-a-una-adolescente-en-reiteradas-oportunidades\/#respond\"]}]},{\"@type\":\"WebPage\",\"@id\":\"https:\/\/innoticiasbo.com\/index.php\/2026\/01\/27\/cochabamba-20-anos-de-carcel-para-sujeto-que-violo-a-una-adolescente-en-reiteradas-oportunidades\/\",\"url\":\"https:\/\/innoticiasbo.com\/index.php\/2026\/01\/27\/cochabamba-20-anos-de-carcel-para-sujeto-que-violo-a-una-adolescente-en-reiteradas-oportunidades\/\",\"name\":\"COCHABAMBA: 20 A\u00d1OS DE C\u00c1RCEL PARA SUJETO QUE VIOL\u00d3 A UNA ADOLESCENTE EN REITERADAS OPORTUNIDADES - innoticiasbo.com\",\"isPartOf\":{\"@id\":\"https:\/\/innoticiasbo.com\/#website\"},\"primaryImageOfPage\":{\"@id\":\"https:\/\/innoticiasbo.com\/index.php\/2026\/01\/27\/cochabamba-20-anos-de-carcel-para-sujeto-que-violo-a-una-adolescente-en-reiteradas-oportunidades\/#primaryimage\"},\"image\":{\"@id\":\"https:\/\/innoticiasbo.com\/index.php\/2026\/01\/27\/cochabamba-20-anos-de-carcel-para-sujeto-que-violo-a-una-adolescente-en-reiteradas-oportunidades\/#primaryimage\"},\"thumbnailUrl\":\"https:\/\/i0.wp.com\/innoticiasbo.com\/wp-content\/uploads\/2026\/01\/IMG-20260127-WA0199.jpg?fit=1600%2C1066&ssl=1\",\"datePublished\":\"2026-01-27T23:15:14+00:00\",\"dateModified\":\"2026-01-27T23:15:48+00:00\",\"breadcrumb\":{\"@id\":\"https:\/\/innoticiasbo.com\/index.php\/2026\/01\/27\/cochabamba-20-anos-de-carcel-para-sujeto-que-violo-a-una-adolescente-en-reiteradas-oportunidades\/#breadcrumb\"},\"inLanguage\":\"es\",\"potentialAction\":[{\"@type\":\"ReadAction\",\"target\":[\"https:\/\/innoticiasbo.com\/index.php\/2026\/01\/27\/cochabamba-20-anos-de-carcel-para-sujeto-que-violo-a-una-adolescente-en-reiteradas-oportunidades\/\"]}]},{\"@type\":\"ImageObject\",\"inLanguage\":\"es\",\"@id\":\"https:\/\/innoticiasbo.com\/index.php\/2026\/01\/27\/cochabamba-20-anos-de-carcel-para-sujeto-que-violo-a-una-adolescente-en-reiteradas-oportunidades\/#primaryimage\",\"url\":\"https:\/\/i0.wp.com\/innoticiasbo.com\/wp-content\/uploads\/2026\/01\/IMG-20260127-WA0199.jpg?fit=1600%2C1066&ssl=1\",\"contentUrl\":\"https:\/\/i0.wp.com\/innoticiasbo.com\/wp-content\/uploads\/2026\/01\/IMG-20260127-WA0199.jpg?fit=1600%2C1066&ssl=1\",\"width\":1600,\"height\":1066},{\"@type\":\"BreadcrumbList\",\"@id\":\"https:\/\/innoticiasbo.com\/index.php\/2026\/01\/27\/cochabamba-20-anos-de-carcel-para-sujeto-que-violo-a-una-adolescente-en-reiteradas-oportunidades\/#breadcrumb\",\"itemListElement\":[{\"@type\":\"ListItem\",\"position\":1,\"name\":\"Portada\",\"item\":\"https:\/\/innoticiasbo.com\/\"},{\"@type\":\"ListItem\",\"position\":2,\"name\":\"COCHABAMBA: 20 A\u00d1OS DE C\u00c1RCEL PARA SUJETO QUE VIOL\u00d3 A UNA ADOLESCENTE EN REITERADAS OPORTUNIDADES\"}]},{\"@type\":\"WebSite\",\"@id\":\"https:\/\/innoticiasbo.com\/#website\",\"url\":\"https:\/\/innoticiasbo.com\/\",\"name\":\"innoticiasbo.com\",\"description\":\"\",\"publisher\":{\"@id\":\"https:\/\/innoticiasbo.com\/#organization\"},\"potentialAction\":[{\"@type\":\"SearchAction\",\"target\":{\"@type\":\"EntryPoint\",\"urlTemplate\":\"https:\/\/innoticiasbo.com\/?s={search_term_string}\"},\"query-input\":{\"@type\":\"PropertyValueSpecification\",\"valueRequired\":true,\"valueName\":\"search_term_string\"}}],\"inLanguage\":\"es\"},{\"@type\":\"Organization\",\"@id\":\"https:\/\/innoticiasbo.com\/#organization\",\"name\":\"innoticiasbo.com\",\"url\":\"https:\/\/innoticiasbo.com\/\",\"logo\":{\"@type\":\"ImageObject\",\"inLanguage\":\"es\",\"@id\":\"https:\/\/innoticiasbo.com\/#\/schema\/logo\/image\/\",\"url\":\"https:\/\/i0.wp.com\/innoticiasbo.com\/wp-content\/uploads\/2026\/04\/cropped-IN-LOGO.png?fit=1476%2C1476&ssl=1\",\"contentUrl\":\"https:\/\/i0.wp.com\/innoticiasbo.com\/wp-content\/uploads\/2026\/04\/cropped-IN-LOGO.png?fit=1476%2C1476&ssl=1\",\"width\":1476,\"height\":1476,\"caption\":\"innoticiasbo.com\"},\"image\":{\"@id\":\"https:\/\/innoticiasbo.com\/#\/schema\/logo\/image\/\"},\"sameAs\":[\"https:\/\/www.facebook.com\/innoticiasbolivia\",\"https:\/\/x.com\/innoticiasbo\",\"https:\/\/www.instagram.com\/innoticiasbo\",\"https:\/\/www.youtube.com\/innoticiasbo\"]},{\"@type\":\"Person\",\"@id\":\"https:\/\/innoticiasbo.com\/#\/schema\/person\/589cd527c4211df1b943bdad85ec07ce\",\"name\":\"Prensa\",\"image\":{\"@type\":\"ImageObject\",\"inLanguage\":\"es\",\"@id\":\"https:\/\/innoticiasbo.com\/#\/schema\/person\/image\/\",\"url\":\"https:\/\/secure.gravatar.com\/avatar\/d359bbdf112023c1c0a3ec7fe1600657?s=96&d=mm&r=g\",\"contentUrl\":\"https:\/\/secure.gravatar.com\/avatar\/d359bbdf112023c1c0a3ec7fe1600657?s=96&d=mm&r=g\",\"caption\":\"Prensa\"},\"sameAs\":[\"http:\/\/www.innoticiasbo.com\"],\"url\":\"https:\/\/innoticiasbo.com\/index.php\/author\/prensa\/\"}]}<\/script>\n<!-- \/ Yoast SEO plugin. -->","yoast_head_json":{"title":"COCHABAMBA: 20 A\u00d1OS DE C\u00c1RCEL PARA SUJETO QUE VIOL\u00d3 A UNA ADOLESCENTE EN REITERADAS OPORTUNIDADES - innoticiasbo.com","robots":{"index":"index","follow":"follow","max-snippet":"max-snippet:-1","max-image-preview":"max-image-preview:large","max-video-preview":"max-video-preview:-1"},"canonical":"https:\/\/innoticiasbo.com\/index.php\/2026\/01\/27\/cochabamba-20-anos-de-carcel-para-sujeto-que-violo-a-una-adolescente-en-reiteradas-oportunidades\/","og_locale":"es_ES","og_type":"article","og_title":"COCHABAMBA: 20 A\u00d1OS DE C\u00c1RCEL PARA SUJETO QUE VIOL\u00d3 A UNA ADOLESCENTE EN REITERADAS OPORTUNIDADES - innoticiasbo.com","og_description":"Cochabamba, 27 de enero de 2026.- El Fiscal Departamental de Cochabamba, Osvaldo Tejerina R\u00edos, inform\u00f3 que, en audiencia de juicio oral, el Ministerio P\u00fablico logr\u00f3 demostrar que V\u00edctor C. L., de 22 a\u00f1os de edad, es autor de delito de Violaci\u00f3n de Infante, Ni\u00f1a, Ni\u00f1o o Adolescente cometido en la gesti\u00f3n 2024, en contra de...","og_url":"https:\/\/innoticiasbo.com\/index.php\/2026\/01\/27\/cochabamba-20-anos-de-carcel-para-sujeto-que-violo-a-una-adolescente-en-reiteradas-oportunidades\/","og_site_name":"innoticiasbo.com","article_publisher":"https:\/\/www.facebook.com\/innoticiasbolivia","article_published_time":"2026-01-27T23:15:14+00:00","article_modified_time":"2026-01-27T23:15:48+00:00","og_image":[{"width":1600,"height":1066,"url":"https:\/\/i0.wp.com\/innoticiasbo.com\/wp-content\/uploads\/2026\/01\/IMG-20260127-WA0199.jpg?fit=1600%2C1066&ssl=1","type":"image\/jpeg"}],"author":"Prensa","twitter_card":"summary_large_image","twitter_creator":"@innoticiasbo","twitter_site":"@innoticiasbo","twitter_misc":{"Escrito por":"Prensa","Tiempo de lectura":"1 minuto"},"schema":{"@context":"https:\/\/schema.org","@graph":[{"@type":"Article","@id":"https:\/\/innoticiasbo.com\/index.php\/2026\/01\/27\/cochabamba-20-anos-de-carcel-para-sujeto-que-violo-a-una-adolescente-en-reiteradas-oportunidades\/#article","isPartOf":{"@id":"https:\/\/innoticiasbo.com\/index.php\/2026\/01\/27\/cochabamba-20-anos-de-carcel-para-sujeto-que-violo-a-una-adolescente-en-reiteradas-oportunidades\/"},"author":{"name":"Prensa","@id":"https:\/\/innoticiasbo.com\/#\/schema\/person\/589cd527c4211df1b943bdad85ec07ce"},"headline":"COCHABAMBA: 20 A\u00d1OS DE C\u00c1RCEL PARA SUJETO QUE VIOL\u00d3 A UNA ADOLESCENTE EN REITERADAS OPORTUNIDADES","datePublished":"2026-01-27T23:15:14+00:00","dateModified":"2026-01-27T23:15:48+00:00","mainEntityOfPage":{"@id":"https:\/\/innoticiasbo.com\/index.php\/2026\/01\/27\/cochabamba-20-anos-de-carcel-para-sujeto-que-violo-a-una-adolescente-en-reiteradas-oportunidades\/"},"wordCount":262,"commentCount":0,"publisher":{"@id":"https:\/\/innoticiasbo.com\/#organization"},"image":{"@id":"https:\/\/innoticiasbo.com\/index.php\/2026\/01\/27\/cochabamba-20-anos-de-carcel-para-sujeto-que-violo-a-una-adolescente-en-reiteradas-oportunidades\/#primaryimage"},"thumbnailUrl":"https:\/\/i0.wp.com\/innoticiasbo.com\/wp-content\/uploads\/2026\/01\/IMG-20260127-WA0199.jpg?fit=1600%2C1066&ssl=1","keywords":["Fiscal\u00eda de Cochabamba","Osvaldo Tejerina","violaci\u00f3n"],"articleSection":["Cochabamba","Seguridad"],"inLanguage":"es","potentialAction":[{"@type":"CommentAction","name":"Comment","target":["https:\/\/innoticiasbo.com\/index.php\/2026\/01\/27\/cochabamba-20-anos-de-carcel-para-sujeto-que-violo-a-una-adolescente-en-reiteradas-oportunidades\/#respond"]}]},{"@type":"WebPage","@id":"https:\/\/innoticiasbo.com\/index.php\/2026\/01\/27\/cochabamba-20-anos-de-carcel-para-sujeto-que-violo-a-una-adolescente-en-reiteradas-oportunidades\/","url":"https:\/\/innoticiasbo.com\/index.php\/2026\/01\/27\/cochabamba-20-anos-de-carcel-para-sujeto-que-violo-a-una-adolescente-en-reiteradas-oportunidades\/","name":"COCHABAMBA: 20 A\u00d1OS DE C\u00c1RCEL PARA SUJETO QUE VIOL\u00d3 A UNA ADOLESCENTE EN REITERADAS OPORTUNIDADES - innoticiasbo.com","isPartOf":{"@id":"https:\/\/innoticiasbo.com\/#website"},"primaryImageOfPage":{"@id":"https:\/\/innoticiasbo.com\/index.php\/2026\/01\/27\/cochabamba-20-anos-de-carcel-para-sujeto-que-violo-a-una-adolescente-en-reiteradas-oportunidades\/#primaryimage"},"image":{"@id":"https:\/\/innoticiasbo.com\/index.php\/2026\/01\/27\/cochabamba-20-anos-de-carcel-para-sujeto-que-violo-a-una-adolescente-en-reiteradas-oportunidades\/#primaryimage"},"thumbnailUrl":"https:\/\/i0.wp.com\/innoticiasbo.com\/wp-content\/uploads\/2026\/01\/IMG-20260127-WA0199.jpg?fit=1600%2C1066&ssl=1","datePublished":"2026-01-27T23:15:14+00:00","dateModified":"2026-01-27T23:15:48+00:00","breadcrumb":{"@id":"https:\/\/innoticiasbo.com\/index.php\/2026\/01\/27\/cochabamba-20-anos-de-carcel-para-sujeto-que-violo-a-una-adolescente-en-reiteradas-oportunidades\/#breadcrumb"},"inLanguage":"es","potentialAction":[{"@type":"ReadAction","target":["https:\/\/innoticiasbo.com\/index.php\/2026\/01\/27\/cochabamba-20-anos-de-carcel-para-sujeto-que-violo-a-una-adolescente-en-reiteradas-oportunidades\/"]}]},{"@type":"ImageObject","inLanguage":"es","@id":"https:\/\/innoticiasbo.com\/index.php\/2026\/01\/27\/cochabamba-20-anos-de-carcel-para-sujeto-que-violo-a-una-adolescente-en-reiteradas-oportunidades\/#primaryimage","url":"https:\/\/i0.wp.com\/innoticiasbo.com\/wp-content\/uploads\/2026\/01\/IMG-20260127-WA0199.jpg?fit=1600%2C1066&ssl=1","contentUrl":"https:\/\/i0.wp.com\/innoticiasbo.com\/wp-content\/uploads\/2026\/01\/IMG-20260127-WA0199.jpg?fit=1600%2C1066&ssl=1","width":1600,"height":1066},{"@type":"BreadcrumbList","@id":"https:\/\/innoticiasbo.com\/index.php\/2026\/01\/27\/cochabamba-20-anos-de-carcel-para-sujeto-que-violo-a-una-adolescente-en-reiteradas-oportunidades\/#breadcrumb","itemListElement":[{"@type":"ListItem","position":1,"name":"Portada","item":"https:\/\/innoticiasbo.com\/"},{"@type":"ListItem","position":2,"name":"COCHABAMBA: 20 A\u00d1OS DE C\u00c1RCEL PARA SUJETO QUE VIOL\u00d3 A UNA ADOLESCENTE EN REITERADAS OPORTUNIDADES"}]},{"@type":"WebSite","@id":"https:\/\/innoticiasbo.com\/#website","url":"https:\/\/innoticiasbo.com\/","name":"innoticiasbo.com","description":"","publisher":{"@id":"https:\/\/innoticiasbo.com\/#organization"},"potentialAction":[{"@type":"SearchAction","target":{"@type":"EntryPoint","urlTemplate":"https:\/\/innoticiasbo.com\/?s={search_term_string}"},"query-input":{"@type":"PropertyValueSpecification","valueRequired":true,"valueName":"search_term_string"}}],"inLanguage":"es"},{"@type":"Organization","@id":"https:\/\/innoticiasbo.com\/#organization","name":"innoticiasbo.com","url":"https:\/\/innoticiasbo.com\/","logo":{"@type":"ImageObject","inLanguage":"es","@id":"https:\/\/innoticiasbo.com\/#\/schema\/logo\/image\/","url":"https:\/\/i0.wp.com\/innoticiasbo.com\/wp-content\/uploads\/2026\/04\/cropped-IN-LOGO.png?fit=1476%2C1476&ssl=1","contentUrl":"https:\/\/i0.wp.com\/innoticiasbo.com\/wp-content\/uploads\/2026\/04\/cropped-IN-LOGO.png?fit=1476%2C1476&ssl=1","width":1476,"height":1476,"caption":"innoticiasbo.com"},"image":{"@id":"https:\/\/innoticiasbo.com\/#\/schema\/logo\/image\/"},"sameAs":["https:\/\/www.facebook.com\/innoticiasbolivia","https:\/\/x.com\/innoticiasbo","https:\/\/www.instagram.com\/innoticiasbo","https:\/\/www.youtube.com\/innoticiasbo"]},{"@type":"Person","@id":"https:\/\/innoticiasbo.com\/#\/schema\/person\/589cd527c4211df1b943bdad85ec07ce","name":"Prensa","image":{"@type":"ImageObject","inLanguage":"es","@id":"https:\/\/innoticiasbo.com\/#\/schema\/person\/image\/","url":"https:\/\/secure.gravatar.com\/avatar\/d359bbdf112023c1c0a3ec7fe1600657?s=96&d=mm&r=g","contentUrl":"https:\/\/secure.gravatar.com\/avatar\/d359bbdf112023c1c0a3ec7fe1600657?s=96&d=mm&r=g","caption":"Prensa"},"sameAs":["http:\/\/www.innoticiasbo.com"],"url":"https:\/\/innoticiasbo.com\/index.php\/author\/prensa\/"}]}},"jetpack_featured_media_url":"https:\/\/i0.wp.com\/innoticiasbo.com\/wp-content\/uploads\/2026\/01\/IMG-20260127-WA0199.jpg?fit=1600%2C1066&ssl=1","jetpack_likes_enabled":true,"jetpack_sharing_enabled":true,"jetpack_shortlink":"https:\/\/wp.me\/pg298x-2ew","_links":{"self":[{"href":"https:\/\/innoticiasbo.com\/index.php\/wp-json\/wp\/v2\/posts\/8588","targetHints":{"allow":["GET"]}}],"collection":[{"href":"https:\/\/innoticiasbo.com\/index.php\/wp-json\/wp\/v2\/posts"}],"about":[{"href":"https:\/\/innoticiasbo.com\/index.php\/wp-json\/wp\/v2\/types\/post"}],"author":[{"embeddable":true,"href":"https:\/\/innoticiasbo.com\/index.php\/wp-json\/wp\/v2\/users\/2"}],"replies":[{"embeddable":true,"href":"https:\/\/innoticiasbo.com\/index.php\/wp-json\/wp\/v2\/comments?post=8588"}],"version-history":[{"count":1,"href":"https:\/\/innoticiasbo.com\/index.php\/wp-json\/wp\/v2\/posts\/8588\/revisions"}],"predecessor-version":[{"id":8589,"href":"https:\/\/innoticiasbo.com\/index.php\/wp-json\/wp\/v2\/posts\/8588\/revisions\/8589"}],"wp:featuredmedia":[{"embeddable":true,"href":"https:\/\/innoticiasbo.com\/index.php\/wp-json\/wp\/v2\/media\/8587"}],"wp:attachment":[{"href":"https:\/\/innoticiasbo.com\/index.php\/wp-json\/wp\/v2\/media?parent=8588"}],"wp:term":[{"taxonomy":"category","embeddable":true,"href":"https:\/\/innoticiasbo.com\/index.php\/wp-json\/wp\/v2\/categories?post=8588"},{"taxonomy":"post_tag","embeddable":true,"href":"https:\/\/innoticiasbo.com\/index.php\/wp-json\/wp\/v2\/tags?post=8588"}],"curies":[{"name":"wp","href":"https:\/\/api.w.org\/{rel}","templated":true}]}}