{"id":8583,"date":"2026-01-27T17:58:40","date_gmt":"2026-01-27T21:58:40","guid":{"rendered":"https:\/\/innoticiasbo.com\/?p=8583"},"modified":"2026-01-27T17:59:24","modified_gmt":"2026-01-27T21:59:24","slug":"no-necesito-pega-necesito-terminar-cochabamba","status":"publish","type":"post","link":"https:\/\/innoticiasbo.com\/index.php\/2026\/01\/27\/no-necesito-pega-necesito-terminar-cochabamba\/","title":{"rendered":"NO NECESITO PEGA, NECESITO TERMINAR COCHABAMBA\u201d"},"content":{"rendered":"<p>Cochabamba,  27 de enero de 2026.- Manfred Reyes Villa explica por qu\u00e9 sigue en el ruedo pol\u00edtico y apuesta por convertir a Cochabamba en motor econ\u00f3mico del pa\u00eds<\/p>\n<p>Cochabamba, 27 de enero de 2026.- En una entrevista amplia y sin evasivas, el alcalde Manfred Reyes Villa respondi\u00f3 a todo y explic\u00f3 por qu\u00e9, pese a haber anunciado en su momento su retiro de la pol\u00edtica, decidi\u00f3 continuar en el ruedo. Su respuesta fue directa: no dejar proyectos a medias y consolidar el desarrollo econ\u00f3mico de Cochabamba.<\/p>\n<p><img data-recalc-dims=\"1\" loading=\"lazy\" decoding=\"async\" src=\"https:\/\/i0.wp.com\/innoticiasbo.com\/wp-content\/uploads\/2026\/01\/img-20260127-wa00646472198731843440369.jpg?resize=640%2C408&#038;ssl=1\" class=\"wp-image-8580 alignnone size-full\" width=\"640\" height=\"408\" srcset=\"https:\/\/i0.wp.com\/innoticiasbo.com\/wp-content\/uploads\/2026\/01\/img-20260127-wa00646472198731843440369.jpg?w=2000&amp;ssl=1 2000w, https:\/\/i0.wp.com\/innoticiasbo.com\/wp-content\/uploads\/2026\/01\/img-20260127-wa00646472198731843440369.jpg?resize=300%2C191&amp;ssl=1 300w, https:\/\/i0.wp.com\/innoticiasbo.com\/wp-content\/uploads\/2026\/01\/img-20260127-wa00646472198731843440369.jpg?resize=1024%2C653&amp;ssl=1 1024w, https:\/\/i0.wp.com\/innoticiasbo.com\/wp-content\/uploads\/2026\/01\/img-20260127-wa00646472198731843440369.jpg?resize=768%2C490&amp;ssl=1 768w, https:\/\/i0.wp.com\/innoticiasbo.com\/wp-content\/uploads\/2026\/01\/img-20260127-wa00646472198731843440369.jpg?resize=1536%2C980&amp;ssl=1 1536w, https:\/\/i0.wp.com\/innoticiasbo.com\/wp-content\/uploads\/2026\/01\/img-20260127-wa00646472198731843440369.jpg?resize=150%2C95&amp;ssl=1 150w, https:\/\/i0.wp.com\/innoticiasbo.com\/wp-content\/uploads\/2026\/01\/img-20260127-wa00646472198731843440369.jpg?w=1280&amp;ssl=1 1280w, https:\/\/i0.wp.com\/innoticiasbo.com\/wp-content\/uploads\/2026\/01\/img-20260127-wa00646472198731843440369.jpg?w=1920&amp;ssl=1 1920w\" sizes=\"auto, (max-width: 640px) 100vw, 640px\" \/><\/p>\n<p>\u201cOtra cosa es con guitarra\u201d, dijo Reyes Villa al describir su ritmo de trabajo de lunes a domingo. Asegur\u00f3 que en su actual gesti\u00f3n ya se ejecutaron 2.573 obras, y que, aunque su familia le pide tiempo y una vida m\u00e1s tranquila, decidi\u00f3 continuar porque \u2014desde su lectura\u2014 Cochabamba ya es la mejor ciudad de Bolivia en varios indicadores, y ahora el desaf\u00edo es el \u201ccrecimiento econ\u00f3mico\u201d.<\/p>\n<p>\u201cEl aporte de Cochabamba al PIB nacional es del 18%, Santa Cruz nos duplica.<\/p>\n<p>Necesitamos una fuerte inyecci\u00f3n econ\u00f3mica\u201d, afirm\u00f3. En ese marco, anunci\u00f3 mega proyectos de desarrollo econ\u00f3mico, eventos internacionales, impulso al turismo, la hoteler\u00eda y el objetivo de hacer crecer el PIB departamental. \u201cYo he pensado y he dicho: tengo que terminar esto\u201d, sostuvo.<\/p>\n<p>OBRAS, SERVICIOS B\u00c1SICOS Y PLANIFICACI\u00d3N URBANA<\/p>\n<p>Reyes Villa destac\u00f3 avances hist\u00f3ricos en servicios b\u00e1sicos: 34.000 nuevas conexiones, 91% de cobertura de agua potable, 416 kil\u00f3metros de redes nuevas y 84 kil\u00f3metros de redes renovadas. \u201cNunca antes se ha hecho tanto\u201d, enfatiz\u00f3.<\/p>\n<p><img data-recalc-dims=\"1\" loading=\"lazy\" decoding=\"async\" src=\"https:\/\/i0.wp.com\/innoticiasbo.com\/wp-content\/uploads\/2026\/01\/img-20260127-wa007015397591192718140619.jpg?resize=640%2C480&#038;ssl=1\" class=\"wp-image-8581 alignnone size-full\" width=\"640\" height=\"480\" srcset=\"https:\/\/i0.wp.com\/innoticiasbo.com\/wp-content\/uploads\/2026\/01\/img-20260127-wa007015397591192718140619.jpg?w=2000&amp;ssl=1 2000w, https:\/\/i0.wp.com\/innoticiasbo.com\/wp-content\/uploads\/2026\/01\/img-20260127-wa007015397591192718140619.jpg?resize=300%2C225&amp;ssl=1 300w, https:\/\/i0.wp.com\/innoticiasbo.com\/wp-content\/uploads\/2026\/01\/img-20260127-wa007015397591192718140619.jpg?resize=1024%2C768&amp;ssl=1 1024w, https:\/\/i0.wp.com\/innoticiasbo.com\/wp-content\/uploads\/2026\/01\/img-20260127-wa007015397591192718140619.jpg?resize=768%2C576&amp;ssl=1 768w, https:\/\/i0.wp.com\/innoticiasbo.com\/wp-content\/uploads\/2026\/01\/img-20260127-wa007015397591192718140619.jpg?resize=1536%2C1152&amp;ssl=1 1536w, https:\/\/i0.wp.com\/innoticiasbo.com\/wp-content\/uploads\/2026\/01\/img-20260127-wa007015397591192718140619.jpg?w=1280&amp;ssl=1 1280w, https:\/\/i0.wp.com\/innoticiasbo.com\/wp-content\/uploads\/2026\/01\/img-20260127-wa007015397591192718140619.jpg?w=1920&amp;ssl=1 1920w\" sizes=\"auto, (max-width: 640px) 100vw, 640px\" \/><\/p>\n<p>Sobre la congesti\u00f3n vehicular \u2014con cerca de medio mill\u00f3n de veh\u00edculos\u2014 anunci\u00f3 m\u00e1s v\u00edas estructurantes y un nuevo t\u00fanel del Abra para transporte pesado. Tambi\u00e9n subray\u00f3 que se devolvi\u00f3 a Cochabamba su identidad de \u201cciudad jard\u00edn\u201d.<\/p>\n<p>EQUIPO T\u00c9CNICO Y RENOVACI\u00d3N POL\u00cdTICA<\/p>\n<p>Consultado sobre su equipo, asegur\u00f3 que sus concejales son j\u00f3venes y profesionales de alto nivel. Destac\u00f3 figuras como el periodista Modesto Soruco (Mody Soruco) y la abogada Adaliz Rivera, experta en l\u00edmites y saneamiento de tierras. Confes\u00f3 entre risas que quiso repetir concejales, pero que era necesario dar paso a la renovaci\u00f3n, aunque \u201cun poquito se han enojado\u201d.<\/p>\n<p>HABILITACI\u00d3N, POL\u00cdTICA Y GOBERNABILIDAD<\/p>\n<p>Ante las dudas sobre su habilitaci\u00f3n, fue tajante: \u201cPara lanzarme a la piscina me fij\u00e9 que hay agua. Por supuesto que estoy habilitado\u201d. Explic\u00f3 que la ley no es retroactiva y que solo fue elegido una vez como alcalde por voto directo.<\/p>\n<p>\u201cNo necesito pega. No quiero dejar a medias a Cochabamba. Soy un servidor y disfruto viendo a la gente vivir mejor\u201d, afirm\u00f3.<\/p>\n<p>Sobre sus rivales pol\u00edticos, dijo respetarlos y asegur\u00f3 que no atacar\u00e1 a ning\u00fan candidato. \u201cA veces la gente es mala, si llueve me atacan\u201d, coment\u00f3, recordando que problemas como el drenaje pluvial tienen d\u00e9cadas de abandono y ahora requieren un plan maestro.<\/p>\n<p>BASURA, FINANZAS Y RELACI\u00d3N CON EL GOBIERNO<\/p>\n<p>Reyes Villa asegur\u00f3 que el tema de la basura est\u00e1 solucionado, sin deudas pendientes y con un esquema que permitir\u00e1 retorno econ\u00f3mico para la Alcald\u00eda. Neg\u00f3 que la instituci\u00f3n est\u00e9 quebrada y record\u00f3 que recibi\u00f3 una deuda flotante de 500 millones de bolivianos, mientras que actualmente es de 180 millones, la cual \u2014dijo\u2014 ser\u00e1 cubierta sin dejar obligaciones impagas.<\/p>\n<p>En el plano nacional, calific\u00f3 su relaci\u00f3n con el Gobierno como institucional y positiva, destacando el apoyo de su fuerza pol\u00edtica a cr\u00e9ditos aprobados en el Legislativo. Alert\u00f3 que, si no se cumple el esquema de 50%\u201350% de recursos, el 90% de las gobernaciones podr\u00eda quebrar.<\/p>\n<p>VISI\u00d3N DE CIUDAD Y MEGAPROYECTOS<\/p>\n<p>El alcalde proyecta una Cochabamba como ciudad de servicios, centro de convenciones, turismo, salud, educaci\u00f3n universitaria y tecnolog\u00eda, destacando la exportaci\u00f3n de software y m\u00e1s de 500 kil\u00f3metros de fibra \u00f3ptica instalados.<\/p>\n<p>Entre los proyectos emblem\u00e1ticos anunci\u00f3 dos nuevos hospitales (Achumani y Pacata), la Ciudad de la Salud ya con financiamiento, la segunda fase del Alalay, un anillo paisaj\u00edstico, y una playa turquesa en Co\u00f1a Co\u00f1a. Tambi\u00e9n ratific\u00f3 la pronta ejecuci\u00f3n de la Terminal de Buses y el impulso a la conectividad aeroportuaria.<\/p>\n<p>POL\u00cdTICA, SACRIFICIOS Y CONVICCI\u00d3N PERSONAL<\/p>\n<p>En uno de los momentos m\u00e1s emotivos, Reyes Villa record\u00f3 los a\u00f1os de exilio y el costo personal de la pol\u00edtica: \u201cEstuve 11 a\u00f1os fuera del pa\u00eds y no pude enterrar a mi madre\u201d. Tambi\u00e9n mencion\u00f3 la p\u00e9rdida de dos hijas y el dolor de no haber estado siempre presente.<\/p>\n<p>Sobre la participaci\u00f3n pol\u00edtica de sus hijos, se\u00f1al\u00f3 que tienen su propio camino, aunque reconoci\u00f3 la dureza del escenario pol\u00edtico. \u201cEn la guerra sucia te atacan, pero yo me quedo con el cari\u00f1o de la gente\u201d, afirm\u00f3.<\/p>\n<p>Finalmente, reiter\u00f3 su compromiso:<br \/>\n\u201cNo necesito pega, amo Cochabamba. No voy a atacar a nadie y voy a cumplir con Cochabamba.<\/p>\n","protected":false},"excerpt":{"rendered":"<p>Cochabamba, 27 de enero de 2026.- Manfred Reyes Villa explica por qu\u00e9 sigue en el ruedo pol\u00edtico y apuesta por convertir a Cochabamba en motor econ\u00f3mico del pa\u00eds Cochabamba, 27 de enero de 2026.- En una entrevista amplia y sin evasivas, el alcalde Manfred Reyes Villa respondi\u00f3 a todo y explic\u00f3 por qu\u00e9, pese a&#8230;<\/p>\n","protected":false},"author":2,"featured_media":8582,"comment_status":"open","ping_status":"open","sticky":false,"template":"","format":"standard","meta":{"_jetpack_memberships_contains_paid_content":false,"footnotes":"","jetpack_publicize_message":"","jetpack_publicize_feature_enabled":true,"jetpack_social_post_already_shared":true,"jetpack_social_options":{"image_generator_settings":{"template":"highway","enabled":false},"version":2}},"categories":[1,2,3],"tags":[281,1129,31,1130],"class_list":["post-8583","post","type-post","status-publish","format-standard","has-post-thumbnail","hentry","category-bolivia","category-cochabamba","category-politica","tag-alcaldia-de-cochabamba","tag-el-avispero","tag-manfred-reyes-villa","tag-subnacionales-reeleccion"],"jetpack_publicize_connections":[],"yoast_head":"<!-- This site is optimized with the Yoast SEO plugin v23.4 - https:\/\/yoast.com\/wordpress\/plugins\/seo\/ -->\n<title>NO NECESITO PEGA, NECESITO TERMINAR COCHABAMBA\u201d - innoticiasbo.com<\/title>\n<meta name=\"robots\" content=\"index, follow, max-snippet:-1, max-image-preview:large, max-video-preview:-1\" \/>\n<link rel=\"canonical\" href=\"https:\/\/innoticiasbo.com\/index.php\/2026\/01\/27\/no-necesito-pega-necesito-terminar-cochabamba\/\" \/>\n<meta property=\"og:locale\" content=\"es_ES\" \/>\n<meta property=\"og:type\" content=\"article\" \/>\n<meta property=\"og:title\" content=\"NO NECESITO PEGA, NECESITO TERMINAR COCHABAMBA\u201d - innoticiasbo.com\" \/>\n<meta property=\"og:description\" content=\"Cochabamba, 27 de enero de 2026.- Manfred Reyes Villa explica por qu\u00e9 sigue en el ruedo pol\u00edtico y apuesta por convertir a Cochabamba en motor econ\u00f3mico del pa\u00eds Cochabamba, 27 de enero de 2026.- En una entrevista amplia y sin evasivas, el alcalde Manfred Reyes Villa respondi\u00f3 a todo y explic\u00f3 por qu\u00e9, pese a...\" \/>\n<meta property=\"og:url\" content=\"https:\/\/innoticiasbo.com\/index.php\/2026\/01\/27\/no-necesito-pega-necesito-terminar-cochabamba\/\" \/>\n<meta property=\"og:site_name\" content=\"innoticiasbo.com\" \/>\n<meta property=\"article:publisher\" content=\"https:\/\/www.facebook.com\/innoticiasbolivia\" \/>\n<meta property=\"article:published_time\" content=\"2026-01-27T21:58:40+00:00\" \/>\n<meta property=\"article:modified_time\" content=\"2026-01-27T21:59:24+00:00\" \/>\n<meta property=\"og:image\" content=\"https:\/\/i0.wp.com\/innoticiasbo.com\/wp-content\/uploads\/2026\/01\/IMG-20260127-WA0064-scaled.jpg?fit=2560%2C1633&ssl=1\" \/>\n\t<meta property=\"og:image:width\" content=\"2560\" \/>\n\t<meta property=\"og:image:height\" content=\"1633\" \/>\n\t<meta property=\"og:image:type\" content=\"image\/jpeg\" \/>\n<meta name=\"author\" content=\"Prensa\" \/>\n<meta name=\"twitter:card\" content=\"summary_large_image\" \/>\n<meta name=\"twitter:creator\" content=\"@innoticiasbo\" \/>\n<meta name=\"twitter:site\" content=\"@innoticiasbo\" \/>\n<meta name=\"twitter:label1\" content=\"Escrito por\" \/>\n\t<meta name=\"twitter:data1\" content=\"Prensa\" \/>\n\t<meta name=\"twitter:label2\" content=\"Tiempo de lectura\" \/>\n\t<meta name=\"twitter:data2\" content=\"4 minutos\" \/>\n<script type=\"application\/ld+json\" class=\"yoast-schema-graph\">{\"@context\":\"https:\/\/schema.org\",\"@graph\":[{\"@type\":\"Article\",\"@id\":\"https:\/\/innoticiasbo.com\/index.php\/2026\/01\/27\/no-necesito-pega-necesito-terminar-cochabamba\/#article\",\"isPartOf\":{\"@id\":\"https:\/\/innoticiasbo.com\/index.php\/2026\/01\/27\/no-necesito-pega-necesito-terminar-cochabamba\/\"},\"author\":{\"name\":\"Prensa\",\"@id\":\"https:\/\/innoticiasbo.com\/#\/schema\/person\/589cd527c4211df1b943bdad85ec07ce\"},\"headline\":\"NO NECESITO PEGA, NECESITO TERMINAR COCHABAMBA\u201d\",\"datePublished\":\"2026-01-27T21:58:40+00:00\",\"dateModified\":\"2026-01-27T21:59:24+00:00\",\"mainEntityOfPage\":{\"@id\":\"https:\/\/innoticiasbo.com\/index.php\/2026\/01\/27\/no-necesito-pega-necesito-terminar-cochabamba\/\"},\"wordCount\":837,\"commentCount\":0,\"publisher\":{\"@id\":\"https:\/\/innoticiasbo.com\/#organization\"},\"image\":{\"@id\":\"https:\/\/innoticiasbo.com\/index.php\/2026\/01\/27\/no-necesito-pega-necesito-terminar-cochabamba\/#primaryimage\"},\"thumbnailUrl\":\"https:\/\/i0.wp.com\/innoticiasbo.com\/wp-content\/uploads\/2026\/01\/IMG-20260127-WA0064-scaled.jpg?fit=2560%2C1633&ssl=1\",\"keywords\":[\"Alcald\u00eda de Cochabamba\",\"El Avispero\",\"Manfred Reyes Villa\",\"subnacionales. reelecci\u00f3n\"],\"articleSection\":[\"Bolivia\",\"Cochabamba\",\"Pol\u00edtica\"],\"inLanguage\":\"es\",\"potentialAction\":[{\"@type\":\"CommentAction\",\"name\":\"Comment\",\"target\":[\"https:\/\/innoticiasbo.com\/index.php\/2026\/01\/27\/no-necesito-pega-necesito-terminar-cochabamba\/#respond\"]}]},{\"@type\":\"WebPage\",\"@id\":\"https:\/\/innoticiasbo.com\/index.php\/2026\/01\/27\/no-necesito-pega-necesito-terminar-cochabamba\/\",\"url\":\"https:\/\/innoticiasbo.com\/index.php\/2026\/01\/27\/no-necesito-pega-necesito-terminar-cochabamba\/\",\"name\":\"NO NECESITO PEGA, NECESITO TERMINAR COCHABAMBA\u201d - innoticiasbo.com\",\"isPartOf\":{\"@id\":\"https:\/\/innoticiasbo.com\/#website\"},\"primaryImageOfPage\":{\"@id\":\"https:\/\/innoticiasbo.com\/index.php\/2026\/01\/27\/no-necesito-pega-necesito-terminar-cochabamba\/#primaryimage\"},\"image\":{\"@id\":\"https:\/\/innoticiasbo.com\/index.php\/2026\/01\/27\/no-necesito-pega-necesito-terminar-cochabamba\/#primaryimage\"},\"thumbnailUrl\":\"https:\/\/i0.wp.com\/innoticiasbo.com\/wp-content\/uploads\/2026\/01\/IMG-20260127-WA0064-scaled.jpg?fit=2560%2C1633&ssl=1\",\"datePublished\":\"2026-01-27T21:58:40+00:00\",\"dateModified\":\"2026-01-27T21:59:24+00:00\",\"breadcrumb\":{\"@id\":\"https:\/\/innoticiasbo.com\/index.php\/2026\/01\/27\/no-necesito-pega-necesito-terminar-cochabamba\/#breadcrumb\"},\"inLanguage\":\"es\",\"potentialAction\":[{\"@type\":\"ReadAction\",\"target\":[\"https:\/\/innoticiasbo.com\/index.php\/2026\/01\/27\/no-necesito-pega-necesito-terminar-cochabamba\/\"]}]},{\"@type\":\"ImageObject\",\"inLanguage\":\"es\",\"@id\":\"https:\/\/innoticiasbo.com\/index.php\/2026\/01\/27\/no-necesito-pega-necesito-terminar-cochabamba\/#primaryimage\",\"url\":\"https:\/\/i0.wp.com\/innoticiasbo.com\/wp-content\/uploads\/2026\/01\/IMG-20260127-WA0064-scaled.jpg?fit=2560%2C1633&ssl=1\",\"contentUrl\":\"https:\/\/i0.wp.com\/innoticiasbo.com\/wp-content\/uploads\/2026\/01\/IMG-20260127-WA0064-scaled.jpg?fit=2560%2C1633&ssl=1\",\"width\":2560,\"height\":1633},{\"@type\":\"BreadcrumbList\",\"@id\":\"https:\/\/innoticiasbo.com\/index.php\/2026\/01\/27\/no-necesito-pega-necesito-terminar-cochabamba\/#breadcrumb\",\"itemListElement\":[{\"@type\":\"ListItem\",\"position\":1,\"name\":\"Portada\",\"item\":\"https:\/\/innoticiasbo.com\/\"},{\"@type\":\"ListItem\",\"position\":2,\"name\":\"NO NECESITO PEGA, NECESITO TERMINAR COCHABAMBA\u201d\"}]},{\"@type\":\"WebSite\",\"@id\":\"https:\/\/innoticiasbo.com\/#website\",\"url\":\"https:\/\/innoticiasbo.com\/\",\"name\":\"innoticiasbo.com\",\"description\":\"\",\"publisher\":{\"@id\":\"https:\/\/innoticiasbo.com\/#organization\"},\"potentialAction\":[{\"@type\":\"SearchAction\",\"target\":{\"@type\":\"EntryPoint\",\"urlTemplate\":\"https:\/\/innoticiasbo.com\/?s={search_term_string}\"},\"query-input\":{\"@type\":\"PropertyValueSpecification\",\"valueRequired\":true,\"valueName\":\"search_term_string\"}}],\"inLanguage\":\"es\"},{\"@type\":\"Organization\",\"@id\":\"https:\/\/innoticiasbo.com\/#organization\",\"name\":\"innoticiasbo.com\",\"url\":\"https:\/\/innoticiasbo.com\/\",\"logo\":{\"@type\":\"ImageObject\",\"inLanguage\":\"es\",\"@id\":\"https:\/\/innoticiasbo.com\/#\/schema\/logo\/image\/\",\"url\":\"https:\/\/i0.wp.com\/innoticiasbo.com\/wp-content\/uploads\/2026\/04\/cropped-IN-LOGO.png?fit=1476%2C1476&ssl=1\",\"contentUrl\":\"https:\/\/i0.wp.com\/innoticiasbo.com\/wp-content\/uploads\/2026\/04\/cropped-IN-LOGO.png?fit=1476%2C1476&ssl=1\",\"width\":1476,\"height\":1476,\"caption\":\"innoticiasbo.com\"},\"image\":{\"@id\":\"https:\/\/innoticiasbo.com\/#\/schema\/logo\/image\/\"},\"sameAs\":[\"https:\/\/www.facebook.com\/innoticiasbolivia\",\"https:\/\/x.com\/innoticiasbo\",\"https:\/\/www.instagram.com\/innoticiasbo\",\"https:\/\/www.youtube.com\/innoticiasbo\"]},{\"@type\":\"Person\",\"@id\":\"https:\/\/innoticiasbo.com\/#\/schema\/person\/589cd527c4211df1b943bdad85ec07ce\",\"name\":\"Prensa\",\"image\":{\"@type\":\"ImageObject\",\"inLanguage\":\"es\",\"@id\":\"https:\/\/innoticiasbo.com\/#\/schema\/person\/image\/\",\"url\":\"https:\/\/secure.gravatar.com\/avatar\/d359bbdf112023c1c0a3ec7fe1600657?s=96&d=mm&r=g\",\"contentUrl\":\"https:\/\/secure.gravatar.com\/avatar\/d359bbdf112023c1c0a3ec7fe1600657?s=96&d=mm&r=g\",\"caption\":\"Prensa\"},\"sameAs\":[\"http:\/\/www.innoticiasbo.com\"],\"url\":\"https:\/\/innoticiasbo.com\/index.php\/author\/prensa\/\"}]}<\/script>\n<!-- \/ Yoast SEO plugin. -->","yoast_head_json":{"title":"NO NECESITO PEGA, NECESITO TERMINAR COCHABAMBA\u201d - innoticiasbo.com","robots":{"index":"index","follow":"follow","max-snippet":"max-snippet:-1","max-image-preview":"max-image-preview:large","max-video-preview":"max-video-preview:-1"},"canonical":"https:\/\/innoticiasbo.com\/index.php\/2026\/01\/27\/no-necesito-pega-necesito-terminar-cochabamba\/","og_locale":"es_ES","og_type":"article","og_title":"NO NECESITO PEGA, NECESITO TERMINAR COCHABAMBA\u201d - innoticiasbo.com","og_description":"Cochabamba, 27 de enero de 2026.- Manfred Reyes Villa explica por qu\u00e9 sigue en el ruedo pol\u00edtico y apuesta por convertir a Cochabamba en motor econ\u00f3mico del pa\u00eds Cochabamba, 27 de enero de 2026.- En una entrevista amplia y sin evasivas, el alcalde Manfred Reyes Villa respondi\u00f3 a todo y explic\u00f3 por qu\u00e9, pese a...","og_url":"https:\/\/innoticiasbo.com\/index.php\/2026\/01\/27\/no-necesito-pega-necesito-terminar-cochabamba\/","og_site_name":"innoticiasbo.com","article_publisher":"https:\/\/www.facebook.com\/innoticiasbolivia","article_published_time":"2026-01-27T21:58:40+00:00","article_modified_time":"2026-01-27T21:59:24+00:00","og_image":[{"width":2560,"height":1633,"url":"https:\/\/i0.wp.com\/innoticiasbo.com\/wp-content\/uploads\/2026\/01\/IMG-20260127-WA0064-scaled.jpg?fit=2560%2C1633&ssl=1","type":"image\/jpeg"}],"author":"Prensa","twitter_card":"summary_large_image","twitter_creator":"@innoticiasbo","twitter_site":"@innoticiasbo","twitter_misc":{"Escrito por":"Prensa","Tiempo de lectura":"4 minutos"},"schema":{"@context":"https:\/\/schema.org","@graph":[{"@type":"Article","@id":"https:\/\/innoticiasbo.com\/index.php\/2026\/01\/27\/no-necesito-pega-necesito-terminar-cochabamba\/#article","isPartOf":{"@id":"https:\/\/innoticiasbo.com\/index.php\/2026\/01\/27\/no-necesito-pega-necesito-terminar-cochabamba\/"},"author":{"name":"Prensa","@id":"https:\/\/innoticiasbo.com\/#\/schema\/person\/589cd527c4211df1b943bdad85ec07ce"},"headline":"NO NECESITO PEGA, NECESITO TERMINAR COCHABAMBA\u201d","datePublished":"2026-01-27T21:58:40+00:00","dateModified":"2026-01-27T21:59:24+00:00","mainEntityOfPage":{"@id":"https:\/\/innoticiasbo.com\/index.php\/2026\/01\/27\/no-necesito-pega-necesito-terminar-cochabamba\/"},"wordCount":837,"commentCount":0,"publisher":{"@id":"https:\/\/innoticiasbo.com\/#organization"},"image":{"@id":"https:\/\/innoticiasbo.com\/index.php\/2026\/01\/27\/no-necesito-pega-necesito-terminar-cochabamba\/#primaryimage"},"thumbnailUrl":"https:\/\/i0.wp.com\/innoticiasbo.com\/wp-content\/uploads\/2026\/01\/IMG-20260127-WA0064-scaled.jpg?fit=2560%2C1633&ssl=1","keywords":["Alcald\u00eda de Cochabamba","El Avispero","Manfred Reyes Villa","subnacionales. reelecci\u00f3n"],"articleSection":["Bolivia","Cochabamba","Pol\u00edtica"],"inLanguage":"es","potentialAction":[{"@type":"CommentAction","name":"Comment","target":["https:\/\/innoticiasbo.com\/index.php\/2026\/01\/27\/no-necesito-pega-necesito-terminar-cochabamba\/#respond"]}]},{"@type":"WebPage","@id":"https:\/\/innoticiasbo.com\/index.php\/2026\/01\/27\/no-necesito-pega-necesito-terminar-cochabamba\/","url":"https:\/\/innoticiasbo.com\/index.php\/2026\/01\/27\/no-necesito-pega-necesito-terminar-cochabamba\/","name":"NO NECESITO PEGA, NECESITO TERMINAR COCHABAMBA\u201d - innoticiasbo.com","isPartOf":{"@id":"https:\/\/innoticiasbo.com\/#website"},"primaryImageOfPage":{"@id":"https:\/\/innoticiasbo.com\/index.php\/2026\/01\/27\/no-necesito-pega-necesito-terminar-cochabamba\/#primaryimage"},"image":{"@id":"https:\/\/innoticiasbo.com\/index.php\/2026\/01\/27\/no-necesito-pega-necesito-terminar-cochabamba\/#primaryimage"},"thumbnailUrl":"https:\/\/i0.wp.com\/innoticiasbo.com\/wp-content\/uploads\/2026\/01\/IMG-20260127-WA0064-scaled.jpg?fit=2560%2C1633&ssl=1","datePublished":"2026-01-27T21:58:40+00:00","dateModified":"2026-01-27T21:59:24+00:00","breadcrumb":{"@id":"https:\/\/innoticiasbo.com\/index.php\/2026\/01\/27\/no-necesito-pega-necesito-terminar-cochabamba\/#breadcrumb"},"inLanguage":"es","potentialAction":[{"@type":"ReadAction","target":["https:\/\/innoticiasbo.com\/index.php\/2026\/01\/27\/no-necesito-pega-necesito-terminar-cochabamba\/"]}]},{"@type":"ImageObject","inLanguage":"es","@id":"https:\/\/innoticiasbo.com\/index.php\/2026\/01\/27\/no-necesito-pega-necesito-terminar-cochabamba\/#primaryimage","url":"https:\/\/i0.wp.com\/innoticiasbo.com\/wp-content\/uploads\/2026\/01\/IMG-20260127-WA0064-scaled.jpg?fit=2560%2C1633&ssl=1","contentUrl":"https:\/\/i0.wp.com\/innoticiasbo.com\/wp-content\/uploads\/2026\/01\/IMG-20260127-WA0064-scaled.jpg?fit=2560%2C1633&ssl=1","width":2560,"height":1633},{"@type":"BreadcrumbList","@id":"https:\/\/innoticiasbo.com\/index.php\/2026\/01\/27\/no-necesito-pega-necesito-terminar-cochabamba\/#breadcrumb","itemListElement":[{"@type":"ListItem","position":1,"name":"Portada","item":"https:\/\/innoticiasbo.com\/"},{"@type":"ListItem","position":2,"name":"NO NECESITO PEGA, NECESITO TERMINAR COCHABAMBA\u201d"}]},{"@type":"WebSite","@id":"https:\/\/innoticiasbo.com\/#website","url":"https:\/\/innoticiasbo.com\/","name":"innoticiasbo.com","description":"","publisher":{"@id":"https:\/\/innoticiasbo.com\/#organization"},"potentialAction":[{"@type":"SearchAction","target":{"@type":"EntryPoint","urlTemplate":"https:\/\/innoticiasbo.com\/?s={search_term_string}"},"query-input":{"@type":"PropertyValueSpecification","valueRequired":true,"valueName":"search_term_string"}}],"inLanguage":"es"},{"@type":"Organization","@id":"https:\/\/innoticiasbo.com\/#organization","name":"innoticiasbo.com","url":"https:\/\/innoticiasbo.com\/","logo":{"@type":"ImageObject","inLanguage":"es","@id":"https:\/\/innoticiasbo.com\/#\/schema\/logo\/image\/","url":"https:\/\/i0.wp.com\/innoticiasbo.com\/wp-content\/uploads\/2026\/04\/cropped-IN-LOGO.png?fit=1476%2C1476&ssl=1","contentUrl":"https:\/\/i0.wp.com\/innoticiasbo.com\/wp-content\/uploads\/2026\/04\/cropped-IN-LOGO.png?fit=1476%2C1476&ssl=1","width":1476,"height":1476,"caption":"innoticiasbo.com"},"image":{"@id":"https:\/\/innoticiasbo.com\/#\/schema\/logo\/image\/"},"sameAs":["https:\/\/www.facebook.com\/innoticiasbolivia","https:\/\/x.com\/innoticiasbo","https:\/\/www.instagram.com\/innoticiasbo","https:\/\/www.youtube.com\/innoticiasbo"]},{"@type":"Person","@id":"https:\/\/innoticiasbo.com\/#\/schema\/person\/589cd527c4211df1b943bdad85ec07ce","name":"Prensa","image":{"@type":"ImageObject","inLanguage":"es","@id":"https:\/\/innoticiasbo.com\/#\/schema\/person\/image\/","url":"https:\/\/secure.gravatar.com\/avatar\/d359bbdf112023c1c0a3ec7fe1600657?s=96&d=mm&r=g","contentUrl":"https:\/\/secure.gravatar.com\/avatar\/d359bbdf112023c1c0a3ec7fe1600657?s=96&d=mm&r=g","caption":"Prensa"},"sameAs":["http:\/\/www.innoticiasbo.com"],"url":"https:\/\/innoticiasbo.com\/index.php\/author\/prensa\/"}]}},"jetpack_featured_media_url":"https:\/\/i0.wp.com\/innoticiasbo.com\/wp-content\/uploads\/2026\/01\/IMG-20260127-WA0064-scaled.jpg?fit=2560%2C1633&ssl=1","jetpack_likes_enabled":true,"jetpack_sharing_enabled":true,"jetpack_shortlink":"https:\/\/wp.me\/pg298x-2er","_links":{"self":[{"href":"https:\/\/innoticiasbo.com\/index.php\/wp-json\/wp\/v2\/posts\/8583","targetHints":{"allow":["GET"]}}],"collection":[{"href":"https:\/\/innoticiasbo.com\/index.php\/wp-json\/wp\/v2\/posts"}],"about":[{"href":"https:\/\/innoticiasbo.com\/index.php\/wp-json\/wp\/v2\/types\/post"}],"author":[{"embeddable":true,"href":"https:\/\/innoticiasbo.com\/index.php\/wp-json\/wp\/v2\/users\/2"}],"replies":[{"embeddable":true,"href":"https:\/\/innoticiasbo.com\/index.php\/wp-json\/wp\/v2\/comments?post=8583"}],"version-history":[{"count":1,"href":"https:\/\/innoticiasbo.com\/index.php\/wp-json\/wp\/v2\/posts\/8583\/revisions"}],"predecessor-version":[{"id":8584,"href":"https:\/\/innoticiasbo.com\/index.php\/wp-json\/wp\/v2\/posts\/8583\/revisions\/8584"}],"wp:featuredmedia":[{"embeddable":true,"href":"https:\/\/innoticiasbo.com\/index.php\/wp-json\/wp\/v2\/media\/8582"}],"wp:attachment":[{"href":"https:\/\/innoticiasbo.com\/index.php\/wp-json\/wp\/v2\/media?parent=8583"}],"wp:term":[{"taxonomy":"category","embeddable":true,"href":"https:\/\/innoticiasbo.com\/index.php\/wp-json\/wp\/v2\/categories?post=8583"},{"taxonomy":"post_tag","embeddable":true,"href":"https:\/\/innoticiasbo.com\/index.php\/wp-json\/wp\/v2\/tags?post=8583"}],"curies":[{"name":"wp","href":"https:\/\/api.w.org\/{rel}","templated":true}]}}