{"id":858,"date":"2024-09-19T16:30:58","date_gmt":"2024-09-19T16:30:58","guid":{"rendered":"https:\/\/innoticiasbo.com\/?p=858"},"modified":"2024-09-19T16:31:31","modified_gmt":"2024-09-19T16:31:31","slug":"evo-se-transporta-en-lujosa-vagoneta-de-propiedad-de-una-joven-de-21-anos-hija-de-una-mujer-con-narco-antecedentes","status":"publish","type":"post","link":"https:\/\/innoticiasbo.com\/index.php\/2024\/09\/19\/evo-se-transporta-en-lujosa-vagoneta-de-propiedad-de-una-joven-de-21-anos-hija-de-una-mujer-con-narco-antecedentes\/","title":{"rendered":"EVO SE TRANSPORTA EN LUJOSA VAGONETA DE PROPIEDAD DE UNA JOVEN DE 21 A\u00d1OS, HIJA DE UNA MUJER CON \u00abNARCO-ANTECEDENTES:"},"content":{"rendered":"\n<p>La Paz, 19 de septiembre de 2024.- El Ministro de Gobierno Eduardo del Castillo denunci\u00f3 que Evo Morales se transporta en una lujosa vagoneta a\u00f1o 2024 \u201cla cual est\u00e1 valuada en aproximadamente USD 90 mil y pertenece a una joven de nombre Tania Judith Nina Yapura de tan solo 21 a\u00f1os de edad. \u00bfQui\u00e9n tiene la capacidad adquisitiva para adquirir una vagoneta de esas caracter\u00edsticas a los 21 a\u00f1os de edad?\u201d, afirm\u00f3 el titular de gobierno.<\/p>\n\n\n\n<p>Del Castillo inform\u00f3 que presentaron ante la fiscal\u00eda una denuncia por legitimaci\u00f3n de ganancias il\u00edcitas ante la Fiscalia contra Thania Judith Nina la joven propietaria de la vagoneta cuya madre Tania Judith Nina Yapura tiene \u201cantecedentes de narcotraficante y fue sentenciada por el delito de transporte de sustancias controladas el a\u00f1o 2005 cuando fue encontrada con paquetes de coca\u00edna en un operativo de la FELCN. La autoridad inform\u00f3 que la mujer se benefici\u00f3 con una amnist\u00eda aprobada en el gobierno de Evo Morales.<\/p>\n\n\n\n<p>DETALLES DEL \u201cNARCOCASO\u201d REGISTRADO EL 2005<\/p>\n\n\n\n<p>Del Castillo inform\u00f3 que la madre de la joven de 21 a\u00f1os, Alicia Yapura Choque en fecha 28 de julio del 2005 en Bulo Bulo fue encontrada en poder de 1.258 gramos de cocaina la cual se encontraba en 3 paquetes de calzados.<\/p>\n\n\n\n<p><br>El padre de la joven que pag\u00f3 $us. 90.000 por este motorizado que es usado por Evo Morales en la marcha que parti\u00f3 de Caracollo a La Paz, El\u00edas Yapura Choque, de ocupaci\u00f3n agricultor fue detenido, la droga se encontraba en un cami\u00f3n Volvo color guindo con placa 688-NXY, este hecho se registr\u00f3 en 2005.<\/p>\n\n\n\n<figure class=\"wp-block-image size-large\"><img data-recalc-dims=\"1\" loading=\"lazy\" decoding=\"async\" width=\"640\" height=\"360\" src=\"https:\/\/i0.wp.com\/innoticiasbo.com\/wp-content\/uploads\/2024\/09\/fb_img_17267614031651204964924376633845.jpg?resize=640%2C360&#038;ssl=1\" alt=\"\" class=\"wp-image-855\" srcset=\"https:\/\/i0.wp.com\/innoticiasbo.com\/wp-content\/uploads\/2024\/09\/fb_img_17267614031651204964924376633845.jpg?resize=1024%2C576&amp;ssl=1 1024w, https:\/\/i0.wp.com\/innoticiasbo.com\/wp-content\/uploads\/2024\/09\/fb_img_17267614031651204964924376633845.jpg?resize=300%2C169&amp;ssl=1 300w, https:\/\/i0.wp.com\/innoticiasbo.com\/wp-content\/uploads\/2024\/09\/fb_img_17267614031651204964924376633845.jpg?resize=768%2C432&amp;ssl=1 768w, https:\/\/i0.wp.com\/innoticiasbo.com\/wp-content\/uploads\/2024\/09\/fb_img_17267614031651204964924376633845.jpg?w=1080&amp;ssl=1 1080w\" sizes=\"auto, (max-width: 640px) 100vw, 640px\" \/><\/figure>\n\n\n\n<figure class=\"wp-block-image\"><img data-recalc-dims=\"1\" loading=\"lazy\" decoding=\"async\" width=\"461\" height=\"1024\" src=\"https:\/\/i0.wp.com\/innoticiasbo.com\/wp-content\/uploads\/2024\/09\/fb_img_17267615534695448366482645148167.jpg?resize=461%2C1024&#038;ssl=1\" alt=\"\" class=\"wp-image-854\" srcset=\"https:\/\/i0.wp.com\/innoticiasbo.com\/wp-content\/uploads\/2024\/09\/fb_img_17267615534695448366482645148167.jpg?resize=461%2C1024&amp;ssl=1 461w, https:\/\/i0.wp.com\/innoticiasbo.com\/wp-content\/uploads\/2024\/09\/fb_img_17267615534695448366482645148167.jpg?resize=135%2C300&amp;ssl=1 135w, https:\/\/i0.wp.com\/innoticiasbo.com\/wp-content\/uploads\/2024\/09\/fb_img_17267615534695448366482645148167.jpg?w=576&amp;ssl=1 576w\" sizes=\"auto, (max-width: 461px) 100vw, 461px\" \/><\/figure>\n\n\n\n<figure class=\"wp-block-image\"><img data-recalc-dims=\"1\" loading=\"lazy\" decoding=\"async\" width=\"300\" height=\"159\" src=\"https:\/\/i0.wp.com\/innoticiasbo.com\/wp-content\/uploads\/2024\/09\/captura-de-pantalla-2024-09-19-113124-11502649393553944580.jpg?resize=300%2C159&#038;ssl=1\" alt=\"\" class=\"wp-image-856\" srcset=\"https:\/\/i0.wp.com\/innoticiasbo.com\/wp-content\/uploads\/2024\/09\/captura-de-pantalla-2024-09-19-113124-11502649393553944580.jpg?resize=300%2C159&amp;ssl=1 300w, https:\/\/i0.wp.com\/innoticiasbo.com\/wp-content\/uploads\/2024\/09\/captura-de-pantalla-2024-09-19-113124-11502649393553944580.jpg?resize=768%2C408&amp;ssl=1 768w, https:\/\/i0.wp.com\/innoticiasbo.com\/wp-content\/uploads\/2024\/09\/captura-de-pantalla-2024-09-19-113124-11502649393553944580.jpg?w=949&amp;ssl=1 949w\" sizes=\"auto, (max-width: 300px) 100vw, 300px\" \/><\/figure>\n\n\n\n<h1 class=\"wp-block-heading\">EduardoDelCastillo #vagoneta #marchaparasalvarbolivia #EvoMoralesAyna #AliciaYapuraChoque #narcotr\u00e1fico #innoticias<\/h1>\n","protected":false},"excerpt":{"rendered":"<p>La Paz, 19 de septiembre de 2024.- El Ministro de Gobierno Eduardo del Castillo denunci\u00f3 que Evo Morales se transporta en una lujosa vagoneta a\u00f1o 2024 \u201cla cual est\u00e1 valuada en aproximadamente USD 90 mil y pertenece a una joven de nombre Tania Judith Nina Yapura de tan solo 21 a\u00f1os de edad. \u00bfQui\u00e9n tiene&#8230;<\/p>\n","protected":false},"author":2,"featured_media":857,"comment_status":"open","ping_status":"open","sticky":false,"template":"","format":"standard","meta":{"_jetpack_memberships_contains_paid_content":false,"footnotes":"","jetpack_publicize_message":"","jetpack_publicize_feature_enabled":true,"jetpack_social_post_already_shared":true,"jetpack_social_options":{"image_generator_settings":{"template":"highway","enabled":false},"version":2}},"categories":[1,15],"tags":[],"class_list":["post-858","post","type-post","status-publish","format-standard","has-post-thumbnail","hentry","category-bolivia","category-seguridad"],"jetpack_publicize_connections":[],"yoast_head":"<!-- This site is optimized with the Yoast SEO plugin v23.4 - https:\/\/yoast.com\/wordpress\/plugins\/seo\/ -->\n<title>EVO SE TRANSPORTA EN LUJOSA VAGONETA DE PROPIEDAD DE UNA JOVEN DE 21 A\u00d1OS, HIJA DE UNA MUJER CON &quot;NARCO-ANTECEDENTES: - innoticiasbo.com<\/title>\n<meta name=\"robots\" content=\"index, follow, max-snippet:-1, max-image-preview:large, max-video-preview:-1\" \/>\n<link rel=\"canonical\" href=\"https:\/\/innoticiasbo.com\/index.php\/2024\/09\/19\/evo-se-transporta-en-lujosa-vagoneta-de-propiedad-de-una-joven-de-21-anos-hija-de-una-mujer-con-narco-antecedentes\/\" \/>\n<meta property=\"og:locale\" content=\"es_ES\" \/>\n<meta property=\"og:type\" content=\"article\" \/>\n<meta property=\"og:title\" content=\"EVO SE TRANSPORTA EN LUJOSA VAGONETA DE PROPIEDAD DE UNA JOVEN DE 21 A\u00d1OS, HIJA DE UNA MUJER CON &quot;NARCO-ANTECEDENTES: - innoticiasbo.com\" \/>\n<meta property=\"og:description\" content=\"La Paz, 19 de septiembre de 2024.- El Ministro de Gobierno Eduardo del Castillo denunci\u00f3 que Evo Morales se transporta en una lujosa vagoneta a\u00f1o 2024 \u201cla cual est\u00e1 valuada en aproximadamente USD 90 mil y pertenece a una joven de nombre Tania Judith Nina Yapura de tan solo 21 a\u00f1os de edad. \u00bfQui\u00e9n tiene...\" \/>\n<meta property=\"og:url\" content=\"https:\/\/innoticiasbo.com\/index.php\/2024\/09\/19\/evo-se-transporta-en-lujosa-vagoneta-de-propiedad-de-una-joven-de-21-anos-hija-de-una-mujer-con-narco-antecedentes\/\" \/>\n<meta property=\"og:site_name\" content=\"innoticiasbo.com\" \/>\n<meta property=\"article:publisher\" content=\"https:\/\/www.facebook.com\/innoticiasbolivia\" \/>\n<meta property=\"article:published_time\" content=\"2024-09-19T16:30:58+00:00\" \/>\n<meta property=\"article:modified_time\" content=\"2024-09-19T16:31:31+00:00\" \/>\n<meta property=\"og:image\" content=\"https:\/\/i0.wp.com\/innoticiasbo.com\/wp-content\/uploads\/2024\/09\/FB_IMG_1726761403165.jpg?fit=1080%2C608&ssl=1\" \/>\n\t<meta property=\"og:image:width\" content=\"1080\" \/>\n\t<meta property=\"og:image:height\" content=\"608\" \/>\n\t<meta property=\"og:image:type\" content=\"image\/jpeg\" \/>\n<meta name=\"author\" content=\"Prensa\" \/>\n<meta name=\"twitter:card\" content=\"summary_large_image\" \/>\n<meta name=\"twitter:creator\" content=\"@innoticiasbo\" \/>\n<meta name=\"twitter:site\" content=\"@innoticiasbo\" \/>\n<meta name=\"twitter:label1\" content=\"Escrito por\" \/>\n\t<meta name=\"twitter:data1\" content=\"Prensa\" \/>\n\t<meta name=\"twitter:label2\" content=\"Tiempo de lectura\" \/>\n\t<meta name=\"twitter:data2\" content=\"1 minuto\" \/>\n<script type=\"application\/ld+json\" class=\"yoast-schema-graph\">{\"@context\":\"https:\/\/schema.org\",\"@graph\":[{\"@type\":\"Article\",\"@id\":\"https:\/\/innoticiasbo.com\/index.php\/2024\/09\/19\/evo-se-transporta-en-lujosa-vagoneta-de-propiedad-de-una-joven-de-21-anos-hija-de-una-mujer-con-narco-antecedentes\/#article\",\"isPartOf\":{\"@id\":\"https:\/\/innoticiasbo.com\/index.php\/2024\/09\/19\/evo-se-transporta-en-lujosa-vagoneta-de-propiedad-de-una-joven-de-21-anos-hija-de-una-mujer-con-narco-antecedentes\/\"},\"author\":{\"name\":\"Prensa\",\"@id\":\"https:\/\/innoticiasbo.com\/#\/schema\/person\/589cd527c4211df1b943bdad85ec07ce\"},\"headline\":\"EVO SE TRANSPORTA EN LUJOSA VAGONETA DE PROPIEDAD DE UNA JOVEN DE 21 A\u00d1OS, HIJA DE UNA MUJER CON \u00abNARCO-ANTECEDENTES:\",\"datePublished\":\"2024-09-19T16:30:58+00:00\",\"dateModified\":\"2024-09-19T16:31:31+00:00\",\"mainEntityOfPage\":{\"@id\":\"https:\/\/innoticiasbo.com\/index.php\/2024\/09\/19\/evo-se-transporta-en-lujosa-vagoneta-de-propiedad-de-una-joven-de-21-anos-hija-de-una-mujer-con-narco-antecedentes\/\"},\"wordCount\":292,\"commentCount\":0,\"publisher\":{\"@id\":\"https:\/\/innoticiasbo.com\/#organization\"},\"image\":{\"@id\":\"https:\/\/innoticiasbo.com\/index.php\/2024\/09\/19\/evo-se-transporta-en-lujosa-vagoneta-de-propiedad-de-una-joven-de-21-anos-hija-de-una-mujer-con-narco-antecedentes\/#primaryimage\"},\"thumbnailUrl\":\"https:\/\/i0.wp.com\/innoticiasbo.com\/wp-content\/uploads\/2024\/09\/FB_IMG_1726761403165.jpg?fit=1080%2C608&ssl=1\",\"articleSection\":[\"Bolivia\",\"Seguridad\"],\"inLanguage\":\"es\",\"potentialAction\":[{\"@type\":\"CommentAction\",\"name\":\"Comment\",\"target\":[\"https:\/\/innoticiasbo.com\/index.php\/2024\/09\/19\/evo-se-transporta-en-lujosa-vagoneta-de-propiedad-de-una-joven-de-21-anos-hija-de-una-mujer-con-narco-antecedentes\/#respond\"]}]},{\"@type\":\"WebPage\",\"@id\":\"https:\/\/innoticiasbo.com\/index.php\/2024\/09\/19\/evo-se-transporta-en-lujosa-vagoneta-de-propiedad-de-una-joven-de-21-anos-hija-de-una-mujer-con-narco-antecedentes\/\",\"url\":\"https:\/\/innoticiasbo.com\/index.php\/2024\/09\/19\/evo-se-transporta-en-lujosa-vagoneta-de-propiedad-de-una-joven-de-21-anos-hija-de-una-mujer-con-narco-antecedentes\/\",\"name\":\"EVO SE TRANSPORTA EN LUJOSA VAGONETA DE PROPIEDAD DE UNA JOVEN DE 21 A\u00d1OS, HIJA DE UNA MUJER CON \\\"NARCO-ANTECEDENTES: - innoticiasbo.com\",\"isPartOf\":{\"@id\":\"https:\/\/innoticiasbo.com\/#website\"},\"primaryImageOfPage\":{\"@id\":\"https:\/\/innoticiasbo.com\/index.php\/2024\/09\/19\/evo-se-transporta-en-lujosa-vagoneta-de-propiedad-de-una-joven-de-21-anos-hija-de-una-mujer-con-narco-antecedentes\/#primaryimage\"},\"image\":{\"@id\":\"https:\/\/innoticiasbo.com\/index.php\/2024\/09\/19\/evo-se-transporta-en-lujosa-vagoneta-de-propiedad-de-una-joven-de-21-anos-hija-de-una-mujer-con-narco-antecedentes\/#primaryimage\"},\"thumbnailUrl\":\"https:\/\/i0.wp.com\/innoticiasbo.com\/wp-content\/uploads\/2024\/09\/FB_IMG_1726761403165.jpg?fit=1080%2C608&ssl=1\",\"datePublished\":\"2024-09-19T16:30:58+00:00\",\"dateModified\":\"2024-09-19T16:31:31+00:00\",\"breadcrumb\":{\"@id\":\"https:\/\/innoticiasbo.com\/index.php\/2024\/09\/19\/evo-se-transporta-en-lujosa-vagoneta-de-propiedad-de-una-joven-de-21-anos-hija-de-una-mujer-con-narco-antecedentes\/#breadcrumb\"},\"inLanguage\":\"es\",\"potentialAction\":[{\"@type\":\"ReadAction\",\"target\":[\"https:\/\/innoticiasbo.com\/index.php\/2024\/09\/19\/evo-se-transporta-en-lujosa-vagoneta-de-propiedad-de-una-joven-de-21-anos-hija-de-una-mujer-con-narco-antecedentes\/\"]}]},{\"@type\":\"ImageObject\",\"inLanguage\":\"es\",\"@id\":\"https:\/\/innoticiasbo.com\/index.php\/2024\/09\/19\/evo-se-transporta-en-lujosa-vagoneta-de-propiedad-de-una-joven-de-21-anos-hija-de-una-mujer-con-narco-antecedentes\/#primaryimage\",\"url\":\"https:\/\/i0.wp.com\/innoticiasbo.com\/wp-content\/uploads\/2024\/09\/FB_IMG_1726761403165.jpg?fit=1080%2C608&ssl=1\",\"contentUrl\":\"https:\/\/i0.wp.com\/innoticiasbo.com\/wp-content\/uploads\/2024\/09\/FB_IMG_1726761403165.jpg?fit=1080%2C608&ssl=1\",\"width\":1080,\"height\":608},{\"@type\":\"BreadcrumbList\",\"@id\":\"https:\/\/innoticiasbo.com\/index.php\/2024\/09\/19\/evo-se-transporta-en-lujosa-vagoneta-de-propiedad-de-una-joven-de-21-anos-hija-de-una-mujer-con-narco-antecedentes\/#breadcrumb\",\"itemListElement\":[{\"@type\":\"ListItem\",\"position\":1,\"name\":\"Portada\",\"item\":\"https:\/\/innoticiasbo.com\/\"},{\"@type\":\"ListItem\",\"position\":2,\"name\":\"EVO SE TRANSPORTA EN LUJOSA VAGONETA DE PROPIEDAD DE UNA JOVEN DE 21 A\u00d1OS, HIJA DE UNA MUJER CON \u00abNARCO-ANTECEDENTES:\"}]},{\"@type\":\"WebSite\",\"@id\":\"https:\/\/innoticiasbo.com\/#website\",\"url\":\"https:\/\/innoticiasbo.com\/\",\"name\":\"innoticiasbo.com\",\"description\":\"\",\"publisher\":{\"@id\":\"https:\/\/innoticiasbo.com\/#organization\"},\"potentialAction\":[{\"@type\":\"SearchAction\",\"target\":{\"@type\":\"EntryPoint\",\"urlTemplate\":\"https:\/\/innoticiasbo.com\/?s={search_term_string}\"},\"query-input\":{\"@type\":\"PropertyValueSpecification\",\"valueRequired\":true,\"valueName\":\"search_term_string\"}}],\"inLanguage\":\"es\"},{\"@type\":\"Organization\",\"@id\":\"https:\/\/innoticiasbo.com\/#organization\",\"name\":\"innoticiasbo.com\",\"url\":\"https:\/\/innoticiasbo.com\/\",\"logo\":{\"@type\":\"ImageObject\",\"inLanguage\":\"es\",\"@id\":\"https:\/\/innoticiasbo.com\/#\/schema\/logo\/image\/\",\"url\":\"https:\/\/i0.wp.com\/innoticiasbo.com\/wp-content\/uploads\/2026\/04\/cropped-IN-LOGO.png?fit=1476%2C1476&ssl=1\",\"contentUrl\":\"https:\/\/i0.wp.com\/innoticiasbo.com\/wp-content\/uploads\/2026\/04\/cropped-IN-LOGO.png?fit=1476%2C1476&ssl=1\",\"width\":1476,\"height\":1476,\"caption\":\"innoticiasbo.com\"},\"image\":{\"@id\":\"https:\/\/innoticiasbo.com\/#\/schema\/logo\/image\/\"},\"sameAs\":[\"https:\/\/www.facebook.com\/innoticiasbolivia\",\"https:\/\/x.com\/innoticiasbo\",\"https:\/\/www.instagram.com\/innoticiasbo\",\"https:\/\/www.youtube.com\/innoticiasbo\"]},{\"@type\":\"Person\",\"@id\":\"https:\/\/innoticiasbo.com\/#\/schema\/person\/589cd527c4211df1b943bdad85ec07ce\",\"name\":\"Prensa\",\"image\":{\"@type\":\"ImageObject\",\"inLanguage\":\"es\",\"@id\":\"https:\/\/innoticiasbo.com\/#\/schema\/person\/image\/\",\"url\":\"https:\/\/secure.gravatar.com\/avatar\/d359bbdf112023c1c0a3ec7fe1600657?s=96&d=mm&r=g\",\"contentUrl\":\"https:\/\/secure.gravatar.com\/avatar\/d359bbdf112023c1c0a3ec7fe1600657?s=96&d=mm&r=g\",\"caption\":\"Prensa\"},\"sameAs\":[\"http:\/\/www.innoticiasbo.com\"],\"url\":\"https:\/\/innoticiasbo.com\/index.php\/author\/prensa\/\"}]}<\/script>\n<!-- \/ Yoast SEO plugin. -->","yoast_head_json":{"title":"EVO SE TRANSPORTA EN LUJOSA VAGONETA DE PROPIEDAD DE UNA JOVEN DE 21 A\u00d1OS, HIJA DE UNA MUJER CON \"NARCO-ANTECEDENTES: - innoticiasbo.com","robots":{"index":"index","follow":"follow","max-snippet":"max-snippet:-1","max-image-preview":"max-image-preview:large","max-video-preview":"max-video-preview:-1"},"canonical":"https:\/\/innoticiasbo.com\/index.php\/2024\/09\/19\/evo-se-transporta-en-lujosa-vagoneta-de-propiedad-de-una-joven-de-21-anos-hija-de-una-mujer-con-narco-antecedentes\/","og_locale":"es_ES","og_type":"article","og_title":"EVO SE TRANSPORTA EN LUJOSA VAGONETA DE PROPIEDAD DE UNA JOVEN DE 21 A\u00d1OS, HIJA DE UNA MUJER CON \"NARCO-ANTECEDENTES: - innoticiasbo.com","og_description":"La Paz, 19 de septiembre de 2024.- El Ministro de Gobierno Eduardo del Castillo denunci\u00f3 que Evo Morales se transporta en una lujosa vagoneta a\u00f1o 2024 \u201cla cual est\u00e1 valuada en aproximadamente USD 90 mil y pertenece a una joven de nombre Tania Judith Nina Yapura de tan solo 21 a\u00f1os de edad. \u00bfQui\u00e9n tiene...","og_url":"https:\/\/innoticiasbo.com\/index.php\/2024\/09\/19\/evo-se-transporta-en-lujosa-vagoneta-de-propiedad-de-una-joven-de-21-anos-hija-de-una-mujer-con-narco-antecedentes\/","og_site_name":"innoticiasbo.com","article_publisher":"https:\/\/www.facebook.com\/innoticiasbolivia","article_published_time":"2024-09-19T16:30:58+00:00","article_modified_time":"2024-09-19T16:31:31+00:00","og_image":[{"width":1080,"height":608,"url":"https:\/\/i0.wp.com\/innoticiasbo.com\/wp-content\/uploads\/2024\/09\/FB_IMG_1726761403165.jpg?fit=1080%2C608&ssl=1","type":"image\/jpeg"}],"author":"Prensa","twitter_card":"summary_large_image","twitter_creator":"@innoticiasbo","twitter_site":"@innoticiasbo","twitter_misc":{"Escrito por":"Prensa","Tiempo de lectura":"1 minuto"},"schema":{"@context":"https:\/\/schema.org","@graph":[{"@type":"Article","@id":"https:\/\/innoticiasbo.com\/index.php\/2024\/09\/19\/evo-se-transporta-en-lujosa-vagoneta-de-propiedad-de-una-joven-de-21-anos-hija-de-una-mujer-con-narco-antecedentes\/#article","isPartOf":{"@id":"https:\/\/innoticiasbo.com\/index.php\/2024\/09\/19\/evo-se-transporta-en-lujosa-vagoneta-de-propiedad-de-una-joven-de-21-anos-hija-de-una-mujer-con-narco-antecedentes\/"},"author":{"name":"Prensa","@id":"https:\/\/innoticiasbo.com\/#\/schema\/person\/589cd527c4211df1b943bdad85ec07ce"},"headline":"EVO SE TRANSPORTA EN LUJOSA VAGONETA DE PROPIEDAD DE UNA JOVEN DE 21 A\u00d1OS, HIJA DE UNA MUJER CON \u00abNARCO-ANTECEDENTES:","datePublished":"2024-09-19T16:30:58+00:00","dateModified":"2024-09-19T16:31:31+00:00","mainEntityOfPage":{"@id":"https:\/\/innoticiasbo.com\/index.php\/2024\/09\/19\/evo-se-transporta-en-lujosa-vagoneta-de-propiedad-de-una-joven-de-21-anos-hija-de-una-mujer-con-narco-antecedentes\/"},"wordCount":292,"commentCount":0,"publisher":{"@id":"https:\/\/innoticiasbo.com\/#organization"},"image":{"@id":"https:\/\/innoticiasbo.com\/index.php\/2024\/09\/19\/evo-se-transporta-en-lujosa-vagoneta-de-propiedad-de-una-joven-de-21-anos-hija-de-una-mujer-con-narco-antecedentes\/#primaryimage"},"thumbnailUrl":"https:\/\/i0.wp.com\/innoticiasbo.com\/wp-content\/uploads\/2024\/09\/FB_IMG_1726761403165.jpg?fit=1080%2C608&ssl=1","articleSection":["Bolivia","Seguridad"],"inLanguage":"es","potentialAction":[{"@type":"CommentAction","name":"Comment","target":["https:\/\/innoticiasbo.com\/index.php\/2024\/09\/19\/evo-se-transporta-en-lujosa-vagoneta-de-propiedad-de-una-joven-de-21-anos-hija-de-una-mujer-con-narco-antecedentes\/#respond"]}]},{"@type":"WebPage","@id":"https:\/\/innoticiasbo.com\/index.php\/2024\/09\/19\/evo-se-transporta-en-lujosa-vagoneta-de-propiedad-de-una-joven-de-21-anos-hija-de-una-mujer-con-narco-antecedentes\/","url":"https:\/\/innoticiasbo.com\/index.php\/2024\/09\/19\/evo-se-transporta-en-lujosa-vagoneta-de-propiedad-de-una-joven-de-21-anos-hija-de-una-mujer-con-narco-antecedentes\/","name":"EVO SE TRANSPORTA EN LUJOSA VAGONETA DE PROPIEDAD DE UNA JOVEN DE 21 A\u00d1OS, HIJA DE UNA MUJER CON \"NARCO-ANTECEDENTES: - innoticiasbo.com","isPartOf":{"@id":"https:\/\/innoticiasbo.com\/#website"},"primaryImageOfPage":{"@id":"https:\/\/innoticiasbo.com\/index.php\/2024\/09\/19\/evo-se-transporta-en-lujosa-vagoneta-de-propiedad-de-una-joven-de-21-anos-hija-de-una-mujer-con-narco-antecedentes\/#primaryimage"},"image":{"@id":"https:\/\/innoticiasbo.com\/index.php\/2024\/09\/19\/evo-se-transporta-en-lujosa-vagoneta-de-propiedad-de-una-joven-de-21-anos-hija-de-una-mujer-con-narco-antecedentes\/#primaryimage"},"thumbnailUrl":"https:\/\/i0.wp.com\/innoticiasbo.com\/wp-content\/uploads\/2024\/09\/FB_IMG_1726761403165.jpg?fit=1080%2C608&ssl=1","datePublished":"2024-09-19T16:30:58+00:00","dateModified":"2024-09-19T16:31:31+00:00","breadcrumb":{"@id":"https:\/\/innoticiasbo.com\/index.php\/2024\/09\/19\/evo-se-transporta-en-lujosa-vagoneta-de-propiedad-de-una-joven-de-21-anos-hija-de-una-mujer-con-narco-antecedentes\/#breadcrumb"},"inLanguage":"es","potentialAction":[{"@type":"ReadAction","target":["https:\/\/innoticiasbo.com\/index.php\/2024\/09\/19\/evo-se-transporta-en-lujosa-vagoneta-de-propiedad-de-una-joven-de-21-anos-hija-de-una-mujer-con-narco-antecedentes\/"]}]},{"@type":"ImageObject","inLanguage":"es","@id":"https:\/\/innoticiasbo.com\/index.php\/2024\/09\/19\/evo-se-transporta-en-lujosa-vagoneta-de-propiedad-de-una-joven-de-21-anos-hija-de-una-mujer-con-narco-antecedentes\/#primaryimage","url":"https:\/\/i0.wp.com\/innoticiasbo.com\/wp-content\/uploads\/2024\/09\/FB_IMG_1726761403165.jpg?fit=1080%2C608&ssl=1","contentUrl":"https:\/\/i0.wp.com\/innoticiasbo.com\/wp-content\/uploads\/2024\/09\/FB_IMG_1726761403165.jpg?fit=1080%2C608&ssl=1","width":1080,"height":608},{"@type":"BreadcrumbList","@id":"https:\/\/innoticiasbo.com\/index.php\/2024\/09\/19\/evo-se-transporta-en-lujosa-vagoneta-de-propiedad-de-una-joven-de-21-anos-hija-de-una-mujer-con-narco-antecedentes\/#breadcrumb","itemListElement":[{"@type":"ListItem","position":1,"name":"Portada","item":"https:\/\/innoticiasbo.com\/"},{"@type":"ListItem","position":2,"name":"EVO SE TRANSPORTA EN LUJOSA VAGONETA DE PROPIEDAD DE UNA JOVEN DE 21 A\u00d1OS, HIJA DE UNA MUJER CON \u00abNARCO-ANTECEDENTES:"}]},{"@type":"WebSite","@id":"https:\/\/innoticiasbo.com\/#website","url":"https:\/\/innoticiasbo.com\/","name":"innoticiasbo.com","description":"","publisher":{"@id":"https:\/\/innoticiasbo.com\/#organization"},"potentialAction":[{"@type":"SearchAction","target":{"@type":"EntryPoint","urlTemplate":"https:\/\/innoticiasbo.com\/?s={search_term_string}"},"query-input":{"@type":"PropertyValueSpecification","valueRequired":true,"valueName":"search_term_string"}}],"inLanguage":"es"},{"@type":"Organization","@id":"https:\/\/innoticiasbo.com\/#organization","name":"innoticiasbo.com","url":"https:\/\/innoticiasbo.com\/","logo":{"@type":"ImageObject","inLanguage":"es","@id":"https:\/\/innoticiasbo.com\/#\/schema\/logo\/image\/","url":"https:\/\/i0.wp.com\/innoticiasbo.com\/wp-content\/uploads\/2026\/04\/cropped-IN-LOGO.png?fit=1476%2C1476&ssl=1","contentUrl":"https:\/\/i0.wp.com\/innoticiasbo.com\/wp-content\/uploads\/2026\/04\/cropped-IN-LOGO.png?fit=1476%2C1476&ssl=1","width":1476,"height":1476,"caption":"innoticiasbo.com"},"image":{"@id":"https:\/\/innoticiasbo.com\/#\/schema\/logo\/image\/"},"sameAs":["https:\/\/www.facebook.com\/innoticiasbolivia","https:\/\/x.com\/innoticiasbo","https:\/\/www.instagram.com\/innoticiasbo","https:\/\/www.youtube.com\/innoticiasbo"]},{"@type":"Person","@id":"https:\/\/innoticiasbo.com\/#\/schema\/person\/589cd527c4211df1b943bdad85ec07ce","name":"Prensa","image":{"@type":"ImageObject","inLanguage":"es","@id":"https:\/\/innoticiasbo.com\/#\/schema\/person\/image\/","url":"https:\/\/secure.gravatar.com\/avatar\/d359bbdf112023c1c0a3ec7fe1600657?s=96&d=mm&r=g","contentUrl":"https:\/\/secure.gravatar.com\/avatar\/d359bbdf112023c1c0a3ec7fe1600657?s=96&d=mm&r=g","caption":"Prensa"},"sameAs":["http:\/\/www.innoticiasbo.com"],"url":"https:\/\/innoticiasbo.com\/index.php\/author\/prensa\/"}]}},"jetpack_featured_media_url":"https:\/\/i0.wp.com\/innoticiasbo.com\/wp-content\/uploads\/2024\/09\/FB_IMG_1726761403165.jpg?fit=1080%2C608&ssl=1","jetpack_likes_enabled":true,"jetpack_sharing_enabled":true,"jetpack_shortlink":"https:\/\/wp.me\/pg298x-dQ","_links":{"self":[{"href":"https:\/\/innoticiasbo.com\/index.php\/wp-json\/wp\/v2\/posts\/858","targetHints":{"allow":["GET"]}}],"collection":[{"href":"https:\/\/innoticiasbo.com\/index.php\/wp-json\/wp\/v2\/posts"}],"about":[{"href":"https:\/\/innoticiasbo.com\/index.php\/wp-json\/wp\/v2\/types\/post"}],"author":[{"embeddable":true,"href":"https:\/\/innoticiasbo.com\/index.php\/wp-json\/wp\/v2\/users\/2"}],"replies":[{"embeddable":true,"href":"https:\/\/innoticiasbo.com\/index.php\/wp-json\/wp\/v2\/comments?post=858"}],"version-history":[{"count":1,"href":"https:\/\/innoticiasbo.com\/index.php\/wp-json\/wp\/v2\/posts\/858\/revisions"}],"predecessor-version":[{"id":859,"href":"https:\/\/innoticiasbo.com\/index.php\/wp-json\/wp\/v2\/posts\/858\/revisions\/859"}],"wp:featuredmedia":[{"embeddable":true,"href":"https:\/\/innoticiasbo.com\/index.php\/wp-json\/wp\/v2\/media\/857"}],"wp:attachment":[{"href":"https:\/\/innoticiasbo.com\/index.php\/wp-json\/wp\/v2\/media?parent=858"}],"wp:term":[{"taxonomy":"category","embeddable":true,"href":"https:\/\/innoticiasbo.com\/index.php\/wp-json\/wp\/v2\/categories?post=858"},{"taxonomy":"post_tag","embeddable":true,"href":"https:\/\/innoticiasbo.com\/index.php\/wp-json\/wp\/v2\/tags?post=858"}],"curies":[{"name":"wp","href":"https:\/\/api.w.org\/{rel}","templated":true}]}}