{"id":8573,"date":"2026-01-26T11:34:43","date_gmt":"2026-01-26T15:34:43","guid":{"rendered":"https:\/\/innoticiasbo.com\/?p=8573"},"modified":"2026-01-26T11:35:12","modified_gmt":"2026-01-26T15:35:12","slug":"evo-morales-habla-desde-la-clandestinidad-y-apunta-al-gobierno-por-el-escandalo-de-las-narcomaletas","status":"publish","type":"post","link":"https:\/\/innoticiasbo.com\/index.php\/2026\/01\/26\/evo-morales-habla-desde-la-clandestinidad-y-apunta-al-gobierno-por-el-escandalo-de-las-narcomaletas\/","title":{"rendered":"EVO MORALES HABLA DESDE LA CLANDESTINIDAD Y APUNTA AL GOBIERNO POR EL ESC\u00c1NDALO DE LAS \u201cNARCOMALETAS\u201d"},"content":{"rendered":"<p>26 de enero de 2026.- El expresidente y l\u00edder cocalero Evo Morales se pronunci\u00f3 desde la clandestinidad sobre el denominado caso de las \u201cmaletas\u201d, se\u00f1alando que el hecho despierta serias y fundadas sospechas sobre una posible implicaci\u00f3n de autoridades judiciales, gubernamentales y policiales con redes del narcotr\u00e1fico.<\/p>\n<p><img data-recalc-dims=\"1\" loading=\"lazy\" decoding=\"async\" src=\"https:\/\/i0.wp.com\/innoticiasbo.com\/wp-content\/uploads\/2026\/01\/evo-morales2366446001759874566.jpg?resize=640%2C412&#038;ssl=1\" class=\"wp-image-8570 alignnone size-full\" width=\"640\" height=\"412\" srcset=\"https:\/\/i0.wp.com\/innoticiasbo.com\/wp-content\/uploads\/2026\/01\/evo-morales2366446001759874566.jpg?w=1486&amp;ssl=1 1486w, https:\/\/i0.wp.com\/innoticiasbo.com\/wp-content\/uploads\/2026\/01\/evo-morales2366446001759874566.jpg?resize=300%2C193&amp;ssl=1 300w, https:\/\/i0.wp.com\/innoticiasbo.com\/wp-content\/uploads\/2026\/01\/evo-morales2366446001759874566.jpg?resize=1024%2C659&amp;ssl=1 1024w, https:\/\/i0.wp.com\/innoticiasbo.com\/wp-content\/uploads\/2026\/01\/evo-morales2366446001759874566.jpg?resize=768%2C495&amp;ssl=1 768w, https:\/\/i0.wp.com\/innoticiasbo.com\/wp-content\/uploads\/2026\/01\/evo-morales2366446001759874566.jpg?w=1280&amp;ssl=1 1280w\" sizes=\"auto, (max-width: 640px) 100vw, 640px\" \/><\/p>\n<p>Morales afirm\u00f3 que en apenas dos meses de gesti\u00f3n gubernamental se han registrado hechos de \u201cextrema gravedad\u201d que no fueron esclarecidos, entre ellos la incautaci\u00f3n en Chile de un cargamento de madera proveniente de Bolivia con cerca de 700 kilos de coca\u00edna, el asesinato del exdirector del Senasag en Tarija, a quien calific\u00f3 como \u201chombre de confianza de Rodrigo Paz\u201d, y el reciente esc\u00e1ndalo de 32 maletas que presumiblemente conten\u00edan droga y armas.<\/p>\n<p><img data-recalc-dims=\"1\" loading=\"lazy\" decoding=\"async\" src=\"https:\/\/i0.wp.com\/innoticiasbo.com\/wp-content\/uploads\/2026\/01\/img-20260126-wa00912831260759461324019.jpg?resize=640%2C568&#038;ssl=1\" class=\"wp-image-8571 alignnone size-full\" width=\"640\" height=\"568\" srcset=\"https:\/\/i0.wp.com\/innoticiasbo.com\/wp-content\/uploads\/2026\/01\/img-20260126-wa00912831260759461324019.jpg?w=646&amp;ssl=1 646w, https:\/\/i0.wp.com\/innoticiasbo.com\/wp-content\/uploads\/2026\/01\/img-20260126-wa00912831260759461324019.jpg?resize=300%2C266&amp;ssl=1 300w\" sizes=\"auto, (max-width: 640px) 100vw, 640px\" \/><\/p>\n<p>El exmandatario cuestion\u00f3 que estos hechos se produzcan en un contexto marcado por la presencia de la DEA en Bolivia. \u201cResulta particularmente alarmante que estos hechos se produzcan de manera reiterada en un contexto marcado por la presencia de la DEA en Bolivia, cuando antes no se conoc\u00edan casos de esta magnitud\u201d, escribi\u00f3.<\/p>\n<p>En ese marco, exigi\u00f3 una investigaci\u00f3n independiente, imparcial y responsable, adem\u00e1s de transparencia, respuestas claras y responsabilidades pol\u00edticas inmediatas.<\/p>\n","protected":false},"excerpt":{"rendered":"<p>26 de enero de 2026.- El expresidente y l\u00edder cocalero Evo Morales se pronunci\u00f3 desde la clandestinidad sobre el denominado caso de las \u201cmaletas\u201d, se\u00f1alando que el hecho despierta serias y fundadas sospechas sobre una posible implicaci\u00f3n de autoridades judiciales, gubernamentales y policiales con redes del narcotr\u00e1fico. Morales afirm\u00f3 que en apenas dos meses de&#8230;<\/p>\n","protected":false},"author":2,"featured_media":8572,"comment_status":"open","ping_status":"open","sticky":false,"template":"","format":"standard","meta":{"_jetpack_memberships_contains_paid_content":false,"footnotes":"","jetpack_publicize_message":"","jetpack_publicize_feature_enabled":true,"jetpack_social_post_already_shared":true,"jetpack_social_options":{"image_generator_settings":{"template":"highway","enabled":false},"version":2}},"categories":[1,3],"tags":[1126,1127,69,22],"class_list":["post-8573","post","type-post","status-publish","format-standard","has-post-thumbnail","hentry","category-bolivia","category-politica","tag-caso-maletas","tag-clandestinidad","tag-evo-morales","tag-innoticias"],"jetpack_publicize_connections":[],"yoast_head":"<!-- This site is optimized with the Yoast SEO plugin v23.4 - https:\/\/yoast.com\/wordpress\/plugins\/seo\/ -->\n<title>EVO MORALES HABLA DESDE LA CLANDESTINIDAD Y APUNTA AL GOBIERNO POR EL ESC\u00c1NDALO DE LAS \u201cNARCOMALETAS\u201d - innoticiasbo.com<\/title>\n<meta name=\"robots\" content=\"index, follow, max-snippet:-1, max-image-preview:large, max-video-preview:-1\" \/>\n<link rel=\"canonical\" href=\"https:\/\/innoticiasbo.com\/index.php\/2026\/01\/26\/evo-morales-habla-desde-la-clandestinidad-y-apunta-al-gobierno-por-el-escandalo-de-las-narcomaletas\/\" \/>\n<meta property=\"og:locale\" content=\"es_ES\" \/>\n<meta property=\"og:type\" content=\"article\" \/>\n<meta property=\"og:title\" content=\"EVO MORALES HABLA DESDE LA CLANDESTINIDAD Y APUNTA AL GOBIERNO POR EL ESC\u00c1NDALO DE LAS \u201cNARCOMALETAS\u201d - innoticiasbo.com\" \/>\n<meta property=\"og:description\" content=\"26 de enero de 2026.- El expresidente y l\u00edder cocalero Evo Morales se pronunci\u00f3 desde la clandestinidad sobre el denominado caso de las \u201cmaletas\u201d, se\u00f1alando que el hecho despierta serias y fundadas sospechas sobre una posible implicaci\u00f3n de autoridades judiciales, gubernamentales y policiales con redes del narcotr\u00e1fico. Morales afirm\u00f3 que en apenas dos meses de...\" \/>\n<meta property=\"og:url\" content=\"https:\/\/innoticiasbo.com\/index.php\/2026\/01\/26\/evo-morales-habla-desde-la-clandestinidad-y-apunta-al-gobierno-por-el-escandalo-de-las-narcomaletas\/\" \/>\n<meta property=\"og:site_name\" content=\"innoticiasbo.com\" \/>\n<meta property=\"article:publisher\" content=\"https:\/\/www.facebook.com\/innoticiasbolivia\" \/>\n<meta property=\"article:published_time\" content=\"2026-01-26T15:34:43+00:00\" \/>\n<meta property=\"article:modified_time\" content=\"2026-01-26T15:35:12+00:00\" \/>\n<meta property=\"og:image\" content=\"https:\/\/i0.wp.com\/innoticiasbo.com\/wp-content\/uploads\/2026\/01\/Evo-Morales.jpg?fit=1486%2C957&ssl=1\" \/>\n\t<meta property=\"og:image:width\" content=\"1486\" \/>\n\t<meta property=\"og:image:height\" content=\"957\" \/>\n\t<meta property=\"og:image:type\" content=\"image\/jpeg\" \/>\n<meta name=\"author\" content=\"Prensa\" \/>\n<meta name=\"twitter:card\" content=\"summary_large_image\" \/>\n<meta name=\"twitter:creator\" content=\"@innoticiasbo\" \/>\n<meta name=\"twitter:site\" content=\"@innoticiasbo\" \/>\n<meta name=\"twitter:label1\" content=\"Escrito por\" \/>\n\t<meta name=\"twitter:data1\" content=\"Prensa\" \/>\n\t<meta name=\"twitter:label2\" content=\"Tiempo de lectura\" \/>\n\t<meta name=\"twitter:data2\" content=\"1 minuto\" \/>\n<script type=\"application\/ld+json\" class=\"yoast-schema-graph\">{\"@context\":\"https:\/\/schema.org\",\"@graph\":[{\"@type\":\"Article\",\"@id\":\"https:\/\/innoticiasbo.com\/index.php\/2026\/01\/26\/evo-morales-habla-desde-la-clandestinidad-y-apunta-al-gobierno-por-el-escandalo-de-las-narcomaletas\/#article\",\"isPartOf\":{\"@id\":\"https:\/\/innoticiasbo.com\/index.php\/2026\/01\/26\/evo-morales-habla-desde-la-clandestinidad-y-apunta-al-gobierno-por-el-escandalo-de-las-narcomaletas\/\"},\"author\":{\"name\":\"Prensa\",\"@id\":\"https:\/\/innoticiasbo.com\/#\/schema\/person\/589cd527c4211df1b943bdad85ec07ce\"},\"headline\":\"EVO MORALES HABLA DESDE LA CLANDESTINIDAD Y APUNTA AL GOBIERNO POR EL ESC\u00c1NDALO DE LAS \u201cNARCOMALETAS\u201d\",\"datePublished\":\"2026-01-26T15:34:43+00:00\",\"dateModified\":\"2026-01-26T15:35:12+00:00\",\"mainEntityOfPage\":{\"@id\":\"https:\/\/innoticiasbo.com\/index.php\/2026\/01\/26\/evo-morales-habla-desde-la-clandestinidad-y-apunta-al-gobierno-por-el-escandalo-de-las-narcomaletas\/\"},\"wordCount\":219,\"commentCount\":0,\"publisher\":{\"@id\":\"https:\/\/innoticiasbo.com\/#organization\"},\"image\":{\"@id\":\"https:\/\/innoticiasbo.com\/index.php\/2026\/01\/26\/evo-morales-habla-desde-la-clandestinidad-y-apunta-al-gobierno-por-el-escandalo-de-las-narcomaletas\/#primaryimage\"},\"thumbnailUrl\":\"https:\/\/i0.wp.com\/innoticiasbo.com\/wp-content\/uploads\/2026\/01\/Evo-Morales.jpg?fit=1486%2C957&ssl=1\",\"keywords\":[\"caso maletas\",\"clandestinidad\",\"Evo Morales\",\"innoticias\"],\"articleSection\":[\"Bolivia\",\"Pol\u00edtica\"],\"inLanguage\":\"es\",\"potentialAction\":[{\"@type\":\"CommentAction\",\"name\":\"Comment\",\"target\":[\"https:\/\/innoticiasbo.com\/index.php\/2026\/01\/26\/evo-morales-habla-desde-la-clandestinidad-y-apunta-al-gobierno-por-el-escandalo-de-las-narcomaletas\/#respond\"]}]},{\"@type\":\"WebPage\",\"@id\":\"https:\/\/innoticiasbo.com\/index.php\/2026\/01\/26\/evo-morales-habla-desde-la-clandestinidad-y-apunta-al-gobierno-por-el-escandalo-de-las-narcomaletas\/\",\"url\":\"https:\/\/innoticiasbo.com\/index.php\/2026\/01\/26\/evo-morales-habla-desde-la-clandestinidad-y-apunta-al-gobierno-por-el-escandalo-de-las-narcomaletas\/\",\"name\":\"EVO MORALES HABLA DESDE LA CLANDESTINIDAD Y APUNTA AL GOBIERNO POR EL ESC\u00c1NDALO DE LAS \u201cNARCOMALETAS\u201d - innoticiasbo.com\",\"isPartOf\":{\"@id\":\"https:\/\/innoticiasbo.com\/#website\"},\"primaryImageOfPage\":{\"@id\":\"https:\/\/innoticiasbo.com\/index.php\/2026\/01\/26\/evo-morales-habla-desde-la-clandestinidad-y-apunta-al-gobierno-por-el-escandalo-de-las-narcomaletas\/#primaryimage\"},\"image\":{\"@id\":\"https:\/\/innoticiasbo.com\/index.php\/2026\/01\/26\/evo-morales-habla-desde-la-clandestinidad-y-apunta-al-gobierno-por-el-escandalo-de-las-narcomaletas\/#primaryimage\"},\"thumbnailUrl\":\"https:\/\/i0.wp.com\/innoticiasbo.com\/wp-content\/uploads\/2026\/01\/Evo-Morales.jpg?fit=1486%2C957&ssl=1\",\"datePublished\":\"2026-01-26T15:34:43+00:00\",\"dateModified\":\"2026-01-26T15:35:12+00:00\",\"breadcrumb\":{\"@id\":\"https:\/\/innoticiasbo.com\/index.php\/2026\/01\/26\/evo-morales-habla-desde-la-clandestinidad-y-apunta-al-gobierno-por-el-escandalo-de-las-narcomaletas\/#breadcrumb\"},\"inLanguage\":\"es\",\"potentialAction\":[{\"@type\":\"ReadAction\",\"target\":[\"https:\/\/innoticiasbo.com\/index.php\/2026\/01\/26\/evo-morales-habla-desde-la-clandestinidad-y-apunta-al-gobierno-por-el-escandalo-de-las-narcomaletas\/\"]}]},{\"@type\":\"ImageObject\",\"inLanguage\":\"es\",\"@id\":\"https:\/\/innoticiasbo.com\/index.php\/2026\/01\/26\/evo-morales-habla-desde-la-clandestinidad-y-apunta-al-gobierno-por-el-escandalo-de-las-narcomaletas\/#primaryimage\",\"url\":\"https:\/\/i0.wp.com\/innoticiasbo.com\/wp-content\/uploads\/2026\/01\/Evo-Morales.jpg?fit=1486%2C957&ssl=1\",\"contentUrl\":\"https:\/\/i0.wp.com\/innoticiasbo.com\/wp-content\/uploads\/2026\/01\/Evo-Morales.jpg?fit=1486%2C957&ssl=1\",\"width\":1486,\"height\":957},{\"@type\":\"BreadcrumbList\",\"@id\":\"https:\/\/innoticiasbo.com\/index.php\/2026\/01\/26\/evo-morales-habla-desde-la-clandestinidad-y-apunta-al-gobierno-por-el-escandalo-de-las-narcomaletas\/#breadcrumb\",\"itemListElement\":[{\"@type\":\"ListItem\",\"position\":1,\"name\":\"Portada\",\"item\":\"https:\/\/innoticiasbo.com\/\"},{\"@type\":\"ListItem\",\"position\":2,\"name\":\"EVO MORALES HABLA DESDE LA CLANDESTINIDAD Y APUNTA AL GOBIERNO POR EL ESC\u00c1NDALO DE LAS \u201cNARCOMALETAS\u201d\"}]},{\"@type\":\"WebSite\",\"@id\":\"https:\/\/innoticiasbo.com\/#website\",\"url\":\"https:\/\/innoticiasbo.com\/\",\"name\":\"innoticiasbo.com\",\"description\":\"\",\"publisher\":{\"@id\":\"https:\/\/innoticiasbo.com\/#organization\"},\"potentialAction\":[{\"@type\":\"SearchAction\",\"target\":{\"@type\":\"EntryPoint\",\"urlTemplate\":\"https:\/\/innoticiasbo.com\/?s={search_term_string}\"},\"query-input\":{\"@type\":\"PropertyValueSpecification\",\"valueRequired\":true,\"valueName\":\"search_term_string\"}}],\"inLanguage\":\"es\"},{\"@type\":\"Organization\",\"@id\":\"https:\/\/innoticiasbo.com\/#organization\",\"name\":\"innoticiasbo.com\",\"url\":\"https:\/\/innoticiasbo.com\/\",\"logo\":{\"@type\":\"ImageObject\",\"inLanguage\":\"es\",\"@id\":\"https:\/\/innoticiasbo.com\/#\/schema\/logo\/image\/\",\"url\":\"https:\/\/i0.wp.com\/innoticiasbo.com\/wp-content\/uploads\/2026\/04\/cropped-IN-LOGO.png?fit=1476%2C1476&ssl=1\",\"contentUrl\":\"https:\/\/i0.wp.com\/innoticiasbo.com\/wp-content\/uploads\/2026\/04\/cropped-IN-LOGO.png?fit=1476%2C1476&ssl=1\",\"width\":1476,\"height\":1476,\"caption\":\"innoticiasbo.com\"},\"image\":{\"@id\":\"https:\/\/innoticiasbo.com\/#\/schema\/logo\/image\/\"},\"sameAs\":[\"https:\/\/www.facebook.com\/innoticiasbolivia\",\"https:\/\/x.com\/innoticiasbo\",\"https:\/\/www.instagram.com\/innoticiasbo\",\"https:\/\/www.youtube.com\/innoticiasbo\"]},{\"@type\":\"Person\",\"@id\":\"https:\/\/innoticiasbo.com\/#\/schema\/person\/589cd527c4211df1b943bdad85ec07ce\",\"name\":\"Prensa\",\"image\":{\"@type\":\"ImageObject\",\"inLanguage\":\"es\",\"@id\":\"https:\/\/innoticiasbo.com\/#\/schema\/person\/image\/\",\"url\":\"https:\/\/secure.gravatar.com\/avatar\/d359bbdf112023c1c0a3ec7fe1600657?s=96&d=mm&r=g\",\"contentUrl\":\"https:\/\/secure.gravatar.com\/avatar\/d359bbdf112023c1c0a3ec7fe1600657?s=96&d=mm&r=g\",\"caption\":\"Prensa\"},\"sameAs\":[\"http:\/\/www.innoticiasbo.com\"],\"url\":\"https:\/\/innoticiasbo.com\/index.php\/author\/prensa\/\"}]}<\/script>\n<!-- \/ Yoast SEO plugin. -->","yoast_head_json":{"title":"EVO MORALES HABLA DESDE LA CLANDESTINIDAD Y APUNTA AL GOBIERNO POR EL ESC\u00c1NDALO DE LAS \u201cNARCOMALETAS\u201d - innoticiasbo.com","robots":{"index":"index","follow":"follow","max-snippet":"max-snippet:-1","max-image-preview":"max-image-preview:large","max-video-preview":"max-video-preview:-1"},"canonical":"https:\/\/innoticiasbo.com\/index.php\/2026\/01\/26\/evo-morales-habla-desde-la-clandestinidad-y-apunta-al-gobierno-por-el-escandalo-de-las-narcomaletas\/","og_locale":"es_ES","og_type":"article","og_title":"EVO MORALES HABLA DESDE LA CLANDESTINIDAD Y APUNTA AL GOBIERNO POR EL ESC\u00c1NDALO DE LAS \u201cNARCOMALETAS\u201d - innoticiasbo.com","og_description":"26 de enero de 2026.- El expresidente y l\u00edder cocalero Evo Morales se pronunci\u00f3 desde la clandestinidad sobre el denominado caso de las \u201cmaletas\u201d, se\u00f1alando que el hecho despierta serias y fundadas sospechas sobre una posible implicaci\u00f3n de autoridades judiciales, gubernamentales y policiales con redes del narcotr\u00e1fico. Morales afirm\u00f3 que en apenas dos meses de...","og_url":"https:\/\/innoticiasbo.com\/index.php\/2026\/01\/26\/evo-morales-habla-desde-la-clandestinidad-y-apunta-al-gobierno-por-el-escandalo-de-las-narcomaletas\/","og_site_name":"innoticiasbo.com","article_publisher":"https:\/\/www.facebook.com\/innoticiasbolivia","article_published_time":"2026-01-26T15:34:43+00:00","article_modified_time":"2026-01-26T15:35:12+00:00","og_image":[{"width":1486,"height":957,"url":"https:\/\/i0.wp.com\/innoticiasbo.com\/wp-content\/uploads\/2026\/01\/Evo-Morales.jpg?fit=1486%2C957&ssl=1","type":"image\/jpeg"}],"author":"Prensa","twitter_card":"summary_large_image","twitter_creator":"@innoticiasbo","twitter_site":"@innoticiasbo","twitter_misc":{"Escrito por":"Prensa","Tiempo de lectura":"1 minuto"},"schema":{"@context":"https:\/\/schema.org","@graph":[{"@type":"Article","@id":"https:\/\/innoticiasbo.com\/index.php\/2026\/01\/26\/evo-morales-habla-desde-la-clandestinidad-y-apunta-al-gobierno-por-el-escandalo-de-las-narcomaletas\/#article","isPartOf":{"@id":"https:\/\/innoticiasbo.com\/index.php\/2026\/01\/26\/evo-morales-habla-desde-la-clandestinidad-y-apunta-al-gobierno-por-el-escandalo-de-las-narcomaletas\/"},"author":{"name":"Prensa","@id":"https:\/\/innoticiasbo.com\/#\/schema\/person\/589cd527c4211df1b943bdad85ec07ce"},"headline":"EVO MORALES HABLA DESDE LA CLANDESTINIDAD Y APUNTA AL GOBIERNO POR EL ESC\u00c1NDALO DE LAS \u201cNARCOMALETAS\u201d","datePublished":"2026-01-26T15:34:43+00:00","dateModified":"2026-01-26T15:35:12+00:00","mainEntityOfPage":{"@id":"https:\/\/innoticiasbo.com\/index.php\/2026\/01\/26\/evo-morales-habla-desde-la-clandestinidad-y-apunta-al-gobierno-por-el-escandalo-de-las-narcomaletas\/"},"wordCount":219,"commentCount":0,"publisher":{"@id":"https:\/\/innoticiasbo.com\/#organization"},"image":{"@id":"https:\/\/innoticiasbo.com\/index.php\/2026\/01\/26\/evo-morales-habla-desde-la-clandestinidad-y-apunta-al-gobierno-por-el-escandalo-de-las-narcomaletas\/#primaryimage"},"thumbnailUrl":"https:\/\/i0.wp.com\/innoticiasbo.com\/wp-content\/uploads\/2026\/01\/Evo-Morales.jpg?fit=1486%2C957&ssl=1","keywords":["caso maletas","clandestinidad","Evo Morales","innoticias"],"articleSection":["Bolivia","Pol\u00edtica"],"inLanguage":"es","potentialAction":[{"@type":"CommentAction","name":"Comment","target":["https:\/\/innoticiasbo.com\/index.php\/2026\/01\/26\/evo-morales-habla-desde-la-clandestinidad-y-apunta-al-gobierno-por-el-escandalo-de-las-narcomaletas\/#respond"]}]},{"@type":"WebPage","@id":"https:\/\/innoticiasbo.com\/index.php\/2026\/01\/26\/evo-morales-habla-desde-la-clandestinidad-y-apunta-al-gobierno-por-el-escandalo-de-las-narcomaletas\/","url":"https:\/\/innoticiasbo.com\/index.php\/2026\/01\/26\/evo-morales-habla-desde-la-clandestinidad-y-apunta-al-gobierno-por-el-escandalo-de-las-narcomaletas\/","name":"EVO MORALES HABLA DESDE LA CLANDESTINIDAD Y APUNTA AL GOBIERNO POR EL ESC\u00c1NDALO DE LAS \u201cNARCOMALETAS\u201d - innoticiasbo.com","isPartOf":{"@id":"https:\/\/innoticiasbo.com\/#website"},"primaryImageOfPage":{"@id":"https:\/\/innoticiasbo.com\/index.php\/2026\/01\/26\/evo-morales-habla-desde-la-clandestinidad-y-apunta-al-gobierno-por-el-escandalo-de-las-narcomaletas\/#primaryimage"},"image":{"@id":"https:\/\/innoticiasbo.com\/index.php\/2026\/01\/26\/evo-morales-habla-desde-la-clandestinidad-y-apunta-al-gobierno-por-el-escandalo-de-las-narcomaletas\/#primaryimage"},"thumbnailUrl":"https:\/\/i0.wp.com\/innoticiasbo.com\/wp-content\/uploads\/2026\/01\/Evo-Morales.jpg?fit=1486%2C957&ssl=1","datePublished":"2026-01-26T15:34:43+00:00","dateModified":"2026-01-26T15:35:12+00:00","breadcrumb":{"@id":"https:\/\/innoticiasbo.com\/index.php\/2026\/01\/26\/evo-morales-habla-desde-la-clandestinidad-y-apunta-al-gobierno-por-el-escandalo-de-las-narcomaletas\/#breadcrumb"},"inLanguage":"es","potentialAction":[{"@type":"ReadAction","target":["https:\/\/innoticiasbo.com\/index.php\/2026\/01\/26\/evo-morales-habla-desde-la-clandestinidad-y-apunta-al-gobierno-por-el-escandalo-de-las-narcomaletas\/"]}]},{"@type":"ImageObject","inLanguage":"es","@id":"https:\/\/innoticiasbo.com\/index.php\/2026\/01\/26\/evo-morales-habla-desde-la-clandestinidad-y-apunta-al-gobierno-por-el-escandalo-de-las-narcomaletas\/#primaryimage","url":"https:\/\/i0.wp.com\/innoticiasbo.com\/wp-content\/uploads\/2026\/01\/Evo-Morales.jpg?fit=1486%2C957&ssl=1","contentUrl":"https:\/\/i0.wp.com\/innoticiasbo.com\/wp-content\/uploads\/2026\/01\/Evo-Morales.jpg?fit=1486%2C957&ssl=1","width":1486,"height":957},{"@type":"BreadcrumbList","@id":"https:\/\/innoticiasbo.com\/index.php\/2026\/01\/26\/evo-morales-habla-desde-la-clandestinidad-y-apunta-al-gobierno-por-el-escandalo-de-las-narcomaletas\/#breadcrumb","itemListElement":[{"@type":"ListItem","position":1,"name":"Portada","item":"https:\/\/innoticiasbo.com\/"},{"@type":"ListItem","position":2,"name":"EVO MORALES HABLA DESDE LA CLANDESTINIDAD Y APUNTA AL GOBIERNO POR EL ESC\u00c1NDALO DE LAS \u201cNARCOMALETAS\u201d"}]},{"@type":"WebSite","@id":"https:\/\/innoticiasbo.com\/#website","url":"https:\/\/innoticiasbo.com\/","name":"innoticiasbo.com","description":"","publisher":{"@id":"https:\/\/innoticiasbo.com\/#organization"},"potentialAction":[{"@type":"SearchAction","target":{"@type":"EntryPoint","urlTemplate":"https:\/\/innoticiasbo.com\/?s={search_term_string}"},"query-input":{"@type":"PropertyValueSpecification","valueRequired":true,"valueName":"search_term_string"}}],"inLanguage":"es"},{"@type":"Organization","@id":"https:\/\/innoticiasbo.com\/#organization","name":"innoticiasbo.com","url":"https:\/\/innoticiasbo.com\/","logo":{"@type":"ImageObject","inLanguage":"es","@id":"https:\/\/innoticiasbo.com\/#\/schema\/logo\/image\/","url":"https:\/\/i0.wp.com\/innoticiasbo.com\/wp-content\/uploads\/2026\/04\/cropped-IN-LOGO.png?fit=1476%2C1476&ssl=1","contentUrl":"https:\/\/i0.wp.com\/innoticiasbo.com\/wp-content\/uploads\/2026\/04\/cropped-IN-LOGO.png?fit=1476%2C1476&ssl=1","width":1476,"height":1476,"caption":"innoticiasbo.com"},"image":{"@id":"https:\/\/innoticiasbo.com\/#\/schema\/logo\/image\/"},"sameAs":["https:\/\/www.facebook.com\/innoticiasbolivia","https:\/\/x.com\/innoticiasbo","https:\/\/www.instagram.com\/innoticiasbo","https:\/\/www.youtube.com\/innoticiasbo"]},{"@type":"Person","@id":"https:\/\/innoticiasbo.com\/#\/schema\/person\/589cd527c4211df1b943bdad85ec07ce","name":"Prensa","image":{"@type":"ImageObject","inLanguage":"es","@id":"https:\/\/innoticiasbo.com\/#\/schema\/person\/image\/","url":"https:\/\/secure.gravatar.com\/avatar\/d359bbdf112023c1c0a3ec7fe1600657?s=96&d=mm&r=g","contentUrl":"https:\/\/secure.gravatar.com\/avatar\/d359bbdf112023c1c0a3ec7fe1600657?s=96&d=mm&r=g","caption":"Prensa"},"sameAs":["http:\/\/www.innoticiasbo.com"],"url":"https:\/\/innoticiasbo.com\/index.php\/author\/prensa\/"}]}},"jetpack_featured_media_url":"https:\/\/i0.wp.com\/innoticiasbo.com\/wp-content\/uploads\/2026\/01\/Evo-Morales.jpg?fit=1486%2C957&ssl=1","jetpack_likes_enabled":true,"jetpack_sharing_enabled":true,"jetpack_shortlink":"https:\/\/wp.me\/pg298x-2eh","_links":{"self":[{"href":"https:\/\/innoticiasbo.com\/index.php\/wp-json\/wp\/v2\/posts\/8573","targetHints":{"allow":["GET"]}}],"collection":[{"href":"https:\/\/innoticiasbo.com\/index.php\/wp-json\/wp\/v2\/posts"}],"about":[{"href":"https:\/\/innoticiasbo.com\/index.php\/wp-json\/wp\/v2\/types\/post"}],"author":[{"embeddable":true,"href":"https:\/\/innoticiasbo.com\/index.php\/wp-json\/wp\/v2\/users\/2"}],"replies":[{"embeddable":true,"href":"https:\/\/innoticiasbo.com\/index.php\/wp-json\/wp\/v2\/comments?post=8573"}],"version-history":[{"count":1,"href":"https:\/\/innoticiasbo.com\/index.php\/wp-json\/wp\/v2\/posts\/8573\/revisions"}],"predecessor-version":[{"id":8574,"href":"https:\/\/innoticiasbo.com\/index.php\/wp-json\/wp\/v2\/posts\/8573\/revisions\/8574"}],"wp:featuredmedia":[{"embeddable":true,"href":"https:\/\/innoticiasbo.com\/index.php\/wp-json\/wp\/v2\/media\/8572"}],"wp:attachment":[{"href":"https:\/\/innoticiasbo.com\/index.php\/wp-json\/wp\/v2\/media?parent=8573"}],"wp:term":[{"taxonomy":"category","embeddable":true,"href":"https:\/\/innoticiasbo.com\/index.php\/wp-json\/wp\/v2\/categories?post=8573"},{"taxonomy":"post_tag","embeddable":true,"href":"https:\/\/innoticiasbo.com\/index.php\/wp-json\/wp\/v2\/tags?post=8573"}],"curies":[{"name":"wp","href":"https:\/\/api.w.org\/{rel}","templated":true}]}}