{"id":8568,"date":"2026-01-26T11:06:43","date_gmt":"2026-01-26T15:06:43","guid":{"rendered":"https:\/\/innoticiasbo.com\/?p=8568"},"modified":"2026-01-26T11:07:53","modified_gmt":"2026-01-26T15:07:53","slug":"tuto-quiroga-acusa-pacto-de-impunidad-el-gobierno-no-aprehendera-a-evo-morales","status":"publish","type":"post","link":"https:\/\/innoticiasbo.com\/index.php\/2026\/01\/26\/tuto-quiroga-acusa-pacto-de-impunidad-el-gobierno-no-aprehendera-a-evo-morales\/","title":{"rendered":"TUTO QUIROGA ACUSA PACTO DE IMPUNIDAD: \u201cEL GOBIERNO NO APREHENDER\u00c1 A EVO MORALES\u201d"},"content":{"rendered":"<p>El l\u00edder de la alianza Libre, Jorge \u201cTuto\u201d Quiroga, afirm\u00f3 categ\u00f3ricamente que el Gobierno no ejecutar\u00e1 la orden de aprehensi\u00f3n contra Evo Morales, y cuestion\u00f3 un presunto pacto pol\u00edtico a cambio del respaldo electoral en segunda vuelta.<\/p>\n<p><img data-recalc-dims=\"1\" loading=\"lazy\" decoding=\"async\" src=\"https:\/\/i0.wp.com\/innoticiasbo.com\/wp-content\/uploads\/2026\/01\/20260126_0620224228940127478938018.jpg?resize=640%2C360&#038;ssl=1\" class=\"wp-image-8566 alignnone size-full\" width=\"640\" height=\"360\" srcset=\"https:\/\/i0.wp.com\/innoticiasbo.com\/wp-content\/uploads\/2026\/01\/20260126_0620224228940127478938018.jpg?w=1200&amp;ssl=1 1200w, https:\/\/i0.wp.com\/innoticiasbo.com\/wp-content\/uploads\/2026\/01\/20260126_0620224228940127478938018.jpg?resize=300%2C169&amp;ssl=1 300w, https:\/\/i0.wp.com\/innoticiasbo.com\/wp-content\/uploads\/2026\/01\/20260126_0620224228940127478938018.jpg?resize=1024%2C576&amp;ssl=1 1024w, https:\/\/i0.wp.com\/innoticiasbo.com\/wp-content\/uploads\/2026\/01\/20260126_0620224228940127478938018.jpg?resize=768%2C432&amp;ssl=1 768w\" sizes=\"auto, (max-width: 640px) 100vw, 640px\" \/><\/p>\n<p>Quiroga sostuvo que la falta de acciones contra el exmandatario \u201ccobra sentido\u201d frente a la permisividad del Ejecutivo, y pregunt\u00f3 si se pact\u00f3 impunidad, protecci\u00f3n en el Chapare y una eventual fuga, mientras Morales \u201cjuega a las escondidas\u201d alegando problemas de salud.<\/p>\n<p>El exmandatario record\u00f3 que los votos nulos de la primera vuelta se transformaron en cerca de 1,2 millones de votos en segunda vuelta, reforzando \u2014seg\u00fan dijo\u2014 la denuncia de pactos pol\u00edticos. \u201cNo puede haber seguridad jur\u00eddica si no se cumple un mandamiento de aprehensi\u00f3n\u201d, advirti\u00f3.<br \/>\nFinalmente, critic\u00f3 los constantes enfrentamientos entre el presidente Rodrigo Paz y el vicepresidente Edmand Lara, se\u00f1alando que \u201cya aburren a Bolivia\u201d y reflejan un gobierno sin rumbo ni respeto institucional.<\/p>\n","protected":false},"excerpt":{"rendered":"<p>El l\u00edder de la alianza Libre, Jorge \u201cTuto\u201d Quiroga, afirm\u00f3 categ\u00f3ricamente que el Gobierno no ejecutar\u00e1 la orden de aprehensi\u00f3n contra Evo Morales, y cuestion\u00f3 un presunto pacto pol\u00edtico a cambio del respaldo electoral en segunda vuelta. Quiroga sostuvo que la falta de acciones contra el exmandatario \u201ccobra sentido\u201d frente a la permisividad del Ejecutivo,&#8230;<\/p>\n","protected":false},"author":2,"featured_media":8567,"comment_status":"open","ping_status":"open","sticky":false,"template":"","format":"standard","meta":{"_jetpack_memberships_contains_paid_content":false,"footnotes":"","jetpack_publicize_message":"","jetpack_publicize_feature_enabled":true,"jetpack_social_post_already_shared":true,"jetpack_social_options":{"image_generator_settings":{"template":"highway","enabled":false},"version":2}},"categories":[1,3],"tags":[69,992,1125],"class_list":["post-8568","post","type-post","status-publish","format-standard","has-post-thumbnail","hentry","category-bolivia","category-politica","tag-evo-morales","tag-jorge-tuto-quiroga","tag-pacto"],"jetpack_publicize_connections":[],"yoast_head":"<!-- This site is optimized with the Yoast SEO plugin v23.4 - https:\/\/yoast.com\/wordpress\/plugins\/seo\/ -->\n<title>TUTO QUIROGA ACUSA PACTO DE IMPUNIDAD: \u201cEL GOBIERNO NO APREHENDER\u00c1 A EVO MORALES\u201d - innoticiasbo.com<\/title>\n<meta name=\"robots\" content=\"index, follow, max-snippet:-1, max-image-preview:large, max-video-preview:-1\" \/>\n<link rel=\"canonical\" href=\"https:\/\/innoticiasbo.com\/index.php\/2026\/01\/26\/tuto-quiroga-acusa-pacto-de-impunidad-el-gobierno-no-aprehendera-a-evo-morales\/\" \/>\n<meta property=\"og:locale\" content=\"es_ES\" \/>\n<meta property=\"og:type\" content=\"article\" \/>\n<meta property=\"og:title\" content=\"TUTO QUIROGA ACUSA PACTO DE IMPUNIDAD: \u201cEL GOBIERNO NO APREHENDER\u00c1 A EVO MORALES\u201d - innoticiasbo.com\" \/>\n<meta property=\"og:description\" content=\"El l\u00edder de la alianza Libre, Jorge \u201cTuto\u201d Quiroga, afirm\u00f3 categ\u00f3ricamente que el Gobierno no ejecutar\u00e1 la orden de aprehensi\u00f3n contra Evo Morales, y cuestion\u00f3 un presunto pacto pol\u00edtico a cambio del respaldo electoral en segunda vuelta. Quiroga sostuvo que la falta de acciones contra el exmandatario \u201ccobra sentido\u201d frente a la permisividad del Ejecutivo,...\" \/>\n<meta property=\"og:url\" content=\"https:\/\/innoticiasbo.com\/index.php\/2026\/01\/26\/tuto-quiroga-acusa-pacto-de-impunidad-el-gobierno-no-aprehendera-a-evo-morales\/\" \/>\n<meta property=\"og:site_name\" content=\"innoticiasbo.com\" \/>\n<meta property=\"article:publisher\" content=\"https:\/\/www.facebook.com\/innoticiasbolivia\" \/>\n<meta property=\"article:published_time\" content=\"2026-01-26T15:06:43+00:00\" \/>\n<meta property=\"article:modified_time\" content=\"2026-01-26T15:07:53+00:00\" \/>\n<meta property=\"og:image\" content=\"https:\/\/i0.wp.com\/innoticiasbo.com\/wp-content\/uploads\/2026\/01\/20260126_062022.jpg?fit=1200%2C675&ssl=1\" \/>\n\t<meta property=\"og:image:width\" content=\"1200\" \/>\n\t<meta property=\"og:image:height\" content=\"675\" \/>\n\t<meta property=\"og:image:type\" content=\"image\/jpeg\" \/>\n<meta name=\"author\" content=\"Prensa\" \/>\n<meta name=\"twitter:card\" content=\"summary_large_image\" \/>\n<meta name=\"twitter:creator\" content=\"@innoticiasbo\" \/>\n<meta name=\"twitter:site\" content=\"@innoticiasbo\" \/>\n<meta name=\"twitter:label1\" content=\"Escrito por\" \/>\n\t<meta name=\"twitter:data1\" content=\"Prensa\" \/>\n\t<meta name=\"twitter:label2\" content=\"Tiempo de lectura\" \/>\n\t<meta name=\"twitter:data2\" content=\"1 minuto\" \/>\n<script type=\"application\/ld+json\" class=\"yoast-schema-graph\">{\"@context\":\"https:\/\/schema.org\",\"@graph\":[{\"@type\":\"Article\",\"@id\":\"https:\/\/innoticiasbo.com\/index.php\/2026\/01\/26\/tuto-quiroga-acusa-pacto-de-impunidad-el-gobierno-no-aprehendera-a-evo-morales\/#article\",\"isPartOf\":{\"@id\":\"https:\/\/innoticiasbo.com\/index.php\/2026\/01\/26\/tuto-quiroga-acusa-pacto-de-impunidad-el-gobierno-no-aprehendera-a-evo-morales\/\"},\"author\":{\"name\":\"Prensa\",\"@id\":\"https:\/\/innoticiasbo.com\/#\/schema\/person\/589cd527c4211df1b943bdad85ec07ce\"},\"headline\":\"TUTO QUIROGA ACUSA PACTO DE IMPUNIDAD: \u201cEL GOBIERNO NO APREHENDER\u00c1 A EVO MORALES\u201d\",\"datePublished\":\"2026-01-26T15:06:43+00:00\",\"dateModified\":\"2026-01-26T15:07:53+00:00\",\"mainEntityOfPage\":{\"@id\":\"https:\/\/innoticiasbo.com\/index.php\/2026\/01\/26\/tuto-quiroga-acusa-pacto-de-impunidad-el-gobierno-no-aprehendera-a-evo-morales\/\"},\"wordCount\":176,\"commentCount\":0,\"publisher\":{\"@id\":\"https:\/\/innoticiasbo.com\/#organization\"},\"image\":{\"@id\":\"https:\/\/innoticiasbo.com\/index.php\/2026\/01\/26\/tuto-quiroga-acusa-pacto-de-impunidad-el-gobierno-no-aprehendera-a-evo-morales\/#primaryimage\"},\"thumbnailUrl\":\"https:\/\/i0.wp.com\/innoticiasbo.com\/wp-content\/uploads\/2026\/01\/20260126_062022.jpg?fit=1200%2C675&ssl=1\",\"keywords\":[\"Evo Morales\",\"Jorge Tuto Quiroga\",\"pacto\"],\"articleSection\":[\"Bolivia\",\"Pol\u00edtica\"],\"inLanguage\":\"es\",\"potentialAction\":[{\"@type\":\"CommentAction\",\"name\":\"Comment\",\"target\":[\"https:\/\/innoticiasbo.com\/index.php\/2026\/01\/26\/tuto-quiroga-acusa-pacto-de-impunidad-el-gobierno-no-aprehendera-a-evo-morales\/#respond\"]}]},{\"@type\":\"WebPage\",\"@id\":\"https:\/\/innoticiasbo.com\/index.php\/2026\/01\/26\/tuto-quiroga-acusa-pacto-de-impunidad-el-gobierno-no-aprehendera-a-evo-morales\/\",\"url\":\"https:\/\/innoticiasbo.com\/index.php\/2026\/01\/26\/tuto-quiroga-acusa-pacto-de-impunidad-el-gobierno-no-aprehendera-a-evo-morales\/\",\"name\":\"TUTO QUIROGA ACUSA PACTO DE IMPUNIDAD: \u201cEL GOBIERNO NO APREHENDER\u00c1 A EVO MORALES\u201d - innoticiasbo.com\",\"isPartOf\":{\"@id\":\"https:\/\/innoticiasbo.com\/#website\"},\"primaryImageOfPage\":{\"@id\":\"https:\/\/innoticiasbo.com\/index.php\/2026\/01\/26\/tuto-quiroga-acusa-pacto-de-impunidad-el-gobierno-no-aprehendera-a-evo-morales\/#primaryimage\"},\"image\":{\"@id\":\"https:\/\/innoticiasbo.com\/index.php\/2026\/01\/26\/tuto-quiroga-acusa-pacto-de-impunidad-el-gobierno-no-aprehendera-a-evo-morales\/#primaryimage\"},\"thumbnailUrl\":\"https:\/\/i0.wp.com\/innoticiasbo.com\/wp-content\/uploads\/2026\/01\/20260126_062022.jpg?fit=1200%2C675&ssl=1\",\"datePublished\":\"2026-01-26T15:06:43+00:00\",\"dateModified\":\"2026-01-26T15:07:53+00:00\",\"breadcrumb\":{\"@id\":\"https:\/\/innoticiasbo.com\/index.php\/2026\/01\/26\/tuto-quiroga-acusa-pacto-de-impunidad-el-gobierno-no-aprehendera-a-evo-morales\/#breadcrumb\"},\"inLanguage\":\"es\",\"potentialAction\":[{\"@type\":\"ReadAction\",\"target\":[\"https:\/\/innoticiasbo.com\/index.php\/2026\/01\/26\/tuto-quiroga-acusa-pacto-de-impunidad-el-gobierno-no-aprehendera-a-evo-morales\/\"]}]},{\"@type\":\"ImageObject\",\"inLanguage\":\"es\",\"@id\":\"https:\/\/innoticiasbo.com\/index.php\/2026\/01\/26\/tuto-quiroga-acusa-pacto-de-impunidad-el-gobierno-no-aprehendera-a-evo-morales\/#primaryimage\",\"url\":\"https:\/\/i0.wp.com\/innoticiasbo.com\/wp-content\/uploads\/2026\/01\/20260126_062022.jpg?fit=1200%2C675&ssl=1\",\"contentUrl\":\"https:\/\/i0.wp.com\/innoticiasbo.com\/wp-content\/uploads\/2026\/01\/20260126_062022.jpg?fit=1200%2C675&ssl=1\",\"width\":1200,\"height\":675},{\"@type\":\"BreadcrumbList\",\"@id\":\"https:\/\/innoticiasbo.com\/index.php\/2026\/01\/26\/tuto-quiroga-acusa-pacto-de-impunidad-el-gobierno-no-aprehendera-a-evo-morales\/#breadcrumb\",\"itemListElement\":[{\"@type\":\"ListItem\",\"position\":1,\"name\":\"Portada\",\"item\":\"https:\/\/innoticiasbo.com\/\"},{\"@type\":\"ListItem\",\"position\":2,\"name\":\"TUTO QUIROGA ACUSA PACTO DE IMPUNIDAD: \u201cEL GOBIERNO NO APREHENDER\u00c1 A EVO MORALES\u201d\"}]},{\"@type\":\"WebSite\",\"@id\":\"https:\/\/innoticiasbo.com\/#website\",\"url\":\"https:\/\/innoticiasbo.com\/\",\"name\":\"innoticiasbo.com\",\"description\":\"\",\"publisher\":{\"@id\":\"https:\/\/innoticiasbo.com\/#organization\"},\"potentialAction\":[{\"@type\":\"SearchAction\",\"target\":{\"@type\":\"EntryPoint\",\"urlTemplate\":\"https:\/\/innoticiasbo.com\/?s={search_term_string}\"},\"query-input\":{\"@type\":\"PropertyValueSpecification\",\"valueRequired\":true,\"valueName\":\"search_term_string\"}}],\"inLanguage\":\"es\"},{\"@type\":\"Organization\",\"@id\":\"https:\/\/innoticiasbo.com\/#organization\",\"name\":\"innoticiasbo.com\",\"url\":\"https:\/\/innoticiasbo.com\/\",\"logo\":{\"@type\":\"ImageObject\",\"inLanguage\":\"es\",\"@id\":\"https:\/\/innoticiasbo.com\/#\/schema\/logo\/image\/\",\"url\":\"https:\/\/i0.wp.com\/innoticiasbo.com\/wp-content\/uploads\/2026\/04\/cropped-IN-LOGO.png?fit=1476%2C1476&ssl=1\",\"contentUrl\":\"https:\/\/i0.wp.com\/innoticiasbo.com\/wp-content\/uploads\/2026\/04\/cropped-IN-LOGO.png?fit=1476%2C1476&ssl=1\",\"width\":1476,\"height\":1476,\"caption\":\"innoticiasbo.com\"},\"image\":{\"@id\":\"https:\/\/innoticiasbo.com\/#\/schema\/logo\/image\/\"},\"sameAs\":[\"https:\/\/www.facebook.com\/innoticiasbolivia\",\"https:\/\/x.com\/innoticiasbo\",\"https:\/\/www.instagram.com\/innoticiasbo\",\"https:\/\/www.youtube.com\/innoticiasbo\"]},{\"@type\":\"Person\",\"@id\":\"https:\/\/innoticiasbo.com\/#\/schema\/person\/589cd527c4211df1b943bdad85ec07ce\",\"name\":\"Prensa\",\"image\":{\"@type\":\"ImageObject\",\"inLanguage\":\"es\",\"@id\":\"https:\/\/innoticiasbo.com\/#\/schema\/person\/image\/\",\"url\":\"https:\/\/secure.gravatar.com\/avatar\/d359bbdf112023c1c0a3ec7fe1600657?s=96&d=mm&r=g\",\"contentUrl\":\"https:\/\/secure.gravatar.com\/avatar\/d359bbdf112023c1c0a3ec7fe1600657?s=96&d=mm&r=g\",\"caption\":\"Prensa\"},\"sameAs\":[\"http:\/\/www.innoticiasbo.com\"],\"url\":\"https:\/\/innoticiasbo.com\/index.php\/author\/prensa\/\"}]}<\/script>\n<!-- \/ Yoast SEO plugin. -->","yoast_head_json":{"title":"TUTO QUIROGA ACUSA PACTO DE IMPUNIDAD: \u201cEL GOBIERNO NO APREHENDER\u00c1 A EVO MORALES\u201d - innoticiasbo.com","robots":{"index":"index","follow":"follow","max-snippet":"max-snippet:-1","max-image-preview":"max-image-preview:large","max-video-preview":"max-video-preview:-1"},"canonical":"https:\/\/innoticiasbo.com\/index.php\/2026\/01\/26\/tuto-quiroga-acusa-pacto-de-impunidad-el-gobierno-no-aprehendera-a-evo-morales\/","og_locale":"es_ES","og_type":"article","og_title":"TUTO QUIROGA ACUSA PACTO DE IMPUNIDAD: \u201cEL GOBIERNO NO APREHENDER\u00c1 A EVO MORALES\u201d - innoticiasbo.com","og_description":"El l\u00edder de la alianza Libre, Jorge \u201cTuto\u201d Quiroga, afirm\u00f3 categ\u00f3ricamente que el Gobierno no ejecutar\u00e1 la orden de aprehensi\u00f3n contra Evo Morales, y cuestion\u00f3 un presunto pacto pol\u00edtico a cambio del respaldo electoral en segunda vuelta. Quiroga sostuvo que la falta de acciones contra el exmandatario \u201ccobra sentido\u201d frente a la permisividad del Ejecutivo,...","og_url":"https:\/\/innoticiasbo.com\/index.php\/2026\/01\/26\/tuto-quiroga-acusa-pacto-de-impunidad-el-gobierno-no-aprehendera-a-evo-morales\/","og_site_name":"innoticiasbo.com","article_publisher":"https:\/\/www.facebook.com\/innoticiasbolivia","article_published_time":"2026-01-26T15:06:43+00:00","article_modified_time":"2026-01-26T15:07:53+00:00","og_image":[{"width":1200,"height":675,"url":"https:\/\/i0.wp.com\/innoticiasbo.com\/wp-content\/uploads\/2026\/01\/20260126_062022.jpg?fit=1200%2C675&ssl=1","type":"image\/jpeg"}],"author":"Prensa","twitter_card":"summary_large_image","twitter_creator":"@innoticiasbo","twitter_site":"@innoticiasbo","twitter_misc":{"Escrito por":"Prensa","Tiempo de lectura":"1 minuto"},"schema":{"@context":"https:\/\/schema.org","@graph":[{"@type":"Article","@id":"https:\/\/innoticiasbo.com\/index.php\/2026\/01\/26\/tuto-quiroga-acusa-pacto-de-impunidad-el-gobierno-no-aprehendera-a-evo-morales\/#article","isPartOf":{"@id":"https:\/\/innoticiasbo.com\/index.php\/2026\/01\/26\/tuto-quiroga-acusa-pacto-de-impunidad-el-gobierno-no-aprehendera-a-evo-morales\/"},"author":{"name":"Prensa","@id":"https:\/\/innoticiasbo.com\/#\/schema\/person\/589cd527c4211df1b943bdad85ec07ce"},"headline":"TUTO QUIROGA ACUSA PACTO DE IMPUNIDAD: \u201cEL GOBIERNO NO APREHENDER\u00c1 A EVO MORALES\u201d","datePublished":"2026-01-26T15:06:43+00:00","dateModified":"2026-01-26T15:07:53+00:00","mainEntityOfPage":{"@id":"https:\/\/innoticiasbo.com\/index.php\/2026\/01\/26\/tuto-quiroga-acusa-pacto-de-impunidad-el-gobierno-no-aprehendera-a-evo-morales\/"},"wordCount":176,"commentCount":0,"publisher":{"@id":"https:\/\/innoticiasbo.com\/#organization"},"image":{"@id":"https:\/\/innoticiasbo.com\/index.php\/2026\/01\/26\/tuto-quiroga-acusa-pacto-de-impunidad-el-gobierno-no-aprehendera-a-evo-morales\/#primaryimage"},"thumbnailUrl":"https:\/\/i0.wp.com\/innoticiasbo.com\/wp-content\/uploads\/2026\/01\/20260126_062022.jpg?fit=1200%2C675&ssl=1","keywords":["Evo Morales","Jorge Tuto Quiroga","pacto"],"articleSection":["Bolivia","Pol\u00edtica"],"inLanguage":"es","potentialAction":[{"@type":"CommentAction","name":"Comment","target":["https:\/\/innoticiasbo.com\/index.php\/2026\/01\/26\/tuto-quiroga-acusa-pacto-de-impunidad-el-gobierno-no-aprehendera-a-evo-morales\/#respond"]}]},{"@type":"WebPage","@id":"https:\/\/innoticiasbo.com\/index.php\/2026\/01\/26\/tuto-quiroga-acusa-pacto-de-impunidad-el-gobierno-no-aprehendera-a-evo-morales\/","url":"https:\/\/innoticiasbo.com\/index.php\/2026\/01\/26\/tuto-quiroga-acusa-pacto-de-impunidad-el-gobierno-no-aprehendera-a-evo-morales\/","name":"TUTO QUIROGA ACUSA PACTO DE IMPUNIDAD: \u201cEL GOBIERNO NO APREHENDER\u00c1 A EVO MORALES\u201d - innoticiasbo.com","isPartOf":{"@id":"https:\/\/innoticiasbo.com\/#website"},"primaryImageOfPage":{"@id":"https:\/\/innoticiasbo.com\/index.php\/2026\/01\/26\/tuto-quiroga-acusa-pacto-de-impunidad-el-gobierno-no-aprehendera-a-evo-morales\/#primaryimage"},"image":{"@id":"https:\/\/innoticiasbo.com\/index.php\/2026\/01\/26\/tuto-quiroga-acusa-pacto-de-impunidad-el-gobierno-no-aprehendera-a-evo-morales\/#primaryimage"},"thumbnailUrl":"https:\/\/i0.wp.com\/innoticiasbo.com\/wp-content\/uploads\/2026\/01\/20260126_062022.jpg?fit=1200%2C675&ssl=1","datePublished":"2026-01-26T15:06:43+00:00","dateModified":"2026-01-26T15:07:53+00:00","breadcrumb":{"@id":"https:\/\/innoticiasbo.com\/index.php\/2026\/01\/26\/tuto-quiroga-acusa-pacto-de-impunidad-el-gobierno-no-aprehendera-a-evo-morales\/#breadcrumb"},"inLanguage":"es","potentialAction":[{"@type":"ReadAction","target":["https:\/\/innoticiasbo.com\/index.php\/2026\/01\/26\/tuto-quiroga-acusa-pacto-de-impunidad-el-gobierno-no-aprehendera-a-evo-morales\/"]}]},{"@type":"ImageObject","inLanguage":"es","@id":"https:\/\/innoticiasbo.com\/index.php\/2026\/01\/26\/tuto-quiroga-acusa-pacto-de-impunidad-el-gobierno-no-aprehendera-a-evo-morales\/#primaryimage","url":"https:\/\/i0.wp.com\/innoticiasbo.com\/wp-content\/uploads\/2026\/01\/20260126_062022.jpg?fit=1200%2C675&ssl=1","contentUrl":"https:\/\/i0.wp.com\/innoticiasbo.com\/wp-content\/uploads\/2026\/01\/20260126_062022.jpg?fit=1200%2C675&ssl=1","width":1200,"height":675},{"@type":"BreadcrumbList","@id":"https:\/\/innoticiasbo.com\/index.php\/2026\/01\/26\/tuto-quiroga-acusa-pacto-de-impunidad-el-gobierno-no-aprehendera-a-evo-morales\/#breadcrumb","itemListElement":[{"@type":"ListItem","position":1,"name":"Portada","item":"https:\/\/innoticiasbo.com\/"},{"@type":"ListItem","position":2,"name":"TUTO QUIROGA ACUSA PACTO DE IMPUNIDAD: \u201cEL GOBIERNO NO APREHENDER\u00c1 A EVO MORALES\u201d"}]},{"@type":"WebSite","@id":"https:\/\/innoticiasbo.com\/#website","url":"https:\/\/innoticiasbo.com\/","name":"innoticiasbo.com","description":"","publisher":{"@id":"https:\/\/innoticiasbo.com\/#organization"},"potentialAction":[{"@type":"SearchAction","target":{"@type":"EntryPoint","urlTemplate":"https:\/\/innoticiasbo.com\/?s={search_term_string}"},"query-input":{"@type":"PropertyValueSpecification","valueRequired":true,"valueName":"search_term_string"}}],"inLanguage":"es"},{"@type":"Organization","@id":"https:\/\/innoticiasbo.com\/#organization","name":"innoticiasbo.com","url":"https:\/\/innoticiasbo.com\/","logo":{"@type":"ImageObject","inLanguage":"es","@id":"https:\/\/innoticiasbo.com\/#\/schema\/logo\/image\/","url":"https:\/\/i0.wp.com\/innoticiasbo.com\/wp-content\/uploads\/2026\/04\/cropped-IN-LOGO.png?fit=1476%2C1476&ssl=1","contentUrl":"https:\/\/i0.wp.com\/innoticiasbo.com\/wp-content\/uploads\/2026\/04\/cropped-IN-LOGO.png?fit=1476%2C1476&ssl=1","width":1476,"height":1476,"caption":"innoticiasbo.com"},"image":{"@id":"https:\/\/innoticiasbo.com\/#\/schema\/logo\/image\/"},"sameAs":["https:\/\/www.facebook.com\/innoticiasbolivia","https:\/\/x.com\/innoticiasbo","https:\/\/www.instagram.com\/innoticiasbo","https:\/\/www.youtube.com\/innoticiasbo"]},{"@type":"Person","@id":"https:\/\/innoticiasbo.com\/#\/schema\/person\/589cd527c4211df1b943bdad85ec07ce","name":"Prensa","image":{"@type":"ImageObject","inLanguage":"es","@id":"https:\/\/innoticiasbo.com\/#\/schema\/person\/image\/","url":"https:\/\/secure.gravatar.com\/avatar\/d359bbdf112023c1c0a3ec7fe1600657?s=96&d=mm&r=g","contentUrl":"https:\/\/secure.gravatar.com\/avatar\/d359bbdf112023c1c0a3ec7fe1600657?s=96&d=mm&r=g","caption":"Prensa"},"sameAs":["http:\/\/www.innoticiasbo.com"],"url":"https:\/\/innoticiasbo.com\/index.php\/author\/prensa\/"}]}},"jetpack_featured_media_url":"https:\/\/i0.wp.com\/innoticiasbo.com\/wp-content\/uploads\/2026\/01\/20260126_062022.jpg?fit=1200%2C675&ssl=1","jetpack_likes_enabled":true,"jetpack_sharing_enabled":true,"jetpack_shortlink":"https:\/\/wp.me\/pg298x-2ec","_links":{"self":[{"href":"https:\/\/innoticiasbo.com\/index.php\/wp-json\/wp\/v2\/posts\/8568","targetHints":{"allow":["GET"]}}],"collection":[{"href":"https:\/\/innoticiasbo.com\/index.php\/wp-json\/wp\/v2\/posts"}],"about":[{"href":"https:\/\/innoticiasbo.com\/index.php\/wp-json\/wp\/v2\/types\/post"}],"author":[{"embeddable":true,"href":"https:\/\/innoticiasbo.com\/index.php\/wp-json\/wp\/v2\/users\/2"}],"replies":[{"embeddable":true,"href":"https:\/\/innoticiasbo.com\/index.php\/wp-json\/wp\/v2\/comments?post=8568"}],"version-history":[{"count":1,"href":"https:\/\/innoticiasbo.com\/index.php\/wp-json\/wp\/v2\/posts\/8568\/revisions"}],"predecessor-version":[{"id":8569,"href":"https:\/\/innoticiasbo.com\/index.php\/wp-json\/wp\/v2\/posts\/8568\/revisions\/8569"}],"wp:featuredmedia":[{"embeddable":true,"href":"https:\/\/innoticiasbo.com\/index.php\/wp-json\/wp\/v2\/media\/8567"}],"wp:attachment":[{"href":"https:\/\/innoticiasbo.com\/index.php\/wp-json\/wp\/v2\/media?parent=8568"}],"wp:term":[{"taxonomy":"category","embeddable":true,"href":"https:\/\/innoticiasbo.com\/index.php\/wp-json\/wp\/v2\/categories?post=8568"},{"taxonomy":"post_tag","embeddable":true,"href":"https:\/\/innoticiasbo.com\/index.php\/wp-json\/wp\/v2\/tags?post=8568"}],"curies":[{"name":"wp","href":"https:\/\/api.w.org\/{rel}","templated":true}]}}