{"id":8552,"date":"2026-01-23T15:22:15","date_gmt":"2026-01-23T19:22:15","guid":{"rendered":"https:\/\/innoticiasbo.com\/?p=8552"},"modified":"2026-01-23T15:23:06","modified_gmt":"2026-01-23T19:23:06","slug":"de-la-nacion-plural-al-estado-plurinacional","status":"publish","type":"post","link":"https:\/\/innoticiasbo.com\/index.php\/2026\/01\/23\/de-la-nacion-plural-al-estado-plurinacional\/","title":{"rendered":"DE LA NACI\u00d3N PLURAL AL ESTADO PLURINACIONAL"},"content":{"rendered":"<p>(Art\u00edculo publicado el 13 junio de 2007, que el autor vuelve a compartir hoy a prop\u00f3sito del D\u00eda del Estado Plurinacional<\/p>\n<p><img data-recalc-dims=\"1\" loading=\"lazy\" decoding=\"async\" src=\"https:\/\/i0.wp.com\/innoticiasbo.com\/wp-content\/uploads\/2026\/01\/fb_img_17691957311191676153130832423019.jpg?resize=268%2C300&#038;ssl=1\" class=\"wp-image-8550 alignnone size-full\" width=\"268\" height=\"300\"><\/p>\n<p>Debo confesar que me he robado el t\u00edtulo de una conferencia dictada en noviembre del 1996 en Espa\u00f1a, porque vengo sosteniendo que la idea del Estado Plurinacional responde a una l\u00f3gica ETArra que lo \u00fanico que busca es dividir el pa\u00eds, esta vez usando las reivindicaciones indigenistas como base de sustento de esta tesis en vez de la regional usada en Espa\u00f1a.<\/p>\n<p>Mientras algunos nos esforzamos por la construcci\u00f3n de un Estado constitucional de derecho, democr\u00e1tico y social que reconozca a Bolivia como una naci\u00f3n diversa (plural) \u00e9tnica, ling\u00fc\u00edstica, cultural y regionalmente, traducido en un Estado Unitario Intercultural, otros, como Ra\u00fal Prada, plantean un \u201c\u2026Estado Plurinacional. Lo que significa hacer el boceto posible de una confederaci\u00f3n de naciones\u2026\u201d, queriendo desconocer la voluntad de la mayor\u00eda de los bolivianos de querer seguir viviendo unidos honrando a la misma bandera, re-constituyendo (escribiendo la Nueva Constituci\u00f3n Pol\u00edtica del Estado) el pacto social, pol\u00edtico, econ\u00f3mico y cultural, que garantice la unidad, la igualdad ante la ley, la solidaridad inter e intra regional, el respeto a pensar y obrar de manera diferente \u2013pluralidad\u2013 tanto pol\u00edtica, cultural o religiosamente, donde el principio fundamental sea la posibilidad efectiva del ejercicio de los derechos humanos sin distinci\u00f3n de raza, credo, sexo, edad o creencias.<\/p>\n<p>Pero miremos \u00bfque significa el Estado Plurinacional? La hip\u00f3tesis principal y b\u00e1sica es que existen diferentes naciones en Bolivia, pretendiendo utilizar el reconocimiento de 34 Pueblos Ind\u00edgenas y Originarios, que seg\u00fan el Censo del 2001 representan tan solo el 3.35% del total de la poblaci\u00f3n, quitando a los auto identificados como quechuas (entre ellos yo) y aymaras, que desde mi perspectiva es una poblaci\u00f3n mestiza (intercultural), adem\u00e1s desconociendo a un 40% de poblaci\u00f3n que no se auto identific\u00f3 con ning\u00fan Pueblo Ind\u00edgena. Por lo tanto tendr\u00edamos que concluir que la hip\u00f3tesis es falsa; o sea no es posible comprobar la tesis; dicho en facilito no existen diversas nacionalidades en Bolivia.<\/p>\n<p>Ahora veamos el alcance del Estado Plurinacional. El Movimiento Al Socialismo plantea que cada naci\u00f3n tenga su propia soberan\u00eda, es decir podr\u00e1 tener su propio sistema jur\u00eddico; rompiendo el principio de la unicidad jurisdiccional (una misma ley para todos), su propio sistema de gobierno elegido bajo sus \u201cusos y costumbres\u201d; rompiendo el principio de igualdad ante la ley donde un ciudadano es un voto, y finalmente puede tener dominio originario sobre los recursos naturales; curiosamente yendo en contra del famoso principio de solidaridad que tanto pregonan. Pregunto cuantos de estos Pueblos Ind\u00edgenas Originarios conservan sus \u201cusos y costumbres\u201d y cuales son, o peor a\u00fan cual ser\u00e1 el sistema jur\u00eddico vigente en cada entidad territorial ind\u00edgena originaria (ETIO) al que estaremos sometidos los bolivianos? ser\u00e1 a la justicia comunitaria, que tantas vidas ya ha cobrado?<\/p>\n<p>Adem\u00e1s, plantean desconocer la representaci\u00f3n territorial pretendiendo eliminar la C\u00e1mara de Senadores, que reconoce la igualdad de cada departamento y adem\u00e1s responde a un principio b\u00e1sico de la democracia de pesos y contrapesos en el Organo Legislativo, \u00f3rgano que pretenden sea unicameral donde la representaci\u00f3n ser\u00e1 un 50% de los Pueblos Ind\u00edgenas Originarios (bajo usos y costumbres) y el otro 50% de la denominada poblaci\u00f3n intercultural (por voto universal y secreto), y por si fuera poco pretenden la creaci\u00f3n del PODER SOCIAL PLURINACIONAL que est\u00e1 por encima de los \u00f3rganos legislativo, ejecutivo, judicial, electoral, las FF. AA. y la Polic\u00eda, poder que como ustedes supondr\u00e1n est\u00e1 compuesto s\u00f3lo por representantes de los Pueblos Ind\u00edgenas y Originarios, y cuyas decisiones son inapelables; obviamente eliminando el actual Tribunal Constitucional, pretendiendo concentrar el poder, rompiendo con el principio b\u00e1sico de la independencia de los \u00f3rganos de poder.<\/p>\n<p>Mi obligaci\u00f3n como Representante Nacional, es sin duda alertar de este peligroso tr\u00e1nsito de la Naci\u00f3n Plural al Estado Plurinacional, ser\u00e1 el pueblo boliviano el que deba juzgar si los argumentos esgrimidos hasta aqu\u00ed sirven de reflexi\u00f3n sobre el posible punto de inflexi\u00f3n que significar\u00eda la divisi\u00f3n del pa\u00eds en \u201crepubliquetas\u201d que respondan a intereses extranjeros que siguen en la l\u00f3gica de divide y conquistaras\u2026<\/p>\n","protected":false},"excerpt":{"rendered":"<p>(Art\u00edculo publicado el 13 junio de 2007, que el autor vuelve a compartir hoy a prop\u00f3sito del D\u00eda del Estado Plurinacional Debo confesar que me he robado el t\u00edtulo de una conferencia dictada en noviembre del 1996 en Espa\u00f1a, porque vengo sosteniendo que la idea del Estado Plurinacional responde a una l\u00f3gica ETArra que lo&#8230;<\/p>\n","protected":false},"author":2,"featured_media":8551,"comment_status":"open","ping_status":"open","sticky":false,"template":"","format":"standard","meta":{"_jetpack_memberships_contains_paid_content":false,"footnotes":"","jetpack_publicize_message":"","jetpack_publicize_feature_enabled":true,"jetpack_social_post_already_shared":true,"jetpack_social_options":{"image_generator_settings":{"template":"highway","enabled":false},"version":2}},"categories":[1,17,3],"tags":[1120,535],"class_list":["post-8552","post","type-post","status-publish","format-standard","has-post-thumbnail","hentry","category-bolivia","category-opinion","category-politica","tag-estado-plurinacional","tag-gamal-serhan"],"jetpack_publicize_connections":[],"yoast_head":"<!-- This site is optimized with the Yoast SEO plugin v23.4 - https:\/\/yoast.com\/wordpress\/plugins\/seo\/ -->\n<title>DE LA NACI\u00d3N PLURAL AL ESTADO PLURINACIONAL - innoticiasbo.com<\/title>\n<meta name=\"robots\" content=\"index, follow, max-snippet:-1, max-image-preview:large, max-video-preview:-1\" \/>\n<link rel=\"canonical\" href=\"https:\/\/innoticiasbo.com\/index.php\/2026\/01\/23\/de-la-nacion-plural-al-estado-plurinacional\/\" \/>\n<meta property=\"og:locale\" content=\"es_ES\" \/>\n<meta property=\"og:type\" content=\"article\" \/>\n<meta property=\"og:title\" content=\"DE LA NACI\u00d3N PLURAL AL ESTADO PLURINACIONAL - innoticiasbo.com\" \/>\n<meta property=\"og:description\" content=\"(Art\u00edculo publicado el 13 junio de 2007, que el autor vuelve a compartir hoy a prop\u00f3sito del D\u00eda del Estado Plurinacional Debo confesar que me he robado el t\u00edtulo de una conferencia dictada en noviembre del 1996 en Espa\u00f1a, porque vengo sosteniendo que la idea del Estado Plurinacional responde a una l\u00f3gica ETArra que lo...\" \/>\n<meta property=\"og:url\" content=\"https:\/\/innoticiasbo.com\/index.php\/2026\/01\/23\/de-la-nacion-plural-al-estado-plurinacional\/\" \/>\n<meta property=\"og:site_name\" content=\"innoticiasbo.com\" \/>\n<meta property=\"article:publisher\" content=\"https:\/\/www.facebook.com\/innoticiasbolivia\" \/>\n<meta property=\"article:published_time\" content=\"2026-01-23T19:22:15+00:00\" \/>\n<meta property=\"article:modified_time\" content=\"2026-01-23T19:23:06+00:00\" \/>\n<meta property=\"og:image\" content=\"https:\/\/i0.wp.com\/innoticiasbo.com\/wp-content\/uploads\/2026\/01\/6_20251228_130249_0005-1.png?fit=1080%2C1080&ssl=1\" \/>\n\t<meta property=\"og:image:width\" content=\"1080\" \/>\n\t<meta property=\"og:image:height\" content=\"1080\" \/>\n\t<meta property=\"og:image:type\" content=\"image\/png\" \/>\n<meta name=\"author\" content=\"Prensa\" \/>\n<meta name=\"twitter:card\" content=\"summary_large_image\" \/>\n<meta name=\"twitter:creator\" content=\"@innoticiasbo\" \/>\n<meta name=\"twitter:site\" content=\"@innoticiasbo\" \/>\n<meta name=\"twitter:label1\" content=\"Escrito por\" \/>\n\t<meta name=\"twitter:data1\" content=\"Prensa\" \/>\n\t<meta name=\"twitter:label2\" content=\"Tiempo de lectura\" \/>\n\t<meta name=\"twitter:data2\" content=\"4 minutos\" \/>\n<script type=\"application\/ld+json\" class=\"yoast-schema-graph\">{\"@context\":\"https:\/\/schema.org\",\"@graph\":[{\"@type\":\"Article\",\"@id\":\"https:\/\/innoticiasbo.com\/index.php\/2026\/01\/23\/de-la-nacion-plural-al-estado-plurinacional\/#article\",\"isPartOf\":{\"@id\":\"https:\/\/innoticiasbo.com\/index.php\/2026\/01\/23\/de-la-nacion-plural-al-estado-plurinacional\/\"},\"author\":{\"name\":\"Prensa\",\"@id\":\"https:\/\/innoticiasbo.com\/#\/schema\/person\/589cd527c4211df1b943bdad85ec07ce\"},\"headline\":\"DE LA NACI\u00d3N PLURAL AL ESTADO PLURINACIONAL\",\"datePublished\":\"2026-01-23T19:22:15+00:00\",\"dateModified\":\"2026-01-23T19:23:06+00:00\",\"mainEntityOfPage\":{\"@id\":\"https:\/\/innoticiasbo.com\/index.php\/2026\/01\/23\/de-la-nacion-plural-al-estado-plurinacional\/\"},\"wordCount\":742,\"commentCount\":0,\"publisher\":{\"@id\":\"https:\/\/innoticiasbo.com\/#organization\"},\"image\":{\"@id\":\"https:\/\/innoticiasbo.com\/index.php\/2026\/01\/23\/de-la-nacion-plural-al-estado-plurinacional\/#primaryimage\"},\"thumbnailUrl\":\"https:\/\/i0.wp.com\/innoticiasbo.com\/wp-content\/uploads\/2026\/01\/6_20251228_130249_0005-1.png?fit=1080%2C1080&ssl=1\",\"keywords\":[\"estado plurinacional\",\"Gamal Serhan\"],\"articleSection\":[\"Bolivia\",\"Opini\u00f3n\",\"Pol\u00edtica\"],\"inLanguage\":\"es\",\"potentialAction\":[{\"@type\":\"CommentAction\",\"name\":\"Comment\",\"target\":[\"https:\/\/innoticiasbo.com\/index.php\/2026\/01\/23\/de-la-nacion-plural-al-estado-plurinacional\/#respond\"]}]},{\"@type\":\"WebPage\",\"@id\":\"https:\/\/innoticiasbo.com\/index.php\/2026\/01\/23\/de-la-nacion-plural-al-estado-plurinacional\/\",\"url\":\"https:\/\/innoticiasbo.com\/index.php\/2026\/01\/23\/de-la-nacion-plural-al-estado-plurinacional\/\",\"name\":\"DE LA NACI\u00d3N PLURAL AL ESTADO PLURINACIONAL - innoticiasbo.com\",\"isPartOf\":{\"@id\":\"https:\/\/innoticiasbo.com\/#website\"},\"primaryImageOfPage\":{\"@id\":\"https:\/\/innoticiasbo.com\/index.php\/2026\/01\/23\/de-la-nacion-plural-al-estado-plurinacional\/#primaryimage\"},\"image\":{\"@id\":\"https:\/\/innoticiasbo.com\/index.php\/2026\/01\/23\/de-la-nacion-plural-al-estado-plurinacional\/#primaryimage\"},\"thumbnailUrl\":\"https:\/\/i0.wp.com\/innoticiasbo.com\/wp-content\/uploads\/2026\/01\/6_20251228_130249_0005-1.png?fit=1080%2C1080&ssl=1\",\"datePublished\":\"2026-01-23T19:22:15+00:00\",\"dateModified\":\"2026-01-23T19:23:06+00:00\",\"breadcrumb\":{\"@id\":\"https:\/\/innoticiasbo.com\/index.php\/2026\/01\/23\/de-la-nacion-plural-al-estado-plurinacional\/#breadcrumb\"},\"inLanguage\":\"es\",\"potentialAction\":[{\"@type\":\"ReadAction\",\"target\":[\"https:\/\/innoticiasbo.com\/index.php\/2026\/01\/23\/de-la-nacion-plural-al-estado-plurinacional\/\"]}]},{\"@type\":\"ImageObject\",\"inLanguage\":\"es\",\"@id\":\"https:\/\/innoticiasbo.com\/index.php\/2026\/01\/23\/de-la-nacion-plural-al-estado-plurinacional\/#primaryimage\",\"url\":\"https:\/\/i0.wp.com\/innoticiasbo.com\/wp-content\/uploads\/2026\/01\/6_20251228_130249_0005-1.png?fit=1080%2C1080&ssl=1\",\"contentUrl\":\"https:\/\/i0.wp.com\/innoticiasbo.com\/wp-content\/uploads\/2026\/01\/6_20251228_130249_0005-1.png?fit=1080%2C1080&ssl=1\",\"width\":1080,\"height\":1080},{\"@type\":\"BreadcrumbList\",\"@id\":\"https:\/\/innoticiasbo.com\/index.php\/2026\/01\/23\/de-la-nacion-plural-al-estado-plurinacional\/#breadcrumb\",\"itemListElement\":[{\"@type\":\"ListItem\",\"position\":1,\"name\":\"Portada\",\"item\":\"https:\/\/innoticiasbo.com\/\"},{\"@type\":\"ListItem\",\"position\":2,\"name\":\"DE LA NACI\u00d3N PLURAL AL ESTADO PLURINACIONAL\"}]},{\"@type\":\"WebSite\",\"@id\":\"https:\/\/innoticiasbo.com\/#website\",\"url\":\"https:\/\/innoticiasbo.com\/\",\"name\":\"innoticiasbo.com\",\"description\":\"\",\"publisher\":{\"@id\":\"https:\/\/innoticiasbo.com\/#organization\"},\"potentialAction\":[{\"@type\":\"SearchAction\",\"target\":{\"@type\":\"EntryPoint\",\"urlTemplate\":\"https:\/\/innoticiasbo.com\/?s={search_term_string}\"},\"query-input\":{\"@type\":\"PropertyValueSpecification\",\"valueRequired\":true,\"valueName\":\"search_term_string\"}}],\"inLanguage\":\"es\"},{\"@type\":\"Organization\",\"@id\":\"https:\/\/innoticiasbo.com\/#organization\",\"name\":\"innoticiasbo.com\",\"url\":\"https:\/\/innoticiasbo.com\/\",\"logo\":{\"@type\":\"ImageObject\",\"inLanguage\":\"es\",\"@id\":\"https:\/\/innoticiasbo.com\/#\/schema\/logo\/image\/\",\"url\":\"https:\/\/i0.wp.com\/innoticiasbo.com\/wp-content\/uploads\/2026\/04\/cropped-IN-LOGO.png?fit=1476%2C1476&ssl=1\",\"contentUrl\":\"https:\/\/i0.wp.com\/innoticiasbo.com\/wp-content\/uploads\/2026\/04\/cropped-IN-LOGO.png?fit=1476%2C1476&ssl=1\",\"width\":1476,\"height\":1476,\"caption\":\"innoticiasbo.com\"},\"image\":{\"@id\":\"https:\/\/innoticiasbo.com\/#\/schema\/logo\/image\/\"},\"sameAs\":[\"https:\/\/www.facebook.com\/innoticiasbolivia\",\"https:\/\/x.com\/innoticiasbo\",\"https:\/\/www.instagram.com\/innoticiasbo\",\"https:\/\/www.youtube.com\/innoticiasbo\"]},{\"@type\":\"Person\",\"@id\":\"https:\/\/innoticiasbo.com\/#\/schema\/person\/589cd527c4211df1b943bdad85ec07ce\",\"name\":\"Prensa\",\"image\":{\"@type\":\"ImageObject\",\"inLanguage\":\"es\",\"@id\":\"https:\/\/innoticiasbo.com\/#\/schema\/person\/image\/\",\"url\":\"https:\/\/secure.gravatar.com\/avatar\/d359bbdf112023c1c0a3ec7fe1600657?s=96&d=mm&r=g\",\"contentUrl\":\"https:\/\/secure.gravatar.com\/avatar\/d359bbdf112023c1c0a3ec7fe1600657?s=96&d=mm&r=g\",\"caption\":\"Prensa\"},\"sameAs\":[\"http:\/\/www.innoticiasbo.com\"],\"url\":\"https:\/\/innoticiasbo.com\/index.php\/author\/prensa\/\"}]}<\/script>\n<!-- \/ Yoast SEO plugin. -->","yoast_head_json":{"title":"DE LA NACI\u00d3N PLURAL AL ESTADO PLURINACIONAL - innoticiasbo.com","robots":{"index":"index","follow":"follow","max-snippet":"max-snippet:-1","max-image-preview":"max-image-preview:large","max-video-preview":"max-video-preview:-1"},"canonical":"https:\/\/innoticiasbo.com\/index.php\/2026\/01\/23\/de-la-nacion-plural-al-estado-plurinacional\/","og_locale":"es_ES","og_type":"article","og_title":"DE LA NACI\u00d3N PLURAL AL ESTADO PLURINACIONAL - innoticiasbo.com","og_description":"(Art\u00edculo publicado el 13 junio de 2007, que el autor vuelve a compartir hoy a prop\u00f3sito del D\u00eda del Estado Plurinacional Debo confesar que me he robado el t\u00edtulo de una conferencia dictada en noviembre del 1996 en Espa\u00f1a, porque vengo sosteniendo que la idea del Estado Plurinacional responde a una l\u00f3gica ETArra que lo...","og_url":"https:\/\/innoticiasbo.com\/index.php\/2026\/01\/23\/de-la-nacion-plural-al-estado-plurinacional\/","og_site_name":"innoticiasbo.com","article_publisher":"https:\/\/www.facebook.com\/innoticiasbolivia","article_published_time":"2026-01-23T19:22:15+00:00","article_modified_time":"2026-01-23T19:23:06+00:00","og_image":[{"width":1080,"height":1080,"url":"https:\/\/i0.wp.com\/innoticiasbo.com\/wp-content\/uploads\/2026\/01\/6_20251228_130249_0005-1.png?fit=1080%2C1080&ssl=1","type":"image\/png"}],"author":"Prensa","twitter_card":"summary_large_image","twitter_creator":"@innoticiasbo","twitter_site":"@innoticiasbo","twitter_misc":{"Escrito por":"Prensa","Tiempo de lectura":"4 minutos"},"schema":{"@context":"https:\/\/schema.org","@graph":[{"@type":"Article","@id":"https:\/\/innoticiasbo.com\/index.php\/2026\/01\/23\/de-la-nacion-plural-al-estado-plurinacional\/#article","isPartOf":{"@id":"https:\/\/innoticiasbo.com\/index.php\/2026\/01\/23\/de-la-nacion-plural-al-estado-plurinacional\/"},"author":{"name":"Prensa","@id":"https:\/\/innoticiasbo.com\/#\/schema\/person\/589cd527c4211df1b943bdad85ec07ce"},"headline":"DE LA NACI\u00d3N PLURAL AL ESTADO PLURINACIONAL","datePublished":"2026-01-23T19:22:15+00:00","dateModified":"2026-01-23T19:23:06+00:00","mainEntityOfPage":{"@id":"https:\/\/innoticiasbo.com\/index.php\/2026\/01\/23\/de-la-nacion-plural-al-estado-plurinacional\/"},"wordCount":742,"commentCount":0,"publisher":{"@id":"https:\/\/innoticiasbo.com\/#organization"},"image":{"@id":"https:\/\/innoticiasbo.com\/index.php\/2026\/01\/23\/de-la-nacion-plural-al-estado-plurinacional\/#primaryimage"},"thumbnailUrl":"https:\/\/i0.wp.com\/innoticiasbo.com\/wp-content\/uploads\/2026\/01\/6_20251228_130249_0005-1.png?fit=1080%2C1080&ssl=1","keywords":["estado plurinacional","Gamal Serhan"],"articleSection":["Bolivia","Opini\u00f3n","Pol\u00edtica"],"inLanguage":"es","potentialAction":[{"@type":"CommentAction","name":"Comment","target":["https:\/\/innoticiasbo.com\/index.php\/2026\/01\/23\/de-la-nacion-plural-al-estado-plurinacional\/#respond"]}]},{"@type":"WebPage","@id":"https:\/\/innoticiasbo.com\/index.php\/2026\/01\/23\/de-la-nacion-plural-al-estado-plurinacional\/","url":"https:\/\/innoticiasbo.com\/index.php\/2026\/01\/23\/de-la-nacion-plural-al-estado-plurinacional\/","name":"DE LA NACI\u00d3N PLURAL AL ESTADO PLURINACIONAL - innoticiasbo.com","isPartOf":{"@id":"https:\/\/innoticiasbo.com\/#website"},"primaryImageOfPage":{"@id":"https:\/\/innoticiasbo.com\/index.php\/2026\/01\/23\/de-la-nacion-plural-al-estado-plurinacional\/#primaryimage"},"image":{"@id":"https:\/\/innoticiasbo.com\/index.php\/2026\/01\/23\/de-la-nacion-plural-al-estado-plurinacional\/#primaryimage"},"thumbnailUrl":"https:\/\/i0.wp.com\/innoticiasbo.com\/wp-content\/uploads\/2026\/01\/6_20251228_130249_0005-1.png?fit=1080%2C1080&ssl=1","datePublished":"2026-01-23T19:22:15+00:00","dateModified":"2026-01-23T19:23:06+00:00","breadcrumb":{"@id":"https:\/\/innoticiasbo.com\/index.php\/2026\/01\/23\/de-la-nacion-plural-al-estado-plurinacional\/#breadcrumb"},"inLanguage":"es","potentialAction":[{"@type":"ReadAction","target":["https:\/\/innoticiasbo.com\/index.php\/2026\/01\/23\/de-la-nacion-plural-al-estado-plurinacional\/"]}]},{"@type":"ImageObject","inLanguage":"es","@id":"https:\/\/innoticiasbo.com\/index.php\/2026\/01\/23\/de-la-nacion-plural-al-estado-plurinacional\/#primaryimage","url":"https:\/\/i0.wp.com\/innoticiasbo.com\/wp-content\/uploads\/2026\/01\/6_20251228_130249_0005-1.png?fit=1080%2C1080&ssl=1","contentUrl":"https:\/\/i0.wp.com\/innoticiasbo.com\/wp-content\/uploads\/2026\/01\/6_20251228_130249_0005-1.png?fit=1080%2C1080&ssl=1","width":1080,"height":1080},{"@type":"BreadcrumbList","@id":"https:\/\/innoticiasbo.com\/index.php\/2026\/01\/23\/de-la-nacion-plural-al-estado-plurinacional\/#breadcrumb","itemListElement":[{"@type":"ListItem","position":1,"name":"Portada","item":"https:\/\/innoticiasbo.com\/"},{"@type":"ListItem","position":2,"name":"DE LA NACI\u00d3N PLURAL AL ESTADO PLURINACIONAL"}]},{"@type":"WebSite","@id":"https:\/\/innoticiasbo.com\/#website","url":"https:\/\/innoticiasbo.com\/","name":"innoticiasbo.com","description":"","publisher":{"@id":"https:\/\/innoticiasbo.com\/#organization"},"potentialAction":[{"@type":"SearchAction","target":{"@type":"EntryPoint","urlTemplate":"https:\/\/innoticiasbo.com\/?s={search_term_string}"},"query-input":{"@type":"PropertyValueSpecification","valueRequired":true,"valueName":"search_term_string"}}],"inLanguage":"es"},{"@type":"Organization","@id":"https:\/\/innoticiasbo.com\/#organization","name":"innoticiasbo.com","url":"https:\/\/innoticiasbo.com\/","logo":{"@type":"ImageObject","inLanguage":"es","@id":"https:\/\/innoticiasbo.com\/#\/schema\/logo\/image\/","url":"https:\/\/i0.wp.com\/innoticiasbo.com\/wp-content\/uploads\/2026\/04\/cropped-IN-LOGO.png?fit=1476%2C1476&ssl=1","contentUrl":"https:\/\/i0.wp.com\/innoticiasbo.com\/wp-content\/uploads\/2026\/04\/cropped-IN-LOGO.png?fit=1476%2C1476&ssl=1","width":1476,"height":1476,"caption":"innoticiasbo.com"},"image":{"@id":"https:\/\/innoticiasbo.com\/#\/schema\/logo\/image\/"},"sameAs":["https:\/\/www.facebook.com\/innoticiasbolivia","https:\/\/x.com\/innoticiasbo","https:\/\/www.instagram.com\/innoticiasbo","https:\/\/www.youtube.com\/innoticiasbo"]},{"@type":"Person","@id":"https:\/\/innoticiasbo.com\/#\/schema\/person\/589cd527c4211df1b943bdad85ec07ce","name":"Prensa","image":{"@type":"ImageObject","inLanguage":"es","@id":"https:\/\/innoticiasbo.com\/#\/schema\/person\/image\/","url":"https:\/\/secure.gravatar.com\/avatar\/d359bbdf112023c1c0a3ec7fe1600657?s=96&d=mm&r=g","contentUrl":"https:\/\/secure.gravatar.com\/avatar\/d359bbdf112023c1c0a3ec7fe1600657?s=96&d=mm&r=g","caption":"Prensa"},"sameAs":["http:\/\/www.innoticiasbo.com"],"url":"https:\/\/innoticiasbo.com\/index.php\/author\/prensa\/"}]}},"jetpack_featured_media_url":"https:\/\/i0.wp.com\/innoticiasbo.com\/wp-content\/uploads\/2026\/01\/6_20251228_130249_0005-1.png?fit=1080%2C1080&ssl=1","jetpack_likes_enabled":true,"jetpack_sharing_enabled":true,"jetpack_shortlink":"https:\/\/wp.me\/pg298x-2dW","_links":{"self":[{"href":"https:\/\/innoticiasbo.com\/index.php\/wp-json\/wp\/v2\/posts\/8552","targetHints":{"allow":["GET"]}}],"collection":[{"href":"https:\/\/innoticiasbo.com\/index.php\/wp-json\/wp\/v2\/posts"}],"about":[{"href":"https:\/\/innoticiasbo.com\/index.php\/wp-json\/wp\/v2\/types\/post"}],"author":[{"embeddable":true,"href":"https:\/\/innoticiasbo.com\/index.php\/wp-json\/wp\/v2\/users\/2"}],"replies":[{"embeddable":true,"href":"https:\/\/innoticiasbo.com\/index.php\/wp-json\/wp\/v2\/comments?post=8552"}],"version-history":[{"count":1,"href":"https:\/\/innoticiasbo.com\/index.php\/wp-json\/wp\/v2\/posts\/8552\/revisions"}],"predecessor-version":[{"id":8553,"href":"https:\/\/innoticiasbo.com\/index.php\/wp-json\/wp\/v2\/posts\/8552\/revisions\/8553"}],"wp:featuredmedia":[{"embeddable":true,"href":"https:\/\/innoticiasbo.com\/index.php\/wp-json\/wp\/v2\/media\/8551"}],"wp:attachment":[{"href":"https:\/\/innoticiasbo.com\/index.php\/wp-json\/wp\/v2\/media?parent=8552"}],"wp:term":[{"taxonomy":"category","embeddable":true,"href":"https:\/\/innoticiasbo.com\/index.php\/wp-json\/wp\/v2\/categories?post=8552"},{"taxonomy":"post_tag","embeddable":true,"href":"https:\/\/innoticiasbo.com\/index.php\/wp-json\/wp\/v2\/tags?post=8552"}],"curies":[{"name":"wp","href":"https:\/\/api.w.org\/{rel}","templated":true}]}}