{"id":8545,"date":"2026-01-22T16:08:18","date_gmt":"2026-01-22T20:08:18","guid":{"rendered":"https:\/\/innoticiasbo.com\/?p=8545"},"modified":"2026-01-22T16:08:18","modified_gmt":"2026-01-22T20:08:18","slug":"feminicida-de-ingrid-es-tambien-acusado-por-la-desaparicion-de-una-adolescente-y-su-hijo","status":"publish","type":"post","link":"https:\/\/innoticiasbo.com\/index.php\/2026\/01\/22\/feminicida-de-ingrid-es-tambien-acusado-por-la-desaparicion-de-una-adolescente-y-su-hijo\/","title":{"rendered":"FEMINICIDA DE&nbsp; INGRID ES TAMBIEN ACUSADO POR LA DESAPARICI\u00d3N DE UNA ADOLESCENTE Y SU HIJO"},"content":{"rendered":"\n<p class=\"p2\">Cochabamba, 22 de enero, 2026.- Un padre desesperado se\u00f1ala a Omar Alvis, feminicida confeso de Ingrid, como el responsable de la desaparici\u00f3n de su hija y su nieto,<\/p>\n\n\n\n<p class=\"p2\">hace 16 a\u00f1os.<\/p>\n\n\n\n<p class=\"p2\">Ra\u00fal Guizada, padre de Jessica Guizada Siles, afirm\u00f3 que su hija manten\u00eda una relaci\u00f3n sentimental con Omar Mauricio Alvis Rodriguez&nbsp; cuando desapareci\u00f3 sin dejar rastro. La joven ten\u00eda 17 a\u00f1os, estudiaba en el colegio cuando el sujeto se ls llevo a vivir a la casa de los padres y tuvieron un hijo.&nbsp;<\/p>\n\n\n\n<figure class=\"wp-block-image size-large\"><img data-recalc-dims=\"1\" loading=\"lazy\" decoding=\"async\" width=\"640\" height=\"640\" src=\"https:\/\/i0.wp.com\/innoticiasbo.com\/wp-content\/uploads\/2026\/01\/img_7925-1.jpg?resize=640%2C640&#038;ssl=1\" class=\"wp-image-8544\" srcset=\"https:\/\/i0.wp.com\/innoticiasbo.com\/wp-content\/uploads\/2026\/01\/img_7925-1.jpg?resize=1024%2C1024&amp;ssl=1 1024w, https:\/\/i0.wp.com\/innoticiasbo.com\/wp-content\/uploads\/2026\/01\/img_7925-1.jpg?resize=300%2C300&amp;ssl=1 300w, https:\/\/i0.wp.com\/innoticiasbo.com\/wp-content\/uploads\/2026\/01\/img_7925-1.jpg?resize=150%2C150&amp;ssl=1 150w, https:\/\/i0.wp.com\/innoticiasbo.com\/wp-content\/uploads\/2026\/01\/img_7925-1.jpg?resize=768%2C768&amp;ssl=1 768w, https:\/\/i0.wp.com\/innoticiasbo.com\/wp-content\/uploads\/2026\/01\/img_7925-1.jpg?resize=1536%2C1536&amp;ssl=1 1536w, https:\/\/i0.wp.com\/innoticiasbo.com\/wp-content\/uploads\/2026\/01\/img_7925-1.jpg?w=1920&amp;ssl=1 1920w, https:\/\/i0.wp.com\/innoticiasbo.com\/wp-content\/uploads\/2026\/01\/img_7925-1.jpg?w=1280&amp;ssl=1 1280w\" sizes=\"auto, (max-width: 640px) 100vw, 640px\" \/><\/figure>\n\n\n\n<p class=\"p2\">Seg\u00fan el testimonio, ante la asistencia de su hija, el hombre le asegur\u00f3 que Jessica se hab\u00eda ido con otro sujeto e incluso la acus\u00f3 de haber robado dinero de la vivienda de su madre por lo que habrian puesto denuncia \u201cMe dijo que se fue con otro hombre abandonando a su bebe&nbsp; Desde entonces no supe m\u00e1s de mi hija\u201d, relat\u00f3&nbsp;<\/p>\n\n\n\n<p class=\"p2\">Ra\u00fal Guizada asegur\u00f3 que denunci\u00f3 el hecho ante la Polic\u00eda y la Defensor\u00eda, pero la investigaci\u00f3n no avanz\u00f3 y que entonces no insisti\u00f3 m\u00e1s por temor, ya que los padres del ahora condenado eran polic\u00edas y \u00e9l fue amenazado para no acercarse a su nieto.<\/p>\n\n\n\n<p class=\"p2\">\u201cMi hija qued\u00f3 embarazada y cuando el beb\u00e9 ten\u00eda seis meses desapareci\u00f3. Yo creo que la enterraron en el pozo ciego que habia en su casa Solo quiero saber d\u00f3nde est\u00e1 para darle cristiana sepultura\u201d, expres\u00f3.<\/p>\n\n\n\n<p class=\"p2\">Jessica quien tambi\u00e9n sufr\u00eda maltrato por parte del sujeto&nbsp; era la segunda de cinco hermanos. Sus profesores, familiares&nbsp; e incluso el mismo Omar participaron en su b\u00fasqueda sin \u00e9xito.&nbsp;<\/p>\n\n\n\n<p class=\"p2\">Hoy la adolescente desaparecida tendr\u00eda 34 a\u00f1os y su beb\u00e9 17. La denuncia sali\u00f3 a la luz tras el feminicidio de Ingrid C\u00e9spedes, ocurrido en Sacaba, hecho que convirti\u00f3 a Omar&nbsp; en el primer feminicida sentenciado a 30 a\u00f1os, de este a\u00f1o.<\/p>\n\n\n\n<p><\/p>\n","protected":false},"excerpt":{"rendered":"<p>Cochabamba, 22 de enero, 2026.- Un padre desesperado se\u00f1ala a Omar Alvis, feminicida confeso de Ingrid, como el responsable de la desaparici\u00f3n de su hija y su nieto, hace 16 a\u00f1os. Ra\u00fal Guizada, padre de Jessica Guizada Siles, afirm\u00f3 que su hija manten\u00eda una relaci\u00f3n sentimental con Omar Mauricio Alvis Rodriguez&nbsp; cuando desapareci\u00f3 sin dejar&#8230;<\/p>\n","protected":false},"author":6,"featured_media":8543,"comment_status":"closed","ping_status":"open","sticky":false,"template":"","format":"standard","meta":{"_jetpack_memberships_contains_paid_content":false,"footnotes":"","jetpack_publicize_message":"FEMINICIDA DE\u00a0 INGRID ES TAMBIEN ACUSADO POR LA DESAPARICI\u00d3N DE UNA ADOLESCENTE Y SU HIJO","jetpack_publicize_feature_enabled":true,"jetpack_social_post_already_shared":true,"jetpack_social_options":{"image_generator_settings":{"template":"highway","enabled":false},"version":2}},"categories":[1],"tags":[],"class_list":["post-8545","post","type-post","status-publish","format-standard","has-post-thumbnail","hentry","category-bolivia"],"jetpack_publicize_connections":[],"yoast_head":"<!-- This site is optimized with the Yoast SEO plugin v23.4 - https:\/\/yoast.com\/wordpress\/plugins\/seo\/ -->\n<title>FEMINICIDA DE&nbsp; INGRID ES TAMBIEN ACUSADO POR LA DESAPARICI\u00d3N DE UNA ADOLESCENTE Y SU HIJO - innoticiasbo.com<\/title>\n<meta name=\"robots\" content=\"index, follow, max-snippet:-1, max-image-preview:large, max-video-preview:-1\" \/>\n<link rel=\"canonical\" href=\"https:\/\/innoticiasbo.com\/index.php\/2026\/01\/22\/feminicida-de-ingrid-es-tambien-acusado-por-la-desaparicion-de-una-adolescente-y-su-hijo\/\" \/>\n<meta property=\"og:locale\" content=\"es_ES\" \/>\n<meta property=\"og:type\" content=\"article\" \/>\n<meta property=\"og:title\" content=\"FEMINICIDA DE&nbsp; INGRID ES TAMBIEN ACUSADO POR LA DESAPARICI\u00d3N DE UNA ADOLESCENTE Y SU HIJO - innoticiasbo.com\" \/>\n<meta property=\"og:description\" content=\"Cochabamba, 22 de enero, 2026.- Un padre desesperado se\u00f1ala a Omar Alvis, feminicida confeso de Ingrid, como el responsable de la desaparici\u00f3n de su hija y su nieto, hace 16 a\u00f1os. Ra\u00fal Guizada, padre de Jessica Guizada Siles, afirm\u00f3 que su hija manten\u00eda una relaci\u00f3n sentimental con Omar Mauricio Alvis Rodriguez&nbsp; cuando desapareci\u00f3 sin dejar...\" \/>\n<meta property=\"og:url\" content=\"https:\/\/innoticiasbo.com\/index.php\/2026\/01\/22\/feminicida-de-ingrid-es-tambien-acusado-por-la-desaparicion-de-una-adolescente-y-su-hijo\/\" \/>\n<meta property=\"og:site_name\" content=\"innoticiasbo.com\" \/>\n<meta property=\"article:publisher\" content=\"https:\/\/www.facebook.com\/innoticiasbolivia\" \/>\n<meta property=\"article:published_time\" content=\"2026-01-22T20:08:18+00:00\" \/>\n<meta property=\"og:image\" content=\"https:\/\/i0.wp.com\/innoticiasbo.com\/wp-content\/uploads\/2026\/01\/img_7921-1.jpg?fit=598%2C475&ssl=1\" \/>\n\t<meta property=\"og:image:width\" content=\"598\" \/>\n\t<meta property=\"og:image:height\" content=\"475\" \/>\n\t<meta property=\"og:image:type\" content=\"image\/jpeg\" \/>\n<meta name=\"author\" content=\"Eliza Riva\" \/>\n<meta name=\"twitter:card\" content=\"summary_large_image\" \/>\n<meta name=\"twitter:creator\" content=\"@innoticiasbo\" \/>\n<meta name=\"twitter:site\" content=\"@innoticiasbo\" \/>\n<meta name=\"twitter:label1\" content=\"Escrito por\" \/>\n\t<meta name=\"twitter:data1\" content=\"Eliza Riva\" \/>\n\t<meta name=\"twitter:label2\" content=\"Tiempo de lectura\" \/>\n\t<meta name=\"twitter:data2\" content=\"2 minutos\" \/>\n<script type=\"application\/ld+json\" class=\"yoast-schema-graph\">{\"@context\":\"https:\/\/schema.org\",\"@graph\":[{\"@type\":\"Article\",\"@id\":\"https:\/\/innoticiasbo.com\/index.php\/2026\/01\/22\/feminicida-de-ingrid-es-tambien-acusado-por-la-desaparicion-de-una-adolescente-y-su-hijo\/#article\",\"isPartOf\":{\"@id\":\"https:\/\/innoticiasbo.com\/index.php\/2026\/01\/22\/feminicida-de-ingrid-es-tambien-acusado-por-la-desaparicion-de-una-adolescente-y-su-hijo\/\"},\"author\":{\"name\":\"Eliza Riva\",\"@id\":\"https:\/\/innoticiasbo.com\/#\/schema\/person\/8c935b6b11c0223d8f77dc01fc948202\"},\"headline\":\"FEMINICIDA DE&nbsp; INGRID ES TAMBIEN ACUSADO POR LA DESAPARICI\u00d3N DE UNA ADOLESCENTE Y SU HIJO\",\"datePublished\":\"2026-01-22T20:08:18+00:00\",\"dateModified\":\"2026-01-22T20:08:18+00:00\",\"mainEntityOfPage\":{\"@id\":\"https:\/\/innoticiasbo.com\/index.php\/2026\/01\/22\/feminicida-de-ingrid-es-tambien-acusado-por-la-desaparicion-de-una-adolescente-y-su-hijo\/\"},\"wordCount\":343,\"publisher\":{\"@id\":\"https:\/\/innoticiasbo.com\/#organization\"},\"image\":{\"@id\":\"https:\/\/innoticiasbo.com\/index.php\/2026\/01\/22\/feminicida-de-ingrid-es-tambien-acusado-por-la-desaparicion-de-una-adolescente-y-su-hijo\/#primaryimage\"},\"thumbnailUrl\":\"https:\/\/i0.wp.com\/innoticiasbo.com\/wp-content\/uploads\/2026\/01\/img_7921-1.jpg?fit=598%2C475&ssl=1\",\"articleSection\":[\"Bolivia\"],\"inLanguage\":\"es\"},{\"@type\":\"WebPage\",\"@id\":\"https:\/\/innoticiasbo.com\/index.php\/2026\/01\/22\/feminicida-de-ingrid-es-tambien-acusado-por-la-desaparicion-de-una-adolescente-y-su-hijo\/\",\"url\":\"https:\/\/innoticiasbo.com\/index.php\/2026\/01\/22\/feminicida-de-ingrid-es-tambien-acusado-por-la-desaparicion-de-una-adolescente-y-su-hijo\/\",\"name\":\"FEMINICIDA DE&nbsp; INGRID ES TAMBIEN ACUSADO POR LA DESAPARICI\u00d3N DE UNA ADOLESCENTE Y SU HIJO - innoticiasbo.com\",\"isPartOf\":{\"@id\":\"https:\/\/innoticiasbo.com\/#website\"},\"primaryImageOfPage\":{\"@id\":\"https:\/\/innoticiasbo.com\/index.php\/2026\/01\/22\/feminicida-de-ingrid-es-tambien-acusado-por-la-desaparicion-de-una-adolescente-y-su-hijo\/#primaryimage\"},\"image\":{\"@id\":\"https:\/\/innoticiasbo.com\/index.php\/2026\/01\/22\/feminicida-de-ingrid-es-tambien-acusado-por-la-desaparicion-de-una-adolescente-y-su-hijo\/#primaryimage\"},\"thumbnailUrl\":\"https:\/\/i0.wp.com\/innoticiasbo.com\/wp-content\/uploads\/2026\/01\/img_7921-1.jpg?fit=598%2C475&ssl=1\",\"datePublished\":\"2026-01-22T20:08:18+00:00\",\"dateModified\":\"2026-01-22T20:08:18+00:00\",\"breadcrumb\":{\"@id\":\"https:\/\/innoticiasbo.com\/index.php\/2026\/01\/22\/feminicida-de-ingrid-es-tambien-acusado-por-la-desaparicion-de-una-adolescente-y-su-hijo\/#breadcrumb\"},\"inLanguage\":\"es\",\"potentialAction\":[{\"@type\":\"ReadAction\",\"target\":[\"https:\/\/innoticiasbo.com\/index.php\/2026\/01\/22\/feminicida-de-ingrid-es-tambien-acusado-por-la-desaparicion-de-una-adolescente-y-su-hijo\/\"]}]},{\"@type\":\"ImageObject\",\"inLanguage\":\"es\",\"@id\":\"https:\/\/innoticiasbo.com\/index.php\/2026\/01\/22\/feminicida-de-ingrid-es-tambien-acusado-por-la-desaparicion-de-una-adolescente-y-su-hijo\/#primaryimage\",\"url\":\"https:\/\/i0.wp.com\/innoticiasbo.com\/wp-content\/uploads\/2026\/01\/img_7921-1.jpg?fit=598%2C475&ssl=1\",\"contentUrl\":\"https:\/\/i0.wp.com\/innoticiasbo.com\/wp-content\/uploads\/2026\/01\/img_7921-1.jpg?fit=598%2C475&ssl=1\",\"width\":598,\"height\":475},{\"@type\":\"BreadcrumbList\",\"@id\":\"https:\/\/innoticiasbo.com\/index.php\/2026\/01\/22\/feminicida-de-ingrid-es-tambien-acusado-por-la-desaparicion-de-una-adolescente-y-su-hijo\/#breadcrumb\",\"itemListElement\":[{\"@type\":\"ListItem\",\"position\":1,\"name\":\"Portada\",\"item\":\"https:\/\/innoticiasbo.com\/\"},{\"@type\":\"ListItem\",\"position\":2,\"name\":\"FEMINICIDA DE&nbsp; INGRID ES TAMBIEN ACUSADO POR LA DESAPARICI\u00d3N DE UNA ADOLESCENTE Y SU HIJO\"}]},{\"@type\":\"WebSite\",\"@id\":\"https:\/\/innoticiasbo.com\/#website\",\"url\":\"https:\/\/innoticiasbo.com\/\",\"name\":\"innoticiasbo.com\",\"description\":\"\",\"publisher\":{\"@id\":\"https:\/\/innoticiasbo.com\/#organization\"},\"potentialAction\":[{\"@type\":\"SearchAction\",\"target\":{\"@type\":\"EntryPoint\",\"urlTemplate\":\"https:\/\/innoticiasbo.com\/?s={search_term_string}\"},\"query-input\":{\"@type\":\"PropertyValueSpecification\",\"valueRequired\":true,\"valueName\":\"search_term_string\"}}],\"inLanguage\":\"es\"},{\"@type\":\"Organization\",\"@id\":\"https:\/\/innoticiasbo.com\/#organization\",\"name\":\"innoticiasbo.com\",\"url\":\"https:\/\/innoticiasbo.com\/\",\"logo\":{\"@type\":\"ImageObject\",\"inLanguage\":\"es\",\"@id\":\"https:\/\/innoticiasbo.com\/#\/schema\/logo\/image\/\",\"url\":\"https:\/\/i0.wp.com\/innoticiasbo.com\/wp-content\/uploads\/2026\/04\/cropped-IN-LOGO.png?fit=1476%2C1476&ssl=1\",\"contentUrl\":\"https:\/\/i0.wp.com\/innoticiasbo.com\/wp-content\/uploads\/2026\/04\/cropped-IN-LOGO.png?fit=1476%2C1476&ssl=1\",\"width\":1476,\"height\":1476,\"caption\":\"innoticiasbo.com\"},\"image\":{\"@id\":\"https:\/\/innoticiasbo.com\/#\/schema\/logo\/image\/\"},\"sameAs\":[\"https:\/\/www.facebook.com\/innoticiasbolivia\",\"https:\/\/x.com\/innoticiasbo\",\"https:\/\/www.instagram.com\/innoticiasbo\",\"https:\/\/www.youtube.com\/innoticiasbo\"]},{\"@type\":\"Person\",\"@id\":\"https:\/\/innoticiasbo.com\/#\/schema\/person\/8c935b6b11c0223d8f77dc01fc948202\",\"name\":\"Eliza Riva\",\"image\":{\"@type\":\"ImageObject\",\"inLanguage\":\"es\",\"@id\":\"https:\/\/innoticiasbo.com\/#\/schema\/person\/image\/\",\"url\":\"https:\/\/secure.gravatar.com\/avatar\/fdc172c2af344133d19e57e4b7acdee4?s=96&d=mm&r=g\",\"contentUrl\":\"https:\/\/secure.gravatar.com\/avatar\/fdc172c2af344133d19e57e4b7acdee4?s=96&d=mm&r=g\",\"caption\":\"Eliza Riva\"},\"sameAs\":[\"http:\/\/www.innoticiasbo.com\"],\"url\":\"https:\/\/innoticiasbo.com\/index.php\/author\/prensa-4\/\"}]}<\/script>\n<!-- \/ Yoast SEO plugin. -->","yoast_head_json":{"title":"FEMINICIDA DE&nbsp; INGRID ES TAMBIEN ACUSADO POR LA DESAPARICI\u00d3N DE UNA ADOLESCENTE Y SU HIJO - innoticiasbo.com","robots":{"index":"index","follow":"follow","max-snippet":"max-snippet:-1","max-image-preview":"max-image-preview:large","max-video-preview":"max-video-preview:-1"},"canonical":"https:\/\/innoticiasbo.com\/index.php\/2026\/01\/22\/feminicida-de-ingrid-es-tambien-acusado-por-la-desaparicion-de-una-adolescente-y-su-hijo\/","og_locale":"es_ES","og_type":"article","og_title":"FEMINICIDA DE&nbsp; INGRID ES TAMBIEN ACUSADO POR LA DESAPARICI\u00d3N DE UNA ADOLESCENTE Y SU HIJO - innoticiasbo.com","og_description":"Cochabamba, 22 de enero, 2026.- Un padre desesperado se\u00f1ala a Omar Alvis, feminicida confeso de Ingrid, como el responsable de la desaparici\u00f3n de su hija y su nieto, hace 16 a\u00f1os. Ra\u00fal Guizada, padre de Jessica Guizada Siles, afirm\u00f3 que su hija manten\u00eda una relaci\u00f3n sentimental con Omar Mauricio Alvis Rodriguez&nbsp; cuando desapareci\u00f3 sin dejar...","og_url":"https:\/\/innoticiasbo.com\/index.php\/2026\/01\/22\/feminicida-de-ingrid-es-tambien-acusado-por-la-desaparicion-de-una-adolescente-y-su-hijo\/","og_site_name":"innoticiasbo.com","article_publisher":"https:\/\/www.facebook.com\/innoticiasbolivia","article_published_time":"2026-01-22T20:08:18+00:00","og_image":[{"width":598,"height":475,"url":"https:\/\/i0.wp.com\/innoticiasbo.com\/wp-content\/uploads\/2026\/01\/img_7921-1.jpg?fit=598%2C475&ssl=1","type":"image\/jpeg"}],"author":"Eliza Riva","twitter_card":"summary_large_image","twitter_creator":"@innoticiasbo","twitter_site":"@innoticiasbo","twitter_misc":{"Escrito por":"Eliza Riva","Tiempo de lectura":"2 minutos"},"schema":{"@context":"https:\/\/schema.org","@graph":[{"@type":"Article","@id":"https:\/\/innoticiasbo.com\/index.php\/2026\/01\/22\/feminicida-de-ingrid-es-tambien-acusado-por-la-desaparicion-de-una-adolescente-y-su-hijo\/#article","isPartOf":{"@id":"https:\/\/innoticiasbo.com\/index.php\/2026\/01\/22\/feminicida-de-ingrid-es-tambien-acusado-por-la-desaparicion-de-una-adolescente-y-su-hijo\/"},"author":{"name":"Eliza Riva","@id":"https:\/\/innoticiasbo.com\/#\/schema\/person\/8c935b6b11c0223d8f77dc01fc948202"},"headline":"FEMINICIDA DE&nbsp; INGRID ES TAMBIEN ACUSADO POR LA DESAPARICI\u00d3N DE UNA ADOLESCENTE Y SU HIJO","datePublished":"2026-01-22T20:08:18+00:00","dateModified":"2026-01-22T20:08:18+00:00","mainEntityOfPage":{"@id":"https:\/\/innoticiasbo.com\/index.php\/2026\/01\/22\/feminicida-de-ingrid-es-tambien-acusado-por-la-desaparicion-de-una-adolescente-y-su-hijo\/"},"wordCount":343,"publisher":{"@id":"https:\/\/innoticiasbo.com\/#organization"},"image":{"@id":"https:\/\/innoticiasbo.com\/index.php\/2026\/01\/22\/feminicida-de-ingrid-es-tambien-acusado-por-la-desaparicion-de-una-adolescente-y-su-hijo\/#primaryimage"},"thumbnailUrl":"https:\/\/i0.wp.com\/innoticiasbo.com\/wp-content\/uploads\/2026\/01\/img_7921-1.jpg?fit=598%2C475&ssl=1","articleSection":["Bolivia"],"inLanguage":"es"},{"@type":"WebPage","@id":"https:\/\/innoticiasbo.com\/index.php\/2026\/01\/22\/feminicida-de-ingrid-es-tambien-acusado-por-la-desaparicion-de-una-adolescente-y-su-hijo\/","url":"https:\/\/innoticiasbo.com\/index.php\/2026\/01\/22\/feminicida-de-ingrid-es-tambien-acusado-por-la-desaparicion-de-una-adolescente-y-su-hijo\/","name":"FEMINICIDA DE&nbsp; INGRID ES TAMBIEN ACUSADO POR LA DESAPARICI\u00d3N DE UNA ADOLESCENTE Y SU HIJO - innoticiasbo.com","isPartOf":{"@id":"https:\/\/innoticiasbo.com\/#website"},"primaryImageOfPage":{"@id":"https:\/\/innoticiasbo.com\/index.php\/2026\/01\/22\/feminicida-de-ingrid-es-tambien-acusado-por-la-desaparicion-de-una-adolescente-y-su-hijo\/#primaryimage"},"image":{"@id":"https:\/\/innoticiasbo.com\/index.php\/2026\/01\/22\/feminicida-de-ingrid-es-tambien-acusado-por-la-desaparicion-de-una-adolescente-y-su-hijo\/#primaryimage"},"thumbnailUrl":"https:\/\/i0.wp.com\/innoticiasbo.com\/wp-content\/uploads\/2026\/01\/img_7921-1.jpg?fit=598%2C475&ssl=1","datePublished":"2026-01-22T20:08:18+00:00","dateModified":"2026-01-22T20:08:18+00:00","breadcrumb":{"@id":"https:\/\/innoticiasbo.com\/index.php\/2026\/01\/22\/feminicida-de-ingrid-es-tambien-acusado-por-la-desaparicion-de-una-adolescente-y-su-hijo\/#breadcrumb"},"inLanguage":"es","potentialAction":[{"@type":"ReadAction","target":["https:\/\/innoticiasbo.com\/index.php\/2026\/01\/22\/feminicida-de-ingrid-es-tambien-acusado-por-la-desaparicion-de-una-adolescente-y-su-hijo\/"]}]},{"@type":"ImageObject","inLanguage":"es","@id":"https:\/\/innoticiasbo.com\/index.php\/2026\/01\/22\/feminicida-de-ingrid-es-tambien-acusado-por-la-desaparicion-de-una-adolescente-y-su-hijo\/#primaryimage","url":"https:\/\/i0.wp.com\/innoticiasbo.com\/wp-content\/uploads\/2026\/01\/img_7921-1.jpg?fit=598%2C475&ssl=1","contentUrl":"https:\/\/i0.wp.com\/innoticiasbo.com\/wp-content\/uploads\/2026\/01\/img_7921-1.jpg?fit=598%2C475&ssl=1","width":598,"height":475},{"@type":"BreadcrumbList","@id":"https:\/\/innoticiasbo.com\/index.php\/2026\/01\/22\/feminicida-de-ingrid-es-tambien-acusado-por-la-desaparicion-de-una-adolescente-y-su-hijo\/#breadcrumb","itemListElement":[{"@type":"ListItem","position":1,"name":"Portada","item":"https:\/\/innoticiasbo.com\/"},{"@type":"ListItem","position":2,"name":"FEMINICIDA DE&nbsp; INGRID ES TAMBIEN ACUSADO POR LA DESAPARICI\u00d3N DE UNA ADOLESCENTE Y SU HIJO"}]},{"@type":"WebSite","@id":"https:\/\/innoticiasbo.com\/#website","url":"https:\/\/innoticiasbo.com\/","name":"innoticiasbo.com","description":"","publisher":{"@id":"https:\/\/innoticiasbo.com\/#organization"},"potentialAction":[{"@type":"SearchAction","target":{"@type":"EntryPoint","urlTemplate":"https:\/\/innoticiasbo.com\/?s={search_term_string}"},"query-input":{"@type":"PropertyValueSpecification","valueRequired":true,"valueName":"search_term_string"}}],"inLanguage":"es"},{"@type":"Organization","@id":"https:\/\/innoticiasbo.com\/#organization","name":"innoticiasbo.com","url":"https:\/\/innoticiasbo.com\/","logo":{"@type":"ImageObject","inLanguage":"es","@id":"https:\/\/innoticiasbo.com\/#\/schema\/logo\/image\/","url":"https:\/\/i0.wp.com\/innoticiasbo.com\/wp-content\/uploads\/2026\/04\/cropped-IN-LOGO.png?fit=1476%2C1476&ssl=1","contentUrl":"https:\/\/i0.wp.com\/innoticiasbo.com\/wp-content\/uploads\/2026\/04\/cropped-IN-LOGO.png?fit=1476%2C1476&ssl=1","width":1476,"height":1476,"caption":"innoticiasbo.com"},"image":{"@id":"https:\/\/innoticiasbo.com\/#\/schema\/logo\/image\/"},"sameAs":["https:\/\/www.facebook.com\/innoticiasbolivia","https:\/\/x.com\/innoticiasbo","https:\/\/www.instagram.com\/innoticiasbo","https:\/\/www.youtube.com\/innoticiasbo"]},{"@type":"Person","@id":"https:\/\/innoticiasbo.com\/#\/schema\/person\/8c935b6b11c0223d8f77dc01fc948202","name":"Eliza Riva","image":{"@type":"ImageObject","inLanguage":"es","@id":"https:\/\/innoticiasbo.com\/#\/schema\/person\/image\/","url":"https:\/\/secure.gravatar.com\/avatar\/fdc172c2af344133d19e57e4b7acdee4?s=96&d=mm&r=g","contentUrl":"https:\/\/secure.gravatar.com\/avatar\/fdc172c2af344133d19e57e4b7acdee4?s=96&d=mm&r=g","caption":"Eliza Riva"},"sameAs":["http:\/\/www.innoticiasbo.com"],"url":"https:\/\/innoticiasbo.com\/index.php\/author\/prensa-4\/"}]}},"jetpack_featured_media_url":"https:\/\/i0.wp.com\/innoticiasbo.com\/wp-content\/uploads\/2026\/01\/img_7921-1.jpg?fit=598%2C475&ssl=1","jetpack_likes_enabled":true,"jetpack_sharing_enabled":true,"jetpack_shortlink":"https:\/\/wp.me\/pg298x-2dP","_links":{"self":[{"href":"https:\/\/innoticiasbo.com\/index.php\/wp-json\/wp\/v2\/posts\/8545","targetHints":{"allow":["GET"]}}],"collection":[{"href":"https:\/\/innoticiasbo.com\/index.php\/wp-json\/wp\/v2\/posts"}],"about":[{"href":"https:\/\/innoticiasbo.com\/index.php\/wp-json\/wp\/v2\/types\/post"}],"author":[{"embeddable":true,"href":"https:\/\/innoticiasbo.com\/index.php\/wp-json\/wp\/v2\/users\/6"}],"replies":[{"embeddable":true,"href":"https:\/\/innoticiasbo.com\/index.php\/wp-json\/wp\/v2\/comments?post=8545"}],"version-history":[{"count":1,"href":"https:\/\/innoticiasbo.com\/index.php\/wp-json\/wp\/v2\/posts\/8545\/revisions"}],"predecessor-version":[{"id":8546,"href":"https:\/\/innoticiasbo.com\/index.php\/wp-json\/wp\/v2\/posts\/8545\/revisions\/8546"}],"wp:featuredmedia":[{"embeddable":true,"href":"https:\/\/innoticiasbo.com\/index.php\/wp-json\/wp\/v2\/media\/8543"}],"wp:attachment":[{"href":"https:\/\/innoticiasbo.com\/index.php\/wp-json\/wp\/v2\/media?parent=8545"}],"wp:term":[{"taxonomy":"category","embeddable":true,"href":"https:\/\/innoticiasbo.com\/index.php\/wp-json\/wp\/v2\/categories?post=8545"},{"taxonomy":"post_tag","embeddable":true,"href":"https:\/\/innoticiasbo.com\/index.php\/wp-json\/wp\/v2\/tags?post=8545"}],"curies":[{"name":"wp","href":"https:\/\/api.w.org\/{rel}","templated":true}]}}